{"id":37393,"date":"2026-03-12T19:45:17","date_gmt":"2026-03-12T19:45:17","guid":{"rendered":"https:\/\/noti-america.com\/site\/ecuador\/?p=37393"},"modified":"2026-03-12T19:45:56","modified_gmt":"2026-03-12T19:45:56","slug":"37393","status":"publish","type":"post","link":"https:\/\/noti-america.com\/site\/ecuador\/2026\/03\/12\/37393\/","title":{"rendered":"Cadenas de electrodom\u00e9sticos se unen en la S\u00faper Feria Electroshow"},"content":{"rendered":"<p><strong>NOTI-AMERICA.COM | ECUADOR.<\/strong><\/p>\n<p style=\"text-align: justify\"><img loading=\"lazy\" decoding=\"async\" class=\"size-medium wp-image-37394 aligncenter\" src=\"https:\/\/noti-america.com\/site\/ecuador\/wp-content\/uploads\/sites\/18\/2026\/03\/IMG-20260312-WA0259-300x226.jpg\" alt=\"\" width=\"300\" height=\"226\" srcset=\"https:\/\/noti-america.com\/site\/ecuador\/wp-content\/uploads\/sites\/18\/2026\/03\/IMG-20260312-WA0259-300x226.jpg 300w, https:\/\/noti-america.com\/site\/ecuador\/wp-content\/uploads\/sites\/18\/2026\/03\/IMG-20260312-WA0259-1024x772.jpg 1024w, https:\/\/noti-america.com\/site\/ecuador\/wp-content\/uploads\/sites\/18\/2026\/03\/IMG-20260312-WA0259-768x579.jpg 768w, https:\/\/noti-america.com\/site\/ecuador\/wp-content\/uploads\/sites\/18\/2026\/03\/IMG-20260312-WA0259.jpg 1281w\" sizes=\"auto, (max-width: 300px) 100vw, 300px\" \/>Por primera vez en Ecuador, las principales cadenas de electrodom\u00e9sticos y tecnolog\u00eda del pa\u00eds participar\u00e1n juntas en un mismo espacio comercial durante la S\u00faper Feria Electroshow, organizada por ASADELEC. El evento se realizar\u00e1 del 25 al 29 de marzo de manera simult\u00e1nea en Expoplaza, en Guayaquil, y en el Centro de Exposiciones, en Quito, con la participaci\u00f3n de marcas como Artefacta, Comandato, Crecos, Jaher, La Ganga, Marcimex, Orve Hogar y Todo Hogar. La iniciativa busca ofrecer al p\u00fablico una experiencia de compra comparativa, con asesor\u00eda especializada y respaldo formal.<\/p>\n<p style=\"text-align: justify\">Uno de los principales atractivos de la feria ser\u00e1 la amplia oferta de televisores de \u00faltima generaci\u00f3n, producto que cobra especial protagonismo en un contexto marcado por la pasi\u00f3n futbolera. Los organizadores destacan que las nuevas pantallas ofrecer\u00e1n mayor definici\u00f3n, colores m\u00e1s vibrantes y mejor rendimiento en im\u00e1genes en movimiento, con el objetivo de mejorar la experiencia de entretenimiento en el hogar.<\/p>\n<p style=\"text-align: justify\">Adem\u00e1s de televisores, el evento reunir\u00e1 electrodom\u00e9sticos de l\u00ednea blanca y electro menor, tecnolog\u00eda m\u00f3vil y motocicletas, ampliando las opciones para el equipamiento del hogar y la movilidad. La feria tambi\u00e9n incluir\u00e1 espacios de entretenimiento, gastronom\u00eda y concursos para toda la familia, as\u00ed como un punto de recolecci\u00f3n de aparatos el\u00e9ctricos en desuso impulsado por Recicla Electronic, promoviendo pr\u00e1cticas de consumo responsable. La entrada ser\u00e1 gratuita.<\/p>\n","protected":false},"excerpt":{"rendered":"<p>NOTI-AMERICA.COM | ECUADOR. Por primera vez en Ecuador, las principales cadenas de electrodom\u00e9sticos y tecnolog\u00eda del pa\u00eds participar\u00e1n juntas en un mismo espacio comercial durante la S\u00faper Feria Electroshow, organizada por ASADELEC. El evento&#46;&#46;&#46;<\/p>\n","protected":false},"author":144,"featured_media":37394,"comment_status":"open","ping_status":"open","sticky":false,"template":"","format":"standard","meta":{"_acf_changed":false,"om_disable_all_campaigns":false,"rop_custom_images_group":[],"rop_custom_messages_group":[],"rop_publish_now":"initial","rop_publish_now_accounts":{"twitter_242054905_242054905":""},"rop_publish_now_history":[],"rop_publish_now_status":"pending","_uf_show_specific_survey":0,"_uf_disable_surveys":false,"footnotes":""},"categories":[1],"tags":[],"class_list":["post-37393","post","type-post","status-publish","format-standard","has-post-thumbnail","hentry","category-uncategorized"],"acf":[],"aioseo_notices":[],"yoast_head":"<!-- This site is optimized with the Yoast SEO Premium plugin v24.9 (Yoast SEO v27.2) - https:\/\/yoast.com\/product\/yoast-seo-premium-wordpress\/ -->\n<title>Cadenas de electrodom\u00e9sticos se unen en la S\u00faper Feria Electroshow - Ecuador | Noti-America.com<\/title>\n<meta name=\"robots\" content=\"index, follow, max-snippet:-1, max-image-preview:large, max-video-preview:-1\" \/>\n<link rel=\"canonical\" href=\"https:\/\/noti-america.com\/site\/ecuador\/2026\/03\/12\/37393\/\" \/>\n<meta property=\"og:locale\" content=\"es_ES\" \/>\n<meta property=\"og:type\" content=\"article\" \/>\n<meta property=\"og:title\" content=\"Cadenas de electrodom\u00e9sticos se unen en la S\u00faper Feria Electroshow\" \/>\n<meta property=\"og:description\" content=\"NOTI-AMERICA.COM | ECUADOR. Por primera vez en Ecuador, las principales cadenas de electrodom\u00e9sticos y tecnolog\u00eda del pa\u00eds participar\u00e1n juntas en un mismo espacio comercial durante la S\u00faper Feria Electroshow, organizada por ASADELEC. El evento&#046;&#046;&#046;\" \/>\n<meta property=\"og:url\" content=\"https:\/\/noti-america.com\/site\/ecuador\/2026\/03\/12\/37393\/\" \/>\n<meta property=\"og:site_name\" content=\"Ecuador | Noti-America.com\" \/>\n<meta property=\"article:published_time\" content=\"2026-03-12T19:45:17+00:00\" \/>\n<meta property=\"article:modified_time\" content=\"2026-03-12T19:45:56+00:00\" \/>\n<meta property=\"og:image\" content=\"https:\/\/noti-america.com\/site\/ecuador\/wp-content\/uploads\/sites\/18\/2026\/03\/IMG-20260312-WA0259.jpg\" \/>\n\t<meta property=\"og:image:width\" content=\"1281\" \/>\n\t<meta property=\"og:image:height\" content=\"966\" \/>\n\t<meta property=\"og:image:type\" content=\"image\/jpeg\" \/>\n<meta name=\"author\" content=\"Henry Garrido\" \/>\n<meta name=\"twitter:card\" content=\"summary_large_image\" \/>\n<meta name=\"twitter:creator\" content=\"@notiamerica\" \/>\n<meta name=\"twitter:site\" content=\"@notiamerica\" \/>\n<meta name=\"twitter:label1\" content=\"Escrito por\" \/>\n\t<meta name=\"twitter:data1\" content=\"Henry Garrido\" \/>\n\t<meta name=\"twitter:label2\" content=\"Tiempo estimado de lectura\" \/>\n\t<meta name=\"twitter:data2\" content=\"2 minutos\" \/>\n<script type=\"application\/ld+json\" class=\"yoast-schema-graph\">{\"@context\":\"https:\/\/schema.org\",\"@graph\":[{\"@type\":\"Article\",\"@id\":\"https:\/\/noti-america.com\/site\/ecuador\/2026\/03\/12\/37393\/#article\",\"isPartOf\":{\"@id\":\"https:\/\/noti-america.com\/site\/ecuador\/2026\/03\/12\/37393\/\"},\"author\":{\"name\":\"Henry Garrido\",\"@id\":\"https:\/\/noti-america.com\/site\/ecuador\/#\/schema\/person\/00042412cfa9ecf98077f847ffadda4a\"},\"headline\":\"Cadenas de electrodom\u00e9sticos se unen en la S\u00faper Feria Electroshow\",\"datePublished\":\"2026-03-12T19:45:17+00:00\",\"dateModified\":\"2026-03-12T19:45:56+00:00\",\"mainEntityOfPage\":{\"@id\":\"https:\/\/noti-america.com\/site\/ecuador\/2026\/03\/12\/37393\/\"},\"wordCount\":255,\"commentCount\":0,\"publisher\":{\"@id\":\"https:\/\/noti-america.com\/site\/ecuador\/#organization\"},\"image\":{\"@id\":\"https:\/\/noti-america.com\/site\/ecuador\/2026\/03\/12\/37393\/#primaryimage\"},\"thumbnailUrl\":\"https:\/\/noti-america.com\/site\/ecuador\/wp-content\/uploads\/sites\/18\/2026\/03\/IMG-20260312-WA0259.jpg\",\"articleSection\":[\"Uncategorized\"],\"inLanguage\":\"es\",\"potentialAction\":[{\"@type\":\"CommentAction\",\"name\":\"Comment\",\"target\":[\"https:\/\/noti-america.com\/site\/ecuador\/2026\/03\/12\/37393\/#respond\"]}]},{\"@type\":\"WebPage\",\"@id\":\"https:\/\/noti-america.com\/site\/ecuador\/2026\/03\/12\/37393\/\",\"url\":\"https:\/\/noti-america.com\/site\/ecuador\/2026\/03\/12\/37393\/\",\"name\":\"Cadenas de electrodom\u00e9sticos se unen en la S\u00faper Feria Electroshow - Ecuador | Noti-America.com\",\"isPartOf\":{\"@id\":\"https:\/\/noti-america.com\/site\/ecuador\/#website\"},\"primaryImageOfPage\":{\"@id\":\"https:\/\/noti-america.com\/site\/ecuador\/2026\/03\/12\/37393\/#primaryimage\"},\"image\":{\"@id\":\"https:\/\/noti-america.com\/site\/ecuador\/2026\/03\/12\/37393\/#primaryimage\"},\"thumbnailUrl\":\"https:\/\/noti-america.com\/site\/ecuador\/wp-content\/uploads\/sites\/18\/2026\/03\/IMG-20260312-WA0259.jpg\",\"datePublished\":\"2026-03-12T19:45:17+00:00\",\"dateModified\":\"2026-03-12T19:45:56+00:00\",\"breadcrumb\":{\"@id\":\"https:\/\/noti-america.com\/site\/ecuador\/2026\/03\/12\/37393\/#breadcrumb\"},\"inLanguage\":\"es\",\"potentialAction\":[{\"@type\":\"ReadAction\",\"target\":[\"https:\/\/noti-america.com\/site\/ecuador\/2026\/03\/12\/37393\/\"]}]},{\"@type\":\"ImageObject\",\"inLanguage\":\"es\",\"@id\":\"https:\/\/noti-america.com\/site\/ecuador\/2026\/03\/12\/37393\/#primaryimage\",\"url\":\"https:\/\/noti-america.com\/site\/ecuador\/wp-content\/uploads\/sites\/18\/2026\/03\/IMG-20260312-WA0259.jpg\",\"contentUrl\":\"https:\/\/noti-america.com\/site\/ecuador\/wp-content\/uploads\/sites\/18\/2026\/03\/IMG-20260312-WA0259.jpg\",\"width\":1281,\"height\":966},{\"@type\":\"BreadcrumbList\",\"@id\":\"https:\/\/noti-america.com\/site\/ecuador\/2026\/03\/12\/37393\/#breadcrumb\",\"itemListElement\":[{\"@type\":\"ListItem\",\"position\":1,\"name\":\"Portada\",\"item\":\"https:\/\/noti-america.com\/site\/ecuador\/\"},{\"@type\":\"ListItem\",\"position\":2,\"name\":\"Cadenas de electrodom\u00e9sticos se unen en la S\u00faper Feria Electroshow\"}]},{\"@type\":\"WebSite\",\"@id\":\"https:\/\/noti-america.com\/site\/ecuador\/#website\",\"url\":\"https:\/\/noti-america.com\/site\/ecuador\/\",\"name\":\"Ecuador | Noti-America.com\",\"description\":\"\",\"publisher\":{\"@id\":\"https:\/\/noti-america.com\/site\/ecuador\/#organization\"},\"potentialAction\":[{\"@type\":\"SearchAction\",\"target\":{\"@type\":\"EntryPoint\",\"urlTemplate\":\"https:\/\/noti-america.com\/site\/ecuador\/?s={search_term_string}\"},\"query-input\":{\"@type\":\"PropertyValueSpecification\",\"valueRequired\":true,\"valueName\":\"search_term_string\"}}],\"inLanguage\":\"es\"},{\"@type\":\"Organization\",\"@id\":\"https:\/\/noti-america.com\/site\/ecuador\/#organization\",\"name\":\"Noti-America LLC | Ecuador\",\"url\":\"https:\/\/noti-america.com\/site\/ecuador\/\",\"logo\":{\"@type\":\"ImageObject\",\"inLanguage\":\"es\",\"@id\":\"https:\/\/noti-america.com\/site\/ecuador\/#\/schema\/logo\/image\/\",\"url\":\"https:\/\/noti-america.com\/site\/ecuador\/wp-content\/uploads\/sites\/18\/2020\/07\/LogoNA-4x3-1.jpg\",\"contentUrl\":\"https:\/\/noti-america.com\/site\/ecuador\/wp-content\/uploads\/sites\/18\/2020\/07\/LogoNA-4x3-1.jpg\",\"width\":1236,\"height\":1080,\"caption\":\"Noti-America LLC | Ecuador\"},\"image\":{\"@id\":\"https:\/\/noti-america.com\/site\/ecuador\/#\/schema\/logo\/image\/\"},\"sameAs\":[\"https:\/\/x.com\/notiamerica\"]},{\"@type\":\"Person\",\"@id\":\"https:\/\/noti-america.com\/site\/ecuador\/#\/schema\/person\/00042412cfa9ecf98077f847ffadda4a\",\"name\":\"Henry Garrido\",\"image\":{\"@type\":\"ImageObject\",\"inLanguage\":\"es\",\"@id\":\"https:\/\/secure.gravatar.com\/avatar\/749ae5a1e6f22cf042f04b9f3f0a22732ae36970ccfd5c54a0a2ac3c4e1166ed?s=96&d=mm&r=g\",\"url\":\"https:\/\/secure.gravatar.com\/avatar\/749ae5a1e6f22cf042f04b9f3f0a22732ae36970ccfd5c54a0a2ac3c4e1166ed?s=96&d=mm&r=g\",\"contentUrl\":\"https:\/\/secure.gravatar.com\/avatar\/749ae5a1e6f22cf042f04b9f3f0a22732ae36970ccfd5c54a0a2ac3c4e1166ed?s=96&d=mm&r=g\",\"caption\":\"Henry Garrido\"},\"url\":\"https:\/\/noti-america.com\/site\/ecuador\/author\/hgarrido\/\"}]}<\/script>\n<!-- \/ Yoast SEO Premium plugin. -->","yoast_head_json":{"title":"Cadenas de electrodom\u00e9sticos se unen en la S\u00faper Feria Electroshow - Ecuador | Noti-America.com","robots":{"index":"index","follow":"follow","max-snippet":"max-snippet:-1","max-image-preview":"max-image-preview:large","max-video-preview":"max-video-preview:-1"},"canonical":"https:\/\/noti-america.com\/site\/ecuador\/2026\/03\/12\/37393\/","og_locale":"es_ES","og_type":"article","og_title":"Cadenas de electrodom\u00e9sticos se unen en la S\u00faper Feria Electroshow","og_description":"NOTI-AMERICA.COM | ECUADOR. Por primera vez en Ecuador, las principales cadenas de electrodom\u00e9sticos y tecnolog\u00eda del pa\u00eds participar\u00e1n juntas en un mismo espacio comercial durante la S\u00faper Feria Electroshow, organizada por ASADELEC. El evento&#46;&#46;&#46;","og_url":"https:\/\/noti-america.com\/site\/ecuador\/2026\/03\/12\/37393\/","og_site_name":"Ecuador | Noti-America.com","article_published_time":"2026-03-12T19:45:17+00:00","article_modified_time":"2026-03-12T19:45:56+00:00","og_image":[{"width":1281,"height":966,"url":"https:\/\/noti-america.com\/site\/ecuador\/wp-content\/uploads\/sites\/18\/2026\/03\/IMG-20260312-WA0259.jpg","type":"image\/jpeg"}],"author":"Henry Garrido","twitter_card":"summary_large_image","twitter_creator":"@notiamerica","twitter_site":"@notiamerica","twitter_misc":{"Escrito por":"Henry Garrido","Tiempo estimado de lectura":"2 minutos"},"schema":{"@context":"https:\/\/schema.org","@graph":[{"@type":"Article","@id":"https:\/\/noti-america.com\/site\/ecuador\/2026\/03\/12\/37393\/#article","isPartOf":{"@id":"https:\/\/noti-america.com\/site\/ecuador\/2026\/03\/12\/37393\/"},"author":{"name":"Henry Garrido","@id":"https:\/\/noti-america.com\/site\/ecuador\/#\/schema\/person\/00042412cfa9ecf98077f847ffadda4a"},"headline":"Cadenas de electrodom\u00e9sticos se unen en la S\u00faper Feria Electroshow","datePublished":"2026-03-12T19:45:17+00:00","dateModified":"2026-03-12T19:45:56+00:00","mainEntityOfPage":{"@id":"https:\/\/noti-america.com\/site\/ecuador\/2026\/03\/12\/37393\/"},"wordCount":255,"commentCount":0,"publisher":{"@id":"https:\/\/noti-america.com\/site\/ecuador\/#organization"},"image":{"@id":"https:\/\/noti-america.com\/site\/ecuador\/2026\/03\/12\/37393\/#primaryimage"},"thumbnailUrl":"https:\/\/noti-america.com\/site\/ecuador\/wp-content\/uploads\/sites\/18\/2026\/03\/IMG-20260312-WA0259.jpg","articleSection":["Uncategorized"],"inLanguage":"es","potentialAction":[{"@type":"CommentAction","name":"Comment","target":["https:\/\/noti-america.com\/site\/ecuador\/2026\/03\/12\/37393\/#respond"]}]},{"@type":"WebPage","@id":"https:\/\/noti-america.com\/site\/ecuador\/2026\/03\/12\/37393\/","url":"https:\/\/noti-america.com\/site\/ecuador\/2026\/03\/12\/37393\/","name":"Cadenas de electrodom\u00e9sticos se unen en la S\u00faper Feria Electroshow - Ecuador | Noti-America.com","isPartOf":{"@id":"https:\/\/noti-america.com\/site\/ecuador\/#website"},"primaryImageOfPage":{"@id":"https:\/\/noti-america.com\/site\/ecuador\/2026\/03\/12\/37393\/#primaryimage"},"image":{"@id":"https:\/\/noti-america.com\/site\/ecuador\/2026\/03\/12\/37393\/#primaryimage"},"thumbnailUrl":"https:\/\/noti-america.com\/site\/ecuador\/wp-content\/uploads\/sites\/18\/2026\/03\/IMG-20260312-WA0259.jpg","datePublished":"2026-03-12T19:45:17+00:00","dateModified":"2026-03-12T19:45:56+00:00","breadcrumb":{"@id":"https:\/\/noti-america.com\/site\/ecuador\/2026\/03\/12\/37393\/#breadcrumb"},"inLanguage":"es","potentialAction":[{"@type":"ReadAction","target":["https:\/\/noti-america.com\/site\/ecuador\/2026\/03\/12\/37393\/"]}]},{"@type":"ImageObject","inLanguage":"es","@id":"https:\/\/noti-america.com\/site\/ecuador\/2026\/03\/12\/37393\/#primaryimage","url":"https:\/\/noti-america.com\/site\/ecuador\/wp-content\/uploads\/sites\/18\/2026\/03\/IMG-20260312-WA0259.jpg","contentUrl":"https:\/\/noti-america.com\/site\/ecuador\/wp-content\/uploads\/sites\/18\/2026\/03\/IMG-20260312-WA0259.jpg","width":1281,"height":966},{"@type":"BreadcrumbList","@id":"https:\/\/noti-america.com\/site\/ecuador\/2026\/03\/12\/37393\/#breadcrumb","itemListElement":[{"@type":"ListItem","position":1,"name":"Portada","item":"https:\/\/noti-america.com\/site\/ecuador\/"},{"@type":"ListItem","position":2,"name":"Cadenas de electrodom\u00e9sticos se unen en la S\u00faper Feria Electroshow"}]},{"@type":"WebSite","@id":"https:\/\/noti-america.com\/site\/ecuador\/#website","url":"https:\/\/noti-america.com\/site\/ecuador\/","name":"Ecuador | Noti-America.com","description":"","publisher":{"@id":"https:\/\/noti-america.com\/site\/ecuador\/#organization"},"potentialAction":[{"@type":"SearchAction","target":{"@type":"EntryPoint","urlTemplate":"https:\/\/noti-america.com\/site\/ecuador\/?s={search_term_string}"},"query-input":{"@type":"PropertyValueSpecification","valueRequired":true,"valueName":"search_term_string"}}],"inLanguage":"es"},{"@type":"Organization","@id":"https:\/\/noti-america.com\/site\/ecuador\/#organization","name":"Noti-America LLC | Ecuador","url":"https:\/\/noti-america.com\/site\/ecuador\/","logo":{"@type":"ImageObject","inLanguage":"es","@id":"https:\/\/noti-america.com\/site\/ecuador\/#\/schema\/logo\/image\/","url":"https:\/\/noti-america.com\/site\/ecuador\/wp-content\/uploads\/sites\/18\/2020\/07\/LogoNA-4x3-1.jpg","contentUrl":"https:\/\/noti-america.com\/site\/ecuador\/wp-content\/uploads\/sites\/18\/2020\/07\/LogoNA-4x3-1.jpg","width":1236,"height":1080,"caption":"Noti-America LLC | Ecuador"},"image":{"@id":"https:\/\/noti-america.com\/site\/ecuador\/#\/schema\/logo\/image\/"},"sameAs":["https:\/\/x.com\/notiamerica"]},{"@type":"Person","@id":"https:\/\/noti-america.com\/site\/ecuador\/#\/schema\/person\/00042412cfa9ecf98077f847ffadda4a","name":"Henry Garrido","image":{"@type":"ImageObject","inLanguage":"es","@id":"https:\/\/secure.gravatar.com\/avatar\/749ae5a1e6f22cf042f04b9f3f0a22732ae36970ccfd5c54a0a2ac3c4e1166ed?s=96&d=mm&r=g","url":"https:\/\/secure.gravatar.com\/avatar\/749ae5a1e6f22cf042f04b9f3f0a22732ae36970ccfd5c54a0a2ac3c4e1166ed?s=96&d=mm&r=g","contentUrl":"https:\/\/secure.gravatar.com\/avatar\/749ae5a1e6f22cf042f04b9f3f0a22732ae36970ccfd5c54a0a2ac3c4e1166ed?s=96&d=mm&r=g","caption":"Henry Garrido"},"url":"https:\/\/noti-america.com\/site\/ecuador\/author\/hgarrido\/"}]}},"_links":{"self":[{"href":"https:\/\/noti-america.com\/site\/ecuador\/wp-json\/wp\/v2\/posts\/37393","targetHints":{"allow":["GET"]}}],"collection":[{"href":"https:\/\/noti-america.com\/site\/ecuador\/wp-json\/wp\/v2\/posts"}],"about":[{"href":"https:\/\/noti-america.com\/site\/ecuador\/wp-json\/wp\/v2\/types\/post"}],"author":[{"embeddable":true,"href":"https:\/\/noti-america.com\/site\/ecuador\/wp-json\/wp\/v2\/users\/144"}],"replies":[{"embeddable":true,"href":"https:\/\/noti-america.com\/site\/ecuador\/wp-json\/wp\/v2\/comments?post=37393"}],"version-history":[{"count":2,"href":"https:\/\/noti-america.com\/site\/ecuador\/wp-json\/wp\/v2\/posts\/37393\/revisions"}],"predecessor-version":[{"id":37396,"href":"https:\/\/noti-america.com\/site\/ecuador\/wp-json\/wp\/v2\/posts\/37393\/revisions\/37396"}],"wp:featuredmedia":[{"embeddable":true,"href":"https:\/\/noti-america.com\/site\/ecuador\/wp-json\/wp\/v2\/media\/37394"}],"wp:attachment":[{"href":"https:\/\/noti-america.com\/site\/ecuador\/wp-json\/wp\/v2\/media?parent=37393"}],"wp:term":[{"taxonomy":"category","embeddable":true,"href":"https:\/\/noti-america.com\/site\/ecuador\/wp-json\/wp\/v2\/categories?post=37393"},{"taxonomy":"post_tag","embeddable":true,"href":"https:\/\/noti-america.com\/site\/ecuador\/wp-json\/wp\/v2\/tags?post=37393"}],"curies":[{"name":"wp","href":"https:\/\/api.w.org\/{rel}","templated":true}]}}