{"id":37278,"date":"2026-03-05T15:34:49","date_gmt":"2026-03-05T15:34:49","guid":{"rendered":"https:\/\/noti-america.com\/site\/ecuador\/?p=37278"},"modified":"2026-03-05T15:34:49","modified_gmt":"2026-03-05T15:34:49","slug":"stellantis-lanza-en-ecuador-el-fiat-600-hybrid-y-jeep-avenger","status":"publish","type":"post","link":"https:\/\/noti-america.com\/site\/ecuador\/2026\/03\/05\/stellantis-lanza-en-ecuador-el-fiat-600-hybrid-y-jeep-avenger\/","title":{"rendered":"Stellantis lanza en Ecuador el FIAT 600 Hybrid y Jeep Avenger"},"content":{"rendered":"<p><strong>NOTI-AMERICA.COM | ECUADOR.<\/strong><\/p>\n<p style=\"text-align: justify\"><img loading=\"lazy\" decoding=\"async\" class=\"size-medium wp-image-37279 aligncenter\" src=\"https:\/\/noti-america.com\/site\/ecuador\/wp-content\/uploads\/sites\/18\/2026\/03\/IMG-20260305-WA0129-300x200.jpg\" alt=\"\" width=\"300\" height=\"200\" srcset=\"https:\/\/noti-america.com\/site\/ecuador\/wp-content\/uploads\/sites\/18\/2026\/03\/IMG-20260305-WA0129-300x200.jpg 300w, https:\/\/noti-america.com\/site\/ecuador\/wp-content\/uploads\/sites\/18\/2026\/03\/IMG-20260305-WA0129-1024x682.jpg 1024w, https:\/\/noti-america.com\/site\/ecuador\/wp-content\/uploads\/sites\/18\/2026\/03\/IMG-20260305-WA0129-768x512.jpg 768w, https:\/\/noti-america.com\/site\/ecuador\/wp-content\/uploads\/sites\/18\/2026\/03\/IMG-20260305-WA0129-1536x1023.jpg 1536w, https:\/\/noti-america.com\/site\/ecuador\/wp-content\/uploads\/sites\/18\/2026\/03\/IMG-20260305-WA0129-272x182.jpg 272w, https:\/\/noti-america.com\/site\/ecuador\/wp-content\/uploads\/sites\/18\/2026\/03\/IMG-20260305-WA0129.jpg 1600w\" sizes=\"auto, (max-width: 300px) 100vw, 300px\" \/>Las marcas FIAT y Jeep, del grupo Stellantis, anunciaron la llegada a Ecuador del FIAT 600 Hybrid y el nuevo Jeep Avenger, como parte de su estrategia regional para ampliar la oferta de veh\u00edculos h\u00edbridos en Latinoam\u00e9rica. Ambos modelos ser\u00e1n comercializados en el pa\u00eds por Corporaci\u00f3n Maresa, fortaleciendo su presencia en el segmento SUV compacto.<\/p>\n<p style=\"text-align: justify\">El FIAT 600 Hybrid incorpora un motor 1.2 turbo h\u00edbrido de 143 caballos de fuerza y 235 Nm de torque, con un rendimiento estimado de hasta 75 kil\u00f3metros por gal\u00f3n. Incluye sistemas de asistencia como frenado autom\u00e1tico de emergencia, mantenimiento de carril, c\u00e1mara panor\u00e1mica y conectividad inal\u00e1mbrica. Por su parte, el Jeep Avenger, considerado el modelo de entrada a la marca, equipa un motor h\u00edbrido 1.2 turbo de 100 caballos y 255 Nm de torque, adem\u00e1s de control crucero adaptativo y techo panor\u00e1mico.<\/p>\n<p style=\"text-align: justify\">Seg\u00fan Stellantis, estos lanzamientos se enmarcan en una inversi\u00f3n regional de 6.000 millones de d\u00f3lares destinada al desarrollo de tecnolog\u00edas orientadas a la descarbonizaci\u00f3n y movilidad sostenible. En Ecuador, la incorporaci\u00f3n de ambos modelos apunta a incrementar el volumen proyectado de ventas y consolidar la apuesta del grupo por el mercado local.<\/p>\n","protected":false},"excerpt":{"rendered":"<p>NOTI-AMERICA.COM | ECUADOR. Las marcas FIAT y Jeep, del grupo Stellantis, anunciaron la llegada a Ecuador del FIAT 600 Hybrid y el nuevo Jeep Avenger, como parte de su estrategia regional para ampliar la&#46;&#46;&#46;<\/p>\n","protected":false},"author":144,"featured_media":37279,"comment_status":"open","ping_status":"open","sticky":false,"template":"","format":"standard","meta":{"_acf_changed":false,"om_disable_all_campaigns":false,"rop_custom_images_group":[],"rop_custom_messages_group":[],"rop_publish_now":"initial","rop_publish_now_accounts":{"twitter_242054905_242054905":""},"rop_publish_now_history":[],"rop_publish_now_status":"pending","_uf_show_specific_survey":0,"_uf_disable_surveys":false,"footnotes":""},"categories":[1],"tags":[],"class_list":["post-37278","post","type-post","status-publish","format-standard","has-post-thumbnail","hentry","category-uncategorized"],"acf":[],"aioseo_notices":[],"yoast_head":"<!-- This site is optimized with the Yoast SEO Premium plugin v24.9 (Yoast SEO v27.2) - https:\/\/yoast.com\/product\/yoast-seo-premium-wordpress\/ -->\n<title>Stellantis lanza en Ecuador el FIAT 600 Hybrid y Jeep Avenger - Ecuador | Noti-America.com<\/title>\n<meta name=\"robots\" content=\"index, follow, max-snippet:-1, max-image-preview:large, max-video-preview:-1\" \/>\n<link rel=\"canonical\" href=\"https:\/\/noti-america.com\/site\/ecuador\/2026\/03\/05\/stellantis-lanza-en-ecuador-el-fiat-600-hybrid-y-jeep-avenger\/\" \/>\n<meta property=\"og:locale\" content=\"es_ES\" \/>\n<meta property=\"og:type\" content=\"article\" \/>\n<meta property=\"og:title\" content=\"Stellantis lanza en Ecuador el FIAT 600 Hybrid y Jeep Avenger\" \/>\n<meta property=\"og:description\" content=\"NOTI-AMERICA.COM | ECUADOR. Las marcas FIAT y Jeep, del grupo Stellantis, anunciaron la llegada a Ecuador del FIAT 600 Hybrid y el nuevo Jeep Avenger, como parte de su estrategia regional para ampliar la&#046;&#046;&#046;\" \/>\n<meta property=\"og:url\" content=\"https:\/\/noti-america.com\/site\/ecuador\/2026\/03\/05\/stellantis-lanza-en-ecuador-el-fiat-600-hybrid-y-jeep-avenger\/\" \/>\n<meta property=\"og:site_name\" content=\"Ecuador | Noti-America.com\" \/>\n<meta property=\"article:published_time\" content=\"2026-03-05T15:34:49+00:00\" \/>\n<meta property=\"og:image\" content=\"https:\/\/noti-america.com\/site\/ecuador\/wp-content\/uploads\/sites\/18\/2026\/03\/IMG-20260305-WA0129.jpg\" \/>\n\t<meta property=\"og:image:width\" content=\"1600\" \/>\n\t<meta property=\"og:image:height\" content=\"1066\" \/>\n\t<meta property=\"og:image:type\" content=\"image\/jpeg\" \/>\n<meta name=\"author\" content=\"Henry Garrido\" \/>\n<meta name=\"twitter:card\" content=\"summary_large_image\" \/>\n<meta name=\"twitter:creator\" content=\"@notiamerica\" \/>\n<meta name=\"twitter:site\" content=\"@notiamerica\" \/>\n<meta name=\"twitter:label1\" content=\"Escrito por\" \/>\n\t<meta name=\"twitter:data1\" content=\"Henry Garrido\" \/>\n\t<meta name=\"twitter:label2\" content=\"Tiempo estimado de lectura\" \/>\n\t<meta name=\"twitter:data2\" content=\"2 minutos\" \/>\n<script type=\"application\/ld+json\" class=\"yoast-schema-graph\">{\"@context\":\"https:\/\/schema.org\",\"@graph\":[{\"@type\":\"Article\",\"@id\":\"https:\/\/noti-america.com\/site\/ecuador\/2026\/03\/05\/stellantis-lanza-en-ecuador-el-fiat-600-hybrid-y-jeep-avenger\/#article\",\"isPartOf\":{\"@id\":\"https:\/\/noti-america.com\/site\/ecuador\/2026\/03\/05\/stellantis-lanza-en-ecuador-el-fiat-600-hybrid-y-jeep-avenger\/\"},\"author\":{\"name\":\"Henry Garrido\",\"@id\":\"https:\/\/noti-america.com\/site\/ecuador\/#\/schema\/person\/00042412cfa9ecf98077f847ffadda4a\"},\"headline\":\"Stellantis lanza en Ecuador el FIAT 600 Hybrid y Jeep Avenger\",\"datePublished\":\"2026-03-05T15:34:49+00:00\",\"mainEntityOfPage\":{\"@id\":\"https:\/\/noti-america.com\/site\/ecuador\/2026\/03\/05\/stellantis-lanza-en-ecuador-el-fiat-600-hybrid-y-jeep-avenger\/\"},\"wordCount\":215,\"commentCount\":0,\"publisher\":{\"@id\":\"https:\/\/noti-america.com\/site\/ecuador\/#organization\"},\"image\":{\"@id\":\"https:\/\/noti-america.com\/site\/ecuador\/2026\/03\/05\/stellantis-lanza-en-ecuador-el-fiat-600-hybrid-y-jeep-avenger\/#primaryimage\"},\"thumbnailUrl\":\"https:\/\/noti-america.com\/site\/ecuador\/wp-content\/uploads\/sites\/18\/2026\/03\/IMG-20260305-WA0129.jpg\",\"articleSection\":[\"Uncategorized\"],\"inLanguage\":\"es\",\"potentialAction\":[{\"@type\":\"CommentAction\",\"name\":\"Comment\",\"target\":[\"https:\/\/noti-america.com\/site\/ecuador\/2026\/03\/05\/stellantis-lanza-en-ecuador-el-fiat-600-hybrid-y-jeep-avenger\/#respond\"]}]},{\"@type\":\"WebPage\",\"@id\":\"https:\/\/noti-america.com\/site\/ecuador\/2026\/03\/05\/stellantis-lanza-en-ecuador-el-fiat-600-hybrid-y-jeep-avenger\/\",\"url\":\"https:\/\/noti-america.com\/site\/ecuador\/2026\/03\/05\/stellantis-lanza-en-ecuador-el-fiat-600-hybrid-y-jeep-avenger\/\",\"name\":\"Stellantis lanza en Ecuador el FIAT 600 Hybrid y Jeep Avenger - Ecuador | Noti-America.com\",\"isPartOf\":{\"@id\":\"https:\/\/noti-america.com\/site\/ecuador\/#website\"},\"primaryImageOfPage\":{\"@id\":\"https:\/\/noti-america.com\/site\/ecuador\/2026\/03\/05\/stellantis-lanza-en-ecuador-el-fiat-600-hybrid-y-jeep-avenger\/#primaryimage\"},\"image\":{\"@id\":\"https:\/\/noti-america.com\/site\/ecuador\/2026\/03\/05\/stellantis-lanza-en-ecuador-el-fiat-600-hybrid-y-jeep-avenger\/#primaryimage\"},\"thumbnailUrl\":\"https:\/\/noti-america.com\/site\/ecuador\/wp-content\/uploads\/sites\/18\/2026\/03\/IMG-20260305-WA0129.jpg\",\"datePublished\":\"2026-03-05T15:34:49+00:00\",\"breadcrumb\":{\"@id\":\"https:\/\/noti-america.com\/site\/ecuador\/2026\/03\/05\/stellantis-lanza-en-ecuador-el-fiat-600-hybrid-y-jeep-avenger\/#breadcrumb\"},\"inLanguage\":\"es\",\"potentialAction\":[{\"@type\":\"ReadAction\",\"target\":[\"https:\/\/noti-america.com\/site\/ecuador\/2026\/03\/05\/stellantis-lanza-en-ecuador-el-fiat-600-hybrid-y-jeep-avenger\/\"]}]},{\"@type\":\"ImageObject\",\"inLanguage\":\"es\",\"@id\":\"https:\/\/noti-america.com\/site\/ecuador\/2026\/03\/05\/stellantis-lanza-en-ecuador-el-fiat-600-hybrid-y-jeep-avenger\/#primaryimage\",\"url\":\"https:\/\/noti-america.com\/site\/ecuador\/wp-content\/uploads\/sites\/18\/2026\/03\/IMG-20260305-WA0129.jpg\",\"contentUrl\":\"https:\/\/noti-america.com\/site\/ecuador\/wp-content\/uploads\/sites\/18\/2026\/03\/IMG-20260305-WA0129.jpg\",\"width\":1600,\"height\":1066},{\"@type\":\"BreadcrumbList\",\"@id\":\"https:\/\/noti-america.com\/site\/ecuador\/2026\/03\/05\/stellantis-lanza-en-ecuador-el-fiat-600-hybrid-y-jeep-avenger\/#breadcrumb\",\"itemListElement\":[{\"@type\":\"ListItem\",\"position\":1,\"name\":\"Portada\",\"item\":\"https:\/\/noti-america.com\/site\/ecuador\/\"},{\"@type\":\"ListItem\",\"position\":2,\"name\":\"Stellantis lanza en Ecuador el FIAT 600 Hybrid y Jeep Avenger\"}]},{\"@type\":\"WebSite\",\"@id\":\"https:\/\/noti-america.com\/site\/ecuador\/#website\",\"url\":\"https:\/\/noti-america.com\/site\/ecuador\/\",\"name\":\"Ecuador | Noti-America.com\",\"description\":\"\",\"publisher\":{\"@id\":\"https:\/\/noti-america.com\/site\/ecuador\/#organization\"},\"potentialAction\":[{\"@type\":\"SearchAction\",\"target\":{\"@type\":\"EntryPoint\",\"urlTemplate\":\"https:\/\/noti-america.com\/site\/ecuador\/?s={search_term_string}\"},\"query-input\":{\"@type\":\"PropertyValueSpecification\",\"valueRequired\":true,\"valueName\":\"search_term_string\"}}],\"inLanguage\":\"es\"},{\"@type\":\"Organization\",\"@id\":\"https:\/\/noti-america.com\/site\/ecuador\/#organization\",\"name\":\"Noti-America LLC | Ecuador\",\"url\":\"https:\/\/noti-america.com\/site\/ecuador\/\",\"logo\":{\"@type\":\"ImageObject\",\"inLanguage\":\"es\",\"@id\":\"https:\/\/noti-america.com\/site\/ecuador\/#\/schema\/logo\/image\/\",\"url\":\"https:\/\/noti-america.com\/site\/ecuador\/wp-content\/uploads\/sites\/18\/2020\/07\/LogoNA-4x3-1.jpg\",\"contentUrl\":\"https:\/\/noti-america.com\/site\/ecuador\/wp-content\/uploads\/sites\/18\/2020\/07\/LogoNA-4x3-1.jpg\",\"width\":1236,\"height\":1080,\"caption\":\"Noti-America LLC | Ecuador\"},\"image\":{\"@id\":\"https:\/\/noti-america.com\/site\/ecuador\/#\/schema\/logo\/image\/\"},\"sameAs\":[\"https:\/\/x.com\/notiamerica\"]},{\"@type\":\"Person\",\"@id\":\"https:\/\/noti-america.com\/site\/ecuador\/#\/schema\/person\/00042412cfa9ecf98077f847ffadda4a\",\"name\":\"Henry Garrido\",\"image\":{\"@type\":\"ImageObject\",\"inLanguage\":\"es\",\"@id\":\"https:\/\/secure.gravatar.com\/avatar\/749ae5a1e6f22cf042f04b9f3f0a22732ae36970ccfd5c54a0a2ac3c4e1166ed?s=96&d=mm&r=g\",\"url\":\"https:\/\/secure.gravatar.com\/avatar\/749ae5a1e6f22cf042f04b9f3f0a22732ae36970ccfd5c54a0a2ac3c4e1166ed?s=96&d=mm&r=g\",\"contentUrl\":\"https:\/\/secure.gravatar.com\/avatar\/749ae5a1e6f22cf042f04b9f3f0a22732ae36970ccfd5c54a0a2ac3c4e1166ed?s=96&d=mm&r=g\",\"caption\":\"Henry Garrido\"},\"url\":\"https:\/\/noti-america.com\/site\/ecuador\/author\/hgarrido\/\"}]}<\/script>\n<!-- \/ Yoast SEO Premium plugin. -->","yoast_head_json":{"title":"Stellantis lanza en Ecuador el FIAT 600 Hybrid y Jeep Avenger - Ecuador | Noti-America.com","robots":{"index":"index","follow":"follow","max-snippet":"max-snippet:-1","max-image-preview":"max-image-preview:large","max-video-preview":"max-video-preview:-1"},"canonical":"https:\/\/noti-america.com\/site\/ecuador\/2026\/03\/05\/stellantis-lanza-en-ecuador-el-fiat-600-hybrid-y-jeep-avenger\/","og_locale":"es_ES","og_type":"article","og_title":"Stellantis lanza en Ecuador el FIAT 600 Hybrid y Jeep Avenger","og_description":"NOTI-AMERICA.COM | ECUADOR. Las marcas FIAT y Jeep, del grupo Stellantis, anunciaron la llegada a Ecuador del FIAT 600 Hybrid y el nuevo Jeep Avenger, como parte de su estrategia regional para ampliar la&#46;&#46;&#46;","og_url":"https:\/\/noti-america.com\/site\/ecuador\/2026\/03\/05\/stellantis-lanza-en-ecuador-el-fiat-600-hybrid-y-jeep-avenger\/","og_site_name":"Ecuador | Noti-America.com","article_published_time":"2026-03-05T15:34:49+00:00","og_image":[{"width":1600,"height":1066,"url":"https:\/\/noti-america.com\/site\/ecuador\/wp-content\/uploads\/sites\/18\/2026\/03\/IMG-20260305-WA0129.jpg","type":"image\/jpeg"}],"author":"Henry Garrido","twitter_card":"summary_large_image","twitter_creator":"@notiamerica","twitter_site":"@notiamerica","twitter_misc":{"Escrito por":"Henry Garrido","Tiempo estimado de lectura":"2 minutos"},"schema":{"@context":"https:\/\/schema.org","@graph":[{"@type":"Article","@id":"https:\/\/noti-america.com\/site\/ecuador\/2026\/03\/05\/stellantis-lanza-en-ecuador-el-fiat-600-hybrid-y-jeep-avenger\/#article","isPartOf":{"@id":"https:\/\/noti-america.com\/site\/ecuador\/2026\/03\/05\/stellantis-lanza-en-ecuador-el-fiat-600-hybrid-y-jeep-avenger\/"},"author":{"name":"Henry Garrido","@id":"https:\/\/noti-america.com\/site\/ecuador\/#\/schema\/person\/00042412cfa9ecf98077f847ffadda4a"},"headline":"Stellantis lanza en Ecuador el FIAT 600 Hybrid y Jeep Avenger","datePublished":"2026-03-05T15:34:49+00:00","mainEntityOfPage":{"@id":"https:\/\/noti-america.com\/site\/ecuador\/2026\/03\/05\/stellantis-lanza-en-ecuador-el-fiat-600-hybrid-y-jeep-avenger\/"},"wordCount":215,"commentCount":0,"publisher":{"@id":"https:\/\/noti-america.com\/site\/ecuador\/#organization"},"image":{"@id":"https:\/\/noti-america.com\/site\/ecuador\/2026\/03\/05\/stellantis-lanza-en-ecuador-el-fiat-600-hybrid-y-jeep-avenger\/#primaryimage"},"thumbnailUrl":"https:\/\/noti-america.com\/site\/ecuador\/wp-content\/uploads\/sites\/18\/2026\/03\/IMG-20260305-WA0129.jpg","articleSection":["Uncategorized"],"inLanguage":"es","potentialAction":[{"@type":"CommentAction","name":"Comment","target":["https:\/\/noti-america.com\/site\/ecuador\/2026\/03\/05\/stellantis-lanza-en-ecuador-el-fiat-600-hybrid-y-jeep-avenger\/#respond"]}]},{"@type":"WebPage","@id":"https:\/\/noti-america.com\/site\/ecuador\/2026\/03\/05\/stellantis-lanza-en-ecuador-el-fiat-600-hybrid-y-jeep-avenger\/","url":"https:\/\/noti-america.com\/site\/ecuador\/2026\/03\/05\/stellantis-lanza-en-ecuador-el-fiat-600-hybrid-y-jeep-avenger\/","name":"Stellantis lanza en Ecuador el FIAT 600 Hybrid y Jeep Avenger - Ecuador | Noti-America.com","isPartOf":{"@id":"https:\/\/noti-america.com\/site\/ecuador\/#website"},"primaryImageOfPage":{"@id":"https:\/\/noti-america.com\/site\/ecuador\/2026\/03\/05\/stellantis-lanza-en-ecuador-el-fiat-600-hybrid-y-jeep-avenger\/#primaryimage"},"image":{"@id":"https:\/\/noti-america.com\/site\/ecuador\/2026\/03\/05\/stellantis-lanza-en-ecuador-el-fiat-600-hybrid-y-jeep-avenger\/#primaryimage"},"thumbnailUrl":"https:\/\/noti-america.com\/site\/ecuador\/wp-content\/uploads\/sites\/18\/2026\/03\/IMG-20260305-WA0129.jpg","datePublished":"2026-03-05T15:34:49+00:00","breadcrumb":{"@id":"https:\/\/noti-america.com\/site\/ecuador\/2026\/03\/05\/stellantis-lanza-en-ecuador-el-fiat-600-hybrid-y-jeep-avenger\/#breadcrumb"},"inLanguage":"es","potentialAction":[{"@type":"ReadAction","target":["https:\/\/noti-america.com\/site\/ecuador\/2026\/03\/05\/stellantis-lanza-en-ecuador-el-fiat-600-hybrid-y-jeep-avenger\/"]}]},{"@type":"ImageObject","inLanguage":"es","@id":"https:\/\/noti-america.com\/site\/ecuador\/2026\/03\/05\/stellantis-lanza-en-ecuador-el-fiat-600-hybrid-y-jeep-avenger\/#primaryimage","url":"https:\/\/noti-america.com\/site\/ecuador\/wp-content\/uploads\/sites\/18\/2026\/03\/IMG-20260305-WA0129.jpg","contentUrl":"https:\/\/noti-america.com\/site\/ecuador\/wp-content\/uploads\/sites\/18\/2026\/03\/IMG-20260305-WA0129.jpg","width":1600,"height":1066},{"@type":"BreadcrumbList","@id":"https:\/\/noti-america.com\/site\/ecuador\/2026\/03\/05\/stellantis-lanza-en-ecuador-el-fiat-600-hybrid-y-jeep-avenger\/#breadcrumb","itemListElement":[{"@type":"ListItem","position":1,"name":"Portada","item":"https:\/\/noti-america.com\/site\/ecuador\/"},{"@type":"ListItem","position":2,"name":"Stellantis lanza en Ecuador el FIAT 600 Hybrid y Jeep Avenger"}]},{"@type":"WebSite","@id":"https:\/\/noti-america.com\/site\/ecuador\/#website","url":"https:\/\/noti-america.com\/site\/ecuador\/","name":"Ecuador | Noti-America.com","description":"","publisher":{"@id":"https:\/\/noti-america.com\/site\/ecuador\/#organization"},"potentialAction":[{"@type":"SearchAction","target":{"@type":"EntryPoint","urlTemplate":"https:\/\/noti-america.com\/site\/ecuador\/?s={search_term_string}"},"query-input":{"@type":"PropertyValueSpecification","valueRequired":true,"valueName":"search_term_string"}}],"inLanguage":"es"},{"@type":"Organization","@id":"https:\/\/noti-america.com\/site\/ecuador\/#organization","name":"Noti-America LLC | Ecuador","url":"https:\/\/noti-america.com\/site\/ecuador\/","logo":{"@type":"ImageObject","inLanguage":"es","@id":"https:\/\/noti-america.com\/site\/ecuador\/#\/schema\/logo\/image\/","url":"https:\/\/noti-america.com\/site\/ecuador\/wp-content\/uploads\/sites\/18\/2020\/07\/LogoNA-4x3-1.jpg","contentUrl":"https:\/\/noti-america.com\/site\/ecuador\/wp-content\/uploads\/sites\/18\/2020\/07\/LogoNA-4x3-1.jpg","width":1236,"height":1080,"caption":"Noti-America LLC | Ecuador"},"image":{"@id":"https:\/\/noti-america.com\/site\/ecuador\/#\/schema\/logo\/image\/"},"sameAs":["https:\/\/x.com\/notiamerica"]},{"@type":"Person","@id":"https:\/\/noti-america.com\/site\/ecuador\/#\/schema\/person\/00042412cfa9ecf98077f847ffadda4a","name":"Henry Garrido","image":{"@type":"ImageObject","inLanguage":"es","@id":"https:\/\/secure.gravatar.com\/avatar\/749ae5a1e6f22cf042f04b9f3f0a22732ae36970ccfd5c54a0a2ac3c4e1166ed?s=96&d=mm&r=g","url":"https:\/\/secure.gravatar.com\/avatar\/749ae5a1e6f22cf042f04b9f3f0a22732ae36970ccfd5c54a0a2ac3c4e1166ed?s=96&d=mm&r=g","contentUrl":"https:\/\/secure.gravatar.com\/avatar\/749ae5a1e6f22cf042f04b9f3f0a22732ae36970ccfd5c54a0a2ac3c4e1166ed?s=96&d=mm&r=g","caption":"Henry Garrido"},"url":"https:\/\/noti-america.com\/site\/ecuador\/author\/hgarrido\/"}]}},"_links":{"self":[{"href":"https:\/\/noti-america.com\/site\/ecuador\/wp-json\/wp\/v2\/posts\/37278","targetHints":{"allow":["GET"]}}],"collection":[{"href":"https:\/\/noti-america.com\/site\/ecuador\/wp-json\/wp\/v2\/posts"}],"about":[{"href":"https:\/\/noti-america.com\/site\/ecuador\/wp-json\/wp\/v2\/types\/post"}],"author":[{"embeddable":true,"href":"https:\/\/noti-america.com\/site\/ecuador\/wp-json\/wp\/v2\/users\/144"}],"replies":[{"embeddable":true,"href":"https:\/\/noti-america.com\/site\/ecuador\/wp-json\/wp\/v2\/comments?post=37278"}],"version-history":[{"count":1,"href":"https:\/\/noti-america.com\/site\/ecuador\/wp-json\/wp\/v2\/posts\/37278\/revisions"}],"predecessor-version":[{"id":37280,"href":"https:\/\/noti-america.com\/site\/ecuador\/wp-json\/wp\/v2\/posts\/37278\/revisions\/37280"}],"wp:featuredmedia":[{"embeddable":true,"href":"https:\/\/noti-america.com\/site\/ecuador\/wp-json\/wp\/v2\/media\/37279"}],"wp:attachment":[{"href":"https:\/\/noti-america.com\/site\/ecuador\/wp-json\/wp\/v2\/media?parent=37278"}],"wp:term":[{"taxonomy":"category","embeddable":true,"href":"https:\/\/noti-america.com\/site\/ecuador\/wp-json\/wp\/v2\/categories?post=37278"},{"taxonomy":"post_tag","embeddable":true,"href":"https:\/\/noti-america.com\/site\/ecuador\/wp-json\/wp\/v2\/tags?post=37278"}],"curies":[{"name":"wp","href":"https:\/\/api.w.org\/{rel}","templated":true}]}}