{"id":37212,"date":"2026-03-03T02:18:42","date_gmt":"2026-03-03T02:18:42","guid":{"rendered":"https:\/\/noti-america.com\/site\/ecuador\/?p=37212"},"modified":"2026-03-03T02:34:41","modified_gmt":"2026-03-03T02:34:41","slug":"uanataca-ecuador-da-salto-global-junto-a-namirial","status":"publish","type":"post","link":"https:\/\/noti-america.com\/site\/ecuador\/2026\/03\/03\/uanataca-ecuador-da-salto-global-junto-a-namirial\/","title":{"rendered":"Uanataca Ecuador da salto global junto a Namirial"},"content":{"rendered":"<p><strong>NOTI-AMERICA.COM | ECUADOR.<\/strong><\/p>\n<p style=\"text-align: justify\"><img loading=\"lazy\" decoding=\"async\" class=\"size-medium wp-image-37221 aligncenter\" src=\"https:\/\/noti-america.com\/site\/ecuador\/wp-content\/uploads\/sites\/18\/2026\/03\/IMG-20260302-WA0343-300x200.jpg\" alt=\"\" width=\"300\" height=\"200\" srcset=\"https:\/\/noti-america.com\/site\/ecuador\/wp-content\/uploads\/sites\/18\/2026\/03\/IMG-20260302-WA0343-300x200.jpg 300w, https:\/\/noti-america.com\/site\/ecuador\/wp-content\/uploads\/sites\/18\/2026\/03\/IMG-20260302-WA0343-1024x683.jpg 1024w, https:\/\/noti-america.com\/site\/ecuador\/wp-content\/uploads\/sites\/18\/2026\/03\/IMG-20260302-WA0343-768x512.jpg 768w, https:\/\/noti-america.com\/site\/ecuador\/wp-content\/uploads\/sites\/18\/2026\/03\/IMG-20260302-WA0343-272x182.jpg 272w, https:\/\/noti-america.com\/site\/ecuador\/wp-content\/uploads\/sites\/18\/2026\/03\/IMG-20260302-WA0343.jpg 1536w\" sizes=\"auto, (max-width: 300px) 100vw, 300px\" \/>La integraci\u00f3n de Uanataca Ecuador al grupo internacional Namirial marca un hito para el ecosistema digital del pa\u00eds, al incorporar respaldo tecnol\u00f3gico global, mayores capacidades de innovaci\u00f3n y est\u00e1ndares internacionales de seguridad y cumplimiento. Con este paso, la compa\u00f1\u00eda fortalece su rol como actor clave en la transformaci\u00f3n digital segura del Ecuador, ampliando su oferta para empresas e instituciones que demandan soluciones confiables y escalables.<\/p>\n<p style=\"text-align: justify\">El grupo Namirial cerr\u00f3 2025 con una facturaci\u00f3n aproximada de 260 millones de euros, m\u00e1s de 250.000 clientes corporativos y presencia en m\u00e1s de 90 pa\u00edses, consolid\u00e1ndose como uno de los l\u00edderes mundiales en servicios de confianza digital. En este contexto, Uanataca Ecuador se posiciona como el brazo estrat\u00e9gico del grupo en el pa\u00eds, con foco en sectores como banca, seguros, telecomunicaciones, sector p\u00fablico, educaci\u00f3n y retail, y con soluciones alineadas al marco normativo ecuatoriano.<\/p>\n<p style=\"text-align: justify\">La integraci\u00f3n permitir\u00e1 ofrecer una plataforma integral que cubre todo el ciclo de interacci\u00f3n electr\u00f3nica, desde identificaci\u00f3n y firma digital hasta archivado y preservaci\u00f3n de evidencias, bajo altos est\u00e1ndares de seguridad. Seg\u00fan destac\u00f3 su CEO, El\u00edas Barzallo, esta evoluci\u00f3n no solo fortalece la propuesta tecnol\u00f3gica de la compa\u00f1\u00eda, sino que convierte a Ecuador en un punto estrat\u00e9gico dentro del ecosistema digital regional, elevando el est\u00e1ndar de confianza para organizaciones del pa\u00eds.<\/p>\n","protected":false},"excerpt":{"rendered":"<p>NOTI-AMERICA.COM | ECUADOR. La integraci\u00f3n de Uanataca Ecuador al grupo internacional Namirial marca un hito para el ecosistema digital del pa\u00eds, al incorporar respaldo tecnol\u00f3gico global, mayores capacidades de innovaci\u00f3n y est\u00e1ndares internacionales de&#46;&#46;&#46;<\/p>\n","protected":false},"author":144,"featured_media":37221,"comment_status":"open","ping_status":"open","sticky":false,"template":"","format":"standard","meta":{"_acf_changed":false,"om_disable_all_campaigns":false,"rop_custom_images_group":[],"rop_custom_messages_group":[],"rop_publish_now":"initial","rop_publish_now_accounts":{"twitter_242054905_242054905":""},"rop_publish_now_history":[],"rop_publish_now_status":"pending","_uf_show_specific_survey":0,"_uf_disable_surveys":false,"footnotes":""},"categories":[1],"tags":[],"class_list":["post-37212","post","type-post","status-publish","format-standard","has-post-thumbnail","hentry","category-uncategorized"],"acf":[],"aioseo_notices":[],"yoast_head":"<!-- This site is optimized with the Yoast SEO Premium plugin v24.9 (Yoast SEO v27.2) - https:\/\/yoast.com\/product\/yoast-seo-premium-wordpress\/ -->\n<title>Uanataca Ecuador da salto global junto a Namirial - Ecuador | Noti-America.com<\/title>\n<meta name=\"robots\" content=\"index, follow, max-snippet:-1, max-image-preview:large, max-video-preview:-1\" \/>\n<link rel=\"canonical\" href=\"https:\/\/noti-america.com\/site\/ecuador\/2026\/03\/03\/uanataca-ecuador-da-salto-global-junto-a-namirial\/\" \/>\n<meta property=\"og:locale\" content=\"es_ES\" \/>\n<meta property=\"og:type\" content=\"article\" \/>\n<meta property=\"og:title\" content=\"Uanataca Ecuador da salto global junto a Namirial\" \/>\n<meta property=\"og:description\" content=\"NOTI-AMERICA.COM | ECUADOR. La integraci\u00f3n de Uanataca Ecuador al grupo internacional Namirial marca un hito para el ecosistema digital del pa\u00eds, al incorporar respaldo tecnol\u00f3gico global, mayores capacidades de innovaci\u00f3n y est\u00e1ndares internacionales de&#046;&#046;&#046;\" \/>\n<meta property=\"og:url\" content=\"https:\/\/noti-america.com\/site\/ecuador\/2026\/03\/03\/uanataca-ecuador-da-salto-global-junto-a-namirial\/\" \/>\n<meta property=\"og:site_name\" content=\"Ecuador | Noti-America.com\" \/>\n<meta property=\"article:published_time\" content=\"2026-03-03T02:18:42+00:00\" \/>\n<meta property=\"article:modified_time\" content=\"2026-03-03T02:34:41+00:00\" \/>\n<meta property=\"og:image\" content=\"https:\/\/noti-america.com\/site\/ecuador\/wp-content\/uploads\/sites\/18\/2026\/03\/IMG-20260302-WA0343.jpg\" \/>\n\t<meta property=\"og:image:width\" content=\"1536\" \/>\n\t<meta property=\"og:image:height\" content=\"1024\" \/>\n\t<meta property=\"og:image:type\" content=\"image\/jpeg\" \/>\n<meta name=\"author\" content=\"Henry Garrido\" \/>\n<meta name=\"twitter:card\" content=\"summary_large_image\" \/>\n<meta name=\"twitter:creator\" content=\"@notiamerica\" \/>\n<meta name=\"twitter:site\" content=\"@notiamerica\" \/>\n<meta name=\"twitter:label1\" content=\"Escrito por\" \/>\n\t<meta name=\"twitter:data1\" content=\"Henry Garrido\" \/>\n\t<meta name=\"twitter:label2\" content=\"Tiempo estimado de lectura\" \/>\n\t<meta name=\"twitter:data2\" content=\"2 minutos\" \/>\n<script type=\"application\/ld+json\" class=\"yoast-schema-graph\">{\"@context\":\"https:\/\/schema.org\",\"@graph\":[{\"@type\":\"Article\",\"@id\":\"https:\/\/noti-america.com\/site\/ecuador\/2026\/03\/03\/uanataca-ecuador-da-salto-global-junto-a-namirial\/#article\",\"isPartOf\":{\"@id\":\"https:\/\/noti-america.com\/site\/ecuador\/2026\/03\/03\/uanataca-ecuador-da-salto-global-junto-a-namirial\/\"},\"author\":{\"name\":\"Henry Garrido\",\"@id\":\"https:\/\/noti-america.com\/site\/ecuador\/#\/schema\/person\/00042412cfa9ecf98077f847ffadda4a\"},\"headline\":\"Uanataca Ecuador da salto global junto a Namirial\",\"datePublished\":\"2026-03-03T02:18:42+00:00\",\"dateModified\":\"2026-03-03T02:34:41+00:00\",\"mainEntityOfPage\":{\"@id\":\"https:\/\/noti-america.com\/site\/ecuador\/2026\/03\/03\/uanataca-ecuador-da-salto-global-junto-a-namirial\/\"},\"wordCount\":249,\"commentCount\":0,\"publisher\":{\"@id\":\"https:\/\/noti-america.com\/site\/ecuador\/#organization\"},\"image\":{\"@id\":\"https:\/\/noti-america.com\/site\/ecuador\/2026\/03\/03\/uanataca-ecuador-da-salto-global-junto-a-namirial\/#primaryimage\"},\"thumbnailUrl\":\"https:\/\/noti-america.com\/site\/ecuador\/wp-content\/uploads\/sites\/18\/2026\/03\/IMG-20260302-WA0343.jpg\",\"articleSection\":[\"Uncategorized\"],\"inLanguage\":\"es\",\"potentialAction\":[{\"@type\":\"CommentAction\",\"name\":\"Comment\",\"target\":[\"https:\/\/noti-america.com\/site\/ecuador\/2026\/03\/03\/uanataca-ecuador-da-salto-global-junto-a-namirial\/#respond\"]}]},{\"@type\":\"WebPage\",\"@id\":\"https:\/\/noti-america.com\/site\/ecuador\/2026\/03\/03\/uanataca-ecuador-da-salto-global-junto-a-namirial\/\",\"url\":\"https:\/\/noti-america.com\/site\/ecuador\/2026\/03\/03\/uanataca-ecuador-da-salto-global-junto-a-namirial\/\",\"name\":\"Uanataca Ecuador da salto global junto a Namirial - Ecuador | Noti-America.com\",\"isPartOf\":{\"@id\":\"https:\/\/noti-america.com\/site\/ecuador\/#website\"},\"primaryImageOfPage\":{\"@id\":\"https:\/\/noti-america.com\/site\/ecuador\/2026\/03\/03\/uanataca-ecuador-da-salto-global-junto-a-namirial\/#primaryimage\"},\"image\":{\"@id\":\"https:\/\/noti-america.com\/site\/ecuador\/2026\/03\/03\/uanataca-ecuador-da-salto-global-junto-a-namirial\/#primaryimage\"},\"thumbnailUrl\":\"https:\/\/noti-america.com\/site\/ecuador\/wp-content\/uploads\/sites\/18\/2026\/03\/IMG-20260302-WA0343.jpg\",\"datePublished\":\"2026-03-03T02:18:42+00:00\",\"dateModified\":\"2026-03-03T02:34:41+00:00\",\"breadcrumb\":{\"@id\":\"https:\/\/noti-america.com\/site\/ecuador\/2026\/03\/03\/uanataca-ecuador-da-salto-global-junto-a-namirial\/#breadcrumb\"},\"inLanguage\":\"es\",\"potentialAction\":[{\"@type\":\"ReadAction\",\"target\":[\"https:\/\/noti-america.com\/site\/ecuador\/2026\/03\/03\/uanataca-ecuador-da-salto-global-junto-a-namirial\/\"]}]},{\"@type\":\"ImageObject\",\"inLanguage\":\"es\",\"@id\":\"https:\/\/noti-america.com\/site\/ecuador\/2026\/03\/03\/uanataca-ecuador-da-salto-global-junto-a-namirial\/#primaryimage\",\"url\":\"https:\/\/noti-america.com\/site\/ecuador\/wp-content\/uploads\/sites\/18\/2026\/03\/IMG-20260302-WA0343.jpg\",\"contentUrl\":\"https:\/\/noti-america.com\/site\/ecuador\/wp-content\/uploads\/sites\/18\/2026\/03\/IMG-20260302-WA0343.jpg\",\"width\":1536,\"height\":1024},{\"@type\":\"BreadcrumbList\",\"@id\":\"https:\/\/noti-america.com\/site\/ecuador\/2026\/03\/03\/uanataca-ecuador-da-salto-global-junto-a-namirial\/#breadcrumb\",\"itemListElement\":[{\"@type\":\"ListItem\",\"position\":1,\"name\":\"Portada\",\"item\":\"https:\/\/noti-america.com\/site\/ecuador\/\"},{\"@type\":\"ListItem\",\"position\":2,\"name\":\"Uanataca Ecuador da salto global junto a Namirial\"}]},{\"@type\":\"WebSite\",\"@id\":\"https:\/\/noti-america.com\/site\/ecuador\/#website\",\"url\":\"https:\/\/noti-america.com\/site\/ecuador\/\",\"name\":\"Ecuador | Noti-America.com\",\"description\":\"\",\"publisher\":{\"@id\":\"https:\/\/noti-america.com\/site\/ecuador\/#organization\"},\"potentialAction\":[{\"@type\":\"SearchAction\",\"target\":{\"@type\":\"EntryPoint\",\"urlTemplate\":\"https:\/\/noti-america.com\/site\/ecuador\/?s={search_term_string}\"},\"query-input\":{\"@type\":\"PropertyValueSpecification\",\"valueRequired\":true,\"valueName\":\"search_term_string\"}}],\"inLanguage\":\"es\"},{\"@type\":\"Organization\",\"@id\":\"https:\/\/noti-america.com\/site\/ecuador\/#organization\",\"name\":\"Noti-America LLC | Ecuador\",\"url\":\"https:\/\/noti-america.com\/site\/ecuador\/\",\"logo\":{\"@type\":\"ImageObject\",\"inLanguage\":\"es\",\"@id\":\"https:\/\/noti-america.com\/site\/ecuador\/#\/schema\/logo\/image\/\",\"url\":\"https:\/\/noti-america.com\/site\/ecuador\/wp-content\/uploads\/sites\/18\/2020\/07\/LogoNA-4x3-1.jpg\",\"contentUrl\":\"https:\/\/noti-america.com\/site\/ecuador\/wp-content\/uploads\/sites\/18\/2020\/07\/LogoNA-4x3-1.jpg\",\"width\":1236,\"height\":1080,\"caption\":\"Noti-America LLC | Ecuador\"},\"image\":{\"@id\":\"https:\/\/noti-america.com\/site\/ecuador\/#\/schema\/logo\/image\/\"},\"sameAs\":[\"https:\/\/x.com\/notiamerica\"]},{\"@type\":\"Person\",\"@id\":\"https:\/\/noti-america.com\/site\/ecuador\/#\/schema\/person\/00042412cfa9ecf98077f847ffadda4a\",\"name\":\"Henry Garrido\",\"image\":{\"@type\":\"ImageObject\",\"inLanguage\":\"es\",\"@id\":\"https:\/\/secure.gravatar.com\/avatar\/749ae5a1e6f22cf042f04b9f3f0a22732ae36970ccfd5c54a0a2ac3c4e1166ed?s=96&d=mm&r=g\",\"url\":\"https:\/\/secure.gravatar.com\/avatar\/749ae5a1e6f22cf042f04b9f3f0a22732ae36970ccfd5c54a0a2ac3c4e1166ed?s=96&d=mm&r=g\",\"contentUrl\":\"https:\/\/secure.gravatar.com\/avatar\/749ae5a1e6f22cf042f04b9f3f0a22732ae36970ccfd5c54a0a2ac3c4e1166ed?s=96&d=mm&r=g\",\"caption\":\"Henry Garrido\"},\"url\":\"https:\/\/noti-america.com\/site\/ecuador\/author\/hgarrido\/\"}]}<\/script>\n<!-- \/ Yoast SEO Premium plugin. -->","yoast_head_json":{"title":"Uanataca Ecuador da salto global junto a Namirial - Ecuador | Noti-America.com","robots":{"index":"index","follow":"follow","max-snippet":"max-snippet:-1","max-image-preview":"max-image-preview:large","max-video-preview":"max-video-preview:-1"},"canonical":"https:\/\/noti-america.com\/site\/ecuador\/2026\/03\/03\/uanataca-ecuador-da-salto-global-junto-a-namirial\/","og_locale":"es_ES","og_type":"article","og_title":"Uanataca Ecuador da salto global junto a Namirial","og_description":"NOTI-AMERICA.COM | ECUADOR. La integraci\u00f3n de Uanataca Ecuador al grupo internacional Namirial marca un hito para el ecosistema digital del pa\u00eds, al incorporar respaldo tecnol\u00f3gico global, mayores capacidades de innovaci\u00f3n y est\u00e1ndares internacionales de&#46;&#46;&#46;","og_url":"https:\/\/noti-america.com\/site\/ecuador\/2026\/03\/03\/uanataca-ecuador-da-salto-global-junto-a-namirial\/","og_site_name":"Ecuador | Noti-America.com","article_published_time":"2026-03-03T02:18:42+00:00","article_modified_time":"2026-03-03T02:34:41+00:00","og_image":[{"width":1536,"height":1024,"url":"https:\/\/noti-america.com\/site\/ecuador\/wp-content\/uploads\/sites\/18\/2026\/03\/IMG-20260302-WA0343.jpg","type":"image\/jpeg"}],"author":"Henry Garrido","twitter_card":"summary_large_image","twitter_creator":"@notiamerica","twitter_site":"@notiamerica","twitter_misc":{"Escrito por":"Henry Garrido","Tiempo estimado de lectura":"2 minutos"},"schema":{"@context":"https:\/\/schema.org","@graph":[{"@type":"Article","@id":"https:\/\/noti-america.com\/site\/ecuador\/2026\/03\/03\/uanataca-ecuador-da-salto-global-junto-a-namirial\/#article","isPartOf":{"@id":"https:\/\/noti-america.com\/site\/ecuador\/2026\/03\/03\/uanataca-ecuador-da-salto-global-junto-a-namirial\/"},"author":{"name":"Henry Garrido","@id":"https:\/\/noti-america.com\/site\/ecuador\/#\/schema\/person\/00042412cfa9ecf98077f847ffadda4a"},"headline":"Uanataca Ecuador da salto global junto a Namirial","datePublished":"2026-03-03T02:18:42+00:00","dateModified":"2026-03-03T02:34:41+00:00","mainEntityOfPage":{"@id":"https:\/\/noti-america.com\/site\/ecuador\/2026\/03\/03\/uanataca-ecuador-da-salto-global-junto-a-namirial\/"},"wordCount":249,"commentCount":0,"publisher":{"@id":"https:\/\/noti-america.com\/site\/ecuador\/#organization"},"image":{"@id":"https:\/\/noti-america.com\/site\/ecuador\/2026\/03\/03\/uanataca-ecuador-da-salto-global-junto-a-namirial\/#primaryimage"},"thumbnailUrl":"https:\/\/noti-america.com\/site\/ecuador\/wp-content\/uploads\/sites\/18\/2026\/03\/IMG-20260302-WA0343.jpg","articleSection":["Uncategorized"],"inLanguage":"es","potentialAction":[{"@type":"CommentAction","name":"Comment","target":["https:\/\/noti-america.com\/site\/ecuador\/2026\/03\/03\/uanataca-ecuador-da-salto-global-junto-a-namirial\/#respond"]}]},{"@type":"WebPage","@id":"https:\/\/noti-america.com\/site\/ecuador\/2026\/03\/03\/uanataca-ecuador-da-salto-global-junto-a-namirial\/","url":"https:\/\/noti-america.com\/site\/ecuador\/2026\/03\/03\/uanataca-ecuador-da-salto-global-junto-a-namirial\/","name":"Uanataca Ecuador da salto global junto a Namirial - Ecuador | Noti-America.com","isPartOf":{"@id":"https:\/\/noti-america.com\/site\/ecuador\/#website"},"primaryImageOfPage":{"@id":"https:\/\/noti-america.com\/site\/ecuador\/2026\/03\/03\/uanataca-ecuador-da-salto-global-junto-a-namirial\/#primaryimage"},"image":{"@id":"https:\/\/noti-america.com\/site\/ecuador\/2026\/03\/03\/uanataca-ecuador-da-salto-global-junto-a-namirial\/#primaryimage"},"thumbnailUrl":"https:\/\/noti-america.com\/site\/ecuador\/wp-content\/uploads\/sites\/18\/2026\/03\/IMG-20260302-WA0343.jpg","datePublished":"2026-03-03T02:18:42+00:00","dateModified":"2026-03-03T02:34:41+00:00","breadcrumb":{"@id":"https:\/\/noti-america.com\/site\/ecuador\/2026\/03\/03\/uanataca-ecuador-da-salto-global-junto-a-namirial\/#breadcrumb"},"inLanguage":"es","potentialAction":[{"@type":"ReadAction","target":["https:\/\/noti-america.com\/site\/ecuador\/2026\/03\/03\/uanataca-ecuador-da-salto-global-junto-a-namirial\/"]}]},{"@type":"ImageObject","inLanguage":"es","@id":"https:\/\/noti-america.com\/site\/ecuador\/2026\/03\/03\/uanataca-ecuador-da-salto-global-junto-a-namirial\/#primaryimage","url":"https:\/\/noti-america.com\/site\/ecuador\/wp-content\/uploads\/sites\/18\/2026\/03\/IMG-20260302-WA0343.jpg","contentUrl":"https:\/\/noti-america.com\/site\/ecuador\/wp-content\/uploads\/sites\/18\/2026\/03\/IMG-20260302-WA0343.jpg","width":1536,"height":1024},{"@type":"BreadcrumbList","@id":"https:\/\/noti-america.com\/site\/ecuador\/2026\/03\/03\/uanataca-ecuador-da-salto-global-junto-a-namirial\/#breadcrumb","itemListElement":[{"@type":"ListItem","position":1,"name":"Portada","item":"https:\/\/noti-america.com\/site\/ecuador\/"},{"@type":"ListItem","position":2,"name":"Uanataca Ecuador da salto global junto a Namirial"}]},{"@type":"WebSite","@id":"https:\/\/noti-america.com\/site\/ecuador\/#website","url":"https:\/\/noti-america.com\/site\/ecuador\/","name":"Ecuador | Noti-America.com","description":"","publisher":{"@id":"https:\/\/noti-america.com\/site\/ecuador\/#organization"},"potentialAction":[{"@type":"SearchAction","target":{"@type":"EntryPoint","urlTemplate":"https:\/\/noti-america.com\/site\/ecuador\/?s={search_term_string}"},"query-input":{"@type":"PropertyValueSpecification","valueRequired":true,"valueName":"search_term_string"}}],"inLanguage":"es"},{"@type":"Organization","@id":"https:\/\/noti-america.com\/site\/ecuador\/#organization","name":"Noti-America LLC | Ecuador","url":"https:\/\/noti-america.com\/site\/ecuador\/","logo":{"@type":"ImageObject","inLanguage":"es","@id":"https:\/\/noti-america.com\/site\/ecuador\/#\/schema\/logo\/image\/","url":"https:\/\/noti-america.com\/site\/ecuador\/wp-content\/uploads\/sites\/18\/2020\/07\/LogoNA-4x3-1.jpg","contentUrl":"https:\/\/noti-america.com\/site\/ecuador\/wp-content\/uploads\/sites\/18\/2020\/07\/LogoNA-4x3-1.jpg","width":1236,"height":1080,"caption":"Noti-America LLC | Ecuador"},"image":{"@id":"https:\/\/noti-america.com\/site\/ecuador\/#\/schema\/logo\/image\/"},"sameAs":["https:\/\/x.com\/notiamerica"]},{"@type":"Person","@id":"https:\/\/noti-america.com\/site\/ecuador\/#\/schema\/person\/00042412cfa9ecf98077f847ffadda4a","name":"Henry Garrido","image":{"@type":"ImageObject","inLanguage":"es","@id":"https:\/\/secure.gravatar.com\/avatar\/749ae5a1e6f22cf042f04b9f3f0a22732ae36970ccfd5c54a0a2ac3c4e1166ed?s=96&d=mm&r=g","url":"https:\/\/secure.gravatar.com\/avatar\/749ae5a1e6f22cf042f04b9f3f0a22732ae36970ccfd5c54a0a2ac3c4e1166ed?s=96&d=mm&r=g","contentUrl":"https:\/\/secure.gravatar.com\/avatar\/749ae5a1e6f22cf042f04b9f3f0a22732ae36970ccfd5c54a0a2ac3c4e1166ed?s=96&d=mm&r=g","caption":"Henry Garrido"},"url":"https:\/\/noti-america.com\/site\/ecuador\/author\/hgarrido\/"}]}},"_links":{"self":[{"href":"https:\/\/noti-america.com\/site\/ecuador\/wp-json\/wp\/v2\/posts\/37212","targetHints":{"allow":["GET"]}}],"collection":[{"href":"https:\/\/noti-america.com\/site\/ecuador\/wp-json\/wp\/v2\/posts"}],"about":[{"href":"https:\/\/noti-america.com\/site\/ecuador\/wp-json\/wp\/v2\/types\/post"}],"author":[{"embeddable":true,"href":"https:\/\/noti-america.com\/site\/ecuador\/wp-json\/wp\/v2\/users\/144"}],"replies":[{"embeddable":true,"href":"https:\/\/noti-america.com\/site\/ecuador\/wp-json\/wp\/v2\/comments?post=37212"}],"version-history":[{"count":2,"href":"https:\/\/noti-america.com\/site\/ecuador\/wp-json\/wp\/v2\/posts\/37212\/revisions"}],"predecessor-version":[{"id":37222,"href":"https:\/\/noti-america.com\/site\/ecuador\/wp-json\/wp\/v2\/posts\/37212\/revisions\/37222"}],"wp:featuredmedia":[{"embeddable":true,"href":"https:\/\/noti-america.com\/site\/ecuador\/wp-json\/wp\/v2\/media\/37221"}],"wp:attachment":[{"href":"https:\/\/noti-america.com\/site\/ecuador\/wp-json\/wp\/v2\/media?parent=37212"}],"wp:term":[{"taxonomy":"category","embeddable":true,"href":"https:\/\/noti-america.com\/site\/ecuador\/wp-json\/wp\/v2\/categories?post=37212"},{"taxonomy":"post_tag","embeddable":true,"href":"https:\/\/noti-america.com\/site\/ecuador\/wp-json\/wp\/v2\/tags?post=37212"}],"curies":[{"name":"wp","href":"https:\/\/api.w.org\/{rel}","templated":true}]}}