{"id":37061,"date":"2026-02-21T02:05:36","date_gmt":"2026-02-21T02:05:36","guid":{"rendered":"https:\/\/noti-america.com\/site\/ecuador\/?p=37061"},"modified":"2026-02-21T02:05:36","modified_gmt":"2026-02-21T02:05:36","slug":"ame-impulsa-defensa-de-la-autonomia-municipal-en-reforma-al-cootad","status":"publish","type":"post","link":"https:\/\/noti-america.com\/site\/ecuador\/2026\/02\/21\/ame-impulsa-defensa-de-la-autonomia-municipal-en-reforma-al-cootad\/","title":{"rendered":"AME impulsa defensa de la autonom\u00eda municipal en reforma al COOTAD"},"content":{"rendered":"<p><strong>NOTI-AMERICA.COM | ECUADOR.<\/strong><\/p>\n<p style=\"text-align: justify\"><img loading=\"lazy\" decoding=\"async\" class=\"size-medium wp-image-37062 aligncenter\" src=\"https:\/\/noti-america.com\/site\/ecuador\/wp-content\/uploads\/sites\/18\/2026\/02\/IMG-20260220-WA0217-300x198.jpg\" alt=\"\" width=\"300\" height=\"198\" srcset=\"https:\/\/noti-america.com\/site\/ecuador\/wp-content\/uploads\/sites\/18\/2026\/02\/IMG-20260220-WA0217-300x198.jpg 300w, https:\/\/noti-america.com\/site\/ecuador\/wp-content\/uploads\/sites\/18\/2026\/02\/IMG-20260220-WA0217-1024x675.jpg 1024w, https:\/\/noti-america.com\/site\/ecuador\/wp-content\/uploads\/sites\/18\/2026\/02\/IMG-20260220-WA0217-768x506.jpg 768w, https:\/\/noti-america.com\/site\/ecuador\/wp-content\/uploads\/sites\/18\/2026\/02\/IMG-20260220-WA0217-1536x1013.jpg 1536w, https:\/\/noti-america.com\/site\/ecuador\/wp-content\/uploads\/sites\/18\/2026\/02\/IMG-20260220-WA0217.jpg 1600w\" sizes=\"auto, (max-width: 300px) 100vw, 300px\" \/>La Asociaci\u00f3n de Municipalidades Ecuatorianas (AME) lider\u00f3 la participaci\u00f3n de alcaldes y alcaldesas del pa\u00eds en el di\u00e1logo nacional sobre la reforma al C\u00f3digo Org\u00e1nico de Organizaci\u00f3n Territorial, Autonom\u00eda y Descentralizaci\u00f3n (COOTAD), en un encuentro con autoridades del Ejecutivo. Durante la jornada, el gremio present\u00f3 observaciones t\u00e9cnicas en defensa de la autonom\u00eda de los gobiernos aut\u00f3nomos descentralizados municipales, varias de las cuales fueron incorporadas al proyecto que actualmente se debate en la Asamblea Nacional.<\/p>\n<p style=\"text-align: justify\">La presidenta de la AME, Yuri Colorado, se\u00f1al\u00f3 que la inclusi\u00f3n de los aportes evidencia la unidad y el peso institucional de los 222 municipios del pa\u00eds. Indic\u00f3 que las autoridades locales han actuado de forma coordinada para garantizar la autonom\u00eda municipal y asegurar que los recursos se destinen a obras y servicios que beneficien directamente a la ciudadan\u00eda.<\/p>\n<p style=\"text-align: justify\">La AME inform\u00f3 que se mantiene vigilante del proceso legislativo y reiter\u00f3 que cualquier reforma al COOTAD debe establecer reglas fiscales claras sin afectar la capacidad de gesti\u00f3n territorial. El organismo busca promover consensos que fortalezcan la planificaci\u00f3n, la inversi\u00f3n p\u00fablica local y la gobernanza, con el objetivo de consolidar un modelo de descentralizaci\u00f3n sostenible y orientado al desarrollo desde los territorios.<\/p>\n","protected":false},"excerpt":{"rendered":"<p>NOTI-AMERICA.COM | ECUADOR. La Asociaci\u00f3n de Municipalidades Ecuatorianas (AME) lider\u00f3 la participaci\u00f3n de alcaldes y alcaldesas del pa\u00eds en el di\u00e1logo nacional sobre la reforma al C\u00f3digo Org\u00e1nico de Organizaci\u00f3n Territorial, Autonom\u00eda y Descentralizaci\u00f3n&#46;&#46;&#46;<\/p>\n","protected":false},"author":144,"featured_media":37062,"comment_status":"open","ping_status":"open","sticky":false,"template":"","format":"standard","meta":{"_acf_changed":false,"om_disable_all_campaigns":false,"rop_custom_images_group":[],"rop_custom_messages_group":[],"rop_publish_now":"initial","rop_publish_now_accounts":{"twitter_242054905_242054905":""},"rop_publish_now_history":[],"rop_publish_now_status":"pending","_uf_show_specific_survey":0,"_uf_disable_surveys":false,"footnotes":""},"categories":[1],"tags":[],"class_list":["post-37061","post","type-post","status-publish","format-standard","has-post-thumbnail","hentry","category-uncategorized"],"acf":[],"aioseo_notices":[],"yoast_head":"<!-- This site is optimized with the Yoast SEO Premium plugin v24.9 (Yoast SEO v27.2) - https:\/\/yoast.com\/product\/yoast-seo-premium-wordpress\/ -->\n<title>AME impulsa defensa de la autonom\u00eda municipal en reforma al COOTAD - Ecuador | Noti-America.com<\/title>\n<meta name=\"robots\" content=\"index, follow, max-snippet:-1, max-image-preview:large, max-video-preview:-1\" \/>\n<link rel=\"canonical\" href=\"https:\/\/noti-america.com\/site\/ecuador\/2026\/02\/21\/ame-impulsa-defensa-de-la-autonomia-municipal-en-reforma-al-cootad\/\" \/>\n<meta property=\"og:locale\" content=\"es_ES\" \/>\n<meta property=\"og:type\" content=\"article\" \/>\n<meta property=\"og:title\" content=\"AME impulsa defensa de la autonom\u00eda municipal en reforma al COOTAD\" \/>\n<meta property=\"og:description\" content=\"NOTI-AMERICA.COM | ECUADOR. La Asociaci\u00f3n de Municipalidades Ecuatorianas (AME) lider\u00f3 la participaci\u00f3n de alcaldes y alcaldesas del pa\u00eds en el di\u00e1logo nacional sobre la reforma al C\u00f3digo Org\u00e1nico de Organizaci\u00f3n Territorial, Autonom\u00eda y Descentralizaci\u00f3n&#046;&#046;&#046;\" \/>\n<meta property=\"og:url\" content=\"https:\/\/noti-america.com\/site\/ecuador\/2026\/02\/21\/ame-impulsa-defensa-de-la-autonomia-municipal-en-reforma-al-cootad\/\" \/>\n<meta property=\"og:site_name\" content=\"Ecuador | Noti-America.com\" \/>\n<meta property=\"article:published_time\" content=\"2026-02-21T02:05:36+00:00\" \/>\n<meta property=\"og:image\" content=\"https:\/\/noti-america.com\/site\/ecuador\/wp-content\/uploads\/sites\/18\/2026\/02\/IMG-20260220-WA0217.jpg\" \/>\n\t<meta property=\"og:image:width\" content=\"1600\" \/>\n\t<meta property=\"og:image:height\" content=\"1055\" \/>\n\t<meta property=\"og:image:type\" content=\"image\/jpeg\" \/>\n<meta name=\"author\" content=\"Henry Garrido\" \/>\n<meta name=\"twitter:card\" content=\"summary_large_image\" \/>\n<meta name=\"twitter:creator\" content=\"@notiamerica\" \/>\n<meta name=\"twitter:site\" content=\"@notiamerica\" \/>\n<meta name=\"twitter:label1\" content=\"Escrito por\" \/>\n\t<meta name=\"twitter:data1\" content=\"Henry Garrido\" \/>\n\t<meta name=\"twitter:label2\" content=\"Tiempo estimado de lectura\" \/>\n\t<meta name=\"twitter:data2\" content=\"2 minutos\" \/>\n<script type=\"application\/ld+json\" class=\"yoast-schema-graph\">{\"@context\":\"https:\/\/schema.org\",\"@graph\":[{\"@type\":\"Article\",\"@id\":\"https:\/\/noti-america.com\/site\/ecuador\/2026\/02\/21\/ame-impulsa-defensa-de-la-autonomia-municipal-en-reforma-al-cootad\/#article\",\"isPartOf\":{\"@id\":\"https:\/\/noti-america.com\/site\/ecuador\/2026\/02\/21\/ame-impulsa-defensa-de-la-autonomia-municipal-en-reforma-al-cootad\/\"},\"author\":{\"name\":\"Henry Garrido\",\"@id\":\"https:\/\/noti-america.com\/site\/ecuador\/#\/schema\/person\/00042412cfa9ecf98077f847ffadda4a\"},\"headline\":\"AME impulsa defensa de la autonom\u00eda municipal en reforma al COOTAD\",\"datePublished\":\"2026-02-21T02:05:36+00:00\",\"mainEntityOfPage\":{\"@id\":\"https:\/\/noti-america.com\/site\/ecuador\/2026\/02\/21\/ame-impulsa-defensa-de-la-autonomia-municipal-en-reforma-al-cootad\/\"},\"wordCount\":231,\"commentCount\":0,\"publisher\":{\"@id\":\"https:\/\/noti-america.com\/site\/ecuador\/#organization\"},\"image\":{\"@id\":\"https:\/\/noti-america.com\/site\/ecuador\/2026\/02\/21\/ame-impulsa-defensa-de-la-autonomia-municipal-en-reforma-al-cootad\/#primaryimage\"},\"thumbnailUrl\":\"https:\/\/noti-america.com\/site\/ecuador\/wp-content\/uploads\/sites\/18\/2026\/02\/IMG-20260220-WA0217.jpg\",\"articleSection\":[\"Uncategorized\"],\"inLanguage\":\"es\",\"potentialAction\":[{\"@type\":\"CommentAction\",\"name\":\"Comment\",\"target\":[\"https:\/\/noti-america.com\/site\/ecuador\/2026\/02\/21\/ame-impulsa-defensa-de-la-autonomia-municipal-en-reforma-al-cootad\/#respond\"]}]},{\"@type\":\"WebPage\",\"@id\":\"https:\/\/noti-america.com\/site\/ecuador\/2026\/02\/21\/ame-impulsa-defensa-de-la-autonomia-municipal-en-reforma-al-cootad\/\",\"url\":\"https:\/\/noti-america.com\/site\/ecuador\/2026\/02\/21\/ame-impulsa-defensa-de-la-autonomia-municipal-en-reforma-al-cootad\/\",\"name\":\"AME impulsa defensa de la autonom\u00eda municipal en reforma al COOTAD - Ecuador | Noti-America.com\",\"isPartOf\":{\"@id\":\"https:\/\/noti-america.com\/site\/ecuador\/#website\"},\"primaryImageOfPage\":{\"@id\":\"https:\/\/noti-america.com\/site\/ecuador\/2026\/02\/21\/ame-impulsa-defensa-de-la-autonomia-municipal-en-reforma-al-cootad\/#primaryimage\"},\"image\":{\"@id\":\"https:\/\/noti-america.com\/site\/ecuador\/2026\/02\/21\/ame-impulsa-defensa-de-la-autonomia-municipal-en-reforma-al-cootad\/#primaryimage\"},\"thumbnailUrl\":\"https:\/\/noti-america.com\/site\/ecuador\/wp-content\/uploads\/sites\/18\/2026\/02\/IMG-20260220-WA0217.jpg\",\"datePublished\":\"2026-02-21T02:05:36+00:00\",\"breadcrumb\":{\"@id\":\"https:\/\/noti-america.com\/site\/ecuador\/2026\/02\/21\/ame-impulsa-defensa-de-la-autonomia-municipal-en-reforma-al-cootad\/#breadcrumb\"},\"inLanguage\":\"es\",\"potentialAction\":[{\"@type\":\"ReadAction\",\"target\":[\"https:\/\/noti-america.com\/site\/ecuador\/2026\/02\/21\/ame-impulsa-defensa-de-la-autonomia-municipal-en-reforma-al-cootad\/\"]}]},{\"@type\":\"ImageObject\",\"inLanguage\":\"es\",\"@id\":\"https:\/\/noti-america.com\/site\/ecuador\/2026\/02\/21\/ame-impulsa-defensa-de-la-autonomia-municipal-en-reforma-al-cootad\/#primaryimage\",\"url\":\"https:\/\/noti-america.com\/site\/ecuador\/wp-content\/uploads\/sites\/18\/2026\/02\/IMG-20260220-WA0217.jpg\",\"contentUrl\":\"https:\/\/noti-america.com\/site\/ecuador\/wp-content\/uploads\/sites\/18\/2026\/02\/IMG-20260220-WA0217.jpg\",\"width\":1600,\"height\":1055},{\"@type\":\"BreadcrumbList\",\"@id\":\"https:\/\/noti-america.com\/site\/ecuador\/2026\/02\/21\/ame-impulsa-defensa-de-la-autonomia-municipal-en-reforma-al-cootad\/#breadcrumb\",\"itemListElement\":[{\"@type\":\"ListItem\",\"position\":1,\"name\":\"Portada\",\"item\":\"https:\/\/noti-america.com\/site\/ecuador\/\"},{\"@type\":\"ListItem\",\"position\":2,\"name\":\"AME impulsa defensa de la autonom\u00eda municipal en reforma al COOTAD\"}]},{\"@type\":\"WebSite\",\"@id\":\"https:\/\/noti-america.com\/site\/ecuador\/#website\",\"url\":\"https:\/\/noti-america.com\/site\/ecuador\/\",\"name\":\"Ecuador | Noti-America.com\",\"description\":\"\",\"publisher\":{\"@id\":\"https:\/\/noti-america.com\/site\/ecuador\/#organization\"},\"potentialAction\":[{\"@type\":\"SearchAction\",\"target\":{\"@type\":\"EntryPoint\",\"urlTemplate\":\"https:\/\/noti-america.com\/site\/ecuador\/?s={search_term_string}\"},\"query-input\":{\"@type\":\"PropertyValueSpecification\",\"valueRequired\":true,\"valueName\":\"search_term_string\"}}],\"inLanguage\":\"es\"},{\"@type\":\"Organization\",\"@id\":\"https:\/\/noti-america.com\/site\/ecuador\/#organization\",\"name\":\"Noti-America LLC | Ecuador\",\"url\":\"https:\/\/noti-america.com\/site\/ecuador\/\",\"logo\":{\"@type\":\"ImageObject\",\"inLanguage\":\"es\",\"@id\":\"https:\/\/noti-america.com\/site\/ecuador\/#\/schema\/logo\/image\/\",\"url\":\"https:\/\/noti-america.com\/site\/ecuador\/wp-content\/uploads\/sites\/18\/2020\/07\/LogoNA-4x3-1.jpg\",\"contentUrl\":\"https:\/\/noti-america.com\/site\/ecuador\/wp-content\/uploads\/sites\/18\/2020\/07\/LogoNA-4x3-1.jpg\",\"width\":1236,\"height\":1080,\"caption\":\"Noti-America LLC | Ecuador\"},\"image\":{\"@id\":\"https:\/\/noti-america.com\/site\/ecuador\/#\/schema\/logo\/image\/\"},\"sameAs\":[\"https:\/\/x.com\/notiamerica\"]},{\"@type\":\"Person\",\"@id\":\"https:\/\/noti-america.com\/site\/ecuador\/#\/schema\/person\/00042412cfa9ecf98077f847ffadda4a\",\"name\":\"Henry Garrido\",\"image\":{\"@type\":\"ImageObject\",\"inLanguage\":\"es\",\"@id\":\"https:\/\/secure.gravatar.com\/avatar\/749ae5a1e6f22cf042f04b9f3f0a22732ae36970ccfd5c54a0a2ac3c4e1166ed?s=96&d=mm&r=g\",\"url\":\"https:\/\/secure.gravatar.com\/avatar\/749ae5a1e6f22cf042f04b9f3f0a22732ae36970ccfd5c54a0a2ac3c4e1166ed?s=96&d=mm&r=g\",\"contentUrl\":\"https:\/\/secure.gravatar.com\/avatar\/749ae5a1e6f22cf042f04b9f3f0a22732ae36970ccfd5c54a0a2ac3c4e1166ed?s=96&d=mm&r=g\",\"caption\":\"Henry Garrido\"},\"url\":\"https:\/\/noti-america.com\/site\/ecuador\/author\/hgarrido\/\"}]}<\/script>\n<!-- \/ Yoast SEO Premium plugin. -->","yoast_head_json":{"title":"AME impulsa defensa de la autonom\u00eda municipal en reforma al COOTAD - Ecuador | Noti-America.com","robots":{"index":"index","follow":"follow","max-snippet":"max-snippet:-1","max-image-preview":"max-image-preview:large","max-video-preview":"max-video-preview:-1"},"canonical":"https:\/\/noti-america.com\/site\/ecuador\/2026\/02\/21\/ame-impulsa-defensa-de-la-autonomia-municipal-en-reforma-al-cootad\/","og_locale":"es_ES","og_type":"article","og_title":"AME impulsa defensa de la autonom\u00eda municipal en reforma al COOTAD","og_description":"NOTI-AMERICA.COM | ECUADOR. La Asociaci\u00f3n de Municipalidades Ecuatorianas (AME) lider\u00f3 la participaci\u00f3n de alcaldes y alcaldesas del pa\u00eds en el di\u00e1logo nacional sobre la reforma al C\u00f3digo Org\u00e1nico de Organizaci\u00f3n Territorial, Autonom\u00eda y Descentralizaci\u00f3n&#46;&#46;&#46;","og_url":"https:\/\/noti-america.com\/site\/ecuador\/2026\/02\/21\/ame-impulsa-defensa-de-la-autonomia-municipal-en-reforma-al-cootad\/","og_site_name":"Ecuador | Noti-America.com","article_published_time":"2026-02-21T02:05:36+00:00","og_image":[{"width":1600,"height":1055,"url":"https:\/\/noti-america.com\/site\/ecuador\/wp-content\/uploads\/sites\/18\/2026\/02\/IMG-20260220-WA0217.jpg","type":"image\/jpeg"}],"author":"Henry Garrido","twitter_card":"summary_large_image","twitter_creator":"@notiamerica","twitter_site":"@notiamerica","twitter_misc":{"Escrito por":"Henry Garrido","Tiempo estimado de lectura":"2 minutos"},"schema":{"@context":"https:\/\/schema.org","@graph":[{"@type":"Article","@id":"https:\/\/noti-america.com\/site\/ecuador\/2026\/02\/21\/ame-impulsa-defensa-de-la-autonomia-municipal-en-reforma-al-cootad\/#article","isPartOf":{"@id":"https:\/\/noti-america.com\/site\/ecuador\/2026\/02\/21\/ame-impulsa-defensa-de-la-autonomia-municipal-en-reforma-al-cootad\/"},"author":{"name":"Henry Garrido","@id":"https:\/\/noti-america.com\/site\/ecuador\/#\/schema\/person\/00042412cfa9ecf98077f847ffadda4a"},"headline":"AME impulsa defensa de la autonom\u00eda municipal en reforma al COOTAD","datePublished":"2026-02-21T02:05:36+00:00","mainEntityOfPage":{"@id":"https:\/\/noti-america.com\/site\/ecuador\/2026\/02\/21\/ame-impulsa-defensa-de-la-autonomia-municipal-en-reforma-al-cootad\/"},"wordCount":231,"commentCount":0,"publisher":{"@id":"https:\/\/noti-america.com\/site\/ecuador\/#organization"},"image":{"@id":"https:\/\/noti-america.com\/site\/ecuador\/2026\/02\/21\/ame-impulsa-defensa-de-la-autonomia-municipal-en-reforma-al-cootad\/#primaryimage"},"thumbnailUrl":"https:\/\/noti-america.com\/site\/ecuador\/wp-content\/uploads\/sites\/18\/2026\/02\/IMG-20260220-WA0217.jpg","articleSection":["Uncategorized"],"inLanguage":"es","potentialAction":[{"@type":"CommentAction","name":"Comment","target":["https:\/\/noti-america.com\/site\/ecuador\/2026\/02\/21\/ame-impulsa-defensa-de-la-autonomia-municipal-en-reforma-al-cootad\/#respond"]}]},{"@type":"WebPage","@id":"https:\/\/noti-america.com\/site\/ecuador\/2026\/02\/21\/ame-impulsa-defensa-de-la-autonomia-municipal-en-reforma-al-cootad\/","url":"https:\/\/noti-america.com\/site\/ecuador\/2026\/02\/21\/ame-impulsa-defensa-de-la-autonomia-municipal-en-reforma-al-cootad\/","name":"AME impulsa defensa de la autonom\u00eda municipal en reforma al COOTAD - Ecuador | Noti-America.com","isPartOf":{"@id":"https:\/\/noti-america.com\/site\/ecuador\/#website"},"primaryImageOfPage":{"@id":"https:\/\/noti-america.com\/site\/ecuador\/2026\/02\/21\/ame-impulsa-defensa-de-la-autonomia-municipal-en-reforma-al-cootad\/#primaryimage"},"image":{"@id":"https:\/\/noti-america.com\/site\/ecuador\/2026\/02\/21\/ame-impulsa-defensa-de-la-autonomia-municipal-en-reforma-al-cootad\/#primaryimage"},"thumbnailUrl":"https:\/\/noti-america.com\/site\/ecuador\/wp-content\/uploads\/sites\/18\/2026\/02\/IMG-20260220-WA0217.jpg","datePublished":"2026-02-21T02:05:36+00:00","breadcrumb":{"@id":"https:\/\/noti-america.com\/site\/ecuador\/2026\/02\/21\/ame-impulsa-defensa-de-la-autonomia-municipal-en-reforma-al-cootad\/#breadcrumb"},"inLanguage":"es","potentialAction":[{"@type":"ReadAction","target":["https:\/\/noti-america.com\/site\/ecuador\/2026\/02\/21\/ame-impulsa-defensa-de-la-autonomia-municipal-en-reforma-al-cootad\/"]}]},{"@type":"ImageObject","inLanguage":"es","@id":"https:\/\/noti-america.com\/site\/ecuador\/2026\/02\/21\/ame-impulsa-defensa-de-la-autonomia-municipal-en-reforma-al-cootad\/#primaryimage","url":"https:\/\/noti-america.com\/site\/ecuador\/wp-content\/uploads\/sites\/18\/2026\/02\/IMG-20260220-WA0217.jpg","contentUrl":"https:\/\/noti-america.com\/site\/ecuador\/wp-content\/uploads\/sites\/18\/2026\/02\/IMG-20260220-WA0217.jpg","width":1600,"height":1055},{"@type":"BreadcrumbList","@id":"https:\/\/noti-america.com\/site\/ecuador\/2026\/02\/21\/ame-impulsa-defensa-de-la-autonomia-municipal-en-reforma-al-cootad\/#breadcrumb","itemListElement":[{"@type":"ListItem","position":1,"name":"Portada","item":"https:\/\/noti-america.com\/site\/ecuador\/"},{"@type":"ListItem","position":2,"name":"AME impulsa defensa de la autonom\u00eda municipal en reforma al COOTAD"}]},{"@type":"WebSite","@id":"https:\/\/noti-america.com\/site\/ecuador\/#website","url":"https:\/\/noti-america.com\/site\/ecuador\/","name":"Ecuador | Noti-America.com","description":"","publisher":{"@id":"https:\/\/noti-america.com\/site\/ecuador\/#organization"},"potentialAction":[{"@type":"SearchAction","target":{"@type":"EntryPoint","urlTemplate":"https:\/\/noti-america.com\/site\/ecuador\/?s={search_term_string}"},"query-input":{"@type":"PropertyValueSpecification","valueRequired":true,"valueName":"search_term_string"}}],"inLanguage":"es"},{"@type":"Organization","@id":"https:\/\/noti-america.com\/site\/ecuador\/#organization","name":"Noti-America LLC | Ecuador","url":"https:\/\/noti-america.com\/site\/ecuador\/","logo":{"@type":"ImageObject","inLanguage":"es","@id":"https:\/\/noti-america.com\/site\/ecuador\/#\/schema\/logo\/image\/","url":"https:\/\/noti-america.com\/site\/ecuador\/wp-content\/uploads\/sites\/18\/2020\/07\/LogoNA-4x3-1.jpg","contentUrl":"https:\/\/noti-america.com\/site\/ecuador\/wp-content\/uploads\/sites\/18\/2020\/07\/LogoNA-4x3-1.jpg","width":1236,"height":1080,"caption":"Noti-America LLC | Ecuador"},"image":{"@id":"https:\/\/noti-america.com\/site\/ecuador\/#\/schema\/logo\/image\/"},"sameAs":["https:\/\/x.com\/notiamerica"]},{"@type":"Person","@id":"https:\/\/noti-america.com\/site\/ecuador\/#\/schema\/person\/00042412cfa9ecf98077f847ffadda4a","name":"Henry Garrido","image":{"@type":"ImageObject","inLanguage":"es","@id":"https:\/\/secure.gravatar.com\/avatar\/749ae5a1e6f22cf042f04b9f3f0a22732ae36970ccfd5c54a0a2ac3c4e1166ed?s=96&d=mm&r=g","url":"https:\/\/secure.gravatar.com\/avatar\/749ae5a1e6f22cf042f04b9f3f0a22732ae36970ccfd5c54a0a2ac3c4e1166ed?s=96&d=mm&r=g","contentUrl":"https:\/\/secure.gravatar.com\/avatar\/749ae5a1e6f22cf042f04b9f3f0a22732ae36970ccfd5c54a0a2ac3c4e1166ed?s=96&d=mm&r=g","caption":"Henry Garrido"},"url":"https:\/\/noti-america.com\/site\/ecuador\/author\/hgarrido\/"}]}},"_links":{"self":[{"href":"https:\/\/noti-america.com\/site\/ecuador\/wp-json\/wp\/v2\/posts\/37061","targetHints":{"allow":["GET"]}}],"collection":[{"href":"https:\/\/noti-america.com\/site\/ecuador\/wp-json\/wp\/v2\/posts"}],"about":[{"href":"https:\/\/noti-america.com\/site\/ecuador\/wp-json\/wp\/v2\/types\/post"}],"author":[{"embeddable":true,"href":"https:\/\/noti-america.com\/site\/ecuador\/wp-json\/wp\/v2\/users\/144"}],"replies":[{"embeddable":true,"href":"https:\/\/noti-america.com\/site\/ecuador\/wp-json\/wp\/v2\/comments?post=37061"}],"version-history":[{"count":1,"href":"https:\/\/noti-america.com\/site\/ecuador\/wp-json\/wp\/v2\/posts\/37061\/revisions"}],"predecessor-version":[{"id":37063,"href":"https:\/\/noti-america.com\/site\/ecuador\/wp-json\/wp\/v2\/posts\/37061\/revisions\/37063"}],"wp:featuredmedia":[{"embeddable":true,"href":"https:\/\/noti-america.com\/site\/ecuador\/wp-json\/wp\/v2\/media\/37062"}],"wp:attachment":[{"href":"https:\/\/noti-america.com\/site\/ecuador\/wp-json\/wp\/v2\/media?parent=37061"}],"wp:term":[{"taxonomy":"category","embeddable":true,"href":"https:\/\/noti-america.com\/site\/ecuador\/wp-json\/wp\/v2\/categories?post=37061"},{"taxonomy":"post_tag","embeddable":true,"href":"https:\/\/noti-america.com\/site\/ecuador\/wp-json\/wp\/v2\/tags?post=37061"}],"curies":[{"name":"wp","href":"https:\/\/api.w.org\/{rel}","templated":true}]}}