{"id":37031,"date":"2026-02-19T02:59:55","date_gmt":"2026-02-19T02:59:55","guid":{"rendered":"https:\/\/noti-america.com\/site\/ecuador\/?p=37031"},"modified":"2026-02-19T02:59:55","modified_gmt":"2026-02-19T02:59:55","slug":"patente-municipal-obligacion-anual-para-negocios-en-ecuador","status":"publish","type":"post","link":"https:\/\/noti-america.com\/site\/ecuador\/2026\/02\/19\/patente-municipal-obligacion-anual-para-negocios-en-ecuador\/","title":{"rendered":"Patente municipal: obligaci\u00f3n anual para negocios en Ecuador"},"content":{"rendered":"<p><strong>NOTI-AMERICA.COM | ECUADOR.<\/strong><\/p>\n<p style=\"text-align: justify\"><img loading=\"lazy\" decoding=\"async\" class=\"size-medium wp-image-37032 aligncenter\" src=\"https:\/\/noti-america.com\/site\/ecuador\/wp-content\/uploads\/sites\/18\/2026\/02\/IMG-20260218-WA0295-300x243.jpg\" alt=\"\" width=\"300\" height=\"243\" srcset=\"https:\/\/noti-america.com\/site\/ecuador\/wp-content\/uploads\/sites\/18\/2026\/02\/IMG-20260218-WA0295-300x243.jpg 300w, https:\/\/noti-america.com\/site\/ecuador\/wp-content\/uploads\/sites\/18\/2026\/02\/IMG-20260218-WA0295-1024x830.jpg 1024w, https:\/\/noti-america.com\/site\/ecuador\/wp-content\/uploads\/sites\/18\/2026\/02\/IMG-20260218-WA0295-768x623.jpg 768w, https:\/\/noti-america.com\/site\/ecuador\/wp-content\/uploads\/sites\/18\/2026\/02\/IMG-20260218-WA0295.jpg 1026w\" sizes=\"auto, (max-width: 300px) 100vw, 300px\" \/>El pago de la patente municipal es una obligaci\u00f3n anual para todas las personas naturales y jur\u00eddicas que realizan actividades econ\u00f3micas en Ecuador. Este impuesto local, que debe gestionarse en el municipio donde opera el contribuyente, habilita el ejercicio de actividades comerciales y profesionales y su valor se determina seg\u00fan el patrimonio declarado, en funci\u00f3n de informaci\u00f3n del RUC, Impuesto a la Renta, IVA y las ordenanzas de cada cant\u00f3n.<\/p>\n<p style=\"text-align: justify\">La obligaci\u00f3n aplica para profesionales independientes, comerciantes, empresas y sociedades con RUC activo y actualizado, mientras que los artesanos calificados por la Junta Nacional de Defensa del Artesano cuentan con una exenci\u00f3n. Como parte del proceso, los contribuyentes deben presentar una declaraci\u00f3n que informe al cabildo sobre las actividades econ\u00f3micas realizadas, con el fin de establecer el monto correspondiente.<\/p>\n<p style=\"text-align: justify\">Ante la complejidad del cumplimiento tributario, la plataforma de contabilidad electr\u00f3nica Sigo Cont\u00edfico se presenta como una alternativa para emprendedores y Pymes, al permitir la generaci\u00f3n autom\u00e1tica de reportes financieros e integraci\u00f3n con el SRI. Seg\u00fan su CEO, David Ortiz, la herramienta facilita la preparaci\u00f3n de la informaci\u00f3n requerida por los municipios, reduciendo errores y el riesgo de sanciones en el proceso.<\/p>\n","protected":false},"excerpt":{"rendered":"<p>NOTI-AMERICA.COM | ECUADOR. El pago de la patente municipal es una obligaci\u00f3n anual para todas las personas naturales y jur\u00eddicas que realizan actividades econ\u00f3micas en Ecuador. Este impuesto local, que debe gestionarse en el&#46;&#46;&#46;<\/p>\n","protected":false},"author":144,"featured_media":37032,"comment_status":"open","ping_status":"open","sticky":false,"template":"","format":"standard","meta":{"_acf_changed":false,"om_disable_all_campaigns":false,"rop_custom_images_group":[],"rop_custom_messages_group":[],"rop_publish_now":"initial","rop_publish_now_accounts":{"twitter_242054905_242054905":""},"rop_publish_now_history":[],"rop_publish_now_status":"pending","_uf_show_specific_survey":0,"_uf_disable_surveys":false,"footnotes":""},"categories":[1],"tags":[],"class_list":["post-37031","post","type-post","status-publish","format-standard","has-post-thumbnail","hentry","category-uncategorized"],"acf":[],"aioseo_notices":[],"yoast_head":"<!-- This site is optimized with the Yoast SEO Premium plugin v24.9 (Yoast SEO v27.2) - https:\/\/yoast.com\/product\/yoast-seo-premium-wordpress\/ -->\n<title>Patente municipal: obligaci\u00f3n anual para negocios en Ecuador - Ecuador | Noti-America.com<\/title>\n<meta name=\"robots\" content=\"index, follow, max-snippet:-1, max-image-preview:large, max-video-preview:-1\" \/>\n<link rel=\"canonical\" href=\"https:\/\/noti-america.com\/site\/ecuador\/2026\/02\/19\/patente-municipal-obligacion-anual-para-negocios-en-ecuador\/\" \/>\n<meta property=\"og:locale\" content=\"es_ES\" \/>\n<meta property=\"og:type\" content=\"article\" \/>\n<meta property=\"og:title\" content=\"Patente municipal: obligaci\u00f3n anual para negocios en Ecuador\" \/>\n<meta property=\"og:description\" content=\"NOTI-AMERICA.COM | ECUADOR. El pago de la patente municipal es una obligaci\u00f3n anual para todas las personas naturales y jur\u00eddicas que realizan actividades econ\u00f3micas en Ecuador. Este impuesto local, que debe gestionarse en el&#046;&#046;&#046;\" \/>\n<meta property=\"og:url\" content=\"https:\/\/noti-america.com\/site\/ecuador\/2026\/02\/19\/patente-municipal-obligacion-anual-para-negocios-en-ecuador\/\" \/>\n<meta property=\"og:site_name\" content=\"Ecuador | Noti-America.com\" \/>\n<meta property=\"article:published_time\" content=\"2026-02-19T02:59:55+00:00\" \/>\n<meta property=\"og:image\" content=\"https:\/\/noti-america.com\/site\/ecuador\/wp-content\/uploads\/sites\/18\/2026\/02\/IMG-20260218-WA0295.jpg\" \/>\n\t<meta property=\"og:image:width\" content=\"1026\" \/>\n\t<meta property=\"og:image:height\" content=\"832\" \/>\n\t<meta property=\"og:image:type\" content=\"image\/jpeg\" \/>\n<meta name=\"author\" content=\"Henry Garrido\" \/>\n<meta name=\"twitter:card\" content=\"summary_large_image\" \/>\n<meta name=\"twitter:creator\" content=\"@notiamerica\" \/>\n<meta name=\"twitter:site\" content=\"@notiamerica\" \/>\n<meta name=\"twitter:label1\" content=\"Escrito por\" \/>\n\t<meta name=\"twitter:data1\" content=\"Henry Garrido\" \/>\n\t<meta name=\"twitter:label2\" content=\"Tiempo estimado de lectura\" \/>\n\t<meta name=\"twitter:data2\" content=\"2 minutos\" \/>\n<script type=\"application\/ld+json\" class=\"yoast-schema-graph\">{\"@context\":\"https:\/\/schema.org\",\"@graph\":[{\"@type\":\"Article\",\"@id\":\"https:\/\/noti-america.com\/site\/ecuador\/2026\/02\/19\/patente-municipal-obligacion-anual-para-negocios-en-ecuador\/#article\",\"isPartOf\":{\"@id\":\"https:\/\/noti-america.com\/site\/ecuador\/2026\/02\/19\/patente-municipal-obligacion-anual-para-negocios-en-ecuador\/\"},\"author\":{\"name\":\"Henry Garrido\",\"@id\":\"https:\/\/noti-america.com\/site\/ecuador\/#\/schema\/person\/00042412cfa9ecf98077f847ffadda4a\"},\"headline\":\"Patente municipal: obligaci\u00f3n anual para negocios en Ecuador\",\"datePublished\":\"2026-02-19T02:59:55+00:00\",\"mainEntityOfPage\":{\"@id\":\"https:\/\/noti-america.com\/site\/ecuador\/2026\/02\/19\/patente-municipal-obligacion-anual-para-negocios-en-ecuador\/\"},\"wordCount\":222,\"commentCount\":0,\"publisher\":{\"@id\":\"https:\/\/noti-america.com\/site\/ecuador\/#organization\"},\"image\":{\"@id\":\"https:\/\/noti-america.com\/site\/ecuador\/2026\/02\/19\/patente-municipal-obligacion-anual-para-negocios-en-ecuador\/#primaryimage\"},\"thumbnailUrl\":\"https:\/\/noti-america.com\/site\/ecuador\/wp-content\/uploads\/sites\/18\/2026\/02\/IMG-20260218-WA0295.jpg\",\"articleSection\":[\"Uncategorized\"],\"inLanguage\":\"es\",\"potentialAction\":[{\"@type\":\"CommentAction\",\"name\":\"Comment\",\"target\":[\"https:\/\/noti-america.com\/site\/ecuador\/2026\/02\/19\/patente-municipal-obligacion-anual-para-negocios-en-ecuador\/#respond\"]}]},{\"@type\":\"WebPage\",\"@id\":\"https:\/\/noti-america.com\/site\/ecuador\/2026\/02\/19\/patente-municipal-obligacion-anual-para-negocios-en-ecuador\/\",\"url\":\"https:\/\/noti-america.com\/site\/ecuador\/2026\/02\/19\/patente-municipal-obligacion-anual-para-negocios-en-ecuador\/\",\"name\":\"Patente municipal: obligaci\u00f3n anual para negocios en Ecuador - Ecuador | Noti-America.com\",\"isPartOf\":{\"@id\":\"https:\/\/noti-america.com\/site\/ecuador\/#website\"},\"primaryImageOfPage\":{\"@id\":\"https:\/\/noti-america.com\/site\/ecuador\/2026\/02\/19\/patente-municipal-obligacion-anual-para-negocios-en-ecuador\/#primaryimage\"},\"image\":{\"@id\":\"https:\/\/noti-america.com\/site\/ecuador\/2026\/02\/19\/patente-municipal-obligacion-anual-para-negocios-en-ecuador\/#primaryimage\"},\"thumbnailUrl\":\"https:\/\/noti-america.com\/site\/ecuador\/wp-content\/uploads\/sites\/18\/2026\/02\/IMG-20260218-WA0295.jpg\",\"datePublished\":\"2026-02-19T02:59:55+00:00\",\"breadcrumb\":{\"@id\":\"https:\/\/noti-america.com\/site\/ecuador\/2026\/02\/19\/patente-municipal-obligacion-anual-para-negocios-en-ecuador\/#breadcrumb\"},\"inLanguage\":\"es\",\"potentialAction\":[{\"@type\":\"ReadAction\",\"target\":[\"https:\/\/noti-america.com\/site\/ecuador\/2026\/02\/19\/patente-municipal-obligacion-anual-para-negocios-en-ecuador\/\"]}]},{\"@type\":\"ImageObject\",\"inLanguage\":\"es\",\"@id\":\"https:\/\/noti-america.com\/site\/ecuador\/2026\/02\/19\/patente-municipal-obligacion-anual-para-negocios-en-ecuador\/#primaryimage\",\"url\":\"https:\/\/noti-america.com\/site\/ecuador\/wp-content\/uploads\/sites\/18\/2026\/02\/IMG-20260218-WA0295.jpg\",\"contentUrl\":\"https:\/\/noti-america.com\/site\/ecuador\/wp-content\/uploads\/sites\/18\/2026\/02\/IMG-20260218-WA0295.jpg\",\"width\":1026,\"height\":832},{\"@type\":\"BreadcrumbList\",\"@id\":\"https:\/\/noti-america.com\/site\/ecuador\/2026\/02\/19\/patente-municipal-obligacion-anual-para-negocios-en-ecuador\/#breadcrumb\",\"itemListElement\":[{\"@type\":\"ListItem\",\"position\":1,\"name\":\"Portada\",\"item\":\"https:\/\/noti-america.com\/site\/ecuador\/\"},{\"@type\":\"ListItem\",\"position\":2,\"name\":\"Patente municipal: obligaci\u00f3n anual para negocios en Ecuador\"}]},{\"@type\":\"WebSite\",\"@id\":\"https:\/\/noti-america.com\/site\/ecuador\/#website\",\"url\":\"https:\/\/noti-america.com\/site\/ecuador\/\",\"name\":\"Ecuador | Noti-America.com\",\"description\":\"\",\"publisher\":{\"@id\":\"https:\/\/noti-america.com\/site\/ecuador\/#organization\"},\"potentialAction\":[{\"@type\":\"SearchAction\",\"target\":{\"@type\":\"EntryPoint\",\"urlTemplate\":\"https:\/\/noti-america.com\/site\/ecuador\/?s={search_term_string}\"},\"query-input\":{\"@type\":\"PropertyValueSpecification\",\"valueRequired\":true,\"valueName\":\"search_term_string\"}}],\"inLanguage\":\"es\"},{\"@type\":\"Organization\",\"@id\":\"https:\/\/noti-america.com\/site\/ecuador\/#organization\",\"name\":\"Noti-America LLC | Ecuador\",\"url\":\"https:\/\/noti-america.com\/site\/ecuador\/\",\"logo\":{\"@type\":\"ImageObject\",\"inLanguage\":\"es\",\"@id\":\"https:\/\/noti-america.com\/site\/ecuador\/#\/schema\/logo\/image\/\",\"url\":\"https:\/\/noti-america.com\/site\/ecuador\/wp-content\/uploads\/sites\/18\/2020\/07\/LogoNA-4x3-1.jpg\",\"contentUrl\":\"https:\/\/noti-america.com\/site\/ecuador\/wp-content\/uploads\/sites\/18\/2020\/07\/LogoNA-4x3-1.jpg\",\"width\":1236,\"height\":1080,\"caption\":\"Noti-America LLC | Ecuador\"},\"image\":{\"@id\":\"https:\/\/noti-america.com\/site\/ecuador\/#\/schema\/logo\/image\/\"},\"sameAs\":[\"https:\/\/x.com\/notiamerica\"]},{\"@type\":\"Person\",\"@id\":\"https:\/\/noti-america.com\/site\/ecuador\/#\/schema\/person\/00042412cfa9ecf98077f847ffadda4a\",\"name\":\"Henry Garrido\",\"image\":{\"@type\":\"ImageObject\",\"inLanguage\":\"es\",\"@id\":\"https:\/\/secure.gravatar.com\/avatar\/749ae5a1e6f22cf042f04b9f3f0a22732ae36970ccfd5c54a0a2ac3c4e1166ed?s=96&d=mm&r=g\",\"url\":\"https:\/\/secure.gravatar.com\/avatar\/749ae5a1e6f22cf042f04b9f3f0a22732ae36970ccfd5c54a0a2ac3c4e1166ed?s=96&d=mm&r=g\",\"contentUrl\":\"https:\/\/secure.gravatar.com\/avatar\/749ae5a1e6f22cf042f04b9f3f0a22732ae36970ccfd5c54a0a2ac3c4e1166ed?s=96&d=mm&r=g\",\"caption\":\"Henry Garrido\"},\"url\":\"https:\/\/noti-america.com\/site\/ecuador\/author\/hgarrido\/\"}]}<\/script>\n<!-- \/ Yoast SEO Premium plugin. -->","yoast_head_json":{"title":"Patente municipal: obligaci\u00f3n anual para negocios en Ecuador - Ecuador | Noti-America.com","robots":{"index":"index","follow":"follow","max-snippet":"max-snippet:-1","max-image-preview":"max-image-preview:large","max-video-preview":"max-video-preview:-1"},"canonical":"https:\/\/noti-america.com\/site\/ecuador\/2026\/02\/19\/patente-municipal-obligacion-anual-para-negocios-en-ecuador\/","og_locale":"es_ES","og_type":"article","og_title":"Patente municipal: obligaci\u00f3n anual para negocios en Ecuador","og_description":"NOTI-AMERICA.COM | ECUADOR. El pago de la patente municipal es una obligaci\u00f3n anual para todas las personas naturales y jur\u00eddicas que realizan actividades econ\u00f3micas en Ecuador. Este impuesto local, que debe gestionarse en el&#46;&#46;&#46;","og_url":"https:\/\/noti-america.com\/site\/ecuador\/2026\/02\/19\/patente-municipal-obligacion-anual-para-negocios-en-ecuador\/","og_site_name":"Ecuador | Noti-America.com","article_published_time":"2026-02-19T02:59:55+00:00","og_image":[{"width":1026,"height":832,"url":"https:\/\/noti-america.com\/site\/ecuador\/wp-content\/uploads\/sites\/18\/2026\/02\/IMG-20260218-WA0295.jpg","type":"image\/jpeg"}],"author":"Henry Garrido","twitter_card":"summary_large_image","twitter_creator":"@notiamerica","twitter_site":"@notiamerica","twitter_misc":{"Escrito por":"Henry Garrido","Tiempo estimado de lectura":"2 minutos"},"schema":{"@context":"https:\/\/schema.org","@graph":[{"@type":"Article","@id":"https:\/\/noti-america.com\/site\/ecuador\/2026\/02\/19\/patente-municipal-obligacion-anual-para-negocios-en-ecuador\/#article","isPartOf":{"@id":"https:\/\/noti-america.com\/site\/ecuador\/2026\/02\/19\/patente-municipal-obligacion-anual-para-negocios-en-ecuador\/"},"author":{"name":"Henry Garrido","@id":"https:\/\/noti-america.com\/site\/ecuador\/#\/schema\/person\/00042412cfa9ecf98077f847ffadda4a"},"headline":"Patente municipal: obligaci\u00f3n anual para negocios en Ecuador","datePublished":"2026-02-19T02:59:55+00:00","mainEntityOfPage":{"@id":"https:\/\/noti-america.com\/site\/ecuador\/2026\/02\/19\/patente-municipal-obligacion-anual-para-negocios-en-ecuador\/"},"wordCount":222,"commentCount":0,"publisher":{"@id":"https:\/\/noti-america.com\/site\/ecuador\/#organization"},"image":{"@id":"https:\/\/noti-america.com\/site\/ecuador\/2026\/02\/19\/patente-municipal-obligacion-anual-para-negocios-en-ecuador\/#primaryimage"},"thumbnailUrl":"https:\/\/noti-america.com\/site\/ecuador\/wp-content\/uploads\/sites\/18\/2026\/02\/IMG-20260218-WA0295.jpg","articleSection":["Uncategorized"],"inLanguage":"es","potentialAction":[{"@type":"CommentAction","name":"Comment","target":["https:\/\/noti-america.com\/site\/ecuador\/2026\/02\/19\/patente-municipal-obligacion-anual-para-negocios-en-ecuador\/#respond"]}]},{"@type":"WebPage","@id":"https:\/\/noti-america.com\/site\/ecuador\/2026\/02\/19\/patente-municipal-obligacion-anual-para-negocios-en-ecuador\/","url":"https:\/\/noti-america.com\/site\/ecuador\/2026\/02\/19\/patente-municipal-obligacion-anual-para-negocios-en-ecuador\/","name":"Patente municipal: obligaci\u00f3n anual para negocios en Ecuador - Ecuador | Noti-America.com","isPartOf":{"@id":"https:\/\/noti-america.com\/site\/ecuador\/#website"},"primaryImageOfPage":{"@id":"https:\/\/noti-america.com\/site\/ecuador\/2026\/02\/19\/patente-municipal-obligacion-anual-para-negocios-en-ecuador\/#primaryimage"},"image":{"@id":"https:\/\/noti-america.com\/site\/ecuador\/2026\/02\/19\/patente-municipal-obligacion-anual-para-negocios-en-ecuador\/#primaryimage"},"thumbnailUrl":"https:\/\/noti-america.com\/site\/ecuador\/wp-content\/uploads\/sites\/18\/2026\/02\/IMG-20260218-WA0295.jpg","datePublished":"2026-02-19T02:59:55+00:00","breadcrumb":{"@id":"https:\/\/noti-america.com\/site\/ecuador\/2026\/02\/19\/patente-municipal-obligacion-anual-para-negocios-en-ecuador\/#breadcrumb"},"inLanguage":"es","potentialAction":[{"@type":"ReadAction","target":["https:\/\/noti-america.com\/site\/ecuador\/2026\/02\/19\/patente-municipal-obligacion-anual-para-negocios-en-ecuador\/"]}]},{"@type":"ImageObject","inLanguage":"es","@id":"https:\/\/noti-america.com\/site\/ecuador\/2026\/02\/19\/patente-municipal-obligacion-anual-para-negocios-en-ecuador\/#primaryimage","url":"https:\/\/noti-america.com\/site\/ecuador\/wp-content\/uploads\/sites\/18\/2026\/02\/IMG-20260218-WA0295.jpg","contentUrl":"https:\/\/noti-america.com\/site\/ecuador\/wp-content\/uploads\/sites\/18\/2026\/02\/IMG-20260218-WA0295.jpg","width":1026,"height":832},{"@type":"BreadcrumbList","@id":"https:\/\/noti-america.com\/site\/ecuador\/2026\/02\/19\/patente-municipal-obligacion-anual-para-negocios-en-ecuador\/#breadcrumb","itemListElement":[{"@type":"ListItem","position":1,"name":"Portada","item":"https:\/\/noti-america.com\/site\/ecuador\/"},{"@type":"ListItem","position":2,"name":"Patente municipal: obligaci\u00f3n anual para negocios en Ecuador"}]},{"@type":"WebSite","@id":"https:\/\/noti-america.com\/site\/ecuador\/#website","url":"https:\/\/noti-america.com\/site\/ecuador\/","name":"Ecuador | Noti-America.com","description":"","publisher":{"@id":"https:\/\/noti-america.com\/site\/ecuador\/#organization"},"potentialAction":[{"@type":"SearchAction","target":{"@type":"EntryPoint","urlTemplate":"https:\/\/noti-america.com\/site\/ecuador\/?s={search_term_string}"},"query-input":{"@type":"PropertyValueSpecification","valueRequired":true,"valueName":"search_term_string"}}],"inLanguage":"es"},{"@type":"Organization","@id":"https:\/\/noti-america.com\/site\/ecuador\/#organization","name":"Noti-America LLC | Ecuador","url":"https:\/\/noti-america.com\/site\/ecuador\/","logo":{"@type":"ImageObject","inLanguage":"es","@id":"https:\/\/noti-america.com\/site\/ecuador\/#\/schema\/logo\/image\/","url":"https:\/\/noti-america.com\/site\/ecuador\/wp-content\/uploads\/sites\/18\/2020\/07\/LogoNA-4x3-1.jpg","contentUrl":"https:\/\/noti-america.com\/site\/ecuador\/wp-content\/uploads\/sites\/18\/2020\/07\/LogoNA-4x3-1.jpg","width":1236,"height":1080,"caption":"Noti-America LLC | Ecuador"},"image":{"@id":"https:\/\/noti-america.com\/site\/ecuador\/#\/schema\/logo\/image\/"},"sameAs":["https:\/\/x.com\/notiamerica"]},{"@type":"Person","@id":"https:\/\/noti-america.com\/site\/ecuador\/#\/schema\/person\/00042412cfa9ecf98077f847ffadda4a","name":"Henry Garrido","image":{"@type":"ImageObject","inLanguage":"es","@id":"https:\/\/secure.gravatar.com\/avatar\/749ae5a1e6f22cf042f04b9f3f0a22732ae36970ccfd5c54a0a2ac3c4e1166ed?s=96&d=mm&r=g","url":"https:\/\/secure.gravatar.com\/avatar\/749ae5a1e6f22cf042f04b9f3f0a22732ae36970ccfd5c54a0a2ac3c4e1166ed?s=96&d=mm&r=g","contentUrl":"https:\/\/secure.gravatar.com\/avatar\/749ae5a1e6f22cf042f04b9f3f0a22732ae36970ccfd5c54a0a2ac3c4e1166ed?s=96&d=mm&r=g","caption":"Henry Garrido"},"url":"https:\/\/noti-america.com\/site\/ecuador\/author\/hgarrido\/"}]}},"_links":{"self":[{"href":"https:\/\/noti-america.com\/site\/ecuador\/wp-json\/wp\/v2\/posts\/37031","targetHints":{"allow":["GET"]}}],"collection":[{"href":"https:\/\/noti-america.com\/site\/ecuador\/wp-json\/wp\/v2\/posts"}],"about":[{"href":"https:\/\/noti-america.com\/site\/ecuador\/wp-json\/wp\/v2\/types\/post"}],"author":[{"embeddable":true,"href":"https:\/\/noti-america.com\/site\/ecuador\/wp-json\/wp\/v2\/users\/144"}],"replies":[{"embeddable":true,"href":"https:\/\/noti-america.com\/site\/ecuador\/wp-json\/wp\/v2\/comments?post=37031"}],"version-history":[{"count":1,"href":"https:\/\/noti-america.com\/site\/ecuador\/wp-json\/wp\/v2\/posts\/37031\/revisions"}],"predecessor-version":[{"id":37033,"href":"https:\/\/noti-america.com\/site\/ecuador\/wp-json\/wp\/v2\/posts\/37031\/revisions\/37033"}],"wp:featuredmedia":[{"embeddable":true,"href":"https:\/\/noti-america.com\/site\/ecuador\/wp-json\/wp\/v2\/media\/37032"}],"wp:attachment":[{"href":"https:\/\/noti-america.com\/site\/ecuador\/wp-json\/wp\/v2\/media?parent=37031"}],"wp:term":[{"taxonomy":"category","embeddable":true,"href":"https:\/\/noti-america.com\/site\/ecuador\/wp-json\/wp\/v2\/categories?post=37031"},{"taxonomy":"post_tag","embeddable":true,"href":"https:\/\/noti-america.com\/site\/ecuador\/wp-json\/wp\/v2\/tags?post=37031"}],"curies":[{"name":"wp","href":"https:\/\/api.w.org\/{rel}","templated":true}]}}