{"id":36977,"date":"2026-02-13T01:48:38","date_gmt":"2026-02-13T01:48:38","guid":{"rendered":"https:\/\/noti-america.com\/site\/ecuador\/?p=36977"},"modified":"2026-02-13T01:48:38","modified_gmt":"2026-02-13T01:48:38","slug":"sonda-crece-26-en-2025-y-fortalece-su-apuesta-tecnologica-en-la-region","status":"publish","type":"post","link":"https:\/\/noti-america.com\/site\/ecuador\/2026\/02\/13\/sonda-crece-26-en-2025-y-fortalece-su-apuesta-tecnologica-en-la-region\/","title":{"rendered":"SONDA crece 2,6% en 2025 y fortalece su apuesta tecnol\u00f3gica en la regi\u00f3n"},"content":{"rendered":"<p><strong>NOTI-AMERICA.COM | ECUADOR.<\/strong><\/p>\n<p style=\"text-align: justify\"><img loading=\"lazy\" decoding=\"async\" class=\"size-medium wp-image-36978 aligncenter\" src=\"https:\/\/noti-america.com\/site\/ecuador\/wp-content\/uploads\/sites\/18\/2026\/02\/IMG-20260212-WA0701-300x200.jpg\" alt=\"\" width=\"300\" height=\"200\" srcset=\"https:\/\/noti-america.com\/site\/ecuador\/wp-content\/uploads\/sites\/18\/2026\/02\/IMG-20260212-WA0701-300x200.jpg 300w, https:\/\/noti-america.com\/site\/ecuador\/wp-content\/uploads\/sites\/18\/2026\/02\/IMG-20260212-WA0701-1024x683.jpg 1024w, https:\/\/noti-america.com\/site\/ecuador\/wp-content\/uploads\/sites\/18\/2026\/02\/IMG-20260212-WA0701-768x512.jpg 768w, https:\/\/noti-america.com\/site\/ecuador\/wp-content\/uploads\/sites\/18\/2026\/02\/IMG-20260212-WA0701-1536x1024.jpg 1536w, https:\/\/noti-america.com\/site\/ecuador\/wp-content\/uploads\/sites\/18\/2026\/02\/IMG-20260212-WA0701-272x182.jpg 272w, https:\/\/noti-america.com\/site\/ecuador\/wp-content\/uploads\/sites\/18\/2026\/02\/IMG-20260212-WA0701.jpg 1599w\" sizes=\"auto, (max-width: 300px) 100vw, 300px\" \/>SONDA cerr\u00f3 el 2025 con ingresos consolidados por US$ 1.592 millones, lo que representa un crecimiento de 2,6% frente al a\u00f1o anterior. La compa\u00f1\u00eda atribuy\u00f3 este resultado al avance de su plan estrat\u00e9gico y a la transici\u00f3n hacia proyectos de mayor valor agregado, enfocados en soluciones tecnol\u00f3gicas complejas para impulsar la transformaci\u00f3n digital de empresas y entidades p\u00fablicas en Am\u00e9rica Latina.<\/p>\n<p style=\"text-align: justify\">El EBITDA alcanz\u00f3 los US$ 127 millones, un 16,6% menos que en 2024, debido principalmente a mayores provisiones por incobrabilidad, el incremento del esfuerzo comercial y la estabilizaci\u00f3n de algunos proyectos. En tanto, la utilidad neta atribuible a la controladora se ubic\u00f3 en US$ 18,7 millones, afectada por un menor resultado operacional y mayores costos financieros.<\/p>\n<p style=\"text-align: justify\">Durante el \u00faltimo trimestre del a\u00f1o, la empresa concret\u00f3 importantes contratos en la regi\u00f3n, incluyendo proyectos de software e infraestructura tecnol\u00f3gica en Chile y Brasil, as\u00ed como implementaciones estrat\u00e9gicas en Colombia, Uruguay, Per\u00fa y Panam\u00e1. En Ecuador, la firma destac\u00f3 su participaci\u00f3n en soluciones de Workplace Services, Cloud y Ciberseguridad para distintos sectores empresariales.<\/p>\n<p style=\"text-align: justify\">De cara a 2026, SONDA reporta un inicio con alto dinamismo comercial y la adjudicaci\u00f3n de proyectos de gran escala en la regi\u00f3n. La compa\u00f1\u00eda asegur\u00f3 que continuar\u00e1 fortaleciendo su presencia en mercados clave, incluido Ecuador, con el objetivo de impulsar la eficiencia, continuidad operativa y competitividad de las organizaciones mediante soluciones tecnol\u00f3gicas integrales.<\/p>\n","protected":false},"excerpt":{"rendered":"<p>NOTI-AMERICA.COM | ECUADOR. SONDA cerr\u00f3 el 2025 con ingresos consolidados por US$ 1.592 millones, lo que representa un crecimiento de 2,6% frente al a\u00f1o anterior. La compa\u00f1\u00eda atribuy\u00f3 este resultado al avance de su&#46;&#46;&#46;<\/p>\n","protected":false},"author":144,"featured_media":36978,"comment_status":"open","ping_status":"open","sticky":false,"template":"","format":"standard","meta":{"_acf_changed":false,"om_disable_all_campaigns":false,"rop_custom_images_group":[],"rop_custom_messages_group":[],"rop_publish_now":"initial","rop_publish_now_accounts":{"twitter_242054905_242054905":""},"rop_publish_now_history":[],"rop_publish_now_status":"pending","_uf_show_specific_survey":0,"_uf_disable_surveys":false,"footnotes":""},"categories":[1],"tags":[],"class_list":["post-36977","post","type-post","status-publish","format-standard","has-post-thumbnail","hentry","category-uncategorized"],"acf":[],"aioseo_notices":[],"yoast_head":"<!-- This site is optimized with the Yoast SEO Premium plugin v24.9 (Yoast SEO v27.2) - https:\/\/yoast.com\/product\/yoast-seo-premium-wordpress\/ -->\n<title>SONDA crece 2,6% en 2025 y fortalece su apuesta tecnol\u00f3gica en la regi\u00f3n - Ecuador | Noti-America.com<\/title>\n<meta name=\"robots\" content=\"index, follow, max-snippet:-1, max-image-preview:large, max-video-preview:-1\" \/>\n<link rel=\"canonical\" href=\"https:\/\/noti-america.com\/site\/ecuador\/2026\/02\/13\/sonda-crece-26-en-2025-y-fortalece-su-apuesta-tecnologica-en-la-region\/\" \/>\n<meta property=\"og:locale\" content=\"es_ES\" \/>\n<meta property=\"og:type\" content=\"article\" \/>\n<meta property=\"og:title\" content=\"SONDA crece 2,6% en 2025 y fortalece su apuesta tecnol\u00f3gica en la regi\u00f3n\" \/>\n<meta property=\"og:description\" content=\"NOTI-AMERICA.COM | ECUADOR. SONDA cerr\u00f3 el 2025 con ingresos consolidados por US$ 1.592 millones, lo que representa un crecimiento de 2,6% frente al a\u00f1o anterior. La compa\u00f1\u00eda atribuy\u00f3 este resultado al avance de su&#046;&#046;&#046;\" \/>\n<meta property=\"og:url\" content=\"https:\/\/noti-america.com\/site\/ecuador\/2026\/02\/13\/sonda-crece-26-en-2025-y-fortalece-su-apuesta-tecnologica-en-la-region\/\" \/>\n<meta property=\"og:site_name\" content=\"Ecuador | Noti-America.com\" \/>\n<meta property=\"article:published_time\" content=\"2026-02-13T01:48:38+00:00\" \/>\n<meta property=\"og:image\" content=\"https:\/\/noti-america.com\/site\/ecuador\/wp-content\/uploads\/sites\/18\/2026\/02\/IMG-20260212-WA0701.jpg\" \/>\n\t<meta property=\"og:image:width\" content=\"1599\" \/>\n\t<meta property=\"og:image:height\" content=\"1066\" \/>\n\t<meta property=\"og:image:type\" content=\"image\/jpeg\" \/>\n<meta name=\"author\" content=\"Henry Garrido\" \/>\n<meta name=\"twitter:card\" content=\"summary_large_image\" \/>\n<meta name=\"twitter:creator\" content=\"@notiamerica\" \/>\n<meta name=\"twitter:site\" content=\"@notiamerica\" \/>\n<meta name=\"twitter:label1\" content=\"Escrito por\" \/>\n\t<meta name=\"twitter:data1\" content=\"Henry Garrido\" \/>\n\t<meta name=\"twitter:label2\" content=\"Tiempo estimado de lectura\" \/>\n\t<meta name=\"twitter:data2\" content=\"2 minutos\" \/>\n<script type=\"application\/ld+json\" class=\"yoast-schema-graph\">{\"@context\":\"https:\/\/schema.org\",\"@graph\":[{\"@type\":\"Article\",\"@id\":\"https:\/\/noti-america.com\/site\/ecuador\/2026\/02\/13\/sonda-crece-26-en-2025-y-fortalece-su-apuesta-tecnologica-en-la-region\/#article\",\"isPartOf\":{\"@id\":\"https:\/\/noti-america.com\/site\/ecuador\/2026\/02\/13\/sonda-crece-26-en-2025-y-fortalece-su-apuesta-tecnologica-en-la-region\/\"},\"author\":{\"name\":\"Henry Garrido\",\"@id\":\"https:\/\/noti-america.com\/site\/ecuador\/#\/schema\/person\/00042412cfa9ecf98077f847ffadda4a\"},\"headline\":\"SONDA crece 2,6% en 2025 y fortalece su apuesta tecnol\u00f3gica en la regi\u00f3n\",\"datePublished\":\"2026-02-13T01:48:38+00:00\",\"mainEntityOfPage\":{\"@id\":\"https:\/\/noti-america.com\/site\/ecuador\/2026\/02\/13\/sonda-crece-26-en-2025-y-fortalece-su-apuesta-tecnologica-en-la-region\/\"},\"wordCount\":251,\"commentCount\":0,\"publisher\":{\"@id\":\"https:\/\/noti-america.com\/site\/ecuador\/#organization\"},\"image\":{\"@id\":\"https:\/\/noti-america.com\/site\/ecuador\/2026\/02\/13\/sonda-crece-26-en-2025-y-fortalece-su-apuesta-tecnologica-en-la-region\/#primaryimage\"},\"thumbnailUrl\":\"https:\/\/noti-america.com\/site\/ecuador\/wp-content\/uploads\/sites\/18\/2026\/02\/IMG-20260212-WA0701.jpg\",\"articleSection\":[\"Uncategorized\"],\"inLanguage\":\"es\",\"potentialAction\":[{\"@type\":\"CommentAction\",\"name\":\"Comment\",\"target\":[\"https:\/\/noti-america.com\/site\/ecuador\/2026\/02\/13\/sonda-crece-26-en-2025-y-fortalece-su-apuesta-tecnologica-en-la-region\/#respond\"]}]},{\"@type\":\"WebPage\",\"@id\":\"https:\/\/noti-america.com\/site\/ecuador\/2026\/02\/13\/sonda-crece-26-en-2025-y-fortalece-su-apuesta-tecnologica-en-la-region\/\",\"url\":\"https:\/\/noti-america.com\/site\/ecuador\/2026\/02\/13\/sonda-crece-26-en-2025-y-fortalece-su-apuesta-tecnologica-en-la-region\/\",\"name\":\"SONDA crece 2,6% en 2025 y fortalece su apuesta tecnol\u00f3gica en la regi\u00f3n - Ecuador | Noti-America.com\",\"isPartOf\":{\"@id\":\"https:\/\/noti-america.com\/site\/ecuador\/#website\"},\"primaryImageOfPage\":{\"@id\":\"https:\/\/noti-america.com\/site\/ecuador\/2026\/02\/13\/sonda-crece-26-en-2025-y-fortalece-su-apuesta-tecnologica-en-la-region\/#primaryimage\"},\"image\":{\"@id\":\"https:\/\/noti-america.com\/site\/ecuador\/2026\/02\/13\/sonda-crece-26-en-2025-y-fortalece-su-apuesta-tecnologica-en-la-region\/#primaryimage\"},\"thumbnailUrl\":\"https:\/\/noti-america.com\/site\/ecuador\/wp-content\/uploads\/sites\/18\/2026\/02\/IMG-20260212-WA0701.jpg\",\"datePublished\":\"2026-02-13T01:48:38+00:00\",\"breadcrumb\":{\"@id\":\"https:\/\/noti-america.com\/site\/ecuador\/2026\/02\/13\/sonda-crece-26-en-2025-y-fortalece-su-apuesta-tecnologica-en-la-region\/#breadcrumb\"},\"inLanguage\":\"es\",\"potentialAction\":[{\"@type\":\"ReadAction\",\"target\":[\"https:\/\/noti-america.com\/site\/ecuador\/2026\/02\/13\/sonda-crece-26-en-2025-y-fortalece-su-apuesta-tecnologica-en-la-region\/\"]}]},{\"@type\":\"ImageObject\",\"inLanguage\":\"es\",\"@id\":\"https:\/\/noti-america.com\/site\/ecuador\/2026\/02\/13\/sonda-crece-26-en-2025-y-fortalece-su-apuesta-tecnologica-en-la-region\/#primaryimage\",\"url\":\"https:\/\/noti-america.com\/site\/ecuador\/wp-content\/uploads\/sites\/18\/2026\/02\/IMG-20260212-WA0701.jpg\",\"contentUrl\":\"https:\/\/noti-america.com\/site\/ecuador\/wp-content\/uploads\/sites\/18\/2026\/02\/IMG-20260212-WA0701.jpg\",\"width\":1599,\"height\":1066},{\"@type\":\"BreadcrumbList\",\"@id\":\"https:\/\/noti-america.com\/site\/ecuador\/2026\/02\/13\/sonda-crece-26-en-2025-y-fortalece-su-apuesta-tecnologica-en-la-region\/#breadcrumb\",\"itemListElement\":[{\"@type\":\"ListItem\",\"position\":1,\"name\":\"Portada\",\"item\":\"https:\/\/noti-america.com\/site\/ecuador\/\"},{\"@type\":\"ListItem\",\"position\":2,\"name\":\"SONDA crece 2,6% en 2025 y fortalece su apuesta tecnol\u00f3gica en la regi\u00f3n\"}]},{\"@type\":\"WebSite\",\"@id\":\"https:\/\/noti-america.com\/site\/ecuador\/#website\",\"url\":\"https:\/\/noti-america.com\/site\/ecuador\/\",\"name\":\"Ecuador | Noti-America.com\",\"description\":\"\",\"publisher\":{\"@id\":\"https:\/\/noti-america.com\/site\/ecuador\/#organization\"},\"potentialAction\":[{\"@type\":\"SearchAction\",\"target\":{\"@type\":\"EntryPoint\",\"urlTemplate\":\"https:\/\/noti-america.com\/site\/ecuador\/?s={search_term_string}\"},\"query-input\":{\"@type\":\"PropertyValueSpecification\",\"valueRequired\":true,\"valueName\":\"search_term_string\"}}],\"inLanguage\":\"es\"},{\"@type\":\"Organization\",\"@id\":\"https:\/\/noti-america.com\/site\/ecuador\/#organization\",\"name\":\"Noti-America LLC | Ecuador\",\"url\":\"https:\/\/noti-america.com\/site\/ecuador\/\",\"logo\":{\"@type\":\"ImageObject\",\"inLanguage\":\"es\",\"@id\":\"https:\/\/noti-america.com\/site\/ecuador\/#\/schema\/logo\/image\/\",\"url\":\"https:\/\/noti-america.com\/site\/ecuador\/wp-content\/uploads\/sites\/18\/2020\/07\/LogoNA-4x3-1.jpg\",\"contentUrl\":\"https:\/\/noti-america.com\/site\/ecuador\/wp-content\/uploads\/sites\/18\/2020\/07\/LogoNA-4x3-1.jpg\",\"width\":1236,\"height\":1080,\"caption\":\"Noti-America LLC | Ecuador\"},\"image\":{\"@id\":\"https:\/\/noti-america.com\/site\/ecuador\/#\/schema\/logo\/image\/\"},\"sameAs\":[\"https:\/\/x.com\/notiamerica\"]},{\"@type\":\"Person\",\"@id\":\"https:\/\/noti-america.com\/site\/ecuador\/#\/schema\/person\/00042412cfa9ecf98077f847ffadda4a\",\"name\":\"Henry Garrido\",\"image\":{\"@type\":\"ImageObject\",\"inLanguage\":\"es\",\"@id\":\"https:\/\/secure.gravatar.com\/avatar\/749ae5a1e6f22cf042f04b9f3f0a22732ae36970ccfd5c54a0a2ac3c4e1166ed?s=96&d=mm&r=g\",\"url\":\"https:\/\/secure.gravatar.com\/avatar\/749ae5a1e6f22cf042f04b9f3f0a22732ae36970ccfd5c54a0a2ac3c4e1166ed?s=96&d=mm&r=g\",\"contentUrl\":\"https:\/\/secure.gravatar.com\/avatar\/749ae5a1e6f22cf042f04b9f3f0a22732ae36970ccfd5c54a0a2ac3c4e1166ed?s=96&d=mm&r=g\",\"caption\":\"Henry Garrido\"},\"url\":\"https:\/\/noti-america.com\/site\/ecuador\/author\/hgarrido\/\"}]}<\/script>\n<!-- \/ Yoast SEO Premium plugin. -->","yoast_head_json":{"title":"SONDA crece 2,6% en 2025 y fortalece su apuesta tecnol\u00f3gica en la regi\u00f3n - Ecuador | Noti-America.com","robots":{"index":"index","follow":"follow","max-snippet":"max-snippet:-1","max-image-preview":"max-image-preview:large","max-video-preview":"max-video-preview:-1"},"canonical":"https:\/\/noti-america.com\/site\/ecuador\/2026\/02\/13\/sonda-crece-26-en-2025-y-fortalece-su-apuesta-tecnologica-en-la-region\/","og_locale":"es_ES","og_type":"article","og_title":"SONDA crece 2,6% en 2025 y fortalece su apuesta tecnol\u00f3gica en la regi\u00f3n","og_description":"NOTI-AMERICA.COM | ECUADOR. SONDA cerr\u00f3 el 2025 con ingresos consolidados por US$ 1.592 millones, lo que representa un crecimiento de 2,6% frente al a\u00f1o anterior. La compa\u00f1\u00eda atribuy\u00f3 este resultado al avance de su&#46;&#46;&#46;","og_url":"https:\/\/noti-america.com\/site\/ecuador\/2026\/02\/13\/sonda-crece-26-en-2025-y-fortalece-su-apuesta-tecnologica-en-la-region\/","og_site_name":"Ecuador | Noti-America.com","article_published_time":"2026-02-13T01:48:38+00:00","og_image":[{"width":1599,"height":1066,"url":"https:\/\/noti-america.com\/site\/ecuador\/wp-content\/uploads\/sites\/18\/2026\/02\/IMG-20260212-WA0701.jpg","type":"image\/jpeg"}],"author":"Henry Garrido","twitter_card":"summary_large_image","twitter_creator":"@notiamerica","twitter_site":"@notiamerica","twitter_misc":{"Escrito por":"Henry Garrido","Tiempo estimado de lectura":"2 minutos"},"schema":{"@context":"https:\/\/schema.org","@graph":[{"@type":"Article","@id":"https:\/\/noti-america.com\/site\/ecuador\/2026\/02\/13\/sonda-crece-26-en-2025-y-fortalece-su-apuesta-tecnologica-en-la-region\/#article","isPartOf":{"@id":"https:\/\/noti-america.com\/site\/ecuador\/2026\/02\/13\/sonda-crece-26-en-2025-y-fortalece-su-apuesta-tecnologica-en-la-region\/"},"author":{"name":"Henry Garrido","@id":"https:\/\/noti-america.com\/site\/ecuador\/#\/schema\/person\/00042412cfa9ecf98077f847ffadda4a"},"headline":"SONDA crece 2,6% en 2025 y fortalece su apuesta tecnol\u00f3gica en la regi\u00f3n","datePublished":"2026-02-13T01:48:38+00:00","mainEntityOfPage":{"@id":"https:\/\/noti-america.com\/site\/ecuador\/2026\/02\/13\/sonda-crece-26-en-2025-y-fortalece-su-apuesta-tecnologica-en-la-region\/"},"wordCount":251,"commentCount":0,"publisher":{"@id":"https:\/\/noti-america.com\/site\/ecuador\/#organization"},"image":{"@id":"https:\/\/noti-america.com\/site\/ecuador\/2026\/02\/13\/sonda-crece-26-en-2025-y-fortalece-su-apuesta-tecnologica-en-la-region\/#primaryimage"},"thumbnailUrl":"https:\/\/noti-america.com\/site\/ecuador\/wp-content\/uploads\/sites\/18\/2026\/02\/IMG-20260212-WA0701.jpg","articleSection":["Uncategorized"],"inLanguage":"es","potentialAction":[{"@type":"CommentAction","name":"Comment","target":["https:\/\/noti-america.com\/site\/ecuador\/2026\/02\/13\/sonda-crece-26-en-2025-y-fortalece-su-apuesta-tecnologica-en-la-region\/#respond"]}]},{"@type":"WebPage","@id":"https:\/\/noti-america.com\/site\/ecuador\/2026\/02\/13\/sonda-crece-26-en-2025-y-fortalece-su-apuesta-tecnologica-en-la-region\/","url":"https:\/\/noti-america.com\/site\/ecuador\/2026\/02\/13\/sonda-crece-26-en-2025-y-fortalece-su-apuesta-tecnologica-en-la-region\/","name":"SONDA crece 2,6% en 2025 y fortalece su apuesta tecnol\u00f3gica en la regi\u00f3n - Ecuador | Noti-America.com","isPartOf":{"@id":"https:\/\/noti-america.com\/site\/ecuador\/#website"},"primaryImageOfPage":{"@id":"https:\/\/noti-america.com\/site\/ecuador\/2026\/02\/13\/sonda-crece-26-en-2025-y-fortalece-su-apuesta-tecnologica-en-la-region\/#primaryimage"},"image":{"@id":"https:\/\/noti-america.com\/site\/ecuador\/2026\/02\/13\/sonda-crece-26-en-2025-y-fortalece-su-apuesta-tecnologica-en-la-region\/#primaryimage"},"thumbnailUrl":"https:\/\/noti-america.com\/site\/ecuador\/wp-content\/uploads\/sites\/18\/2026\/02\/IMG-20260212-WA0701.jpg","datePublished":"2026-02-13T01:48:38+00:00","breadcrumb":{"@id":"https:\/\/noti-america.com\/site\/ecuador\/2026\/02\/13\/sonda-crece-26-en-2025-y-fortalece-su-apuesta-tecnologica-en-la-region\/#breadcrumb"},"inLanguage":"es","potentialAction":[{"@type":"ReadAction","target":["https:\/\/noti-america.com\/site\/ecuador\/2026\/02\/13\/sonda-crece-26-en-2025-y-fortalece-su-apuesta-tecnologica-en-la-region\/"]}]},{"@type":"ImageObject","inLanguage":"es","@id":"https:\/\/noti-america.com\/site\/ecuador\/2026\/02\/13\/sonda-crece-26-en-2025-y-fortalece-su-apuesta-tecnologica-en-la-region\/#primaryimage","url":"https:\/\/noti-america.com\/site\/ecuador\/wp-content\/uploads\/sites\/18\/2026\/02\/IMG-20260212-WA0701.jpg","contentUrl":"https:\/\/noti-america.com\/site\/ecuador\/wp-content\/uploads\/sites\/18\/2026\/02\/IMG-20260212-WA0701.jpg","width":1599,"height":1066},{"@type":"BreadcrumbList","@id":"https:\/\/noti-america.com\/site\/ecuador\/2026\/02\/13\/sonda-crece-26-en-2025-y-fortalece-su-apuesta-tecnologica-en-la-region\/#breadcrumb","itemListElement":[{"@type":"ListItem","position":1,"name":"Portada","item":"https:\/\/noti-america.com\/site\/ecuador\/"},{"@type":"ListItem","position":2,"name":"SONDA crece 2,6% en 2025 y fortalece su apuesta tecnol\u00f3gica en la regi\u00f3n"}]},{"@type":"WebSite","@id":"https:\/\/noti-america.com\/site\/ecuador\/#website","url":"https:\/\/noti-america.com\/site\/ecuador\/","name":"Ecuador | Noti-America.com","description":"","publisher":{"@id":"https:\/\/noti-america.com\/site\/ecuador\/#organization"},"potentialAction":[{"@type":"SearchAction","target":{"@type":"EntryPoint","urlTemplate":"https:\/\/noti-america.com\/site\/ecuador\/?s={search_term_string}"},"query-input":{"@type":"PropertyValueSpecification","valueRequired":true,"valueName":"search_term_string"}}],"inLanguage":"es"},{"@type":"Organization","@id":"https:\/\/noti-america.com\/site\/ecuador\/#organization","name":"Noti-America LLC | Ecuador","url":"https:\/\/noti-america.com\/site\/ecuador\/","logo":{"@type":"ImageObject","inLanguage":"es","@id":"https:\/\/noti-america.com\/site\/ecuador\/#\/schema\/logo\/image\/","url":"https:\/\/noti-america.com\/site\/ecuador\/wp-content\/uploads\/sites\/18\/2020\/07\/LogoNA-4x3-1.jpg","contentUrl":"https:\/\/noti-america.com\/site\/ecuador\/wp-content\/uploads\/sites\/18\/2020\/07\/LogoNA-4x3-1.jpg","width":1236,"height":1080,"caption":"Noti-America LLC | Ecuador"},"image":{"@id":"https:\/\/noti-america.com\/site\/ecuador\/#\/schema\/logo\/image\/"},"sameAs":["https:\/\/x.com\/notiamerica"]},{"@type":"Person","@id":"https:\/\/noti-america.com\/site\/ecuador\/#\/schema\/person\/00042412cfa9ecf98077f847ffadda4a","name":"Henry Garrido","image":{"@type":"ImageObject","inLanguage":"es","@id":"https:\/\/secure.gravatar.com\/avatar\/749ae5a1e6f22cf042f04b9f3f0a22732ae36970ccfd5c54a0a2ac3c4e1166ed?s=96&d=mm&r=g","url":"https:\/\/secure.gravatar.com\/avatar\/749ae5a1e6f22cf042f04b9f3f0a22732ae36970ccfd5c54a0a2ac3c4e1166ed?s=96&d=mm&r=g","contentUrl":"https:\/\/secure.gravatar.com\/avatar\/749ae5a1e6f22cf042f04b9f3f0a22732ae36970ccfd5c54a0a2ac3c4e1166ed?s=96&d=mm&r=g","caption":"Henry Garrido"},"url":"https:\/\/noti-america.com\/site\/ecuador\/author\/hgarrido\/"}]}},"_links":{"self":[{"href":"https:\/\/noti-america.com\/site\/ecuador\/wp-json\/wp\/v2\/posts\/36977","targetHints":{"allow":["GET"]}}],"collection":[{"href":"https:\/\/noti-america.com\/site\/ecuador\/wp-json\/wp\/v2\/posts"}],"about":[{"href":"https:\/\/noti-america.com\/site\/ecuador\/wp-json\/wp\/v2\/types\/post"}],"author":[{"embeddable":true,"href":"https:\/\/noti-america.com\/site\/ecuador\/wp-json\/wp\/v2\/users\/144"}],"replies":[{"embeddable":true,"href":"https:\/\/noti-america.com\/site\/ecuador\/wp-json\/wp\/v2\/comments?post=36977"}],"version-history":[{"count":1,"href":"https:\/\/noti-america.com\/site\/ecuador\/wp-json\/wp\/v2\/posts\/36977\/revisions"}],"predecessor-version":[{"id":36979,"href":"https:\/\/noti-america.com\/site\/ecuador\/wp-json\/wp\/v2\/posts\/36977\/revisions\/36979"}],"wp:featuredmedia":[{"embeddable":true,"href":"https:\/\/noti-america.com\/site\/ecuador\/wp-json\/wp\/v2\/media\/36978"}],"wp:attachment":[{"href":"https:\/\/noti-america.com\/site\/ecuador\/wp-json\/wp\/v2\/media?parent=36977"}],"wp:term":[{"taxonomy":"category","embeddable":true,"href":"https:\/\/noti-america.com\/site\/ecuador\/wp-json\/wp\/v2\/categories?post=36977"},{"taxonomy":"post_tag","embeddable":true,"href":"https:\/\/noti-america.com\/site\/ecuador\/wp-json\/wp\/v2\/tags?post=36977"}],"curies":[{"name":"wp","href":"https:\/\/api.w.org\/{rel}","templated":true}]}}