{"id":36625,"date":"2026-01-24T00:24:36","date_gmt":"2026-01-24T00:24:36","guid":{"rendered":"https:\/\/noti-america.com\/site\/ecuador\/?p=36625"},"modified":"2026-01-24T00:24:36","modified_gmt":"2026-01-24T00:24:36","slug":"hospital-alfredo-paulson-realiza-primer-trasplante-pulmonar-en-la-region","status":"publish","type":"post","link":"https:\/\/noti-america.com\/site\/ecuador\/2026\/01\/24\/hospital-alfredo-paulson-realiza-primer-trasplante-pulmonar-en-la-region\/","title":{"rendered":"Hospital Alfredo Paulson realiza primer trasplante pulmonar en la regi\u00f3n"},"content":{"rendered":"<p><strong>NOTI-AMERICA.COM | ECUADOR.<\/strong><\/p>\n<p style=\"text-align: justify\"><img loading=\"lazy\" decoding=\"async\" class=\"size-medium wp-image-36626 aligncenter\" src=\"https:\/\/noti-america.com\/site\/ecuador\/wp-content\/uploads\/sites\/18\/2026\/01\/001-48-300x200.jpg\" alt=\"\" width=\"300\" height=\"200\" srcset=\"https:\/\/noti-america.com\/site\/ecuador\/wp-content\/uploads\/sites\/18\/2026\/01\/001-48-300x200.jpg 300w, https:\/\/noti-america.com\/site\/ecuador\/wp-content\/uploads\/sites\/18\/2026\/01\/001-48-1024x683.jpg 1024w, https:\/\/noti-america.com\/site\/ecuador\/wp-content\/uploads\/sites\/18\/2026\/01\/001-48-768x512.jpg 768w, https:\/\/noti-america.com\/site\/ecuador\/wp-content\/uploads\/sites\/18\/2026\/01\/001-48-272x182.jpg 272w, https:\/\/noti-america.com\/site\/ecuador\/wp-content\/uploads\/sites\/18\/2026\/01\/001-48.jpg 1200w\" sizes=\"auto, (max-width: 300px) 100vw, 300px\" \/>El Hospital de Especialidades Alfredo Paulson de la Junta de Beneficencia alcanz\u00f3 un hito hist\u00f3rico en la medicina ecuatoriana al realizar con \u00e9xito el primer trasplante pulmonar de la regi\u00f3n. Luis, paciente de 53 a\u00f1os que sufr\u00eda de una enfermedad pulmonar avanzada y depend\u00eda de ox\u00edgeno para sus actividades diarias, recibi\u00f3 una segunda oportunidad de vida gracias a este procedimiento innovador.<\/p>\n<p style=\"text-align: justify\">La intervenci\u00f3n, efectuada el 28 de noviembre de 2025, cont\u00f3 con un equipo multidisciplinario de cirujanos, neum\u00f3logos, anestesi\u00f3logos, intensivistas y personal de enfermer\u00eda, quienes aplicaron estrictos protocolos cl\u00ednicos y de bioseguridad. Se trat\u00f3 de un trasplante bipulmonar, luego de un minucioso proceso de preparaci\u00f3n que optimiz\u00f3 las condiciones de salud del paciente y redujo riesgos quir\u00fargicos.<\/p>\n<p style=\"text-align: justify\"><img loading=\"lazy\" decoding=\"async\" class=\"size-medium wp-image-36627 aligncenter\" src=\"https:\/\/noti-america.com\/site\/ecuador\/wp-content\/uploads\/sites\/18\/2026\/01\/20260123_095429-221x300.jpg\" alt=\"\" width=\"221\" height=\"300\" srcset=\"https:\/\/noti-america.com\/site\/ecuador\/wp-content\/uploads\/sites\/18\/2026\/01\/20260123_095429-221x300.jpg 221w, https:\/\/noti-america.com\/site\/ecuador\/wp-content\/uploads\/sites\/18\/2026\/01\/20260123_095429-756x1024.jpg 756w, https:\/\/noti-america.com\/site\/ecuador\/wp-content\/uploads\/sites\/18\/2026\/01\/20260123_095429-768x1040.jpg 768w, https:\/\/noti-america.com\/site\/ecuador\/wp-content\/uploads\/sites\/18\/2026\/01\/20260123_095429-1134x1536.jpg 1134w, https:\/\/noti-america.com\/site\/ecuador\/wp-content\/uploads\/sites\/18\/2026\/01\/20260123_095429-1512x2048.jpg 1512w, https:\/\/noti-america.com\/site\/ecuador\/wp-content\/uploads\/sites\/18\/2026\/01\/20260123_095429-scaled.jpg 1890w\" sizes=\"auto, (max-width: 221px) 100vw, 221px\" \/>Tras la operaci\u00f3n, el paciente mostr\u00f3 una recuperaci\u00f3n favorable y se mantiene estable bajo monitoreo permanente. Actualmente contin\u00faa con tratamiento inmunosupresor y un programa de rehabilitaci\u00f3n f\u00edsica, logrando avances significativos en su recuperaci\u00f3n y adapt\u00e1ndose progresivamente a su nueva condici\u00f3n de vida.<\/p>\n<p style=\"text-align: justify\">El logro no solo representa un avance m\u00e9dico, sino tambi\u00e9n una esperanza renovada para personas con enfermedades pulmonares complejas. La Junta de Beneficencia reafirma as\u00ed su compromiso con la excelencia, la innovaci\u00f3n y la atenci\u00f3n especializada de alta complejidad en beneficio de la comunidad.<\/p>\n<p style=\"text-align: justify\">Luis fue derivado desde Quito, y su caso evidencia la importancia de contar con equipos m\u00e9dicos especializados y programas de trasplante robustos. Este primer \u00e9xito marca un precedente para futuros procedimientos y consolida al Hospital Alfredo Paulson como un referente en tratamientos avanzados dentro del pa\u00eds.<\/p>\n","protected":false},"excerpt":{"rendered":"<p>NOTI-AMERICA.COM | ECUADOR. El Hospital de Especialidades Alfredo Paulson de la Junta de Beneficencia alcanz\u00f3 un hito hist\u00f3rico en la medicina ecuatoriana al realizar con \u00e9xito el primer trasplante pulmonar de la regi\u00f3n. Luis,&#46;&#46;&#46;<\/p>\n","protected":false},"author":144,"featured_media":36626,"comment_status":"open","ping_status":"open","sticky":false,"template":"","format":"standard","meta":{"_acf_changed":false,"om_disable_all_campaigns":false,"rop_custom_images_group":[],"rop_custom_messages_group":[],"rop_publish_now":"initial","rop_publish_now_accounts":{"twitter_242054905_242054905":""},"rop_publish_now_history":[],"rop_publish_now_status":"pending","_uf_show_specific_survey":0,"_uf_disable_surveys":false,"footnotes":""},"categories":[125],"tags":[],"class_list":["post-36625","post","type-post","status-publish","format-standard","has-post-thumbnail","hentry","category-actualidad"],"acf":[],"aioseo_notices":[],"yoast_head":"<!-- This site is optimized with the Yoast SEO Premium plugin v24.9 (Yoast SEO v27.2) - https:\/\/yoast.com\/product\/yoast-seo-premium-wordpress\/ -->\n<title>Hospital Alfredo Paulson realiza primer trasplante pulmonar en la regi\u00f3n - Ecuador | Noti-America.com<\/title>\n<meta name=\"robots\" content=\"index, follow, max-snippet:-1, max-image-preview:large, max-video-preview:-1\" \/>\n<link rel=\"canonical\" href=\"https:\/\/noti-america.com\/site\/ecuador\/2026\/01\/24\/hospital-alfredo-paulson-realiza-primer-trasplante-pulmonar-en-la-region\/\" \/>\n<meta property=\"og:locale\" content=\"es_ES\" \/>\n<meta property=\"og:type\" content=\"article\" \/>\n<meta property=\"og:title\" content=\"Hospital Alfredo Paulson realiza primer trasplante pulmonar en la regi\u00f3n\" \/>\n<meta property=\"og:description\" content=\"NOTI-AMERICA.COM | ECUADOR. El Hospital de Especialidades Alfredo Paulson de la Junta de Beneficencia alcanz\u00f3 un hito hist\u00f3rico en la medicina ecuatoriana al realizar con \u00e9xito el primer trasplante pulmonar de la regi\u00f3n. Luis,&#046;&#046;&#046;\" \/>\n<meta property=\"og:url\" content=\"https:\/\/noti-america.com\/site\/ecuador\/2026\/01\/24\/hospital-alfredo-paulson-realiza-primer-trasplante-pulmonar-en-la-region\/\" \/>\n<meta property=\"og:site_name\" content=\"Ecuador | Noti-America.com\" \/>\n<meta property=\"article:published_time\" content=\"2026-01-24T00:24:36+00:00\" \/>\n<meta property=\"og:image\" content=\"https:\/\/noti-america.com\/site\/ecuador\/wp-content\/uploads\/sites\/18\/2026\/01\/001-48.jpg\" \/>\n\t<meta property=\"og:image:width\" content=\"1200\" \/>\n\t<meta property=\"og:image:height\" content=\"800\" \/>\n\t<meta property=\"og:image:type\" content=\"image\/jpeg\" \/>\n<meta name=\"author\" content=\"Henry Garrido\" \/>\n<meta name=\"twitter:card\" content=\"summary_large_image\" \/>\n<meta name=\"twitter:creator\" content=\"@notiamerica\" \/>\n<meta name=\"twitter:site\" content=\"@notiamerica\" \/>\n<meta name=\"twitter:label1\" content=\"Escrito por\" \/>\n\t<meta name=\"twitter:data1\" content=\"Henry Garrido\" \/>\n\t<meta name=\"twitter:label2\" content=\"Tiempo estimado de lectura\" \/>\n\t<meta name=\"twitter:data2\" content=\"2 minutos\" \/>\n<script type=\"application\/ld+json\" class=\"yoast-schema-graph\">{\"@context\":\"https:\/\/schema.org\",\"@graph\":[{\"@type\":\"Article\",\"@id\":\"https:\/\/noti-america.com\/site\/ecuador\/2026\/01\/24\/hospital-alfredo-paulson-realiza-primer-trasplante-pulmonar-en-la-region\/#article\",\"isPartOf\":{\"@id\":\"https:\/\/noti-america.com\/site\/ecuador\/2026\/01\/24\/hospital-alfredo-paulson-realiza-primer-trasplante-pulmonar-en-la-region\/\"},\"author\":{\"name\":\"Henry Garrido\",\"@id\":\"https:\/\/noti-america.com\/site\/ecuador\/#\/schema\/person\/00042412cfa9ecf98077f847ffadda4a\"},\"headline\":\"Hospital Alfredo Paulson realiza primer trasplante pulmonar en la regi\u00f3n\",\"datePublished\":\"2026-01-24T00:24:36+00:00\",\"mainEntityOfPage\":{\"@id\":\"https:\/\/noti-america.com\/site\/ecuador\/2026\/01\/24\/hospital-alfredo-paulson-realiza-primer-trasplante-pulmonar-en-la-region\/\"},\"wordCount\":287,\"commentCount\":1,\"publisher\":{\"@id\":\"https:\/\/noti-america.com\/site\/ecuador\/#organization\"},\"image\":{\"@id\":\"https:\/\/noti-america.com\/site\/ecuador\/2026\/01\/24\/hospital-alfredo-paulson-realiza-primer-trasplante-pulmonar-en-la-region\/#primaryimage\"},\"thumbnailUrl\":\"https:\/\/noti-america.com\/site\/ecuador\/wp-content\/uploads\/sites\/18\/2026\/01\/001-48.jpg\",\"articleSection\":[\"Actualidad\"],\"inLanguage\":\"es\",\"potentialAction\":[{\"@type\":\"CommentAction\",\"name\":\"Comment\",\"target\":[\"https:\/\/noti-america.com\/site\/ecuador\/2026\/01\/24\/hospital-alfredo-paulson-realiza-primer-trasplante-pulmonar-en-la-region\/#respond\"]}]},{\"@type\":\"WebPage\",\"@id\":\"https:\/\/noti-america.com\/site\/ecuador\/2026\/01\/24\/hospital-alfredo-paulson-realiza-primer-trasplante-pulmonar-en-la-region\/\",\"url\":\"https:\/\/noti-america.com\/site\/ecuador\/2026\/01\/24\/hospital-alfredo-paulson-realiza-primer-trasplante-pulmonar-en-la-region\/\",\"name\":\"Hospital Alfredo Paulson realiza primer trasplante pulmonar en la regi\u00f3n - Ecuador | Noti-America.com\",\"isPartOf\":{\"@id\":\"https:\/\/noti-america.com\/site\/ecuador\/#website\"},\"primaryImageOfPage\":{\"@id\":\"https:\/\/noti-america.com\/site\/ecuador\/2026\/01\/24\/hospital-alfredo-paulson-realiza-primer-trasplante-pulmonar-en-la-region\/#primaryimage\"},\"image\":{\"@id\":\"https:\/\/noti-america.com\/site\/ecuador\/2026\/01\/24\/hospital-alfredo-paulson-realiza-primer-trasplante-pulmonar-en-la-region\/#primaryimage\"},\"thumbnailUrl\":\"https:\/\/noti-america.com\/site\/ecuador\/wp-content\/uploads\/sites\/18\/2026\/01\/001-48.jpg\",\"datePublished\":\"2026-01-24T00:24:36+00:00\",\"breadcrumb\":{\"@id\":\"https:\/\/noti-america.com\/site\/ecuador\/2026\/01\/24\/hospital-alfredo-paulson-realiza-primer-trasplante-pulmonar-en-la-region\/#breadcrumb\"},\"inLanguage\":\"es\",\"potentialAction\":[{\"@type\":\"ReadAction\",\"target\":[\"https:\/\/noti-america.com\/site\/ecuador\/2026\/01\/24\/hospital-alfredo-paulson-realiza-primer-trasplante-pulmonar-en-la-region\/\"]}]},{\"@type\":\"ImageObject\",\"inLanguage\":\"es\",\"@id\":\"https:\/\/noti-america.com\/site\/ecuador\/2026\/01\/24\/hospital-alfredo-paulson-realiza-primer-trasplante-pulmonar-en-la-region\/#primaryimage\",\"url\":\"https:\/\/noti-america.com\/site\/ecuador\/wp-content\/uploads\/sites\/18\/2026\/01\/001-48.jpg\",\"contentUrl\":\"https:\/\/noti-america.com\/site\/ecuador\/wp-content\/uploads\/sites\/18\/2026\/01\/001-48.jpg\",\"width\":1200,\"height\":800},{\"@type\":\"BreadcrumbList\",\"@id\":\"https:\/\/noti-america.com\/site\/ecuador\/2026\/01\/24\/hospital-alfredo-paulson-realiza-primer-trasplante-pulmonar-en-la-region\/#breadcrumb\",\"itemListElement\":[{\"@type\":\"ListItem\",\"position\":1,\"name\":\"Portada\",\"item\":\"https:\/\/noti-america.com\/site\/ecuador\/\"},{\"@type\":\"ListItem\",\"position\":2,\"name\":\"Hospital Alfredo Paulson realiza primer trasplante pulmonar en la regi\u00f3n\"}]},{\"@type\":\"WebSite\",\"@id\":\"https:\/\/noti-america.com\/site\/ecuador\/#website\",\"url\":\"https:\/\/noti-america.com\/site\/ecuador\/\",\"name\":\"Ecuador | Noti-America.com\",\"description\":\"\",\"publisher\":{\"@id\":\"https:\/\/noti-america.com\/site\/ecuador\/#organization\"},\"potentialAction\":[{\"@type\":\"SearchAction\",\"target\":{\"@type\":\"EntryPoint\",\"urlTemplate\":\"https:\/\/noti-america.com\/site\/ecuador\/?s={search_term_string}\"},\"query-input\":{\"@type\":\"PropertyValueSpecification\",\"valueRequired\":true,\"valueName\":\"search_term_string\"}}],\"inLanguage\":\"es\"},{\"@type\":\"Organization\",\"@id\":\"https:\/\/noti-america.com\/site\/ecuador\/#organization\",\"name\":\"Noti-America LLC | Ecuador\",\"url\":\"https:\/\/noti-america.com\/site\/ecuador\/\",\"logo\":{\"@type\":\"ImageObject\",\"inLanguage\":\"es\",\"@id\":\"https:\/\/noti-america.com\/site\/ecuador\/#\/schema\/logo\/image\/\",\"url\":\"https:\/\/noti-america.com\/site\/ecuador\/wp-content\/uploads\/sites\/18\/2020\/07\/LogoNA-4x3-1.jpg\",\"contentUrl\":\"https:\/\/noti-america.com\/site\/ecuador\/wp-content\/uploads\/sites\/18\/2020\/07\/LogoNA-4x3-1.jpg\",\"width\":1236,\"height\":1080,\"caption\":\"Noti-America LLC | Ecuador\"},\"image\":{\"@id\":\"https:\/\/noti-america.com\/site\/ecuador\/#\/schema\/logo\/image\/\"},\"sameAs\":[\"https:\/\/x.com\/notiamerica\"]},{\"@type\":\"Person\",\"@id\":\"https:\/\/noti-america.com\/site\/ecuador\/#\/schema\/person\/00042412cfa9ecf98077f847ffadda4a\",\"name\":\"Henry Garrido\",\"image\":{\"@type\":\"ImageObject\",\"inLanguage\":\"es\",\"@id\":\"https:\/\/secure.gravatar.com\/avatar\/749ae5a1e6f22cf042f04b9f3f0a22732ae36970ccfd5c54a0a2ac3c4e1166ed?s=96&d=mm&r=g\",\"url\":\"https:\/\/secure.gravatar.com\/avatar\/749ae5a1e6f22cf042f04b9f3f0a22732ae36970ccfd5c54a0a2ac3c4e1166ed?s=96&d=mm&r=g\",\"contentUrl\":\"https:\/\/secure.gravatar.com\/avatar\/749ae5a1e6f22cf042f04b9f3f0a22732ae36970ccfd5c54a0a2ac3c4e1166ed?s=96&d=mm&r=g\",\"caption\":\"Henry Garrido\"},\"url\":\"https:\/\/noti-america.com\/site\/ecuador\/author\/hgarrido\/\"}]}<\/script>\n<!-- \/ Yoast SEO Premium plugin. -->","yoast_head_json":{"title":"Hospital Alfredo Paulson realiza primer trasplante pulmonar en la regi\u00f3n - Ecuador | Noti-America.com","robots":{"index":"index","follow":"follow","max-snippet":"max-snippet:-1","max-image-preview":"max-image-preview:large","max-video-preview":"max-video-preview:-1"},"canonical":"https:\/\/noti-america.com\/site\/ecuador\/2026\/01\/24\/hospital-alfredo-paulson-realiza-primer-trasplante-pulmonar-en-la-region\/","og_locale":"es_ES","og_type":"article","og_title":"Hospital Alfredo Paulson realiza primer trasplante pulmonar en la regi\u00f3n","og_description":"NOTI-AMERICA.COM | ECUADOR. El Hospital de Especialidades Alfredo Paulson de la Junta de Beneficencia alcanz\u00f3 un hito hist\u00f3rico en la medicina ecuatoriana al realizar con \u00e9xito el primer trasplante pulmonar de la regi\u00f3n. Luis,&#46;&#46;&#46;","og_url":"https:\/\/noti-america.com\/site\/ecuador\/2026\/01\/24\/hospital-alfredo-paulson-realiza-primer-trasplante-pulmonar-en-la-region\/","og_site_name":"Ecuador | Noti-America.com","article_published_time":"2026-01-24T00:24:36+00:00","og_image":[{"width":1200,"height":800,"url":"https:\/\/noti-america.com\/site\/ecuador\/wp-content\/uploads\/sites\/18\/2026\/01\/001-48.jpg","type":"image\/jpeg"}],"author":"Henry Garrido","twitter_card":"summary_large_image","twitter_creator":"@notiamerica","twitter_site":"@notiamerica","twitter_misc":{"Escrito por":"Henry Garrido","Tiempo estimado de lectura":"2 minutos"},"schema":{"@context":"https:\/\/schema.org","@graph":[{"@type":"Article","@id":"https:\/\/noti-america.com\/site\/ecuador\/2026\/01\/24\/hospital-alfredo-paulson-realiza-primer-trasplante-pulmonar-en-la-region\/#article","isPartOf":{"@id":"https:\/\/noti-america.com\/site\/ecuador\/2026\/01\/24\/hospital-alfredo-paulson-realiza-primer-trasplante-pulmonar-en-la-region\/"},"author":{"name":"Henry Garrido","@id":"https:\/\/noti-america.com\/site\/ecuador\/#\/schema\/person\/00042412cfa9ecf98077f847ffadda4a"},"headline":"Hospital Alfredo Paulson realiza primer trasplante pulmonar en la regi\u00f3n","datePublished":"2026-01-24T00:24:36+00:00","mainEntityOfPage":{"@id":"https:\/\/noti-america.com\/site\/ecuador\/2026\/01\/24\/hospital-alfredo-paulson-realiza-primer-trasplante-pulmonar-en-la-region\/"},"wordCount":287,"commentCount":1,"publisher":{"@id":"https:\/\/noti-america.com\/site\/ecuador\/#organization"},"image":{"@id":"https:\/\/noti-america.com\/site\/ecuador\/2026\/01\/24\/hospital-alfredo-paulson-realiza-primer-trasplante-pulmonar-en-la-region\/#primaryimage"},"thumbnailUrl":"https:\/\/noti-america.com\/site\/ecuador\/wp-content\/uploads\/sites\/18\/2026\/01\/001-48.jpg","articleSection":["Actualidad"],"inLanguage":"es","potentialAction":[{"@type":"CommentAction","name":"Comment","target":["https:\/\/noti-america.com\/site\/ecuador\/2026\/01\/24\/hospital-alfredo-paulson-realiza-primer-trasplante-pulmonar-en-la-region\/#respond"]}]},{"@type":"WebPage","@id":"https:\/\/noti-america.com\/site\/ecuador\/2026\/01\/24\/hospital-alfredo-paulson-realiza-primer-trasplante-pulmonar-en-la-region\/","url":"https:\/\/noti-america.com\/site\/ecuador\/2026\/01\/24\/hospital-alfredo-paulson-realiza-primer-trasplante-pulmonar-en-la-region\/","name":"Hospital Alfredo Paulson realiza primer trasplante pulmonar en la regi\u00f3n - Ecuador | Noti-America.com","isPartOf":{"@id":"https:\/\/noti-america.com\/site\/ecuador\/#website"},"primaryImageOfPage":{"@id":"https:\/\/noti-america.com\/site\/ecuador\/2026\/01\/24\/hospital-alfredo-paulson-realiza-primer-trasplante-pulmonar-en-la-region\/#primaryimage"},"image":{"@id":"https:\/\/noti-america.com\/site\/ecuador\/2026\/01\/24\/hospital-alfredo-paulson-realiza-primer-trasplante-pulmonar-en-la-region\/#primaryimage"},"thumbnailUrl":"https:\/\/noti-america.com\/site\/ecuador\/wp-content\/uploads\/sites\/18\/2026\/01\/001-48.jpg","datePublished":"2026-01-24T00:24:36+00:00","breadcrumb":{"@id":"https:\/\/noti-america.com\/site\/ecuador\/2026\/01\/24\/hospital-alfredo-paulson-realiza-primer-trasplante-pulmonar-en-la-region\/#breadcrumb"},"inLanguage":"es","potentialAction":[{"@type":"ReadAction","target":["https:\/\/noti-america.com\/site\/ecuador\/2026\/01\/24\/hospital-alfredo-paulson-realiza-primer-trasplante-pulmonar-en-la-region\/"]}]},{"@type":"ImageObject","inLanguage":"es","@id":"https:\/\/noti-america.com\/site\/ecuador\/2026\/01\/24\/hospital-alfredo-paulson-realiza-primer-trasplante-pulmonar-en-la-region\/#primaryimage","url":"https:\/\/noti-america.com\/site\/ecuador\/wp-content\/uploads\/sites\/18\/2026\/01\/001-48.jpg","contentUrl":"https:\/\/noti-america.com\/site\/ecuador\/wp-content\/uploads\/sites\/18\/2026\/01\/001-48.jpg","width":1200,"height":800},{"@type":"BreadcrumbList","@id":"https:\/\/noti-america.com\/site\/ecuador\/2026\/01\/24\/hospital-alfredo-paulson-realiza-primer-trasplante-pulmonar-en-la-region\/#breadcrumb","itemListElement":[{"@type":"ListItem","position":1,"name":"Portada","item":"https:\/\/noti-america.com\/site\/ecuador\/"},{"@type":"ListItem","position":2,"name":"Hospital Alfredo Paulson realiza primer trasplante pulmonar en la regi\u00f3n"}]},{"@type":"WebSite","@id":"https:\/\/noti-america.com\/site\/ecuador\/#website","url":"https:\/\/noti-america.com\/site\/ecuador\/","name":"Ecuador | Noti-America.com","description":"","publisher":{"@id":"https:\/\/noti-america.com\/site\/ecuador\/#organization"},"potentialAction":[{"@type":"SearchAction","target":{"@type":"EntryPoint","urlTemplate":"https:\/\/noti-america.com\/site\/ecuador\/?s={search_term_string}"},"query-input":{"@type":"PropertyValueSpecification","valueRequired":true,"valueName":"search_term_string"}}],"inLanguage":"es"},{"@type":"Organization","@id":"https:\/\/noti-america.com\/site\/ecuador\/#organization","name":"Noti-America LLC | Ecuador","url":"https:\/\/noti-america.com\/site\/ecuador\/","logo":{"@type":"ImageObject","inLanguage":"es","@id":"https:\/\/noti-america.com\/site\/ecuador\/#\/schema\/logo\/image\/","url":"https:\/\/noti-america.com\/site\/ecuador\/wp-content\/uploads\/sites\/18\/2020\/07\/LogoNA-4x3-1.jpg","contentUrl":"https:\/\/noti-america.com\/site\/ecuador\/wp-content\/uploads\/sites\/18\/2020\/07\/LogoNA-4x3-1.jpg","width":1236,"height":1080,"caption":"Noti-America LLC | Ecuador"},"image":{"@id":"https:\/\/noti-america.com\/site\/ecuador\/#\/schema\/logo\/image\/"},"sameAs":["https:\/\/x.com\/notiamerica"]},{"@type":"Person","@id":"https:\/\/noti-america.com\/site\/ecuador\/#\/schema\/person\/00042412cfa9ecf98077f847ffadda4a","name":"Henry Garrido","image":{"@type":"ImageObject","inLanguage":"es","@id":"https:\/\/secure.gravatar.com\/avatar\/749ae5a1e6f22cf042f04b9f3f0a22732ae36970ccfd5c54a0a2ac3c4e1166ed?s=96&d=mm&r=g","url":"https:\/\/secure.gravatar.com\/avatar\/749ae5a1e6f22cf042f04b9f3f0a22732ae36970ccfd5c54a0a2ac3c4e1166ed?s=96&d=mm&r=g","contentUrl":"https:\/\/secure.gravatar.com\/avatar\/749ae5a1e6f22cf042f04b9f3f0a22732ae36970ccfd5c54a0a2ac3c4e1166ed?s=96&d=mm&r=g","caption":"Henry Garrido"},"url":"https:\/\/noti-america.com\/site\/ecuador\/author\/hgarrido\/"}]}},"_links":{"self":[{"href":"https:\/\/noti-america.com\/site\/ecuador\/wp-json\/wp\/v2\/posts\/36625","targetHints":{"allow":["GET"]}}],"collection":[{"href":"https:\/\/noti-america.com\/site\/ecuador\/wp-json\/wp\/v2\/posts"}],"about":[{"href":"https:\/\/noti-america.com\/site\/ecuador\/wp-json\/wp\/v2\/types\/post"}],"author":[{"embeddable":true,"href":"https:\/\/noti-america.com\/site\/ecuador\/wp-json\/wp\/v2\/users\/144"}],"replies":[{"embeddable":true,"href":"https:\/\/noti-america.com\/site\/ecuador\/wp-json\/wp\/v2\/comments?post=36625"}],"version-history":[{"count":1,"href":"https:\/\/noti-america.com\/site\/ecuador\/wp-json\/wp\/v2\/posts\/36625\/revisions"}],"predecessor-version":[{"id":36628,"href":"https:\/\/noti-america.com\/site\/ecuador\/wp-json\/wp\/v2\/posts\/36625\/revisions\/36628"}],"wp:featuredmedia":[{"embeddable":true,"href":"https:\/\/noti-america.com\/site\/ecuador\/wp-json\/wp\/v2\/media\/36626"}],"wp:attachment":[{"href":"https:\/\/noti-america.com\/site\/ecuador\/wp-json\/wp\/v2\/media?parent=36625"}],"wp:term":[{"taxonomy":"category","embeddable":true,"href":"https:\/\/noti-america.com\/site\/ecuador\/wp-json\/wp\/v2\/categories?post=36625"},{"taxonomy":"post_tag","embeddable":true,"href":"https:\/\/noti-america.com\/site\/ecuador\/wp-json\/wp\/v2\/tags?post=36625"}],"curies":[{"name":"wp","href":"https:\/\/api.w.org\/{rel}","templated":true}]}}