{"id":3653,"date":"2019-03-20T00:51:26","date_gmt":"2019-03-20T00:51:26","guid":{"rendered":"http:\/\/noti-america.com\/site\/ecuador\/?p=3653"},"modified":"2019-03-20T00:51:26","modified_gmt":"2019-03-20T00:51:26","slug":"que-sugiere-la-ciencia-del-desarrollo-sobre-los-primeros-mil-dias","status":"publish","type":"post","link":"https:\/\/noti-america.com\/site\/ecuador\/2019\/03\/20\/que-sugiere-la-ciencia-del-desarrollo-sobre-los-primeros-mil-dias\/","title":{"rendered":"\u00bfQu\u00e9 sugiere la ciencia del desarrollo sobre los primeros mil d\u00edas?"},"content":{"rendered":"<p>REDACCI\u00d3N NOTI-AM\u00c9RICA (ECUADOR) Por: \u00a0Sebasti\u00e1n<a href=\"https:\/\/blogs.iadb.org\/desarrollo-infantil\/es\/author\/slipina\/\"> Lipina<\/a><\/p>\n<p style=\"text-align: justify\">\u00bfC\u00f3mo surgi\u00f3 el \u00e9nfasis que se da a los primeros mil d\u00edas de vida como determinantes de diferentes aspectos del desarrollo humano durante el ciclo de la vida? Fundamentalmente, existen tres fuentes de evidencia generadas en el contexto de las ciencias de la salud:<span id=\"more-9751\"><\/span><\/p>\n<p style=\"text-align: justify\">(1) Un\u00a0estudio\u00a0realizado en Guatemala entre 1969 y 1977 en el que se demostr\u00f3 que un suplemento nutricional administrado entre el nacimiento y los 7 a\u00f1os de edad impact\u00f3 m\u00e1s en los ni\u00f1os que lo recibieron durante su segundo y tercer a\u00f1o de vida.<\/p>\n<p style=\"text-align: justify\">(2) Un\u00a0estudio\u00a0publicado en 2010, realizado en 54 pa\u00edses de ingreso bajo y medio, en el que se verific\u00f3 una ca\u00edda espont\u00e1nea de las puntuaciones en la talla de los ni\u00f1os entre su nacimiento y los 23 meses de vida asociadas a peores condiciones de vida.<\/p>\n<p style=\"text-align: justify\">(3) Estudios realizados durante varias d\u00e9cadas que evidencian la importancia del control de la salud materna durante el embarazo para prevenir fallas de crecimiento en los hijos.<\/p>\n<h3 style=\"text-align: justify\"><strong>La ciencia del desarrollo<\/strong><\/h3>\n<p style=\"text-align: justify\">Si sum\u00e1ramos a esta evidencia la generada por la ciencia del desarrollo contempor\u00e1nea<a href=\"https:\/\/blogs.iadb.org\/desarrollo-infantil\/es\/ciencia-del-desarrollo\/#_ftn1\" name=\"_ftnref1\">[1]<\/a>, que tambi\u00e9n sostiene la importancia de la provisi\u00f3n nutricional adecuada desde la concepci\u00f3n y durante los primeros a\u00f1os de desarrollo luego del nacimiento,\u00a0<strong>no hay dudas que los primeros mil d\u00edas de vida son una etapa muy importante en la que es necesario asegurar la alimentaci\u00f3n y el cuidado de las madres y sus hijos para proteger el desarrollo adecuado de sus potencialidades<\/strong>. Al tiempo que esta evidencia era generada y comunicada, diferentes estudios neurocient\u00edficos experimentales brindaron evidencia acerca de:<\/p>\n<p style=\"text-align: justify\">(a) La existencia de\u00a0per\u00edodos cr\u00edticos\u00a0para la organizaci\u00f3n de sistemas sensoriales en felinos.<\/p>\n<p style=\"text-align: justify\">(b) Los efectos de la crianza temprana sobre la organizaci\u00f3n del cerebro de\u00a0roedores\u00a0y\u00a0primates no humanos.<\/p>\n<p style=\"text-align: justify\">(c) La din\u00e1mica de\u00a0generaci\u00f3n y poda de contactos entre neuronas\u00a0a partir de muestras cadav\u00e9ricas de humanos.<\/p>\n<p style=\"text-align: justify\">Durante la d\u00e9cada de 1990, la integraci\u00f3n de estos tipos de evidencia dio origen a una noci\u00f3n acerca del desarrollo cerebral que sostiene que los primeros mil d\u00edas son un\u00a0<em>per\u00edodo cr\u00edtico<\/em>\u00a0durante el cual es necesario realizar los mayores esfuerzos para asegurar alimentaci\u00f3n y estimulaci\u00f3n adecuadas para el aprendizaje de los ni\u00f1os,\u00a0<em>antes de que esta etapa finalice<\/em>.<\/p>\n<p style=\"text-align: justify\">Una vez terminada no ser\u00eda posible generar cambios en aquellos sistemas neurales que no hayan sido nutridos o estimulados adecuadamente con anterioridad. Es decir, esta noci\u00f3n sostiene que lo no logrado o lo que haya quedado afectado por falta de est\u00edmulo durante ese per\u00edodo no puede modificarse o resulta muy costoso hacerlo.\u00a0<em>Estas nociones sugieren una concepci\u00f3n del desarrollo cerebral en la que hay factores determinantes principales que generan una din\u00e1mica con pocos grados de libertad para el cambio<\/em><em>.\u00a0<\/em><\/p>\n<h3 style=\"text-align: justify\"><strong>\u00a0<\/strong><strong>\u00bfY despu\u00e9s de los mil d\u00edas?<\/strong><\/h3>\n<p style=\"text-align: justify\">El conocimiento acumulado en las \u00faltimas cinco d\u00e9cadas en las disciplinas de psicolog\u00eda y neurociencia cognitiva del desarrollo permite afirmar que, desde la concepci\u00f3n y durante toda la vida, el sistema nervioso se organiza y se modifica con base en la interacci\u00f3n din\u00e1mica entre caracter\u00edsticas individuales y contextuales de cada persona. Estos procesos de desarrollo son modulados por una gran diversidad de mecanismos moleculares, celulares, psicol\u00f3gicos, sociales y culturales.<\/p>\n<p style=\"text-align: justify\">Durante el desarrollo neural, existen momentos de m\u00e1xima organizaci\u00f3n de diferentes funciones que se denominan\u00a0<strong><em>per\u00edodos cr\u00edticos<\/em><\/strong>, y que ocurren en diferentes momentos para distintas redes neurales. En el caso de procesos m\u00e1s complejos como los de autorregulaci\u00f3n, tal organizaci\u00f3n depende de la\u00a0integraci\u00f3n progresiva de diferentes redes neurales\u00a0que procesan m\u00e1s de una modalidad de informaci\u00f3n y que se desarrollan en diferentes momentos durante al menos las dos o tres primeras d\u00e9cadas de vida. A nivel neural, esta integraci\u00f3n requiere de diferentes tipos de nutrientes y experiencias que incluyen, pero tambi\u00e9n se extienden mucho m\u00e1s all\u00e1 de los primeros mil d\u00edas\u00a0<strong>(Figura 1)<\/strong>.<\/p>\n<p style=\"text-align: justify\"><img loading=\"lazy\" decoding=\"async\" class=\"aligncenter size-full wp-image-9765\" src=\"https:\/\/blogs.iadb.org\/desarrollo-infantil\/wp-content\/uploads\/sites\/18\/2019\/03\/Grafico-Post-2.png\" alt=\"mil primeros d\u00edas\" width=\"600\" height=\"601\" \/><\/p>\n<p style=\"text-align: justify\"><strong>Figura 1 \u2013\u00a0<\/strong>Cambios significativos en el cerebro humano desde la concepci\u00f3n hasta la edad adulta. El cerebro humano gana gran parte de su masa y estructura durante los primeros mil d\u00edas. (a) La tasa de crecimiento cerebral (l\u00ednea roja) es muy alta durante este per\u00edodo de tiempo, y luego cae r\u00e1pidamente a medida que comienza la infancia.\u00a0<em>Metaf\u00f3ricamente<\/em>, la base, la estructura y el marco del proceso de construcci\u00f3n se completan en gran medida a los dos a\u00f1os.<\/p>\n<p style=\"text-align: justify\"><em>Sin embargo, se necesita hacer mucho m\u00e1s trabajo para construir, remodelar y aislar las innumerables conexiones dentro del cerebro<\/em>. (b) La expresi\u00f3n g\u00e9nica relacionada con el crecimiento sin\u00e1ptico alcanza su punto m\u00e1ximo poco despu\u00e9s de los primeros mil d\u00edas, pero sigue siendo alta hasta la edad adulta (l\u00ednea de puntos verde). La expresi\u00f3n g\u00e9nica relacionada con la mielinizaci\u00f3n aumenta poco despu\u00e9s (l\u00ednea punteada violeta).<\/p>\n<p style=\"text-align: justify\">Tanto el consumo de ox\u00edgeno en el cerebro (l\u00ednea continua verde) como de glucosa (l\u00ednea continua celeste) contin\u00faan aumentando y alcanzando su nivel m\u00e1ximo en la primera infancia, disminuyendo gradualmente a niveles adultos durante el resto de la infancia y la adolescencia. Abreviatura:\u00a0<em>EGE<\/em>, edad gestacional estimada. Esta figura ha sido modificada de su original en ingl\u00e9s de Goyal et al., 2018, y autorizada por los autores para su reproducci\u00f3n en esta nota.<\/p>\n<p style=\"text-align: justify\">En otras palabras, desde la perspectiva contempor\u00e1nea del desarrollo neural, los primeros mil d\u00edas son extremadamente insuficientes para predecir el desarrollo de un cerebro humano t\u00edpico. El desarrollo neural se modela como un proceso probabil\u00edstico multideterminado por factores biol\u00f3gicos, psicol\u00f3gicos y ambientales que moderan su trayectoria durante todo el ciclo vital. En consecuencia,\u00a0<strong>no es posible afirmar que los primeros mil d\u00edas de vida sean un per\u00edodo cr\u00edtico para el desarrollo de procesos complejos como los de autorregulaci\u00f3n y aprendizaje, ni que las privaciones tempranas generan necesariamente d\u00e9ficits inmutables, o la detenci\u00f3n del desarrollo<\/strong>.<\/p>\n<p style=\"text-align: justify\">Estas \u00faltimas nociones inducen a representar al desarrollo como un fen\u00f3meno mucho m\u00e1s fijo y menos din\u00e1mico de lo que realmente la evidencia emp\u00edrica permite sostener. Es necesario tener presente que la neurociencia reci\u00e9n est\u00e1 comenzando a clarificar los mecanismos gen\u00e9ticos, neurales, end\u00f3crinos e inmunol\u00f3gicos que pueden explicar los procesos t\u00edpicos del desarrollo y los alcances a largo plazo de la exposici\u00f3n temprana a cuidados adecuados o a adversidades. En cualquier caso, la evidencia disponible sugiere que es posible potenciar el desarrollo infantil una vez pasados los primeros mil d\u00edas.<\/p>\n<p style=\"text-align: justify\"><a href=\"https:\/\/blogs.iadb.org\/desarrollo-infantil\/es\/ciencia-del-desarrollo\/#_ftnref1\" name=\"_ftn1\">[1]<\/a>\u00a0<em>Ciencia del desarrollo<\/em>\u00a0se refiere a un conjunto de disciplinas cient\u00edficas humanas, sociales y biol\u00f3gicas, que buscan describir, explicar, y optimizar los cambios intra- e inter-individuales durante todo el ciclo de la vida.<\/p>\n<p>Fuente: BID<\/p>\n","protected":false},"excerpt":{"rendered":"<p>REDACCI\u00d3N NOTI-AM\u00c9RICA (ECUADOR) Por: \u00a0Sebasti\u00e1n Lipina \u00bfC\u00f3mo surgi\u00f3 el \u00e9nfasis que se da a los primeros mil d\u00edas de vida como determinantes de diferentes aspectos del desarrollo humano durante el ciclo de la vida?&#46;&#46;&#46;<\/p>\n","protected":false},"author":17,"featured_media":3654,"comment_status":"open","ping_status":"open","sticky":false,"template":"","format":"standard","meta":{"_acf_changed":false,"om_disable_all_campaigns":false,"rop_custom_images_group":[],"rop_custom_messages_group":[],"rop_publish_now":"initial","rop_publish_now_accounts":{"twitter_242054905_242054905":""},"rop_publish_now_history":[],"rop_publish_now_status":"pending","_uf_show_specific_survey":0,"_uf_disable_surveys":false,"footnotes":""},"categories":[103],"tags":[],"class_list":["post-3653","post","type-post","status-publish","format-standard","has-post-thumbnail","hentry","category-educacion"],"acf":[],"aioseo_notices":[],"yoast_head":"<!-- This site is optimized with the Yoast SEO Premium plugin v24.9 (Yoast SEO v27.2) - https:\/\/yoast.com\/product\/yoast-seo-premium-wordpress\/ -->\n<title>\u00bfQu\u00e9 sugiere la ciencia del desarrollo sobre los primeros mil d\u00edas? - Ecuador | Noti-America.com<\/title>\n<meta name=\"robots\" content=\"index, follow, max-snippet:-1, max-image-preview:large, max-video-preview:-1\" \/>\n<link rel=\"canonical\" href=\"https:\/\/noti-america.com\/site\/ecuador\/2019\/03\/20\/que-sugiere-la-ciencia-del-desarrollo-sobre-los-primeros-mil-dias\/\" \/>\n<meta property=\"og:locale\" content=\"es_ES\" \/>\n<meta property=\"og:type\" content=\"article\" \/>\n<meta property=\"og:title\" content=\"\u00bfQu\u00e9 sugiere la ciencia del desarrollo sobre los primeros mil d\u00edas?\" \/>\n<meta property=\"og:description\" content=\"REDACCI\u00d3N NOTI-AM\u00c9RICA (ECUADOR) Por: \u00a0Sebasti\u00e1n Lipina \u00bfC\u00f3mo surgi\u00f3 el \u00e9nfasis que se da a los primeros mil d\u00edas de vida como determinantes de diferentes aspectos del desarrollo humano durante el ciclo de la vida?&#046;&#046;&#046;\" \/>\n<meta property=\"og:url\" content=\"https:\/\/noti-america.com\/site\/ecuador\/2019\/03\/20\/que-sugiere-la-ciencia-del-desarrollo-sobre-los-primeros-mil-dias\/\" \/>\n<meta property=\"og:site_name\" content=\"Ecuador | Noti-America.com\" \/>\n<meta property=\"article:published_time\" content=\"2019-03-20T00:51:26+00:00\" \/>\n<meta property=\"og:image\" content=\"https:\/\/noti-america.com\/site\/ecuador\/wp-content\/uploads\/sites\/18\/2019\/03\/PP-NOTA.png\" \/>\n\t<meta property=\"og:image:width\" content=\"1201\" \/>\n\t<meta property=\"og:image:height\" content=\"527\" \/>\n\t<meta property=\"og:image:type\" content=\"image\/png\" \/>\n<meta name=\"author\" content=\"Gregory Quintana Montiel\" \/>\n<meta name=\"twitter:card\" content=\"summary_large_image\" \/>\n<meta name=\"twitter:creator\" content=\"@gdgregori1\" \/>\n<meta name=\"twitter:site\" content=\"@notiamerica\" \/>\n<meta name=\"twitter:label1\" content=\"Escrito por\" \/>\n\t<meta name=\"twitter:data1\" content=\"Gregory Quintana Montiel\" \/>\n\t<meta name=\"twitter:label2\" content=\"Tiempo estimado de lectura\" \/>\n\t<meta name=\"twitter:data2\" content=\"6 minutos\" \/>\n<script type=\"application\/ld+json\" class=\"yoast-schema-graph\">{\"@context\":\"https:\/\/schema.org\",\"@graph\":[{\"@type\":\"Article\",\"@id\":\"https:\/\/noti-america.com\/site\/ecuador\/2019\/03\/20\/que-sugiere-la-ciencia-del-desarrollo-sobre-los-primeros-mil-dias\/#article\",\"isPartOf\":{\"@id\":\"https:\/\/noti-america.com\/site\/ecuador\/2019\/03\/20\/que-sugiere-la-ciencia-del-desarrollo-sobre-los-primeros-mil-dias\/\"},\"author\":{\"name\":\"Gregory Quintana Montiel\",\"@id\":\"https:\/\/noti-america.com\/site\/ecuador\/#\/schema\/person\/3b975e42f15abfe64bfe3abdd916efda\"},\"headline\":\"\u00bfQu\u00e9 sugiere la ciencia del desarrollo sobre los primeros mil d\u00edas?\",\"datePublished\":\"2019-03-20T00:51:26+00:00\",\"mainEntityOfPage\":{\"@id\":\"https:\/\/noti-america.com\/site\/ecuador\/2019\/03\/20\/que-sugiere-la-ciencia-del-desarrollo-sobre-los-primeros-mil-dias\/\"},\"wordCount\":1188,\"commentCount\":0,\"publisher\":{\"@id\":\"https:\/\/noti-america.com\/site\/ecuador\/#organization\"},\"image\":{\"@id\":\"https:\/\/noti-america.com\/site\/ecuador\/2019\/03\/20\/que-sugiere-la-ciencia-del-desarrollo-sobre-los-primeros-mil-dias\/#primaryimage\"},\"thumbnailUrl\":\"https:\/\/noti-america.com\/site\/ecuador\/wp-content\/uploads\/sites\/18\/2019\/03\/PP-NOTA.png\",\"articleSection\":[\"Educaci\u00f3n\"],\"inLanguage\":\"es\",\"potentialAction\":[{\"@type\":\"CommentAction\",\"name\":\"Comment\",\"target\":[\"https:\/\/noti-america.com\/site\/ecuador\/2019\/03\/20\/que-sugiere-la-ciencia-del-desarrollo-sobre-los-primeros-mil-dias\/#respond\"]}]},{\"@type\":\"WebPage\",\"@id\":\"https:\/\/noti-america.com\/site\/ecuador\/2019\/03\/20\/que-sugiere-la-ciencia-del-desarrollo-sobre-los-primeros-mil-dias\/\",\"url\":\"https:\/\/noti-america.com\/site\/ecuador\/2019\/03\/20\/que-sugiere-la-ciencia-del-desarrollo-sobre-los-primeros-mil-dias\/\",\"name\":\"\u00bfQu\u00e9 sugiere la ciencia del desarrollo sobre los primeros mil d\u00edas? - Ecuador | Noti-America.com\",\"isPartOf\":{\"@id\":\"https:\/\/noti-america.com\/site\/ecuador\/#website\"},\"primaryImageOfPage\":{\"@id\":\"https:\/\/noti-america.com\/site\/ecuador\/2019\/03\/20\/que-sugiere-la-ciencia-del-desarrollo-sobre-los-primeros-mil-dias\/#primaryimage\"},\"image\":{\"@id\":\"https:\/\/noti-america.com\/site\/ecuador\/2019\/03\/20\/que-sugiere-la-ciencia-del-desarrollo-sobre-los-primeros-mil-dias\/#primaryimage\"},\"thumbnailUrl\":\"https:\/\/noti-america.com\/site\/ecuador\/wp-content\/uploads\/sites\/18\/2019\/03\/PP-NOTA.png\",\"datePublished\":\"2019-03-20T00:51:26+00:00\",\"breadcrumb\":{\"@id\":\"https:\/\/noti-america.com\/site\/ecuador\/2019\/03\/20\/que-sugiere-la-ciencia-del-desarrollo-sobre-los-primeros-mil-dias\/#breadcrumb\"},\"inLanguage\":\"es\",\"potentialAction\":[{\"@type\":\"ReadAction\",\"target\":[\"https:\/\/noti-america.com\/site\/ecuador\/2019\/03\/20\/que-sugiere-la-ciencia-del-desarrollo-sobre-los-primeros-mil-dias\/\"]}]},{\"@type\":\"ImageObject\",\"inLanguage\":\"es\",\"@id\":\"https:\/\/noti-america.com\/site\/ecuador\/2019\/03\/20\/que-sugiere-la-ciencia-del-desarrollo-sobre-los-primeros-mil-dias\/#primaryimage\",\"url\":\"https:\/\/noti-america.com\/site\/ecuador\/wp-content\/uploads\/sites\/18\/2019\/03\/PP-NOTA.png\",\"contentUrl\":\"https:\/\/noti-america.com\/site\/ecuador\/wp-content\/uploads\/sites\/18\/2019\/03\/PP-NOTA.png\",\"width\":1201,\"height\":527,\"caption\":\"Cambios significativos en el cerebro humano desde la concepci\u00f3n hasta la edad adulta.\"},{\"@type\":\"BreadcrumbList\",\"@id\":\"https:\/\/noti-america.com\/site\/ecuador\/2019\/03\/20\/que-sugiere-la-ciencia-del-desarrollo-sobre-los-primeros-mil-dias\/#breadcrumb\",\"itemListElement\":[{\"@type\":\"ListItem\",\"position\":1,\"name\":\"Portada\",\"item\":\"https:\/\/noti-america.com\/site\/ecuador\/\"},{\"@type\":\"ListItem\",\"position\":2,\"name\":\"\u00bfQu\u00e9 sugiere la ciencia del desarrollo sobre los primeros mil d\u00edas?\"}]},{\"@type\":\"WebSite\",\"@id\":\"https:\/\/noti-america.com\/site\/ecuador\/#website\",\"url\":\"https:\/\/noti-america.com\/site\/ecuador\/\",\"name\":\"Ecuador | Noti-America.com\",\"description\":\"\",\"publisher\":{\"@id\":\"https:\/\/noti-america.com\/site\/ecuador\/#organization\"},\"potentialAction\":[{\"@type\":\"SearchAction\",\"target\":{\"@type\":\"EntryPoint\",\"urlTemplate\":\"https:\/\/noti-america.com\/site\/ecuador\/?s={search_term_string}\"},\"query-input\":{\"@type\":\"PropertyValueSpecification\",\"valueRequired\":true,\"valueName\":\"search_term_string\"}}],\"inLanguage\":\"es\"},{\"@type\":\"Organization\",\"@id\":\"https:\/\/noti-america.com\/site\/ecuador\/#organization\",\"name\":\"Noti-America LLC | Ecuador\",\"url\":\"https:\/\/noti-america.com\/site\/ecuador\/\",\"logo\":{\"@type\":\"ImageObject\",\"inLanguage\":\"es\",\"@id\":\"https:\/\/noti-america.com\/site\/ecuador\/#\/schema\/logo\/image\/\",\"url\":\"https:\/\/noti-america.com\/site\/ecuador\/wp-content\/uploads\/sites\/18\/2020\/07\/LogoNA-4x3-1.jpg\",\"contentUrl\":\"https:\/\/noti-america.com\/site\/ecuador\/wp-content\/uploads\/sites\/18\/2020\/07\/LogoNA-4x3-1.jpg\",\"width\":1236,\"height\":1080,\"caption\":\"Noti-America LLC | Ecuador\"},\"image\":{\"@id\":\"https:\/\/noti-america.com\/site\/ecuador\/#\/schema\/logo\/image\/\"},\"sameAs\":[\"https:\/\/x.com\/notiamerica\"]},{\"@type\":\"Person\",\"@id\":\"https:\/\/noti-america.com\/site\/ecuador\/#\/schema\/person\/3b975e42f15abfe64bfe3abdd916efda\",\"name\":\"Gregory Quintana Montiel\",\"image\":{\"@type\":\"ImageObject\",\"inLanguage\":\"es\",\"@id\":\"https:\/\/secure.gravatar.com\/avatar\/2d6b802f7720c2ec7744dcbe608cc2f3417aeb964d58b443c6d612b77531de1d?s=96&d=mm&r=g\",\"url\":\"https:\/\/secure.gravatar.com\/avatar\/2d6b802f7720c2ec7744dcbe608cc2f3417aeb964d58b443c6d612b77531de1d?s=96&d=mm&r=g\",\"contentUrl\":\"https:\/\/secure.gravatar.com\/avatar\/2d6b802f7720c2ec7744dcbe608cc2f3417aeb964d58b443c6d612b77531de1d?s=96&d=mm&r=g\",\"caption\":\"Gregory Quintana Montiel\"},\"description\":\"Licenciatura en Ciencias de la Comunicaci\u00f3n Social, egresado en la Especializaci\u00f3n Derecho Ambiental Desarrollo Sostenible y Sustentable, Miembro de la Comunidad de profesionales y experto para Latinoam\u00e9rica y el Caribe en Gesti\u00f3n por Resultado en el Desarrollo (COPLAC - GpRD) del Banco Interamericano de Desarrollo, experiencia en medios radiales y escritos.\",\"sameAs\":[\"https:\/\/x.com\/gdgregori1\",\"gquintana\"],\"url\":\"https:\/\/noti-america.com\/site\/ecuador\/author\/gquintana\/\"}]}<\/script>\n<!-- \/ Yoast SEO Premium plugin. -->","yoast_head_json":{"title":"\u00bfQu\u00e9 sugiere la ciencia del desarrollo sobre los primeros mil d\u00edas? - Ecuador | Noti-America.com","robots":{"index":"index","follow":"follow","max-snippet":"max-snippet:-1","max-image-preview":"max-image-preview:large","max-video-preview":"max-video-preview:-1"},"canonical":"https:\/\/noti-america.com\/site\/ecuador\/2019\/03\/20\/que-sugiere-la-ciencia-del-desarrollo-sobre-los-primeros-mil-dias\/","og_locale":"es_ES","og_type":"article","og_title":"\u00bfQu\u00e9 sugiere la ciencia del desarrollo sobre los primeros mil d\u00edas?","og_description":"REDACCI\u00d3N NOTI-AM\u00c9RICA (ECUADOR) Por: \u00a0Sebasti\u00e1n Lipina \u00bfC\u00f3mo surgi\u00f3 el \u00e9nfasis que se da a los primeros mil d\u00edas de vida como determinantes de diferentes aspectos del desarrollo humano durante el ciclo de la vida?&#46;&#46;&#46;","og_url":"https:\/\/noti-america.com\/site\/ecuador\/2019\/03\/20\/que-sugiere-la-ciencia-del-desarrollo-sobre-los-primeros-mil-dias\/","og_site_name":"Ecuador | Noti-America.com","article_published_time":"2019-03-20T00:51:26+00:00","og_image":[{"width":1201,"height":527,"url":"https:\/\/noti-america.com\/site\/ecuador\/wp-content\/uploads\/sites\/18\/2019\/03\/PP-NOTA.png","type":"image\/png"}],"author":"Gregory Quintana Montiel","twitter_card":"summary_large_image","twitter_creator":"@gdgregori1","twitter_site":"@notiamerica","twitter_misc":{"Escrito por":"Gregory Quintana Montiel","Tiempo estimado de lectura":"6 minutos"},"schema":{"@context":"https:\/\/schema.org","@graph":[{"@type":"Article","@id":"https:\/\/noti-america.com\/site\/ecuador\/2019\/03\/20\/que-sugiere-la-ciencia-del-desarrollo-sobre-los-primeros-mil-dias\/#article","isPartOf":{"@id":"https:\/\/noti-america.com\/site\/ecuador\/2019\/03\/20\/que-sugiere-la-ciencia-del-desarrollo-sobre-los-primeros-mil-dias\/"},"author":{"name":"Gregory Quintana Montiel","@id":"https:\/\/noti-america.com\/site\/ecuador\/#\/schema\/person\/3b975e42f15abfe64bfe3abdd916efda"},"headline":"\u00bfQu\u00e9 sugiere la ciencia del desarrollo sobre los primeros mil d\u00edas?","datePublished":"2019-03-20T00:51:26+00:00","mainEntityOfPage":{"@id":"https:\/\/noti-america.com\/site\/ecuador\/2019\/03\/20\/que-sugiere-la-ciencia-del-desarrollo-sobre-los-primeros-mil-dias\/"},"wordCount":1188,"commentCount":0,"publisher":{"@id":"https:\/\/noti-america.com\/site\/ecuador\/#organization"},"image":{"@id":"https:\/\/noti-america.com\/site\/ecuador\/2019\/03\/20\/que-sugiere-la-ciencia-del-desarrollo-sobre-los-primeros-mil-dias\/#primaryimage"},"thumbnailUrl":"https:\/\/noti-america.com\/site\/ecuador\/wp-content\/uploads\/sites\/18\/2019\/03\/PP-NOTA.png","articleSection":["Educaci\u00f3n"],"inLanguage":"es","potentialAction":[{"@type":"CommentAction","name":"Comment","target":["https:\/\/noti-america.com\/site\/ecuador\/2019\/03\/20\/que-sugiere-la-ciencia-del-desarrollo-sobre-los-primeros-mil-dias\/#respond"]}]},{"@type":"WebPage","@id":"https:\/\/noti-america.com\/site\/ecuador\/2019\/03\/20\/que-sugiere-la-ciencia-del-desarrollo-sobre-los-primeros-mil-dias\/","url":"https:\/\/noti-america.com\/site\/ecuador\/2019\/03\/20\/que-sugiere-la-ciencia-del-desarrollo-sobre-los-primeros-mil-dias\/","name":"\u00bfQu\u00e9 sugiere la ciencia del desarrollo sobre los primeros mil d\u00edas? - Ecuador | Noti-America.com","isPartOf":{"@id":"https:\/\/noti-america.com\/site\/ecuador\/#website"},"primaryImageOfPage":{"@id":"https:\/\/noti-america.com\/site\/ecuador\/2019\/03\/20\/que-sugiere-la-ciencia-del-desarrollo-sobre-los-primeros-mil-dias\/#primaryimage"},"image":{"@id":"https:\/\/noti-america.com\/site\/ecuador\/2019\/03\/20\/que-sugiere-la-ciencia-del-desarrollo-sobre-los-primeros-mil-dias\/#primaryimage"},"thumbnailUrl":"https:\/\/noti-america.com\/site\/ecuador\/wp-content\/uploads\/sites\/18\/2019\/03\/PP-NOTA.png","datePublished":"2019-03-20T00:51:26+00:00","breadcrumb":{"@id":"https:\/\/noti-america.com\/site\/ecuador\/2019\/03\/20\/que-sugiere-la-ciencia-del-desarrollo-sobre-los-primeros-mil-dias\/#breadcrumb"},"inLanguage":"es","potentialAction":[{"@type":"ReadAction","target":["https:\/\/noti-america.com\/site\/ecuador\/2019\/03\/20\/que-sugiere-la-ciencia-del-desarrollo-sobre-los-primeros-mil-dias\/"]}]},{"@type":"ImageObject","inLanguage":"es","@id":"https:\/\/noti-america.com\/site\/ecuador\/2019\/03\/20\/que-sugiere-la-ciencia-del-desarrollo-sobre-los-primeros-mil-dias\/#primaryimage","url":"https:\/\/noti-america.com\/site\/ecuador\/wp-content\/uploads\/sites\/18\/2019\/03\/PP-NOTA.png","contentUrl":"https:\/\/noti-america.com\/site\/ecuador\/wp-content\/uploads\/sites\/18\/2019\/03\/PP-NOTA.png","width":1201,"height":527,"caption":"Cambios significativos en el cerebro humano desde la concepci\u00f3n hasta la edad adulta."},{"@type":"BreadcrumbList","@id":"https:\/\/noti-america.com\/site\/ecuador\/2019\/03\/20\/que-sugiere-la-ciencia-del-desarrollo-sobre-los-primeros-mil-dias\/#breadcrumb","itemListElement":[{"@type":"ListItem","position":1,"name":"Portada","item":"https:\/\/noti-america.com\/site\/ecuador\/"},{"@type":"ListItem","position":2,"name":"\u00bfQu\u00e9 sugiere la ciencia del desarrollo sobre los primeros mil d\u00edas?"}]},{"@type":"WebSite","@id":"https:\/\/noti-america.com\/site\/ecuador\/#website","url":"https:\/\/noti-america.com\/site\/ecuador\/","name":"Ecuador | Noti-America.com","description":"","publisher":{"@id":"https:\/\/noti-america.com\/site\/ecuador\/#organization"},"potentialAction":[{"@type":"SearchAction","target":{"@type":"EntryPoint","urlTemplate":"https:\/\/noti-america.com\/site\/ecuador\/?s={search_term_string}"},"query-input":{"@type":"PropertyValueSpecification","valueRequired":true,"valueName":"search_term_string"}}],"inLanguage":"es"},{"@type":"Organization","@id":"https:\/\/noti-america.com\/site\/ecuador\/#organization","name":"Noti-America LLC | Ecuador","url":"https:\/\/noti-america.com\/site\/ecuador\/","logo":{"@type":"ImageObject","inLanguage":"es","@id":"https:\/\/noti-america.com\/site\/ecuador\/#\/schema\/logo\/image\/","url":"https:\/\/noti-america.com\/site\/ecuador\/wp-content\/uploads\/sites\/18\/2020\/07\/LogoNA-4x3-1.jpg","contentUrl":"https:\/\/noti-america.com\/site\/ecuador\/wp-content\/uploads\/sites\/18\/2020\/07\/LogoNA-4x3-1.jpg","width":1236,"height":1080,"caption":"Noti-America LLC | Ecuador"},"image":{"@id":"https:\/\/noti-america.com\/site\/ecuador\/#\/schema\/logo\/image\/"},"sameAs":["https:\/\/x.com\/notiamerica"]},{"@type":"Person","@id":"https:\/\/noti-america.com\/site\/ecuador\/#\/schema\/person\/3b975e42f15abfe64bfe3abdd916efda","name":"Gregory Quintana Montiel","image":{"@type":"ImageObject","inLanguage":"es","@id":"https:\/\/secure.gravatar.com\/avatar\/2d6b802f7720c2ec7744dcbe608cc2f3417aeb964d58b443c6d612b77531de1d?s=96&d=mm&r=g","url":"https:\/\/secure.gravatar.com\/avatar\/2d6b802f7720c2ec7744dcbe608cc2f3417aeb964d58b443c6d612b77531de1d?s=96&d=mm&r=g","contentUrl":"https:\/\/secure.gravatar.com\/avatar\/2d6b802f7720c2ec7744dcbe608cc2f3417aeb964d58b443c6d612b77531de1d?s=96&d=mm&r=g","caption":"Gregory Quintana Montiel"},"description":"Licenciatura en Ciencias de la Comunicaci\u00f3n Social, egresado en la Especializaci\u00f3n Derecho Ambiental Desarrollo Sostenible y Sustentable, Miembro de la Comunidad de profesionales y experto para Latinoam\u00e9rica y el Caribe en Gesti\u00f3n por Resultado en el Desarrollo (COPLAC - GpRD) del Banco Interamericano de Desarrollo, experiencia en medios radiales y escritos.","sameAs":["https:\/\/x.com\/gdgregori1","gquintana"],"url":"https:\/\/noti-america.com\/site\/ecuador\/author\/gquintana\/"}]}},"_links":{"self":[{"href":"https:\/\/noti-america.com\/site\/ecuador\/wp-json\/wp\/v2\/posts\/3653","targetHints":{"allow":["GET"]}}],"collection":[{"href":"https:\/\/noti-america.com\/site\/ecuador\/wp-json\/wp\/v2\/posts"}],"about":[{"href":"https:\/\/noti-america.com\/site\/ecuador\/wp-json\/wp\/v2\/types\/post"}],"author":[{"embeddable":true,"href":"https:\/\/noti-america.com\/site\/ecuador\/wp-json\/wp\/v2\/users\/17"}],"replies":[{"embeddable":true,"href":"https:\/\/noti-america.com\/site\/ecuador\/wp-json\/wp\/v2\/comments?post=3653"}],"version-history":[{"count":1,"href":"https:\/\/noti-america.com\/site\/ecuador\/wp-json\/wp\/v2\/posts\/3653\/revisions"}],"predecessor-version":[{"id":3655,"href":"https:\/\/noti-america.com\/site\/ecuador\/wp-json\/wp\/v2\/posts\/3653\/revisions\/3655"}],"wp:featuredmedia":[{"embeddable":true,"href":"https:\/\/noti-america.com\/site\/ecuador\/wp-json\/wp\/v2\/media\/3654"}],"wp:attachment":[{"href":"https:\/\/noti-america.com\/site\/ecuador\/wp-json\/wp\/v2\/media?parent=3653"}],"wp:term":[{"taxonomy":"category","embeddable":true,"href":"https:\/\/noti-america.com\/site\/ecuador\/wp-json\/wp\/v2\/categories?post=3653"},{"taxonomy":"post_tag","embeddable":true,"href":"https:\/\/noti-america.com\/site\/ecuador\/wp-json\/wp\/v2\/tags?post=3653"}],"curies":[{"name":"wp","href":"https:\/\/api.w.org\/{rel}","templated":true}]}}