{"id":36497,"date":"2025-12-23T21:01:54","date_gmt":"2025-12-23T21:01:54","guid":{"rendered":"https:\/\/noti-america.com\/site\/ecuador\/?p=36497"},"modified":"2025-12-23T21:01:54","modified_gmt":"2025-12-23T21:01:54","slug":"feriados-de-fin-de-ano-dinamizan-el-turismo-en-quito","status":"publish","type":"post","link":"https:\/\/noti-america.com\/site\/ecuador\/2025\/12\/23\/feriados-de-fin-de-ano-dinamizan-el-turismo-en-quito\/","title":{"rendered":"Feriados de fin de a\u00f1o dinamizan el turismo en Quito"},"content":{"rendered":"<p><strong>NOTI-AMERICA.COM | ECUADOR.\u00a0<\/strong><\/p>\n<p style=\"text-align: justify\"><img loading=\"lazy\" decoding=\"async\" class=\"size-medium wp-image-36498 aligncenter\" src=\"https:\/\/noti-america.com\/site\/ecuador\/wp-content\/uploads\/sites\/18\/2025\/12\/IMG-20251223-WA0192-300x200.jpg\" alt=\"\" width=\"300\" height=\"200\" srcset=\"https:\/\/noti-america.com\/site\/ecuador\/wp-content\/uploads\/sites\/18\/2025\/12\/IMG-20251223-WA0192-300x200.jpg 300w, https:\/\/noti-america.com\/site\/ecuador\/wp-content\/uploads\/sites\/18\/2025\/12\/IMG-20251223-WA0192-1024x683.jpg 1024w, https:\/\/noti-america.com\/site\/ecuador\/wp-content\/uploads\/sites\/18\/2025\/12\/IMG-20251223-WA0192-768x512.jpg 768w, https:\/\/noti-america.com\/site\/ecuador\/wp-content\/uploads\/sites\/18\/2025\/12\/IMG-20251223-WA0192-1536x1024.jpg 1536w, https:\/\/noti-america.com\/site\/ecuador\/wp-content\/uploads\/sites\/18\/2025\/12\/IMG-20251223-WA0192-272x182.jpg 272w, https:\/\/noti-america.com\/site\/ecuador\/wp-content\/uploads\/sites\/18\/2025\/12\/IMG-20251223-WA0192.jpg 1600w\" sizes=\"auto, (max-width: 300px) 100vw, 300px\" \/>Los feriados de Navidad y Fin de A\u00f1o se consolidan como uno de los per\u00edodos de mayor dinamismo para el turismo en Ecuador, impulsando millones de desplazamientos internos y un importante flujo econ\u00f3mico. Datos del Ministerio de Turismo revelan que entre ambos feriados, en el per\u00edodo 2018\u20132019, se registraron 4,9 millones de visitas tur\u00edsticas, confirmando la relevancia de estas fechas para la movilidad nacional.<\/p>\n<p style=\"text-align: justify\">Quito se mantiene como uno de los principales destinos beneficiados por esta tendencia. Seg\u00fan Quito Turismo, durante el feriado de Navidad de 2022 la capital recibi\u00f3 cerca de 80 mil visitantes, generando m\u00e1s de USD 6,5 millones en gasto tur\u00edstico, mientras que en el feriado de Fin de A\u00f1o 2022\u20132023 la cifra de turistas no residentes super\u00f3 los 79 mil, con un crecimiento de hasta el 50 % en comparaci\u00f3n con a\u00f1os anteriores.<\/p>\n<p style=\"text-align: justify\">Este aumento sostenido de visitantes ha impactado directamente en la demanda de alojamiento urbano, especialmente en sectores estrat\u00e9gicos como La Carolina, donde la conectividad, los servicios y los desarrollos residenciales modernos se han vuelto factores clave para los viajeros que buscan comodidad y seguridad durante la temporada festiva.<\/p>\n<p style=\"text-align: justify\">En este escenario, modelos de hospitalidad urbana como los que ofrece Top Rentals han ganado espacio en el mercado quite\u00f1o. La operaci\u00f3n de departamentos temporales completamente equipados, con seguridad permanente y ubicaciones privilegiadas en edificios como Qorner y Epic, responde a las nuevas preferencias de turistas que combinan descanso, trabajo remoto y estad\u00edas familiares en diciembre.<\/p>\n<p style=\"text-align: justify\">Para Guido Pacanowski, Founder &amp; CEO de Top Rentals, la temporada decembrina confirma un cambio en los h\u00e1bitos del viajero. \u201cHoy las personas buscan sentirse como en casa, incluso lejos de ella, priorizando espacios seguros, bien ubicados y con servicios confiables. Este comportamiento se fortalece cada a\u00f1o y convierte a diciembre en un per\u00edodo clave para la hospitalidad urbana\u201d, se\u00f1al\u00f3.<\/p>\n","protected":false},"excerpt":{"rendered":"<p>NOTI-AMERICA.COM | ECUADOR.\u00a0 Los feriados de Navidad y Fin de A\u00f1o se consolidan como uno de los per\u00edodos de mayor dinamismo para el turismo en Ecuador, impulsando millones de desplazamientos internos y un importante&#46;&#46;&#46;<\/p>\n","protected":false},"author":144,"featured_media":36498,"comment_status":"open","ping_status":"open","sticky":false,"template":"","format":"standard","meta":{"_acf_changed":false,"om_disable_all_campaigns":false,"rop_custom_images_group":[],"rop_custom_messages_group":[],"rop_publish_now":"initial","rop_publish_now_accounts":{"twitter_242054905_242054905":""},"rop_publish_now_history":[],"rop_publish_now_status":"pending","_uf_show_specific_survey":0,"_uf_disable_surveys":false,"footnotes":""},"categories":[1],"tags":[],"class_list":["post-36497","post","type-post","status-publish","format-standard","has-post-thumbnail","hentry","category-uncategorized"],"acf":[],"aioseo_notices":[],"yoast_head":"<!-- This site is optimized with the Yoast SEO Premium plugin v24.9 (Yoast SEO v27.2) - https:\/\/yoast.com\/product\/yoast-seo-premium-wordpress\/ -->\n<title>Feriados de fin de a\u00f1o dinamizan el turismo en Quito - Ecuador | Noti-America.com<\/title>\n<meta name=\"robots\" content=\"index, follow, max-snippet:-1, max-image-preview:large, max-video-preview:-1\" \/>\n<link rel=\"canonical\" href=\"https:\/\/noti-america.com\/site\/ecuador\/2025\/12\/23\/feriados-de-fin-de-ano-dinamizan-el-turismo-en-quito\/\" \/>\n<meta property=\"og:locale\" content=\"es_ES\" \/>\n<meta property=\"og:type\" content=\"article\" \/>\n<meta property=\"og:title\" content=\"Feriados de fin de a\u00f1o dinamizan el turismo en Quito\" \/>\n<meta property=\"og:description\" content=\"NOTI-AMERICA.COM | ECUADOR.\u00a0 Los feriados de Navidad y Fin de A\u00f1o se consolidan como uno de los per\u00edodos de mayor dinamismo para el turismo en Ecuador, impulsando millones de desplazamientos internos y un importante&#046;&#046;&#046;\" \/>\n<meta property=\"og:url\" content=\"https:\/\/noti-america.com\/site\/ecuador\/2025\/12\/23\/feriados-de-fin-de-ano-dinamizan-el-turismo-en-quito\/\" \/>\n<meta property=\"og:site_name\" content=\"Ecuador | Noti-America.com\" \/>\n<meta property=\"article:published_time\" content=\"2025-12-23T21:01:54+00:00\" \/>\n<meta property=\"og:image\" content=\"https:\/\/noti-america.com\/site\/ecuador\/wp-content\/uploads\/sites\/18\/2025\/12\/IMG-20251223-WA0192.jpg\" \/>\n\t<meta property=\"og:image:width\" content=\"1600\" \/>\n\t<meta property=\"og:image:height\" content=\"1067\" \/>\n\t<meta property=\"og:image:type\" content=\"image\/jpeg\" \/>\n<meta name=\"author\" content=\"Henry Garrido\" \/>\n<meta name=\"twitter:card\" content=\"summary_large_image\" \/>\n<meta name=\"twitter:creator\" content=\"@notiamerica\" \/>\n<meta name=\"twitter:site\" content=\"@notiamerica\" \/>\n<meta name=\"twitter:label1\" content=\"Escrito por\" \/>\n\t<meta name=\"twitter:data1\" content=\"Henry Garrido\" \/>\n\t<meta name=\"twitter:label2\" content=\"Tiempo estimado de lectura\" \/>\n\t<meta name=\"twitter:data2\" content=\"2 minutos\" \/>\n<script type=\"application\/ld+json\" class=\"yoast-schema-graph\">{\"@context\":\"https:\/\/schema.org\",\"@graph\":[{\"@type\":\"Article\",\"@id\":\"https:\/\/noti-america.com\/site\/ecuador\/2025\/12\/23\/feriados-de-fin-de-ano-dinamizan-el-turismo-en-quito\/#article\",\"isPartOf\":{\"@id\":\"https:\/\/noti-america.com\/site\/ecuador\/2025\/12\/23\/feriados-de-fin-de-ano-dinamizan-el-turismo-en-quito\/\"},\"author\":{\"name\":\"Henry Garrido\",\"@id\":\"https:\/\/noti-america.com\/site\/ecuador\/#\/schema\/person\/00042412cfa9ecf98077f847ffadda4a\"},\"headline\":\"Feriados de fin de a\u00f1o dinamizan el turismo en Quito\",\"datePublished\":\"2025-12-23T21:01:54+00:00\",\"mainEntityOfPage\":{\"@id\":\"https:\/\/noti-america.com\/site\/ecuador\/2025\/12\/23\/feriados-de-fin-de-ano-dinamizan-el-turismo-en-quito\/\"},\"wordCount\":325,\"commentCount\":0,\"publisher\":{\"@id\":\"https:\/\/noti-america.com\/site\/ecuador\/#organization\"},\"image\":{\"@id\":\"https:\/\/noti-america.com\/site\/ecuador\/2025\/12\/23\/feriados-de-fin-de-ano-dinamizan-el-turismo-en-quito\/#primaryimage\"},\"thumbnailUrl\":\"https:\/\/noti-america.com\/site\/ecuador\/wp-content\/uploads\/sites\/18\/2025\/12\/IMG-20251223-WA0192.jpg\",\"articleSection\":[\"Uncategorized\"],\"inLanguage\":\"es\",\"potentialAction\":[{\"@type\":\"CommentAction\",\"name\":\"Comment\",\"target\":[\"https:\/\/noti-america.com\/site\/ecuador\/2025\/12\/23\/feriados-de-fin-de-ano-dinamizan-el-turismo-en-quito\/#respond\"]}]},{\"@type\":\"WebPage\",\"@id\":\"https:\/\/noti-america.com\/site\/ecuador\/2025\/12\/23\/feriados-de-fin-de-ano-dinamizan-el-turismo-en-quito\/\",\"url\":\"https:\/\/noti-america.com\/site\/ecuador\/2025\/12\/23\/feriados-de-fin-de-ano-dinamizan-el-turismo-en-quito\/\",\"name\":\"Feriados de fin de a\u00f1o dinamizan el turismo en Quito - Ecuador | Noti-America.com\",\"isPartOf\":{\"@id\":\"https:\/\/noti-america.com\/site\/ecuador\/#website\"},\"primaryImageOfPage\":{\"@id\":\"https:\/\/noti-america.com\/site\/ecuador\/2025\/12\/23\/feriados-de-fin-de-ano-dinamizan-el-turismo-en-quito\/#primaryimage\"},\"image\":{\"@id\":\"https:\/\/noti-america.com\/site\/ecuador\/2025\/12\/23\/feriados-de-fin-de-ano-dinamizan-el-turismo-en-quito\/#primaryimage\"},\"thumbnailUrl\":\"https:\/\/noti-america.com\/site\/ecuador\/wp-content\/uploads\/sites\/18\/2025\/12\/IMG-20251223-WA0192.jpg\",\"datePublished\":\"2025-12-23T21:01:54+00:00\",\"breadcrumb\":{\"@id\":\"https:\/\/noti-america.com\/site\/ecuador\/2025\/12\/23\/feriados-de-fin-de-ano-dinamizan-el-turismo-en-quito\/#breadcrumb\"},\"inLanguage\":\"es\",\"potentialAction\":[{\"@type\":\"ReadAction\",\"target\":[\"https:\/\/noti-america.com\/site\/ecuador\/2025\/12\/23\/feriados-de-fin-de-ano-dinamizan-el-turismo-en-quito\/\"]}]},{\"@type\":\"ImageObject\",\"inLanguage\":\"es\",\"@id\":\"https:\/\/noti-america.com\/site\/ecuador\/2025\/12\/23\/feriados-de-fin-de-ano-dinamizan-el-turismo-en-quito\/#primaryimage\",\"url\":\"https:\/\/noti-america.com\/site\/ecuador\/wp-content\/uploads\/sites\/18\/2025\/12\/IMG-20251223-WA0192.jpg\",\"contentUrl\":\"https:\/\/noti-america.com\/site\/ecuador\/wp-content\/uploads\/sites\/18\/2025\/12\/IMG-20251223-WA0192.jpg\",\"width\":1600,\"height\":1067},{\"@type\":\"BreadcrumbList\",\"@id\":\"https:\/\/noti-america.com\/site\/ecuador\/2025\/12\/23\/feriados-de-fin-de-ano-dinamizan-el-turismo-en-quito\/#breadcrumb\",\"itemListElement\":[{\"@type\":\"ListItem\",\"position\":1,\"name\":\"Portada\",\"item\":\"https:\/\/noti-america.com\/site\/ecuador\/\"},{\"@type\":\"ListItem\",\"position\":2,\"name\":\"Feriados de fin de a\u00f1o dinamizan el turismo en Quito\"}]},{\"@type\":\"WebSite\",\"@id\":\"https:\/\/noti-america.com\/site\/ecuador\/#website\",\"url\":\"https:\/\/noti-america.com\/site\/ecuador\/\",\"name\":\"Ecuador | Noti-America.com\",\"description\":\"\",\"publisher\":{\"@id\":\"https:\/\/noti-america.com\/site\/ecuador\/#organization\"},\"potentialAction\":[{\"@type\":\"SearchAction\",\"target\":{\"@type\":\"EntryPoint\",\"urlTemplate\":\"https:\/\/noti-america.com\/site\/ecuador\/?s={search_term_string}\"},\"query-input\":{\"@type\":\"PropertyValueSpecification\",\"valueRequired\":true,\"valueName\":\"search_term_string\"}}],\"inLanguage\":\"es\"},{\"@type\":\"Organization\",\"@id\":\"https:\/\/noti-america.com\/site\/ecuador\/#organization\",\"name\":\"Noti-America LLC | Ecuador\",\"url\":\"https:\/\/noti-america.com\/site\/ecuador\/\",\"logo\":{\"@type\":\"ImageObject\",\"inLanguage\":\"es\",\"@id\":\"https:\/\/noti-america.com\/site\/ecuador\/#\/schema\/logo\/image\/\",\"url\":\"https:\/\/noti-america.com\/site\/ecuador\/wp-content\/uploads\/sites\/18\/2020\/07\/LogoNA-4x3-1.jpg\",\"contentUrl\":\"https:\/\/noti-america.com\/site\/ecuador\/wp-content\/uploads\/sites\/18\/2020\/07\/LogoNA-4x3-1.jpg\",\"width\":1236,\"height\":1080,\"caption\":\"Noti-America LLC | Ecuador\"},\"image\":{\"@id\":\"https:\/\/noti-america.com\/site\/ecuador\/#\/schema\/logo\/image\/\"},\"sameAs\":[\"https:\/\/x.com\/notiamerica\"]},{\"@type\":\"Person\",\"@id\":\"https:\/\/noti-america.com\/site\/ecuador\/#\/schema\/person\/00042412cfa9ecf98077f847ffadda4a\",\"name\":\"Henry Garrido\",\"image\":{\"@type\":\"ImageObject\",\"inLanguage\":\"es\",\"@id\":\"https:\/\/secure.gravatar.com\/avatar\/749ae5a1e6f22cf042f04b9f3f0a22732ae36970ccfd5c54a0a2ac3c4e1166ed?s=96&d=mm&r=g\",\"url\":\"https:\/\/secure.gravatar.com\/avatar\/749ae5a1e6f22cf042f04b9f3f0a22732ae36970ccfd5c54a0a2ac3c4e1166ed?s=96&d=mm&r=g\",\"contentUrl\":\"https:\/\/secure.gravatar.com\/avatar\/749ae5a1e6f22cf042f04b9f3f0a22732ae36970ccfd5c54a0a2ac3c4e1166ed?s=96&d=mm&r=g\",\"caption\":\"Henry Garrido\"},\"url\":\"https:\/\/noti-america.com\/site\/ecuador\/author\/hgarrido\/\"}]}<\/script>\n<!-- \/ Yoast SEO Premium plugin. -->","yoast_head_json":{"title":"Feriados de fin de a\u00f1o dinamizan el turismo en Quito - Ecuador | Noti-America.com","robots":{"index":"index","follow":"follow","max-snippet":"max-snippet:-1","max-image-preview":"max-image-preview:large","max-video-preview":"max-video-preview:-1"},"canonical":"https:\/\/noti-america.com\/site\/ecuador\/2025\/12\/23\/feriados-de-fin-de-ano-dinamizan-el-turismo-en-quito\/","og_locale":"es_ES","og_type":"article","og_title":"Feriados de fin de a\u00f1o dinamizan el turismo en Quito","og_description":"NOTI-AMERICA.COM | ECUADOR.\u00a0 Los feriados de Navidad y Fin de A\u00f1o se consolidan como uno de los per\u00edodos de mayor dinamismo para el turismo en Ecuador, impulsando millones de desplazamientos internos y un importante&#46;&#46;&#46;","og_url":"https:\/\/noti-america.com\/site\/ecuador\/2025\/12\/23\/feriados-de-fin-de-ano-dinamizan-el-turismo-en-quito\/","og_site_name":"Ecuador | Noti-America.com","article_published_time":"2025-12-23T21:01:54+00:00","og_image":[{"width":1600,"height":1067,"url":"https:\/\/noti-america.com\/site\/ecuador\/wp-content\/uploads\/sites\/18\/2025\/12\/IMG-20251223-WA0192.jpg","type":"image\/jpeg"}],"author":"Henry Garrido","twitter_card":"summary_large_image","twitter_creator":"@notiamerica","twitter_site":"@notiamerica","twitter_misc":{"Escrito por":"Henry Garrido","Tiempo estimado de lectura":"2 minutos"},"schema":{"@context":"https:\/\/schema.org","@graph":[{"@type":"Article","@id":"https:\/\/noti-america.com\/site\/ecuador\/2025\/12\/23\/feriados-de-fin-de-ano-dinamizan-el-turismo-en-quito\/#article","isPartOf":{"@id":"https:\/\/noti-america.com\/site\/ecuador\/2025\/12\/23\/feriados-de-fin-de-ano-dinamizan-el-turismo-en-quito\/"},"author":{"name":"Henry Garrido","@id":"https:\/\/noti-america.com\/site\/ecuador\/#\/schema\/person\/00042412cfa9ecf98077f847ffadda4a"},"headline":"Feriados de fin de a\u00f1o dinamizan el turismo en Quito","datePublished":"2025-12-23T21:01:54+00:00","mainEntityOfPage":{"@id":"https:\/\/noti-america.com\/site\/ecuador\/2025\/12\/23\/feriados-de-fin-de-ano-dinamizan-el-turismo-en-quito\/"},"wordCount":325,"commentCount":0,"publisher":{"@id":"https:\/\/noti-america.com\/site\/ecuador\/#organization"},"image":{"@id":"https:\/\/noti-america.com\/site\/ecuador\/2025\/12\/23\/feriados-de-fin-de-ano-dinamizan-el-turismo-en-quito\/#primaryimage"},"thumbnailUrl":"https:\/\/noti-america.com\/site\/ecuador\/wp-content\/uploads\/sites\/18\/2025\/12\/IMG-20251223-WA0192.jpg","articleSection":["Uncategorized"],"inLanguage":"es","potentialAction":[{"@type":"CommentAction","name":"Comment","target":["https:\/\/noti-america.com\/site\/ecuador\/2025\/12\/23\/feriados-de-fin-de-ano-dinamizan-el-turismo-en-quito\/#respond"]}]},{"@type":"WebPage","@id":"https:\/\/noti-america.com\/site\/ecuador\/2025\/12\/23\/feriados-de-fin-de-ano-dinamizan-el-turismo-en-quito\/","url":"https:\/\/noti-america.com\/site\/ecuador\/2025\/12\/23\/feriados-de-fin-de-ano-dinamizan-el-turismo-en-quito\/","name":"Feriados de fin de a\u00f1o dinamizan el turismo en Quito - Ecuador | Noti-America.com","isPartOf":{"@id":"https:\/\/noti-america.com\/site\/ecuador\/#website"},"primaryImageOfPage":{"@id":"https:\/\/noti-america.com\/site\/ecuador\/2025\/12\/23\/feriados-de-fin-de-ano-dinamizan-el-turismo-en-quito\/#primaryimage"},"image":{"@id":"https:\/\/noti-america.com\/site\/ecuador\/2025\/12\/23\/feriados-de-fin-de-ano-dinamizan-el-turismo-en-quito\/#primaryimage"},"thumbnailUrl":"https:\/\/noti-america.com\/site\/ecuador\/wp-content\/uploads\/sites\/18\/2025\/12\/IMG-20251223-WA0192.jpg","datePublished":"2025-12-23T21:01:54+00:00","breadcrumb":{"@id":"https:\/\/noti-america.com\/site\/ecuador\/2025\/12\/23\/feriados-de-fin-de-ano-dinamizan-el-turismo-en-quito\/#breadcrumb"},"inLanguage":"es","potentialAction":[{"@type":"ReadAction","target":["https:\/\/noti-america.com\/site\/ecuador\/2025\/12\/23\/feriados-de-fin-de-ano-dinamizan-el-turismo-en-quito\/"]}]},{"@type":"ImageObject","inLanguage":"es","@id":"https:\/\/noti-america.com\/site\/ecuador\/2025\/12\/23\/feriados-de-fin-de-ano-dinamizan-el-turismo-en-quito\/#primaryimage","url":"https:\/\/noti-america.com\/site\/ecuador\/wp-content\/uploads\/sites\/18\/2025\/12\/IMG-20251223-WA0192.jpg","contentUrl":"https:\/\/noti-america.com\/site\/ecuador\/wp-content\/uploads\/sites\/18\/2025\/12\/IMG-20251223-WA0192.jpg","width":1600,"height":1067},{"@type":"BreadcrumbList","@id":"https:\/\/noti-america.com\/site\/ecuador\/2025\/12\/23\/feriados-de-fin-de-ano-dinamizan-el-turismo-en-quito\/#breadcrumb","itemListElement":[{"@type":"ListItem","position":1,"name":"Portada","item":"https:\/\/noti-america.com\/site\/ecuador\/"},{"@type":"ListItem","position":2,"name":"Feriados de fin de a\u00f1o dinamizan el turismo en Quito"}]},{"@type":"WebSite","@id":"https:\/\/noti-america.com\/site\/ecuador\/#website","url":"https:\/\/noti-america.com\/site\/ecuador\/","name":"Ecuador | Noti-America.com","description":"","publisher":{"@id":"https:\/\/noti-america.com\/site\/ecuador\/#organization"},"potentialAction":[{"@type":"SearchAction","target":{"@type":"EntryPoint","urlTemplate":"https:\/\/noti-america.com\/site\/ecuador\/?s={search_term_string}"},"query-input":{"@type":"PropertyValueSpecification","valueRequired":true,"valueName":"search_term_string"}}],"inLanguage":"es"},{"@type":"Organization","@id":"https:\/\/noti-america.com\/site\/ecuador\/#organization","name":"Noti-America LLC | Ecuador","url":"https:\/\/noti-america.com\/site\/ecuador\/","logo":{"@type":"ImageObject","inLanguage":"es","@id":"https:\/\/noti-america.com\/site\/ecuador\/#\/schema\/logo\/image\/","url":"https:\/\/noti-america.com\/site\/ecuador\/wp-content\/uploads\/sites\/18\/2020\/07\/LogoNA-4x3-1.jpg","contentUrl":"https:\/\/noti-america.com\/site\/ecuador\/wp-content\/uploads\/sites\/18\/2020\/07\/LogoNA-4x3-1.jpg","width":1236,"height":1080,"caption":"Noti-America LLC | Ecuador"},"image":{"@id":"https:\/\/noti-america.com\/site\/ecuador\/#\/schema\/logo\/image\/"},"sameAs":["https:\/\/x.com\/notiamerica"]},{"@type":"Person","@id":"https:\/\/noti-america.com\/site\/ecuador\/#\/schema\/person\/00042412cfa9ecf98077f847ffadda4a","name":"Henry Garrido","image":{"@type":"ImageObject","inLanguage":"es","@id":"https:\/\/secure.gravatar.com\/avatar\/749ae5a1e6f22cf042f04b9f3f0a22732ae36970ccfd5c54a0a2ac3c4e1166ed?s=96&d=mm&r=g","url":"https:\/\/secure.gravatar.com\/avatar\/749ae5a1e6f22cf042f04b9f3f0a22732ae36970ccfd5c54a0a2ac3c4e1166ed?s=96&d=mm&r=g","contentUrl":"https:\/\/secure.gravatar.com\/avatar\/749ae5a1e6f22cf042f04b9f3f0a22732ae36970ccfd5c54a0a2ac3c4e1166ed?s=96&d=mm&r=g","caption":"Henry Garrido"},"url":"https:\/\/noti-america.com\/site\/ecuador\/author\/hgarrido\/"}]}},"_links":{"self":[{"href":"https:\/\/noti-america.com\/site\/ecuador\/wp-json\/wp\/v2\/posts\/36497","targetHints":{"allow":["GET"]}}],"collection":[{"href":"https:\/\/noti-america.com\/site\/ecuador\/wp-json\/wp\/v2\/posts"}],"about":[{"href":"https:\/\/noti-america.com\/site\/ecuador\/wp-json\/wp\/v2\/types\/post"}],"author":[{"embeddable":true,"href":"https:\/\/noti-america.com\/site\/ecuador\/wp-json\/wp\/v2\/users\/144"}],"replies":[{"embeddable":true,"href":"https:\/\/noti-america.com\/site\/ecuador\/wp-json\/wp\/v2\/comments?post=36497"}],"version-history":[{"count":2,"href":"https:\/\/noti-america.com\/site\/ecuador\/wp-json\/wp\/v2\/posts\/36497\/revisions"}],"predecessor-version":[{"id":36500,"href":"https:\/\/noti-america.com\/site\/ecuador\/wp-json\/wp\/v2\/posts\/36497\/revisions\/36500"}],"wp:featuredmedia":[{"embeddable":true,"href":"https:\/\/noti-america.com\/site\/ecuador\/wp-json\/wp\/v2\/media\/36498"}],"wp:attachment":[{"href":"https:\/\/noti-america.com\/site\/ecuador\/wp-json\/wp\/v2\/media?parent=36497"}],"wp:term":[{"taxonomy":"category","embeddable":true,"href":"https:\/\/noti-america.com\/site\/ecuador\/wp-json\/wp\/v2\/categories?post=36497"},{"taxonomy":"post_tag","embeddable":true,"href":"https:\/\/noti-america.com\/site\/ecuador\/wp-json\/wp\/v2\/tags?post=36497"}],"curies":[{"name":"wp","href":"https:\/\/api.w.org\/{rel}","templated":true}]}}