{"id":36441,"date":"2025-12-16T00:48:25","date_gmt":"2025-12-16T00:48:25","guid":{"rendered":"https:\/\/noti-america.com\/site\/ecuador\/?p=36441"},"modified":"2025-12-16T00:48:25","modified_gmt":"2025-12-16T00:48:25","slug":"1-500-ninos-con-cancer-celebran-la-navidad-con-fundacion-maria-gabriela-palacios","status":"publish","type":"post","link":"https:\/\/noti-america.com\/site\/ecuador\/2025\/12\/16\/1-500-ninos-con-cancer-celebran-la-navidad-con-fundacion-maria-gabriela-palacios\/","title":{"rendered":"1.500 ni\u00f1os con c\u00e1ncer celebran la Navidad con Fundaci\u00f3n Mar\u00eda Gabriela Palacios"},"content":{"rendered":"<p><strong>NOTI-AMERICA.COM | ECUADOR.<\/strong><\/p>\n<p style=\"text-align: justify\"><img loading=\"lazy\" decoding=\"async\" class=\"size-medium wp-image-36442 aligncenter\" src=\"https:\/\/noti-america.com\/site\/ecuador\/wp-content\/uploads\/sites\/18\/2025\/12\/IMG-20251215-WA0323-300x200.jpg\" alt=\"\" width=\"300\" height=\"200\" srcset=\"https:\/\/noti-america.com\/site\/ecuador\/wp-content\/uploads\/sites\/18\/2025\/12\/IMG-20251215-WA0323-300x200.jpg 300w, https:\/\/noti-america.com\/site\/ecuador\/wp-content\/uploads\/sites\/18\/2025\/12\/IMG-20251215-WA0323-1024x682.jpg 1024w, https:\/\/noti-america.com\/site\/ecuador\/wp-content\/uploads\/sites\/18\/2025\/12\/IMG-20251215-WA0323-768x512.jpg 768w, https:\/\/noti-america.com\/site\/ecuador\/wp-content\/uploads\/sites\/18\/2025\/12\/IMG-20251215-WA0323-1536x1023.jpg 1536w, https:\/\/noti-america.com\/site\/ecuador\/wp-content\/uploads\/sites\/18\/2025\/12\/IMG-20251215-WA0323-272x182.jpg 272w, https:\/\/noti-america.com\/site\/ecuador\/wp-content\/uploads\/sites\/18\/2025\/12\/IMG-20251215-WA0323.jpg 1600w\" sizes=\"auto, (max-width: 300px) 100vw, 300px\" \/>La Fundaci\u00f3n Mar\u00eda Gabriela Palacios, presidida por Rafael Palacios Bravo, y la APNACC, presidida por Salim Montenegro, celebraron la Navidad junto a 1.500 ni\u00f1os que padecen c\u00e1ncer, provenientes de diferentes partes del pa\u00eds y atendidos en distintos hospitales.<\/p>\n<p style=\"text-align: justify\">El emotivo encuentro fue posible gracias al apoyo de la empresa privada y la Municipalidad de Daule, que se sumaron a esta iniciativa solidaria, la cual busca brindar alegr\u00eda, esperanza y acompa\u00f1amiento a los menores y a sus familias en estas fechas especiales.<\/p>\n<p style=\"text-align: justify\">Esta actividad se realiz\u00f3 por octavo a\u00f1o consecutivo, consolid\u00e1ndose como una tradici\u00f3n navide\u00f1a de la fundaci\u00f3n, que reafirma su compromiso social con los ni\u00f1os que enfrentan esta dura enfermedad, llevando sonrisas, regalos y momentos de felicidad.<\/p>\n","protected":false},"excerpt":{"rendered":"<p>NOTI-AMERICA.COM | ECUADOR. La Fundaci\u00f3n Mar\u00eda Gabriela Palacios, presidida por Rafael Palacios Bravo, y la APNACC, presidida por Salim Montenegro, celebraron la Navidad junto a 1.500 ni\u00f1os que padecen c\u00e1ncer, provenientes de diferentes partes&#46;&#46;&#46;<\/p>\n","protected":false},"author":144,"featured_media":36442,"comment_status":"open","ping_status":"open","sticky":false,"template":"","format":"standard","meta":{"_acf_changed":false,"om_disable_all_campaigns":false,"rop_custom_images_group":[],"rop_custom_messages_group":[],"rop_publish_now":"initial","rop_publish_now_accounts":{"twitter_242054905_242054905":""},"rop_publish_now_history":[],"rop_publish_now_status":"pending","_uf_show_specific_survey":0,"_uf_disable_surveys":false,"footnotes":""},"categories":[1],"tags":[],"class_list":["post-36441","post","type-post","status-publish","format-standard","has-post-thumbnail","hentry","category-uncategorized"],"acf":[],"aioseo_notices":[],"yoast_head":"<!-- This site is optimized with the Yoast SEO Premium plugin v24.9 (Yoast SEO v27.2) - https:\/\/yoast.com\/product\/yoast-seo-premium-wordpress\/ -->\n<title>1.500 ni\u00f1os con c\u00e1ncer celebran la Navidad con Fundaci\u00f3n Mar\u00eda Gabriela Palacios - Ecuador | Noti-America.com<\/title>\n<meta name=\"robots\" content=\"index, follow, max-snippet:-1, max-image-preview:large, max-video-preview:-1\" \/>\n<link rel=\"canonical\" href=\"https:\/\/noti-america.com\/site\/ecuador\/2025\/12\/16\/1-500-ninos-con-cancer-celebran-la-navidad-con-fundacion-maria-gabriela-palacios\/\" \/>\n<meta property=\"og:locale\" content=\"es_ES\" \/>\n<meta property=\"og:type\" content=\"article\" \/>\n<meta property=\"og:title\" content=\"1.500 ni\u00f1os con c\u00e1ncer celebran la Navidad con Fundaci\u00f3n Mar\u00eda Gabriela Palacios\" \/>\n<meta property=\"og:description\" content=\"NOTI-AMERICA.COM | ECUADOR. La Fundaci\u00f3n Mar\u00eda Gabriela Palacios, presidida por Rafael Palacios Bravo, y la APNACC, presidida por Salim Montenegro, celebraron la Navidad junto a 1.500 ni\u00f1os que padecen c\u00e1ncer, provenientes de diferentes partes&#046;&#046;&#046;\" \/>\n<meta property=\"og:url\" content=\"https:\/\/noti-america.com\/site\/ecuador\/2025\/12\/16\/1-500-ninos-con-cancer-celebran-la-navidad-con-fundacion-maria-gabriela-palacios\/\" \/>\n<meta property=\"og:site_name\" content=\"Ecuador | Noti-America.com\" \/>\n<meta property=\"article:published_time\" content=\"2025-12-16T00:48:25+00:00\" \/>\n<meta property=\"og:image\" content=\"https:\/\/noti-america.com\/site\/ecuador\/wp-content\/uploads\/sites\/18\/2025\/12\/IMG-20251215-WA0323.jpg\" \/>\n\t<meta property=\"og:image:width\" content=\"1600\" \/>\n\t<meta property=\"og:image:height\" content=\"1066\" \/>\n\t<meta property=\"og:image:type\" content=\"image\/jpeg\" \/>\n<meta name=\"author\" content=\"Henry Garrido\" \/>\n<meta name=\"twitter:card\" content=\"summary_large_image\" \/>\n<meta name=\"twitter:creator\" content=\"@notiamerica\" \/>\n<meta name=\"twitter:site\" content=\"@notiamerica\" \/>\n<meta name=\"twitter:label1\" content=\"Escrito por\" \/>\n\t<meta name=\"twitter:data1\" content=\"Henry Garrido\" \/>\n\t<meta name=\"twitter:label2\" content=\"Tiempo estimado de lectura\" \/>\n\t<meta name=\"twitter:data2\" content=\"1 minuto\" \/>\n<script type=\"application\/ld+json\" class=\"yoast-schema-graph\">{\"@context\":\"https:\/\/schema.org\",\"@graph\":[{\"@type\":\"Article\",\"@id\":\"https:\/\/noti-america.com\/site\/ecuador\/2025\/12\/16\/1-500-ninos-con-cancer-celebran-la-navidad-con-fundacion-maria-gabriela-palacios\/#article\",\"isPartOf\":{\"@id\":\"https:\/\/noti-america.com\/site\/ecuador\/2025\/12\/16\/1-500-ninos-con-cancer-celebran-la-navidad-con-fundacion-maria-gabriela-palacios\/\"},\"author\":{\"name\":\"Henry Garrido\",\"@id\":\"https:\/\/noti-america.com\/site\/ecuador\/#\/schema\/person\/00042412cfa9ecf98077f847ffadda4a\"},\"headline\":\"1.500 ni\u00f1os con c\u00e1ncer celebran la Navidad con Fundaci\u00f3n Mar\u00eda Gabriela Palacios\",\"datePublished\":\"2025-12-16T00:48:25+00:00\",\"mainEntityOfPage\":{\"@id\":\"https:\/\/noti-america.com\/site\/ecuador\/2025\/12\/16\/1-500-ninos-con-cancer-celebran-la-navidad-con-fundacion-maria-gabriela-palacios\/\"},\"wordCount\":147,\"commentCount\":0,\"publisher\":{\"@id\":\"https:\/\/noti-america.com\/site\/ecuador\/#organization\"},\"image\":{\"@id\":\"https:\/\/noti-america.com\/site\/ecuador\/2025\/12\/16\/1-500-ninos-con-cancer-celebran-la-navidad-con-fundacion-maria-gabriela-palacios\/#primaryimage\"},\"thumbnailUrl\":\"https:\/\/noti-america.com\/site\/ecuador\/wp-content\/uploads\/sites\/18\/2025\/12\/IMG-20251215-WA0323.jpg\",\"articleSection\":[\"Uncategorized\"],\"inLanguage\":\"es\",\"potentialAction\":[{\"@type\":\"CommentAction\",\"name\":\"Comment\",\"target\":[\"https:\/\/noti-america.com\/site\/ecuador\/2025\/12\/16\/1-500-ninos-con-cancer-celebran-la-navidad-con-fundacion-maria-gabriela-palacios\/#respond\"]}]},{\"@type\":\"WebPage\",\"@id\":\"https:\/\/noti-america.com\/site\/ecuador\/2025\/12\/16\/1-500-ninos-con-cancer-celebran-la-navidad-con-fundacion-maria-gabriela-palacios\/\",\"url\":\"https:\/\/noti-america.com\/site\/ecuador\/2025\/12\/16\/1-500-ninos-con-cancer-celebran-la-navidad-con-fundacion-maria-gabriela-palacios\/\",\"name\":\"1.500 ni\u00f1os con c\u00e1ncer celebran la Navidad con Fundaci\u00f3n Mar\u00eda Gabriela Palacios - Ecuador | Noti-America.com\",\"isPartOf\":{\"@id\":\"https:\/\/noti-america.com\/site\/ecuador\/#website\"},\"primaryImageOfPage\":{\"@id\":\"https:\/\/noti-america.com\/site\/ecuador\/2025\/12\/16\/1-500-ninos-con-cancer-celebran-la-navidad-con-fundacion-maria-gabriela-palacios\/#primaryimage\"},\"image\":{\"@id\":\"https:\/\/noti-america.com\/site\/ecuador\/2025\/12\/16\/1-500-ninos-con-cancer-celebran-la-navidad-con-fundacion-maria-gabriela-palacios\/#primaryimage\"},\"thumbnailUrl\":\"https:\/\/noti-america.com\/site\/ecuador\/wp-content\/uploads\/sites\/18\/2025\/12\/IMG-20251215-WA0323.jpg\",\"datePublished\":\"2025-12-16T00:48:25+00:00\",\"breadcrumb\":{\"@id\":\"https:\/\/noti-america.com\/site\/ecuador\/2025\/12\/16\/1-500-ninos-con-cancer-celebran-la-navidad-con-fundacion-maria-gabriela-palacios\/#breadcrumb\"},\"inLanguage\":\"es\",\"potentialAction\":[{\"@type\":\"ReadAction\",\"target\":[\"https:\/\/noti-america.com\/site\/ecuador\/2025\/12\/16\/1-500-ninos-con-cancer-celebran-la-navidad-con-fundacion-maria-gabriela-palacios\/\"]}]},{\"@type\":\"ImageObject\",\"inLanguage\":\"es\",\"@id\":\"https:\/\/noti-america.com\/site\/ecuador\/2025\/12\/16\/1-500-ninos-con-cancer-celebran-la-navidad-con-fundacion-maria-gabriela-palacios\/#primaryimage\",\"url\":\"https:\/\/noti-america.com\/site\/ecuador\/wp-content\/uploads\/sites\/18\/2025\/12\/IMG-20251215-WA0323.jpg\",\"contentUrl\":\"https:\/\/noti-america.com\/site\/ecuador\/wp-content\/uploads\/sites\/18\/2025\/12\/IMG-20251215-WA0323.jpg\",\"width\":1600,\"height\":1066},{\"@type\":\"BreadcrumbList\",\"@id\":\"https:\/\/noti-america.com\/site\/ecuador\/2025\/12\/16\/1-500-ninos-con-cancer-celebran-la-navidad-con-fundacion-maria-gabriela-palacios\/#breadcrumb\",\"itemListElement\":[{\"@type\":\"ListItem\",\"position\":1,\"name\":\"Portada\",\"item\":\"https:\/\/noti-america.com\/site\/ecuador\/\"},{\"@type\":\"ListItem\",\"position\":2,\"name\":\"1.500 ni\u00f1os con c\u00e1ncer celebran la Navidad con Fundaci\u00f3n Mar\u00eda Gabriela Palacios\"}]},{\"@type\":\"WebSite\",\"@id\":\"https:\/\/noti-america.com\/site\/ecuador\/#website\",\"url\":\"https:\/\/noti-america.com\/site\/ecuador\/\",\"name\":\"Ecuador | Noti-America.com\",\"description\":\"\",\"publisher\":{\"@id\":\"https:\/\/noti-america.com\/site\/ecuador\/#organization\"},\"potentialAction\":[{\"@type\":\"SearchAction\",\"target\":{\"@type\":\"EntryPoint\",\"urlTemplate\":\"https:\/\/noti-america.com\/site\/ecuador\/?s={search_term_string}\"},\"query-input\":{\"@type\":\"PropertyValueSpecification\",\"valueRequired\":true,\"valueName\":\"search_term_string\"}}],\"inLanguage\":\"es\"},{\"@type\":\"Organization\",\"@id\":\"https:\/\/noti-america.com\/site\/ecuador\/#organization\",\"name\":\"Noti-America LLC | Ecuador\",\"url\":\"https:\/\/noti-america.com\/site\/ecuador\/\",\"logo\":{\"@type\":\"ImageObject\",\"inLanguage\":\"es\",\"@id\":\"https:\/\/noti-america.com\/site\/ecuador\/#\/schema\/logo\/image\/\",\"url\":\"https:\/\/noti-america.com\/site\/ecuador\/wp-content\/uploads\/sites\/18\/2020\/07\/LogoNA-4x3-1.jpg\",\"contentUrl\":\"https:\/\/noti-america.com\/site\/ecuador\/wp-content\/uploads\/sites\/18\/2020\/07\/LogoNA-4x3-1.jpg\",\"width\":1236,\"height\":1080,\"caption\":\"Noti-America LLC | Ecuador\"},\"image\":{\"@id\":\"https:\/\/noti-america.com\/site\/ecuador\/#\/schema\/logo\/image\/\"},\"sameAs\":[\"https:\/\/x.com\/notiamerica\"]},{\"@type\":\"Person\",\"@id\":\"https:\/\/noti-america.com\/site\/ecuador\/#\/schema\/person\/00042412cfa9ecf98077f847ffadda4a\",\"name\":\"Henry Garrido\",\"image\":{\"@type\":\"ImageObject\",\"inLanguage\":\"es\",\"@id\":\"https:\/\/secure.gravatar.com\/avatar\/749ae5a1e6f22cf042f04b9f3f0a22732ae36970ccfd5c54a0a2ac3c4e1166ed?s=96&d=mm&r=g\",\"url\":\"https:\/\/secure.gravatar.com\/avatar\/749ae5a1e6f22cf042f04b9f3f0a22732ae36970ccfd5c54a0a2ac3c4e1166ed?s=96&d=mm&r=g\",\"contentUrl\":\"https:\/\/secure.gravatar.com\/avatar\/749ae5a1e6f22cf042f04b9f3f0a22732ae36970ccfd5c54a0a2ac3c4e1166ed?s=96&d=mm&r=g\",\"caption\":\"Henry Garrido\"},\"url\":\"https:\/\/noti-america.com\/site\/ecuador\/author\/hgarrido\/\"}]}<\/script>\n<!-- \/ Yoast SEO Premium plugin. -->","yoast_head_json":{"title":"1.500 ni\u00f1os con c\u00e1ncer celebran la Navidad con Fundaci\u00f3n Mar\u00eda Gabriela Palacios - Ecuador | Noti-America.com","robots":{"index":"index","follow":"follow","max-snippet":"max-snippet:-1","max-image-preview":"max-image-preview:large","max-video-preview":"max-video-preview:-1"},"canonical":"https:\/\/noti-america.com\/site\/ecuador\/2025\/12\/16\/1-500-ninos-con-cancer-celebran-la-navidad-con-fundacion-maria-gabriela-palacios\/","og_locale":"es_ES","og_type":"article","og_title":"1.500 ni\u00f1os con c\u00e1ncer celebran la Navidad con Fundaci\u00f3n Mar\u00eda Gabriela Palacios","og_description":"NOTI-AMERICA.COM | ECUADOR. La Fundaci\u00f3n Mar\u00eda Gabriela Palacios, presidida por Rafael Palacios Bravo, y la APNACC, presidida por Salim Montenegro, celebraron la Navidad junto a 1.500 ni\u00f1os que padecen c\u00e1ncer, provenientes de diferentes partes&#46;&#46;&#46;","og_url":"https:\/\/noti-america.com\/site\/ecuador\/2025\/12\/16\/1-500-ninos-con-cancer-celebran-la-navidad-con-fundacion-maria-gabriela-palacios\/","og_site_name":"Ecuador | Noti-America.com","article_published_time":"2025-12-16T00:48:25+00:00","og_image":[{"width":1600,"height":1066,"url":"https:\/\/noti-america.com\/site\/ecuador\/wp-content\/uploads\/sites\/18\/2025\/12\/IMG-20251215-WA0323.jpg","type":"image\/jpeg"}],"author":"Henry Garrido","twitter_card":"summary_large_image","twitter_creator":"@notiamerica","twitter_site":"@notiamerica","twitter_misc":{"Escrito por":"Henry Garrido","Tiempo estimado de lectura":"1 minuto"},"schema":{"@context":"https:\/\/schema.org","@graph":[{"@type":"Article","@id":"https:\/\/noti-america.com\/site\/ecuador\/2025\/12\/16\/1-500-ninos-con-cancer-celebran-la-navidad-con-fundacion-maria-gabriela-palacios\/#article","isPartOf":{"@id":"https:\/\/noti-america.com\/site\/ecuador\/2025\/12\/16\/1-500-ninos-con-cancer-celebran-la-navidad-con-fundacion-maria-gabriela-palacios\/"},"author":{"name":"Henry Garrido","@id":"https:\/\/noti-america.com\/site\/ecuador\/#\/schema\/person\/00042412cfa9ecf98077f847ffadda4a"},"headline":"1.500 ni\u00f1os con c\u00e1ncer celebran la Navidad con Fundaci\u00f3n Mar\u00eda Gabriela Palacios","datePublished":"2025-12-16T00:48:25+00:00","mainEntityOfPage":{"@id":"https:\/\/noti-america.com\/site\/ecuador\/2025\/12\/16\/1-500-ninos-con-cancer-celebran-la-navidad-con-fundacion-maria-gabriela-palacios\/"},"wordCount":147,"commentCount":0,"publisher":{"@id":"https:\/\/noti-america.com\/site\/ecuador\/#organization"},"image":{"@id":"https:\/\/noti-america.com\/site\/ecuador\/2025\/12\/16\/1-500-ninos-con-cancer-celebran-la-navidad-con-fundacion-maria-gabriela-palacios\/#primaryimage"},"thumbnailUrl":"https:\/\/noti-america.com\/site\/ecuador\/wp-content\/uploads\/sites\/18\/2025\/12\/IMG-20251215-WA0323.jpg","articleSection":["Uncategorized"],"inLanguage":"es","potentialAction":[{"@type":"CommentAction","name":"Comment","target":["https:\/\/noti-america.com\/site\/ecuador\/2025\/12\/16\/1-500-ninos-con-cancer-celebran-la-navidad-con-fundacion-maria-gabriela-palacios\/#respond"]}]},{"@type":"WebPage","@id":"https:\/\/noti-america.com\/site\/ecuador\/2025\/12\/16\/1-500-ninos-con-cancer-celebran-la-navidad-con-fundacion-maria-gabriela-palacios\/","url":"https:\/\/noti-america.com\/site\/ecuador\/2025\/12\/16\/1-500-ninos-con-cancer-celebran-la-navidad-con-fundacion-maria-gabriela-palacios\/","name":"1.500 ni\u00f1os con c\u00e1ncer celebran la Navidad con Fundaci\u00f3n Mar\u00eda Gabriela Palacios - Ecuador | Noti-America.com","isPartOf":{"@id":"https:\/\/noti-america.com\/site\/ecuador\/#website"},"primaryImageOfPage":{"@id":"https:\/\/noti-america.com\/site\/ecuador\/2025\/12\/16\/1-500-ninos-con-cancer-celebran-la-navidad-con-fundacion-maria-gabriela-palacios\/#primaryimage"},"image":{"@id":"https:\/\/noti-america.com\/site\/ecuador\/2025\/12\/16\/1-500-ninos-con-cancer-celebran-la-navidad-con-fundacion-maria-gabriela-palacios\/#primaryimage"},"thumbnailUrl":"https:\/\/noti-america.com\/site\/ecuador\/wp-content\/uploads\/sites\/18\/2025\/12\/IMG-20251215-WA0323.jpg","datePublished":"2025-12-16T00:48:25+00:00","breadcrumb":{"@id":"https:\/\/noti-america.com\/site\/ecuador\/2025\/12\/16\/1-500-ninos-con-cancer-celebran-la-navidad-con-fundacion-maria-gabriela-palacios\/#breadcrumb"},"inLanguage":"es","potentialAction":[{"@type":"ReadAction","target":["https:\/\/noti-america.com\/site\/ecuador\/2025\/12\/16\/1-500-ninos-con-cancer-celebran-la-navidad-con-fundacion-maria-gabriela-palacios\/"]}]},{"@type":"ImageObject","inLanguage":"es","@id":"https:\/\/noti-america.com\/site\/ecuador\/2025\/12\/16\/1-500-ninos-con-cancer-celebran-la-navidad-con-fundacion-maria-gabriela-palacios\/#primaryimage","url":"https:\/\/noti-america.com\/site\/ecuador\/wp-content\/uploads\/sites\/18\/2025\/12\/IMG-20251215-WA0323.jpg","contentUrl":"https:\/\/noti-america.com\/site\/ecuador\/wp-content\/uploads\/sites\/18\/2025\/12\/IMG-20251215-WA0323.jpg","width":1600,"height":1066},{"@type":"BreadcrumbList","@id":"https:\/\/noti-america.com\/site\/ecuador\/2025\/12\/16\/1-500-ninos-con-cancer-celebran-la-navidad-con-fundacion-maria-gabriela-palacios\/#breadcrumb","itemListElement":[{"@type":"ListItem","position":1,"name":"Portada","item":"https:\/\/noti-america.com\/site\/ecuador\/"},{"@type":"ListItem","position":2,"name":"1.500 ni\u00f1os con c\u00e1ncer celebran la Navidad con Fundaci\u00f3n Mar\u00eda Gabriela Palacios"}]},{"@type":"WebSite","@id":"https:\/\/noti-america.com\/site\/ecuador\/#website","url":"https:\/\/noti-america.com\/site\/ecuador\/","name":"Ecuador | Noti-America.com","description":"","publisher":{"@id":"https:\/\/noti-america.com\/site\/ecuador\/#organization"},"potentialAction":[{"@type":"SearchAction","target":{"@type":"EntryPoint","urlTemplate":"https:\/\/noti-america.com\/site\/ecuador\/?s={search_term_string}"},"query-input":{"@type":"PropertyValueSpecification","valueRequired":true,"valueName":"search_term_string"}}],"inLanguage":"es"},{"@type":"Organization","@id":"https:\/\/noti-america.com\/site\/ecuador\/#organization","name":"Noti-America LLC | Ecuador","url":"https:\/\/noti-america.com\/site\/ecuador\/","logo":{"@type":"ImageObject","inLanguage":"es","@id":"https:\/\/noti-america.com\/site\/ecuador\/#\/schema\/logo\/image\/","url":"https:\/\/noti-america.com\/site\/ecuador\/wp-content\/uploads\/sites\/18\/2020\/07\/LogoNA-4x3-1.jpg","contentUrl":"https:\/\/noti-america.com\/site\/ecuador\/wp-content\/uploads\/sites\/18\/2020\/07\/LogoNA-4x3-1.jpg","width":1236,"height":1080,"caption":"Noti-America LLC | Ecuador"},"image":{"@id":"https:\/\/noti-america.com\/site\/ecuador\/#\/schema\/logo\/image\/"},"sameAs":["https:\/\/x.com\/notiamerica"]},{"@type":"Person","@id":"https:\/\/noti-america.com\/site\/ecuador\/#\/schema\/person\/00042412cfa9ecf98077f847ffadda4a","name":"Henry Garrido","image":{"@type":"ImageObject","inLanguage":"es","@id":"https:\/\/secure.gravatar.com\/avatar\/749ae5a1e6f22cf042f04b9f3f0a22732ae36970ccfd5c54a0a2ac3c4e1166ed?s=96&d=mm&r=g","url":"https:\/\/secure.gravatar.com\/avatar\/749ae5a1e6f22cf042f04b9f3f0a22732ae36970ccfd5c54a0a2ac3c4e1166ed?s=96&d=mm&r=g","contentUrl":"https:\/\/secure.gravatar.com\/avatar\/749ae5a1e6f22cf042f04b9f3f0a22732ae36970ccfd5c54a0a2ac3c4e1166ed?s=96&d=mm&r=g","caption":"Henry Garrido"},"url":"https:\/\/noti-america.com\/site\/ecuador\/author\/hgarrido\/"}]}},"_links":{"self":[{"href":"https:\/\/noti-america.com\/site\/ecuador\/wp-json\/wp\/v2\/posts\/36441","targetHints":{"allow":["GET"]}}],"collection":[{"href":"https:\/\/noti-america.com\/site\/ecuador\/wp-json\/wp\/v2\/posts"}],"about":[{"href":"https:\/\/noti-america.com\/site\/ecuador\/wp-json\/wp\/v2\/types\/post"}],"author":[{"embeddable":true,"href":"https:\/\/noti-america.com\/site\/ecuador\/wp-json\/wp\/v2\/users\/144"}],"replies":[{"embeddable":true,"href":"https:\/\/noti-america.com\/site\/ecuador\/wp-json\/wp\/v2\/comments?post=36441"}],"version-history":[{"count":2,"href":"https:\/\/noti-america.com\/site\/ecuador\/wp-json\/wp\/v2\/posts\/36441\/revisions"}],"predecessor-version":[{"id":36444,"href":"https:\/\/noti-america.com\/site\/ecuador\/wp-json\/wp\/v2\/posts\/36441\/revisions\/36444"}],"wp:featuredmedia":[{"embeddable":true,"href":"https:\/\/noti-america.com\/site\/ecuador\/wp-json\/wp\/v2\/media\/36442"}],"wp:attachment":[{"href":"https:\/\/noti-america.com\/site\/ecuador\/wp-json\/wp\/v2\/media?parent=36441"}],"wp:term":[{"taxonomy":"category","embeddable":true,"href":"https:\/\/noti-america.com\/site\/ecuador\/wp-json\/wp\/v2\/categories?post=36441"},{"taxonomy":"post_tag","embeddable":true,"href":"https:\/\/noti-america.com\/site\/ecuador\/wp-json\/wp\/v2\/tags?post=36441"}],"curies":[{"name":"wp","href":"https:\/\/api.w.org\/{rel}","templated":true}]}}