{"id":3636,"date":"2019-03-17T20:01:06","date_gmt":"2019-03-17T20:01:06","guid":{"rendered":"http:\/\/noti-america.com\/site\/ecuador\/?p=3636"},"modified":"2019-03-17T20:10:47","modified_gmt":"2019-03-17T20:10:47","slug":"james-bond-se-apunta-al-coche-electrico","status":"publish","type":"post","link":"https:\/\/noti-america.com\/site\/ecuador\/2019\/03\/17\/james-bond-se-apunta-al-coche-electrico\/","title":{"rendered":"James Bond se apunta al coche el\u00e9ctrico"},"content":{"rendered":"<p>REDACCI\u00d3N NOTI-AM\u00c9RICA (ECUADOR)<\/p>\n<p style=\"text-align: justify\"><strong>En el historial de James Bond<\/strong>, entre tantos tiroteos y viajes transatl\u00e1nticos, no figura una lucha activa por el cambio clim\u00e1tico. Pero parece que en su pr\u00f3xima pel\u00edcula, la n\u00famero 25, el Agente 007 creado por Ian Fleming evolucionar\u00e1 hacia el desarrollo sostenible, ya que conducir\u00e1 un Aston Martin completamente el\u00e9ctrico.<\/p>\n<p style=\"text-align: justify\">Seg\u00fan informa The Sun, Daniel Craig conducir\u00e1 en la pr\u00f3xima entrega un modelo Aston Martin Rapide E, uno de\u00a0<em>los 155 modelos el\u00e9ctricos<\/em>\u00a0fabricados por la marca brit\u00e1nica valorado en 250.000 libras, cerca de 300.000 euros.<\/p>\n<p style=\"text-align: justify\"><img loading=\"lazy\" decoding=\"async\" class=\"imagenin img-fluid pull-left mr-40 mb-15 alignleft\" src=\"https:\/\/www.ecoticias.com\/userfiles\/2019\/Mar_15\/231__63_original.jpg\" alt=\"James Bond se apunta al coche el\u00e9ctrico\" width=\"164\" height=\"219\" \/><\/p>\n<p style=\"text-align: justify\">El tabloide brit\u00e1nico tambi\u00e9n informa que ha sido el director Cary Fukunaga quien ha querido introducir \u00e9ste cambio, y sus fuentes le citan como \u00abun gran amante de la naturaleza. Es algo con lo que Cary presion\u00f3 y Daniel y los productores estuvieron de acuerdo\u00bb, explican.<\/p>\n<p style=\"text-align: justify\">\u00abTodos temen que Bond sea etiquetado como &#8216;demasiado anticuado&#8217;, as\u00ed que sintieron que era el momento adecuado para ponerlo al volante de<strong>\u00a0un veh\u00edculo con cero emisiones<\/strong>\u00ab, a\u00f1aden. La relaci\u00f3n de James Bond con la marca Aston Martin se remonta a 1964, cuando Sean Connery ya conduc\u00eda un modelo DB5 en Goldfinger.<\/p>\n<p style=\"text-align: justify\">Se espera que\u00a0<em>el rodaje de James Bond 25<\/em>, a\u00fan sin t\u00edtulo oficial, comience el pr\u00f3ximo abril tras una serie de retrasos relacionados con el reemplazo de Danny Boyle como director, tras abandonar el proyecto alegando \u00abdiferencias creativas\u00bb con el estudio.<\/p>\n<blockquote class=\"bg-accent mt-50 mb-50\" cite=\"https:\/\/www.ecoticias.com\/motor\/192678\/James-Bond-apunta-coche-electrico#\"><p><em><strong>Seg\u00fan informa The Sun, \u00abDaniel Craig conducir\u00e1 en la pr\u00f3xima entrega un modelo Aston Martin Rapide E, uno de los 155 modelos el\u00e9ctricos fabricados por la marca brit\u00e1nica valorado en 250.000 libras, cerca de 300.000 euros\u00bb.<\/strong><\/em><\/p><\/blockquote>\n<p style=\"text-align: justify\">La fecha de estreno de la pel\u00edcula se ha retrasado hasta abril de 2020, y las \u00faltimas noticias apuntan a que Rami Malek, reciente ganador del Oscar al mejor actor por su papel en Bohemian Rhapsody, podr\u00eda interpretar al villano principal del filme.<\/p>\n<p style=\"text-align: justify\">Fuente: ECOticias<\/p>\n","protected":false},"excerpt":{"rendered":"<p>REDACCI\u00d3N NOTI-AM\u00c9RICA (ECUADOR) En el historial de James Bond, entre tantos tiroteos y viajes transatl\u00e1nticos, no figura una lucha activa por el cambio clim\u00e1tico. Pero parece que en su pr\u00f3xima pel\u00edcula, la n\u00famero 25,&#46;&#46;&#46;<\/p>\n","protected":false},"author":17,"featured_media":3637,"comment_status":"open","ping_status":"open","sticky":false,"template":"","format":"standard","meta":{"_acf_changed":false,"om_disable_all_campaigns":false,"rop_custom_images_group":[],"rop_custom_messages_group":[],"rop_publish_now":"initial","rop_publish_now_accounts":{"twitter_242054905_242054905":""},"rop_publish_now_history":[],"rop_publish_now_status":"pending","_uf_show_specific_survey":0,"_uf_disable_surveys":false,"footnotes":""},"categories":[8],"tags":[],"class_list":["post-3636","post","type-post","status-publish","format-standard","has-post-thumbnail","hentry","category-arte-y-espectaculos"],"acf":[],"aioseo_notices":[],"yoast_head":"<!-- This site is optimized with the Yoast SEO Premium plugin v24.9 (Yoast SEO v27.2) - https:\/\/yoast.com\/product\/yoast-seo-premium-wordpress\/ -->\n<title>James Bond se apunta al coche el\u00e9ctrico - Ecuador | Noti-America.com<\/title>\n<meta name=\"robots\" content=\"index, follow, max-snippet:-1, max-image-preview:large, max-video-preview:-1\" \/>\n<link rel=\"canonical\" href=\"https:\/\/noti-america.com\/site\/ecuador\/2019\/03\/17\/james-bond-se-apunta-al-coche-electrico\/\" \/>\n<meta property=\"og:locale\" content=\"es_ES\" \/>\n<meta property=\"og:type\" content=\"article\" \/>\n<meta property=\"og:title\" content=\"James Bond se apunta al coche el\u00e9ctrico\" \/>\n<meta property=\"og:description\" content=\"REDACCI\u00d3N NOTI-AM\u00c9RICA (ECUADOR) En el historial de James Bond, entre tantos tiroteos y viajes transatl\u00e1nticos, no figura una lucha activa por el cambio clim\u00e1tico. Pero parece que en su pr\u00f3xima pel\u00edcula, la n\u00famero 25,&#046;&#046;&#046;\" \/>\n<meta property=\"og:url\" content=\"https:\/\/noti-america.com\/site\/ecuador\/2019\/03\/17\/james-bond-se-apunta-al-coche-electrico\/\" \/>\n<meta property=\"og:site_name\" content=\"Ecuador | Noti-America.com\" \/>\n<meta property=\"article:published_time\" content=\"2019-03-17T20:01:06+00:00\" \/>\n<meta property=\"article:modified_time\" content=\"2019-03-17T20:10:47+00:00\" \/>\n<meta property=\"og:image\" content=\"https:\/\/noti-america.com\/site\/ecuador\/wp-content\/uploads\/sites\/18\/2019\/03\/James-Bond-se-apunta-al-coche-el\u00e9ctrico.jpg\" \/>\n\t<meta property=\"og:image:width\" content=\"730\" \/>\n\t<meta property=\"og:image:height\" content=\"509\" \/>\n\t<meta property=\"og:image:type\" content=\"image\/jpeg\" \/>\n<meta name=\"author\" content=\"Gregory Quintana Montiel\" \/>\n<meta name=\"twitter:card\" content=\"summary_large_image\" \/>\n<meta name=\"twitter:creator\" content=\"@gdgregori1\" \/>\n<meta name=\"twitter:site\" content=\"@notiamerica\" \/>\n<meta name=\"twitter:label1\" content=\"Escrito por\" \/>\n\t<meta name=\"twitter:data1\" content=\"Gregory Quintana Montiel\" \/>\n\t<meta name=\"twitter:label2\" content=\"Tiempo estimado de lectura\" \/>\n\t<meta name=\"twitter:data2\" content=\"2 minutos\" \/>\n<script type=\"application\/ld+json\" class=\"yoast-schema-graph\">{\"@context\":\"https:\/\/schema.org\",\"@graph\":[{\"@type\":\"Article\",\"@id\":\"https:\/\/noti-america.com\/site\/ecuador\/2019\/03\/17\/james-bond-se-apunta-al-coche-electrico\/#article\",\"isPartOf\":{\"@id\":\"https:\/\/noti-america.com\/site\/ecuador\/2019\/03\/17\/james-bond-se-apunta-al-coche-electrico\/\"},\"author\":{\"name\":\"Gregory Quintana Montiel\",\"@id\":\"https:\/\/noti-america.com\/site\/ecuador\/#\/schema\/person\/3b975e42f15abfe64bfe3abdd916efda\"},\"headline\":\"James Bond se apunta al coche el\u00e9ctrico\",\"datePublished\":\"2019-03-17T20:01:06+00:00\",\"dateModified\":\"2019-03-17T20:10:47+00:00\",\"mainEntityOfPage\":{\"@id\":\"https:\/\/noti-america.com\/site\/ecuador\/2019\/03\/17\/james-bond-se-apunta-al-coche-electrico\/\"},\"wordCount\":334,\"commentCount\":0,\"publisher\":{\"@id\":\"https:\/\/noti-america.com\/site\/ecuador\/#organization\"},\"image\":{\"@id\":\"https:\/\/noti-america.com\/site\/ecuador\/2019\/03\/17\/james-bond-se-apunta-al-coche-electrico\/#primaryimage\"},\"thumbnailUrl\":\"https:\/\/noti-america.com\/site\/ecuador\/wp-content\/uploads\/sites\/18\/2019\/03\/James-Bond-se-apunta-al-coche-el\u00e9ctrico.jpg\",\"articleSection\":[\"Arte y Espect\u00e1culos\"],\"inLanguage\":\"es\",\"potentialAction\":[{\"@type\":\"CommentAction\",\"name\":\"Comment\",\"target\":[\"https:\/\/noti-america.com\/site\/ecuador\/2019\/03\/17\/james-bond-se-apunta-al-coche-electrico\/#respond\"]}]},{\"@type\":\"WebPage\",\"@id\":\"https:\/\/noti-america.com\/site\/ecuador\/2019\/03\/17\/james-bond-se-apunta-al-coche-electrico\/\",\"url\":\"https:\/\/noti-america.com\/site\/ecuador\/2019\/03\/17\/james-bond-se-apunta-al-coche-electrico\/\",\"name\":\"James Bond se apunta al coche el\u00e9ctrico - Ecuador | Noti-America.com\",\"isPartOf\":{\"@id\":\"https:\/\/noti-america.com\/site\/ecuador\/#website\"},\"primaryImageOfPage\":{\"@id\":\"https:\/\/noti-america.com\/site\/ecuador\/2019\/03\/17\/james-bond-se-apunta-al-coche-electrico\/#primaryimage\"},\"image\":{\"@id\":\"https:\/\/noti-america.com\/site\/ecuador\/2019\/03\/17\/james-bond-se-apunta-al-coche-electrico\/#primaryimage\"},\"thumbnailUrl\":\"https:\/\/noti-america.com\/site\/ecuador\/wp-content\/uploads\/sites\/18\/2019\/03\/James-Bond-se-apunta-al-coche-el\u00e9ctrico.jpg\",\"datePublished\":\"2019-03-17T20:01:06+00:00\",\"dateModified\":\"2019-03-17T20:10:47+00:00\",\"breadcrumb\":{\"@id\":\"https:\/\/noti-america.com\/site\/ecuador\/2019\/03\/17\/james-bond-se-apunta-al-coche-electrico\/#breadcrumb\"},\"inLanguage\":\"es\",\"potentialAction\":[{\"@type\":\"ReadAction\",\"target\":[\"https:\/\/noti-america.com\/site\/ecuador\/2019\/03\/17\/james-bond-se-apunta-al-coche-electrico\/\"]}]},{\"@type\":\"ImageObject\",\"inLanguage\":\"es\",\"@id\":\"https:\/\/noti-america.com\/site\/ecuador\/2019\/03\/17\/james-bond-se-apunta-al-coche-electrico\/#primaryimage\",\"url\":\"https:\/\/noti-america.com\/site\/ecuador\/wp-content\/uploads\/sites\/18\/2019\/03\/James-Bond-se-apunta-al-coche-el\u00e9ctrico.jpg\",\"contentUrl\":\"https:\/\/noti-america.com\/site\/ecuador\/wp-content\/uploads\/sites\/18\/2019\/03\/James-Bond-se-apunta-al-coche-el\u00e9ctrico.jpg\",\"width\":730,\"height\":509},{\"@type\":\"BreadcrumbList\",\"@id\":\"https:\/\/noti-america.com\/site\/ecuador\/2019\/03\/17\/james-bond-se-apunta-al-coche-electrico\/#breadcrumb\",\"itemListElement\":[{\"@type\":\"ListItem\",\"position\":1,\"name\":\"Portada\",\"item\":\"https:\/\/noti-america.com\/site\/ecuador\/\"},{\"@type\":\"ListItem\",\"position\":2,\"name\":\"James Bond se apunta al coche el\u00e9ctrico\"}]},{\"@type\":\"WebSite\",\"@id\":\"https:\/\/noti-america.com\/site\/ecuador\/#website\",\"url\":\"https:\/\/noti-america.com\/site\/ecuador\/\",\"name\":\"Ecuador | Noti-America.com\",\"description\":\"\",\"publisher\":{\"@id\":\"https:\/\/noti-america.com\/site\/ecuador\/#organization\"},\"potentialAction\":[{\"@type\":\"SearchAction\",\"target\":{\"@type\":\"EntryPoint\",\"urlTemplate\":\"https:\/\/noti-america.com\/site\/ecuador\/?s={search_term_string}\"},\"query-input\":{\"@type\":\"PropertyValueSpecification\",\"valueRequired\":true,\"valueName\":\"search_term_string\"}}],\"inLanguage\":\"es\"},{\"@type\":\"Organization\",\"@id\":\"https:\/\/noti-america.com\/site\/ecuador\/#organization\",\"name\":\"Noti-America LLC | Ecuador\",\"url\":\"https:\/\/noti-america.com\/site\/ecuador\/\",\"logo\":{\"@type\":\"ImageObject\",\"inLanguage\":\"es\",\"@id\":\"https:\/\/noti-america.com\/site\/ecuador\/#\/schema\/logo\/image\/\",\"url\":\"https:\/\/noti-america.com\/site\/ecuador\/wp-content\/uploads\/sites\/18\/2020\/07\/LogoNA-4x3-1.jpg\",\"contentUrl\":\"https:\/\/noti-america.com\/site\/ecuador\/wp-content\/uploads\/sites\/18\/2020\/07\/LogoNA-4x3-1.jpg\",\"width\":1236,\"height\":1080,\"caption\":\"Noti-America LLC | Ecuador\"},\"image\":{\"@id\":\"https:\/\/noti-america.com\/site\/ecuador\/#\/schema\/logo\/image\/\"},\"sameAs\":[\"https:\/\/x.com\/notiamerica\"]},{\"@type\":\"Person\",\"@id\":\"https:\/\/noti-america.com\/site\/ecuador\/#\/schema\/person\/3b975e42f15abfe64bfe3abdd916efda\",\"name\":\"Gregory Quintana Montiel\",\"image\":{\"@type\":\"ImageObject\",\"inLanguage\":\"es\",\"@id\":\"https:\/\/secure.gravatar.com\/avatar\/2d6b802f7720c2ec7744dcbe608cc2f3417aeb964d58b443c6d612b77531de1d?s=96&d=mm&r=g\",\"url\":\"https:\/\/secure.gravatar.com\/avatar\/2d6b802f7720c2ec7744dcbe608cc2f3417aeb964d58b443c6d612b77531de1d?s=96&d=mm&r=g\",\"contentUrl\":\"https:\/\/secure.gravatar.com\/avatar\/2d6b802f7720c2ec7744dcbe608cc2f3417aeb964d58b443c6d612b77531de1d?s=96&d=mm&r=g\",\"caption\":\"Gregory Quintana Montiel\"},\"description\":\"Licenciatura en Ciencias de la Comunicaci\u00f3n Social, egresado en la Especializaci\u00f3n Derecho Ambiental Desarrollo Sostenible y Sustentable, Miembro de la Comunidad de profesionales y experto para Latinoam\u00e9rica y el Caribe en Gesti\u00f3n por Resultado en el Desarrollo (COPLAC - GpRD) del Banco Interamericano de Desarrollo, experiencia en medios radiales y escritos.\",\"sameAs\":[\"https:\/\/x.com\/gdgregori1\",\"gquintana\"],\"url\":\"https:\/\/noti-america.com\/site\/ecuador\/author\/gquintana\/\"}]}<\/script>\n<!-- \/ Yoast SEO Premium plugin. -->","yoast_head_json":{"title":"James Bond se apunta al coche el\u00e9ctrico - Ecuador | Noti-America.com","robots":{"index":"index","follow":"follow","max-snippet":"max-snippet:-1","max-image-preview":"max-image-preview:large","max-video-preview":"max-video-preview:-1"},"canonical":"https:\/\/noti-america.com\/site\/ecuador\/2019\/03\/17\/james-bond-se-apunta-al-coche-electrico\/","og_locale":"es_ES","og_type":"article","og_title":"James Bond se apunta al coche el\u00e9ctrico","og_description":"REDACCI\u00d3N NOTI-AM\u00c9RICA (ECUADOR) En el historial de James Bond, entre tantos tiroteos y viajes transatl\u00e1nticos, no figura una lucha activa por el cambio clim\u00e1tico. Pero parece que en su pr\u00f3xima pel\u00edcula, la n\u00famero 25,&#46;&#46;&#46;","og_url":"https:\/\/noti-america.com\/site\/ecuador\/2019\/03\/17\/james-bond-se-apunta-al-coche-electrico\/","og_site_name":"Ecuador | Noti-America.com","article_published_time":"2019-03-17T20:01:06+00:00","article_modified_time":"2019-03-17T20:10:47+00:00","og_image":[{"width":730,"height":509,"url":"https:\/\/noti-america.com\/site\/ecuador\/wp-content\/uploads\/sites\/18\/2019\/03\/James-Bond-se-apunta-al-coche-el\u00e9ctrico.jpg","type":"image\/jpeg"}],"author":"Gregory Quintana Montiel","twitter_card":"summary_large_image","twitter_creator":"@gdgregori1","twitter_site":"@notiamerica","twitter_misc":{"Escrito por":"Gregory Quintana Montiel","Tiempo estimado de lectura":"2 minutos"},"schema":{"@context":"https:\/\/schema.org","@graph":[{"@type":"Article","@id":"https:\/\/noti-america.com\/site\/ecuador\/2019\/03\/17\/james-bond-se-apunta-al-coche-electrico\/#article","isPartOf":{"@id":"https:\/\/noti-america.com\/site\/ecuador\/2019\/03\/17\/james-bond-se-apunta-al-coche-electrico\/"},"author":{"name":"Gregory Quintana Montiel","@id":"https:\/\/noti-america.com\/site\/ecuador\/#\/schema\/person\/3b975e42f15abfe64bfe3abdd916efda"},"headline":"James Bond se apunta al coche el\u00e9ctrico","datePublished":"2019-03-17T20:01:06+00:00","dateModified":"2019-03-17T20:10:47+00:00","mainEntityOfPage":{"@id":"https:\/\/noti-america.com\/site\/ecuador\/2019\/03\/17\/james-bond-se-apunta-al-coche-electrico\/"},"wordCount":334,"commentCount":0,"publisher":{"@id":"https:\/\/noti-america.com\/site\/ecuador\/#organization"},"image":{"@id":"https:\/\/noti-america.com\/site\/ecuador\/2019\/03\/17\/james-bond-se-apunta-al-coche-electrico\/#primaryimage"},"thumbnailUrl":"https:\/\/noti-america.com\/site\/ecuador\/wp-content\/uploads\/sites\/18\/2019\/03\/James-Bond-se-apunta-al-coche-el\u00e9ctrico.jpg","articleSection":["Arte y Espect\u00e1culos"],"inLanguage":"es","potentialAction":[{"@type":"CommentAction","name":"Comment","target":["https:\/\/noti-america.com\/site\/ecuador\/2019\/03\/17\/james-bond-se-apunta-al-coche-electrico\/#respond"]}]},{"@type":"WebPage","@id":"https:\/\/noti-america.com\/site\/ecuador\/2019\/03\/17\/james-bond-se-apunta-al-coche-electrico\/","url":"https:\/\/noti-america.com\/site\/ecuador\/2019\/03\/17\/james-bond-se-apunta-al-coche-electrico\/","name":"James Bond se apunta al coche el\u00e9ctrico - Ecuador | Noti-America.com","isPartOf":{"@id":"https:\/\/noti-america.com\/site\/ecuador\/#website"},"primaryImageOfPage":{"@id":"https:\/\/noti-america.com\/site\/ecuador\/2019\/03\/17\/james-bond-se-apunta-al-coche-electrico\/#primaryimage"},"image":{"@id":"https:\/\/noti-america.com\/site\/ecuador\/2019\/03\/17\/james-bond-se-apunta-al-coche-electrico\/#primaryimage"},"thumbnailUrl":"https:\/\/noti-america.com\/site\/ecuador\/wp-content\/uploads\/sites\/18\/2019\/03\/James-Bond-se-apunta-al-coche-el\u00e9ctrico.jpg","datePublished":"2019-03-17T20:01:06+00:00","dateModified":"2019-03-17T20:10:47+00:00","breadcrumb":{"@id":"https:\/\/noti-america.com\/site\/ecuador\/2019\/03\/17\/james-bond-se-apunta-al-coche-electrico\/#breadcrumb"},"inLanguage":"es","potentialAction":[{"@type":"ReadAction","target":["https:\/\/noti-america.com\/site\/ecuador\/2019\/03\/17\/james-bond-se-apunta-al-coche-electrico\/"]}]},{"@type":"ImageObject","inLanguage":"es","@id":"https:\/\/noti-america.com\/site\/ecuador\/2019\/03\/17\/james-bond-se-apunta-al-coche-electrico\/#primaryimage","url":"https:\/\/noti-america.com\/site\/ecuador\/wp-content\/uploads\/sites\/18\/2019\/03\/James-Bond-se-apunta-al-coche-el\u00e9ctrico.jpg","contentUrl":"https:\/\/noti-america.com\/site\/ecuador\/wp-content\/uploads\/sites\/18\/2019\/03\/James-Bond-se-apunta-al-coche-el\u00e9ctrico.jpg","width":730,"height":509},{"@type":"BreadcrumbList","@id":"https:\/\/noti-america.com\/site\/ecuador\/2019\/03\/17\/james-bond-se-apunta-al-coche-electrico\/#breadcrumb","itemListElement":[{"@type":"ListItem","position":1,"name":"Portada","item":"https:\/\/noti-america.com\/site\/ecuador\/"},{"@type":"ListItem","position":2,"name":"James Bond se apunta al coche el\u00e9ctrico"}]},{"@type":"WebSite","@id":"https:\/\/noti-america.com\/site\/ecuador\/#website","url":"https:\/\/noti-america.com\/site\/ecuador\/","name":"Ecuador | Noti-America.com","description":"","publisher":{"@id":"https:\/\/noti-america.com\/site\/ecuador\/#organization"},"potentialAction":[{"@type":"SearchAction","target":{"@type":"EntryPoint","urlTemplate":"https:\/\/noti-america.com\/site\/ecuador\/?s={search_term_string}"},"query-input":{"@type":"PropertyValueSpecification","valueRequired":true,"valueName":"search_term_string"}}],"inLanguage":"es"},{"@type":"Organization","@id":"https:\/\/noti-america.com\/site\/ecuador\/#organization","name":"Noti-America LLC | Ecuador","url":"https:\/\/noti-america.com\/site\/ecuador\/","logo":{"@type":"ImageObject","inLanguage":"es","@id":"https:\/\/noti-america.com\/site\/ecuador\/#\/schema\/logo\/image\/","url":"https:\/\/noti-america.com\/site\/ecuador\/wp-content\/uploads\/sites\/18\/2020\/07\/LogoNA-4x3-1.jpg","contentUrl":"https:\/\/noti-america.com\/site\/ecuador\/wp-content\/uploads\/sites\/18\/2020\/07\/LogoNA-4x3-1.jpg","width":1236,"height":1080,"caption":"Noti-America LLC | Ecuador"},"image":{"@id":"https:\/\/noti-america.com\/site\/ecuador\/#\/schema\/logo\/image\/"},"sameAs":["https:\/\/x.com\/notiamerica"]},{"@type":"Person","@id":"https:\/\/noti-america.com\/site\/ecuador\/#\/schema\/person\/3b975e42f15abfe64bfe3abdd916efda","name":"Gregory Quintana Montiel","image":{"@type":"ImageObject","inLanguage":"es","@id":"https:\/\/secure.gravatar.com\/avatar\/2d6b802f7720c2ec7744dcbe608cc2f3417aeb964d58b443c6d612b77531de1d?s=96&d=mm&r=g","url":"https:\/\/secure.gravatar.com\/avatar\/2d6b802f7720c2ec7744dcbe608cc2f3417aeb964d58b443c6d612b77531de1d?s=96&d=mm&r=g","contentUrl":"https:\/\/secure.gravatar.com\/avatar\/2d6b802f7720c2ec7744dcbe608cc2f3417aeb964d58b443c6d612b77531de1d?s=96&d=mm&r=g","caption":"Gregory Quintana Montiel"},"description":"Licenciatura en Ciencias de la Comunicaci\u00f3n Social, egresado en la Especializaci\u00f3n Derecho Ambiental Desarrollo Sostenible y Sustentable, Miembro de la Comunidad de profesionales y experto para Latinoam\u00e9rica y el Caribe en Gesti\u00f3n por Resultado en el Desarrollo (COPLAC - GpRD) del Banco Interamericano de Desarrollo, experiencia en medios radiales y escritos.","sameAs":["https:\/\/x.com\/gdgregori1","gquintana"],"url":"https:\/\/noti-america.com\/site\/ecuador\/author\/gquintana\/"}]}},"_links":{"self":[{"href":"https:\/\/noti-america.com\/site\/ecuador\/wp-json\/wp\/v2\/posts\/3636","targetHints":{"allow":["GET"]}}],"collection":[{"href":"https:\/\/noti-america.com\/site\/ecuador\/wp-json\/wp\/v2\/posts"}],"about":[{"href":"https:\/\/noti-america.com\/site\/ecuador\/wp-json\/wp\/v2\/types\/post"}],"author":[{"embeddable":true,"href":"https:\/\/noti-america.com\/site\/ecuador\/wp-json\/wp\/v2\/users\/17"}],"replies":[{"embeddable":true,"href":"https:\/\/noti-america.com\/site\/ecuador\/wp-json\/wp\/v2\/comments?post=3636"}],"version-history":[{"count":3,"href":"https:\/\/noti-america.com\/site\/ecuador\/wp-json\/wp\/v2\/posts\/3636\/revisions"}],"predecessor-version":[{"id":3640,"href":"https:\/\/noti-america.com\/site\/ecuador\/wp-json\/wp\/v2\/posts\/3636\/revisions\/3640"}],"wp:featuredmedia":[{"embeddable":true,"href":"https:\/\/noti-america.com\/site\/ecuador\/wp-json\/wp\/v2\/media\/3637"}],"wp:attachment":[{"href":"https:\/\/noti-america.com\/site\/ecuador\/wp-json\/wp\/v2\/media?parent=3636"}],"wp:term":[{"taxonomy":"category","embeddable":true,"href":"https:\/\/noti-america.com\/site\/ecuador\/wp-json\/wp\/v2\/categories?post=3636"},{"taxonomy":"post_tag","embeddable":true,"href":"https:\/\/noti-america.com\/site\/ecuador\/wp-json\/wp\/v2\/tags?post=3636"}],"curies":[{"name":"wp","href":"https:\/\/api.w.org\/{rel}","templated":true}]}}