{"id":3633,"date":"2019-03-17T19:47:37","date_gmt":"2019-03-17T19:47:37","guid":{"rendered":"http:\/\/noti-america.com\/site\/ecuador\/?p=3633"},"modified":"2019-03-17T19:47:37","modified_gmt":"2019-03-17T19:47:37","slug":"el-cambio-a-las-energias-renovables-sera-la-mayor-revolucion-de-la-historia","status":"publish","type":"post","link":"https:\/\/noti-america.com\/site\/ecuador\/2019\/03\/17\/el-cambio-a-las-energias-renovables-sera-la-mayor-revolucion-de-la-historia\/","title":{"rendered":"El cambio a las energ\u00edas renovables ser\u00e1 la mayor revoluci\u00f3n de la historia"},"content":{"rendered":"<p>REDACCI\u00d3N NOTI-AM\u00c9RICA (ECUADOR)<\/p>\n<p style=\"text-align: justify\">El experto en transici\u00f3n energ\u00e9tica y movilidad y fundador de Bloomberg New Energy Finance, Michael Liebreich, ha asegurado que el cambio a las energ\u00edas renovables \u00abser\u00e1 m\u00e1s grande que el cambio del carb\u00f3n al gas\u00bb y se mostr\u00f3 confiado en que se llegar\u00e1 al escenario de emisiones netas cero. En su participaci\u00f3n en el ciclo de conferencias &#8216;Energy Prospectives&#8217; organizado por la Fundaci\u00f3n Naturgy e IESE, Liebreich afirm\u00f3 que \u00aba lo mejor tardamos\u00bb, pero se mostr\u00f3 seguro de que se har\u00e1 \u00abr\u00e1pido\u00bb y la electricidad se descarbonizar\u00e1 \u00abpara 2027\u00bb.<\/p>\n<p style=\"text-align: justify\">De esta manera, opin\u00f3 que la transformaci\u00f3n del sistema el\u00e9ctrico se har\u00e1 eficientemente \u00absi se toman decisiones relacionadas con una generaci\u00f3n distribuida, no centralizada\u00bb, subrayando la necesidad de digitalizar, y consider\u00f3 que \u00abla econom\u00eda va a ser una tercera parte m\u00e1s productiva,\u00a0<strong>energ\u00e9ticamente hablando<\/strong>\u00ab.<\/p>\n<p style=\"text-align: justify\"><img decoding=\"async\" class=\"imagenin img-fluid pull-left mr-40 mb-15 alignleft\" src=\"https:\/\/www.ecoticias.com\/userfiles\/2019\/Mar_15\/229__28_original.jpg\" alt=\"El cambio a las energ\u00edas renovables ser\u00e1 la mayor revoluci\u00f3n de la historia\" \/><\/p>\n<p style=\"text-align: justify\">As\u00ed, pronostic\u00f3 que para 2040 una tercera parte de la electricidad mundial se generar\u00e1 a partir del\u00a0<em>&#8216;mix&#8217; de energ\u00eda e\u00f3lica y solar<\/em>, un tercio de los veh\u00edculos en la carretera ser\u00e1n el\u00e9ctricos, y la econom\u00eda mundial producir\u00e1 un tercio m\u00e1s del producto interior bruto (PIB) por cada unidad de energ\u00eda. El experto valor\u00f3 que es el turno de cambiar sectores como el transporte terrestre, la aviaci\u00f3n o la agricultura y llegar a la accesibilidad de energ\u00eda. Adem\u00e1s, se\u00f1al\u00f3 que el veh\u00edculo el\u00e9ctrico puede ser \u00abpotencialmente un problema, pero tambi\u00e9n un aliado\u00bb.<\/p>\n<p style=\"text-align: justify\"><em><strong>Veh\u00edculo el\u00e9ctrico, competitivo en 2026.<\/strong><\/em><\/p>\n<p style=\"text-align: justify\">\u00ab<em>El veh\u00edculo el\u00e9ctrico<\/em>\u00a0tendr\u00e1 una importancia real en la industria del autom\u00f3vil y calculo que en 2026 su precio ser\u00e1 competitivo. Hay que tener en mente que es preciso invertir en esta industria\u00bb, a\u00f1adi\u00f3. Asimismo, destac\u00f3 c\u00f3mo ha bajado el precio del gas, que tiene una huella de carbono m\u00e1s baja que el carb\u00f3n y ofrece beneficios econ\u00f3micos y geopol\u00edticos, y c\u00f3mo est\u00e1 aumentado de forma global su uso sin reemplazar el carb\u00f3n. \u00abEl gas est\u00e1 haciendo un papel distinto. Va a dar m\u00e1s flexibilidad, clave para la transformaci\u00f3n energ\u00e9tica\u00bb, dijo.<\/p>\n<h2 style=\"text-align: justify\">Reyn\u00e9s afirma que hay que buscar soluciones sostenibles.<\/h2>\n<p style=\"text-align: justify\">Por su parte, el presidente ejecutivo de Naturgy, Francisco Reyn\u00e9s, que particip\u00f3 en el acto de apertura de la jornada, indic\u00f3 que en el mundo de la energ\u00eda el reto pasa por \u00abbuscar soluciones sostenibles y sortear trabas que surgen en el camino\u00bb. Tambi\u00e9n consider\u00f3 que las principales incertidumbres pasan por la creaci\u00f3n de un plan de energ\u00eda medioambiental, \u00abque sea sostenible econ\u00f3mica y socialmente, y hacerlo a unos costes competitivos\u00bb.<\/p>\n<blockquote class=\"bg-accent mt-50 mb-50\" cite=\"https:\/\/www.ecoticias.com\/energias-renovables\/192679\/cambio-energias-renovables-sera-mayor-revolucion-historia#\"><p><em><strong>\u00abDe esta manera, opin\u00f3 que la transformaci\u00f3n del sistema el\u00e9ctrico se har\u00e1 eficientemente \u00absi se toman decisiones relacionadas con una generaci\u00f3n distribuida, no centralizada\u00bb, subrayando la necesidad de digitalizar\u00bb.<\/strong><\/em><\/p><\/blockquote>\n<p style=\"text-align: justify\">As\u00ed, advirti\u00f3 de la necesidad de buscar soluciones sostenibles desde estas tres perspectivas. \u00abEn la Uni\u00f3n Europea, los pa\u00edses empiezan ya a identificar planes concretos de transformaci\u00f3n de modelo energ\u00e9tico compatible con estos planteamientos de futuro\u00bb, indic\u00f3. El directivo consider\u00f3 que el debate alrededor de la energ\u00eda es de inter\u00e9s \u00abm\u00e1s all\u00e1 de los que nos dedicamos a esto\u00bb. \u00abTrasciende al propio sector, llega a la industria, a la econom\u00eda y al bienestar en general\u00bb, dijo.<\/p>\n<p style=\"text-align: justify\">Fuente: ECOticias<\/p>\n","protected":false},"excerpt":{"rendered":"<p>REDACCI\u00d3N NOTI-AM\u00c9RICA (ECUADOR) El experto en transici\u00f3n energ\u00e9tica y movilidad y fundador de Bloomberg New Energy Finance, Michael Liebreich, ha asegurado que el cambio a las energ\u00edas renovables \u00abser\u00e1 m\u00e1s grande que el cambio&#46;&#46;&#46;<\/p>\n","protected":false},"author":17,"featured_media":3634,"comment_status":"open","ping_status":"open","sticky":false,"template":"","format":"standard","meta":{"_acf_changed":false,"om_disable_all_campaigns":false,"rop_custom_images_group":[],"rop_custom_messages_group":[],"rop_publish_now":"initial","rop_publish_now_accounts":{"twitter_242054905_242054905":""},"rop_publish_now_history":[],"rop_publish_now_status":"pending","_uf_show_specific_survey":0,"_uf_disable_surveys":false,"footnotes":""},"categories":[79],"tags":[],"class_list":["post-3633","post","type-post","status-publish","format-standard","has-post-thumbnail","hentry","category-ambiental"],"acf":[],"aioseo_notices":[],"yoast_head":"<!-- This site is optimized with the Yoast SEO Premium plugin v24.9 (Yoast SEO v27.2) - https:\/\/yoast.com\/product\/yoast-seo-premium-wordpress\/ -->\n<title>El cambio a las energ\u00edas renovables ser\u00e1 la mayor revoluci\u00f3n de la historia - Ecuador | Noti-America.com<\/title>\n<meta name=\"robots\" content=\"index, follow, max-snippet:-1, max-image-preview:large, max-video-preview:-1\" \/>\n<link rel=\"canonical\" href=\"https:\/\/noti-america.com\/site\/ecuador\/2019\/03\/17\/el-cambio-a-las-energias-renovables-sera-la-mayor-revolucion-de-la-historia\/\" \/>\n<meta property=\"og:locale\" content=\"es_ES\" \/>\n<meta property=\"og:type\" content=\"article\" \/>\n<meta property=\"og:title\" content=\"El cambio a las energ\u00edas renovables ser\u00e1 la mayor revoluci\u00f3n de la historia\" \/>\n<meta property=\"og:description\" content=\"REDACCI\u00d3N NOTI-AM\u00c9RICA (ECUADOR) El experto en transici\u00f3n energ\u00e9tica y movilidad y fundador de Bloomberg New Energy Finance, Michael Liebreich, ha asegurado que el cambio a las energ\u00edas renovables \u00abser\u00e1 m\u00e1s grande que el cambio&#046;&#046;&#046;\" \/>\n<meta property=\"og:url\" content=\"https:\/\/noti-america.com\/site\/ecuador\/2019\/03\/17\/el-cambio-a-las-energias-renovables-sera-la-mayor-revolucion-de-la-historia\/\" \/>\n<meta property=\"og:site_name\" content=\"Ecuador | Noti-America.com\" \/>\n<meta property=\"article:published_time\" content=\"2019-03-17T19:47:37+00:00\" \/>\n<meta property=\"og:image\" content=\"https:\/\/noti-america.com\/site\/ecuador\/wp-content\/uploads\/sites\/18\/2019\/03\/El-cambio-a-las-energ\u00edas-renovables-ser\u00e1-la-mayor-revoluci\u00f3n-de-la-historia.jpg\" \/>\n\t<meta property=\"og:image:width\" content=\"730\" \/>\n\t<meta property=\"og:image:height\" content=\"464\" \/>\n\t<meta property=\"og:image:type\" content=\"image\/jpeg\" \/>\n<meta name=\"author\" content=\"Gregory Quintana Montiel\" \/>\n<meta name=\"twitter:card\" content=\"summary_large_image\" \/>\n<meta name=\"twitter:creator\" content=\"@gdgregori1\" \/>\n<meta name=\"twitter:site\" content=\"@notiamerica\" \/>\n<meta name=\"twitter:label1\" content=\"Escrito por\" \/>\n\t<meta name=\"twitter:data1\" content=\"Gregory Quintana Montiel\" \/>\n\t<meta name=\"twitter:label2\" content=\"Tiempo estimado de lectura\" \/>\n\t<meta name=\"twitter:data2\" content=\"3 minutos\" \/>\n<script type=\"application\/ld+json\" class=\"yoast-schema-graph\">{\"@context\":\"https:\/\/schema.org\",\"@graph\":[{\"@type\":\"Article\",\"@id\":\"https:\/\/noti-america.com\/site\/ecuador\/2019\/03\/17\/el-cambio-a-las-energias-renovables-sera-la-mayor-revolucion-de-la-historia\/#article\",\"isPartOf\":{\"@id\":\"https:\/\/noti-america.com\/site\/ecuador\/2019\/03\/17\/el-cambio-a-las-energias-renovables-sera-la-mayor-revolucion-de-la-historia\/\"},\"author\":{\"name\":\"Gregory Quintana Montiel\",\"@id\":\"https:\/\/noti-america.com\/site\/ecuador\/#\/schema\/person\/3b975e42f15abfe64bfe3abdd916efda\"},\"headline\":\"El cambio a las energ\u00edas renovables ser\u00e1 la mayor revoluci\u00f3n de la historia\",\"datePublished\":\"2019-03-17T19:47:37+00:00\",\"mainEntityOfPage\":{\"@id\":\"https:\/\/noti-america.com\/site\/ecuador\/2019\/03\/17\/el-cambio-a-las-energias-renovables-sera-la-mayor-revolucion-de-la-historia\/\"},\"wordCount\":586,\"commentCount\":0,\"publisher\":{\"@id\":\"https:\/\/noti-america.com\/site\/ecuador\/#organization\"},\"image\":{\"@id\":\"https:\/\/noti-america.com\/site\/ecuador\/2019\/03\/17\/el-cambio-a-las-energias-renovables-sera-la-mayor-revolucion-de-la-historia\/#primaryimage\"},\"thumbnailUrl\":\"https:\/\/noti-america.com\/site\/ecuador\/wp-content\/uploads\/sites\/18\/2019\/03\/El-cambio-a-las-energ\u00edas-renovables-ser\u00e1-la-mayor-revoluci\u00f3n-de-la-historia.jpg\",\"articleSection\":[\"Ambiental\"],\"inLanguage\":\"es\",\"potentialAction\":[{\"@type\":\"CommentAction\",\"name\":\"Comment\",\"target\":[\"https:\/\/noti-america.com\/site\/ecuador\/2019\/03\/17\/el-cambio-a-las-energias-renovables-sera-la-mayor-revolucion-de-la-historia\/#respond\"]}]},{\"@type\":\"WebPage\",\"@id\":\"https:\/\/noti-america.com\/site\/ecuador\/2019\/03\/17\/el-cambio-a-las-energias-renovables-sera-la-mayor-revolucion-de-la-historia\/\",\"url\":\"https:\/\/noti-america.com\/site\/ecuador\/2019\/03\/17\/el-cambio-a-las-energias-renovables-sera-la-mayor-revolucion-de-la-historia\/\",\"name\":\"El cambio a las energ\u00edas renovables ser\u00e1 la mayor revoluci\u00f3n de la historia - Ecuador | Noti-America.com\",\"isPartOf\":{\"@id\":\"https:\/\/noti-america.com\/site\/ecuador\/#website\"},\"primaryImageOfPage\":{\"@id\":\"https:\/\/noti-america.com\/site\/ecuador\/2019\/03\/17\/el-cambio-a-las-energias-renovables-sera-la-mayor-revolucion-de-la-historia\/#primaryimage\"},\"image\":{\"@id\":\"https:\/\/noti-america.com\/site\/ecuador\/2019\/03\/17\/el-cambio-a-las-energias-renovables-sera-la-mayor-revolucion-de-la-historia\/#primaryimage\"},\"thumbnailUrl\":\"https:\/\/noti-america.com\/site\/ecuador\/wp-content\/uploads\/sites\/18\/2019\/03\/El-cambio-a-las-energ\u00edas-renovables-ser\u00e1-la-mayor-revoluci\u00f3n-de-la-historia.jpg\",\"datePublished\":\"2019-03-17T19:47:37+00:00\",\"breadcrumb\":{\"@id\":\"https:\/\/noti-america.com\/site\/ecuador\/2019\/03\/17\/el-cambio-a-las-energias-renovables-sera-la-mayor-revolucion-de-la-historia\/#breadcrumb\"},\"inLanguage\":\"es\",\"potentialAction\":[{\"@type\":\"ReadAction\",\"target\":[\"https:\/\/noti-america.com\/site\/ecuador\/2019\/03\/17\/el-cambio-a-las-energias-renovables-sera-la-mayor-revolucion-de-la-historia\/\"]}]},{\"@type\":\"ImageObject\",\"inLanguage\":\"es\",\"@id\":\"https:\/\/noti-america.com\/site\/ecuador\/2019\/03\/17\/el-cambio-a-las-energias-renovables-sera-la-mayor-revolucion-de-la-historia\/#primaryimage\",\"url\":\"https:\/\/noti-america.com\/site\/ecuador\/wp-content\/uploads\/sites\/18\/2019\/03\/El-cambio-a-las-energ\u00edas-renovables-ser\u00e1-la-mayor-revoluci\u00f3n-de-la-historia.jpg\",\"contentUrl\":\"https:\/\/noti-america.com\/site\/ecuador\/wp-content\/uploads\/sites\/18\/2019\/03\/El-cambio-a-las-energ\u00edas-renovables-ser\u00e1-la-mayor-revoluci\u00f3n-de-la-historia.jpg\",\"width\":730,\"height\":464,\"caption\":\"De esta manera, opin\u00f3 que la transformaci\u00f3n del sistema el\u00e9ctrico se har\u00e1 eficientemente \\\"si se toman decisiones relacionadas con una generaci\u00f3n distribuida, no centralizada\\\", subrayando la necesidad de digitalizar.\"},{\"@type\":\"BreadcrumbList\",\"@id\":\"https:\/\/noti-america.com\/site\/ecuador\/2019\/03\/17\/el-cambio-a-las-energias-renovables-sera-la-mayor-revolucion-de-la-historia\/#breadcrumb\",\"itemListElement\":[{\"@type\":\"ListItem\",\"position\":1,\"name\":\"Portada\",\"item\":\"https:\/\/noti-america.com\/site\/ecuador\/\"},{\"@type\":\"ListItem\",\"position\":2,\"name\":\"El cambio a las energ\u00edas renovables ser\u00e1 la mayor revoluci\u00f3n de la historia\"}]},{\"@type\":\"WebSite\",\"@id\":\"https:\/\/noti-america.com\/site\/ecuador\/#website\",\"url\":\"https:\/\/noti-america.com\/site\/ecuador\/\",\"name\":\"Ecuador | Noti-America.com\",\"description\":\"\",\"publisher\":{\"@id\":\"https:\/\/noti-america.com\/site\/ecuador\/#organization\"},\"potentialAction\":[{\"@type\":\"SearchAction\",\"target\":{\"@type\":\"EntryPoint\",\"urlTemplate\":\"https:\/\/noti-america.com\/site\/ecuador\/?s={search_term_string}\"},\"query-input\":{\"@type\":\"PropertyValueSpecification\",\"valueRequired\":true,\"valueName\":\"search_term_string\"}}],\"inLanguage\":\"es\"},{\"@type\":\"Organization\",\"@id\":\"https:\/\/noti-america.com\/site\/ecuador\/#organization\",\"name\":\"Noti-America LLC | Ecuador\",\"url\":\"https:\/\/noti-america.com\/site\/ecuador\/\",\"logo\":{\"@type\":\"ImageObject\",\"inLanguage\":\"es\",\"@id\":\"https:\/\/noti-america.com\/site\/ecuador\/#\/schema\/logo\/image\/\",\"url\":\"https:\/\/noti-america.com\/site\/ecuador\/wp-content\/uploads\/sites\/18\/2020\/07\/LogoNA-4x3-1.jpg\",\"contentUrl\":\"https:\/\/noti-america.com\/site\/ecuador\/wp-content\/uploads\/sites\/18\/2020\/07\/LogoNA-4x3-1.jpg\",\"width\":1236,\"height\":1080,\"caption\":\"Noti-America LLC | Ecuador\"},\"image\":{\"@id\":\"https:\/\/noti-america.com\/site\/ecuador\/#\/schema\/logo\/image\/\"},\"sameAs\":[\"https:\/\/x.com\/notiamerica\"]},{\"@type\":\"Person\",\"@id\":\"https:\/\/noti-america.com\/site\/ecuador\/#\/schema\/person\/3b975e42f15abfe64bfe3abdd916efda\",\"name\":\"Gregory Quintana Montiel\",\"image\":{\"@type\":\"ImageObject\",\"inLanguage\":\"es\",\"@id\":\"https:\/\/secure.gravatar.com\/avatar\/2d6b802f7720c2ec7744dcbe608cc2f3417aeb964d58b443c6d612b77531de1d?s=96&d=mm&r=g\",\"url\":\"https:\/\/secure.gravatar.com\/avatar\/2d6b802f7720c2ec7744dcbe608cc2f3417aeb964d58b443c6d612b77531de1d?s=96&d=mm&r=g\",\"contentUrl\":\"https:\/\/secure.gravatar.com\/avatar\/2d6b802f7720c2ec7744dcbe608cc2f3417aeb964d58b443c6d612b77531de1d?s=96&d=mm&r=g\",\"caption\":\"Gregory Quintana Montiel\"},\"description\":\"Licenciatura en Ciencias de la Comunicaci\u00f3n Social, egresado en la Especializaci\u00f3n Derecho Ambiental Desarrollo Sostenible y Sustentable, Miembro de la Comunidad de profesionales y experto para Latinoam\u00e9rica y el Caribe en Gesti\u00f3n por Resultado en el Desarrollo (COPLAC - GpRD) del Banco Interamericano de Desarrollo, experiencia en medios radiales y escritos.\",\"sameAs\":[\"https:\/\/x.com\/gdgregori1\",\"gquintana\"],\"url\":\"https:\/\/noti-america.com\/site\/ecuador\/author\/gquintana\/\"}]}<\/script>\n<!-- \/ Yoast SEO Premium plugin. -->","yoast_head_json":{"title":"El cambio a las energ\u00edas renovables ser\u00e1 la mayor revoluci\u00f3n de la historia - Ecuador | Noti-America.com","robots":{"index":"index","follow":"follow","max-snippet":"max-snippet:-1","max-image-preview":"max-image-preview:large","max-video-preview":"max-video-preview:-1"},"canonical":"https:\/\/noti-america.com\/site\/ecuador\/2019\/03\/17\/el-cambio-a-las-energias-renovables-sera-la-mayor-revolucion-de-la-historia\/","og_locale":"es_ES","og_type":"article","og_title":"El cambio a las energ\u00edas renovables ser\u00e1 la mayor revoluci\u00f3n de la historia","og_description":"REDACCI\u00d3N NOTI-AM\u00c9RICA (ECUADOR) El experto en transici\u00f3n energ\u00e9tica y movilidad y fundador de Bloomberg New Energy Finance, Michael Liebreich, ha asegurado que el cambio a las energ\u00edas renovables \u00abser\u00e1 m\u00e1s grande que el cambio&#46;&#46;&#46;","og_url":"https:\/\/noti-america.com\/site\/ecuador\/2019\/03\/17\/el-cambio-a-las-energias-renovables-sera-la-mayor-revolucion-de-la-historia\/","og_site_name":"Ecuador | Noti-America.com","article_published_time":"2019-03-17T19:47:37+00:00","og_image":[{"width":730,"height":464,"url":"https:\/\/noti-america.com\/site\/ecuador\/wp-content\/uploads\/sites\/18\/2019\/03\/El-cambio-a-las-energ\u00edas-renovables-ser\u00e1-la-mayor-revoluci\u00f3n-de-la-historia.jpg","type":"image\/jpeg"}],"author":"Gregory Quintana Montiel","twitter_card":"summary_large_image","twitter_creator":"@gdgregori1","twitter_site":"@notiamerica","twitter_misc":{"Escrito por":"Gregory Quintana Montiel","Tiempo estimado de lectura":"3 minutos"},"schema":{"@context":"https:\/\/schema.org","@graph":[{"@type":"Article","@id":"https:\/\/noti-america.com\/site\/ecuador\/2019\/03\/17\/el-cambio-a-las-energias-renovables-sera-la-mayor-revolucion-de-la-historia\/#article","isPartOf":{"@id":"https:\/\/noti-america.com\/site\/ecuador\/2019\/03\/17\/el-cambio-a-las-energias-renovables-sera-la-mayor-revolucion-de-la-historia\/"},"author":{"name":"Gregory Quintana Montiel","@id":"https:\/\/noti-america.com\/site\/ecuador\/#\/schema\/person\/3b975e42f15abfe64bfe3abdd916efda"},"headline":"El cambio a las energ\u00edas renovables ser\u00e1 la mayor revoluci\u00f3n de la historia","datePublished":"2019-03-17T19:47:37+00:00","mainEntityOfPage":{"@id":"https:\/\/noti-america.com\/site\/ecuador\/2019\/03\/17\/el-cambio-a-las-energias-renovables-sera-la-mayor-revolucion-de-la-historia\/"},"wordCount":586,"commentCount":0,"publisher":{"@id":"https:\/\/noti-america.com\/site\/ecuador\/#organization"},"image":{"@id":"https:\/\/noti-america.com\/site\/ecuador\/2019\/03\/17\/el-cambio-a-las-energias-renovables-sera-la-mayor-revolucion-de-la-historia\/#primaryimage"},"thumbnailUrl":"https:\/\/noti-america.com\/site\/ecuador\/wp-content\/uploads\/sites\/18\/2019\/03\/El-cambio-a-las-energ\u00edas-renovables-ser\u00e1-la-mayor-revoluci\u00f3n-de-la-historia.jpg","articleSection":["Ambiental"],"inLanguage":"es","potentialAction":[{"@type":"CommentAction","name":"Comment","target":["https:\/\/noti-america.com\/site\/ecuador\/2019\/03\/17\/el-cambio-a-las-energias-renovables-sera-la-mayor-revolucion-de-la-historia\/#respond"]}]},{"@type":"WebPage","@id":"https:\/\/noti-america.com\/site\/ecuador\/2019\/03\/17\/el-cambio-a-las-energias-renovables-sera-la-mayor-revolucion-de-la-historia\/","url":"https:\/\/noti-america.com\/site\/ecuador\/2019\/03\/17\/el-cambio-a-las-energias-renovables-sera-la-mayor-revolucion-de-la-historia\/","name":"El cambio a las energ\u00edas renovables ser\u00e1 la mayor revoluci\u00f3n de la historia - Ecuador | Noti-America.com","isPartOf":{"@id":"https:\/\/noti-america.com\/site\/ecuador\/#website"},"primaryImageOfPage":{"@id":"https:\/\/noti-america.com\/site\/ecuador\/2019\/03\/17\/el-cambio-a-las-energias-renovables-sera-la-mayor-revolucion-de-la-historia\/#primaryimage"},"image":{"@id":"https:\/\/noti-america.com\/site\/ecuador\/2019\/03\/17\/el-cambio-a-las-energias-renovables-sera-la-mayor-revolucion-de-la-historia\/#primaryimage"},"thumbnailUrl":"https:\/\/noti-america.com\/site\/ecuador\/wp-content\/uploads\/sites\/18\/2019\/03\/El-cambio-a-las-energ\u00edas-renovables-ser\u00e1-la-mayor-revoluci\u00f3n-de-la-historia.jpg","datePublished":"2019-03-17T19:47:37+00:00","breadcrumb":{"@id":"https:\/\/noti-america.com\/site\/ecuador\/2019\/03\/17\/el-cambio-a-las-energias-renovables-sera-la-mayor-revolucion-de-la-historia\/#breadcrumb"},"inLanguage":"es","potentialAction":[{"@type":"ReadAction","target":["https:\/\/noti-america.com\/site\/ecuador\/2019\/03\/17\/el-cambio-a-las-energias-renovables-sera-la-mayor-revolucion-de-la-historia\/"]}]},{"@type":"ImageObject","inLanguage":"es","@id":"https:\/\/noti-america.com\/site\/ecuador\/2019\/03\/17\/el-cambio-a-las-energias-renovables-sera-la-mayor-revolucion-de-la-historia\/#primaryimage","url":"https:\/\/noti-america.com\/site\/ecuador\/wp-content\/uploads\/sites\/18\/2019\/03\/El-cambio-a-las-energ\u00edas-renovables-ser\u00e1-la-mayor-revoluci\u00f3n-de-la-historia.jpg","contentUrl":"https:\/\/noti-america.com\/site\/ecuador\/wp-content\/uploads\/sites\/18\/2019\/03\/El-cambio-a-las-energ\u00edas-renovables-ser\u00e1-la-mayor-revoluci\u00f3n-de-la-historia.jpg","width":730,"height":464,"caption":"De esta manera, opin\u00f3 que la transformaci\u00f3n del sistema el\u00e9ctrico se har\u00e1 eficientemente \"si se toman decisiones relacionadas con una generaci\u00f3n distribuida, no centralizada\", subrayando la necesidad de digitalizar."},{"@type":"BreadcrumbList","@id":"https:\/\/noti-america.com\/site\/ecuador\/2019\/03\/17\/el-cambio-a-las-energias-renovables-sera-la-mayor-revolucion-de-la-historia\/#breadcrumb","itemListElement":[{"@type":"ListItem","position":1,"name":"Portada","item":"https:\/\/noti-america.com\/site\/ecuador\/"},{"@type":"ListItem","position":2,"name":"El cambio a las energ\u00edas renovables ser\u00e1 la mayor revoluci\u00f3n de la historia"}]},{"@type":"WebSite","@id":"https:\/\/noti-america.com\/site\/ecuador\/#website","url":"https:\/\/noti-america.com\/site\/ecuador\/","name":"Ecuador | Noti-America.com","description":"","publisher":{"@id":"https:\/\/noti-america.com\/site\/ecuador\/#organization"},"potentialAction":[{"@type":"SearchAction","target":{"@type":"EntryPoint","urlTemplate":"https:\/\/noti-america.com\/site\/ecuador\/?s={search_term_string}"},"query-input":{"@type":"PropertyValueSpecification","valueRequired":true,"valueName":"search_term_string"}}],"inLanguage":"es"},{"@type":"Organization","@id":"https:\/\/noti-america.com\/site\/ecuador\/#organization","name":"Noti-America LLC | Ecuador","url":"https:\/\/noti-america.com\/site\/ecuador\/","logo":{"@type":"ImageObject","inLanguage":"es","@id":"https:\/\/noti-america.com\/site\/ecuador\/#\/schema\/logo\/image\/","url":"https:\/\/noti-america.com\/site\/ecuador\/wp-content\/uploads\/sites\/18\/2020\/07\/LogoNA-4x3-1.jpg","contentUrl":"https:\/\/noti-america.com\/site\/ecuador\/wp-content\/uploads\/sites\/18\/2020\/07\/LogoNA-4x3-1.jpg","width":1236,"height":1080,"caption":"Noti-America LLC | Ecuador"},"image":{"@id":"https:\/\/noti-america.com\/site\/ecuador\/#\/schema\/logo\/image\/"},"sameAs":["https:\/\/x.com\/notiamerica"]},{"@type":"Person","@id":"https:\/\/noti-america.com\/site\/ecuador\/#\/schema\/person\/3b975e42f15abfe64bfe3abdd916efda","name":"Gregory Quintana Montiel","image":{"@type":"ImageObject","inLanguage":"es","@id":"https:\/\/secure.gravatar.com\/avatar\/2d6b802f7720c2ec7744dcbe608cc2f3417aeb964d58b443c6d612b77531de1d?s=96&d=mm&r=g","url":"https:\/\/secure.gravatar.com\/avatar\/2d6b802f7720c2ec7744dcbe608cc2f3417aeb964d58b443c6d612b77531de1d?s=96&d=mm&r=g","contentUrl":"https:\/\/secure.gravatar.com\/avatar\/2d6b802f7720c2ec7744dcbe608cc2f3417aeb964d58b443c6d612b77531de1d?s=96&d=mm&r=g","caption":"Gregory Quintana Montiel"},"description":"Licenciatura en Ciencias de la Comunicaci\u00f3n Social, egresado en la Especializaci\u00f3n Derecho Ambiental Desarrollo Sostenible y Sustentable, Miembro de la Comunidad de profesionales y experto para Latinoam\u00e9rica y el Caribe en Gesti\u00f3n por Resultado en el Desarrollo (COPLAC - GpRD) del Banco Interamericano de Desarrollo, experiencia en medios radiales y escritos.","sameAs":["https:\/\/x.com\/gdgregori1","gquintana"],"url":"https:\/\/noti-america.com\/site\/ecuador\/author\/gquintana\/"}]}},"_links":{"self":[{"href":"https:\/\/noti-america.com\/site\/ecuador\/wp-json\/wp\/v2\/posts\/3633","targetHints":{"allow":["GET"]}}],"collection":[{"href":"https:\/\/noti-america.com\/site\/ecuador\/wp-json\/wp\/v2\/posts"}],"about":[{"href":"https:\/\/noti-america.com\/site\/ecuador\/wp-json\/wp\/v2\/types\/post"}],"author":[{"embeddable":true,"href":"https:\/\/noti-america.com\/site\/ecuador\/wp-json\/wp\/v2\/users\/17"}],"replies":[{"embeddable":true,"href":"https:\/\/noti-america.com\/site\/ecuador\/wp-json\/wp\/v2\/comments?post=3633"}],"version-history":[{"count":1,"href":"https:\/\/noti-america.com\/site\/ecuador\/wp-json\/wp\/v2\/posts\/3633\/revisions"}],"predecessor-version":[{"id":3635,"href":"https:\/\/noti-america.com\/site\/ecuador\/wp-json\/wp\/v2\/posts\/3633\/revisions\/3635"}],"wp:featuredmedia":[{"embeddable":true,"href":"https:\/\/noti-america.com\/site\/ecuador\/wp-json\/wp\/v2\/media\/3634"}],"wp:attachment":[{"href":"https:\/\/noti-america.com\/site\/ecuador\/wp-json\/wp\/v2\/media?parent=3633"}],"wp:term":[{"taxonomy":"category","embeddable":true,"href":"https:\/\/noti-america.com\/site\/ecuador\/wp-json\/wp\/v2\/categories?post=3633"},{"taxonomy":"post_tag","embeddable":true,"href":"https:\/\/noti-america.com\/site\/ecuador\/wp-json\/wp\/v2\/tags?post=3633"}],"curies":[{"name":"wp","href":"https:\/\/api.w.org\/{rel}","templated":true}]}}