{"id":36288,"date":"2025-11-21T00:25:22","date_gmt":"2025-11-21T00:25:22","guid":{"rendered":"https:\/\/noti-america.com\/site\/ecuador\/?p=36288"},"modified":"2025-11-21T00:25:22","modified_gmt":"2025-11-21T00:25:22","slug":"banecuador-fortalece-a-pequenos-productores-con-credito-7x7","status":"publish","type":"post","link":"https:\/\/noti-america.com\/site\/ecuador\/2025\/11\/21\/banecuador-fortalece-a-pequenos-productores-con-credito-7x7\/","title":{"rendered":"BanEcuador fortalece a peque\u00f1os productores con Cr\u00e9dito 7X7"},"content":{"rendered":"<p><strong>NOTI-AMERICA.COM | ECUADOR.<\/strong><\/p>\n<p style=\"text-align: justify\"><img loading=\"lazy\" decoding=\"async\" class=\"size-medium wp-image-36289 aligncenter\" src=\"https:\/\/noti-america.com\/site\/ecuador\/wp-content\/uploads\/sites\/18\/2025\/11\/IMG-20251120-WA0087-300x200.jpg\" alt=\"\" width=\"300\" height=\"200\" srcset=\"https:\/\/noti-america.com\/site\/ecuador\/wp-content\/uploads\/sites\/18\/2025\/11\/IMG-20251120-WA0087-300x200.jpg 300w, https:\/\/noti-america.com\/site\/ecuador\/wp-content\/uploads\/sites\/18\/2025\/11\/IMG-20251120-WA0087-1024x682.jpg 1024w, https:\/\/noti-america.com\/site\/ecuador\/wp-content\/uploads\/sites\/18\/2025\/11\/IMG-20251120-WA0087-768x512.jpg 768w, https:\/\/noti-america.com\/site\/ecuador\/wp-content\/uploads\/sites\/18\/2025\/11\/IMG-20251120-WA0087-1536x1023.jpg 1536w, https:\/\/noti-america.com\/site\/ecuador\/wp-content\/uploads\/sites\/18\/2025\/11\/IMG-20251120-WA0087-272x182.jpg 272w, https:\/\/noti-america.com\/site\/ecuador\/wp-content\/uploads\/sites\/18\/2025\/11\/IMG-20251120-WA0087.jpg 1600w\" sizes=\"auto, (max-width: 300px) 100vw, 300px\" \/>BanEcuador B.P. alcanz\u00f3 un hito hist\u00f3rico en la reactivaci\u00f3n del sector productivo del pa\u00eds, consolidando la visi\u00f3n de progreso del Gobierno del Nuevo Ecuador. Desde septiembre, la instituci\u00f3n ha otorgado m\u00e1s de <strong>1.000 operaciones de cr\u00e9dito<\/strong> a trav\u00e9s del programa <strong>Cr\u00e9dito 7X7<\/strong>, movilizando m\u00e1s de <strong>10 millones de d\u00f3lares<\/strong> a nivel nacional.<\/p>\n<p style=\"text-align: justify\">El Cr\u00e9dito 7X7 est\u00e1 dirigido a <strong>peque\u00f1os productores agr\u00edcolas y pecuarios<\/strong>, con montos que van desde <strong>USD 500 hasta USD 250.000<\/strong> y un per\u00edodo de gracia dise\u00f1ado para que los productores puedan invertir antes de iniciar el pago. Los requisitos son m\u00ednimos, limit\u00e1ndose a la presentaci\u00f3n de la <strong>c\u00e9dula de identidad<\/strong> y una <strong>planilla de servicios b\u00e1sicos<\/strong>.<\/p>\n<p style=\"text-align: justify\">Este programa busca <strong>fortalecer la soberan\u00eda alimentaria<\/strong>, mejorar las cosechas, modernizar la tecnolog\u00eda agr\u00edcola y garantizar la estabilidad de las comunidades rurales, convirti\u00e9ndose en un <strong>motor de desarrollo local<\/strong> y en un ejemplo de inclusi\u00f3n financiera.<\/p>\n<p style=\"text-align: justify\">Para m\u00e1s informaci\u00f3n sobre el Cr\u00e9dito 7X7 y otras soluciones financieras, los interesados pueden visitar: <a href=\"http:\/\/www.banecuador.fin.ec\">www.banecuador.fin.ec<\/a>.<\/p>\n","protected":false},"excerpt":{"rendered":"<p>NOTI-AMERICA.COM | ECUADOR. BanEcuador B.P. alcanz\u00f3 un hito hist\u00f3rico en la reactivaci\u00f3n del sector productivo del pa\u00eds, consolidando la visi\u00f3n de progreso del Gobierno del Nuevo Ecuador. Desde septiembre, la instituci\u00f3n ha otorgado m\u00e1s&#46;&#46;&#46;<\/p>\n","protected":false},"author":144,"featured_media":36289,"comment_status":"open","ping_status":"open","sticky":false,"template":"","format":"standard","meta":{"_acf_changed":false,"om_disable_all_campaigns":false,"rop_custom_images_group":[],"rop_custom_messages_group":[],"rop_publish_now":"initial","rop_publish_now_accounts":{"twitter_242054905_242054905":""},"rop_publish_now_history":[],"rop_publish_now_status":"pending","_uf_show_specific_survey":0,"_uf_disable_surveys":false,"footnotes":""},"categories":[125],"tags":[],"class_list":["post-36288","post","type-post","status-publish","format-standard","has-post-thumbnail","hentry","category-actualidad"],"acf":[],"aioseo_notices":[],"yoast_head":"<!-- This site is optimized with the Yoast SEO Premium plugin v24.9 (Yoast SEO v27.2) - https:\/\/yoast.com\/product\/yoast-seo-premium-wordpress\/ -->\n<title>BanEcuador fortalece a peque\u00f1os productores con Cr\u00e9dito 7X7 - Ecuador | Noti-America.com<\/title>\n<meta name=\"robots\" content=\"index, follow, max-snippet:-1, max-image-preview:large, max-video-preview:-1\" \/>\n<link rel=\"canonical\" href=\"https:\/\/noti-america.com\/site\/ecuador\/2025\/11\/21\/banecuador-fortalece-a-pequenos-productores-con-credito-7x7\/\" \/>\n<meta property=\"og:locale\" content=\"es_ES\" \/>\n<meta property=\"og:type\" content=\"article\" \/>\n<meta property=\"og:title\" content=\"BanEcuador fortalece a peque\u00f1os productores con Cr\u00e9dito 7X7\" \/>\n<meta property=\"og:description\" content=\"NOTI-AMERICA.COM | ECUADOR. BanEcuador B.P. alcanz\u00f3 un hito hist\u00f3rico en la reactivaci\u00f3n del sector productivo del pa\u00eds, consolidando la visi\u00f3n de progreso del Gobierno del Nuevo Ecuador. Desde septiembre, la instituci\u00f3n ha otorgado m\u00e1s&#046;&#046;&#046;\" \/>\n<meta property=\"og:url\" content=\"https:\/\/noti-america.com\/site\/ecuador\/2025\/11\/21\/banecuador-fortalece-a-pequenos-productores-con-credito-7x7\/\" \/>\n<meta property=\"og:site_name\" content=\"Ecuador | Noti-America.com\" \/>\n<meta property=\"article:published_time\" content=\"2025-11-21T00:25:22+00:00\" \/>\n<meta property=\"og:image\" content=\"https:\/\/noti-america.com\/site\/ecuador\/wp-content\/uploads\/sites\/18\/2025\/11\/IMG-20251120-WA0087.jpg\" \/>\n\t<meta property=\"og:image:width\" content=\"1600\" \/>\n\t<meta property=\"og:image:height\" content=\"1066\" \/>\n\t<meta property=\"og:image:type\" content=\"image\/jpeg\" \/>\n<meta name=\"author\" content=\"Henry Garrido\" \/>\n<meta name=\"twitter:card\" content=\"summary_large_image\" \/>\n<meta name=\"twitter:creator\" content=\"@notiamerica\" \/>\n<meta name=\"twitter:site\" content=\"@notiamerica\" \/>\n<meta name=\"twitter:label1\" content=\"Escrito por\" \/>\n\t<meta name=\"twitter:data1\" content=\"Henry Garrido\" \/>\n\t<meta name=\"twitter:label2\" content=\"Tiempo estimado de lectura\" \/>\n\t<meta name=\"twitter:data2\" content=\"2 minutos\" \/>\n<script type=\"application\/ld+json\" class=\"yoast-schema-graph\">{\"@context\":\"https:\/\/schema.org\",\"@graph\":[{\"@type\":\"Article\",\"@id\":\"https:\/\/noti-america.com\/site\/ecuador\/2025\/11\/21\/banecuador-fortalece-a-pequenos-productores-con-credito-7x7\/#article\",\"isPartOf\":{\"@id\":\"https:\/\/noti-america.com\/site\/ecuador\/2025\/11\/21\/banecuador-fortalece-a-pequenos-productores-con-credito-7x7\/\"},\"author\":{\"name\":\"Henry Garrido\",\"@id\":\"https:\/\/noti-america.com\/site\/ecuador\/#\/schema\/person\/00042412cfa9ecf98077f847ffadda4a\"},\"headline\":\"BanEcuador fortalece a peque\u00f1os productores con Cr\u00e9dito 7X7\",\"datePublished\":\"2025-11-21T00:25:22+00:00\",\"mainEntityOfPage\":{\"@id\":\"https:\/\/noti-america.com\/site\/ecuador\/2025\/11\/21\/banecuador-fortalece-a-pequenos-productores-con-credito-7x7\/\"},\"wordCount\":203,\"commentCount\":0,\"publisher\":{\"@id\":\"https:\/\/noti-america.com\/site\/ecuador\/#organization\"},\"image\":{\"@id\":\"https:\/\/noti-america.com\/site\/ecuador\/2025\/11\/21\/banecuador-fortalece-a-pequenos-productores-con-credito-7x7\/#primaryimage\"},\"thumbnailUrl\":\"https:\/\/noti-america.com\/site\/ecuador\/wp-content\/uploads\/sites\/18\/2025\/11\/IMG-20251120-WA0087.jpg\",\"articleSection\":[\"Actualidad\"],\"inLanguage\":\"es\",\"potentialAction\":[{\"@type\":\"CommentAction\",\"name\":\"Comment\",\"target\":[\"https:\/\/noti-america.com\/site\/ecuador\/2025\/11\/21\/banecuador-fortalece-a-pequenos-productores-con-credito-7x7\/#respond\"]}]},{\"@type\":\"WebPage\",\"@id\":\"https:\/\/noti-america.com\/site\/ecuador\/2025\/11\/21\/banecuador-fortalece-a-pequenos-productores-con-credito-7x7\/\",\"url\":\"https:\/\/noti-america.com\/site\/ecuador\/2025\/11\/21\/banecuador-fortalece-a-pequenos-productores-con-credito-7x7\/\",\"name\":\"BanEcuador fortalece a peque\u00f1os productores con Cr\u00e9dito 7X7 - Ecuador | Noti-America.com\",\"isPartOf\":{\"@id\":\"https:\/\/noti-america.com\/site\/ecuador\/#website\"},\"primaryImageOfPage\":{\"@id\":\"https:\/\/noti-america.com\/site\/ecuador\/2025\/11\/21\/banecuador-fortalece-a-pequenos-productores-con-credito-7x7\/#primaryimage\"},\"image\":{\"@id\":\"https:\/\/noti-america.com\/site\/ecuador\/2025\/11\/21\/banecuador-fortalece-a-pequenos-productores-con-credito-7x7\/#primaryimage\"},\"thumbnailUrl\":\"https:\/\/noti-america.com\/site\/ecuador\/wp-content\/uploads\/sites\/18\/2025\/11\/IMG-20251120-WA0087.jpg\",\"datePublished\":\"2025-11-21T00:25:22+00:00\",\"breadcrumb\":{\"@id\":\"https:\/\/noti-america.com\/site\/ecuador\/2025\/11\/21\/banecuador-fortalece-a-pequenos-productores-con-credito-7x7\/#breadcrumb\"},\"inLanguage\":\"es\",\"potentialAction\":[{\"@type\":\"ReadAction\",\"target\":[\"https:\/\/noti-america.com\/site\/ecuador\/2025\/11\/21\/banecuador-fortalece-a-pequenos-productores-con-credito-7x7\/\"]}]},{\"@type\":\"ImageObject\",\"inLanguage\":\"es\",\"@id\":\"https:\/\/noti-america.com\/site\/ecuador\/2025\/11\/21\/banecuador-fortalece-a-pequenos-productores-con-credito-7x7\/#primaryimage\",\"url\":\"https:\/\/noti-america.com\/site\/ecuador\/wp-content\/uploads\/sites\/18\/2025\/11\/IMG-20251120-WA0087.jpg\",\"contentUrl\":\"https:\/\/noti-america.com\/site\/ecuador\/wp-content\/uploads\/sites\/18\/2025\/11\/IMG-20251120-WA0087.jpg\",\"width\":1600,\"height\":1066},{\"@type\":\"BreadcrumbList\",\"@id\":\"https:\/\/noti-america.com\/site\/ecuador\/2025\/11\/21\/banecuador-fortalece-a-pequenos-productores-con-credito-7x7\/#breadcrumb\",\"itemListElement\":[{\"@type\":\"ListItem\",\"position\":1,\"name\":\"Portada\",\"item\":\"https:\/\/noti-america.com\/site\/ecuador\/\"},{\"@type\":\"ListItem\",\"position\":2,\"name\":\"BanEcuador fortalece a peque\u00f1os productores con Cr\u00e9dito 7X7\"}]},{\"@type\":\"WebSite\",\"@id\":\"https:\/\/noti-america.com\/site\/ecuador\/#website\",\"url\":\"https:\/\/noti-america.com\/site\/ecuador\/\",\"name\":\"Ecuador | Noti-America.com\",\"description\":\"\",\"publisher\":{\"@id\":\"https:\/\/noti-america.com\/site\/ecuador\/#organization\"},\"potentialAction\":[{\"@type\":\"SearchAction\",\"target\":{\"@type\":\"EntryPoint\",\"urlTemplate\":\"https:\/\/noti-america.com\/site\/ecuador\/?s={search_term_string}\"},\"query-input\":{\"@type\":\"PropertyValueSpecification\",\"valueRequired\":true,\"valueName\":\"search_term_string\"}}],\"inLanguage\":\"es\"},{\"@type\":\"Organization\",\"@id\":\"https:\/\/noti-america.com\/site\/ecuador\/#organization\",\"name\":\"Noti-America LLC | Ecuador\",\"url\":\"https:\/\/noti-america.com\/site\/ecuador\/\",\"logo\":{\"@type\":\"ImageObject\",\"inLanguage\":\"es\",\"@id\":\"https:\/\/noti-america.com\/site\/ecuador\/#\/schema\/logo\/image\/\",\"url\":\"https:\/\/noti-america.com\/site\/ecuador\/wp-content\/uploads\/sites\/18\/2020\/07\/LogoNA-4x3-1.jpg\",\"contentUrl\":\"https:\/\/noti-america.com\/site\/ecuador\/wp-content\/uploads\/sites\/18\/2020\/07\/LogoNA-4x3-1.jpg\",\"width\":1236,\"height\":1080,\"caption\":\"Noti-America LLC | Ecuador\"},\"image\":{\"@id\":\"https:\/\/noti-america.com\/site\/ecuador\/#\/schema\/logo\/image\/\"},\"sameAs\":[\"https:\/\/x.com\/notiamerica\"]},{\"@type\":\"Person\",\"@id\":\"https:\/\/noti-america.com\/site\/ecuador\/#\/schema\/person\/00042412cfa9ecf98077f847ffadda4a\",\"name\":\"Henry Garrido\",\"image\":{\"@type\":\"ImageObject\",\"inLanguage\":\"es\",\"@id\":\"https:\/\/secure.gravatar.com\/avatar\/749ae5a1e6f22cf042f04b9f3f0a22732ae36970ccfd5c54a0a2ac3c4e1166ed?s=96&d=mm&r=g\",\"url\":\"https:\/\/secure.gravatar.com\/avatar\/749ae5a1e6f22cf042f04b9f3f0a22732ae36970ccfd5c54a0a2ac3c4e1166ed?s=96&d=mm&r=g\",\"contentUrl\":\"https:\/\/secure.gravatar.com\/avatar\/749ae5a1e6f22cf042f04b9f3f0a22732ae36970ccfd5c54a0a2ac3c4e1166ed?s=96&d=mm&r=g\",\"caption\":\"Henry Garrido\"},\"url\":\"https:\/\/noti-america.com\/site\/ecuador\/author\/hgarrido\/\"}]}<\/script>\n<!-- \/ Yoast SEO Premium plugin. -->","yoast_head_json":{"title":"BanEcuador fortalece a peque\u00f1os productores con Cr\u00e9dito 7X7 - Ecuador | Noti-America.com","robots":{"index":"index","follow":"follow","max-snippet":"max-snippet:-1","max-image-preview":"max-image-preview:large","max-video-preview":"max-video-preview:-1"},"canonical":"https:\/\/noti-america.com\/site\/ecuador\/2025\/11\/21\/banecuador-fortalece-a-pequenos-productores-con-credito-7x7\/","og_locale":"es_ES","og_type":"article","og_title":"BanEcuador fortalece a peque\u00f1os productores con Cr\u00e9dito 7X7","og_description":"NOTI-AMERICA.COM | ECUADOR. BanEcuador B.P. alcanz\u00f3 un hito hist\u00f3rico en la reactivaci\u00f3n del sector productivo del pa\u00eds, consolidando la visi\u00f3n de progreso del Gobierno del Nuevo Ecuador. Desde septiembre, la instituci\u00f3n ha otorgado m\u00e1s&#46;&#46;&#46;","og_url":"https:\/\/noti-america.com\/site\/ecuador\/2025\/11\/21\/banecuador-fortalece-a-pequenos-productores-con-credito-7x7\/","og_site_name":"Ecuador | Noti-America.com","article_published_time":"2025-11-21T00:25:22+00:00","og_image":[{"width":1600,"height":1066,"url":"https:\/\/noti-america.com\/site\/ecuador\/wp-content\/uploads\/sites\/18\/2025\/11\/IMG-20251120-WA0087.jpg","type":"image\/jpeg"}],"author":"Henry Garrido","twitter_card":"summary_large_image","twitter_creator":"@notiamerica","twitter_site":"@notiamerica","twitter_misc":{"Escrito por":"Henry Garrido","Tiempo estimado de lectura":"2 minutos"},"schema":{"@context":"https:\/\/schema.org","@graph":[{"@type":"Article","@id":"https:\/\/noti-america.com\/site\/ecuador\/2025\/11\/21\/banecuador-fortalece-a-pequenos-productores-con-credito-7x7\/#article","isPartOf":{"@id":"https:\/\/noti-america.com\/site\/ecuador\/2025\/11\/21\/banecuador-fortalece-a-pequenos-productores-con-credito-7x7\/"},"author":{"name":"Henry Garrido","@id":"https:\/\/noti-america.com\/site\/ecuador\/#\/schema\/person\/00042412cfa9ecf98077f847ffadda4a"},"headline":"BanEcuador fortalece a peque\u00f1os productores con Cr\u00e9dito 7X7","datePublished":"2025-11-21T00:25:22+00:00","mainEntityOfPage":{"@id":"https:\/\/noti-america.com\/site\/ecuador\/2025\/11\/21\/banecuador-fortalece-a-pequenos-productores-con-credito-7x7\/"},"wordCount":203,"commentCount":0,"publisher":{"@id":"https:\/\/noti-america.com\/site\/ecuador\/#organization"},"image":{"@id":"https:\/\/noti-america.com\/site\/ecuador\/2025\/11\/21\/banecuador-fortalece-a-pequenos-productores-con-credito-7x7\/#primaryimage"},"thumbnailUrl":"https:\/\/noti-america.com\/site\/ecuador\/wp-content\/uploads\/sites\/18\/2025\/11\/IMG-20251120-WA0087.jpg","articleSection":["Actualidad"],"inLanguage":"es","potentialAction":[{"@type":"CommentAction","name":"Comment","target":["https:\/\/noti-america.com\/site\/ecuador\/2025\/11\/21\/banecuador-fortalece-a-pequenos-productores-con-credito-7x7\/#respond"]}]},{"@type":"WebPage","@id":"https:\/\/noti-america.com\/site\/ecuador\/2025\/11\/21\/banecuador-fortalece-a-pequenos-productores-con-credito-7x7\/","url":"https:\/\/noti-america.com\/site\/ecuador\/2025\/11\/21\/banecuador-fortalece-a-pequenos-productores-con-credito-7x7\/","name":"BanEcuador fortalece a peque\u00f1os productores con Cr\u00e9dito 7X7 - Ecuador | Noti-America.com","isPartOf":{"@id":"https:\/\/noti-america.com\/site\/ecuador\/#website"},"primaryImageOfPage":{"@id":"https:\/\/noti-america.com\/site\/ecuador\/2025\/11\/21\/banecuador-fortalece-a-pequenos-productores-con-credito-7x7\/#primaryimage"},"image":{"@id":"https:\/\/noti-america.com\/site\/ecuador\/2025\/11\/21\/banecuador-fortalece-a-pequenos-productores-con-credito-7x7\/#primaryimage"},"thumbnailUrl":"https:\/\/noti-america.com\/site\/ecuador\/wp-content\/uploads\/sites\/18\/2025\/11\/IMG-20251120-WA0087.jpg","datePublished":"2025-11-21T00:25:22+00:00","breadcrumb":{"@id":"https:\/\/noti-america.com\/site\/ecuador\/2025\/11\/21\/banecuador-fortalece-a-pequenos-productores-con-credito-7x7\/#breadcrumb"},"inLanguage":"es","potentialAction":[{"@type":"ReadAction","target":["https:\/\/noti-america.com\/site\/ecuador\/2025\/11\/21\/banecuador-fortalece-a-pequenos-productores-con-credito-7x7\/"]}]},{"@type":"ImageObject","inLanguage":"es","@id":"https:\/\/noti-america.com\/site\/ecuador\/2025\/11\/21\/banecuador-fortalece-a-pequenos-productores-con-credito-7x7\/#primaryimage","url":"https:\/\/noti-america.com\/site\/ecuador\/wp-content\/uploads\/sites\/18\/2025\/11\/IMG-20251120-WA0087.jpg","contentUrl":"https:\/\/noti-america.com\/site\/ecuador\/wp-content\/uploads\/sites\/18\/2025\/11\/IMG-20251120-WA0087.jpg","width":1600,"height":1066},{"@type":"BreadcrumbList","@id":"https:\/\/noti-america.com\/site\/ecuador\/2025\/11\/21\/banecuador-fortalece-a-pequenos-productores-con-credito-7x7\/#breadcrumb","itemListElement":[{"@type":"ListItem","position":1,"name":"Portada","item":"https:\/\/noti-america.com\/site\/ecuador\/"},{"@type":"ListItem","position":2,"name":"BanEcuador fortalece a peque\u00f1os productores con Cr\u00e9dito 7X7"}]},{"@type":"WebSite","@id":"https:\/\/noti-america.com\/site\/ecuador\/#website","url":"https:\/\/noti-america.com\/site\/ecuador\/","name":"Ecuador | Noti-America.com","description":"","publisher":{"@id":"https:\/\/noti-america.com\/site\/ecuador\/#organization"},"potentialAction":[{"@type":"SearchAction","target":{"@type":"EntryPoint","urlTemplate":"https:\/\/noti-america.com\/site\/ecuador\/?s={search_term_string}"},"query-input":{"@type":"PropertyValueSpecification","valueRequired":true,"valueName":"search_term_string"}}],"inLanguage":"es"},{"@type":"Organization","@id":"https:\/\/noti-america.com\/site\/ecuador\/#organization","name":"Noti-America LLC | Ecuador","url":"https:\/\/noti-america.com\/site\/ecuador\/","logo":{"@type":"ImageObject","inLanguage":"es","@id":"https:\/\/noti-america.com\/site\/ecuador\/#\/schema\/logo\/image\/","url":"https:\/\/noti-america.com\/site\/ecuador\/wp-content\/uploads\/sites\/18\/2020\/07\/LogoNA-4x3-1.jpg","contentUrl":"https:\/\/noti-america.com\/site\/ecuador\/wp-content\/uploads\/sites\/18\/2020\/07\/LogoNA-4x3-1.jpg","width":1236,"height":1080,"caption":"Noti-America LLC | Ecuador"},"image":{"@id":"https:\/\/noti-america.com\/site\/ecuador\/#\/schema\/logo\/image\/"},"sameAs":["https:\/\/x.com\/notiamerica"]},{"@type":"Person","@id":"https:\/\/noti-america.com\/site\/ecuador\/#\/schema\/person\/00042412cfa9ecf98077f847ffadda4a","name":"Henry Garrido","image":{"@type":"ImageObject","inLanguage":"es","@id":"https:\/\/secure.gravatar.com\/avatar\/749ae5a1e6f22cf042f04b9f3f0a22732ae36970ccfd5c54a0a2ac3c4e1166ed?s=96&d=mm&r=g","url":"https:\/\/secure.gravatar.com\/avatar\/749ae5a1e6f22cf042f04b9f3f0a22732ae36970ccfd5c54a0a2ac3c4e1166ed?s=96&d=mm&r=g","contentUrl":"https:\/\/secure.gravatar.com\/avatar\/749ae5a1e6f22cf042f04b9f3f0a22732ae36970ccfd5c54a0a2ac3c4e1166ed?s=96&d=mm&r=g","caption":"Henry Garrido"},"url":"https:\/\/noti-america.com\/site\/ecuador\/author\/hgarrido\/"}]}},"_links":{"self":[{"href":"https:\/\/noti-america.com\/site\/ecuador\/wp-json\/wp\/v2\/posts\/36288","targetHints":{"allow":["GET"]}}],"collection":[{"href":"https:\/\/noti-america.com\/site\/ecuador\/wp-json\/wp\/v2\/posts"}],"about":[{"href":"https:\/\/noti-america.com\/site\/ecuador\/wp-json\/wp\/v2\/types\/post"}],"author":[{"embeddable":true,"href":"https:\/\/noti-america.com\/site\/ecuador\/wp-json\/wp\/v2\/users\/144"}],"replies":[{"embeddable":true,"href":"https:\/\/noti-america.com\/site\/ecuador\/wp-json\/wp\/v2\/comments?post=36288"}],"version-history":[{"count":2,"href":"https:\/\/noti-america.com\/site\/ecuador\/wp-json\/wp\/v2\/posts\/36288\/revisions"}],"predecessor-version":[{"id":36291,"href":"https:\/\/noti-america.com\/site\/ecuador\/wp-json\/wp\/v2\/posts\/36288\/revisions\/36291"}],"wp:featuredmedia":[{"embeddable":true,"href":"https:\/\/noti-america.com\/site\/ecuador\/wp-json\/wp\/v2\/media\/36289"}],"wp:attachment":[{"href":"https:\/\/noti-america.com\/site\/ecuador\/wp-json\/wp\/v2\/media?parent=36288"}],"wp:term":[{"taxonomy":"category","embeddable":true,"href":"https:\/\/noti-america.com\/site\/ecuador\/wp-json\/wp\/v2\/categories?post=36288"},{"taxonomy":"post_tag","embeddable":true,"href":"https:\/\/noti-america.com\/site\/ecuador\/wp-json\/wp\/v2\/tags?post=36288"}],"curies":[{"name":"wp","href":"https:\/\/api.w.org\/{rel}","templated":true}]}}