{"id":36270,"date":"2025-11-20T01:26:51","date_gmt":"2025-11-20T01:26:51","guid":{"rendered":"https:\/\/noti-america.com\/site\/ecuador\/?p=36270"},"modified":"2025-11-20T01:26:51","modified_gmt":"2025-11-20T01:26:51","slug":"guayas-lanza-plan-integral-ante-epoca-lluviosa-y-seca","status":"publish","type":"post","link":"https:\/\/noti-america.com\/site\/ecuador\/2025\/11\/20\/guayas-lanza-plan-integral-ante-epoca-lluviosa-y-seca\/","title":{"rendered":"Guayas lanza plan integral ante \u00e9poca lluviosa y seca"},"content":{"rendered":"<p><strong>NOTI-AMERICA.COM | ECUADOR.<\/strong><\/p>\n<p style=\"text-align: justify\"><img loading=\"lazy\" decoding=\"async\" class=\"size-medium wp-image-36271 aligncenter\" src=\"https:\/\/noti-america.com\/site\/ecuador\/wp-content\/uploads\/sites\/18\/2025\/11\/20251119_102154-300x225.jpg\" alt=\"\" width=\"300\" height=\"225\" srcset=\"https:\/\/noti-america.com\/site\/ecuador\/wp-content\/uploads\/sites\/18\/2025\/11\/20251119_102154-300x225.jpg 300w, https:\/\/noti-america.com\/site\/ecuador\/wp-content\/uploads\/sites\/18\/2025\/11\/20251119_102154-1024x768.jpg 1024w, https:\/\/noti-america.com\/site\/ecuador\/wp-content\/uploads\/sites\/18\/2025\/11\/20251119_102154-768x576.jpg 768w, https:\/\/noti-america.com\/site\/ecuador\/wp-content\/uploads\/sites\/18\/2025\/11\/20251119_102154-1536x1152.jpg 1536w, https:\/\/noti-america.com\/site\/ecuador\/wp-content\/uploads\/sites\/18\/2025\/11\/20251119_102154-2048x1536.jpg 2048w\" sizes=\"auto, (max-width: 300px) 100vw, 300px\" \/>La prefecta del Guayas, <strong>Marcela Agui\u00f1aga<\/strong>, present\u00f3 este mi\u00e9rcoles el <strong>Plan de Acci\u00f3n Provincial por \u00c9poca Lluviosa y \u00c9poca Seca 2025-2026<\/strong>, un instrumento t\u00e9cnico-operativo dise\u00f1ado para fortalecer la prevenci\u00f3n, mitigaci\u00f3n y respuesta ante eventos clim\u00e1ticos en los 25 cantones de la provincia.<\/p>\n<p style=\"text-align: justify\">El plan se basa en la experiencia del \u00faltimo invierno, uno de los m\u00e1s severos de las \u00faltimas d\u00e9cadas, durante el cual la Prefectura invirti\u00f3 <strong>USD 40 millones en prevenci\u00f3n y USD 15 millones en atenci\u00f3n a emergencias<\/strong>. \u201cEn Guayas estamos preparados para enfrentar la \u00e9poca invernal que se aproxima. Esta administraci\u00f3n no pone excusas, resolvemos problemas y respondemos con hechos\u201d, afirm\u00f3 Agui\u00f1aga.<\/p>\n<p style=\"text-align: justify\">Entre las acciones preventivas realizadas desde junio de 2025, destacan <strong>305 intervenciones en alcantarillas, puentes, v\u00edas y cuerpos de agua<\/strong>, as\u00ed como limpieza, desazolve y dragado. El plan contempla <strong>USD 35 millones en infraestructura<\/strong> y <strong>USD 22,8 millones en gesti\u00f3n productiva<\/strong>, destinados a proteger a agricultores, ganaderos y comunidades rurales.<\/p>\n<p style=\"text-align: justify\">Asimismo, se distribuir\u00e1n <strong>16.000 kits de Agua Segura<\/strong>, medicinas, implementos de fumigaci\u00f3n y desratizaci\u00f3n, y la <strong>Brigada M\u00f3vil Veterinaria<\/strong>. M\u00e1s de <strong>20.000 kits de alimentos<\/strong>, <strong>10.000 kits de dormir<\/strong> y el <strong>Bono Agr\u00edcola Solidario<\/strong> para 6.000 peque\u00f1os productores de arroz y ma\u00edz forman parte del esquema de apoyo. Adem\u00e1s, se han formado <strong>7 Comit\u00e9s Comunitarios de Gesti\u00f3n de Riesgos<\/strong> y se han realizado talleres de prevenci\u00f3n en los 25 municipios y 29 juntas parroquiales.<\/p>\n<p style=\"text-align: justify\">Para la etapa de respuesta, la provincia se ha dividido en <strong>tres zonas con frentes de trabajo simult\u00e1neos<\/strong>, priorizando la protecci\u00f3n de vidas, la recuperaci\u00f3n r\u00e1pida y la reconstrucci\u00f3n de infraestructura afectada. \u201cLa prevenci\u00f3n no es un gasto, es una inversi\u00f3n y un compromiso con la vida. En Guayas trabajamos para que nuestra gente mantenga su bienestar y sostenga la producci\u00f3n que mueve la econom\u00eda del Ecuador\u201d, agreg\u00f3 la prefecta.<\/p>\n","protected":false},"excerpt":{"rendered":"<p>NOTI-AMERICA.COM | ECUADOR. La prefecta del Guayas, Marcela Agui\u00f1aga, present\u00f3 este mi\u00e9rcoles el Plan de Acci\u00f3n Provincial por \u00c9poca Lluviosa y \u00c9poca Seca 2025-2026, un instrumento t\u00e9cnico-operativo dise\u00f1ado para fortalecer la prevenci\u00f3n, mitigaci\u00f3n y&#46;&#46;&#46;<\/p>\n","protected":false},"author":144,"featured_media":36271,"comment_status":"open","ping_status":"open","sticky":false,"template":"","format":"standard","meta":{"_acf_changed":false,"om_disable_all_campaigns":false,"rop_custom_images_group":[],"rop_custom_messages_group":[],"rop_publish_now":"initial","rop_publish_now_accounts":{"twitter_242054905_242054905":""},"rop_publish_now_history":[],"rop_publish_now_status":"pending","_uf_show_specific_survey":0,"_uf_disable_surveys":false,"footnotes":""},"categories":[1],"tags":[],"class_list":["post-36270","post","type-post","status-publish","format-standard","has-post-thumbnail","hentry","category-uncategorized"],"acf":[],"aioseo_notices":[],"yoast_head":"<!-- This site is optimized with the Yoast SEO Premium plugin v24.9 (Yoast SEO v27.2) - https:\/\/yoast.com\/product\/yoast-seo-premium-wordpress\/ -->\n<title>Guayas lanza plan integral ante \u00e9poca lluviosa y seca - Ecuador | Noti-America.com<\/title>\n<meta name=\"robots\" content=\"index, follow, max-snippet:-1, max-image-preview:large, max-video-preview:-1\" \/>\n<link rel=\"canonical\" href=\"https:\/\/noti-america.com\/site\/ecuador\/2025\/11\/20\/guayas-lanza-plan-integral-ante-epoca-lluviosa-y-seca\/\" \/>\n<meta property=\"og:locale\" content=\"es_ES\" \/>\n<meta property=\"og:type\" content=\"article\" \/>\n<meta property=\"og:title\" content=\"Guayas lanza plan integral ante \u00e9poca lluviosa y seca\" \/>\n<meta property=\"og:description\" content=\"NOTI-AMERICA.COM | ECUADOR. La prefecta del Guayas, Marcela Agui\u00f1aga, present\u00f3 este mi\u00e9rcoles el Plan de Acci\u00f3n Provincial por \u00c9poca Lluviosa y \u00c9poca Seca 2025-2026, un instrumento t\u00e9cnico-operativo dise\u00f1ado para fortalecer la prevenci\u00f3n, mitigaci\u00f3n y&#046;&#046;&#046;\" \/>\n<meta property=\"og:url\" content=\"https:\/\/noti-america.com\/site\/ecuador\/2025\/11\/20\/guayas-lanza-plan-integral-ante-epoca-lluviosa-y-seca\/\" \/>\n<meta property=\"og:site_name\" content=\"Ecuador | Noti-America.com\" \/>\n<meta property=\"article:published_time\" content=\"2025-11-20T01:26:51+00:00\" \/>\n<meta property=\"og:image\" content=\"https:\/\/noti-america.com\/site\/ecuador\/wp-content\/uploads\/sites\/18\/2025\/11\/20251119_102154-scaled.jpg\" \/>\n\t<meta property=\"og:image:width\" content=\"2560\" \/>\n\t<meta property=\"og:image:height\" content=\"1920\" \/>\n\t<meta property=\"og:image:type\" content=\"image\/jpeg\" \/>\n<meta name=\"author\" content=\"Henry Garrido\" \/>\n<meta name=\"twitter:card\" content=\"summary_large_image\" \/>\n<meta name=\"twitter:creator\" content=\"@notiamerica\" \/>\n<meta name=\"twitter:site\" content=\"@notiamerica\" \/>\n<meta name=\"twitter:label1\" content=\"Escrito por\" \/>\n\t<meta name=\"twitter:data1\" content=\"Henry Garrido\" \/>\n\t<meta name=\"twitter:label2\" content=\"Tiempo estimado de lectura\" \/>\n\t<meta name=\"twitter:data2\" content=\"2 minutos\" \/>\n<script type=\"application\/ld+json\" class=\"yoast-schema-graph\">{\"@context\":\"https:\/\/schema.org\",\"@graph\":[{\"@type\":\"Article\",\"@id\":\"https:\/\/noti-america.com\/site\/ecuador\/2025\/11\/20\/guayas-lanza-plan-integral-ante-epoca-lluviosa-y-seca\/#article\",\"isPartOf\":{\"@id\":\"https:\/\/noti-america.com\/site\/ecuador\/2025\/11\/20\/guayas-lanza-plan-integral-ante-epoca-lluviosa-y-seca\/\"},\"author\":{\"name\":\"Henry Garrido\",\"@id\":\"https:\/\/noti-america.com\/site\/ecuador\/#\/schema\/person\/00042412cfa9ecf98077f847ffadda4a\"},\"headline\":\"Guayas lanza plan integral ante \u00e9poca lluviosa y seca\",\"datePublished\":\"2025-11-20T01:26:51+00:00\",\"mainEntityOfPage\":{\"@id\":\"https:\/\/noti-america.com\/site\/ecuador\/2025\/11\/20\/guayas-lanza-plan-integral-ante-epoca-lluviosa-y-seca\/\"},\"wordCount\":334,\"commentCount\":0,\"publisher\":{\"@id\":\"https:\/\/noti-america.com\/site\/ecuador\/#organization\"},\"image\":{\"@id\":\"https:\/\/noti-america.com\/site\/ecuador\/2025\/11\/20\/guayas-lanza-plan-integral-ante-epoca-lluviosa-y-seca\/#primaryimage\"},\"thumbnailUrl\":\"https:\/\/noti-america.com\/site\/ecuador\/wp-content\/uploads\/sites\/18\/2025\/11\/20251119_102154-scaled.jpg\",\"articleSection\":[\"Uncategorized\"],\"inLanguage\":\"es\",\"potentialAction\":[{\"@type\":\"CommentAction\",\"name\":\"Comment\",\"target\":[\"https:\/\/noti-america.com\/site\/ecuador\/2025\/11\/20\/guayas-lanza-plan-integral-ante-epoca-lluviosa-y-seca\/#respond\"]}]},{\"@type\":\"WebPage\",\"@id\":\"https:\/\/noti-america.com\/site\/ecuador\/2025\/11\/20\/guayas-lanza-plan-integral-ante-epoca-lluviosa-y-seca\/\",\"url\":\"https:\/\/noti-america.com\/site\/ecuador\/2025\/11\/20\/guayas-lanza-plan-integral-ante-epoca-lluviosa-y-seca\/\",\"name\":\"Guayas lanza plan integral ante \u00e9poca lluviosa y seca - Ecuador | Noti-America.com\",\"isPartOf\":{\"@id\":\"https:\/\/noti-america.com\/site\/ecuador\/#website\"},\"primaryImageOfPage\":{\"@id\":\"https:\/\/noti-america.com\/site\/ecuador\/2025\/11\/20\/guayas-lanza-plan-integral-ante-epoca-lluviosa-y-seca\/#primaryimage\"},\"image\":{\"@id\":\"https:\/\/noti-america.com\/site\/ecuador\/2025\/11\/20\/guayas-lanza-plan-integral-ante-epoca-lluviosa-y-seca\/#primaryimage\"},\"thumbnailUrl\":\"https:\/\/noti-america.com\/site\/ecuador\/wp-content\/uploads\/sites\/18\/2025\/11\/20251119_102154-scaled.jpg\",\"datePublished\":\"2025-11-20T01:26:51+00:00\",\"breadcrumb\":{\"@id\":\"https:\/\/noti-america.com\/site\/ecuador\/2025\/11\/20\/guayas-lanza-plan-integral-ante-epoca-lluviosa-y-seca\/#breadcrumb\"},\"inLanguage\":\"es\",\"potentialAction\":[{\"@type\":\"ReadAction\",\"target\":[\"https:\/\/noti-america.com\/site\/ecuador\/2025\/11\/20\/guayas-lanza-plan-integral-ante-epoca-lluviosa-y-seca\/\"]}]},{\"@type\":\"ImageObject\",\"inLanguage\":\"es\",\"@id\":\"https:\/\/noti-america.com\/site\/ecuador\/2025\/11\/20\/guayas-lanza-plan-integral-ante-epoca-lluviosa-y-seca\/#primaryimage\",\"url\":\"https:\/\/noti-america.com\/site\/ecuador\/wp-content\/uploads\/sites\/18\/2025\/11\/20251119_102154-scaled.jpg\",\"contentUrl\":\"https:\/\/noti-america.com\/site\/ecuador\/wp-content\/uploads\/sites\/18\/2025\/11\/20251119_102154-scaled.jpg\",\"width\":2560,\"height\":1920},{\"@type\":\"BreadcrumbList\",\"@id\":\"https:\/\/noti-america.com\/site\/ecuador\/2025\/11\/20\/guayas-lanza-plan-integral-ante-epoca-lluviosa-y-seca\/#breadcrumb\",\"itemListElement\":[{\"@type\":\"ListItem\",\"position\":1,\"name\":\"Portada\",\"item\":\"https:\/\/noti-america.com\/site\/ecuador\/\"},{\"@type\":\"ListItem\",\"position\":2,\"name\":\"Guayas lanza plan integral ante \u00e9poca lluviosa y seca\"}]},{\"@type\":\"WebSite\",\"@id\":\"https:\/\/noti-america.com\/site\/ecuador\/#website\",\"url\":\"https:\/\/noti-america.com\/site\/ecuador\/\",\"name\":\"Ecuador | Noti-America.com\",\"description\":\"\",\"publisher\":{\"@id\":\"https:\/\/noti-america.com\/site\/ecuador\/#organization\"},\"potentialAction\":[{\"@type\":\"SearchAction\",\"target\":{\"@type\":\"EntryPoint\",\"urlTemplate\":\"https:\/\/noti-america.com\/site\/ecuador\/?s={search_term_string}\"},\"query-input\":{\"@type\":\"PropertyValueSpecification\",\"valueRequired\":true,\"valueName\":\"search_term_string\"}}],\"inLanguage\":\"es\"},{\"@type\":\"Organization\",\"@id\":\"https:\/\/noti-america.com\/site\/ecuador\/#organization\",\"name\":\"Noti-America LLC | Ecuador\",\"url\":\"https:\/\/noti-america.com\/site\/ecuador\/\",\"logo\":{\"@type\":\"ImageObject\",\"inLanguage\":\"es\",\"@id\":\"https:\/\/noti-america.com\/site\/ecuador\/#\/schema\/logo\/image\/\",\"url\":\"https:\/\/noti-america.com\/site\/ecuador\/wp-content\/uploads\/sites\/18\/2020\/07\/LogoNA-4x3-1.jpg\",\"contentUrl\":\"https:\/\/noti-america.com\/site\/ecuador\/wp-content\/uploads\/sites\/18\/2020\/07\/LogoNA-4x3-1.jpg\",\"width\":1236,\"height\":1080,\"caption\":\"Noti-America LLC | Ecuador\"},\"image\":{\"@id\":\"https:\/\/noti-america.com\/site\/ecuador\/#\/schema\/logo\/image\/\"},\"sameAs\":[\"https:\/\/x.com\/notiamerica\"]},{\"@type\":\"Person\",\"@id\":\"https:\/\/noti-america.com\/site\/ecuador\/#\/schema\/person\/00042412cfa9ecf98077f847ffadda4a\",\"name\":\"Henry Garrido\",\"image\":{\"@type\":\"ImageObject\",\"inLanguage\":\"es\",\"@id\":\"https:\/\/secure.gravatar.com\/avatar\/749ae5a1e6f22cf042f04b9f3f0a22732ae36970ccfd5c54a0a2ac3c4e1166ed?s=96&d=mm&r=g\",\"url\":\"https:\/\/secure.gravatar.com\/avatar\/749ae5a1e6f22cf042f04b9f3f0a22732ae36970ccfd5c54a0a2ac3c4e1166ed?s=96&d=mm&r=g\",\"contentUrl\":\"https:\/\/secure.gravatar.com\/avatar\/749ae5a1e6f22cf042f04b9f3f0a22732ae36970ccfd5c54a0a2ac3c4e1166ed?s=96&d=mm&r=g\",\"caption\":\"Henry Garrido\"},\"url\":\"https:\/\/noti-america.com\/site\/ecuador\/author\/hgarrido\/\"}]}<\/script>\n<!-- \/ Yoast SEO Premium plugin. -->","yoast_head_json":{"title":"Guayas lanza plan integral ante \u00e9poca lluviosa y seca - Ecuador | Noti-America.com","robots":{"index":"index","follow":"follow","max-snippet":"max-snippet:-1","max-image-preview":"max-image-preview:large","max-video-preview":"max-video-preview:-1"},"canonical":"https:\/\/noti-america.com\/site\/ecuador\/2025\/11\/20\/guayas-lanza-plan-integral-ante-epoca-lluviosa-y-seca\/","og_locale":"es_ES","og_type":"article","og_title":"Guayas lanza plan integral ante \u00e9poca lluviosa y seca","og_description":"NOTI-AMERICA.COM | ECUADOR. La prefecta del Guayas, Marcela Agui\u00f1aga, present\u00f3 este mi\u00e9rcoles el Plan de Acci\u00f3n Provincial por \u00c9poca Lluviosa y \u00c9poca Seca 2025-2026, un instrumento t\u00e9cnico-operativo dise\u00f1ado para fortalecer la prevenci\u00f3n, mitigaci\u00f3n y&#46;&#46;&#46;","og_url":"https:\/\/noti-america.com\/site\/ecuador\/2025\/11\/20\/guayas-lanza-plan-integral-ante-epoca-lluviosa-y-seca\/","og_site_name":"Ecuador | Noti-America.com","article_published_time":"2025-11-20T01:26:51+00:00","og_image":[{"width":2560,"height":1920,"url":"https:\/\/noti-america.com\/site\/ecuador\/wp-content\/uploads\/sites\/18\/2025\/11\/20251119_102154-scaled.jpg","type":"image\/jpeg"}],"author":"Henry Garrido","twitter_card":"summary_large_image","twitter_creator":"@notiamerica","twitter_site":"@notiamerica","twitter_misc":{"Escrito por":"Henry Garrido","Tiempo estimado de lectura":"2 minutos"},"schema":{"@context":"https:\/\/schema.org","@graph":[{"@type":"Article","@id":"https:\/\/noti-america.com\/site\/ecuador\/2025\/11\/20\/guayas-lanza-plan-integral-ante-epoca-lluviosa-y-seca\/#article","isPartOf":{"@id":"https:\/\/noti-america.com\/site\/ecuador\/2025\/11\/20\/guayas-lanza-plan-integral-ante-epoca-lluviosa-y-seca\/"},"author":{"name":"Henry Garrido","@id":"https:\/\/noti-america.com\/site\/ecuador\/#\/schema\/person\/00042412cfa9ecf98077f847ffadda4a"},"headline":"Guayas lanza plan integral ante \u00e9poca lluviosa y seca","datePublished":"2025-11-20T01:26:51+00:00","mainEntityOfPage":{"@id":"https:\/\/noti-america.com\/site\/ecuador\/2025\/11\/20\/guayas-lanza-plan-integral-ante-epoca-lluviosa-y-seca\/"},"wordCount":334,"commentCount":0,"publisher":{"@id":"https:\/\/noti-america.com\/site\/ecuador\/#organization"},"image":{"@id":"https:\/\/noti-america.com\/site\/ecuador\/2025\/11\/20\/guayas-lanza-plan-integral-ante-epoca-lluviosa-y-seca\/#primaryimage"},"thumbnailUrl":"https:\/\/noti-america.com\/site\/ecuador\/wp-content\/uploads\/sites\/18\/2025\/11\/20251119_102154-scaled.jpg","articleSection":["Uncategorized"],"inLanguage":"es","potentialAction":[{"@type":"CommentAction","name":"Comment","target":["https:\/\/noti-america.com\/site\/ecuador\/2025\/11\/20\/guayas-lanza-plan-integral-ante-epoca-lluviosa-y-seca\/#respond"]}]},{"@type":"WebPage","@id":"https:\/\/noti-america.com\/site\/ecuador\/2025\/11\/20\/guayas-lanza-plan-integral-ante-epoca-lluviosa-y-seca\/","url":"https:\/\/noti-america.com\/site\/ecuador\/2025\/11\/20\/guayas-lanza-plan-integral-ante-epoca-lluviosa-y-seca\/","name":"Guayas lanza plan integral ante \u00e9poca lluviosa y seca - Ecuador | Noti-America.com","isPartOf":{"@id":"https:\/\/noti-america.com\/site\/ecuador\/#website"},"primaryImageOfPage":{"@id":"https:\/\/noti-america.com\/site\/ecuador\/2025\/11\/20\/guayas-lanza-plan-integral-ante-epoca-lluviosa-y-seca\/#primaryimage"},"image":{"@id":"https:\/\/noti-america.com\/site\/ecuador\/2025\/11\/20\/guayas-lanza-plan-integral-ante-epoca-lluviosa-y-seca\/#primaryimage"},"thumbnailUrl":"https:\/\/noti-america.com\/site\/ecuador\/wp-content\/uploads\/sites\/18\/2025\/11\/20251119_102154-scaled.jpg","datePublished":"2025-11-20T01:26:51+00:00","breadcrumb":{"@id":"https:\/\/noti-america.com\/site\/ecuador\/2025\/11\/20\/guayas-lanza-plan-integral-ante-epoca-lluviosa-y-seca\/#breadcrumb"},"inLanguage":"es","potentialAction":[{"@type":"ReadAction","target":["https:\/\/noti-america.com\/site\/ecuador\/2025\/11\/20\/guayas-lanza-plan-integral-ante-epoca-lluviosa-y-seca\/"]}]},{"@type":"ImageObject","inLanguage":"es","@id":"https:\/\/noti-america.com\/site\/ecuador\/2025\/11\/20\/guayas-lanza-plan-integral-ante-epoca-lluviosa-y-seca\/#primaryimage","url":"https:\/\/noti-america.com\/site\/ecuador\/wp-content\/uploads\/sites\/18\/2025\/11\/20251119_102154-scaled.jpg","contentUrl":"https:\/\/noti-america.com\/site\/ecuador\/wp-content\/uploads\/sites\/18\/2025\/11\/20251119_102154-scaled.jpg","width":2560,"height":1920},{"@type":"BreadcrumbList","@id":"https:\/\/noti-america.com\/site\/ecuador\/2025\/11\/20\/guayas-lanza-plan-integral-ante-epoca-lluviosa-y-seca\/#breadcrumb","itemListElement":[{"@type":"ListItem","position":1,"name":"Portada","item":"https:\/\/noti-america.com\/site\/ecuador\/"},{"@type":"ListItem","position":2,"name":"Guayas lanza plan integral ante \u00e9poca lluviosa y seca"}]},{"@type":"WebSite","@id":"https:\/\/noti-america.com\/site\/ecuador\/#website","url":"https:\/\/noti-america.com\/site\/ecuador\/","name":"Ecuador | Noti-America.com","description":"","publisher":{"@id":"https:\/\/noti-america.com\/site\/ecuador\/#organization"},"potentialAction":[{"@type":"SearchAction","target":{"@type":"EntryPoint","urlTemplate":"https:\/\/noti-america.com\/site\/ecuador\/?s={search_term_string}"},"query-input":{"@type":"PropertyValueSpecification","valueRequired":true,"valueName":"search_term_string"}}],"inLanguage":"es"},{"@type":"Organization","@id":"https:\/\/noti-america.com\/site\/ecuador\/#organization","name":"Noti-America LLC | Ecuador","url":"https:\/\/noti-america.com\/site\/ecuador\/","logo":{"@type":"ImageObject","inLanguage":"es","@id":"https:\/\/noti-america.com\/site\/ecuador\/#\/schema\/logo\/image\/","url":"https:\/\/noti-america.com\/site\/ecuador\/wp-content\/uploads\/sites\/18\/2020\/07\/LogoNA-4x3-1.jpg","contentUrl":"https:\/\/noti-america.com\/site\/ecuador\/wp-content\/uploads\/sites\/18\/2020\/07\/LogoNA-4x3-1.jpg","width":1236,"height":1080,"caption":"Noti-America LLC | Ecuador"},"image":{"@id":"https:\/\/noti-america.com\/site\/ecuador\/#\/schema\/logo\/image\/"},"sameAs":["https:\/\/x.com\/notiamerica"]},{"@type":"Person","@id":"https:\/\/noti-america.com\/site\/ecuador\/#\/schema\/person\/00042412cfa9ecf98077f847ffadda4a","name":"Henry Garrido","image":{"@type":"ImageObject","inLanguage":"es","@id":"https:\/\/secure.gravatar.com\/avatar\/749ae5a1e6f22cf042f04b9f3f0a22732ae36970ccfd5c54a0a2ac3c4e1166ed?s=96&d=mm&r=g","url":"https:\/\/secure.gravatar.com\/avatar\/749ae5a1e6f22cf042f04b9f3f0a22732ae36970ccfd5c54a0a2ac3c4e1166ed?s=96&d=mm&r=g","contentUrl":"https:\/\/secure.gravatar.com\/avatar\/749ae5a1e6f22cf042f04b9f3f0a22732ae36970ccfd5c54a0a2ac3c4e1166ed?s=96&d=mm&r=g","caption":"Henry Garrido"},"url":"https:\/\/noti-america.com\/site\/ecuador\/author\/hgarrido\/"}]}},"_links":{"self":[{"href":"https:\/\/noti-america.com\/site\/ecuador\/wp-json\/wp\/v2\/posts\/36270","targetHints":{"allow":["GET"]}}],"collection":[{"href":"https:\/\/noti-america.com\/site\/ecuador\/wp-json\/wp\/v2\/posts"}],"about":[{"href":"https:\/\/noti-america.com\/site\/ecuador\/wp-json\/wp\/v2\/types\/post"}],"author":[{"embeddable":true,"href":"https:\/\/noti-america.com\/site\/ecuador\/wp-json\/wp\/v2\/users\/144"}],"replies":[{"embeddable":true,"href":"https:\/\/noti-america.com\/site\/ecuador\/wp-json\/wp\/v2\/comments?post=36270"}],"version-history":[{"count":2,"href":"https:\/\/noti-america.com\/site\/ecuador\/wp-json\/wp\/v2\/posts\/36270\/revisions"}],"predecessor-version":[{"id":36273,"href":"https:\/\/noti-america.com\/site\/ecuador\/wp-json\/wp\/v2\/posts\/36270\/revisions\/36273"}],"wp:featuredmedia":[{"embeddable":true,"href":"https:\/\/noti-america.com\/site\/ecuador\/wp-json\/wp\/v2\/media\/36271"}],"wp:attachment":[{"href":"https:\/\/noti-america.com\/site\/ecuador\/wp-json\/wp\/v2\/media?parent=36270"}],"wp:term":[{"taxonomy":"category","embeddable":true,"href":"https:\/\/noti-america.com\/site\/ecuador\/wp-json\/wp\/v2\/categories?post=36270"},{"taxonomy":"post_tag","embeddable":true,"href":"https:\/\/noti-america.com\/site\/ecuador\/wp-json\/wp\/v2\/tags?post=36270"}],"curies":[{"name":"wp","href":"https:\/\/api.w.org\/{rel}","templated":true}]}}