{"id":36252,"date":"2025-11-20T00:34:41","date_gmt":"2025-11-20T00:34:41","guid":{"rendered":"https:\/\/noti-america.com\/site\/ecuador\/?p=36252"},"modified":"2025-11-20T00:34:41","modified_gmt":"2025-11-20T00:34:41","slug":"consumidores-y-nuevas-generaciones-impulsan-la-moda-sostenible","status":"publish","type":"post","link":"https:\/\/noti-america.com\/site\/ecuador\/2025\/11\/20\/consumidores-y-nuevas-generaciones-impulsan-la-moda-sostenible\/","title":{"rendered":"Consumidores y nuevas generaciones impulsan la moda sostenible"},"content":{"rendered":"<p><strong>NOTI-AMERICA.COM | ECUADOR.<\/strong><\/p>\n<p style=\"text-align: justify\"><img loading=\"lazy\" decoding=\"async\" class=\"size-medium wp-image-36253 aligncenter\" src=\"https:\/\/noti-america.com\/site\/ecuador\/wp-content\/uploads\/sites\/18\/2025\/11\/IMG-20251119-WA0293-300x200.jpg\" alt=\"\" width=\"300\" height=\"200\" srcset=\"https:\/\/noti-america.com\/site\/ecuador\/wp-content\/uploads\/sites\/18\/2025\/11\/IMG-20251119-WA0293-300x200.jpg 300w, https:\/\/noti-america.com\/site\/ecuador\/wp-content\/uploads\/sites\/18\/2025\/11\/IMG-20251119-WA0293-1024x682.jpg 1024w, https:\/\/noti-america.com\/site\/ecuador\/wp-content\/uploads\/sites\/18\/2025\/11\/IMG-20251119-WA0293-768x512.jpg 768w, https:\/\/noti-america.com\/site\/ecuador\/wp-content\/uploads\/sites\/18\/2025\/11\/IMG-20251119-WA0293-1536x1023.jpg 1536w, https:\/\/noti-america.com\/site\/ecuador\/wp-content\/uploads\/sites\/18\/2025\/11\/IMG-20251119-WA0293-272x182.jpg 272w, https:\/\/noti-america.com\/site\/ecuador\/wp-content\/uploads\/sites\/18\/2025\/11\/IMG-20251119-WA0293.jpg 1600w\" sizes=\"auto, (max-width: 300px) 100vw, 300px\" \/>La moda sostenible se consolida como una tendencia global en expansi\u00f3n, y el consumidor se perfila como pieza clave de esta transformaci\u00f3n. Seg\u00fan Juan Ferrando, director del Grado en Dise\u00f1o de Moda de la Universidad Nebrija, \u201cel consumidor es el \u00faltimo eslab\u00f3n que har\u00e1 que el sistema de consumo se revierta hacia h\u00e1bitos m\u00e1s responsables\u201d.<\/p>\n<p style=\"text-align: justify\">La industria textil, responsable del 10 % de las emisiones de gases de efecto invernadero a nivel mundial, ha adoptado medidas como la Carta para la Acci\u00f3n Clim\u00e1tica en la Moda, que busca reducir en un 30 % las emisiones para 2030 y lograr cero emisiones netas antes de 2050. Entre las estrategias destacan el reciclaje de materiales, la reventa de prendas, el uso de energ\u00edas limpias, la producci\u00f3n \u00e9tica y el fomento de salarios dignos.<\/p>\n<p style=\"text-align: justify\">En Am\u00e9rica Latina, el movimiento sostenible crece, aunque persisten desaf\u00edos como la acumulaci\u00f3n de ropa desechada en zonas como el desierto de Atacama, en Chile. Ante este panorama, la Universidad Nebrija apuesta por formar profesionales conscientes a trav\u00e9s de su Grado en Dise\u00f1o de Moda, integrando teor\u00eda, debate y pr\u00e1cticas sostenibles que preparan a las nuevas generaciones para liderar la industria del futuro.<\/p>\n","protected":false},"excerpt":{"rendered":"<p>NOTI-AMERICA.COM | ECUADOR. La moda sostenible se consolida como una tendencia global en expansi\u00f3n, y el consumidor se perfila como pieza clave de esta transformaci\u00f3n. Seg\u00fan Juan Ferrando, director del Grado en Dise\u00f1o de&#46;&#46;&#46;<\/p>\n","protected":false},"author":144,"featured_media":36253,"comment_status":"open","ping_status":"open","sticky":false,"template":"","format":"standard","meta":{"_acf_changed":false,"om_disable_all_campaigns":false,"rop_custom_images_group":[],"rop_custom_messages_group":[],"rop_publish_now":"initial","rop_publish_now_accounts":{"twitter_242054905_242054905":""},"rop_publish_now_history":[],"rop_publish_now_status":"pending","_uf_show_specific_survey":0,"_uf_disable_surveys":false,"footnotes":""},"categories":[1],"tags":[],"class_list":["post-36252","post","type-post","status-publish","format-standard","has-post-thumbnail","hentry","category-uncategorized"],"acf":[],"aioseo_notices":[],"yoast_head":"<!-- This site is optimized with the Yoast SEO Premium plugin v24.9 (Yoast SEO v27.2) - https:\/\/yoast.com\/product\/yoast-seo-premium-wordpress\/ -->\n<title>Consumidores y nuevas generaciones impulsan la moda sostenible - Ecuador | Noti-America.com<\/title>\n<meta name=\"robots\" content=\"index, follow, max-snippet:-1, max-image-preview:large, max-video-preview:-1\" \/>\n<link rel=\"canonical\" href=\"https:\/\/noti-america.com\/site\/ecuador\/2025\/11\/20\/consumidores-y-nuevas-generaciones-impulsan-la-moda-sostenible\/\" \/>\n<meta property=\"og:locale\" content=\"es_ES\" \/>\n<meta property=\"og:type\" content=\"article\" \/>\n<meta property=\"og:title\" content=\"Consumidores y nuevas generaciones impulsan la moda sostenible\" \/>\n<meta property=\"og:description\" content=\"NOTI-AMERICA.COM | ECUADOR. La moda sostenible se consolida como una tendencia global en expansi\u00f3n, y el consumidor se perfila como pieza clave de esta transformaci\u00f3n. Seg\u00fan Juan Ferrando, director del Grado en Dise\u00f1o de&#046;&#046;&#046;\" \/>\n<meta property=\"og:url\" content=\"https:\/\/noti-america.com\/site\/ecuador\/2025\/11\/20\/consumidores-y-nuevas-generaciones-impulsan-la-moda-sostenible\/\" \/>\n<meta property=\"og:site_name\" content=\"Ecuador | Noti-America.com\" \/>\n<meta property=\"article:published_time\" content=\"2025-11-20T00:34:41+00:00\" \/>\n<meta property=\"og:image\" content=\"https:\/\/noti-america.com\/site\/ecuador\/wp-content\/uploads\/sites\/18\/2025\/11\/IMG-20251119-WA0293.jpg\" \/>\n\t<meta property=\"og:image:width\" content=\"1600\" \/>\n\t<meta property=\"og:image:height\" content=\"1066\" \/>\n\t<meta property=\"og:image:type\" content=\"image\/jpeg\" \/>\n<meta name=\"author\" content=\"Henry Garrido\" \/>\n<meta name=\"twitter:card\" content=\"summary_large_image\" \/>\n<meta name=\"twitter:creator\" content=\"@notiamerica\" \/>\n<meta name=\"twitter:site\" content=\"@notiamerica\" \/>\n<meta name=\"twitter:label1\" content=\"Escrito por\" \/>\n\t<meta name=\"twitter:data1\" content=\"Henry Garrido\" \/>\n\t<meta name=\"twitter:label2\" content=\"Tiempo estimado de lectura\" \/>\n\t<meta name=\"twitter:data2\" content=\"2 minutos\" \/>\n<script type=\"application\/ld+json\" class=\"yoast-schema-graph\">{\"@context\":\"https:\/\/schema.org\",\"@graph\":[{\"@type\":\"Article\",\"@id\":\"https:\/\/noti-america.com\/site\/ecuador\/2025\/11\/20\/consumidores-y-nuevas-generaciones-impulsan-la-moda-sostenible\/#article\",\"isPartOf\":{\"@id\":\"https:\/\/noti-america.com\/site\/ecuador\/2025\/11\/20\/consumidores-y-nuevas-generaciones-impulsan-la-moda-sostenible\/\"},\"author\":{\"name\":\"Henry Garrido\",\"@id\":\"https:\/\/noti-america.com\/site\/ecuador\/#\/schema\/person\/00042412cfa9ecf98077f847ffadda4a\"},\"headline\":\"Consumidores y nuevas generaciones impulsan la moda sostenible\",\"datePublished\":\"2025-11-20T00:34:41+00:00\",\"mainEntityOfPage\":{\"@id\":\"https:\/\/noti-america.com\/site\/ecuador\/2025\/11\/20\/consumidores-y-nuevas-generaciones-impulsan-la-moda-sostenible\/\"},\"wordCount\":217,\"commentCount\":0,\"publisher\":{\"@id\":\"https:\/\/noti-america.com\/site\/ecuador\/#organization\"},\"image\":{\"@id\":\"https:\/\/noti-america.com\/site\/ecuador\/2025\/11\/20\/consumidores-y-nuevas-generaciones-impulsan-la-moda-sostenible\/#primaryimage\"},\"thumbnailUrl\":\"https:\/\/noti-america.com\/site\/ecuador\/wp-content\/uploads\/sites\/18\/2025\/11\/IMG-20251119-WA0293.jpg\",\"articleSection\":[\"Uncategorized\"],\"inLanguage\":\"es\",\"potentialAction\":[{\"@type\":\"CommentAction\",\"name\":\"Comment\",\"target\":[\"https:\/\/noti-america.com\/site\/ecuador\/2025\/11\/20\/consumidores-y-nuevas-generaciones-impulsan-la-moda-sostenible\/#respond\"]}]},{\"@type\":\"WebPage\",\"@id\":\"https:\/\/noti-america.com\/site\/ecuador\/2025\/11\/20\/consumidores-y-nuevas-generaciones-impulsan-la-moda-sostenible\/\",\"url\":\"https:\/\/noti-america.com\/site\/ecuador\/2025\/11\/20\/consumidores-y-nuevas-generaciones-impulsan-la-moda-sostenible\/\",\"name\":\"Consumidores y nuevas generaciones impulsan la moda sostenible - Ecuador | Noti-America.com\",\"isPartOf\":{\"@id\":\"https:\/\/noti-america.com\/site\/ecuador\/#website\"},\"primaryImageOfPage\":{\"@id\":\"https:\/\/noti-america.com\/site\/ecuador\/2025\/11\/20\/consumidores-y-nuevas-generaciones-impulsan-la-moda-sostenible\/#primaryimage\"},\"image\":{\"@id\":\"https:\/\/noti-america.com\/site\/ecuador\/2025\/11\/20\/consumidores-y-nuevas-generaciones-impulsan-la-moda-sostenible\/#primaryimage\"},\"thumbnailUrl\":\"https:\/\/noti-america.com\/site\/ecuador\/wp-content\/uploads\/sites\/18\/2025\/11\/IMG-20251119-WA0293.jpg\",\"datePublished\":\"2025-11-20T00:34:41+00:00\",\"breadcrumb\":{\"@id\":\"https:\/\/noti-america.com\/site\/ecuador\/2025\/11\/20\/consumidores-y-nuevas-generaciones-impulsan-la-moda-sostenible\/#breadcrumb\"},\"inLanguage\":\"es\",\"potentialAction\":[{\"@type\":\"ReadAction\",\"target\":[\"https:\/\/noti-america.com\/site\/ecuador\/2025\/11\/20\/consumidores-y-nuevas-generaciones-impulsan-la-moda-sostenible\/\"]}]},{\"@type\":\"ImageObject\",\"inLanguage\":\"es\",\"@id\":\"https:\/\/noti-america.com\/site\/ecuador\/2025\/11\/20\/consumidores-y-nuevas-generaciones-impulsan-la-moda-sostenible\/#primaryimage\",\"url\":\"https:\/\/noti-america.com\/site\/ecuador\/wp-content\/uploads\/sites\/18\/2025\/11\/IMG-20251119-WA0293.jpg\",\"contentUrl\":\"https:\/\/noti-america.com\/site\/ecuador\/wp-content\/uploads\/sites\/18\/2025\/11\/IMG-20251119-WA0293.jpg\",\"width\":1600,\"height\":1066},{\"@type\":\"BreadcrumbList\",\"@id\":\"https:\/\/noti-america.com\/site\/ecuador\/2025\/11\/20\/consumidores-y-nuevas-generaciones-impulsan-la-moda-sostenible\/#breadcrumb\",\"itemListElement\":[{\"@type\":\"ListItem\",\"position\":1,\"name\":\"Portada\",\"item\":\"https:\/\/noti-america.com\/site\/ecuador\/\"},{\"@type\":\"ListItem\",\"position\":2,\"name\":\"Consumidores y nuevas generaciones impulsan la moda sostenible\"}]},{\"@type\":\"WebSite\",\"@id\":\"https:\/\/noti-america.com\/site\/ecuador\/#website\",\"url\":\"https:\/\/noti-america.com\/site\/ecuador\/\",\"name\":\"Ecuador | Noti-America.com\",\"description\":\"\",\"publisher\":{\"@id\":\"https:\/\/noti-america.com\/site\/ecuador\/#organization\"},\"potentialAction\":[{\"@type\":\"SearchAction\",\"target\":{\"@type\":\"EntryPoint\",\"urlTemplate\":\"https:\/\/noti-america.com\/site\/ecuador\/?s={search_term_string}\"},\"query-input\":{\"@type\":\"PropertyValueSpecification\",\"valueRequired\":true,\"valueName\":\"search_term_string\"}}],\"inLanguage\":\"es\"},{\"@type\":\"Organization\",\"@id\":\"https:\/\/noti-america.com\/site\/ecuador\/#organization\",\"name\":\"Noti-America LLC | Ecuador\",\"url\":\"https:\/\/noti-america.com\/site\/ecuador\/\",\"logo\":{\"@type\":\"ImageObject\",\"inLanguage\":\"es\",\"@id\":\"https:\/\/noti-america.com\/site\/ecuador\/#\/schema\/logo\/image\/\",\"url\":\"https:\/\/noti-america.com\/site\/ecuador\/wp-content\/uploads\/sites\/18\/2020\/07\/LogoNA-4x3-1.jpg\",\"contentUrl\":\"https:\/\/noti-america.com\/site\/ecuador\/wp-content\/uploads\/sites\/18\/2020\/07\/LogoNA-4x3-1.jpg\",\"width\":1236,\"height\":1080,\"caption\":\"Noti-America LLC | Ecuador\"},\"image\":{\"@id\":\"https:\/\/noti-america.com\/site\/ecuador\/#\/schema\/logo\/image\/\"},\"sameAs\":[\"https:\/\/x.com\/notiamerica\"]},{\"@type\":\"Person\",\"@id\":\"https:\/\/noti-america.com\/site\/ecuador\/#\/schema\/person\/00042412cfa9ecf98077f847ffadda4a\",\"name\":\"Henry Garrido\",\"image\":{\"@type\":\"ImageObject\",\"inLanguage\":\"es\",\"@id\":\"https:\/\/secure.gravatar.com\/avatar\/749ae5a1e6f22cf042f04b9f3f0a22732ae36970ccfd5c54a0a2ac3c4e1166ed?s=96&d=mm&r=g\",\"url\":\"https:\/\/secure.gravatar.com\/avatar\/749ae5a1e6f22cf042f04b9f3f0a22732ae36970ccfd5c54a0a2ac3c4e1166ed?s=96&d=mm&r=g\",\"contentUrl\":\"https:\/\/secure.gravatar.com\/avatar\/749ae5a1e6f22cf042f04b9f3f0a22732ae36970ccfd5c54a0a2ac3c4e1166ed?s=96&d=mm&r=g\",\"caption\":\"Henry Garrido\"},\"url\":\"https:\/\/noti-america.com\/site\/ecuador\/author\/hgarrido\/\"}]}<\/script>\n<!-- \/ Yoast SEO Premium plugin. -->","yoast_head_json":{"title":"Consumidores y nuevas generaciones impulsan la moda sostenible - Ecuador | Noti-America.com","robots":{"index":"index","follow":"follow","max-snippet":"max-snippet:-1","max-image-preview":"max-image-preview:large","max-video-preview":"max-video-preview:-1"},"canonical":"https:\/\/noti-america.com\/site\/ecuador\/2025\/11\/20\/consumidores-y-nuevas-generaciones-impulsan-la-moda-sostenible\/","og_locale":"es_ES","og_type":"article","og_title":"Consumidores y nuevas generaciones impulsan la moda sostenible","og_description":"NOTI-AMERICA.COM | ECUADOR. La moda sostenible se consolida como una tendencia global en expansi\u00f3n, y el consumidor se perfila como pieza clave de esta transformaci\u00f3n. Seg\u00fan Juan Ferrando, director del Grado en Dise\u00f1o de&#46;&#46;&#46;","og_url":"https:\/\/noti-america.com\/site\/ecuador\/2025\/11\/20\/consumidores-y-nuevas-generaciones-impulsan-la-moda-sostenible\/","og_site_name":"Ecuador | Noti-America.com","article_published_time":"2025-11-20T00:34:41+00:00","og_image":[{"width":1600,"height":1066,"url":"https:\/\/noti-america.com\/site\/ecuador\/wp-content\/uploads\/sites\/18\/2025\/11\/IMG-20251119-WA0293.jpg","type":"image\/jpeg"}],"author":"Henry Garrido","twitter_card":"summary_large_image","twitter_creator":"@notiamerica","twitter_site":"@notiamerica","twitter_misc":{"Escrito por":"Henry Garrido","Tiempo estimado de lectura":"2 minutos"},"schema":{"@context":"https:\/\/schema.org","@graph":[{"@type":"Article","@id":"https:\/\/noti-america.com\/site\/ecuador\/2025\/11\/20\/consumidores-y-nuevas-generaciones-impulsan-la-moda-sostenible\/#article","isPartOf":{"@id":"https:\/\/noti-america.com\/site\/ecuador\/2025\/11\/20\/consumidores-y-nuevas-generaciones-impulsan-la-moda-sostenible\/"},"author":{"name":"Henry Garrido","@id":"https:\/\/noti-america.com\/site\/ecuador\/#\/schema\/person\/00042412cfa9ecf98077f847ffadda4a"},"headline":"Consumidores y nuevas generaciones impulsan la moda sostenible","datePublished":"2025-11-20T00:34:41+00:00","mainEntityOfPage":{"@id":"https:\/\/noti-america.com\/site\/ecuador\/2025\/11\/20\/consumidores-y-nuevas-generaciones-impulsan-la-moda-sostenible\/"},"wordCount":217,"commentCount":0,"publisher":{"@id":"https:\/\/noti-america.com\/site\/ecuador\/#organization"},"image":{"@id":"https:\/\/noti-america.com\/site\/ecuador\/2025\/11\/20\/consumidores-y-nuevas-generaciones-impulsan-la-moda-sostenible\/#primaryimage"},"thumbnailUrl":"https:\/\/noti-america.com\/site\/ecuador\/wp-content\/uploads\/sites\/18\/2025\/11\/IMG-20251119-WA0293.jpg","articleSection":["Uncategorized"],"inLanguage":"es","potentialAction":[{"@type":"CommentAction","name":"Comment","target":["https:\/\/noti-america.com\/site\/ecuador\/2025\/11\/20\/consumidores-y-nuevas-generaciones-impulsan-la-moda-sostenible\/#respond"]}]},{"@type":"WebPage","@id":"https:\/\/noti-america.com\/site\/ecuador\/2025\/11\/20\/consumidores-y-nuevas-generaciones-impulsan-la-moda-sostenible\/","url":"https:\/\/noti-america.com\/site\/ecuador\/2025\/11\/20\/consumidores-y-nuevas-generaciones-impulsan-la-moda-sostenible\/","name":"Consumidores y nuevas generaciones impulsan la moda sostenible - Ecuador | Noti-America.com","isPartOf":{"@id":"https:\/\/noti-america.com\/site\/ecuador\/#website"},"primaryImageOfPage":{"@id":"https:\/\/noti-america.com\/site\/ecuador\/2025\/11\/20\/consumidores-y-nuevas-generaciones-impulsan-la-moda-sostenible\/#primaryimage"},"image":{"@id":"https:\/\/noti-america.com\/site\/ecuador\/2025\/11\/20\/consumidores-y-nuevas-generaciones-impulsan-la-moda-sostenible\/#primaryimage"},"thumbnailUrl":"https:\/\/noti-america.com\/site\/ecuador\/wp-content\/uploads\/sites\/18\/2025\/11\/IMG-20251119-WA0293.jpg","datePublished":"2025-11-20T00:34:41+00:00","breadcrumb":{"@id":"https:\/\/noti-america.com\/site\/ecuador\/2025\/11\/20\/consumidores-y-nuevas-generaciones-impulsan-la-moda-sostenible\/#breadcrumb"},"inLanguage":"es","potentialAction":[{"@type":"ReadAction","target":["https:\/\/noti-america.com\/site\/ecuador\/2025\/11\/20\/consumidores-y-nuevas-generaciones-impulsan-la-moda-sostenible\/"]}]},{"@type":"ImageObject","inLanguage":"es","@id":"https:\/\/noti-america.com\/site\/ecuador\/2025\/11\/20\/consumidores-y-nuevas-generaciones-impulsan-la-moda-sostenible\/#primaryimage","url":"https:\/\/noti-america.com\/site\/ecuador\/wp-content\/uploads\/sites\/18\/2025\/11\/IMG-20251119-WA0293.jpg","contentUrl":"https:\/\/noti-america.com\/site\/ecuador\/wp-content\/uploads\/sites\/18\/2025\/11\/IMG-20251119-WA0293.jpg","width":1600,"height":1066},{"@type":"BreadcrumbList","@id":"https:\/\/noti-america.com\/site\/ecuador\/2025\/11\/20\/consumidores-y-nuevas-generaciones-impulsan-la-moda-sostenible\/#breadcrumb","itemListElement":[{"@type":"ListItem","position":1,"name":"Portada","item":"https:\/\/noti-america.com\/site\/ecuador\/"},{"@type":"ListItem","position":2,"name":"Consumidores y nuevas generaciones impulsan la moda sostenible"}]},{"@type":"WebSite","@id":"https:\/\/noti-america.com\/site\/ecuador\/#website","url":"https:\/\/noti-america.com\/site\/ecuador\/","name":"Ecuador | Noti-America.com","description":"","publisher":{"@id":"https:\/\/noti-america.com\/site\/ecuador\/#organization"},"potentialAction":[{"@type":"SearchAction","target":{"@type":"EntryPoint","urlTemplate":"https:\/\/noti-america.com\/site\/ecuador\/?s={search_term_string}"},"query-input":{"@type":"PropertyValueSpecification","valueRequired":true,"valueName":"search_term_string"}}],"inLanguage":"es"},{"@type":"Organization","@id":"https:\/\/noti-america.com\/site\/ecuador\/#organization","name":"Noti-America LLC | Ecuador","url":"https:\/\/noti-america.com\/site\/ecuador\/","logo":{"@type":"ImageObject","inLanguage":"es","@id":"https:\/\/noti-america.com\/site\/ecuador\/#\/schema\/logo\/image\/","url":"https:\/\/noti-america.com\/site\/ecuador\/wp-content\/uploads\/sites\/18\/2020\/07\/LogoNA-4x3-1.jpg","contentUrl":"https:\/\/noti-america.com\/site\/ecuador\/wp-content\/uploads\/sites\/18\/2020\/07\/LogoNA-4x3-1.jpg","width":1236,"height":1080,"caption":"Noti-America LLC | Ecuador"},"image":{"@id":"https:\/\/noti-america.com\/site\/ecuador\/#\/schema\/logo\/image\/"},"sameAs":["https:\/\/x.com\/notiamerica"]},{"@type":"Person","@id":"https:\/\/noti-america.com\/site\/ecuador\/#\/schema\/person\/00042412cfa9ecf98077f847ffadda4a","name":"Henry Garrido","image":{"@type":"ImageObject","inLanguage":"es","@id":"https:\/\/secure.gravatar.com\/avatar\/749ae5a1e6f22cf042f04b9f3f0a22732ae36970ccfd5c54a0a2ac3c4e1166ed?s=96&d=mm&r=g","url":"https:\/\/secure.gravatar.com\/avatar\/749ae5a1e6f22cf042f04b9f3f0a22732ae36970ccfd5c54a0a2ac3c4e1166ed?s=96&d=mm&r=g","contentUrl":"https:\/\/secure.gravatar.com\/avatar\/749ae5a1e6f22cf042f04b9f3f0a22732ae36970ccfd5c54a0a2ac3c4e1166ed?s=96&d=mm&r=g","caption":"Henry Garrido"},"url":"https:\/\/noti-america.com\/site\/ecuador\/author\/hgarrido\/"}]}},"_links":{"self":[{"href":"https:\/\/noti-america.com\/site\/ecuador\/wp-json\/wp\/v2\/posts\/36252","targetHints":{"allow":["GET"]}}],"collection":[{"href":"https:\/\/noti-america.com\/site\/ecuador\/wp-json\/wp\/v2\/posts"}],"about":[{"href":"https:\/\/noti-america.com\/site\/ecuador\/wp-json\/wp\/v2\/types\/post"}],"author":[{"embeddable":true,"href":"https:\/\/noti-america.com\/site\/ecuador\/wp-json\/wp\/v2\/users\/144"}],"replies":[{"embeddable":true,"href":"https:\/\/noti-america.com\/site\/ecuador\/wp-json\/wp\/v2\/comments?post=36252"}],"version-history":[{"count":2,"href":"https:\/\/noti-america.com\/site\/ecuador\/wp-json\/wp\/v2\/posts\/36252\/revisions"}],"predecessor-version":[{"id":36255,"href":"https:\/\/noti-america.com\/site\/ecuador\/wp-json\/wp\/v2\/posts\/36252\/revisions\/36255"}],"wp:featuredmedia":[{"embeddable":true,"href":"https:\/\/noti-america.com\/site\/ecuador\/wp-json\/wp\/v2\/media\/36253"}],"wp:attachment":[{"href":"https:\/\/noti-america.com\/site\/ecuador\/wp-json\/wp\/v2\/media?parent=36252"}],"wp:term":[{"taxonomy":"category","embeddable":true,"href":"https:\/\/noti-america.com\/site\/ecuador\/wp-json\/wp\/v2\/categories?post=36252"},{"taxonomy":"post_tag","embeddable":true,"href":"https:\/\/noti-america.com\/site\/ecuador\/wp-json\/wp\/v2\/tags?post=36252"}],"curies":[{"name":"wp","href":"https:\/\/api.w.org\/{rel}","templated":true}]}}