{"id":36216,"date":"2025-11-14T21:12:00","date_gmt":"2025-11-14T21:12:00","guid":{"rendered":"https:\/\/noti-america.com\/site\/ecuador\/?p=36216"},"modified":"2025-11-14T21:12:00","modified_gmt":"2025-11-14T21:12:00","slug":"caf-y-banco-internacional-s-a-apuestan-por-desarrollo-sostenible","status":"publish","type":"post","link":"https:\/\/noti-america.com\/site\/ecuador\/2025\/11\/14\/caf-y-banco-internacional-s-a-apuestan-por-desarrollo-sostenible\/","title":{"rendered":"CAF y Banco Internacional S.A. apuestan por desarrollo sostenible"},"content":{"rendered":"<p><strong>NOTI-AMERICA.COM | ECUADOR.<\/strong><\/p>\n<p style=\"text-align: justify\"><img loading=\"lazy\" decoding=\"async\" class=\"size-medium wp-image-36217 aligncenter\" src=\"https:\/\/noti-america.com\/site\/ecuador\/wp-content\/uploads\/sites\/18\/2025\/11\/IMG-20251114-WA0398-280x300.jpg\" alt=\"\" width=\"280\" height=\"300\" srcset=\"https:\/\/noti-america.com\/site\/ecuador\/wp-content\/uploads\/sites\/18\/2025\/11\/IMG-20251114-WA0398-280x300.jpg 280w, https:\/\/noti-america.com\/site\/ecuador\/wp-content\/uploads\/sites\/18\/2025\/11\/IMG-20251114-WA0398-956x1024.jpg 956w, https:\/\/noti-america.com\/site\/ecuador\/wp-content\/uploads\/sites\/18\/2025\/11\/IMG-20251114-WA0398-768x823.jpg 768w, https:\/\/noti-america.com\/site\/ecuador\/wp-content\/uploads\/sites\/18\/2025\/11\/IMG-20251114-WA0398-1433x1536.jpg 1433w, https:\/\/noti-america.com\/site\/ecuador\/wp-content\/uploads\/sites\/18\/2025\/11\/IMG-20251114-WA0398.jpg 1493w\" sizes=\"auto, (max-width: 280px) 100vw, 280px\" \/>El Banco de Desarrollo de Am\u00e9rica Latina y el Caribe (CAF) lider\u00f3 la estructuraci\u00f3n y sindicaci\u00f3n de un pr\u00e9stamo A\/B por $75 millones para Banco Internacional S.A., con el objetivo de impulsar el crecimiento inclusivo y sostenible del sector productivo ecuatoriano.<\/p>\n<p style=\"text-align: justify\">Los recursos se destinar\u00e1n principalmente a financiar PYMEs lideradas por mujeres y proyectos de sostenibilidad ambiental, reforzando la estrategia de CAF de promover empleo, producci\u00f3n sostenible y competitividad empresarial. La operaci\u00f3n moviliz\u00f3 $60 millones adicionales de seis entidades financieras internacionales, logrando una ratio de movilizaci\u00f3n de 4:1, lo que evidencia la capacidad de atraer capital privado hacia sectores estrat\u00e9gicos.<\/p>\n<p style=\"text-align: justify\">Antonio Silveira, Vicepresidente de Sector Privado de CAF, resalt\u00f3: \u201cAl canalizar recursos hacia empresas lideradas por mujeres y proyectos verdes, demostramos que es posible promover simult\u00e1neamente inclusi\u00f3n social y sostenibilidad ambiental.\u201d<\/p>\n<p style=\"text-align: justify\">Por su parte, Francisco Naranjo Mart\u00ednez, Presidente Ejecutivo de Banco Internacional, subray\u00f3 la relevancia de esta alianza: \u201cNos permite seguir contribuyendo al desarrollo econ\u00f3mico del pa\u00eds, con especial enfoque en las PYMEs, fortaleciendo nuestra posici\u00f3n de liderazgo en el financiamiento del sector productivo.\u201d<\/p>\n<p style=\"text-align: justify\">Esta operaci\u00f3n representa un hito para Banco Internacional S.A., al ser su primera participaci\u00f3n en una estructura A\/B con CAF, y refuerza la visi\u00f3n compartida de desarrollo inclusivo y sostenible, canalizando recursos hacia proyectos con alto impacto social y ambiental en Ecuador.<\/p>\n","protected":false},"excerpt":{"rendered":"<p>NOTI-AMERICA.COM | ECUADOR. El Banco de Desarrollo de Am\u00e9rica Latina y el Caribe (CAF) lider\u00f3 la estructuraci\u00f3n y sindicaci\u00f3n de un pr\u00e9stamo A\/B por $75 millones para Banco Internacional S.A., con el objetivo de&#46;&#46;&#46;<\/p>\n","protected":false},"author":144,"featured_media":36217,"comment_status":"open","ping_status":"open","sticky":false,"template":"","format":"standard","meta":{"_acf_changed":false,"om_disable_all_campaigns":false,"rop_custom_images_group":[],"rop_custom_messages_group":[],"rop_publish_now":"initial","rop_publish_now_accounts":{"twitter_242054905_242054905":""},"rop_publish_now_history":[],"rop_publish_now_status":"pending","_uf_show_specific_survey":0,"_uf_disable_surveys":false,"footnotes":""},"categories":[1],"tags":[],"class_list":["post-36216","post","type-post","status-publish","format-standard","has-post-thumbnail","hentry","category-uncategorized"],"acf":[],"aioseo_notices":[],"yoast_head":"<!-- This site is optimized with the Yoast SEO Premium plugin v24.9 (Yoast SEO v27.2) - https:\/\/yoast.com\/product\/yoast-seo-premium-wordpress\/ -->\n<title>CAF y Banco Internacional S.A. apuestan por desarrollo sostenible - Ecuador | Noti-America.com<\/title>\n<meta name=\"robots\" content=\"index, follow, max-snippet:-1, max-image-preview:large, max-video-preview:-1\" \/>\n<link rel=\"canonical\" href=\"https:\/\/noti-america.com\/site\/ecuador\/2025\/11\/14\/caf-y-banco-internacional-s-a-apuestan-por-desarrollo-sostenible\/\" \/>\n<meta property=\"og:locale\" content=\"es_ES\" \/>\n<meta property=\"og:type\" content=\"article\" \/>\n<meta property=\"og:title\" content=\"CAF y Banco Internacional S.A. apuestan por desarrollo sostenible\" \/>\n<meta property=\"og:description\" content=\"NOTI-AMERICA.COM | ECUADOR. El Banco de Desarrollo de Am\u00e9rica Latina y el Caribe (CAF) lider\u00f3 la estructuraci\u00f3n y sindicaci\u00f3n de un pr\u00e9stamo A\/B por $75 millones para Banco Internacional S.A., con el objetivo de&#046;&#046;&#046;\" \/>\n<meta property=\"og:url\" content=\"https:\/\/noti-america.com\/site\/ecuador\/2025\/11\/14\/caf-y-banco-internacional-s-a-apuestan-por-desarrollo-sostenible\/\" \/>\n<meta property=\"og:site_name\" content=\"Ecuador | Noti-America.com\" \/>\n<meta property=\"article:published_time\" content=\"2025-11-14T21:12:00+00:00\" \/>\n<meta property=\"og:image\" content=\"https:\/\/noti-america.com\/site\/ecuador\/wp-content\/uploads\/sites\/18\/2025\/11\/IMG-20251114-WA0398.jpg\" \/>\n\t<meta property=\"og:image:width\" content=\"1493\" \/>\n\t<meta property=\"og:image:height\" content=\"1600\" \/>\n\t<meta property=\"og:image:type\" content=\"image\/jpeg\" \/>\n<meta name=\"author\" content=\"Henry Garrido\" \/>\n<meta name=\"twitter:card\" content=\"summary_large_image\" \/>\n<meta name=\"twitter:creator\" content=\"@notiamerica\" \/>\n<meta name=\"twitter:site\" content=\"@notiamerica\" \/>\n<meta name=\"twitter:label1\" content=\"Escrito por\" \/>\n\t<meta name=\"twitter:data1\" content=\"Henry Garrido\" \/>\n\t<meta name=\"twitter:label2\" content=\"Tiempo estimado de lectura\" \/>\n\t<meta name=\"twitter:data2\" content=\"2 minutos\" \/>\n<script type=\"application\/ld+json\" class=\"yoast-schema-graph\">{\"@context\":\"https:\/\/schema.org\",\"@graph\":[{\"@type\":\"Article\",\"@id\":\"https:\/\/noti-america.com\/site\/ecuador\/2025\/11\/14\/caf-y-banco-internacional-s-a-apuestan-por-desarrollo-sostenible\/#article\",\"isPartOf\":{\"@id\":\"https:\/\/noti-america.com\/site\/ecuador\/2025\/11\/14\/caf-y-banco-internacional-s-a-apuestan-por-desarrollo-sostenible\/\"},\"author\":{\"name\":\"Henry Garrido\",\"@id\":\"https:\/\/noti-america.com\/site\/ecuador\/#\/schema\/person\/00042412cfa9ecf98077f847ffadda4a\"},\"headline\":\"CAF y Banco Internacional S.A. apuestan por desarrollo sostenible\",\"datePublished\":\"2025-11-14T21:12:00+00:00\",\"mainEntityOfPage\":{\"@id\":\"https:\/\/noti-america.com\/site\/ecuador\/2025\/11\/14\/caf-y-banco-internacional-s-a-apuestan-por-desarrollo-sostenible\/\"},\"wordCount\":248,\"commentCount\":0,\"publisher\":{\"@id\":\"https:\/\/noti-america.com\/site\/ecuador\/#organization\"},\"image\":{\"@id\":\"https:\/\/noti-america.com\/site\/ecuador\/2025\/11\/14\/caf-y-banco-internacional-s-a-apuestan-por-desarrollo-sostenible\/#primaryimage\"},\"thumbnailUrl\":\"https:\/\/noti-america.com\/site\/ecuador\/wp-content\/uploads\/sites\/18\/2025\/11\/IMG-20251114-WA0398.jpg\",\"articleSection\":[\"Uncategorized\"],\"inLanguage\":\"es\",\"potentialAction\":[{\"@type\":\"CommentAction\",\"name\":\"Comment\",\"target\":[\"https:\/\/noti-america.com\/site\/ecuador\/2025\/11\/14\/caf-y-banco-internacional-s-a-apuestan-por-desarrollo-sostenible\/#respond\"]}]},{\"@type\":\"WebPage\",\"@id\":\"https:\/\/noti-america.com\/site\/ecuador\/2025\/11\/14\/caf-y-banco-internacional-s-a-apuestan-por-desarrollo-sostenible\/\",\"url\":\"https:\/\/noti-america.com\/site\/ecuador\/2025\/11\/14\/caf-y-banco-internacional-s-a-apuestan-por-desarrollo-sostenible\/\",\"name\":\"CAF y Banco Internacional S.A. apuestan por desarrollo sostenible - Ecuador | Noti-America.com\",\"isPartOf\":{\"@id\":\"https:\/\/noti-america.com\/site\/ecuador\/#website\"},\"primaryImageOfPage\":{\"@id\":\"https:\/\/noti-america.com\/site\/ecuador\/2025\/11\/14\/caf-y-banco-internacional-s-a-apuestan-por-desarrollo-sostenible\/#primaryimage\"},\"image\":{\"@id\":\"https:\/\/noti-america.com\/site\/ecuador\/2025\/11\/14\/caf-y-banco-internacional-s-a-apuestan-por-desarrollo-sostenible\/#primaryimage\"},\"thumbnailUrl\":\"https:\/\/noti-america.com\/site\/ecuador\/wp-content\/uploads\/sites\/18\/2025\/11\/IMG-20251114-WA0398.jpg\",\"datePublished\":\"2025-11-14T21:12:00+00:00\",\"breadcrumb\":{\"@id\":\"https:\/\/noti-america.com\/site\/ecuador\/2025\/11\/14\/caf-y-banco-internacional-s-a-apuestan-por-desarrollo-sostenible\/#breadcrumb\"},\"inLanguage\":\"es\",\"potentialAction\":[{\"@type\":\"ReadAction\",\"target\":[\"https:\/\/noti-america.com\/site\/ecuador\/2025\/11\/14\/caf-y-banco-internacional-s-a-apuestan-por-desarrollo-sostenible\/\"]}]},{\"@type\":\"ImageObject\",\"inLanguage\":\"es\",\"@id\":\"https:\/\/noti-america.com\/site\/ecuador\/2025\/11\/14\/caf-y-banco-internacional-s-a-apuestan-por-desarrollo-sostenible\/#primaryimage\",\"url\":\"https:\/\/noti-america.com\/site\/ecuador\/wp-content\/uploads\/sites\/18\/2025\/11\/IMG-20251114-WA0398.jpg\",\"contentUrl\":\"https:\/\/noti-america.com\/site\/ecuador\/wp-content\/uploads\/sites\/18\/2025\/11\/IMG-20251114-WA0398.jpg\",\"width\":1493,\"height\":1600},{\"@type\":\"BreadcrumbList\",\"@id\":\"https:\/\/noti-america.com\/site\/ecuador\/2025\/11\/14\/caf-y-banco-internacional-s-a-apuestan-por-desarrollo-sostenible\/#breadcrumb\",\"itemListElement\":[{\"@type\":\"ListItem\",\"position\":1,\"name\":\"Portada\",\"item\":\"https:\/\/noti-america.com\/site\/ecuador\/\"},{\"@type\":\"ListItem\",\"position\":2,\"name\":\"CAF y Banco Internacional S.A. apuestan por desarrollo sostenible\"}]},{\"@type\":\"WebSite\",\"@id\":\"https:\/\/noti-america.com\/site\/ecuador\/#website\",\"url\":\"https:\/\/noti-america.com\/site\/ecuador\/\",\"name\":\"Ecuador | Noti-America.com\",\"description\":\"\",\"publisher\":{\"@id\":\"https:\/\/noti-america.com\/site\/ecuador\/#organization\"},\"potentialAction\":[{\"@type\":\"SearchAction\",\"target\":{\"@type\":\"EntryPoint\",\"urlTemplate\":\"https:\/\/noti-america.com\/site\/ecuador\/?s={search_term_string}\"},\"query-input\":{\"@type\":\"PropertyValueSpecification\",\"valueRequired\":true,\"valueName\":\"search_term_string\"}}],\"inLanguage\":\"es\"},{\"@type\":\"Organization\",\"@id\":\"https:\/\/noti-america.com\/site\/ecuador\/#organization\",\"name\":\"Noti-America LLC | Ecuador\",\"url\":\"https:\/\/noti-america.com\/site\/ecuador\/\",\"logo\":{\"@type\":\"ImageObject\",\"inLanguage\":\"es\",\"@id\":\"https:\/\/noti-america.com\/site\/ecuador\/#\/schema\/logo\/image\/\",\"url\":\"https:\/\/noti-america.com\/site\/ecuador\/wp-content\/uploads\/sites\/18\/2020\/07\/LogoNA-4x3-1.jpg\",\"contentUrl\":\"https:\/\/noti-america.com\/site\/ecuador\/wp-content\/uploads\/sites\/18\/2020\/07\/LogoNA-4x3-1.jpg\",\"width\":1236,\"height\":1080,\"caption\":\"Noti-America LLC | Ecuador\"},\"image\":{\"@id\":\"https:\/\/noti-america.com\/site\/ecuador\/#\/schema\/logo\/image\/\"},\"sameAs\":[\"https:\/\/x.com\/notiamerica\"]},{\"@type\":\"Person\",\"@id\":\"https:\/\/noti-america.com\/site\/ecuador\/#\/schema\/person\/00042412cfa9ecf98077f847ffadda4a\",\"name\":\"Henry Garrido\",\"image\":{\"@type\":\"ImageObject\",\"inLanguage\":\"es\",\"@id\":\"https:\/\/secure.gravatar.com\/avatar\/749ae5a1e6f22cf042f04b9f3f0a22732ae36970ccfd5c54a0a2ac3c4e1166ed?s=96&d=mm&r=g\",\"url\":\"https:\/\/secure.gravatar.com\/avatar\/749ae5a1e6f22cf042f04b9f3f0a22732ae36970ccfd5c54a0a2ac3c4e1166ed?s=96&d=mm&r=g\",\"contentUrl\":\"https:\/\/secure.gravatar.com\/avatar\/749ae5a1e6f22cf042f04b9f3f0a22732ae36970ccfd5c54a0a2ac3c4e1166ed?s=96&d=mm&r=g\",\"caption\":\"Henry Garrido\"},\"url\":\"https:\/\/noti-america.com\/site\/ecuador\/author\/hgarrido\/\"}]}<\/script>\n<!-- \/ Yoast SEO Premium plugin. -->","yoast_head_json":{"title":"CAF y Banco Internacional S.A. apuestan por desarrollo sostenible - Ecuador | Noti-America.com","robots":{"index":"index","follow":"follow","max-snippet":"max-snippet:-1","max-image-preview":"max-image-preview:large","max-video-preview":"max-video-preview:-1"},"canonical":"https:\/\/noti-america.com\/site\/ecuador\/2025\/11\/14\/caf-y-banco-internacional-s-a-apuestan-por-desarrollo-sostenible\/","og_locale":"es_ES","og_type":"article","og_title":"CAF y Banco Internacional S.A. apuestan por desarrollo sostenible","og_description":"NOTI-AMERICA.COM | ECUADOR. El Banco de Desarrollo de Am\u00e9rica Latina y el Caribe (CAF) lider\u00f3 la estructuraci\u00f3n y sindicaci\u00f3n de un pr\u00e9stamo A\/B por $75 millones para Banco Internacional S.A., con el objetivo de&#46;&#46;&#46;","og_url":"https:\/\/noti-america.com\/site\/ecuador\/2025\/11\/14\/caf-y-banco-internacional-s-a-apuestan-por-desarrollo-sostenible\/","og_site_name":"Ecuador | Noti-America.com","article_published_time":"2025-11-14T21:12:00+00:00","og_image":[{"width":1493,"height":1600,"url":"https:\/\/noti-america.com\/site\/ecuador\/wp-content\/uploads\/sites\/18\/2025\/11\/IMG-20251114-WA0398.jpg","type":"image\/jpeg"}],"author":"Henry Garrido","twitter_card":"summary_large_image","twitter_creator":"@notiamerica","twitter_site":"@notiamerica","twitter_misc":{"Escrito por":"Henry Garrido","Tiempo estimado de lectura":"2 minutos"},"schema":{"@context":"https:\/\/schema.org","@graph":[{"@type":"Article","@id":"https:\/\/noti-america.com\/site\/ecuador\/2025\/11\/14\/caf-y-banco-internacional-s-a-apuestan-por-desarrollo-sostenible\/#article","isPartOf":{"@id":"https:\/\/noti-america.com\/site\/ecuador\/2025\/11\/14\/caf-y-banco-internacional-s-a-apuestan-por-desarrollo-sostenible\/"},"author":{"name":"Henry Garrido","@id":"https:\/\/noti-america.com\/site\/ecuador\/#\/schema\/person\/00042412cfa9ecf98077f847ffadda4a"},"headline":"CAF y Banco Internacional S.A. apuestan por desarrollo sostenible","datePublished":"2025-11-14T21:12:00+00:00","mainEntityOfPage":{"@id":"https:\/\/noti-america.com\/site\/ecuador\/2025\/11\/14\/caf-y-banco-internacional-s-a-apuestan-por-desarrollo-sostenible\/"},"wordCount":248,"commentCount":0,"publisher":{"@id":"https:\/\/noti-america.com\/site\/ecuador\/#organization"},"image":{"@id":"https:\/\/noti-america.com\/site\/ecuador\/2025\/11\/14\/caf-y-banco-internacional-s-a-apuestan-por-desarrollo-sostenible\/#primaryimage"},"thumbnailUrl":"https:\/\/noti-america.com\/site\/ecuador\/wp-content\/uploads\/sites\/18\/2025\/11\/IMG-20251114-WA0398.jpg","articleSection":["Uncategorized"],"inLanguage":"es","potentialAction":[{"@type":"CommentAction","name":"Comment","target":["https:\/\/noti-america.com\/site\/ecuador\/2025\/11\/14\/caf-y-banco-internacional-s-a-apuestan-por-desarrollo-sostenible\/#respond"]}]},{"@type":"WebPage","@id":"https:\/\/noti-america.com\/site\/ecuador\/2025\/11\/14\/caf-y-banco-internacional-s-a-apuestan-por-desarrollo-sostenible\/","url":"https:\/\/noti-america.com\/site\/ecuador\/2025\/11\/14\/caf-y-banco-internacional-s-a-apuestan-por-desarrollo-sostenible\/","name":"CAF y Banco Internacional S.A. apuestan por desarrollo sostenible - Ecuador | Noti-America.com","isPartOf":{"@id":"https:\/\/noti-america.com\/site\/ecuador\/#website"},"primaryImageOfPage":{"@id":"https:\/\/noti-america.com\/site\/ecuador\/2025\/11\/14\/caf-y-banco-internacional-s-a-apuestan-por-desarrollo-sostenible\/#primaryimage"},"image":{"@id":"https:\/\/noti-america.com\/site\/ecuador\/2025\/11\/14\/caf-y-banco-internacional-s-a-apuestan-por-desarrollo-sostenible\/#primaryimage"},"thumbnailUrl":"https:\/\/noti-america.com\/site\/ecuador\/wp-content\/uploads\/sites\/18\/2025\/11\/IMG-20251114-WA0398.jpg","datePublished":"2025-11-14T21:12:00+00:00","breadcrumb":{"@id":"https:\/\/noti-america.com\/site\/ecuador\/2025\/11\/14\/caf-y-banco-internacional-s-a-apuestan-por-desarrollo-sostenible\/#breadcrumb"},"inLanguage":"es","potentialAction":[{"@type":"ReadAction","target":["https:\/\/noti-america.com\/site\/ecuador\/2025\/11\/14\/caf-y-banco-internacional-s-a-apuestan-por-desarrollo-sostenible\/"]}]},{"@type":"ImageObject","inLanguage":"es","@id":"https:\/\/noti-america.com\/site\/ecuador\/2025\/11\/14\/caf-y-banco-internacional-s-a-apuestan-por-desarrollo-sostenible\/#primaryimage","url":"https:\/\/noti-america.com\/site\/ecuador\/wp-content\/uploads\/sites\/18\/2025\/11\/IMG-20251114-WA0398.jpg","contentUrl":"https:\/\/noti-america.com\/site\/ecuador\/wp-content\/uploads\/sites\/18\/2025\/11\/IMG-20251114-WA0398.jpg","width":1493,"height":1600},{"@type":"BreadcrumbList","@id":"https:\/\/noti-america.com\/site\/ecuador\/2025\/11\/14\/caf-y-banco-internacional-s-a-apuestan-por-desarrollo-sostenible\/#breadcrumb","itemListElement":[{"@type":"ListItem","position":1,"name":"Portada","item":"https:\/\/noti-america.com\/site\/ecuador\/"},{"@type":"ListItem","position":2,"name":"CAF y Banco Internacional S.A. apuestan por desarrollo sostenible"}]},{"@type":"WebSite","@id":"https:\/\/noti-america.com\/site\/ecuador\/#website","url":"https:\/\/noti-america.com\/site\/ecuador\/","name":"Ecuador | Noti-America.com","description":"","publisher":{"@id":"https:\/\/noti-america.com\/site\/ecuador\/#organization"},"potentialAction":[{"@type":"SearchAction","target":{"@type":"EntryPoint","urlTemplate":"https:\/\/noti-america.com\/site\/ecuador\/?s={search_term_string}"},"query-input":{"@type":"PropertyValueSpecification","valueRequired":true,"valueName":"search_term_string"}}],"inLanguage":"es"},{"@type":"Organization","@id":"https:\/\/noti-america.com\/site\/ecuador\/#organization","name":"Noti-America LLC | Ecuador","url":"https:\/\/noti-america.com\/site\/ecuador\/","logo":{"@type":"ImageObject","inLanguage":"es","@id":"https:\/\/noti-america.com\/site\/ecuador\/#\/schema\/logo\/image\/","url":"https:\/\/noti-america.com\/site\/ecuador\/wp-content\/uploads\/sites\/18\/2020\/07\/LogoNA-4x3-1.jpg","contentUrl":"https:\/\/noti-america.com\/site\/ecuador\/wp-content\/uploads\/sites\/18\/2020\/07\/LogoNA-4x3-1.jpg","width":1236,"height":1080,"caption":"Noti-America LLC | Ecuador"},"image":{"@id":"https:\/\/noti-america.com\/site\/ecuador\/#\/schema\/logo\/image\/"},"sameAs":["https:\/\/x.com\/notiamerica"]},{"@type":"Person","@id":"https:\/\/noti-america.com\/site\/ecuador\/#\/schema\/person\/00042412cfa9ecf98077f847ffadda4a","name":"Henry Garrido","image":{"@type":"ImageObject","inLanguage":"es","@id":"https:\/\/secure.gravatar.com\/avatar\/749ae5a1e6f22cf042f04b9f3f0a22732ae36970ccfd5c54a0a2ac3c4e1166ed?s=96&d=mm&r=g","url":"https:\/\/secure.gravatar.com\/avatar\/749ae5a1e6f22cf042f04b9f3f0a22732ae36970ccfd5c54a0a2ac3c4e1166ed?s=96&d=mm&r=g","contentUrl":"https:\/\/secure.gravatar.com\/avatar\/749ae5a1e6f22cf042f04b9f3f0a22732ae36970ccfd5c54a0a2ac3c4e1166ed?s=96&d=mm&r=g","caption":"Henry Garrido"},"url":"https:\/\/noti-america.com\/site\/ecuador\/author\/hgarrido\/"}]}},"_links":{"self":[{"href":"https:\/\/noti-america.com\/site\/ecuador\/wp-json\/wp\/v2\/posts\/36216","targetHints":{"allow":["GET"]}}],"collection":[{"href":"https:\/\/noti-america.com\/site\/ecuador\/wp-json\/wp\/v2\/posts"}],"about":[{"href":"https:\/\/noti-america.com\/site\/ecuador\/wp-json\/wp\/v2\/types\/post"}],"author":[{"embeddable":true,"href":"https:\/\/noti-america.com\/site\/ecuador\/wp-json\/wp\/v2\/users\/144"}],"replies":[{"embeddable":true,"href":"https:\/\/noti-america.com\/site\/ecuador\/wp-json\/wp\/v2\/comments?post=36216"}],"version-history":[{"count":1,"href":"https:\/\/noti-america.com\/site\/ecuador\/wp-json\/wp\/v2\/posts\/36216\/revisions"}],"predecessor-version":[{"id":36218,"href":"https:\/\/noti-america.com\/site\/ecuador\/wp-json\/wp\/v2\/posts\/36216\/revisions\/36218"}],"wp:featuredmedia":[{"embeddable":true,"href":"https:\/\/noti-america.com\/site\/ecuador\/wp-json\/wp\/v2\/media\/36217"}],"wp:attachment":[{"href":"https:\/\/noti-america.com\/site\/ecuador\/wp-json\/wp\/v2\/media?parent=36216"}],"wp:term":[{"taxonomy":"category","embeddable":true,"href":"https:\/\/noti-america.com\/site\/ecuador\/wp-json\/wp\/v2\/categories?post=36216"},{"taxonomy":"post_tag","embeddable":true,"href":"https:\/\/noti-america.com\/site\/ecuador\/wp-json\/wp\/v2\/tags?post=36216"}],"curies":[{"name":"wp","href":"https:\/\/api.w.org\/{rel}","templated":true}]}}