{"id":36039,"date":"2025-10-22T16:13:51","date_gmt":"2025-10-22T16:13:51","guid":{"rendered":"https:\/\/noti-america.com\/site\/ecuador\/?p=36039"},"modified":"2025-10-22T16:13:51","modified_gmt":"2025-10-22T16:13:51","slug":"arcsa-lanza-campana-calificacion-excelencia-farmaceutica","status":"publish","type":"post","link":"https:\/\/noti-america.com\/site\/ecuador\/2025\/10\/22\/arcsa-lanza-campana-calificacion-excelencia-farmaceutica\/","title":{"rendered":"ARCSA lanza campa\u00f1a \u201cCalificaci\u00f3n Excelencia Farmac\u00e9utica\u201d"},"content":{"rendered":"<p><strong>NOTI-AMERICA.COM | ECUADOR.<\/strong><\/p>\n<p style=\"text-align: justify\"><img loading=\"lazy\" decoding=\"async\" class=\"size-medium wp-image-36040 aligncenter\" src=\"https:\/\/noti-america.com\/site\/ecuador\/wp-content\/uploads\/sites\/18\/2025\/10\/20251022_093205-300x225.jpg\" alt=\"\" width=\"300\" height=\"225\" srcset=\"https:\/\/noti-america.com\/site\/ecuador\/wp-content\/uploads\/sites\/18\/2025\/10\/20251022_093205-300x225.jpg 300w, https:\/\/noti-america.com\/site\/ecuador\/wp-content\/uploads\/sites\/18\/2025\/10\/20251022_093205-1024x768.jpg 1024w, https:\/\/noti-america.com\/site\/ecuador\/wp-content\/uploads\/sites\/18\/2025\/10\/20251022_093205-768x576.jpg 768w, https:\/\/noti-america.com\/site\/ecuador\/wp-content\/uploads\/sites\/18\/2025\/10\/20251022_093205-1536x1152.jpg 1536w, https:\/\/noti-america.com\/site\/ecuador\/wp-content\/uploads\/sites\/18\/2025\/10\/20251022_093205-2048x1536.jpg 2048w\" sizes=\"auto, (max-width: 300px) 100vw, 300px\" \/>En el marco de la campa\u00f1a nacional \u201cT\u00f3malo en Serio \u2013 La Receta se Respeta\u201d, la Agencia Nacional de Regulaci\u00f3n, Control y Vigilancia Sanitaria (ARCSA) present\u00f3 la \u201cCalificaci\u00f3n Excelencia Farmac\u00e9utica\u201d, un reconocimiento dirigido a las farmacias que operan bajo altos est\u00e1ndares de cumplimiento sanitario y respeto a la receta m\u00e9dica.<\/p>\n<p style=\"text-align: justify\">El lanzamiento se realiz\u00f3 este mi\u00e9rcoles 22 de octubre en el hotel Wyndham Guayaquil Puerto Santa Ana, con la participaci\u00f3n de m\u00e1s de 100 representantes del sector farmac\u00e9utico, m\u00e9dico y p\u00fablico, quienes firmaron el \u201cCompromiso por la Excelencia Farmac\u00e9utica\u201d.<\/p>\n<p style=\"text-align: justify\">Esta iniciativa surge ante un panorama preocupante: en lo que va del 2025, m\u00e1s de 50 farmacias han sido clausuradas por incumplir la normativa y 650 mil medicamentos irregulares fueron retirados del mercado.<\/p>\n<p style=\"text-align: justify\">El director ejecutivo de ARCSA, Daniel S\u00e1nchez, destac\u00f3 que este reconocimiento busca \u201cir m\u00e1s all\u00e1 de la sanci\u00f3n, premiando la responsabilidad y la \u00e9tica profesional\u201d. Por su parte, Santiago Salguero, de ALAFAR, resalt\u00f3 que la seguridad farmac\u00e9utica depende del compromiso de toda la cadena: autoridades, industria, m\u00e9dicos y pacientes.<\/p>\n<p style=\"text-align: justify\">La calificaci\u00f3n ser\u00e1 visible en los puntos de venta que respeten la receta m\u00e9dica, dispensen productos regulados y mantengan condiciones adecuadas de almacenamiento, fortaleciendo as\u00ed la confianza ciudadana y la seguridad sanitaria en el pa\u00eds.<\/p>\n","protected":false},"excerpt":{"rendered":"<p>NOTI-AMERICA.COM | ECUADOR. En el marco de la campa\u00f1a nacional \u201cT\u00f3malo en Serio \u2013 La Receta se Respeta\u201d, la Agencia Nacional de Regulaci\u00f3n, Control y Vigilancia Sanitaria (ARCSA) present\u00f3 la \u201cCalificaci\u00f3n Excelencia Farmac\u00e9utica\u201d, un&#46;&#46;&#46;<\/p>\n","protected":false},"author":144,"featured_media":36040,"comment_status":"open","ping_status":"open","sticky":false,"template":"","format":"standard","meta":{"_acf_changed":false,"om_disable_all_campaigns":false,"rop_custom_images_group":[],"rop_custom_messages_group":[],"rop_publish_now":"initial","rop_publish_now_accounts":{"twitter_242054905_242054905":""},"rop_publish_now_history":[],"rop_publish_now_status":"pending","_uf_show_specific_survey":0,"_uf_disable_surveys":false,"footnotes":""},"categories":[1],"tags":[],"class_list":["post-36039","post","type-post","status-publish","format-standard","has-post-thumbnail","hentry","category-uncategorized"],"acf":[],"aioseo_notices":[],"yoast_head":"<!-- This site is optimized with the Yoast SEO Premium plugin v24.9 (Yoast SEO v27.2) - https:\/\/yoast.com\/product\/yoast-seo-premium-wordpress\/ -->\n<title>ARCSA lanza campa\u00f1a \u201cCalificaci\u00f3n Excelencia Farmac\u00e9utica\u201d - Ecuador | Noti-America.com<\/title>\n<meta name=\"robots\" content=\"index, follow, max-snippet:-1, max-image-preview:large, max-video-preview:-1\" \/>\n<link rel=\"canonical\" href=\"https:\/\/noti-america.com\/site\/ecuador\/2025\/10\/22\/arcsa-lanza-campana-calificacion-excelencia-farmaceutica\/\" \/>\n<meta property=\"og:locale\" content=\"es_ES\" \/>\n<meta property=\"og:type\" content=\"article\" \/>\n<meta property=\"og:title\" content=\"ARCSA lanza campa\u00f1a \u201cCalificaci\u00f3n Excelencia Farmac\u00e9utica\u201d\" \/>\n<meta property=\"og:description\" content=\"NOTI-AMERICA.COM | ECUADOR. En el marco de la campa\u00f1a nacional \u201cT\u00f3malo en Serio \u2013 La Receta se Respeta\u201d, la Agencia Nacional de Regulaci\u00f3n, Control y Vigilancia Sanitaria (ARCSA) present\u00f3 la \u201cCalificaci\u00f3n Excelencia Farmac\u00e9utica\u201d, un&#046;&#046;&#046;\" \/>\n<meta property=\"og:url\" content=\"https:\/\/noti-america.com\/site\/ecuador\/2025\/10\/22\/arcsa-lanza-campana-calificacion-excelencia-farmaceutica\/\" \/>\n<meta property=\"og:site_name\" content=\"Ecuador | Noti-America.com\" \/>\n<meta property=\"article:published_time\" content=\"2025-10-22T16:13:51+00:00\" \/>\n<meta property=\"og:image\" content=\"https:\/\/noti-america.com\/site\/ecuador\/wp-content\/uploads\/sites\/18\/2025\/10\/20251022_093205-scaled.jpg\" \/>\n\t<meta property=\"og:image:width\" content=\"2560\" \/>\n\t<meta property=\"og:image:height\" content=\"1920\" \/>\n\t<meta property=\"og:image:type\" content=\"image\/jpeg\" \/>\n<meta name=\"author\" content=\"Henry Garrido\" \/>\n<meta name=\"twitter:card\" content=\"summary_large_image\" \/>\n<meta name=\"twitter:creator\" content=\"@notiamerica\" \/>\n<meta name=\"twitter:site\" content=\"@notiamerica\" \/>\n<meta name=\"twitter:label1\" content=\"Escrito por\" \/>\n\t<meta name=\"twitter:data1\" content=\"Henry Garrido\" \/>\n\t<meta name=\"twitter:label2\" content=\"Tiempo estimado de lectura\" \/>\n\t<meta name=\"twitter:data2\" content=\"2 minutos\" \/>\n<script type=\"application\/ld+json\" class=\"yoast-schema-graph\">{\"@context\":\"https:\/\/schema.org\",\"@graph\":[{\"@type\":\"Article\",\"@id\":\"https:\/\/noti-america.com\/site\/ecuador\/2025\/10\/22\/arcsa-lanza-campana-calificacion-excelencia-farmaceutica\/#article\",\"isPartOf\":{\"@id\":\"https:\/\/noti-america.com\/site\/ecuador\/2025\/10\/22\/arcsa-lanza-campana-calificacion-excelencia-farmaceutica\/\"},\"author\":{\"name\":\"Henry Garrido\",\"@id\":\"https:\/\/noti-america.com\/site\/ecuador\/#\/schema\/person\/00042412cfa9ecf98077f847ffadda4a\"},\"headline\":\"ARCSA lanza campa\u00f1a \u201cCalificaci\u00f3n Excelencia Farmac\u00e9utica\u201d\",\"datePublished\":\"2025-10-22T16:13:51+00:00\",\"mainEntityOfPage\":{\"@id\":\"https:\/\/noti-america.com\/site\/ecuador\/2025\/10\/22\/arcsa-lanza-campana-calificacion-excelencia-farmaceutica\/\"},\"wordCount\":235,\"commentCount\":0,\"publisher\":{\"@id\":\"https:\/\/noti-america.com\/site\/ecuador\/#organization\"},\"image\":{\"@id\":\"https:\/\/noti-america.com\/site\/ecuador\/2025\/10\/22\/arcsa-lanza-campana-calificacion-excelencia-farmaceutica\/#primaryimage\"},\"thumbnailUrl\":\"https:\/\/noti-america.com\/site\/ecuador\/wp-content\/uploads\/sites\/18\/2025\/10\/20251022_093205-scaled.jpg\",\"articleSection\":[\"Uncategorized\"],\"inLanguage\":\"es\",\"potentialAction\":[{\"@type\":\"CommentAction\",\"name\":\"Comment\",\"target\":[\"https:\/\/noti-america.com\/site\/ecuador\/2025\/10\/22\/arcsa-lanza-campana-calificacion-excelencia-farmaceutica\/#respond\"]}]},{\"@type\":\"WebPage\",\"@id\":\"https:\/\/noti-america.com\/site\/ecuador\/2025\/10\/22\/arcsa-lanza-campana-calificacion-excelencia-farmaceutica\/\",\"url\":\"https:\/\/noti-america.com\/site\/ecuador\/2025\/10\/22\/arcsa-lanza-campana-calificacion-excelencia-farmaceutica\/\",\"name\":\"ARCSA lanza campa\u00f1a \u201cCalificaci\u00f3n Excelencia Farmac\u00e9utica\u201d - Ecuador | Noti-America.com\",\"isPartOf\":{\"@id\":\"https:\/\/noti-america.com\/site\/ecuador\/#website\"},\"primaryImageOfPage\":{\"@id\":\"https:\/\/noti-america.com\/site\/ecuador\/2025\/10\/22\/arcsa-lanza-campana-calificacion-excelencia-farmaceutica\/#primaryimage\"},\"image\":{\"@id\":\"https:\/\/noti-america.com\/site\/ecuador\/2025\/10\/22\/arcsa-lanza-campana-calificacion-excelencia-farmaceutica\/#primaryimage\"},\"thumbnailUrl\":\"https:\/\/noti-america.com\/site\/ecuador\/wp-content\/uploads\/sites\/18\/2025\/10\/20251022_093205-scaled.jpg\",\"datePublished\":\"2025-10-22T16:13:51+00:00\",\"breadcrumb\":{\"@id\":\"https:\/\/noti-america.com\/site\/ecuador\/2025\/10\/22\/arcsa-lanza-campana-calificacion-excelencia-farmaceutica\/#breadcrumb\"},\"inLanguage\":\"es\",\"potentialAction\":[{\"@type\":\"ReadAction\",\"target\":[\"https:\/\/noti-america.com\/site\/ecuador\/2025\/10\/22\/arcsa-lanza-campana-calificacion-excelencia-farmaceutica\/\"]}]},{\"@type\":\"ImageObject\",\"inLanguage\":\"es\",\"@id\":\"https:\/\/noti-america.com\/site\/ecuador\/2025\/10\/22\/arcsa-lanza-campana-calificacion-excelencia-farmaceutica\/#primaryimage\",\"url\":\"https:\/\/noti-america.com\/site\/ecuador\/wp-content\/uploads\/sites\/18\/2025\/10\/20251022_093205-scaled.jpg\",\"contentUrl\":\"https:\/\/noti-america.com\/site\/ecuador\/wp-content\/uploads\/sites\/18\/2025\/10\/20251022_093205-scaled.jpg\",\"width\":2560,\"height\":1920},{\"@type\":\"BreadcrumbList\",\"@id\":\"https:\/\/noti-america.com\/site\/ecuador\/2025\/10\/22\/arcsa-lanza-campana-calificacion-excelencia-farmaceutica\/#breadcrumb\",\"itemListElement\":[{\"@type\":\"ListItem\",\"position\":1,\"name\":\"Portada\",\"item\":\"https:\/\/noti-america.com\/site\/ecuador\/\"},{\"@type\":\"ListItem\",\"position\":2,\"name\":\"ARCSA lanza campa\u00f1a \u201cCalificaci\u00f3n Excelencia Farmac\u00e9utica\u201d\"}]},{\"@type\":\"WebSite\",\"@id\":\"https:\/\/noti-america.com\/site\/ecuador\/#website\",\"url\":\"https:\/\/noti-america.com\/site\/ecuador\/\",\"name\":\"Ecuador | Noti-America.com\",\"description\":\"\",\"publisher\":{\"@id\":\"https:\/\/noti-america.com\/site\/ecuador\/#organization\"},\"potentialAction\":[{\"@type\":\"SearchAction\",\"target\":{\"@type\":\"EntryPoint\",\"urlTemplate\":\"https:\/\/noti-america.com\/site\/ecuador\/?s={search_term_string}\"},\"query-input\":{\"@type\":\"PropertyValueSpecification\",\"valueRequired\":true,\"valueName\":\"search_term_string\"}}],\"inLanguage\":\"es\"},{\"@type\":\"Organization\",\"@id\":\"https:\/\/noti-america.com\/site\/ecuador\/#organization\",\"name\":\"Noti-America LLC | Ecuador\",\"url\":\"https:\/\/noti-america.com\/site\/ecuador\/\",\"logo\":{\"@type\":\"ImageObject\",\"inLanguage\":\"es\",\"@id\":\"https:\/\/noti-america.com\/site\/ecuador\/#\/schema\/logo\/image\/\",\"url\":\"https:\/\/noti-america.com\/site\/ecuador\/wp-content\/uploads\/sites\/18\/2020\/07\/LogoNA-4x3-1.jpg\",\"contentUrl\":\"https:\/\/noti-america.com\/site\/ecuador\/wp-content\/uploads\/sites\/18\/2020\/07\/LogoNA-4x3-1.jpg\",\"width\":1236,\"height\":1080,\"caption\":\"Noti-America LLC | Ecuador\"},\"image\":{\"@id\":\"https:\/\/noti-america.com\/site\/ecuador\/#\/schema\/logo\/image\/\"},\"sameAs\":[\"https:\/\/x.com\/notiamerica\"]},{\"@type\":\"Person\",\"@id\":\"https:\/\/noti-america.com\/site\/ecuador\/#\/schema\/person\/00042412cfa9ecf98077f847ffadda4a\",\"name\":\"Henry Garrido\",\"image\":{\"@type\":\"ImageObject\",\"inLanguage\":\"es\",\"@id\":\"https:\/\/secure.gravatar.com\/avatar\/749ae5a1e6f22cf042f04b9f3f0a22732ae36970ccfd5c54a0a2ac3c4e1166ed?s=96&d=mm&r=g\",\"url\":\"https:\/\/secure.gravatar.com\/avatar\/749ae5a1e6f22cf042f04b9f3f0a22732ae36970ccfd5c54a0a2ac3c4e1166ed?s=96&d=mm&r=g\",\"contentUrl\":\"https:\/\/secure.gravatar.com\/avatar\/749ae5a1e6f22cf042f04b9f3f0a22732ae36970ccfd5c54a0a2ac3c4e1166ed?s=96&d=mm&r=g\",\"caption\":\"Henry Garrido\"},\"url\":\"https:\/\/noti-america.com\/site\/ecuador\/author\/hgarrido\/\"}]}<\/script>\n<!-- \/ Yoast SEO Premium plugin. -->","yoast_head_json":{"title":"ARCSA lanza campa\u00f1a \u201cCalificaci\u00f3n Excelencia Farmac\u00e9utica\u201d - Ecuador | Noti-America.com","robots":{"index":"index","follow":"follow","max-snippet":"max-snippet:-1","max-image-preview":"max-image-preview:large","max-video-preview":"max-video-preview:-1"},"canonical":"https:\/\/noti-america.com\/site\/ecuador\/2025\/10\/22\/arcsa-lanza-campana-calificacion-excelencia-farmaceutica\/","og_locale":"es_ES","og_type":"article","og_title":"ARCSA lanza campa\u00f1a \u201cCalificaci\u00f3n Excelencia Farmac\u00e9utica\u201d","og_description":"NOTI-AMERICA.COM | ECUADOR. En el marco de la campa\u00f1a nacional \u201cT\u00f3malo en Serio \u2013 La Receta se Respeta\u201d, la Agencia Nacional de Regulaci\u00f3n, Control y Vigilancia Sanitaria (ARCSA) present\u00f3 la \u201cCalificaci\u00f3n Excelencia Farmac\u00e9utica\u201d, un&#46;&#46;&#46;","og_url":"https:\/\/noti-america.com\/site\/ecuador\/2025\/10\/22\/arcsa-lanza-campana-calificacion-excelencia-farmaceutica\/","og_site_name":"Ecuador | Noti-America.com","article_published_time":"2025-10-22T16:13:51+00:00","og_image":[{"width":2560,"height":1920,"url":"https:\/\/noti-america.com\/site\/ecuador\/wp-content\/uploads\/sites\/18\/2025\/10\/20251022_093205-scaled.jpg","type":"image\/jpeg"}],"author":"Henry Garrido","twitter_card":"summary_large_image","twitter_creator":"@notiamerica","twitter_site":"@notiamerica","twitter_misc":{"Escrito por":"Henry Garrido","Tiempo estimado de lectura":"2 minutos"},"schema":{"@context":"https:\/\/schema.org","@graph":[{"@type":"Article","@id":"https:\/\/noti-america.com\/site\/ecuador\/2025\/10\/22\/arcsa-lanza-campana-calificacion-excelencia-farmaceutica\/#article","isPartOf":{"@id":"https:\/\/noti-america.com\/site\/ecuador\/2025\/10\/22\/arcsa-lanza-campana-calificacion-excelencia-farmaceutica\/"},"author":{"name":"Henry Garrido","@id":"https:\/\/noti-america.com\/site\/ecuador\/#\/schema\/person\/00042412cfa9ecf98077f847ffadda4a"},"headline":"ARCSA lanza campa\u00f1a \u201cCalificaci\u00f3n Excelencia Farmac\u00e9utica\u201d","datePublished":"2025-10-22T16:13:51+00:00","mainEntityOfPage":{"@id":"https:\/\/noti-america.com\/site\/ecuador\/2025\/10\/22\/arcsa-lanza-campana-calificacion-excelencia-farmaceutica\/"},"wordCount":235,"commentCount":0,"publisher":{"@id":"https:\/\/noti-america.com\/site\/ecuador\/#organization"},"image":{"@id":"https:\/\/noti-america.com\/site\/ecuador\/2025\/10\/22\/arcsa-lanza-campana-calificacion-excelencia-farmaceutica\/#primaryimage"},"thumbnailUrl":"https:\/\/noti-america.com\/site\/ecuador\/wp-content\/uploads\/sites\/18\/2025\/10\/20251022_093205-scaled.jpg","articleSection":["Uncategorized"],"inLanguage":"es","potentialAction":[{"@type":"CommentAction","name":"Comment","target":["https:\/\/noti-america.com\/site\/ecuador\/2025\/10\/22\/arcsa-lanza-campana-calificacion-excelencia-farmaceutica\/#respond"]}]},{"@type":"WebPage","@id":"https:\/\/noti-america.com\/site\/ecuador\/2025\/10\/22\/arcsa-lanza-campana-calificacion-excelencia-farmaceutica\/","url":"https:\/\/noti-america.com\/site\/ecuador\/2025\/10\/22\/arcsa-lanza-campana-calificacion-excelencia-farmaceutica\/","name":"ARCSA lanza campa\u00f1a \u201cCalificaci\u00f3n Excelencia Farmac\u00e9utica\u201d - Ecuador | Noti-America.com","isPartOf":{"@id":"https:\/\/noti-america.com\/site\/ecuador\/#website"},"primaryImageOfPage":{"@id":"https:\/\/noti-america.com\/site\/ecuador\/2025\/10\/22\/arcsa-lanza-campana-calificacion-excelencia-farmaceutica\/#primaryimage"},"image":{"@id":"https:\/\/noti-america.com\/site\/ecuador\/2025\/10\/22\/arcsa-lanza-campana-calificacion-excelencia-farmaceutica\/#primaryimage"},"thumbnailUrl":"https:\/\/noti-america.com\/site\/ecuador\/wp-content\/uploads\/sites\/18\/2025\/10\/20251022_093205-scaled.jpg","datePublished":"2025-10-22T16:13:51+00:00","breadcrumb":{"@id":"https:\/\/noti-america.com\/site\/ecuador\/2025\/10\/22\/arcsa-lanza-campana-calificacion-excelencia-farmaceutica\/#breadcrumb"},"inLanguage":"es","potentialAction":[{"@type":"ReadAction","target":["https:\/\/noti-america.com\/site\/ecuador\/2025\/10\/22\/arcsa-lanza-campana-calificacion-excelencia-farmaceutica\/"]}]},{"@type":"ImageObject","inLanguage":"es","@id":"https:\/\/noti-america.com\/site\/ecuador\/2025\/10\/22\/arcsa-lanza-campana-calificacion-excelencia-farmaceutica\/#primaryimage","url":"https:\/\/noti-america.com\/site\/ecuador\/wp-content\/uploads\/sites\/18\/2025\/10\/20251022_093205-scaled.jpg","contentUrl":"https:\/\/noti-america.com\/site\/ecuador\/wp-content\/uploads\/sites\/18\/2025\/10\/20251022_093205-scaled.jpg","width":2560,"height":1920},{"@type":"BreadcrumbList","@id":"https:\/\/noti-america.com\/site\/ecuador\/2025\/10\/22\/arcsa-lanza-campana-calificacion-excelencia-farmaceutica\/#breadcrumb","itemListElement":[{"@type":"ListItem","position":1,"name":"Portada","item":"https:\/\/noti-america.com\/site\/ecuador\/"},{"@type":"ListItem","position":2,"name":"ARCSA lanza campa\u00f1a \u201cCalificaci\u00f3n Excelencia Farmac\u00e9utica\u201d"}]},{"@type":"WebSite","@id":"https:\/\/noti-america.com\/site\/ecuador\/#website","url":"https:\/\/noti-america.com\/site\/ecuador\/","name":"Ecuador | Noti-America.com","description":"","publisher":{"@id":"https:\/\/noti-america.com\/site\/ecuador\/#organization"},"potentialAction":[{"@type":"SearchAction","target":{"@type":"EntryPoint","urlTemplate":"https:\/\/noti-america.com\/site\/ecuador\/?s={search_term_string}"},"query-input":{"@type":"PropertyValueSpecification","valueRequired":true,"valueName":"search_term_string"}}],"inLanguage":"es"},{"@type":"Organization","@id":"https:\/\/noti-america.com\/site\/ecuador\/#organization","name":"Noti-America LLC | Ecuador","url":"https:\/\/noti-america.com\/site\/ecuador\/","logo":{"@type":"ImageObject","inLanguage":"es","@id":"https:\/\/noti-america.com\/site\/ecuador\/#\/schema\/logo\/image\/","url":"https:\/\/noti-america.com\/site\/ecuador\/wp-content\/uploads\/sites\/18\/2020\/07\/LogoNA-4x3-1.jpg","contentUrl":"https:\/\/noti-america.com\/site\/ecuador\/wp-content\/uploads\/sites\/18\/2020\/07\/LogoNA-4x3-1.jpg","width":1236,"height":1080,"caption":"Noti-America LLC | Ecuador"},"image":{"@id":"https:\/\/noti-america.com\/site\/ecuador\/#\/schema\/logo\/image\/"},"sameAs":["https:\/\/x.com\/notiamerica"]},{"@type":"Person","@id":"https:\/\/noti-america.com\/site\/ecuador\/#\/schema\/person\/00042412cfa9ecf98077f847ffadda4a","name":"Henry Garrido","image":{"@type":"ImageObject","inLanguage":"es","@id":"https:\/\/secure.gravatar.com\/avatar\/749ae5a1e6f22cf042f04b9f3f0a22732ae36970ccfd5c54a0a2ac3c4e1166ed?s=96&d=mm&r=g","url":"https:\/\/secure.gravatar.com\/avatar\/749ae5a1e6f22cf042f04b9f3f0a22732ae36970ccfd5c54a0a2ac3c4e1166ed?s=96&d=mm&r=g","contentUrl":"https:\/\/secure.gravatar.com\/avatar\/749ae5a1e6f22cf042f04b9f3f0a22732ae36970ccfd5c54a0a2ac3c4e1166ed?s=96&d=mm&r=g","caption":"Henry Garrido"},"url":"https:\/\/noti-america.com\/site\/ecuador\/author\/hgarrido\/"}]}},"_links":{"self":[{"href":"https:\/\/noti-america.com\/site\/ecuador\/wp-json\/wp\/v2\/posts\/36039","targetHints":{"allow":["GET"]}}],"collection":[{"href":"https:\/\/noti-america.com\/site\/ecuador\/wp-json\/wp\/v2\/posts"}],"about":[{"href":"https:\/\/noti-america.com\/site\/ecuador\/wp-json\/wp\/v2\/types\/post"}],"author":[{"embeddable":true,"href":"https:\/\/noti-america.com\/site\/ecuador\/wp-json\/wp\/v2\/users\/144"}],"replies":[{"embeddable":true,"href":"https:\/\/noti-america.com\/site\/ecuador\/wp-json\/wp\/v2\/comments?post=36039"}],"version-history":[{"count":1,"href":"https:\/\/noti-america.com\/site\/ecuador\/wp-json\/wp\/v2\/posts\/36039\/revisions"}],"predecessor-version":[{"id":36041,"href":"https:\/\/noti-america.com\/site\/ecuador\/wp-json\/wp\/v2\/posts\/36039\/revisions\/36041"}],"wp:featuredmedia":[{"embeddable":true,"href":"https:\/\/noti-america.com\/site\/ecuador\/wp-json\/wp\/v2\/media\/36040"}],"wp:attachment":[{"href":"https:\/\/noti-america.com\/site\/ecuador\/wp-json\/wp\/v2\/media?parent=36039"}],"wp:term":[{"taxonomy":"category","embeddable":true,"href":"https:\/\/noti-america.com\/site\/ecuador\/wp-json\/wp\/v2\/categories?post=36039"},{"taxonomy":"post_tag","embeddable":true,"href":"https:\/\/noti-america.com\/site\/ecuador\/wp-json\/wp\/v2\/tags?post=36039"}],"curies":[{"name":"wp","href":"https:\/\/api.w.org\/{rel}","templated":true}]}}