{"id":36033,"date":"2025-10-22T15:50:08","date_gmt":"2025-10-22T15:50:08","guid":{"rendered":"https:\/\/noti-america.com\/site\/ecuador\/?p=36033"},"modified":"2025-10-22T15:50:08","modified_gmt":"2025-10-22T15:50:08","slug":"operativo-en-la-atm-de-guayaquil-deja-seis-detenidos-por-presunta-red-de-corrupcion","status":"publish","type":"post","link":"https:\/\/noti-america.com\/site\/ecuador\/2025\/10\/22\/operativo-en-la-atm-de-guayaquil-deja-seis-detenidos-por-presunta-red-de-corrupcion\/","title":{"rendered":"Operativo en la ATM de Guayaquil deja seis detenidos por presunta red de corrupci\u00f3n"},"content":{"rendered":"<p><strong>NOTI-AMERICA.COM | ECUADOR.<\/strong><\/p>\n<p style=\"text-align: justify\"><img loading=\"lazy\" decoding=\"async\" class=\"size-medium wp-image-36034 aligncenter\" src=\"https:\/\/noti-america.com\/site\/ecuador\/wp-content\/uploads\/sites\/18\/2025\/10\/IMG-20251022-WA0118-300x197.jpg\" alt=\"\" width=\"300\" height=\"197\" srcset=\"https:\/\/noti-america.com\/site\/ecuador\/wp-content\/uploads\/sites\/18\/2025\/10\/IMG-20251022-WA0118-300x197.jpg 300w, https:\/\/noti-america.com\/site\/ecuador\/wp-content\/uploads\/sites\/18\/2025\/10\/IMG-20251022-WA0118-768x505.jpg 768w, https:\/\/noti-america.com\/site\/ecuador\/wp-content\/uploads\/sites\/18\/2025\/10\/IMG-20251022-WA0118.jpg 1018w\" sizes=\"auto, (max-width: 300px) 100vw, 300px\" \/>En un operativo conjunto realizado la madrugada de este mi\u00e9rcoles, la Polic\u00eda Nacional y la Fiscal\u00eda General del Estado allanaron las oficinas de la Agencia de Tr\u00e1nsito y Movilidad (ATM) de Guayaquil, como parte de una investigaci\u00f3n por presunta asociaci\u00f3n il\u00edcita y corrupci\u00f3n interna.<\/p>\n<p style=\"text-align: justify\">La intervenci\u00f3n incluy\u00f3 nueve allanamientos simult\u00e1neos en distintos sectores de la ciudad, con el objetivo de desarticular una supuesta red delictiva que operaba dentro de la instituci\u00f3n municipal. El principal punto de acci\u00f3n se concentr\u00f3 en las oficinas de la ATM ubicadas en el sector de La Florida, al norte de Guayaquil.<\/p>\n<p style=\"text-align: justify\">Durante el operativo fueron detenidas seis personas, entre ellas dos agentes de tr\u00e1nsito, la procuradora de la entidad, dos exabogados de la ATM y un individuo que se hac\u00eda pasar por abogado para cometer estafas, inform\u00f3 el ministro del Interior, Jhon Reimberg.<\/p>\n<p style=\"text-align: justify\">Seg\u00fan las autoridades, los implicados habr\u00edan participado en falsificaci\u00f3n de documentos, tr\u00e1fico de influencias, cohecho, incumplimiento de decisiones leg\u00edtimas de autoridad competente y falsificaci\u00f3n en la emisi\u00f3n de matr\u00edculas de veh\u00edculos en diferentes cantones del pa\u00eds.<\/p>\n<p style=\"text-align: justify\">Las investigaciones preliminares revelan que la procuradora habr\u00eda recibido dinero a cambio de favorecer a conductores con sanciones pendientes. Algunos de ellos estar\u00edan vinculados con grupos de delincuencia organizada, de acuerdo con el parte policial.<\/p>\n<p style=\"text-align: justify\">\u201cHe sido claro, y se lo he dicho a los municipios, incluido el de Guayaquil: no tienen la capacidad para administrar una agencia de tr\u00e1nsito. Aqu\u00ed se ha entregado el control a un grupo criminal\u201d, expres\u00f3 el ministro Reimberg.<\/p>\n<p style=\"text-align: justify\">Durante los allanamientos, los agentes encontraron matr\u00edculas de veh\u00edculos de otros cantones y varios tel\u00e9fonos celulares ocultos en la vivienda de uno de los sospechosos.<\/p>\n<p style=\"text-align: justify\">El operativo, que comenz\u00f3 alrededor de la 01:00 de la madrugada, contin\u00faa con la recolecci\u00f3n de documentos y evidencias. Las autoridades no descartan nuevas detenciones en las pr\u00f3ximas horas.<\/p>\n","protected":false},"excerpt":{"rendered":"<p>NOTI-AMERICA.COM | ECUADOR. En un operativo conjunto realizado la madrugada de este mi\u00e9rcoles, la Polic\u00eda Nacional y la Fiscal\u00eda General del Estado allanaron las oficinas de la Agencia de Tr\u00e1nsito y Movilidad (ATM) de&#46;&#46;&#46;<\/p>\n","protected":false},"author":144,"featured_media":36034,"comment_status":"open","ping_status":"open","sticky":false,"template":"","format":"standard","meta":{"_acf_changed":false,"om_disable_all_campaigns":false,"rop_custom_images_group":[],"rop_custom_messages_group":[],"rop_publish_now":"initial","rop_publish_now_accounts":{"twitter_242054905_242054905":""},"rop_publish_now_history":[],"rop_publish_now_status":"pending","_uf_show_specific_survey":0,"_uf_disable_surveys":false,"footnotes":""},"categories":[125],"tags":[],"class_list":["post-36033","post","type-post","status-publish","format-standard","has-post-thumbnail","hentry","category-actualidad"],"acf":[],"aioseo_notices":[],"yoast_head":"<!-- This site is optimized with the Yoast SEO Premium plugin v24.9 (Yoast SEO v27.2) - https:\/\/yoast.com\/product\/yoast-seo-premium-wordpress\/ -->\n<title>Operativo en la ATM de Guayaquil deja seis detenidos por presunta red de corrupci\u00f3n - Ecuador | Noti-America.com<\/title>\n<meta name=\"robots\" content=\"index, follow, max-snippet:-1, max-image-preview:large, max-video-preview:-1\" \/>\n<link rel=\"canonical\" href=\"https:\/\/noti-america.com\/site\/ecuador\/2025\/10\/22\/operativo-en-la-atm-de-guayaquil-deja-seis-detenidos-por-presunta-red-de-corrupcion\/\" \/>\n<meta property=\"og:locale\" content=\"es_ES\" \/>\n<meta property=\"og:type\" content=\"article\" \/>\n<meta property=\"og:title\" content=\"Operativo en la ATM de Guayaquil deja seis detenidos por presunta red de corrupci\u00f3n\" \/>\n<meta property=\"og:description\" content=\"NOTI-AMERICA.COM | ECUADOR. En un operativo conjunto realizado la madrugada de este mi\u00e9rcoles, la Polic\u00eda Nacional y la Fiscal\u00eda General del Estado allanaron las oficinas de la Agencia de Tr\u00e1nsito y Movilidad (ATM) de&#046;&#046;&#046;\" \/>\n<meta property=\"og:url\" content=\"https:\/\/noti-america.com\/site\/ecuador\/2025\/10\/22\/operativo-en-la-atm-de-guayaquil-deja-seis-detenidos-por-presunta-red-de-corrupcion\/\" \/>\n<meta property=\"og:site_name\" content=\"Ecuador | Noti-America.com\" \/>\n<meta property=\"article:published_time\" content=\"2025-10-22T15:50:08+00:00\" \/>\n<meta property=\"og:image\" content=\"https:\/\/noti-america.com\/site\/ecuador\/wp-content\/uploads\/sites\/18\/2025\/10\/IMG-20251022-WA0118.jpg\" \/>\n\t<meta property=\"og:image:width\" content=\"1018\" \/>\n\t<meta property=\"og:image:height\" content=\"670\" \/>\n\t<meta property=\"og:image:type\" content=\"image\/jpeg\" \/>\n<meta name=\"author\" content=\"Henry Garrido\" \/>\n<meta name=\"twitter:card\" content=\"summary_large_image\" \/>\n<meta name=\"twitter:creator\" content=\"@notiamerica\" \/>\n<meta name=\"twitter:site\" content=\"@notiamerica\" \/>\n<meta name=\"twitter:label1\" content=\"Escrito por\" \/>\n\t<meta name=\"twitter:data1\" content=\"Henry Garrido\" \/>\n\t<meta name=\"twitter:label2\" content=\"Tiempo estimado de lectura\" \/>\n\t<meta name=\"twitter:data2\" content=\"2 minutos\" \/>\n<script type=\"application\/ld+json\" class=\"yoast-schema-graph\">{\"@context\":\"https:\/\/schema.org\",\"@graph\":[{\"@type\":\"Article\",\"@id\":\"https:\/\/noti-america.com\/site\/ecuador\/2025\/10\/22\/operativo-en-la-atm-de-guayaquil-deja-seis-detenidos-por-presunta-red-de-corrupcion\/#article\",\"isPartOf\":{\"@id\":\"https:\/\/noti-america.com\/site\/ecuador\/2025\/10\/22\/operativo-en-la-atm-de-guayaquil-deja-seis-detenidos-por-presunta-red-de-corrupcion\/\"},\"author\":{\"name\":\"Henry Garrido\",\"@id\":\"https:\/\/noti-america.com\/site\/ecuador\/#\/schema\/person\/00042412cfa9ecf98077f847ffadda4a\"},\"headline\":\"Operativo en la ATM de Guayaquil deja seis detenidos por presunta red de corrupci\u00f3n\",\"datePublished\":\"2025-10-22T15:50:08+00:00\",\"mainEntityOfPage\":{\"@id\":\"https:\/\/noti-america.com\/site\/ecuador\/2025\/10\/22\/operativo-en-la-atm-de-guayaquil-deja-seis-detenidos-por-presunta-red-de-corrupcion\/\"},\"wordCount\":352,\"commentCount\":0,\"publisher\":{\"@id\":\"https:\/\/noti-america.com\/site\/ecuador\/#organization\"},\"image\":{\"@id\":\"https:\/\/noti-america.com\/site\/ecuador\/2025\/10\/22\/operativo-en-la-atm-de-guayaquil-deja-seis-detenidos-por-presunta-red-de-corrupcion\/#primaryimage\"},\"thumbnailUrl\":\"https:\/\/noti-america.com\/site\/ecuador\/wp-content\/uploads\/sites\/18\/2025\/10\/IMG-20251022-WA0118.jpg\",\"articleSection\":[\"Actualidad\"],\"inLanguage\":\"es\",\"potentialAction\":[{\"@type\":\"CommentAction\",\"name\":\"Comment\",\"target\":[\"https:\/\/noti-america.com\/site\/ecuador\/2025\/10\/22\/operativo-en-la-atm-de-guayaquil-deja-seis-detenidos-por-presunta-red-de-corrupcion\/#respond\"]}]},{\"@type\":\"WebPage\",\"@id\":\"https:\/\/noti-america.com\/site\/ecuador\/2025\/10\/22\/operativo-en-la-atm-de-guayaquil-deja-seis-detenidos-por-presunta-red-de-corrupcion\/\",\"url\":\"https:\/\/noti-america.com\/site\/ecuador\/2025\/10\/22\/operativo-en-la-atm-de-guayaquil-deja-seis-detenidos-por-presunta-red-de-corrupcion\/\",\"name\":\"Operativo en la ATM de Guayaquil deja seis detenidos por presunta red de corrupci\u00f3n - Ecuador | Noti-America.com\",\"isPartOf\":{\"@id\":\"https:\/\/noti-america.com\/site\/ecuador\/#website\"},\"primaryImageOfPage\":{\"@id\":\"https:\/\/noti-america.com\/site\/ecuador\/2025\/10\/22\/operativo-en-la-atm-de-guayaquil-deja-seis-detenidos-por-presunta-red-de-corrupcion\/#primaryimage\"},\"image\":{\"@id\":\"https:\/\/noti-america.com\/site\/ecuador\/2025\/10\/22\/operativo-en-la-atm-de-guayaquil-deja-seis-detenidos-por-presunta-red-de-corrupcion\/#primaryimage\"},\"thumbnailUrl\":\"https:\/\/noti-america.com\/site\/ecuador\/wp-content\/uploads\/sites\/18\/2025\/10\/IMG-20251022-WA0118.jpg\",\"datePublished\":\"2025-10-22T15:50:08+00:00\",\"breadcrumb\":{\"@id\":\"https:\/\/noti-america.com\/site\/ecuador\/2025\/10\/22\/operativo-en-la-atm-de-guayaquil-deja-seis-detenidos-por-presunta-red-de-corrupcion\/#breadcrumb\"},\"inLanguage\":\"es\",\"potentialAction\":[{\"@type\":\"ReadAction\",\"target\":[\"https:\/\/noti-america.com\/site\/ecuador\/2025\/10\/22\/operativo-en-la-atm-de-guayaquil-deja-seis-detenidos-por-presunta-red-de-corrupcion\/\"]}]},{\"@type\":\"ImageObject\",\"inLanguage\":\"es\",\"@id\":\"https:\/\/noti-america.com\/site\/ecuador\/2025\/10\/22\/operativo-en-la-atm-de-guayaquil-deja-seis-detenidos-por-presunta-red-de-corrupcion\/#primaryimage\",\"url\":\"https:\/\/noti-america.com\/site\/ecuador\/wp-content\/uploads\/sites\/18\/2025\/10\/IMG-20251022-WA0118.jpg\",\"contentUrl\":\"https:\/\/noti-america.com\/site\/ecuador\/wp-content\/uploads\/sites\/18\/2025\/10\/IMG-20251022-WA0118.jpg\",\"width\":1018,\"height\":670},{\"@type\":\"BreadcrumbList\",\"@id\":\"https:\/\/noti-america.com\/site\/ecuador\/2025\/10\/22\/operativo-en-la-atm-de-guayaquil-deja-seis-detenidos-por-presunta-red-de-corrupcion\/#breadcrumb\",\"itemListElement\":[{\"@type\":\"ListItem\",\"position\":1,\"name\":\"Portada\",\"item\":\"https:\/\/noti-america.com\/site\/ecuador\/\"},{\"@type\":\"ListItem\",\"position\":2,\"name\":\"Operativo en la ATM de Guayaquil deja seis detenidos por presunta red de corrupci\u00f3n\"}]},{\"@type\":\"WebSite\",\"@id\":\"https:\/\/noti-america.com\/site\/ecuador\/#website\",\"url\":\"https:\/\/noti-america.com\/site\/ecuador\/\",\"name\":\"Ecuador | Noti-America.com\",\"description\":\"\",\"publisher\":{\"@id\":\"https:\/\/noti-america.com\/site\/ecuador\/#organization\"},\"potentialAction\":[{\"@type\":\"SearchAction\",\"target\":{\"@type\":\"EntryPoint\",\"urlTemplate\":\"https:\/\/noti-america.com\/site\/ecuador\/?s={search_term_string}\"},\"query-input\":{\"@type\":\"PropertyValueSpecification\",\"valueRequired\":true,\"valueName\":\"search_term_string\"}}],\"inLanguage\":\"es\"},{\"@type\":\"Organization\",\"@id\":\"https:\/\/noti-america.com\/site\/ecuador\/#organization\",\"name\":\"Noti-America LLC | Ecuador\",\"url\":\"https:\/\/noti-america.com\/site\/ecuador\/\",\"logo\":{\"@type\":\"ImageObject\",\"inLanguage\":\"es\",\"@id\":\"https:\/\/noti-america.com\/site\/ecuador\/#\/schema\/logo\/image\/\",\"url\":\"https:\/\/noti-america.com\/site\/ecuador\/wp-content\/uploads\/sites\/18\/2020\/07\/LogoNA-4x3-1.jpg\",\"contentUrl\":\"https:\/\/noti-america.com\/site\/ecuador\/wp-content\/uploads\/sites\/18\/2020\/07\/LogoNA-4x3-1.jpg\",\"width\":1236,\"height\":1080,\"caption\":\"Noti-America LLC | Ecuador\"},\"image\":{\"@id\":\"https:\/\/noti-america.com\/site\/ecuador\/#\/schema\/logo\/image\/\"},\"sameAs\":[\"https:\/\/x.com\/notiamerica\"]},{\"@type\":\"Person\",\"@id\":\"https:\/\/noti-america.com\/site\/ecuador\/#\/schema\/person\/00042412cfa9ecf98077f847ffadda4a\",\"name\":\"Henry Garrido\",\"image\":{\"@type\":\"ImageObject\",\"inLanguage\":\"es\",\"@id\":\"https:\/\/secure.gravatar.com\/avatar\/749ae5a1e6f22cf042f04b9f3f0a22732ae36970ccfd5c54a0a2ac3c4e1166ed?s=96&d=mm&r=g\",\"url\":\"https:\/\/secure.gravatar.com\/avatar\/749ae5a1e6f22cf042f04b9f3f0a22732ae36970ccfd5c54a0a2ac3c4e1166ed?s=96&d=mm&r=g\",\"contentUrl\":\"https:\/\/secure.gravatar.com\/avatar\/749ae5a1e6f22cf042f04b9f3f0a22732ae36970ccfd5c54a0a2ac3c4e1166ed?s=96&d=mm&r=g\",\"caption\":\"Henry Garrido\"},\"url\":\"https:\/\/noti-america.com\/site\/ecuador\/author\/hgarrido\/\"}]}<\/script>\n<!-- \/ Yoast SEO Premium plugin. -->","yoast_head_json":{"title":"Operativo en la ATM de Guayaquil deja seis detenidos por presunta red de corrupci\u00f3n - Ecuador | Noti-America.com","robots":{"index":"index","follow":"follow","max-snippet":"max-snippet:-1","max-image-preview":"max-image-preview:large","max-video-preview":"max-video-preview:-1"},"canonical":"https:\/\/noti-america.com\/site\/ecuador\/2025\/10\/22\/operativo-en-la-atm-de-guayaquil-deja-seis-detenidos-por-presunta-red-de-corrupcion\/","og_locale":"es_ES","og_type":"article","og_title":"Operativo en la ATM de Guayaquil deja seis detenidos por presunta red de corrupci\u00f3n","og_description":"NOTI-AMERICA.COM | ECUADOR. En un operativo conjunto realizado la madrugada de este mi\u00e9rcoles, la Polic\u00eda Nacional y la Fiscal\u00eda General del Estado allanaron las oficinas de la Agencia de Tr\u00e1nsito y Movilidad (ATM) de&#46;&#46;&#46;","og_url":"https:\/\/noti-america.com\/site\/ecuador\/2025\/10\/22\/operativo-en-la-atm-de-guayaquil-deja-seis-detenidos-por-presunta-red-de-corrupcion\/","og_site_name":"Ecuador | Noti-America.com","article_published_time":"2025-10-22T15:50:08+00:00","og_image":[{"width":1018,"height":670,"url":"https:\/\/noti-america.com\/site\/ecuador\/wp-content\/uploads\/sites\/18\/2025\/10\/IMG-20251022-WA0118.jpg","type":"image\/jpeg"}],"author":"Henry Garrido","twitter_card":"summary_large_image","twitter_creator":"@notiamerica","twitter_site":"@notiamerica","twitter_misc":{"Escrito por":"Henry Garrido","Tiempo estimado de lectura":"2 minutos"},"schema":{"@context":"https:\/\/schema.org","@graph":[{"@type":"Article","@id":"https:\/\/noti-america.com\/site\/ecuador\/2025\/10\/22\/operativo-en-la-atm-de-guayaquil-deja-seis-detenidos-por-presunta-red-de-corrupcion\/#article","isPartOf":{"@id":"https:\/\/noti-america.com\/site\/ecuador\/2025\/10\/22\/operativo-en-la-atm-de-guayaquil-deja-seis-detenidos-por-presunta-red-de-corrupcion\/"},"author":{"name":"Henry Garrido","@id":"https:\/\/noti-america.com\/site\/ecuador\/#\/schema\/person\/00042412cfa9ecf98077f847ffadda4a"},"headline":"Operativo en la ATM de Guayaquil deja seis detenidos por presunta red de corrupci\u00f3n","datePublished":"2025-10-22T15:50:08+00:00","mainEntityOfPage":{"@id":"https:\/\/noti-america.com\/site\/ecuador\/2025\/10\/22\/operativo-en-la-atm-de-guayaquil-deja-seis-detenidos-por-presunta-red-de-corrupcion\/"},"wordCount":352,"commentCount":0,"publisher":{"@id":"https:\/\/noti-america.com\/site\/ecuador\/#organization"},"image":{"@id":"https:\/\/noti-america.com\/site\/ecuador\/2025\/10\/22\/operativo-en-la-atm-de-guayaquil-deja-seis-detenidos-por-presunta-red-de-corrupcion\/#primaryimage"},"thumbnailUrl":"https:\/\/noti-america.com\/site\/ecuador\/wp-content\/uploads\/sites\/18\/2025\/10\/IMG-20251022-WA0118.jpg","articleSection":["Actualidad"],"inLanguage":"es","potentialAction":[{"@type":"CommentAction","name":"Comment","target":["https:\/\/noti-america.com\/site\/ecuador\/2025\/10\/22\/operativo-en-la-atm-de-guayaquil-deja-seis-detenidos-por-presunta-red-de-corrupcion\/#respond"]}]},{"@type":"WebPage","@id":"https:\/\/noti-america.com\/site\/ecuador\/2025\/10\/22\/operativo-en-la-atm-de-guayaquil-deja-seis-detenidos-por-presunta-red-de-corrupcion\/","url":"https:\/\/noti-america.com\/site\/ecuador\/2025\/10\/22\/operativo-en-la-atm-de-guayaquil-deja-seis-detenidos-por-presunta-red-de-corrupcion\/","name":"Operativo en la ATM de Guayaquil deja seis detenidos por presunta red de corrupci\u00f3n - Ecuador | Noti-America.com","isPartOf":{"@id":"https:\/\/noti-america.com\/site\/ecuador\/#website"},"primaryImageOfPage":{"@id":"https:\/\/noti-america.com\/site\/ecuador\/2025\/10\/22\/operativo-en-la-atm-de-guayaquil-deja-seis-detenidos-por-presunta-red-de-corrupcion\/#primaryimage"},"image":{"@id":"https:\/\/noti-america.com\/site\/ecuador\/2025\/10\/22\/operativo-en-la-atm-de-guayaquil-deja-seis-detenidos-por-presunta-red-de-corrupcion\/#primaryimage"},"thumbnailUrl":"https:\/\/noti-america.com\/site\/ecuador\/wp-content\/uploads\/sites\/18\/2025\/10\/IMG-20251022-WA0118.jpg","datePublished":"2025-10-22T15:50:08+00:00","breadcrumb":{"@id":"https:\/\/noti-america.com\/site\/ecuador\/2025\/10\/22\/operativo-en-la-atm-de-guayaquil-deja-seis-detenidos-por-presunta-red-de-corrupcion\/#breadcrumb"},"inLanguage":"es","potentialAction":[{"@type":"ReadAction","target":["https:\/\/noti-america.com\/site\/ecuador\/2025\/10\/22\/operativo-en-la-atm-de-guayaquil-deja-seis-detenidos-por-presunta-red-de-corrupcion\/"]}]},{"@type":"ImageObject","inLanguage":"es","@id":"https:\/\/noti-america.com\/site\/ecuador\/2025\/10\/22\/operativo-en-la-atm-de-guayaquil-deja-seis-detenidos-por-presunta-red-de-corrupcion\/#primaryimage","url":"https:\/\/noti-america.com\/site\/ecuador\/wp-content\/uploads\/sites\/18\/2025\/10\/IMG-20251022-WA0118.jpg","contentUrl":"https:\/\/noti-america.com\/site\/ecuador\/wp-content\/uploads\/sites\/18\/2025\/10\/IMG-20251022-WA0118.jpg","width":1018,"height":670},{"@type":"BreadcrumbList","@id":"https:\/\/noti-america.com\/site\/ecuador\/2025\/10\/22\/operativo-en-la-atm-de-guayaquil-deja-seis-detenidos-por-presunta-red-de-corrupcion\/#breadcrumb","itemListElement":[{"@type":"ListItem","position":1,"name":"Portada","item":"https:\/\/noti-america.com\/site\/ecuador\/"},{"@type":"ListItem","position":2,"name":"Operativo en la ATM de Guayaquil deja seis detenidos por presunta red de corrupci\u00f3n"}]},{"@type":"WebSite","@id":"https:\/\/noti-america.com\/site\/ecuador\/#website","url":"https:\/\/noti-america.com\/site\/ecuador\/","name":"Ecuador | Noti-America.com","description":"","publisher":{"@id":"https:\/\/noti-america.com\/site\/ecuador\/#organization"},"potentialAction":[{"@type":"SearchAction","target":{"@type":"EntryPoint","urlTemplate":"https:\/\/noti-america.com\/site\/ecuador\/?s={search_term_string}"},"query-input":{"@type":"PropertyValueSpecification","valueRequired":true,"valueName":"search_term_string"}}],"inLanguage":"es"},{"@type":"Organization","@id":"https:\/\/noti-america.com\/site\/ecuador\/#organization","name":"Noti-America LLC | Ecuador","url":"https:\/\/noti-america.com\/site\/ecuador\/","logo":{"@type":"ImageObject","inLanguage":"es","@id":"https:\/\/noti-america.com\/site\/ecuador\/#\/schema\/logo\/image\/","url":"https:\/\/noti-america.com\/site\/ecuador\/wp-content\/uploads\/sites\/18\/2020\/07\/LogoNA-4x3-1.jpg","contentUrl":"https:\/\/noti-america.com\/site\/ecuador\/wp-content\/uploads\/sites\/18\/2020\/07\/LogoNA-4x3-1.jpg","width":1236,"height":1080,"caption":"Noti-America LLC | Ecuador"},"image":{"@id":"https:\/\/noti-america.com\/site\/ecuador\/#\/schema\/logo\/image\/"},"sameAs":["https:\/\/x.com\/notiamerica"]},{"@type":"Person","@id":"https:\/\/noti-america.com\/site\/ecuador\/#\/schema\/person\/00042412cfa9ecf98077f847ffadda4a","name":"Henry Garrido","image":{"@type":"ImageObject","inLanguage":"es","@id":"https:\/\/secure.gravatar.com\/avatar\/749ae5a1e6f22cf042f04b9f3f0a22732ae36970ccfd5c54a0a2ac3c4e1166ed?s=96&d=mm&r=g","url":"https:\/\/secure.gravatar.com\/avatar\/749ae5a1e6f22cf042f04b9f3f0a22732ae36970ccfd5c54a0a2ac3c4e1166ed?s=96&d=mm&r=g","contentUrl":"https:\/\/secure.gravatar.com\/avatar\/749ae5a1e6f22cf042f04b9f3f0a22732ae36970ccfd5c54a0a2ac3c4e1166ed?s=96&d=mm&r=g","caption":"Henry Garrido"},"url":"https:\/\/noti-america.com\/site\/ecuador\/author\/hgarrido\/"}]}},"_links":{"self":[{"href":"https:\/\/noti-america.com\/site\/ecuador\/wp-json\/wp\/v2\/posts\/36033","targetHints":{"allow":["GET"]}}],"collection":[{"href":"https:\/\/noti-america.com\/site\/ecuador\/wp-json\/wp\/v2\/posts"}],"about":[{"href":"https:\/\/noti-america.com\/site\/ecuador\/wp-json\/wp\/v2\/types\/post"}],"author":[{"embeddable":true,"href":"https:\/\/noti-america.com\/site\/ecuador\/wp-json\/wp\/v2\/users\/144"}],"replies":[{"embeddable":true,"href":"https:\/\/noti-america.com\/site\/ecuador\/wp-json\/wp\/v2\/comments?post=36033"}],"version-history":[{"count":1,"href":"https:\/\/noti-america.com\/site\/ecuador\/wp-json\/wp\/v2\/posts\/36033\/revisions"}],"predecessor-version":[{"id":36035,"href":"https:\/\/noti-america.com\/site\/ecuador\/wp-json\/wp\/v2\/posts\/36033\/revisions\/36035"}],"wp:featuredmedia":[{"embeddable":true,"href":"https:\/\/noti-america.com\/site\/ecuador\/wp-json\/wp\/v2\/media\/36034"}],"wp:attachment":[{"href":"https:\/\/noti-america.com\/site\/ecuador\/wp-json\/wp\/v2\/media?parent=36033"}],"wp:term":[{"taxonomy":"category","embeddable":true,"href":"https:\/\/noti-america.com\/site\/ecuador\/wp-json\/wp\/v2\/categories?post=36033"},{"taxonomy":"post_tag","embeddable":true,"href":"https:\/\/noti-america.com\/site\/ecuador\/wp-json\/wp\/v2\/tags?post=36033"}],"curies":[{"name":"wp","href":"https:\/\/api.w.org\/{rel}","templated":true}]}}