{"id":35434,"date":"2025-08-06T14:59:00","date_gmt":"2025-08-06T14:59:00","guid":{"rendered":"https:\/\/noti-america.com\/site\/ecuador\/?p=35434"},"modified":"2025-08-06T15:02:39","modified_gmt":"2025-08-06T15:02:39","slug":"toni-y-paccari-se-unen-nuevamente-para-presentar-su-nuevo-helado","status":"publish","type":"post","link":"https:\/\/noti-america.com\/site\/ecuador\/2025\/08\/06\/toni-y-paccari-se-unen-nuevamente-para-presentar-su-nuevo-helado\/","title":{"rendered":"TONI y Paccari se unen nuevamente para presentar su nuevo helado"},"content":{"rendered":"<p><strong>NOTI-AMERICA.COM | ECUADOR.<\/strong><\/p>\n<p style=\"text-align: justify\"><img loading=\"lazy\" decoding=\"async\" class=\"size-medium wp-image-35435 aligncenter\" src=\"https:\/\/noti-america.com\/site\/ecuador\/wp-content\/uploads\/sites\/18\/2025\/08\/HELADO-300x158.jpg\" alt=\"\" width=\"300\" height=\"158\" srcset=\"https:\/\/noti-america.com\/site\/ecuador\/wp-content\/uploads\/sites\/18\/2025\/08\/HELADO-300x158.jpg 300w, https:\/\/noti-america.com\/site\/ecuador\/wp-content\/uploads\/sites\/18\/2025\/08\/HELADO-1024x538.jpg 1024w, https:\/\/noti-america.com\/site\/ecuador\/wp-content\/uploads\/sites\/18\/2025\/08\/HELADO-768x403.jpg 768w, https:\/\/noti-america.com\/site\/ecuador\/wp-content\/uploads\/sites\/18\/2025\/08\/HELADO.jpg 1200w\" sizes=\"auto, (max-width: 300px) 100vw, 300px\" \/>TONI y Paccari se unen nuevamente para presentar una propuesta que resalta lo mejor de los sabores locales. Se trata del nuevo TONI Majestik Paccari Maracuy\u00e1, un helado ecuatorianamente irresistible que fusiona la intensidad del cacao org\u00e1nico fino de aroma, la cremosidad de la leche y la frescura vibrante de la maracuy\u00e1.<\/p>\n<p style=\"text-align: justify\">Esta innovaci\u00f3n no solo ampl\u00eda de forma permanente el portafolio de la l\u00ednea Majestik, sino que representa un paso firme en la apuesta de la marca por ofrecer productos que reflejen lo mejor del pa\u00eds: ingredientes de calidad, pr\u00e1cticas sostenibles y un fuerte v\u00ednculo con las personas que forman parte de su cadena de valor.<\/p>\n<p style=\"text-align: justify\">Este helado nace de una colaboraci\u00f3n que trasciende lo comercial. La empresa aporta leche obtenida bajo un modelo de ganader\u00eda sostenible, basado en el libre pastoreo y con un enfoque socialmente inclusivo que impulsa el desarrollo de peque\u00f1os ganaderos. Estas pr\u00e1cticas promueven un entorno saludable para los animales y garantizan que los procesos de producci\u00f3n de leche cumplan con altos est\u00e1ndares de calidad.<\/p>\n<p style=\"text-align: justify\">Por su parte, Paccari aporta su cacao org\u00e1nico fino de aroma, cultivado bajo principios de agricultura responsable. Su modelo de trabajo reconoce el esfuerzo de los agricultores y protege el entorno, asegurando un chocolate de calidad reconocido a nivel internacional.<\/p>\n<p style=\"text-align: justify\">El nuevo helado TONI Majestik Paccari Maracuy\u00e1 est\u00e1 pensado para personas que valoran la procedencia de lo que consumen, el impacto de sus decisiones y, sobre todo, los sabores que reflejan identidad. Estar\u00e1 disponible desde este mes en las principales cadenas de autoservicio y tiendas del pa\u00eds.<\/p>\n","protected":false},"excerpt":{"rendered":"<p>NOTI-AMERICA.COM | ECUADOR. TONI y Paccari se unen nuevamente para presentar una propuesta que resalta lo mejor de los sabores locales. Se trata del nuevo TONI Majestik Paccari Maracuy\u00e1, un helado ecuatorianamente irresistible que&#46;&#46;&#46;<\/p>\n","protected":false},"author":144,"featured_media":35435,"comment_status":"open","ping_status":"open","sticky":false,"template":"","format":"standard","meta":{"_acf_changed":false,"om_disable_all_campaigns":false,"rop_custom_images_group":[],"rop_custom_messages_group":[],"rop_publish_now":"initial","rop_publish_now_accounts":{"twitter_242054905_242054905":""},"rop_publish_now_history":[],"rop_publish_now_status":"pending","_uf_show_specific_survey":0,"_uf_disable_surveys":false,"footnotes":""},"categories":[1],"tags":[],"class_list":["post-35434","post","type-post","status-publish","format-standard","has-post-thumbnail","hentry","category-uncategorized"],"acf":[],"aioseo_notices":[],"yoast_head":"<!-- This site is optimized with the Yoast SEO Premium plugin v24.9 (Yoast SEO v27.2) - https:\/\/yoast.com\/product\/yoast-seo-premium-wordpress\/ -->\n<title>TONI y Paccari se unen nuevamente para presentar su nuevo helado - Ecuador | Noti-America.com<\/title>\n<meta name=\"robots\" content=\"index, follow, max-snippet:-1, max-image-preview:large, max-video-preview:-1\" \/>\n<link rel=\"canonical\" href=\"https:\/\/noti-america.com\/site\/ecuador\/2025\/08\/06\/toni-y-paccari-se-unen-nuevamente-para-presentar-su-nuevo-helado\/\" \/>\n<meta property=\"og:locale\" content=\"es_ES\" \/>\n<meta property=\"og:type\" content=\"article\" \/>\n<meta property=\"og:title\" content=\"TONI y Paccari se unen nuevamente para presentar su nuevo helado\" \/>\n<meta property=\"og:description\" content=\"NOTI-AMERICA.COM | ECUADOR. TONI y Paccari se unen nuevamente para presentar una propuesta que resalta lo mejor de los sabores locales. Se trata del nuevo TONI Majestik Paccari Maracuy\u00e1, un helado ecuatorianamente irresistible que&#046;&#046;&#046;\" \/>\n<meta property=\"og:url\" content=\"https:\/\/noti-america.com\/site\/ecuador\/2025\/08\/06\/toni-y-paccari-se-unen-nuevamente-para-presentar-su-nuevo-helado\/\" \/>\n<meta property=\"og:site_name\" content=\"Ecuador | Noti-America.com\" \/>\n<meta property=\"article:published_time\" content=\"2025-08-06T14:59:00+00:00\" \/>\n<meta property=\"article:modified_time\" content=\"2025-08-06T15:02:39+00:00\" \/>\n<meta property=\"og:image\" content=\"https:\/\/noti-america.com\/site\/ecuador\/wp-content\/uploads\/sites\/18\/2025\/08\/HELADO.jpg\" \/>\n\t<meta property=\"og:image:width\" content=\"1200\" \/>\n\t<meta property=\"og:image:height\" content=\"630\" \/>\n\t<meta property=\"og:image:type\" content=\"image\/jpeg\" \/>\n<meta name=\"author\" content=\"Henry Garrido\" \/>\n<meta name=\"twitter:card\" content=\"summary_large_image\" \/>\n<meta name=\"twitter:creator\" content=\"@notiamerica\" \/>\n<meta name=\"twitter:site\" content=\"@notiamerica\" \/>\n<meta name=\"twitter:label1\" content=\"Escrito por\" \/>\n\t<meta name=\"twitter:data1\" content=\"Henry Garrido\" \/>\n\t<meta name=\"twitter:label2\" content=\"Tiempo estimado de lectura\" \/>\n\t<meta name=\"twitter:data2\" content=\"2 minutos\" \/>\n<script type=\"application\/ld+json\" class=\"yoast-schema-graph\">{\"@context\":\"https:\/\/schema.org\",\"@graph\":[{\"@type\":\"Article\",\"@id\":\"https:\/\/noti-america.com\/site\/ecuador\/2025\/08\/06\/toni-y-paccari-se-unen-nuevamente-para-presentar-su-nuevo-helado\/#article\",\"isPartOf\":{\"@id\":\"https:\/\/noti-america.com\/site\/ecuador\/2025\/08\/06\/toni-y-paccari-se-unen-nuevamente-para-presentar-su-nuevo-helado\/\"},\"author\":{\"name\":\"Henry Garrido\",\"@id\":\"https:\/\/noti-america.com\/site\/ecuador\/#\/schema\/person\/00042412cfa9ecf98077f847ffadda4a\"},\"headline\":\"TONI y Paccari se unen nuevamente para presentar su nuevo helado\",\"datePublished\":\"2025-08-06T14:59:00+00:00\",\"dateModified\":\"2025-08-06T15:02:39+00:00\",\"mainEntityOfPage\":{\"@id\":\"https:\/\/noti-america.com\/site\/ecuador\/2025\/08\/06\/toni-y-paccari-se-unen-nuevamente-para-presentar-su-nuevo-helado\/\"},\"wordCount\":286,\"commentCount\":0,\"publisher\":{\"@id\":\"https:\/\/noti-america.com\/site\/ecuador\/#organization\"},\"image\":{\"@id\":\"https:\/\/noti-america.com\/site\/ecuador\/2025\/08\/06\/toni-y-paccari-se-unen-nuevamente-para-presentar-su-nuevo-helado\/#primaryimage\"},\"thumbnailUrl\":\"https:\/\/noti-america.com\/site\/ecuador\/wp-content\/uploads\/sites\/18\/2025\/08\/HELADO.jpg\",\"articleSection\":[\"Uncategorized\"],\"inLanguage\":\"es\",\"potentialAction\":[{\"@type\":\"CommentAction\",\"name\":\"Comment\",\"target\":[\"https:\/\/noti-america.com\/site\/ecuador\/2025\/08\/06\/toni-y-paccari-se-unen-nuevamente-para-presentar-su-nuevo-helado\/#respond\"]}]},{\"@type\":\"WebPage\",\"@id\":\"https:\/\/noti-america.com\/site\/ecuador\/2025\/08\/06\/toni-y-paccari-se-unen-nuevamente-para-presentar-su-nuevo-helado\/\",\"url\":\"https:\/\/noti-america.com\/site\/ecuador\/2025\/08\/06\/toni-y-paccari-se-unen-nuevamente-para-presentar-su-nuevo-helado\/\",\"name\":\"TONI y Paccari se unen nuevamente para presentar su nuevo helado - Ecuador | Noti-America.com\",\"isPartOf\":{\"@id\":\"https:\/\/noti-america.com\/site\/ecuador\/#website\"},\"primaryImageOfPage\":{\"@id\":\"https:\/\/noti-america.com\/site\/ecuador\/2025\/08\/06\/toni-y-paccari-se-unen-nuevamente-para-presentar-su-nuevo-helado\/#primaryimage\"},\"image\":{\"@id\":\"https:\/\/noti-america.com\/site\/ecuador\/2025\/08\/06\/toni-y-paccari-se-unen-nuevamente-para-presentar-su-nuevo-helado\/#primaryimage\"},\"thumbnailUrl\":\"https:\/\/noti-america.com\/site\/ecuador\/wp-content\/uploads\/sites\/18\/2025\/08\/HELADO.jpg\",\"datePublished\":\"2025-08-06T14:59:00+00:00\",\"dateModified\":\"2025-08-06T15:02:39+00:00\",\"breadcrumb\":{\"@id\":\"https:\/\/noti-america.com\/site\/ecuador\/2025\/08\/06\/toni-y-paccari-se-unen-nuevamente-para-presentar-su-nuevo-helado\/#breadcrumb\"},\"inLanguage\":\"es\",\"potentialAction\":[{\"@type\":\"ReadAction\",\"target\":[\"https:\/\/noti-america.com\/site\/ecuador\/2025\/08\/06\/toni-y-paccari-se-unen-nuevamente-para-presentar-su-nuevo-helado\/\"]}]},{\"@type\":\"ImageObject\",\"inLanguage\":\"es\",\"@id\":\"https:\/\/noti-america.com\/site\/ecuador\/2025\/08\/06\/toni-y-paccari-se-unen-nuevamente-para-presentar-su-nuevo-helado\/#primaryimage\",\"url\":\"https:\/\/noti-america.com\/site\/ecuador\/wp-content\/uploads\/sites\/18\/2025\/08\/HELADO.jpg\",\"contentUrl\":\"https:\/\/noti-america.com\/site\/ecuador\/wp-content\/uploads\/sites\/18\/2025\/08\/HELADO.jpg\",\"width\":1200,\"height\":630},{\"@type\":\"BreadcrumbList\",\"@id\":\"https:\/\/noti-america.com\/site\/ecuador\/2025\/08\/06\/toni-y-paccari-se-unen-nuevamente-para-presentar-su-nuevo-helado\/#breadcrumb\",\"itemListElement\":[{\"@type\":\"ListItem\",\"position\":1,\"name\":\"Portada\",\"item\":\"https:\/\/noti-america.com\/site\/ecuador\/\"},{\"@type\":\"ListItem\",\"position\":2,\"name\":\"TONI y Paccari se unen nuevamente para presentar su nuevo helado\"}]},{\"@type\":\"WebSite\",\"@id\":\"https:\/\/noti-america.com\/site\/ecuador\/#website\",\"url\":\"https:\/\/noti-america.com\/site\/ecuador\/\",\"name\":\"Ecuador | Noti-America.com\",\"description\":\"\",\"publisher\":{\"@id\":\"https:\/\/noti-america.com\/site\/ecuador\/#organization\"},\"potentialAction\":[{\"@type\":\"SearchAction\",\"target\":{\"@type\":\"EntryPoint\",\"urlTemplate\":\"https:\/\/noti-america.com\/site\/ecuador\/?s={search_term_string}\"},\"query-input\":{\"@type\":\"PropertyValueSpecification\",\"valueRequired\":true,\"valueName\":\"search_term_string\"}}],\"inLanguage\":\"es\"},{\"@type\":\"Organization\",\"@id\":\"https:\/\/noti-america.com\/site\/ecuador\/#organization\",\"name\":\"Noti-America LLC | Ecuador\",\"url\":\"https:\/\/noti-america.com\/site\/ecuador\/\",\"logo\":{\"@type\":\"ImageObject\",\"inLanguage\":\"es\",\"@id\":\"https:\/\/noti-america.com\/site\/ecuador\/#\/schema\/logo\/image\/\",\"url\":\"https:\/\/noti-america.com\/site\/ecuador\/wp-content\/uploads\/sites\/18\/2020\/07\/LogoNA-4x3-1.jpg\",\"contentUrl\":\"https:\/\/noti-america.com\/site\/ecuador\/wp-content\/uploads\/sites\/18\/2020\/07\/LogoNA-4x3-1.jpg\",\"width\":1236,\"height\":1080,\"caption\":\"Noti-America LLC | Ecuador\"},\"image\":{\"@id\":\"https:\/\/noti-america.com\/site\/ecuador\/#\/schema\/logo\/image\/\"},\"sameAs\":[\"https:\/\/x.com\/notiamerica\"]},{\"@type\":\"Person\",\"@id\":\"https:\/\/noti-america.com\/site\/ecuador\/#\/schema\/person\/00042412cfa9ecf98077f847ffadda4a\",\"name\":\"Henry Garrido\",\"image\":{\"@type\":\"ImageObject\",\"inLanguage\":\"es\",\"@id\":\"https:\/\/secure.gravatar.com\/avatar\/749ae5a1e6f22cf042f04b9f3f0a22732ae36970ccfd5c54a0a2ac3c4e1166ed?s=96&d=mm&r=g\",\"url\":\"https:\/\/secure.gravatar.com\/avatar\/749ae5a1e6f22cf042f04b9f3f0a22732ae36970ccfd5c54a0a2ac3c4e1166ed?s=96&d=mm&r=g\",\"contentUrl\":\"https:\/\/secure.gravatar.com\/avatar\/749ae5a1e6f22cf042f04b9f3f0a22732ae36970ccfd5c54a0a2ac3c4e1166ed?s=96&d=mm&r=g\",\"caption\":\"Henry Garrido\"},\"url\":\"https:\/\/noti-america.com\/site\/ecuador\/author\/hgarrido\/\"}]}<\/script>\n<!-- \/ Yoast SEO Premium plugin. -->","yoast_head_json":{"title":"TONI y Paccari se unen nuevamente para presentar su nuevo helado - Ecuador | Noti-America.com","robots":{"index":"index","follow":"follow","max-snippet":"max-snippet:-1","max-image-preview":"max-image-preview:large","max-video-preview":"max-video-preview:-1"},"canonical":"https:\/\/noti-america.com\/site\/ecuador\/2025\/08\/06\/toni-y-paccari-se-unen-nuevamente-para-presentar-su-nuevo-helado\/","og_locale":"es_ES","og_type":"article","og_title":"TONI y Paccari se unen nuevamente para presentar su nuevo helado","og_description":"NOTI-AMERICA.COM | ECUADOR. TONI y Paccari se unen nuevamente para presentar una propuesta que resalta lo mejor de los sabores locales. Se trata del nuevo TONI Majestik Paccari Maracuy\u00e1, un helado ecuatorianamente irresistible que&#46;&#46;&#46;","og_url":"https:\/\/noti-america.com\/site\/ecuador\/2025\/08\/06\/toni-y-paccari-se-unen-nuevamente-para-presentar-su-nuevo-helado\/","og_site_name":"Ecuador | Noti-America.com","article_published_time":"2025-08-06T14:59:00+00:00","article_modified_time":"2025-08-06T15:02:39+00:00","og_image":[{"width":1200,"height":630,"url":"https:\/\/noti-america.com\/site\/ecuador\/wp-content\/uploads\/sites\/18\/2025\/08\/HELADO.jpg","type":"image\/jpeg"}],"author":"Henry Garrido","twitter_card":"summary_large_image","twitter_creator":"@notiamerica","twitter_site":"@notiamerica","twitter_misc":{"Escrito por":"Henry Garrido","Tiempo estimado de lectura":"2 minutos"},"schema":{"@context":"https:\/\/schema.org","@graph":[{"@type":"Article","@id":"https:\/\/noti-america.com\/site\/ecuador\/2025\/08\/06\/toni-y-paccari-se-unen-nuevamente-para-presentar-su-nuevo-helado\/#article","isPartOf":{"@id":"https:\/\/noti-america.com\/site\/ecuador\/2025\/08\/06\/toni-y-paccari-se-unen-nuevamente-para-presentar-su-nuevo-helado\/"},"author":{"name":"Henry Garrido","@id":"https:\/\/noti-america.com\/site\/ecuador\/#\/schema\/person\/00042412cfa9ecf98077f847ffadda4a"},"headline":"TONI y Paccari se unen nuevamente para presentar su nuevo helado","datePublished":"2025-08-06T14:59:00+00:00","dateModified":"2025-08-06T15:02:39+00:00","mainEntityOfPage":{"@id":"https:\/\/noti-america.com\/site\/ecuador\/2025\/08\/06\/toni-y-paccari-se-unen-nuevamente-para-presentar-su-nuevo-helado\/"},"wordCount":286,"commentCount":0,"publisher":{"@id":"https:\/\/noti-america.com\/site\/ecuador\/#organization"},"image":{"@id":"https:\/\/noti-america.com\/site\/ecuador\/2025\/08\/06\/toni-y-paccari-se-unen-nuevamente-para-presentar-su-nuevo-helado\/#primaryimage"},"thumbnailUrl":"https:\/\/noti-america.com\/site\/ecuador\/wp-content\/uploads\/sites\/18\/2025\/08\/HELADO.jpg","articleSection":["Uncategorized"],"inLanguage":"es","potentialAction":[{"@type":"CommentAction","name":"Comment","target":["https:\/\/noti-america.com\/site\/ecuador\/2025\/08\/06\/toni-y-paccari-se-unen-nuevamente-para-presentar-su-nuevo-helado\/#respond"]}]},{"@type":"WebPage","@id":"https:\/\/noti-america.com\/site\/ecuador\/2025\/08\/06\/toni-y-paccari-se-unen-nuevamente-para-presentar-su-nuevo-helado\/","url":"https:\/\/noti-america.com\/site\/ecuador\/2025\/08\/06\/toni-y-paccari-se-unen-nuevamente-para-presentar-su-nuevo-helado\/","name":"TONI y Paccari se unen nuevamente para presentar su nuevo helado - Ecuador | Noti-America.com","isPartOf":{"@id":"https:\/\/noti-america.com\/site\/ecuador\/#website"},"primaryImageOfPage":{"@id":"https:\/\/noti-america.com\/site\/ecuador\/2025\/08\/06\/toni-y-paccari-se-unen-nuevamente-para-presentar-su-nuevo-helado\/#primaryimage"},"image":{"@id":"https:\/\/noti-america.com\/site\/ecuador\/2025\/08\/06\/toni-y-paccari-se-unen-nuevamente-para-presentar-su-nuevo-helado\/#primaryimage"},"thumbnailUrl":"https:\/\/noti-america.com\/site\/ecuador\/wp-content\/uploads\/sites\/18\/2025\/08\/HELADO.jpg","datePublished":"2025-08-06T14:59:00+00:00","dateModified":"2025-08-06T15:02:39+00:00","breadcrumb":{"@id":"https:\/\/noti-america.com\/site\/ecuador\/2025\/08\/06\/toni-y-paccari-se-unen-nuevamente-para-presentar-su-nuevo-helado\/#breadcrumb"},"inLanguage":"es","potentialAction":[{"@type":"ReadAction","target":["https:\/\/noti-america.com\/site\/ecuador\/2025\/08\/06\/toni-y-paccari-se-unen-nuevamente-para-presentar-su-nuevo-helado\/"]}]},{"@type":"ImageObject","inLanguage":"es","@id":"https:\/\/noti-america.com\/site\/ecuador\/2025\/08\/06\/toni-y-paccari-se-unen-nuevamente-para-presentar-su-nuevo-helado\/#primaryimage","url":"https:\/\/noti-america.com\/site\/ecuador\/wp-content\/uploads\/sites\/18\/2025\/08\/HELADO.jpg","contentUrl":"https:\/\/noti-america.com\/site\/ecuador\/wp-content\/uploads\/sites\/18\/2025\/08\/HELADO.jpg","width":1200,"height":630},{"@type":"BreadcrumbList","@id":"https:\/\/noti-america.com\/site\/ecuador\/2025\/08\/06\/toni-y-paccari-se-unen-nuevamente-para-presentar-su-nuevo-helado\/#breadcrumb","itemListElement":[{"@type":"ListItem","position":1,"name":"Portada","item":"https:\/\/noti-america.com\/site\/ecuador\/"},{"@type":"ListItem","position":2,"name":"TONI y Paccari se unen nuevamente para presentar su nuevo helado"}]},{"@type":"WebSite","@id":"https:\/\/noti-america.com\/site\/ecuador\/#website","url":"https:\/\/noti-america.com\/site\/ecuador\/","name":"Ecuador | Noti-America.com","description":"","publisher":{"@id":"https:\/\/noti-america.com\/site\/ecuador\/#organization"},"potentialAction":[{"@type":"SearchAction","target":{"@type":"EntryPoint","urlTemplate":"https:\/\/noti-america.com\/site\/ecuador\/?s={search_term_string}"},"query-input":{"@type":"PropertyValueSpecification","valueRequired":true,"valueName":"search_term_string"}}],"inLanguage":"es"},{"@type":"Organization","@id":"https:\/\/noti-america.com\/site\/ecuador\/#organization","name":"Noti-America LLC | Ecuador","url":"https:\/\/noti-america.com\/site\/ecuador\/","logo":{"@type":"ImageObject","inLanguage":"es","@id":"https:\/\/noti-america.com\/site\/ecuador\/#\/schema\/logo\/image\/","url":"https:\/\/noti-america.com\/site\/ecuador\/wp-content\/uploads\/sites\/18\/2020\/07\/LogoNA-4x3-1.jpg","contentUrl":"https:\/\/noti-america.com\/site\/ecuador\/wp-content\/uploads\/sites\/18\/2020\/07\/LogoNA-4x3-1.jpg","width":1236,"height":1080,"caption":"Noti-America LLC | Ecuador"},"image":{"@id":"https:\/\/noti-america.com\/site\/ecuador\/#\/schema\/logo\/image\/"},"sameAs":["https:\/\/x.com\/notiamerica"]},{"@type":"Person","@id":"https:\/\/noti-america.com\/site\/ecuador\/#\/schema\/person\/00042412cfa9ecf98077f847ffadda4a","name":"Henry Garrido","image":{"@type":"ImageObject","inLanguage":"es","@id":"https:\/\/secure.gravatar.com\/avatar\/749ae5a1e6f22cf042f04b9f3f0a22732ae36970ccfd5c54a0a2ac3c4e1166ed?s=96&d=mm&r=g","url":"https:\/\/secure.gravatar.com\/avatar\/749ae5a1e6f22cf042f04b9f3f0a22732ae36970ccfd5c54a0a2ac3c4e1166ed?s=96&d=mm&r=g","contentUrl":"https:\/\/secure.gravatar.com\/avatar\/749ae5a1e6f22cf042f04b9f3f0a22732ae36970ccfd5c54a0a2ac3c4e1166ed?s=96&d=mm&r=g","caption":"Henry Garrido"},"url":"https:\/\/noti-america.com\/site\/ecuador\/author\/hgarrido\/"}]}},"_links":{"self":[{"href":"https:\/\/noti-america.com\/site\/ecuador\/wp-json\/wp\/v2\/posts\/35434","targetHints":{"allow":["GET"]}}],"collection":[{"href":"https:\/\/noti-america.com\/site\/ecuador\/wp-json\/wp\/v2\/posts"}],"about":[{"href":"https:\/\/noti-america.com\/site\/ecuador\/wp-json\/wp\/v2\/types\/post"}],"author":[{"embeddable":true,"href":"https:\/\/noti-america.com\/site\/ecuador\/wp-json\/wp\/v2\/users\/144"}],"replies":[{"embeddable":true,"href":"https:\/\/noti-america.com\/site\/ecuador\/wp-json\/wp\/v2\/comments?post=35434"}],"version-history":[{"count":1,"href":"https:\/\/noti-america.com\/site\/ecuador\/wp-json\/wp\/v2\/posts\/35434\/revisions"}],"predecessor-version":[{"id":35436,"href":"https:\/\/noti-america.com\/site\/ecuador\/wp-json\/wp\/v2\/posts\/35434\/revisions\/35436"}],"wp:featuredmedia":[{"embeddable":true,"href":"https:\/\/noti-america.com\/site\/ecuador\/wp-json\/wp\/v2\/media\/35435"}],"wp:attachment":[{"href":"https:\/\/noti-america.com\/site\/ecuador\/wp-json\/wp\/v2\/media?parent=35434"}],"wp:term":[{"taxonomy":"category","embeddable":true,"href":"https:\/\/noti-america.com\/site\/ecuador\/wp-json\/wp\/v2\/categories?post=35434"},{"taxonomy":"post_tag","embeddable":true,"href":"https:\/\/noti-america.com\/site\/ecuador\/wp-json\/wp\/v2\/tags?post=35434"}],"curies":[{"name":"wp","href":"https:\/\/api.w.org\/{rel}","templated":true}]}}