{"id":35340,"date":"2025-07-29T02:34:28","date_gmt":"2025-07-29T02:34:28","guid":{"rendered":"https:\/\/noti-america.com\/site\/ecuador\/?p=35340"},"modified":"2025-07-29T02:34:28","modified_gmt":"2025-07-29T02:34:28","slug":"vehicentro-realizo-el-lanzamiento-de-su-nueva-camioneta-sinotruk","status":"publish","type":"post","link":"https:\/\/noti-america.com\/site\/ecuador\/2025\/07\/29\/vehicentro-realizo-el-lanzamiento-de-su-nueva-camioneta-sinotruk\/","title":{"rendered":"Vehicentro realiz\u00f3 el lanzamiento de su nueva camioneta Sinotruk"},"content":{"rendered":"<p><strong>NOTI-AMERICA.COM | ECUADOR.\u00a0<\/strong><\/p>\n<p style=\"text-align: justify\"><img loading=\"lazy\" decoding=\"async\" class=\"size-medium wp-image-35341 aligncenter\" src=\"https:\/\/noti-america.com\/site\/ecuador\/wp-content\/uploads\/sites\/18\/2025\/07\/CAMIONETA-SINOTRUK-VUELTA-AL-ECUADOR-2025-VEHICENTRO-300x200.jpg\" alt=\"\" width=\"300\" height=\"200\" srcset=\"https:\/\/noti-america.com\/site\/ecuador\/wp-content\/uploads\/sites\/18\/2025\/07\/CAMIONETA-SINOTRUK-VUELTA-AL-ECUADOR-2025-VEHICENTRO-300x200.jpg 300w, https:\/\/noti-america.com\/site\/ecuador\/wp-content\/uploads\/sites\/18\/2025\/07\/CAMIONETA-SINOTRUK-VUELTA-AL-ECUADOR-2025-VEHICENTRO-1024x683.jpg 1024w, https:\/\/noti-america.com\/site\/ecuador\/wp-content\/uploads\/sites\/18\/2025\/07\/CAMIONETA-SINOTRUK-VUELTA-AL-ECUADOR-2025-VEHICENTRO-768x512.jpg 768w, https:\/\/noti-america.com\/site\/ecuador\/wp-content\/uploads\/sites\/18\/2025\/07\/CAMIONETA-SINOTRUK-VUELTA-AL-ECUADOR-2025-VEHICENTRO-272x182.jpg 272w, https:\/\/noti-america.com\/site\/ecuador\/wp-content\/uploads\/sites\/18\/2025\/07\/CAMIONETA-SINOTRUK-VUELTA-AL-ECUADOR-2025-VEHICENTRO.jpg 1200w\" sizes=\"auto, (max-width: 300px) 100vw, 300px\" \/>Con m\u00e1s de 50 000 personas reunidas en el Burger Show durante las fiestas julianas de Guayaquil, Vehicentro Ecuador present\u00f3 oficialmente su nueva camioneta Sinotruk.<\/p>\n<p style=\"text-align: justify\">Con dos d\u00e9cadas de trayectoria en el mercado ecuatoriano, Vehicentro ha consolidado a Sinotruk como la marca de camiones m\u00e1s vendida en Ecuador. Ahora, da un paso firme hacia el segmento de pick-ups con la llegada de su nueva camioneta: una fusi\u00f3n de potencia, seguridad y tecnolog\u00eda, pensada para quienes exigen m\u00e1s.<\/p>\n<p style=\"text-align: justify\">Este modelo ofrece tracci\u00f3n electr\u00f3nica 4\u00d72 y 4\u00d74, adem\u00e1s de una capacidad de carga de 1 tonelada y de arrastre de 1,7 toneladas. Es una pickup robusta, ideal tanto para trabajos exigentes como para el uso urbano diario.<\/p>\n<p style=\"text-align: justify\">En materia de seguridad y confort, destaca por sus frenos de disco en las cuatro ruedas, sistema de control de estabilidad (ESP), asistencia en pendientes (HAC), airbags frontales, y una cabina equipada con pantalla multimedia de 12,5\u201d, mandos al volante, aire acondicionado y conectividad Bluetooth.<\/p>\n<p style=\"text-align: justify\">Vehicentro ha sido reconocido como el Distribuidor #1 de Sinotruk en Am\u00e9rica Latina. Su portafolio de camiones ya es l\u00edder en ventas en Ecuador, y con esta nueva camioneta, refuerza su apuesta por diversificar su oferta con soluciones de movilidad confiables y modernas.<\/p>\n","protected":false},"excerpt":{"rendered":"<p>NOTI-AMERICA.COM | ECUADOR.\u00a0 Con m\u00e1s de 50 000 personas reunidas en el Burger Show durante las fiestas julianas de Guayaquil, Vehicentro Ecuador present\u00f3 oficialmente su nueva camioneta Sinotruk. Con dos d\u00e9cadas de trayectoria en&#46;&#46;&#46;<\/p>\n","protected":false},"author":144,"featured_media":35341,"comment_status":"open","ping_status":"open","sticky":false,"template":"","format":"standard","meta":{"_acf_changed":false,"om_disable_all_campaigns":false,"rop_custom_images_group":[],"rop_custom_messages_group":[],"rop_publish_now":"initial","rop_publish_now_accounts":{"twitter_242054905_242054905":""},"rop_publish_now_history":[],"rop_publish_now_status":"pending","_uf_show_specific_survey":0,"_uf_disable_surveys":false,"footnotes":""},"categories":[1],"tags":[],"class_list":["post-35340","post","type-post","status-publish","format-standard","has-post-thumbnail","hentry","category-uncategorized"],"acf":[],"aioseo_notices":[],"yoast_head":"<!-- This site is optimized with the Yoast SEO Premium plugin v24.9 (Yoast SEO v27.2) - https:\/\/yoast.com\/product\/yoast-seo-premium-wordpress\/ -->\n<title>Vehicentro realiz\u00f3 el lanzamiento de su nueva camioneta Sinotruk - Ecuador | Noti-America.com<\/title>\n<meta name=\"robots\" content=\"index, follow, max-snippet:-1, max-image-preview:large, max-video-preview:-1\" \/>\n<link rel=\"canonical\" href=\"https:\/\/noti-america.com\/site\/ecuador\/2025\/07\/29\/vehicentro-realizo-el-lanzamiento-de-su-nueva-camioneta-sinotruk\/\" \/>\n<meta property=\"og:locale\" content=\"es_ES\" \/>\n<meta property=\"og:type\" content=\"article\" \/>\n<meta property=\"og:title\" content=\"Vehicentro realiz\u00f3 el lanzamiento de su nueva camioneta Sinotruk\" \/>\n<meta property=\"og:description\" content=\"NOTI-AMERICA.COM | ECUADOR.\u00a0 Con m\u00e1s de 50 000 personas reunidas en el Burger Show durante las fiestas julianas de Guayaquil, Vehicentro Ecuador present\u00f3 oficialmente su nueva camioneta Sinotruk. Con dos d\u00e9cadas de trayectoria en&#046;&#046;&#046;\" \/>\n<meta property=\"og:url\" content=\"https:\/\/noti-america.com\/site\/ecuador\/2025\/07\/29\/vehicentro-realizo-el-lanzamiento-de-su-nueva-camioneta-sinotruk\/\" \/>\n<meta property=\"og:site_name\" content=\"Ecuador | Noti-America.com\" \/>\n<meta property=\"article:published_time\" content=\"2025-07-29T02:34:28+00:00\" \/>\n<meta property=\"og:image\" content=\"https:\/\/noti-america.com\/site\/ecuador\/wp-content\/uploads\/sites\/18\/2025\/07\/CAMIONETA-SINOTRUK-VUELTA-AL-ECUADOR-2025-VEHICENTRO.jpg\" \/>\n\t<meta property=\"og:image:width\" content=\"1200\" \/>\n\t<meta property=\"og:image:height\" content=\"800\" \/>\n\t<meta property=\"og:image:type\" content=\"image\/jpeg\" \/>\n<meta name=\"author\" content=\"Henry Garrido\" \/>\n<meta name=\"twitter:card\" content=\"summary_large_image\" \/>\n<meta name=\"twitter:creator\" content=\"@notiamerica\" \/>\n<meta name=\"twitter:site\" content=\"@notiamerica\" \/>\n<meta name=\"twitter:label1\" content=\"Escrito por\" \/>\n\t<meta name=\"twitter:data1\" content=\"Henry Garrido\" \/>\n\t<meta name=\"twitter:label2\" content=\"Tiempo estimado de lectura\" \/>\n\t<meta name=\"twitter:data2\" content=\"2 minutos\" \/>\n<script type=\"application\/ld+json\" class=\"yoast-schema-graph\">{\"@context\":\"https:\/\/schema.org\",\"@graph\":[{\"@type\":\"Article\",\"@id\":\"https:\/\/noti-america.com\/site\/ecuador\/2025\/07\/29\/vehicentro-realizo-el-lanzamiento-de-su-nueva-camioneta-sinotruk\/#article\",\"isPartOf\":{\"@id\":\"https:\/\/noti-america.com\/site\/ecuador\/2025\/07\/29\/vehicentro-realizo-el-lanzamiento-de-su-nueva-camioneta-sinotruk\/\"},\"author\":{\"name\":\"Henry Garrido\",\"@id\":\"https:\/\/noti-america.com\/site\/ecuador\/#\/schema\/person\/00042412cfa9ecf98077f847ffadda4a\"},\"headline\":\"Vehicentro realiz\u00f3 el lanzamiento de su nueva camioneta Sinotruk\",\"datePublished\":\"2025-07-29T02:34:28+00:00\",\"mainEntityOfPage\":{\"@id\":\"https:\/\/noti-america.com\/site\/ecuador\/2025\/07\/29\/vehicentro-realizo-el-lanzamiento-de-su-nueva-camioneta-sinotruk\/\"},\"wordCount\":218,\"commentCount\":0,\"publisher\":{\"@id\":\"https:\/\/noti-america.com\/site\/ecuador\/#organization\"},\"image\":{\"@id\":\"https:\/\/noti-america.com\/site\/ecuador\/2025\/07\/29\/vehicentro-realizo-el-lanzamiento-de-su-nueva-camioneta-sinotruk\/#primaryimage\"},\"thumbnailUrl\":\"https:\/\/noti-america.com\/site\/ecuador\/wp-content\/uploads\/sites\/18\/2025\/07\/CAMIONETA-SINOTRUK-VUELTA-AL-ECUADOR-2025-VEHICENTRO.jpg\",\"articleSection\":[\"Uncategorized\"],\"inLanguage\":\"es\",\"potentialAction\":[{\"@type\":\"CommentAction\",\"name\":\"Comment\",\"target\":[\"https:\/\/noti-america.com\/site\/ecuador\/2025\/07\/29\/vehicentro-realizo-el-lanzamiento-de-su-nueva-camioneta-sinotruk\/#respond\"]}]},{\"@type\":\"WebPage\",\"@id\":\"https:\/\/noti-america.com\/site\/ecuador\/2025\/07\/29\/vehicentro-realizo-el-lanzamiento-de-su-nueva-camioneta-sinotruk\/\",\"url\":\"https:\/\/noti-america.com\/site\/ecuador\/2025\/07\/29\/vehicentro-realizo-el-lanzamiento-de-su-nueva-camioneta-sinotruk\/\",\"name\":\"Vehicentro realiz\u00f3 el lanzamiento de su nueva camioneta Sinotruk - Ecuador | Noti-America.com\",\"isPartOf\":{\"@id\":\"https:\/\/noti-america.com\/site\/ecuador\/#website\"},\"primaryImageOfPage\":{\"@id\":\"https:\/\/noti-america.com\/site\/ecuador\/2025\/07\/29\/vehicentro-realizo-el-lanzamiento-de-su-nueva-camioneta-sinotruk\/#primaryimage\"},\"image\":{\"@id\":\"https:\/\/noti-america.com\/site\/ecuador\/2025\/07\/29\/vehicentro-realizo-el-lanzamiento-de-su-nueva-camioneta-sinotruk\/#primaryimage\"},\"thumbnailUrl\":\"https:\/\/noti-america.com\/site\/ecuador\/wp-content\/uploads\/sites\/18\/2025\/07\/CAMIONETA-SINOTRUK-VUELTA-AL-ECUADOR-2025-VEHICENTRO.jpg\",\"datePublished\":\"2025-07-29T02:34:28+00:00\",\"breadcrumb\":{\"@id\":\"https:\/\/noti-america.com\/site\/ecuador\/2025\/07\/29\/vehicentro-realizo-el-lanzamiento-de-su-nueva-camioneta-sinotruk\/#breadcrumb\"},\"inLanguage\":\"es\",\"potentialAction\":[{\"@type\":\"ReadAction\",\"target\":[\"https:\/\/noti-america.com\/site\/ecuador\/2025\/07\/29\/vehicentro-realizo-el-lanzamiento-de-su-nueva-camioneta-sinotruk\/\"]}]},{\"@type\":\"ImageObject\",\"inLanguage\":\"es\",\"@id\":\"https:\/\/noti-america.com\/site\/ecuador\/2025\/07\/29\/vehicentro-realizo-el-lanzamiento-de-su-nueva-camioneta-sinotruk\/#primaryimage\",\"url\":\"https:\/\/noti-america.com\/site\/ecuador\/wp-content\/uploads\/sites\/18\/2025\/07\/CAMIONETA-SINOTRUK-VUELTA-AL-ECUADOR-2025-VEHICENTRO.jpg\",\"contentUrl\":\"https:\/\/noti-america.com\/site\/ecuador\/wp-content\/uploads\/sites\/18\/2025\/07\/CAMIONETA-SINOTRUK-VUELTA-AL-ECUADOR-2025-VEHICENTRO.jpg\",\"width\":1200,\"height\":800},{\"@type\":\"BreadcrumbList\",\"@id\":\"https:\/\/noti-america.com\/site\/ecuador\/2025\/07\/29\/vehicentro-realizo-el-lanzamiento-de-su-nueva-camioneta-sinotruk\/#breadcrumb\",\"itemListElement\":[{\"@type\":\"ListItem\",\"position\":1,\"name\":\"Portada\",\"item\":\"https:\/\/noti-america.com\/site\/ecuador\/\"},{\"@type\":\"ListItem\",\"position\":2,\"name\":\"Vehicentro realiz\u00f3 el lanzamiento de su nueva camioneta Sinotruk\"}]},{\"@type\":\"WebSite\",\"@id\":\"https:\/\/noti-america.com\/site\/ecuador\/#website\",\"url\":\"https:\/\/noti-america.com\/site\/ecuador\/\",\"name\":\"Ecuador | Noti-America.com\",\"description\":\"\",\"publisher\":{\"@id\":\"https:\/\/noti-america.com\/site\/ecuador\/#organization\"},\"potentialAction\":[{\"@type\":\"SearchAction\",\"target\":{\"@type\":\"EntryPoint\",\"urlTemplate\":\"https:\/\/noti-america.com\/site\/ecuador\/?s={search_term_string}\"},\"query-input\":{\"@type\":\"PropertyValueSpecification\",\"valueRequired\":true,\"valueName\":\"search_term_string\"}}],\"inLanguage\":\"es\"},{\"@type\":\"Organization\",\"@id\":\"https:\/\/noti-america.com\/site\/ecuador\/#organization\",\"name\":\"Noti-America LLC | Ecuador\",\"url\":\"https:\/\/noti-america.com\/site\/ecuador\/\",\"logo\":{\"@type\":\"ImageObject\",\"inLanguage\":\"es\",\"@id\":\"https:\/\/noti-america.com\/site\/ecuador\/#\/schema\/logo\/image\/\",\"url\":\"https:\/\/noti-america.com\/site\/ecuador\/wp-content\/uploads\/sites\/18\/2020\/07\/LogoNA-4x3-1.jpg\",\"contentUrl\":\"https:\/\/noti-america.com\/site\/ecuador\/wp-content\/uploads\/sites\/18\/2020\/07\/LogoNA-4x3-1.jpg\",\"width\":1236,\"height\":1080,\"caption\":\"Noti-America LLC | Ecuador\"},\"image\":{\"@id\":\"https:\/\/noti-america.com\/site\/ecuador\/#\/schema\/logo\/image\/\"},\"sameAs\":[\"https:\/\/x.com\/notiamerica\"]},{\"@type\":\"Person\",\"@id\":\"https:\/\/noti-america.com\/site\/ecuador\/#\/schema\/person\/00042412cfa9ecf98077f847ffadda4a\",\"name\":\"Henry Garrido\",\"image\":{\"@type\":\"ImageObject\",\"inLanguage\":\"es\",\"@id\":\"https:\/\/secure.gravatar.com\/avatar\/749ae5a1e6f22cf042f04b9f3f0a22732ae36970ccfd5c54a0a2ac3c4e1166ed?s=96&d=mm&r=g\",\"url\":\"https:\/\/secure.gravatar.com\/avatar\/749ae5a1e6f22cf042f04b9f3f0a22732ae36970ccfd5c54a0a2ac3c4e1166ed?s=96&d=mm&r=g\",\"contentUrl\":\"https:\/\/secure.gravatar.com\/avatar\/749ae5a1e6f22cf042f04b9f3f0a22732ae36970ccfd5c54a0a2ac3c4e1166ed?s=96&d=mm&r=g\",\"caption\":\"Henry Garrido\"},\"url\":\"https:\/\/noti-america.com\/site\/ecuador\/author\/hgarrido\/\"}]}<\/script>\n<!-- \/ Yoast SEO Premium plugin. -->","yoast_head_json":{"title":"Vehicentro realiz\u00f3 el lanzamiento de su nueva camioneta Sinotruk - Ecuador | Noti-America.com","robots":{"index":"index","follow":"follow","max-snippet":"max-snippet:-1","max-image-preview":"max-image-preview:large","max-video-preview":"max-video-preview:-1"},"canonical":"https:\/\/noti-america.com\/site\/ecuador\/2025\/07\/29\/vehicentro-realizo-el-lanzamiento-de-su-nueva-camioneta-sinotruk\/","og_locale":"es_ES","og_type":"article","og_title":"Vehicentro realiz\u00f3 el lanzamiento de su nueva camioneta Sinotruk","og_description":"NOTI-AMERICA.COM | ECUADOR.\u00a0 Con m\u00e1s de 50 000 personas reunidas en el Burger Show durante las fiestas julianas de Guayaquil, Vehicentro Ecuador present\u00f3 oficialmente su nueva camioneta Sinotruk. Con dos d\u00e9cadas de trayectoria en&#46;&#46;&#46;","og_url":"https:\/\/noti-america.com\/site\/ecuador\/2025\/07\/29\/vehicentro-realizo-el-lanzamiento-de-su-nueva-camioneta-sinotruk\/","og_site_name":"Ecuador | Noti-America.com","article_published_time":"2025-07-29T02:34:28+00:00","og_image":[{"width":1200,"height":800,"url":"https:\/\/noti-america.com\/site\/ecuador\/wp-content\/uploads\/sites\/18\/2025\/07\/CAMIONETA-SINOTRUK-VUELTA-AL-ECUADOR-2025-VEHICENTRO.jpg","type":"image\/jpeg"}],"author":"Henry Garrido","twitter_card":"summary_large_image","twitter_creator":"@notiamerica","twitter_site":"@notiamerica","twitter_misc":{"Escrito por":"Henry Garrido","Tiempo estimado de lectura":"2 minutos"},"schema":{"@context":"https:\/\/schema.org","@graph":[{"@type":"Article","@id":"https:\/\/noti-america.com\/site\/ecuador\/2025\/07\/29\/vehicentro-realizo-el-lanzamiento-de-su-nueva-camioneta-sinotruk\/#article","isPartOf":{"@id":"https:\/\/noti-america.com\/site\/ecuador\/2025\/07\/29\/vehicentro-realizo-el-lanzamiento-de-su-nueva-camioneta-sinotruk\/"},"author":{"name":"Henry Garrido","@id":"https:\/\/noti-america.com\/site\/ecuador\/#\/schema\/person\/00042412cfa9ecf98077f847ffadda4a"},"headline":"Vehicentro realiz\u00f3 el lanzamiento de su nueva camioneta Sinotruk","datePublished":"2025-07-29T02:34:28+00:00","mainEntityOfPage":{"@id":"https:\/\/noti-america.com\/site\/ecuador\/2025\/07\/29\/vehicentro-realizo-el-lanzamiento-de-su-nueva-camioneta-sinotruk\/"},"wordCount":218,"commentCount":0,"publisher":{"@id":"https:\/\/noti-america.com\/site\/ecuador\/#organization"},"image":{"@id":"https:\/\/noti-america.com\/site\/ecuador\/2025\/07\/29\/vehicentro-realizo-el-lanzamiento-de-su-nueva-camioneta-sinotruk\/#primaryimage"},"thumbnailUrl":"https:\/\/noti-america.com\/site\/ecuador\/wp-content\/uploads\/sites\/18\/2025\/07\/CAMIONETA-SINOTRUK-VUELTA-AL-ECUADOR-2025-VEHICENTRO.jpg","articleSection":["Uncategorized"],"inLanguage":"es","potentialAction":[{"@type":"CommentAction","name":"Comment","target":["https:\/\/noti-america.com\/site\/ecuador\/2025\/07\/29\/vehicentro-realizo-el-lanzamiento-de-su-nueva-camioneta-sinotruk\/#respond"]}]},{"@type":"WebPage","@id":"https:\/\/noti-america.com\/site\/ecuador\/2025\/07\/29\/vehicentro-realizo-el-lanzamiento-de-su-nueva-camioneta-sinotruk\/","url":"https:\/\/noti-america.com\/site\/ecuador\/2025\/07\/29\/vehicentro-realizo-el-lanzamiento-de-su-nueva-camioneta-sinotruk\/","name":"Vehicentro realiz\u00f3 el lanzamiento de su nueva camioneta Sinotruk - Ecuador | Noti-America.com","isPartOf":{"@id":"https:\/\/noti-america.com\/site\/ecuador\/#website"},"primaryImageOfPage":{"@id":"https:\/\/noti-america.com\/site\/ecuador\/2025\/07\/29\/vehicentro-realizo-el-lanzamiento-de-su-nueva-camioneta-sinotruk\/#primaryimage"},"image":{"@id":"https:\/\/noti-america.com\/site\/ecuador\/2025\/07\/29\/vehicentro-realizo-el-lanzamiento-de-su-nueva-camioneta-sinotruk\/#primaryimage"},"thumbnailUrl":"https:\/\/noti-america.com\/site\/ecuador\/wp-content\/uploads\/sites\/18\/2025\/07\/CAMIONETA-SINOTRUK-VUELTA-AL-ECUADOR-2025-VEHICENTRO.jpg","datePublished":"2025-07-29T02:34:28+00:00","breadcrumb":{"@id":"https:\/\/noti-america.com\/site\/ecuador\/2025\/07\/29\/vehicentro-realizo-el-lanzamiento-de-su-nueva-camioneta-sinotruk\/#breadcrumb"},"inLanguage":"es","potentialAction":[{"@type":"ReadAction","target":["https:\/\/noti-america.com\/site\/ecuador\/2025\/07\/29\/vehicentro-realizo-el-lanzamiento-de-su-nueva-camioneta-sinotruk\/"]}]},{"@type":"ImageObject","inLanguage":"es","@id":"https:\/\/noti-america.com\/site\/ecuador\/2025\/07\/29\/vehicentro-realizo-el-lanzamiento-de-su-nueva-camioneta-sinotruk\/#primaryimage","url":"https:\/\/noti-america.com\/site\/ecuador\/wp-content\/uploads\/sites\/18\/2025\/07\/CAMIONETA-SINOTRUK-VUELTA-AL-ECUADOR-2025-VEHICENTRO.jpg","contentUrl":"https:\/\/noti-america.com\/site\/ecuador\/wp-content\/uploads\/sites\/18\/2025\/07\/CAMIONETA-SINOTRUK-VUELTA-AL-ECUADOR-2025-VEHICENTRO.jpg","width":1200,"height":800},{"@type":"BreadcrumbList","@id":"https:\/\/noti-america.com\/site\/ecuador\/2025\/07\/29\/vehicentro-realizo-el-lanzamiento-de-su-nueva-camioneta-sinotruk\/#breadcrumb","itemListElement":[{"@type":"ListItem","position":1,"name":"Portada","item":"https:\/\/noti-america.com\/site\/ecuador\/"},{"@type":"ListItem","position":2,"name":"Vehicentro realiz\u00f3 el lanzamiento de su nueva camioneta Sinotruk"}]},{"@type":"WebSite","@id":"https:\/\/noti-america.com\/site\/ecuador\/#website","url":"https:\/\/noti-america.com\/site\/ecuador\/","name":"Ecuador | Noti-America.com","description":"","publisher":{"@id":"https:\/\/noti-america.com\/site\/ecuador\/#organization"},"potentialAction":[{"@type":"SearchAction","target":{"@type":"EntryPoint","urlTemplate":"https:\/\/noti-america.com\/site\/ecuador\/?s={search_term_string}"},"query-input":{"@type":"PropertyValueSpecification","valueRequired":true,"valueName":"search_term_string"}}],"inLanguage":"es"},{"@type":"Organization","@id":"https:\/\/noti-america.com\/site\/ecuador\/#organization","name":"Noti-America LLC | Ecuador","url":"https:\/\/noti-america.com\/site\/ecuador\/","logo":{"@type":"ImageObject","inLanguage":"es","@id":"https:\/\/noti-america.com\/site\/ecuador\/#\/schema\/logo\/image\/","url":"https:\/\/noti-america.com\/site\/ecuador\/wp-content\/uploads\/sites\/18\/2020\/07\/LogoNA-4x3-1.jpg","contentUrl":"https:\/\/noti-america.com\/site\/ecuador\/wp-content\/uploads\/sites\/18\/2020\/07\/LogoNA-4x3-1.jpg","width":1236,"height":1080,"caption":"Noti-America LLC | Ecuador"},"image":{"@id":"https:\/\/noti-america.com\/site\/ecuador\/#\/schema\/logo\/image\/"},"sameAs":["https:\/\/x.com\/notiamerica"]},{"@type":"Person","@id":"https:\/\/noti-america.com\/site\/ecuador\/#\/schema\/person\/00042412cfa9ecf98077f847ffadda4a","name":"Henry Garrido","image":{"@type":"ImageObject","inLanguage":"es","@id":"https:\/\/secure.gravatar.com\/avatar\/749ae5a1e6f22cf042f04b9f3f0a22732ae36970ccfd5c54a0a2ac3c4e1166ed?s=96&d=mm&r=g","url":"https:\/\/secure.gravatar.com\/avatar\/749ae5a1e6f22cf042f04b9f3f0a22732ae36970ccfd5c54a0a2ac3c4e1166ed?s=96&d=mm&r=g","contentUrl":"https:\/\/secure.gravatar.com\/avatar\/749ae5a1e6f22cf042f04b9f3f0a22732ae36970ccfd5c54a0a2ac3c4e1166ed?s=96&d=mm&r=g","caption":"Henry Garrido"},"url":"https:\/\/noti-america.com\/site\/ecuador\/author\/hgarrido\/"}]}},"_links":{"self":[{"href":"https:\/\/noti-america.com\/site\/ecuador\/wp-json\/wp\/v2\/posts\/35340","targetHints":{"allow":["GET"]}}],"collection":[{"href":"https:\/\/noti-america.com\/site\/ecuador\/wp-json\/wp\/v2\/posts"}],"about":[{"href":"https:\/\/noti-america.com\/site\/ecuador\/wp-json\/wp\/v2\/types\/post"}],"author":[{"embeddable":true,"href":"https:\/\/noti-america.com\/site\/ecuador\/wp-json\/wp\/v2\/users\/144"}],"replies":[{"embeddable":true,"href":"https:\/\/noti-america.com\/site\/ecuador\/wp-json\/wp\/v2\/comments?post=35340"}],"version-history":[{"count":1,"href":"https:\/\/noti-america.com\/site\/ecuador\/wp-json\/wp\/v2\/posts\/35340\/revisions"}],"predecessor-version":[{"id":35342,"href":"https:\/\/noti-america.com\/site\/ecuador\/wp-json\/wp\/v2\/posts\/35340\/revisions\/35342"}],"wp:featuredmedia":[{"embeddable":true,"href":"https:\/\/noti-america.com\/site\/ecuador\/wp-json\/wp\/v2\/media\/35341"}],"wp:attachment":[{"href":"https:\/\/noti-america.com\/site\/ecuador\/wp-json\/wp\/v2\/media?parent=35340"}],"wp:term":[{"taxonomy":"category","embeddable":true,"href":"https:\/\/noti-america.com\/site\/ecuador\/wp-json\/wp\/v2\/categories?post=35340"},{"taxonomy":"post_tag","embeddable":true,"href":"https:\/\/noti-america.com\/site\/ecuador\/wp-json\/wp\/v2\/tags?post=35340"}],"curies":[{"name":"wp","href":"https:\/\/api.w.org\/{rel}","templated":true}]}}