{"id":35307,"date":"2025-07-23T15:26:54","date_gmt":"2025-07-23T15:26:54","guid":{"rendered":"https:\/\/noti-america.com\/site\/ecuador\/?p=35307"},"modified":"2025-07-23T15:26:54","modified_gmt":"2025-07-23T15:26:54","slug":"la-seguridad-vial-y-la-proteccion-vehicular-se-han-convertido-en-temas-prioritarios","status":"publish","type":"post","link":"https:\/\/noti-america.com\/site\/ecuador\/2025\/07\/23\/la-seguridad-vial-y-la-proteccion-vehicular-se-han-convertido-en-temas-prioritarios\/","title":{"rendered":"La seguridad vial y la protecci\u00f3n vehicular se han convertido en temas prioritarios"},"content":{"rendered":"<p><strong>NOTI-AMERICA.COM | ECUADOR.\u00a0<\/strong><\/p>\n<p style=\"text-align: justify\"><img loading=\"lazy\" decoding=\"async\" class=\"size-medium wp-image-35308 aligncenter\" src=\"https:\/\/noti-america.com\/site\/ecuador\/wp-content\/uploads\/sites\/18\/2025\/07\/IMG-20250722-WA0052-300x200.jpg\" alt=\"\" width=\"300\" height=\"200\" srcset=\"https:\/\/noti-america.com\/site\/ecuador\/wp-content\/uploads\/sites\/18\/2025\/07\/IMG-20250722-WA0052-300x200.jpg 300w, https:\/\/noti-america.com\/site\/ecuador\/wp-content\/uploads\/sites\/18\/2025\/07\/IMG-20250722-WA0052-1024x682.jpg 1024w, https:\/\/noti-america.com\/site\/ecuador\/wp-content\/uploads\/sites\/18\/2025\/07\/IMG-20250722-WA0052-768x512.jpg 768w, https:\/\/noti-america.com\/site\/ecuador\/wp-content\/uploads\/sites\/18\/2025\/07\/IMG-20250722-WA0052-1536x1023.jpg 1536w, https:\/\/noti-america.com\/site\/ecuador\/wp-content\/uploads\/sites\/18\/2025\/07\/IMG-20250722-WA0052-272x182.jpg 272w, https:\/\/noti-america.com\/site\/ecuador\/wp-content\/uploads\/sites\/18\/2025\/07\/IMG-20250722-WA0052.jpg 1600w\" sizes=\"auto, (max-width: 300px) 100vw, 300px\" \/>En Ecuador, la cultura de seguros a\u00fan enfrenta desaf\u00edos importantes. Aunque el mercado asegurador ha mostrado se\u00f1ales de crecimiento en los \u00faltimos a\u00f1os, muchas personas siguen percibiendo los seguros como un gasto innecesario, m\u00e1s que como una inversi\u00f3n en protecci\u00f3n. Esta percepci\u00f3n se refleja especialmente en el \u00e1mbito vehicular, donde una gran parte del parque automotor circula sin ning\u00fan tipo de respaldo ante accidentes, robos o da\u00f1os a terceros.<\/p>\n<p style=\"text-align: justify\">Mientras productos como los seguros de salud y vida han ganado mayor penetraci\u00f3n, la cobertura vehicular contin\u00faa siendo una de las m\u00e1s subestimadas. Esto ocurre a pesar de que los riesgos en las v\u00edas, como la siniestralidad, el robo de autos o los da\u00f1os colaterales, son cada vez m\u00e1s frecuentes y costosos. La falta de conciencia, combinada con barreras econ\u00f3micas y desinformaci\u00f3n, ha frenado una adopci\u00f3n m\u00e1s amplia de este tipo de protecci\u00f3n.<\/p>\n<p style=\"text-align: justify\">Frente a este escenario, el mercado ha empezado a diversificar sus productos, buscando ofrecer coberturas m\u00e1s flexibles, asequibles y acordes al perfil de los conductores ecuatorianos. Empresas especializadas en seguridad vehicular, como Ituran Ecuador, han fortalecido su rol dentro del ecosistema, ofreciendo soluciones integradas que combinan tecnolog\u00eda, rastreo y coberturas clave, incluso para veh\u00edculos con m\u00e1s de 10 a\u00f1os de antig\u00fcedad.<\/p>\n<p style=\"text-align: justify\">Aunque el mercado de seguros es amplio, pocos productos atienden realmente las necesidades de quienes poseen veh\u00edculos con m\u00e1s de 10 o 15 a\u00f1os de antig\u00fcedad. Frente a esta realidad, Ituran Ecuador presenta una propuesta \u00fanica en el pa\u00eds: un producto innovador que combina tecnolog\u00eda y protecci\u00f3n, dise\u00f1ado especialmente para autos livianos de hasta 25 a\u00f1os.<\/p>\n<p style=\"text-align: justify\">Esta soluci\u00f3n ofrece tres tipos de cobertura adaptadas a distintos perfiles de conductor: protecci\u00f3n contra robo total, responsabilidad civil frente a terceros y cobertura por p\u00e9rdida total por da\u00f1os. Todo esto integrado con un sistema de rastreo GPS en tiempo real, que proporciona mayor seguridad y control.<\/p>\n<p style=\"text-align: justify\">Una alternativa inteligente, accesible y confiable, enfocada en lo esencial: proteger lo que tanto cost\u00f3 conseguir y brindar la tranquilidad que cada viaje merece.<\/p>\n","protected":false},"excerpt":{"rendered":"<p>NOTI-AMERICA.COM | ECUADOR.\u00a0 En Ecuador, la cultura de seguros a\u00fan enfrenta desaf\u00edos importantes. Aunque el mercado asegurador ha mostrado se\u00f1ales de crecimiento en los \u00faltimos a\u00f1os, muchas personas siguen percibiendo los seguros como un&#46;&#46;&#46;<\/p>\n","protected":false},"author":144,"featured_media":35308,"comment_status":"open","ping_status":"open","sticky":false,"template":"","format":"standard","meta":{"_acf_changed":false,"om_disable_all_campaigns":false,"rop_custom_images_group":[],"rop_custom_messages_group":[],"rop_publish_now":"initial","rop_publish_now_accounts":{"twitter_242054905_242054905":""},"rop_publish_now_history":[],"rop_publish_now_status":"pending","_uf_show_specific_survey":0,"_uf_disable_surveys":false,"footnotes":""},"categories":[1],"tags":[],"class_list":["post-35307","post","type-post","status-publish","format-standard","has-post-thumbnail","hentry","category-uncategorized"],"acf":[],"aioseo_notices":[],"yoast_head":"<!-- This site is optimized with the Yoast SEO Premium plugin v24.9 (Yoast SEO v27.2) - https:\/\/yoast.com\/product\/yoast-seo-premium-wordpress\/ -->\n<title>La seguridad vial y la protecci\u00f3n vehicular se han convertido en temas prioritarios - Ecuador | Noti-America.com<\/title>\n<meta name=\"robots\" content=\"index, follow, max-snippet:-1, max-image-preview:large, max-video-preview:-1\" \/>\n<link rel=\"canonical\" href=\"https:\/\/noti-america.com\/site\/ecuador\/2025\/07\/23\/la-seguridad-vial-y-la-proteccion-vehicular-se-han-convertido-en-temas-prioritarios\/\" \/>\n<meta property=\"og:locale\" content=\"es_ES\" \/>\n<meta property=\"og:type\" content=\"article\" \/>\n<meta property=\"og:title\" content=\"La seguridad vial y la protecci\u00f3n vehicular se han convertido en temas prioritarios\" \/>\n<meta property=\"og:description\" content=\"NOTI-AMERICA.COM | ECUADOR.\u00a0 En Ecuador, la cultura de seguros a\u00fan enfrenta desaf\u00edos importantes. Aunque el mercado asegurador ha mostrado se\u00f1ales de crecimiento en los \u00faltimos a\u00f1os, muchas personas siguen percibiendo los seguros como un&#046;&#046;&#046;\" \/>\n<meta property=\"og:url\" content=\"https:\/\/noti-america.com\/site\/ecuador\/2025\/07\/23\/la-seguridad-vial-y-la-proteccion-vehicular-se-han-convertido-en-temas-prioritarios\/\" \/>\n<meta property=\"og:site_name\" content=\"Ecuador | Noti-America.com\" \/>\n<meta property=\"article:published_time\" content=\"2025-07-23T15:26:54+00:00\" \/>\n<meta property=\"og:image\" content=\"https:\/\/noti-america.com\/site\/ecuador\/wp-content\/uploads\/sites\/18\/2025\/07\/IMG-20250722-WA0052.jpg\" \/>\n\t<meta property=\"og:image:width\" content=\"1600\" \/>\n\t<meta property=\"og:image:height\" content=\"1066\" \/>\n\t<meta property=\"og:image:type\" content=\"image\/jpeg\" \/>\n<meta name=\"author\" content=\"Henry Garrido\" \/>\n<meta name=\"twitter:card\" content=\"summary_large_image\" \/>\n<meta name=\"twitter:creator\" content=\"@notiamerica\" \/>\n<meta name=\"twitter:site\" content=\"@notiamerica\" \/>\n<meta name=\"twitter:label1\" content=\"Escrito por\" \/>\n\t<meta name=\"twitter:data1\" content=\"Henry Garrido\" \/>\n\t<meta name=\"twitter:label2\" content=\"Tiempo estimado de lectura\" \/>\n\t<meta name=\"twitter:data2\" content=\"2 minutos\" \/>\n<script type=\"application\/ld+json\" class=\"yoast-schema-graph\">{\"@context\":\"https:\/\/schema.org\",\"@graph\":[{\"@type\":\"Article\",\"@id\":\"https:\/\/noti-america.com\/site\/ecuador\/2025\/07\/23\/la-seguridad-vial-y-la-proteccion-vehicular-se-han-convertido-en-temas-prioritarios\/#article\",\"isPartOf\":{\"@id\":\"https:\/\/noti-america.com\/site\/ecuador\/2025\/07\/23\/la-seguridad-vial-y-la-proteccion-vehicular-se-han-convertido-en-temas-prioritarios\/\"},\"author\":{\"name\":\"Henry Garrido\",\"@id\":\"https:\/\/noti-america.com\/site\/ecuador\/#\/schema\/person\/00042412cfa9ecf98077f847ffadda4a\"},\"headline\":\"La seguridad vial y la protecci\u00f3n vehicular se han convertido en temas prioritarios\",\"datePublished\":\"2025-07-23T15:26:54+00:00\",\"mainEntityOfPage\":{\"@id\":\"https:\/\/noti-america.com\/site\/ecuador\/2025\/07\/23\/la-seguridad-vial-y-la-proteccion-vehicular-se-han-convertido-en-temas-prioritarios\/\"},\"wordCount\":383,\"commentCount\":0,\"publisher\":{\"@id\":\"https:\/\/noti-america.com\/site\/ecuador\/#organization\"},\"image\":{\"@id\":\"https:\/\/noti-america.com\/site\/ecuador\/2025\/07\/23\/la-seguridad-vial-y-la-proteccion-vehicular-se-han-convertido-en-temas-prioritarios\/#primaryimage\"},\"thumbnailUrl\":\"https:\/\/noti-america.com\/site\/ecuador\/wp-content\/uploads\/sites\/18\/2025\/07\/IMG-20250722-WA0052.jpg\",\"articleSection\":[\"Uncategorized\"],\"inLanguage\":\"es\",\"potentialAction\":[{\"@type\":\"CommentAction\",\"name\":\"Comment\",\"target\":[\"https:\/\/noti-america.com\/site\/ecuador\/2025\/07\/23\/la-seguridad-vial-y-la-proteccion-vehicular-se-han-convertido-en-temas-prioritarios\/#respond\"]}]},{\"@type\":\"WebPage\",\"@id\":\"https:\/\/noti-america.com\/site\/ecuador\/2025\/07\/23\/la-seguridad-vial-y-la-proteccion-vehicular-se-han-convertido-en-temas-prioritarios\/\",\"url\":\"https:\/\/noti-america.com\/site\/ecuador\/2025\/07\/23\/la-seguridad-vial-y-la-proteccion-vehicular-se-han-convertido-en-temas-prioritarios\/\",\"name\":\"La seguridad vial y la protecci\u00f3n vehicular se han convertido en temas prioritarios - Ecuador | Noti-America.com\",\"isPartOf\":{\"@id\":\"https:\/\/noti-america.com\/site\/ecuador\/#website\"},\"primaryImageOfPage\":{\"@id\":\"https:\/\/noti-america.com\/site\/ecuador\/2025\/07\/23\/la-seguridad-vial-y-la-proteccion-vehicular-se-han-convertido-en-temas-prioritarios\/#primaryimage\"},\"image\":{\"@id\":\"https:\/\/noti-america.com\/site\/ecuador\/2025\/07\/23\/la-seguridad-vial-y-la-proteccion-vehicular-se-han-convertido-en-temas-prioritarios\/#primaryimage\"},\"thumbnailUrl\":\"https:\/\/noti-america.com\/site\/ecuador\/wp-content\/uploads\/sites\/18\/2025\/07\/IMG-20250722-WA0052.jpg\",\"datePublished\":\"2025-07-23T15:26:54+00:00\",\"breadcrumb\":{\"@id\":\"https:\/\/noti-america.com\/site\/ecuador\/2025\/07\/23\/la-seguridad-vial-y-la-proteccion-vehicular-se-han-convertido-en-temas-prioritarios\/#breadcrumb\"},\"inLanguage\":\"es\",\"potentialAction\":[{\"@type\":\"ReadAction\",\"target\":[\"https:\/\/noti-america.com\/site\/ecuador\/2025\/07\/23\/la-seguridad-vial-y-la-proteccion-vehicular-se-han-convertido-en-temas-prioritarios\/\"]}]},{\"@type\":\"ImageObject\",\"inLanguage\":\"es\",\"@id\":\"https:\/\/noti-america.com\/site\/ecuador\/2025\/07\/23\/la-seguridad-vial-y-la-proteccion-vehicular-se-han-convertido-en-temas-prioritarios\/#primaryimage\",\"url\":\"https:\/\/noti-america.com\/site\/ecuador\/wp-content\/uploads\/sites\/18\/2025\/07\/IMG-20250722-WA0052.jpg\",\"contentUrl\":\"https:\/\/noti-america.com\/site\/ecuador\/wp-content\/uploads\/sites\/18\/2025\/07\/IMG-20250722-WA0052.jpg\",\"width\":1600,\"height\":1066},{\"@type\":\"BreadcrumbList\",\"@id\":\"https:\/\/noti-america.com\/site\/ecuador\/2025\/07\/23\/la-seguridad-vial-y-la-proteccion-vehicular-se-han-convertido-en-temas-prioritarios\/#breadcrumb\",\"itemListElement\":[{\"@type\":\"ListItem\",\"position\":1,\"name\":\"Portada\",\"item\":\"https:\/\/noti-america.com\/site\/ecuador\/\"},{\"@type\":\"ListItem\",\"position\":2,\"name\":\"La seguridad vial y la protecci\u00f3n vehicular se han convertido en temas prioritarios\"}]},{\"@type\":\"WebSite\",\"@id\":\"https:\/\/noti-america.com\/site\/ecuador\/#website\",\"url\":\"https:\/\/noti-america.com\/site\/ecuador\/\",\"name\":\"Ecuador | Noti-America.com\",\"description\":\"\",\"publisher\":{\"@id\":\"https:\/\/noti-america.com\/site\/ecuador\/#organization\"},\"potentialAction\":[{\"@type\":\"SearchAction\",\"target\":{\"@type\":\"EntryPoint\",\"urlTemplate\":\"https:\/\/noti-america.com\/site\/ecuador\/?s={search_term_string}\"},\"query-input\":{\"@type\":\"PropertyValueSpecification\",\"valueRequired\":true,\"valueName\":\"search_term_string\"}}],\"inLanguage\":\"es\"},{\"@type\":\"Organization\",\"@id\":\"https:\/\/noti-america.com\/site\/ecuador\/#organization\",\"name\":\"Noti-America LLC | Ecuador\",\"url\":\"https:\/\/noti-america.com\/site\/ecuador\/\",\"logo\":{\"@type\":\"ImageObject\",\"inLanguage\":\"es\",\"@id\":\"https:\/\/noti-america.com\/site\/ecuador\/#\/schema\/logo\/image\/\",\"url\":\"https:\/\/noti-america.com\/site\/ecuador\/wp-content\/uploads\/sites\/18\/2020\/07\/LogoNA-4x3-1.jpg\",\"contentUrl\":\"https:\/\/noti-america.com\/site\/ecuador\/wp-content\/uploads\/sites\/18\/2020\/07\/LogoNA-4x3-1.jpg\",\"width\":1236,\"height\":1080,\"caption\":\"Noti-America LLC | Ecuador\"},\"image\":{\"@id\":\"https:\/\/noti-america.com\/site\/ecuador\/#\/schema\/logo\/image\/\"},\"sameAs\":[\"https:\/\/x.com\/notiamerica\"]},{\"@type\":\"Person\",\"@id\":\"https:\/\/noti-america.com\/site\/ecuador\/#\/schema\/person\/00042412cfa9ecf98077f847ffadda4a\",\"name\":\"Henry Garrido\",\"image\":{\"@type\":\"ImageObject\",\"inLanguage\":\"es\",\"@id\":\"https:\/\/secure.gravatar.com\/avatar\/749ae5a1e6f22cf042f04b9f3f0a22732ae36970ccfd5c54a0a2ac3c4e1166ed?s=96&d=mm&r=g\",\"url\":\"https:\/\/secure.gravatar.com\/avatar\/749ae5a1e6f22cf042f04b9f3f0a22732ae36970ccfd5c54a0a2ac3c4e1166ed?s=96&d=mm&r=g\",\"contentUrl\":\"https:\/\/secure.gravatar.com\/avatar\/749ae5a1e6f22cf042f04b9f3f0a22732ae36970ccfd5c54a0a2ac3c4e1166ed?s=96&d=mm&r=g\",\"caption\":\"Henry Garrido\"},\"url\":\"https:\/\/noti-america.com\/site\/ecuador\/author\/hgarrido\/\"}]}<\/script>\n<!-- \/ Yoast SEO Premium plugin. -->","yoast_head_json":{"title":"La seguridad vial y la protecci\u00f3n vehicular se han convertido en temas prioritarios - Ecuador | Noti-America.com","robots":{"index":"index","follow":"follow","max-snippet":"max-snippet:-1","max-image-preview":"max-image-preview:large","max-video-preview":"max-video-preview:-1"},"canonical":"https:\/\/noti-america.com\/site\/ecuador\/2025\/07\/23\/la-seguridad-vial-y-la-proteccion-vehicular-se-han-convertido-en-temas-prioritarios\/","og_locale":"es_ES","og_type":"article","og_title":"La seguridad vial y la protecci\u00f3n vehicular se han convertido en temas prioritarios","og_description":"NOTI-AMERICA.COM | ECUADOR.\u00a0 En Ecuador, la cultura de seguros a\u00fan enfrenta desaf\u00edos importantes. Aunque el mercado asegurador ha mostrado se\u00f1ales de crecimiento en los \u00faltimos a\u00f1os, muchas personas siguen percibiendo los seguros como un&#46;&#46;&#46;","og_url":"https:\/\/noti-america.com\/site\/ecuador\/2025\/07\/23\/la-seguridad-vial-y-la-proteccion-vehicular-se-han-convertido-en-temas-prioritarios\/","og_site_name":"Ecuador | Noti-America.com","article_published_time":"2025-07-23T15:26:54+00:00","og_image":[{"width":1600,"height":1066,"url":"https:\/\/noti-america.com\/site\/ecuador\/wp-content\/uploads\/sites\/18\/2025\/07\/IMG-20250722-WA0052.jpg","type":"image\/jpeg"}],"author":"Henry Garrido","twitter_card":"summary_large_image","twitter_creator":"@notiamerica","twitter_site":"@notiamerica","twitter_misc":{"Escrito por":"Henry Garrido","Tiempo estimado de lectura":"2 minutos"},"schema":{"@context":"https:\/\/schema.org","@graph":[{"@type":"Article","@id":"https:\/\/noti-america.com\/site\/ecuador\/2025\/07\/23\/la-seguridad-vial-y-la-proteccion-vehicular-se-han-convertido-en-temas-prioritarios\/#article","isPartOf":{"@id":"https:\/\/noti-america.com\/site\/ecuador\/2025\/07\/23\/la-seguridad-vial-y-la-proteccion-vehicular-se-han-convertido-en-temas-prioritarios\/"},"author":{"name":"Henry Garrido","@id":"https:\/\/noti-america.com\/site\/ecuador\/#\/schema\/person\/00042412cfa9ecf98077f847ffadda4a"},"headline":"La seguridad vial y la protecci\u00f3n vehicular se han convertido en temas prioritarios","datePublished":"2025-07-23T15:26:54+00:00","mainEntityOfPage":{"@id":"https:\/\/noti-america.com\/site\/ecuador\/2025\/07\/23\/la-seguridad-vial-y-la-proteccion-vehicular-se-han-convertido-en-temas-prioritarios\/"},"wordCount":383,"commentCount":0,"publisher":{"@id":"https:\/\/noti-america.com\/site\/ecuador\/#organization"},"image":{"@id":"https:\/\/noti-america.com\/site\/ecuador\/2025\/07\/23\/la-seguridad-vial-y-la-proteccion-vehicular-se-han-convertido-en-temas-prioritarios\/#primaryimage"},"thumbnailUrl":"https:\/\/noti-america.com\/site\/ecuador\/wp-content\/uploads\/sites\/18\/2025\/07\/IMG-20250722-WA0052.jpg","articleSection":["Uncategorized"],"inLanguage":"es","potentialAction":[{"@type":"CommentAction","name":"Comment","target":["https:\/\/noti-america.com\/site\/ecuador\/2025\/07\/23\/la-seguridad-vial-y-la-proteccion-vehicular-se-han-convertido-en-temas-prioritarios\/#respond"]}]},{"@type":"WebPage","@id":"https:\/\/noti-america.com\/site\/ecuador\/2025\/07\/23\/la-seguridad-vial-y-la-proteccion-vehicular-se-han-convertido-en-temas-prioritarios\/","url":"https:\/\/noti-america.com\/site\/ecuador\/2025\/07\/23\/la-seguridad-vial-y-la-proteccion-vehicular-se-han-convertido-en-temas-prioritarios\/","name":"La seguridad vial y la protecci\u00f3n vehicular se han convertido en temas prioritarios - Ecuador | Noti-America.com","isPartOf":{"@id":"https:\/\/noti-america.com\/site\/ecuador\/#website"},"primaryImageOfPage":{"@id":"https:\/\/noti-america.com\/site\/ecuador\/2025\/07\/23\/la-seguridad-vial-y-la-proteccion-vehicular-se-han-convertido-en-temas-prioritarios\/#primaryimage"},"image":{"@id":"https:\/\/noti-america.com\/site\/ecuador\/2025\/07\/23\/la-seguridad-vial-y-la-proteccion-vehicular-se-han-convertido-en-temas-prioritarios\/#primaryimage"},"thumbnailUrl":"https:\/\/noti-america.com\/site\/ecuador\/wp-content\/uploads\/sites\/18\/2025\/07\/IMG-20250722-WA0052.jpg","datePublished":"2025-07-23T15:26:54+00:00","breadcrumb":{"@id":"https:\/\/noti-america.com\/site\/ecuador\/2025\/07\/23\/la-seguridad-vial-y-la-proteccion-vehicular-se-han-convertido-en-temas-prioritarios\/#breadcrumb"},"inLanguage":"es","potentialAction":[{"@type":"ReadAction","target":["https:\/\/noti-america.com\/site\/ecuador\/2025\/07\/23\/la-seguridad-vial-y-la-proteccion-vehicular-se-han-convertido-en-temas-prioritarios\/"]}]},{"@type":"ImageObject","inLanguage":"es","@id":"https:\/\/noti-america.com\/site\/ecuador\/2025\/07\/23\/la-seguridad-vial-y-la-proteccion-vehicular-se-han-convertido-en-temas-prioritarios\/#primaryimage","url":"https:\/\/noti-america.com\/site\/ecuador\/wp-content\/uploads\/sites\/18\/2025\/07\/IMG-20250722-WA0052.jpg","contentUrl":"https:\/\/noti-america.com\/site\/ecuador\/wp-content\/uploads\/sites\/18\/2025\/07\/IMG-20250722-WA0052.jpg","width":1600,"height":1066},{"@type":"BreadcrumbList","@id":"https:\/\/noti-america.com\/site\/ecuador\/2025\/07\/23\/la-seguridad-vial-y-la-proteccion-vehicular-se-han-convertido-en-temas-prioritarios\/#breadcrumb","itemListElement":[{"@type":"ListItem","position":1,"name":"Portada","item":"https:\/\/noti-america.com\/site\/ecuador\/"},{"@type":"ListItem","position":2,"name":"La seguridad vial y la protecci\u00f3n vehicular se han convertido en temas prioritarios"}]},{"@type":"WebSite","@id":"https:\/\/noti-america.com\/site\/ecuador\/#website","url":"https:\/\/noti-america.com\/site\/ecuador\/","name":"Ecuador | Noti-America.com","description":"","publisher":{"@id":"https:\/\/noti-america.com\/site\/ecuador\/#organization"},"potentialAction":[{"@type":"SearchAction","target":{"@type":"EntryPoint","urlTemplate":"https:\/\/noti-america.com\/site\/ecuador\/?s={search_term_string}"},"query-input":{"@type":"PropertyValueSpecification","valueRequired":true,"valueName":"search_term_string"}}],"inLanguage":"es"},{"@type":"Organization","@id":"https:\/\/noti-america.com\/site\/ecuador\/#organization","name":"Noti-America LLC | Ecuador","url":"https:\/\/noti-america.com\/site\/ecuador\/","logo":{"@type":"ImageObject","inLanguage":"es","@id":"https:\/\/noti-america.com\/site\/ecuador\/#\/schema\/logo\/image\/","url":"https:\/\/noti-america.com\/site\/ecuador\/wp-content\/uploads\/sites\/18\/2020\/07\/LogoNA-4x3-1.jpg","contentUrl":"https:\/\/noti-america.com\/site\/ecuador\/wp-content\/uploads\/sites\/18\/2020\/07\/LogoNA-4x3-1.jpg","width":1236,"height":1080,"caption":"Noti-America LLC | Ecuador"},"image":{"@id":"https:\/\/noti-america.com\/site\/ecuador\/#\/schema\/logo\/image\/"},"sameAs":["https:\/\/x.com\/notiamerica"]},{"@type":"Person","@id":"https:\/\/noti-america.com\/site\/ecuador\/#\/schema\/person\/00042412cfa9ecf98077f847ffadda4a","name":"Henry Garrido","image":{"@type":"ImageObject","inLanguage":"es","@id":"https:\/\/secure.gravatar.com\/avatar\/749ae5a1e6f22cf042f04b9f3f0a22732ae36970ccfd5c54a0a2ac3c4e1166ed?s=96&d=mm&r=g","url":"https:\/\/secure.gravatar.com\/avatar\/749ae5a1e6f22cf042f04b9f3f0a22732ae36970ccfd5c54a0a2ac3c4e1166ed?s=96&d=mm&r=g","contentUrl":"https:\/\/secure.gravatar.com\/avatar\/749ae5a1e6f22cf042f04b9f3f0a22732ae36970ccfd5c54a0a2ac3c4e1166ed?s=96&d=mm&r=g","caption":"Henry Garrido"},"url":"https:\/\/noti-america.com\/site\/ecuador\/author\/hgarrido\/"}]}},"_links":{"self":[{"href":"https:\/\/noti-america.com\/site\/ecuador\/wp-json\/wp\/v2\/posts\/35307","targetHints":{"allow":["GET"]}}],"collection":[{"href":"https:\/\/noti-america.com\/site\/ecuador\/wp-json\/wp\/v2\/posts"}],"about":[{"href":"https:\/\/noti-america.com\/site\/ecuador\/wp-json\/wp\/v2\/types\/post"}],"author":[{"embeddable":true,"href":"https:\/\/noti-america.com\/site\/ecuador\/wp-json\/wp\/v2\/users\/144"}],"replies":[{"embeddable":true,"href":"https:\/\/noti-america.com\/site\/ecuador\/wp-json\/wp\/v2\/comments?post=35307"}],"version-history":[{"count":1,"href":"https:\/\/noti-america.com\/site\/ecuador\/wp-json\/wp\/v2\/posts\/35307\/revisions"}],"predecessor-version":[{"id":35309,"href":"https:\/\/noti-america.com\/site\/ecuador\/wp-json\/wp\/v2\/posts\/35307\/revisions\/35309"}],"wp:featuredmedia":[{"embeddable":true,"href":"https:\/\/noti-america.com\/site\/ecuador\/wp-json\/wp\/v2\/media\/35308"}],"wp:attachment":[{"href":"https:\/\/noti-america.com\/site\/ecuador\/wp-json\/wp\/v2\/media?parent=35307"}],"wp:term":[{"taxonomy":"category","embeddable":true,"href":"https:\/\/noti-america.com\/site\/ecuador\/wp-json\/wp\/v2\/categories?post=35307"},{"taxonomy":"post_tag","embeddable":true,"href":"https:\/\/noti-america.com\/site\/ecuador\/wp-json\/wp\/v2\/tags?post=35307"}],"curies":[{"name":"wp","href":"https:\/\/api.w.org\/{rel}","templated":true}]}}