{"id":35287,"date":"2025-07-20T22:13:33","date_gmt":"2025-07-20T22:13:33","guid":{"rendered":"https:\/\/noti-america.com\/site\/ecuador\/?p=35287"},"modified":"2025-07-20T22:13:33","modified_gmt":"2025-07-20T22:13:33","slug":"uanataca-apuesta-por-el-talento-deportivo-juvenil","status":"publish","type":"post","link":"https:\/\/noti-america.com\/site\/ecuador\/2025\/07\/20\/uanataca-apuesta-por-el-talento-deportivo-juvenil\/","title":{"rendered":"Uanataca apuesta por el talento deportivo juvenil"},"content":{"rendered":"<p><strong>NOTI-AMERICA.COM | ECUADOR.<\/strong><\/p>\n<p style=\"text-align: justify\"><img loading=\"lazy\" decoding=\"async\" class=\"size-medium wp-image-35288 aligncenter\" src=\"https:\/\/noti-america.com\/site\/ecuador\/wp-content\/uploads\/sites\/18\/2025\/07\/8385dcbf-3424-4035-a860-fa76e7f4831c-300x200.jpg\" alt=\"\" width=\"300\" height=\"200\" srcset=\"https:\/\/noti-america.com\/site\/ecuador\/wp-content\/uploads\/sites\/18\/2025\/07\/8385dcbf-3424-4035-a860-fa76e7f4831c-300x200.jpg 300w, https:\/\/noti-america.com\/site\/ecuador\/wp-content\/uploads\/sites\/18\/2025\/07\/8385dcbf-3424-4035-a860-fa76e7f4831c-1024x682.jpg 1024w, https:\/\/noti-america.com\/site\/ecuador\/wp-content\/uploads\/sites\/18\/2025\/07\/8385dcbf-3424-4035-a860-fa76e7f4831c-768x512.jpg 768w, https:\/\/noti-america.com\/site\/ecuador\/wp-content\/uploads\/sites\/18\/2025\/07\/8385dcbf-3424-4035-a860-fa76e7f4831c-272x182.jpg 272w, https:\/\/noti-america.com\/site\/ecuador\/wp-content\/uploads\/sites\/18\/2025\/07\/8385dcbf-3424-4035-a860-fa76e7f4831c.jpg 1280w\" sizes=\"auto, (max-width: 300px) 100vw, 300px\" \/>Impulsar el deporte como herramienta de transformaci\u00f3n social es el prop\u00f3sito que gu\u00eda a Uanataca Ecuador, empresa ecuatoriana que desde enero de 2023 decidi\u00f3 apostar firmemente por el talento joven del pa\u00eds.<\/p>\n<p style=\"text-align: justify\">La compa\u00f1\u00eda, a trav\u00e9s del Team Uanataca, ha consolidado su compromiso con los deportistas nacionales, alcanzando a m\u00e1s de 700 ni\u00f1os y j\u00f3venes auspiciados en distintas provincias del Ecuador, a los cuales los respalda con la adquisici\u00f3n de implementos, viajes y otras ayudas para poder competir dentro y fuera del pa\u00eds. \u201cCreemos que estos j\u00f3venes pueden llegar a ser campeones mundiales. Es un camino largo que requiere muchos recursos, por eso decidimos iniciar con el auspicio a deportistas. Hoy, el compromiso se ha multiplicado y se extiende a nivel nacional\u201d, afirma El\u00edas Barzallo, CEO de Uanataca Ecuador.<\/p>\n<p style=\"text-align: justify\">La iniciativa ha sido desarrollada de la mano de OX Sport Agency, que representa a deportistas en m\u00e1s de 52 disciplinas. \u201cLograr un patrocinio es dif\u00edcil, pero mantenerlo durante a\u00f1os consecutivos es admirable. Por ello, es un hito lo que se ha alcanzado con Uanataca\u201d, manifiesta Karina Almagro, presidenta de la agencia.<\/p>\n<p style=\"text-align: justify\">Dom\u00e9nica Arellano, figura del karting y que es parte del Team Uanataca, tambi\u00e9n destaca el impacto positivo de esta iniciativa. \u201cGracias al apoyo de la empresa he podido continuar mi carrera. Una vez, estando en Italia, la compa\u00f1\u00eda me ayud\u00f3 con tr\u00e1mites importantes desde Ecuador para poder competir. No todos los j\u00f3venes tienen esa oportunidad y por eso este tipo de apoyo es fundamental\u201d, asegura.<\/p>\n<p style=\"text-align: justify\">A trav\u00e9s de esta visi\u00f3n de desarrollo y compromiso social, Uanataca demuestra que la empresa privada puede ser un motor real de cambio, generando oportunidades para los j\u00f3venes y devolviendo valor a la comunidad que la rodea.<\/p>\n","protected":false},"excerpt":{"rendered":"<p>NOTI-AMERICA.COM | ECUADOR. Impulsar el deporte como herramienta de transformaci\u00f3n social es el prop\u00f3sito que gu\u00eda a Uanataca Ecuador, empresa ecuatoriana que desde enero de 2023 decidi\u00f3 apostar firmemente por el talento joven del&#46;&#46;&#46;<\/p>\n","protected":false},"author":144,"featured_media":35288,"comment_status":"open","ping_status":"open","sticky":false,"template":"","format":"standard","meta":{"_acf_changed":false,"om_disable_all_campaigns":false,"rop_custom_images_group":[],"rop_custom_messages_group":[],"rop_publish_now":"initial","rop_publish_now_accounts":{"twitter_242054905_242054905":""},"rop_publish_now_history":[],"rop_publish_now_status":"pending","_uf_show_specific_survey":0,"_uf_disable_surveys":false,"footnotes":""},"categories":[16],"tags":[],"class_list":["post-35287","post","type-post","status-publish","format-standard","has-post-thumbnail","hentry","category-deportes"],"acf":[],"aioseo_notices":[],"yoast_head":"<!-- This site is optimized with the Yoast SEO Premium plugin v24.9 (Yoast SEO v27.2) - https:\/\/yoast.com\/product\/yoast-seo-premium-wordpress\/ -->\n<title>Uanataca apuesta por el talento deportivo juvenil - Ecuador | Noti-America.com<\/title>\n<meta name=\"robots\" content=\"index, follow, max-snippet:-1, max-image-preview:large, max-video-preview:-1\" \/>\n<link rel=\"canonical\" href=\"https:\/\/noti-america.com\/site\/ecuador\/2025\/07\/20\/uanataca-apuesta-por-el-talento-deportivo-juvenil\/\" \/>\n<meta property=\"og:locale\" content=\"es_ES\" \/>\n<meta property=\"og:type\" content=\"article\" \/>\n<meta property=\"og:title\" content=\"Uanataca apuesta por el talento deportivo juvenil\" \/>\n<meta property=\"og:description\" content=\"NOTI-AMERICA.COM | ECUADOR. Impulsar el deporte como herramienta de transformaci\u00f3n social es el prop\u00f3sito que gu\u00eda a Uanataca Ecuador, empresa ecuatoriana que desde enero de 2023 decidi\u00f3 apostar firmemente por el talento joven del&#046;&#046;&#046;\" \/>\n<meta property=\"og:url\" content=\"https:\/\/noti-america.com\/site\/ecuador\/2025\/07\/20\/uanataca-apuesta-por-el-talento-deportivo-juvenil\/\" \/>\n<meta property=\"og:site_name\" content=\"Ecuador | Noti-America.com\" \/>\n<meta property=\"article:published_time\" content=\"2025-07-20T22:13:33+00:00\" \/>\n<meta property=\"og:image\" content=\"https:\/\/noti-america.com\/site\/ecuador\/wp-content\/uploads\/sites\/18\/2025\/07\/8385dcbf-3424-4035-a860-fa76e7f4831c.jpg\" \/>\n\t<meta property=\"og:image:width\" content=\"1280\" \/>\n\t<meta property=\"og:image:height\" content=\"853\" \/>\n\t<meta property=\"og:image:type\" content=\"image\/jpeg\" \/>\n<meta name=\"author\" content=\"Henry Garrido\" \/>\n<meta name=\"twitter:card\" content=\"summary_large_image\" \/>\n<meta name=\"twitter:creator\" content=\"@notiamerica\" \/>\n<meta name=\"twitter:site\" content=\"@notiamerica\" \/>\n<meta name=\"twitter:label1\" content=\"Escrito por\" \/>\n\t<meta name=\"twitter:data1\" content=\"Henry Garrido\" \/>\n\t<meta name=\"twitter:label2\" content=\"Tiempo estimado de lectura\" \/>\n\t<meta name=\"twitter:data2\" content=\"2 minutos\" \/>\n<script type=\"application\/ld+json\" class=\"yoast-schema-graph\">{\"@context\":\"https:\/\/schema.org\",\"@graph\":[{\"@type\":\"Article\",\"@id\":\"https:\/\/noti-america.com\/site\/ecuador\/2025\/07\/20\/uanataca-apuesta-por-el-talento-deportivo-juvenil\/#article\",\"isPartOf\":{\"@id\":\"https:\/\/noti-america.com\/site\/ecuador\/2025\/07\/20\/uanataca-apuesta-por-el-talento-deportivo-juvenil\/\"},\"author\":{\"name\":\"Henry Garrido\",\"@id\":\"https:\/\/noti-america.com\/site\/ecuador\/#\/schema\/person\/00042412cfa9ecf98077f847ffadda4a\"},\"headline\":\"Uanataca apuesta por el talento deportivo juvenil\",\"datePublished\":\"2025-07-20T22:13:33+00:00\",\"mainEntityOfPage\":{\"@id\":\"https:\/\/noti-america.com\/site\/ecuador\/2025\/07\/20\/uanataca-apuesta-por-el-talento-deportivo-juvenil\/\"},\"wordCount\":314,\"commentCount\":0,\"publisher\":{\"@id\":\"https:\/\/noti-america.com\/site\/ecuador\/#organization\"},\"image\":{\"@id\":\"https:\/\/noti-america.com\/site\/ecuador\/2025\/07\/20\/uanataca-apuesta-por-el-talento-deportivo-juvenil\/#primaryimage\"},\"thumbnailUrl\":\"https:\/\/noti-america.com\/site\/ecuador\/wp-content\/uploads\/sites\/18\/2025\/07\/8385dcbf-3424-4035-a860-fa76e7f4831c.jpg\",\"articleSection\":[\"Deportes\"],\"inLanguage\":\"es\",\"potentialAction\":[{\"@type\":\"CommentAction\",\"name\":\"Comment\",\"target\":[\"https:\/\/noti-america.com\/site\/ecuador\/2025\/07\/20\/uanataca-apuesta-por-el-talento-deportivo-juvenil\/#respond\"]}]},{\"@type\":\"WebPage\",\"@id\":\"https:\/\/noti-america.com\/site\/ecuador\/2025\/07\/20\/uanataca-apuesta-por-el-talento-deportivo-juvenil\/\",\"url\":\"https:\/\/noti-america.com\/site\/ecuador\/2025\/07\/20\/uanataca-apuesta-por-el-talento-deportivo-juvenil\/\",\"name\":\"Uanataca apuesta por el talento deportivo juvenil - Ecuador | Noti-America.com\",\"isPartOf\":{\"@id\":\"https:\/\/noti-america.com\/site\/ecuador\/#website\"},\"primaryImageOfPage\":{\"@id\":\"https:\/\/noti-america.com\/site\/ecuador\/2025\/07\/20\/uanataca-apuesta-por-el-talento-deportivo-juvenil\/#primaryimage\"},\"image\":{\"@id\":\"https:\/\/noti-america.com\/site\/ecuador\/2025\/07\/20\/uanataca-apuesta-por-el-talento-deportivo-juvenil\/#primaryimage\"},\"thumbnailUrl\":\"https:\/\/noti-america.com\/site\/ecuador\/wp-content\/uploads\/sites\/18\/2025\/07\/8385dcbf-3424-4035-a860-fa76e7f4831c.jpg\",\"datePublished\":\"2025-07-20T22:13:33+00:00\",\"breadcrumb\":{\"@id\":\"https:\/\/noti-america.com\/site\/ecuador\/2025\/07\/20\/uanataca-apuesta-por-el-talento-deportivo-juvenil\/#breadcrumb\"},\"inLanguage\":\"es\",\"potentialAction\":[{\"@type\":\"ReadAction\",\"target\":[\"https:\/\/noti-america.com\/site\/ecuador\/2025\/07\/20\/uanataca-apuesta-por-el-talento-deportivo-juvenil\/\"]}]},{\"@type\":\"ImageObject\",\"inLanguage\":\"es\",\"@id\":\"https:\/\/noti-america.com\/site\/ecuador\/2025\/07\/20\/uanataca-apuesta-por-el-talento-deportivo-juvenil\/#primaryimage\",\"url\":\"https:\/\/noti-america.com\/site\/ecuador\/wp-content\/uploads\/sites\/18\/2025\/07\/8385dcbf-3424-4035-a860-fa76e7f4831c.jpg\",\"contentUrl\":\"https:\/\/noti-america.com\/site\/ecuador\/wp-content\/uploads\/sites\/18\/2025\/07\/8385dcbf-3424-4035-a860-fa76e7f4831c.jpg\",\"width\":1280,\"height\":853},{\"@type\":\"BreadcrumbList\",\"@id\":\"https:\/\/noti-america.com\/site\/ecuador\/2025\/07\/20\/uanataca-apuesta-por-el-talento-deportivo-juvenil\/#breadcrumb\",\"itemListElement\":[{\"@type\":\"ListItem\",\"position\":1,\"name\":\"Portada\",\"item\":\"https:\/\/noti-america.com\/site\/ecuador\/\"},{\"@type\":\"ListItem\",\"position\":2,\"name\":\"Uanataca apuesta por el talento deportivo juvenil\"}]},{\"@type\":\"WebSite\",\"@id\":\"https:\/\/noti-america.com\/site\/ecuador\/#website\",\"url\":\"https:\/\/noti-america.com\/site\/ecuador\/\",\"name\":\"Ecuador | Noti-America.com\",\"description\":\"\",\"publisher\":{\"@id\":\"https:\/\/noti-america.com\/site\/ecuador\/#organization\"},\"potentialAction\":[{\"@type\":\"SearchAction\",\"target\":{\"@type\":\"EntryPoint\",\"urlTemplate\":\"https:\/\/noti-america.com\/site\/ecuador\/?s={search_term_string}\"},\"query-input\":{\"@type\":\"PropertyValueSpecification\",\"valueRequired\":true,\"valueName\":\"search_term_string\"}}],\"inLanguage\":\"es\"},{\"@type\":\"Organization\",\"@id\":\"https:\/\/noti-america.com\/site\/ecuador\/#organization\",\"name\":\"Noti-America LLC | Ecuador\",\"url\":\"https:\/\/noti-america.com\/site\/ecuador\/\",\"logo\":{\"@type\":\"ImageObject\",\"inLanguage\":\"es\",\"@id\":\"https:\/\/noti-america.com\/site\/ecuador\/#\/schema\/logo\/image\/\",\"url\":\"https:\/\/noti-america.com\/site\/ecuador\/wp-content\/uploads\/sites\/18\/2020\/07\/LogoNA-4x3-1.jpg\",\"contentUrl\":\"https:\/\/noti-america.com\/site\/ecuador\/wp-content\/uploads\/sites\/18\/2020\/07\/LogoNA-4x3-1.jpg\",\"width\":1236,\"height\":1080,\"caption\":\"Noti-America LLC | Ecuador\"},\"image\":{\"@id\":\"https:\/\/noti-america.com\/site\/ecuador\/#\/schema\/logo\/image\/\"},\"sameAs\":[\"https:\/\/x.com\/notiamerica\"]},{\"@type\":\"Person\",\"@id\":\"https:\/\/noti-america.com\/site\/ecuador\/#\/schema\/person\/00042412cfa9ecf98077f847ffadda4a\",\"name\":\"Henry Garrido\",\"image\":{\"@type\":\"ImageObject\",\"inLanguage\":\"es\",\"@id\":\"https:\/\/secure.gravatar.com\/avatar\/749ae5a1e6f22cf042f04b9f3f0a22732ae36970ccfd5c54a0a2ac3c4e1166ed?s=96&d=mm&r=g\",\"url\":\"https:\/\/secure.gravatar.com\/avatar\/749ae5a1e6f22cf042f04b9f3f0a22732ae36970ccfd5c54a0a2ac3c4e1166ed?s=96&d=mm&r=g\",\"contentUrl\":\"https:\/\/secure.gravatar.com\/avatar\/749ae5a1e6f22cf042f04b9f3f0a22732ae36970ccfd5c54a0a2ac3c4e1166ed?s=96&d=mm&r=g\",\"caption\":\"Henry Garrido\"},\"url\":\"https:\/\/noti-america.com\/site\/ecuador\/author\/hgarrido\/\"}]}<\/script>\n<!-- \/ Yoast SEO Premium plugin. -->","yoast_head_json":{"title":"Uanataca apuesta por el talento deportivo juvenil - Ecuador | Noti-America.com","robots":{"index":"index","follow":"follow","max-snippet":"max-snippet:-1","max-image-preview":"max-image-preview:large","max-video-preview":"max-video-preview:-1"},"canonical":"https:\/\/noti-america.com\/site\/ecuador\/2025\/07\/20\/uanataca-apuesta-por-el-talento-deportivo-juvenil\/","og_locale":"es_ES","og_type":"article","og_title":"Uanataca apuesta por el talento deportivo juvenil","og_description":"NOTI-AMERICA.COM | ECUADOR. Impulsar el deporte como herramienta de transformaci\u00f3n social es el prop\u00f3sito que gu\u00eda a Uanataca Ecuador, empresa ecuatoriana que desde enero de 2023 decidi\u00f3 apostar firmemente por el talento joven del&#46;&#46;&#46;","og_url":"https:\/\/noti-america.com\/site\/ecuador\/2025\/07\/20\/uanataca-apuesta-por-el-talento-deportivo-juvenil\/","og_site_name":"Ecuador | Noti-America.com","article_published_time":"2025-07-20T22:13:33+00:00","og_image":[{"width":1280,"height":853,"url":"https:\/\/noti-america.com\/site\/ecuador\/wp-content\/uploads\/sites\/18\/2025\/07\/8385dcbf-3424-4035-a860-fa76e7f4831c.jpg","type":"image\/jpeg"}],"author":"Henry Garrido","twitter_card":"summary_large_image","twitter_creator":"@notiamerica","twitter_site":"@notiamerica","twitter_misc":{"Escrito por":"Henry Garrido","Tiempo estimado de lectura":"2 minutos"},"schema":{"@context":"https:\/\/schema.org","@graph":[{"@type":"Article","@id":"https:\/\/noti-america.com\/site\/ecuador\/2025\/07\/20\/uanataca-apuesta-por-el-talento-deportivo-juvenil\/#article","isPartOf":{"@id":"https:\/\/noti-america.com\/site\/ecuador\/2025\/07\/20\/uanataca-apuesta-por-el-talento-deportivo-juvenil\/"},"author":{"name":"Henry Garrido","@id":"https:\/\/noti-america.com\/site\/ecuador\/#\/schema\/person\/00042412cfa9ecf98077f847ffadda4a"},"headline":"Uanataca apuesta por el talento deportivo juvenil","datePublished":"2025-07-20T22:13:33+00:00","mainEntityOfPage":{"@id":"https:\/\/noti-america.com\/site\/ecuador\/2025\/07\/20\/uanataca-apuesta-por-el-talento-deportivo-juvenil\/"},"wordCount":314,"commentCount":0,"publisher":{"@id":"https:\/\/noti-america.com\/site\/ecuador\/#organization"},"image":{"@id":"https:\/\/noti-america.com\/site\/ecuador\/2025\/07\/20\/uanataca-apuesta-por-el-talento-deportivo-juvenil\/#primaryimage"},"thumbnailUrl":"https:\/\/noti-america.com\/site\/ecuador\/wp-content\/uploads\/sites\/18\/2025\/07\/8385dcbf-3424-4035-a860-fa76e7f4831c.jpg","articleSection":["Deportes"],"inLanguage":"es","potentialAction":[{"@type":"CommentAction","name":"Comment","target":["https:\/\/noti-america.com\/site\/ecuador\/2025\/07\/20\/uanataca-apuesta-por-el-talento-deportivo-juvenil\/#respond"]}]},{"@type":"WebPage","@id":"https:\/\/noti-america.com\/site\/ecuador\/2025\/07\/20\/uanataca-apuesta-por-el-talento-deportivo-juvenil\/","url":"https:\/\/noti-america.com\/site\/ecuador\/2025\/07\/20\/uanataca-apuesta-por-el-talento-deportivo-juvenil\/","name":"Uanataca apuesta por el talento deportivo juvenil - Ecuador | Noti-America.com","isPartOf":{"@id":"https:\/\/noti-america.com\/site\/ecuador\/#website"},"primaryImageOfPage":{"@id":"https:\/\/noti-america.com\/site\/ecuador\/2025\/07\/20\/uanataca-apuesta-por-el-talento-deportivo-juvenil\/#primaryimage"},"image":{"@id":"https:\/\/noti-america.com\/site\/ecuador\/2025\/07\/20\/uanataca-apuesta-por-el-talento-deportivo-juvenil\/#primaryimage"},"thumbnailUrl":"https:\/\/noti-america.com\/site\/ecuador\/wp-content\/uploads\/sites\/18\/2025\/07\/8385dcbf-3424-4035-a860-fa76e7f4831c.jpg","datePublished":"2025-07-20T22:13:33+00:00","breadcrumb":{"@id":"https:\/\/noti-america.com\/site\/ecuador\/2025\/07\/20\/uanataca-apuesta-por-el-talento-deportivo-juvenil\/#breadcrumb"},"inLanguage":"es","potentialAction":[{"@type":"ReadAction","target":["https:\/\/noti-america.com\/site\/ecuador\/2025\/07\/20\/uanataca-apuesta-por-el-talento-deportivo-juvenil\/"]}]},{"@type":"ImageObject","inLanguage":"es","@id":"https:\/\/noti-america.com\/site\/ecuador\/2025\/07\/20\/uanataca-apuesta-por-el-talento-deportivo-juvenil\/#primaryimage","url":"https:\/\/noti-america.com\/site\/ecuador\/wp-content\/uploads\/sites\/18\/2025\/07\/8385dcbf-3424-4035-a860-fa76e7f4831c.jpg","contentUrl":"https:\/\/noti-america.com\/site\/ecuador\/wp-content\/uploads\/sites\/18\/2025\/07\/8385dcbf-3424-4035-a860-fa76e7f4831c.jpg","width":1280,"height":853},{"@type":"BreadcrumbList","@id":"https:\/\/noti-america.com\/site\/ecuador\/2025\/07\/20\/uanataca-apuesta-por-el-talento-deportivo-juvenil\/#breadcrumb","itemListElement":[{"@type":"ListItem","position":1,"name":"Portada","item":"https:\/\/noti-america.com\/site\/ecuador\/"},{"@type":"ListItem","position":2,"name":"Uanataca apuesta por el talento deportivo juvenil"}]},{"@type":"WebSite","@id":"https:\/\/noti-america.com\/site\/ecuador\/#website","url":"https:\/\/noti-america.com\/site\/ecuador\/","name":"Ecuador | Noti-America.com","description":"","publisher":{"@id":"https:\/\/noti-america.com\/site\/ecuador\/#organization"},"potentialAction":[{"@type":"SearchAction","target":{"@type":"EntryPoint","urlTemplate":"https:\/\/noti-america.com\/site\/ecuador\/?s={search_term_string}"},"query-input":{"@type":"PropertyValueSpecification","valueRequired":true,"valueName":"search_term_string"}}],"inLanguage":"es"},{"@type":"Organization","@id":"https:\/\/noti-america.com\/site\/ecuador\/#organization","name":"Noti-America LLC | Ecuador","url":"https:\/\/noti-america.com\/site\/ecuador\/","logo":{"@type":"ImageObject","inLanguage":"es","@id":"https:\/\/noti-america.com\/site\/ecuador\/#\/schema\/logo\/image\/","url":"https:\/\/noti-america.com\/site\/ecuador\/wp-content\/uploads\/sites\/18\/2020\/07\/LogoNA-4x3-1.jpg","contentUrl":"https:\/\/noti-america.com\/site\/ecuador\/wp-content\/uploads\/sites\/18\/2020\/07\/LogoNA-4x3-1.jpg","width":1236,"height":1080,"caption":"Noti-America LLC | Ecuador"},"image":{"@id":"https:\/\/noti-america.com\/site\/ecuador\/#\/schema\/logo\/image\/"},"sameAs":["https:\/\/x.com\/notiamerica"]},{"@type":"Person","@id":"https:\/\/noti-america.com\/site\/ecuador\/#\/schema\/person\/00042412cfa9ecf98077f847ffadda4a","name":"Henry Garrido","image":{"@type":"ImageObject","inLanguage":"es","@id":"https:\/\/secure.gravatar.com\/avatar\/749ae5a1e6f22cf042f04b9f3f0a22732ae36970ccfd5c54a0a2ac3c4e1166ed?s=96&d=mm&r=g","url":"https:\/\/secure.gravatar.com\/avatar\/749ae5a1e6f22cf042f04b9f3f0a22732ae36970ccfd5c54a0a2ac3c4e1166ed?s=96&d=mm&r=g","contentUrl":"https:\/\/secure.gravatar.com\/avatar\/749ae5a1e6f22cf042f04b9f3f0a22732ae36970ccfd5c54a0a2ac3c4e1166ed?s=96&d=mm&r=g","caption":"Henry Garrido"},"url":"https:\/\/noti-america.com\/site\/ecuador\/author\/hgarrido\/"}]}},"_links":{"self":[{"href":"https:\/\/noti-america.com\/site\/ecuador\/wp-json\/wp\/v2\/posts\/35287","targetHints":{"allow":["GET"]}}],"collection":[{"href":"https:\/\/noti-america.com\/site\/ecuador\/wp-json\/wp\/v2\/posts"}],"about":[{"href":"https:\/\/noti-america.com\/site\/ecuador\/wp-json\/wp\/v2\/types\/post"}],"author":[{"embeddable":true,"href":"https:\/\/noti-america.com\/site\/ecuador\/wp-json\/wp\/v2\/users\/144"}],"replies":[{"embeddable":true,"href":"https:\/\/noti-america.com\/site\/ecuador\/wp-json\/wp\/v2\/comments?post=35287"}],"version-history":[{"count":1,"href":"https:\/\/noti-america.com\/site\/ecuador\/wp-json\/wp\/v2\/posts\/35287\/revisions"}],"predecessor-version":[{"id":35289,"href":"https:\/\/noti-america.com\/site\/ecuador\/wp-json\/wp\/v2\/posts\/35287\/revisions\/35289"}],"wp:featuredmedia":[{"embeddable":true,"href":"https:\/\/noti-america.com\/site\/ecuador\/wp-json\/wp\/v2\/media\/35288"}],"wp:attachment":[{"href":"https:\/\/noti-america.com\/site\/ecuador\/wp-json\/wp\/v2\/media?parent=35287"}],"wp:term":[{"taxonomy":"category","embeddable":true,"href":"https:\/\/noti-america.com\/site\/ecuador\/wp-json\/wp\/v2\/categories?post=35287"},{"taxonomy":"post_tag","embeddable":true,"href":"https:\/\/noti-america.com\/site\/ecuador\/wp-json\/wp\/v2\/tags?post=35287"}],"curies":[{"name":"wp","href":"https:\/\/api.w.org\/{rel}","templated":true}]}}