{"id":35088,"date":"2025-06-23T23:05:53","date_gmt":"2025-06-23T23:05:53","guid":{"rendered":"https:\/\/noti-america.com\/site\/ecuador\/?p=35088"},"modified":"2025-06-23T23:08:16","modified_gmt":"2025-06-23T23:08:16","slug":"interagua-responde-a-la-denuncia-del-ministerio-del-ambiente","status":"publish","type":"post","link":"https:\/\/noti-america.com\/site\/ecuador\/2025\/06\/23\/interagua-responde-a-la-denuncia-del-ministerio-del-ambiente\/","title":{"rendered":"Interagua responde a la denuncia del Ministerio del Ambiente"},"content":{"rendered":"<p><strong>NOTI-AMERICA.COM | ECUADOR.<\/strong><\/p>\n<p style=\"text-align: justify\"><img loading=\"lazy\" decoding=\"async\" class=\"size-medium wp-image-35089 aligncenter\" src=\"https:\/\/noti-america.com\/site\/ecuador\/wp-content\/uploads\/sites\/18\/2025\/06\/interagua-verifico-buena-calidad-agua-sectores1-300x224.jpg\" alt=\"\" width=\"300\" height=\"224\" srcset=\"https:\/\/noti-america.com\/site\/ecuador\/wp-content\/uploads\/sites\/18\/2025\/06\/interagua-verifico-buena-calidad-agua-sectores1-300x224.jpg 300w, https:\/\/noti-america.com\/site\/ecuador\/wp-content\/uploads\/sites\/18\/2025\/06\/interagua-verifico-buena-calidad-agua-sectores1-768x575.jpg 768w, https:\/\/noti-america.com\/site\/ecuador\/wp-content\/uploads\/sites\/18\/2025\/06\/interagua-verifico-buena-calidad-agua-sectores1.jpg 850w\" sizes=\"auto, (max-width: 300px) 100vw, 300px\" \/>La empresa encargada de brindar el servicio de agua potable en Guayaquil (Interagua), defendi\u00f3 este lunes 23 de junio de 2025 la calidad del l\u00edquido vital de la ciudad.<\/p>\n<p style=\"text-align: justify\">Ilfn Florsheim, directora de comunicaci\u00f3n de la concesionaria, rechaz\u00f3 los se\u00f1alamientos del Ministerio de Ambiente que, incluso, el 21 de junio de 2025 present\u00f3 una denuncia penal por un presunto delito en contra de los derechos del consumidor por la mala calidad del agua.<\/p>\n<p style=\"text-align: justify\">Florsheim detall\u00f3, que el documento emitido por la entidad ser\u00eda un \u2018reinforme\u2019 del difundido meses atr\u00e1s. En abril pasado, la Agencia de Regulaci\u00f3n y Control del Agua (ARCA), a trav\u00e9s de un comunicado, inform\u00f3 que se realizaron \u2014a mediados de marzo\u2014 muestreos del agua distribuida y se detect\u00f3 que los niveles de cloro residual y pH estaban fuera de los l\u00edmites permitidos en los sectores de Samanes 7 y suburbio oeste.<\/p>\n<p style=\"text-align: justify\">Seg\u00fan la vocera de Interagua, el \u2018reinforme\u2019 toma los mismos datos del hecho el 14 de marzo pasado, pero con algunos cambios. Por ejemplo, se omite a Puerto Santa Ana en el muestreo y se deja a suburbio oeste y Samanes 7. \u201cSe han eliminado las fotograf\u00edas donde se evidencia la forma antit\u00e9cnica en que fueron tomadas esas muestras\u201d, indic\u00f3 .<\/p>\n<p style=\"text-align: justify\">La funcionaria tambi\u00e9n cuestion\u00f3 la solicitud del Ministerio para que se presente un plan de acci\u00f3n o remediaci\u00f3n: \u201c\u00bfC\u00f3mo vas a remediar algo que no ha sucedido? No hay incumplimientos, no hay contaminaci\u00f3n. Lo que hay es un error en la forma en que se tomaron y procesaron las muestras\u201d, subray\u00f3 Florsheim.<\/p>\n<p style=\"text-align: justify\">En ese sentido, la representante de Interagua recalc\u00f3 que el agua de los guayaquile\u00f1os cumple con todas las normas y par\u00e1metros, incluso los que rigen en los m\u00e1s de 40 pa\u00edses en los que est\u00e1 presente Veolia.<\/p>\n","protected":false},"excerpt":{"rendered":"<p>NOTI-AMERICA.COM | ECUADOR. La empresa encargada de brindar el servicio de agua potable en Guayaquil (Interagua), defendi\u00f3 este lunes 23 de junio de 2025 la calidad del l\u00edquido vital de la ciudad. Ilfn Florsheim,&#46;&#46;&#46;<\/p>\n","protected":false},"author":144,"featured_media":35089,"comment_status":"open","ping_status":"open","sticky":false,"template":"","format":"standard","meta":{"_acf_changed":false,"om_disable_all_campaigns":false,"rop_custom_images_group":[],"rop_custom_messages_group":[],"rop_publish_now":"initial","rop_publish_now_accounts":{"twitter_242054905_242054905":""},"rop_publish_now_history":[],"rop_publish_now_status":"pending","_uf_show_specific_survey":0,"_uf_disable_surveys":false,"footnotes":""},"categories":[125],"tags":[],"class_list":["post-35088","post","type-post","status-publish","format-standard","has-post-thumbnail","hentry","category-actualidad"],"acf":[],"aioseo_notices":[],"yoast_head":"<!-- This site is optimized with the Yoast SEO Premium plugin v24.9 (Yoast SEO v27.2) - https:\/\/yoast.com\/product\/yoast-seo-premium-wordpress\/ -->\n<title>Interagua responde a la denuncia del Ministerio del Ambiente - Ecuador | Noti-America.com<\/title>\n<meta name=\"robots\" content=\"index, follow, max-snippet:-1, max-image-preview:large, max-video-preview:-1\" \/>\n<link rel=\"canonical\" href=\"https:\/\/noti-america.com\/site\/ecuador\/2025\/06\/23\/interagua-responde-a-la-denuncia-del-ministerio-del-ambiente\/\" \/>\n<meta property=\"og:locale\" content=\"es_ES\" \/>\n<meta property=\"og:type\" content=\"article\" \/>\n<meta property=\"og:title\" content=\"Interagua responde a la denuncia del Ministerio del Ambiente\" \/>\n<meta property=\"og:description\" content=\"NOTI-AMERICA.COM | ECUADOR. La empresa encargada de brindar el servicio de agua potable en Guayaquil (Interagua), defendi\u00f3 este lunes 23 de junio de 2025 la calidad del l\u00edquido vital de la ciudad. Ilfn Florsheim,&#046;&#046;&#046;\" \/>\n<meta property=\"og:url\" content=\"https:\/\/noti-america.com\/site\/ecuador\/2025\/06\/23\/interagua-responde-a-la-denuncia-del-ministerio-del-ambiente\/\" \/>\n<meta property=\"og:site_name\" content=\"Ecuador | Noti-America.com\" \/>\n<meta property=\"article:published_time\" content=\"2025-06-23T23:05:53+00:00\" \/>\n<meta property=\"article:modified_time\" content=\"2025-06-23T23:08:16+00:00\" \/>\n<meta property=\"og:image\" content=\"https:\/\/noti-america.com\/site\/ecuador\/wp-content\/uploads\/sites\/18\/2025\/06\/interagua-verifico-buena-calidad-agua-sectores1.jpg\" \/>\n\t<meta property=\"og:image:width\" content=\"850\" \/>\n\t<meta property=\"og:image:height\" content=\"636\" \/>\n\t<meta property=\"og:image:type\" content=\"image\/jpeg\" \/>\n<meta name=\"author\" content=\"Henry Garrido\" \/>\n<meta name=\"twitter:card\" content=\"summary_large_image\" \/>\n<meta name=\"twitter:creator\" content=\"@notiamerica\" \/>\n<meta name=\"twitter:site\" content=\"@notiamerica\" \/>\n<meta name=\"twitter:label1\" content=\"Escrito por\" \/>\n\t<meta name=\"twitter:data1\" content=\"Henry Garrido\" \/>\n\t<meta name=\"twitter:label2\" content=\"Tiempo estimado de lectura\" \/>\n\t<meta name=\"twitter:data2\" content=\"2 minutos\" \/>\n<script type=\"application\/ld+json\" class=\"yoast-schema-graph\">{\"@context\":\"https:\/\/schema.org\",\"@graph\":[{\"@type\":\"Article\",\"@id\":\"https:\/\/noti-america.com\/site\/ecuador\/2025\/06\/23\/interagua-responde-a-la-denuncia-del-ministerio-del-ambiente\/#article\",\"isPartOf\":{\"@id\":\"https:\/\/noti-america.com\/site\/ecuador\/2025\/06\/23\/interagua-responde-a-la-denuncia-del-ministerio-del-ambiente\/\"},\"author\":{\"name\":\"Henry Garrido\",\"@id\":\"https:\/\/noti-america.com\/site\/ecuador\/#\/schema\/person\/00042412cfa9ecf98077f847ffadda4a\"},\"headline\":\"Interagua responde a la denuncia del Ministerio del Ambiente\",\"datePublished\":\"2025-06-23T23:05:53+00:00\",\"dateModified\":\"2025-06-23T23:08:16+00:00\",\"mainEntityOfPage\":{\"@id\":\"https:\/\/noti-america.com\/site\/ecuador\/2025\/06\/23\/interagua-responde-a-la-denuncia-del-ministerio-del-ambiente\/\"},\"wordCount\":317,\"commentCount\":0,\"publisher\":{\"@id\":\"https:\/\/noti-america.com\/site\/ecuador\/#organization\"},\"image\":{\"@id\":\"https:\/\/noti-america.com\/site\/ecuador\/2025\/06\/23\/interagua-responde-a-la-denuncia-del-ministerio-del-ambiente\/#primaryimage\"},\"thumbnailUrl\":\"https:\/\/noti-america.com\/site\/ecuador\/wp-content\/uploads\/sites\/18\/2025\/06\/interagua-verifico-buena-calidad-agua-sectores1.jpg\",\"articleSection\":[\"Actualidad\"],\"inLanguage\":\"es\",\"potentialAction\":[{\"@type\":\"CommentAction\",\"name\":\"Comment\",\"target\":[\"https:\/\/noti-america.com\/site\/ecuador\/2025\/06\/23\/interagua-responde-a-la-denuncia-del-ministerio-del-ambiente\/#respond\"]}]},{\"@type\":\"WebPage\",\"@id\":\"https:\/\/noti-america.com\/site\/ecuador\/2025\/06\/23\/interagua-responde-a-la-denuncia-del-ministerio-del-ambiente\/\",\"url\":\"https:\/\/noti-america.com\/site\/ecuador\/2025\/06\/23\/interagua-responde-a-la-denuncia-del-ministerio-del-ambiente\/\",\"name\":\"Interagua responde a la denuncia del Ministerio del Ambiente - Ecuador | Noti-America.com\",\"isPartOf\":{\"@id\":\"https:\/\/noti-america.com\/site\/ecuador\/#website\"},\"primaryImageOfPage\":{\"@id\":\"https:\/\/noti-america.com\/site\/ecuador\/2025\/06\/23\/interagua-responde-a-la-denuncia-del-ministerio-del-ambiente\/#primaryimage\"},\"image\":{\"@id\":\"https:\/\/noti-america.com\/site\/ecuador\/2025\/06\/23\/interagua-responde-a-la-denuncia-del-ministerio-del-ambiente\/#primaryimage\"},\"thumbnailUrl\":\"https:\/\/noti-america.com\/site\/ecuador\/wp-content\/uploads\/sites\/18\/2025\/06\/interagua-verifico-buena-calidad-agua-sectores1.jpg\",\"datePublished\":\"2025-06-23T23:05:53+00:00\",\"dateModified\":\"2025-06-23T23:08:16+00:00\",\"breadcrumb\":{\"@id\":\"https:\/\/noti-america.com\/site\/ecuador\/2025\/06\/23\/interagua-responde-a-la-denuncia-del-ministerio-del-ambiente\/#breadcrumb\"},\"inLanguage\":\"es\",\"potentialAction\":[{\"@type\":\"ReadAction\",\"target\":[\"https:\/\/noti-america.com\/site\/ecuador\/2025\/06\/23\/interagua-responde-a-la-denuncia-del-ministerio-del-ambiente\/\"]}]},{\"@type\":\"ImageObject\",\"inLanguage\":\"es\",\"@id\":\"https:\/\/noti-america.com\/site\/ecuador\/2025\/06\/23\/interagua-responde-a-la-denuncia-del-ministerio-del-ambiente\/#primaryimage\",\"url\":\"https:\/\/noti-america.com\/site\/ecuador\/wp-content\/uploads\/sites\/18\/2025\/06\/interagua-verifico-buena-calidad-agua-sectores1.jpg\",\"contentUrl\":\"https:\/\/noti-america.com\/site\/ecuador\/wp-content\/uploads\/sites\/18\/2025\/06\/interagua-verifico-buena-calidad-agua-sectores1.jpg\",\"width\":850,\"height\":636},{\"@type\":\"BreadcrumbList\",\"@id\":\"https:\/\/noti-america.com\/site\/ecuador\/2025\/06\/23\/interagua-responde-a-la-denuncia-del-ministerio-del-ambiente\/#breadcrumb\",\"itemListElement\":[{\"@type\":\"ListItem\",\"position\":1,\"name\":\"Portada\",\"item\":\"https:\/\/noti-america.com\/site\/ecuador\/\"},{\"@type\":\"ListItem\",\"position\":2,\"name\":\"Interagua responde a la denuncia del Ministerio del Ambiente\"}]},{\"@type\":\"WebSite\",\"@id\":\"https:\/\/noti-america.com\/site\/ecuador\/#website\",\"url\":\"https:\/\/noti-america.com\/site\/ecuador\/\",\"name\":\"Ecuador | Noti-America.com\",\"description\":\"\",\"publisher\":{\"@id\":\"https:\/\/noti-america.com\/site\/ecuador\/#organization\"},\"potentialAction\":[{\"@type\":\"SearchAction\",\"target\":{\"@type\":\"EntryPoint\",\"urlTemplate\":\"https:\/\/noti-america.com\/site\/ecuador\/?s={search_term_string}\"},\"query-input\":{\"@type\":\"PropertyValueSpecification\",\"valueRequired\":true,\"valueName\":\"search_term_string\"}}],\"inLanguage\":\"es\"},{\"@type\":\"Organization\",\"@id\":\"https:\/\/noti-america.com\/site\/ecuador\/#organization\",\"name\":\"Noti-America LLC | Ecuador\",\"url\":\"https:\/\/noti-america.com\/site\/ecuador\/\",\"logo\":{\"@type\":\"ImageObject\",\"inLanguage\":\"es\",\"@id\":\"https:\/\/noti-america.com\/site\/ecuador\/#\/schema\/logo\/image\/\",\"url\":\"https:\/\/noti-america.com\/site\/ecuador\/wp-content\/uploads\/sites\/18\/2020\/07\/LogoNA-4x3-1.jpg\",\"contentUrl\":\"https:\/\/noti-america.com\/site\/ecuador\/wp-content\/uploads\/sites\/18\/2020\/07\/LogoNA-4x3-1.jpg\",\"width\":1236,\"height\":1080,\"caption\":\"Noti-America LLC | Ecuador\"},\"image\":{\"@id\":\"https:\/\/noti-america.com\/site\/ecuador\/#\/schema\/logo\/image\/\"},\"sameAs\":[\"https:\/\/x.com\/notiamerica\"]},{\"@type\":\"Person\",\"@id\":\"https:\/\/noti-america.com\/site\/ecuador\/#\/schema\/person\/00042412cfa9ecf98077f847ffadda4a\",\"name\":\"Henry Garrido\",\"image\":{\"@type\":\"ImageObject\",\"inLanguage\":\"es\",\"@id\":\"https:\/\/secure.gravatar.com\/avatar\/749ae5a1e6f22cf042f04b9f3f0a22732ae36970ccfd5c54a0a2ac3c4e1166ed?s=96&d=mm&r=g\",\"url\":\"https:\/\/secure.gravatar.com\/avatar\/749ae5a1e6f22cf042f04b9f3f0a22732ae36970ccfd5c54a0a2ac3c4e1166ed?s=96&d=mm&r=g\",\"contentUrl\":\"https:\/\/secure.gravatar.com\/avatar\/749ae5a1e6f22cf042f04b9f3f0a22732ae36970ccfd5c54a0a2ac3c4e1166ed?s=96&d=mm&r=g\",\"caption\":\"Henry Garrido\"},\"url\":\"https:\/\/noti-america.com\/site\/ecuador\/author\/hgarrido\/\"}]}<\/script>\n<!-- \/ Yoast SEO Premium plugin. -->","yoast_head_json":{"title":"Interagua responde a la denuncia del Ministerio del Ambiente - Ecuador | Noti-America.com","robots":{"index":"index","follow":"follow","max-snippet":"max-snippet:-1","max-image-preview":"max-image-preview:large","max-video-preview":"max-video-preview:-1"},"canonical":"https:\/\/noti-america.com\/site\/ecuador\/2025\/06\/23\/interagua-responde-a-la-denuncia-del-ministerio-del-ambiente\/","og_locale":"es_ES","og_type":"article","og_title":"Interagua responde a la denuncia del Ministerio del Ambiente","og_description":"NOTI-AMERICA.COM | ECUADOR. La empresa encargada de brindar el servicio de agua potable en Guayaquil (Interagua), defendi\u00f3 este lunes 23 de junio de 2025 la calidad del l\u00edquido vital de la ciudad. Ilfn Florsheim,&#46;&#46;&#46;","og_url":"https:\/\/noti-america.com\/site\/ecuador\/2025\/06\/23\/interagua-responde-a-la-denuncia-del-ministerio-del-ambiente\/","og_site_name":"Ecuador | Noti-America.com","article_published_time":"2025-06-23T23:05:53+00:00","article_modified_time":"2025-06-23T23:08:16+00:00","og_image":[{"width":850,"height":636,"url":"https:\/\/noti-america.com\/site\/ecuador\/wp-content\/uploads\/sites\/18\/2025\/06\/interagua-verifico-buena-calidad-agua-sectores1.jpg","type":"image\/jpeg"}],"author":"Henry Garrido","twitter_card":"summary_large_image","twitter_creator":"@notiamerica","twitter_site":"@notiamerica","twitter_misc":{"Escrito por":"Henry Garrido","Tiempo estimado de lectura":"2 minutos"},"schema":{"@context":"https:\/\/schema.org","@graph":[{"@type":"Article","@id":"https:\/\/noti-america.com\/site\/ecuador\/2025\/06\/23\/interagua-responde-a-la-denuncia-del-ministerio-del-ambiente\/#article","isPartOf":{"@id":"https:\/\/noti-america.com\/site\/ecuador\/2025\/06\/23\/interagua-responde-a-la-denuncia-del-ministerio-del-ambiente\/"},"author":{"name":"Henry Garrido","@id":"https:\/\/noti-america.com\/site\/ecuador\/#\/schema\/person\/00042412cfa9ecf98077f847ffadda4a"},"headline":"Interagua responde a la denuncia del Ministerio del Ambiente","datePublished":"2025-06-23T23:05:53+00:00","dateModified":"2025-06-23T23:08:16+00:00","mainEntityOfPage":{"@id":"https:\/\/noti-america.com\/site\/ecuador\/2025\/06\/23\/interagua-responde-a-la-denuncia-del-ministerio-del-ambiente\/"},"wordCount":317,"commentCount":0,"publisher":{"@id":"https:\/\/noti-america.com\/site\/ecuador\/#organization"},"image":{"@id":"https:\/\/noti-america.com\/site\/ecuador\/2025\/06\/23\/interagua-responde-a-la-denuncia-del-ministerio-del-ambiente\/#primaryimage"},"thumbnailUrl":"https:\/\/noti-america.com\/site\/ecuador\/wp-content\/uploads\/sites\/18\/2025\/06\/interagua-verifico-buena-calidad-agua-sectores1.jpg","articleSection":["Actualidad"],"inLanguage":"es","potentialAction":[{"@type":"CommentAction","name":"Comment","target":["https:\/\/noti-america.com\/site\/ecuador\/2025\/06\/23\/interagua-responde-a-la-denuncia-del-ministerio-del-ambiente\/#respond"]}]},{"@type":"WebPage","@id":"https:\/\/noti-america.com\/site\/ecuador\/2025\/06\/23\/interagua-responde-a-la-denuncia-del-ministerio-del-ambiente\/","url":"https:\/\/noti-america.com\/site\/ecuador\/2025\/06\/23\/interagua-responde-a-la-denuncia-del-ministerio-del-ambiente\/","name":"Interagua responde a la denuncia del Ministerio del Ambiente - Ecuador | Noti-America.com","isPartOf":{"@id":"https:\/\/noti-america.com\/site\/ecuador\/#website"},"primaryImageOfPage":{"@id":"https:\/\/noti-america.com\/site\/ecuador\/2025\/06\/23\/interagua-responde-a-la-denuncia-del-ministerio-del-ambiente\/#primaryimage"},"image":{"@id":"https:\/\/noti-america.com\/site\/ecuador\/2025\/06\/23\/interagua-responde-a-la-denuncia-del-ministerio-del-ambiente\/#primaryimage"},"thumbnailUrl":"https:\/\/noti-america.com\/site\/ecuador\/wp-content\/uploads\/sites\/18\/2025\/06\/interagua-verifico-buena-calidad-agua-sectores1.jpg","datePublished":"2025-06-23T23:05:53+00:00","dateModified":"2025-06-23T23:08:16+00:00","breadcrumb":{"@id":"https:\/\/noti-america.com\/site\/ecuador\/2025\/06\/23\/interagua-responde-a-la-denuncia-del-ministerio-del-ambiente\/#breadcrumb"},"inLanguage":"es","potentialAction":[{"@type":"ReadAction","target":["https:\/\/noti-america.com\/site\/ecuador\/2025\/06\/23\/interagua-responde-a-la-denuncia-del-ministerio-del-ambiente\/"]}]},{"@type":"ImageObject","inLanguage":"es","@id":"https:\/\/noti-america.com\/site\/ecuador\/2025\/06\/23\/interagua-responde-a-la-denuncia-del-ministerio-del-ambiente\/#primaryimage","url":"https:\/\/noti-america.com\/site\/ecuador\/wp-content\/uploads\/sites\/18\/2025\/06\/interagua-verifico-buena-calidad-agua-sectores1.jpg","contentUrl":"https:\/\/noti-america.com\/site\/ecuador\/wp-content\/uploads\/sites\/18\/2025\/06\/interagua-verifico-buena-calidad-agua-sectores1.jpg","width":850,"height":636},{"@type":"BreadcrumbList","@id":"https:\/\/noti-america.com\/site\/ecuador\/2025\/06\/23\/interagua-responde-a-la-denuncia-del-ministerio-del-ambiente\/#breadcrumb","itemListElement":[{"@type":"ListItem","position":1,"name":"Portada","item":"https:\/\/noti-america.com\/site\/ecuador\/"},{"@type":"ListItem","position":2,"name":"Interagua responde a la denuncia del Ministerio del Ambiente"}]},{"@type":"WebSite","@id":"https:\/\/noti-america.com\/site\/ecuador\/#website","url":"https:\/\/noti-america.com\/site\/ecuador\/","name":"Ecuador | Noti-America.com","description":"","publisher":{"@id":"https:\/\/noti-america.com\/site\/ecuador\/#organization"},"potentialAction":[{"@type":"SearchAction","target":{"@type":"EntryPoint","urlTemplate":"https:\/\/noti-america.com\/site\/ecuador\/?s={search_term_string}"},"query-input":{"@type":"PropertyValueSpecification","valueRequired":true,"valueName":"search_term_string"}}],"inLanguage":"es"},{"@type":"Organization","@id":"https:\/\/noti-america.com\/site\/ecuador\/#organization","name":"Noti-America LLC | Ecuador","url":"https:\/\/noti-america.com\/site\/ecuador\/","logo":{"@type":"ImageObject","inLanguage":"es","@id":"https:\/\/noti-america.com\/site\/ecuador\/#\/schema\/logo\/image\/","url":"https:\/\/noti-america.com\/site\/ecuador\/wp-content\/uploads\/sites\/18\/2020\/07\/LogoNA-4x3-1.jpg","contentUrl":"https:\/\/noti-america.com\/site\/ecuador\/wp-content\/uploads\/sites\/18\/2020\/07\/LogoNA-4x3-1.jpg","width":1236,"height":1080,"caption":"Noti-America LLC | Ecuador"},"image":{"@id":"https:\/\/noti-america.com\/site\/ecuador\/#\/schema\/logo\/image\/"},"sameAs":["https:\/\/x.com\/notiamerica"]},{"@type":"Person","@id":"https:\/\/noti-america.com\/site\/ecuador\/#\/schema\/person\/00042412cfa9ecf98077f847ffadda4a","name":"Henry Garrido","image":{"@type":"ImageObject","inLanguage":"es","@id":"https:\/\/secure.gravatar.com\/avatar\/749ae5a1e6f22cf042f04b9f3f0a22732ae36970ccfd5c54a0a2ac3c4e1166ed?s=96&d=mm&r=g","url":"https:\/\/secure.gravatar.com\/avatar\/749ae5a1e6f22cf042f04b9f3f0a22732ae36970ccfd5c54a0a2ac3c4e1166ed?s=96&d=mm&r=g","contentUrl":"https:\/\/secure.gravatar.com\/avatar\/749ae5a1e6f22cf042f04b9f3f0a22732ae36970ccfd5c54a0a2ac3c4e1166ed?s=96&d=mm&r=g","caption":"Henry Garrido"},"url":"https:\/\/noti-america.com\/site\/ecuador\/author\/hgarrido\/"}]}},"_links":{"self":[{"href":"https:\/\/noti-america.com\/site\/ecuador\/wp-json\/wp\/v2\/posts\/35088","targetHints":{"allow":["GET"]}}],"collection":[{"href":"https:\/\/noti-america.com\/site\/ecuador\/wp-json\/wp\/v2\/posts"}],"about":[{"href":"https:\/\/noti-america.com\/site\/ecuador\/wp-json\/wp\/v2\/types\/post"}],"author":[{"embeddable":true,"href":"https:\/\/noti-america.com\/site\/ecuador\/wp-json\/wp\/v2\/users\/144"}],"replies":[{"embeddable":true,"href":"https:\/\/noti-america.com\/site\/ecuador\/wp-json\/wp\/v2\/comments?post=35088"}],"version-history":[{"count":2,"href":"https:\/\/noti-america.com\/site\/ecuador\/wp-json\/wp\/v2\/posts\/35088\/revisions"}],"predecessor-version":[{"id":35091,"href":"https:\/\/noti-america.com\/site\/ecuador\/wp-json\/wp\/v2\/posts\/35088\/revisions\/35091"}],"wp:featuredmedia":[{"embeddable":true,"href":"https:\/\/noti-america.com\/site\/ecuador\/wp-json\/wp\/v2\/media\/35089"}],"wp:attachment":[{"href":"https:\/\/noti-america.com\/site\/ecuador\/wp-json\/wp\/v2\/media?parent=35088"}],"wp:term":[{"taxonomy":"category","embeddable":true,"href":"https:\/\/noti-america.com\/site\/ecuador\/wp-json\/wp\/v2\/categories?post=35088"},{"taxonomy":"post_tag","embeddable":true,"href":"https:\/\/noti-america.com\/site\/ecuador\/wp-json\/wp\/v2\/tags?post=35088"}],"curies":[{"name":"wp","href":"https:\/\/api.w.org\/{rel}","templated":true}]}}