{"id":35074,"date":"2025-06-21T03:09:24","date_gmt":"2025-06-21T03:09:24","guid":{"rendered":"https:\/\/noti-america.com\/site\/ecuador\/?p=35074"},"modified":"2025-06-21T03:09:24","modified_gmt":"2025-06-21T03:09:24","slug":"hyundai-revoluciona-el-mercado-con-el-nuevo-santa-fe-hybrid","status":"publish","type":"post","link":"https:\/\/noti-america.com\/site\/ecuador\/2025\/06\/21\/hyundai-revoluciona-el-mercado-con-el-nuevo-santa-fe-hybrid\/","title":{"rendered":"Hyundai revoluciona el mercado con el nuevo Santa Fe Hybrid"},"content":{"rendered":"<p><strong>NOTI-AMERICA.COM | ECUADOR.<\/strong><\/p>\n<p style=\"text-align: justify\"><img loading=\"lazy\" decoding=\"async\" class=\"size-medium wp-image-35076 aligncenter\" src=\"https:\/\/noti-america.com\/site\/ecuador\/wp-content\/uploads\/sites\/18\/2025\/06\/20250619_113225-300x225.jpg\" alt=\"\" width=\"300\" height=\"225\" srcset=\"https:\/\/noti-america.com\/site\/ecuador\/wp-content\/uploads\/sites\/18\/2025\/06\/20250619_113225-300x225.jpg 300w, https:\/\/noti-america.com\/site\/ecuador\/wp-content\/uploads\/sites\/18\/2025\/06\/20250619_113225-1024x768.jpg 1024w, https:\/\/noti-america.com\/site\/ecuador\/wp-content\/uploads\/sites\/18\/2025\/06\/20250619_113225-768x576.jpg 768w, https:\/\/noti-america.com\/site\/ecuador\/wp-content\/uploads\/sites\/18\/2025\/06\/20250619_113225-1536x1152.jpg 1536w, https:\/\/noti-america.com\/site\/ecuador\/wp-content\/uploads\/sites\/18\/2025\/06\/20250619_113225-2048x1536.jpg 2048w\" sizes=\"auto, (max-width: 300px) 100vw, 300px\" \/>Hyundai Ecuador, present\u00f3 su nuevo Santa Fe H\u00edbrido. Un SUV con un dise\u00f1o completamente renovado y tecnolog\u00eda h\u00edbrida de \u00faltima generaci\u00f3n, ofreciendo una experiencia de conducci\u00f3n que combina potencia, eficiencia, confort y sofisticaci\u00f3n.<\/p>\n<p style=\"text-align: justify\">El nuevo modelo est\u00e1 equipado con un motor turbo de 1.6 litros y un motor el\u00e9ctrico, entregando una potencia combinada de 232 hp y un torque de 367 Nm. Su sistema h\u00edbrido autorecargable permite una conducci\u00f3n m\u00e1s eficiente y amigable con el medio ambiente.<\/p>\n<p style=\"text-align: justify\">El dise\u00f1o exterior presenta l\u00edneas rectas y robustas, con sus luces frontales en forma de \u00abH\u00bb que refuerza la identidad de la marca. En el interior, destaca una pantalla curva panor\u00e1mica de 12,3 pulgadas que integra el panel de instrumentos y el sistema de infoentretenimiento, brindando una experiencia tecnol\u00f3gica de alto nivel.<\/p>\n<p style=\"text-align: justify\">El lanzamiento oficial del nuevo Santa Fe H\u00edbrido se llev\u00f3 a cabo en la ciudad de Guayaquil. Durante el evento, los asistentes pudieron conocer de cerca las caracter\u00edsticas del veh\u00edculo y disfrutar de una experiencia \u00fanica que refleja el compromiso de Hyundai con la innovaci\u00f3n y la sostenibilidad h\u00edbrida.<\/p>\n<p style=\"text-align: justify\">La marca inform\u00f3 que el nuevo veh\u00edculo esta disponible en todas las concesionarias\u00a0de Hyundai, a nivel nacional.<\/p>\n","protected":false},"excerpt":{"rendered":"<p>NOTI-AMERICA.COM | ECUADOR. Hyundai Ecuador, present\u00f3 su nuevo Santa Fe H\u00edbrido. Un SUV con un dise\u00f1o completamente renovado y tecnolog\u00eda h\u00edbrida de \u00faltima generaci\u00f3n, ofreciendo una experiencia de conducci\u00f3n que combina potencia, eficiencia, confort&#46;&#46;&#46;<\/p>\n","protected":false},"author":144,"featured_media":35076,"comment_status":"open","ping_status":"open","sticky":false,"template":"","format":"standard","meta":{"_acf_changed":false,"om_disable_all_campaigns":false,"rop_custom_images_group":[],"rop_custom_messages_group":[],"rop_publish_now":"initial","rop_publish_now_accounts":{"twitter_242054905_242054905":""},"rop_publish_now_history":[],"rop_publish_now_status":"pending","_uf_show_specific_survey":0,"_uf_disable_surveys":false,"footnotes":""},"categories":[1],"tags":[],"class_list":["post-35074","post","type-post","status-publish","format-standard","has-post-thumbnail","hentry","category-uncategorized"],"acf":[],"aioseo_notices":[],"yoast_head":"<!-- This site is optimized with the Yoast SEO Premium plugin v24.9 (Yoast SEO v27.2) - https:\/\/yoast.com\/product\/yoast-seo-premium-wordpress\/ -->\n<title>Hyundai revoluciona el mercado con el nuevo Santa Fe Hybrid - Ecuador | Noti-America.com<\/title>\n<meta name=\"robots\" content=\"index, follow, max-snippet:-1, max-image-preview:large, max-video-preview:-1\" \/>\n<link rel=\"canonical\" href=\"https:\/\/noti-america.com\/site\/ecuador\/2025\/06\/21\/hyundai-revoluciona-el-mercado-con-el-nuevo-santa-fe-hybrid\/\" \/>\n<meta property=\"og:locale\" content=\"es_ES\" \/>\n<meta property=\"og:type\" content=\"article\" \/>\n<meta property=\"og:title\" content=\"Hyundai revoluciona el mercado con el nuevo Santa Fe Hybrid\" \/>\n<meta property=\"og:description\" content=\"NOTI-AMERICA.COM | ECUADOR. Hyundai Ecuador, present\u00f3 su nuevo Santa Fe H\u00edbrido. Un SUV con un dise\u00f1o completamente renovado y tecnolog\u00eda h\u00edbrida de \u00faltima generaci\u00f3n, ofreciendo una experiencia de conducci\u00f3n que combina potencia, eficiencia, confort&#046;&#046;&#046;\" \/>\n<meta property=\"og:url\" content=\"https:\/\/noti-america.com\/site\/ecuador\/2025\/06\/21\/hyundai-revoluciona-el-mercado-con-el-nuevo-santa-fe-hybrid\/\" \/>\n<meta property=\"og:site_name\" content=\"Ecuador | Noti-America.com\" \/>\n<meta property=\"article:published_time\" content=\"2025-06-21T03:09:24+00:00\" \/>\n<meta property=\"og:image\" content=\"https:\/\/noti-america.com\/site\/ecuador\/wp-content\/uploads\/sites\/18\/2025\/06\/20250619_113225-scaled.jpg\" \/>\n\t<meta property=\"og:image:width\" content=\"2560\" \/>\n\t<meta property=\"og:image:height\" content=\"1920\" \/>\n\t<meta property=\"og:image:type\" content=\"image\/jpeg\" \/>\n<meta name=\"author\" content=\"Henry Garrido\" \/>\n<meta name=\"twitter:card\" content=\"summary_large_image\" \/>\n<meta name=\"twitter:creator\" content=\"@notiamerica\" \/>\n<meta name=\"twitter:site\" content=\"@notiamerica\" \/>\n<meta name=\"twitter:label1\" content=\"Escrito por\" \/>\n\t<meta name=\"twitter:data1\" content=\"Henry Garrido\" \/>\n\t<meta name=\"twitter:label2\" content=\"Tiempo estimado de lectura\" \/>\n\t<meta name=\"twitter:data2\" content=\"2 minutos\" \/>\n<script type=\"application\/ld+json\" class=\"yoast-schema-graph\">{\"@context\":\"https:\/\/schema.org\",\"@graph\":[{\"@type\":\"Article\",\"@id\":\"https:\/\/noti-america.com\/site\/ecuador\/2025\/06\/21\/hyundai-revoluciona-el-mercado-con-el-nuevo-santa-fe-hybrid\/#article\",\"isPartOf\":{\"@id\":\"https:\/\/noti-america.com\/site\/ecuador\/2025\/06\/21\/hyundai-revoluciona-el-mercado-con-el-nuevo-santa-fe-hybrid\/\"},\"author\":{\"name\":\"Henry Garrido\",\"@id\":\"https:\/\/noti-america.com\/site\/ecuador\/#\/schema\/person\/00042412cfa9ecf98077f847ffadda4a\"},\"headline\":\"Hyundai revoluciona el mercado con el nuevo Santa Fe Hybrid\",\"datePublished\":\"2025-06-21T03:09:24+00:00\",\"mainEntityOfPage\":{\"@id\":\"https:\/\/noti-america.com\/site\/ecuador\/2025\/06\/21\/hyundai-revoluciona-el-mercado-con-el-nuevo-santa-fe-hybrid\/\"},\"wordCount\":226,\"commentCount\":0,\"publisher\":{\"@id\":\"https:\/\/noti-america.com\/site\/ecuador\/#organization\"},\"image\":{\"@id\":\"https:\/\/noti-america.com\/site\/ecuador\/2025\/06\/21\/hyundai-revoluciona-el-mercado-con-el-nuevo-santa-fe-hybrid\/#primaryimage\"},\"thumbnailUrl\":\"https:\/\/noti-america.com\/site\/ecuador\/wp-content\/uploads\/sites\/18\/2025\/06\/20250619_113225-scaled.jpg\",\"articleSection\":[\"Uncategorized\"],\"inLanguage\":\"es\",\"potentialAction\":[{\"@type\":\"CommentAction\",\"name\":\"Comment\",\"target\":[\"https:\/\/noti-america.com\/site\/ecuador\/2025\/06\/21\/hyundai-revoluciona-el-mercado-con-el-nuevo-santa-fe-hybrid\/#respond\"]}]},{\"@type\":\"WebPage\",\"@id\":\"https:\/\/noti-america.com\/site\/ecuador\/2025\/06\/21\/hyundai-revoluciona-el-mercado-con-el-nuevo-santa-fe-hybrid\/\",\"url\":\"https:\/\/noti-america.com\/site\/ecuador\/2025\/06\/21\/hyundai-revoluciona-el-mercado-con-el-nuevo-santa-fe-hybrid\/\",\"name\":\"Hyundai revoluciona el mercado con el nuevo Santa Fe Hybrid - Ecuador | Noti-America.com\",\"isPartOf\":{\"@id\":\"https:\/\/noti-america.com\/site\/ecuador\/#website\"},\"primaryImageOfPage\":{\"@id\":\"https:\/\/noti-america.com\/site\/ecuador\/2025\/06\/21\/hyundai-revoluciona-el-mercado-con-el-nuevo-santa-fe-hybrid\/#primaryimage\"},\"image\":{\"@id\":\"https:\/\/noti-america.com\/site\/ecuador\/2025\/06\/21\/hyundai-revoluciona-el-mercado-con-el-nuevo-santa-fe-hybrid\/#primaryimage\"},\"thumbnailUrl\":\"https:\/\/noti-america.com\/site\/ecuador\/wp-content\/uploads\/sites\/18\/2025\/06\/20250619_113225-scaled.jpg\",\"datePublished\":\"2025-06-21T03:09:24+00:00\",\"breadcrumb\":{\"@id\":\"https:\/\/noti-america.com\/site\/ecuador\/2025\/06\/21\/hyundai-revoluciona-el-mercado-con-el-nuevo-santa-fe-hybrid\/#breadcrumb\"},\"inLanguage\":\"es\",\"potentialAction\":[{\"@type\":\"ReadAction\",\"target\":[\"https:\/\/noti-america.com\/site\/ecuador\/2025\/06\/21\/hyundai-revoluciona-el-mercado-con-el-nuevo-santa-fe-hybrid\/\"]}]},{\"@type\":\"ImageObject\",\"inLanguage\":\"es\",\"@id\":\"https:\/\/noti-america.com\/site\/ecuador\/2025\/06\/21\/hyundai-revoluciona-el-mercado-con-el-nuevo-santa-fe-hybrid\/#primaryimage\",\"url\":\"https:\/\/noti-america.com\/site\/ecuador\/wp-content\/uploads\/sites\/18\/2025\/06\/20250619_113225-scaled.jpg\",\"contentUrl\":\"https:\/\/noti-america.com\/site\/ecuador\/wp-content\/uploads\/sites\/18\/2025\/06\/20250619_113225-scaled.jpg\",\"width\":2560,\"height\":1920},{\"@type\":\"BreadcrumbList\",\"@id\":\"https:\/\/noti-america.com\/site\/ecuador\/2025\/06\/21\/hyundai-revoluciona-el-mercado-con-el-nuevo-santa-fe-hybrid\/#breadcrumb\",\"itemListElement\":[{\"@type\":\"ListItem\",\"position\":1,\"name\":\"Portada\",\"item\":\"https:\/\/noti-america.com\/site\/ecuador\/\"},{\"@type\":\"ListItem\",\"position\":2,\"name\":\"Hyundai revoluciona el mercado con el nuevo Santa Fe Hybrid\"}]},{\"@type\":\"WebSite\",\"@id\":\"https:\/\/noti-america.com\/site\/ecuador\/#website\",\"url\":\"https:\/\/noti-america.com\/site\/ecuador\/\",\"name\":\"Ecuador | Noti-America.com\",\"description\":\"\",\"publisher\":{\"@id\":\"https:\/\/noti-america.com\/site\/ecuador\/#organization\"},\"potentialAction\":[{\"@type\":\"SearchAction\",\"target\":{\"@type\":\"EntryPoint\",\"urlTemplate\":\"https:\/\/noti-america.com\/site\/ecuador\/?s={search_term_string}\"},\"query-input\":{\"@type\":\"PropertyValueSpecification\",\"valueRequired\":true,\"valueName\":\"search_term_string\"}}],\"inLanguage\":\"es\"},{\"@type\":\"Organization\",\"@id\":\"https:\/\/noti-america.com\/site\/ecuador\/#organization\",\"name\":\"Noti-America LLC | Ecuador\",\"url\":\"https:\/\/noti-america.com\/site\/ecuador\/\",\"logo\":{\"@type\":\"ImageObject\",\"inLanguage\":\"es\",\"@id\":\"https:\/\/noti-america.com\/site\/ecuador\/#\/schema\/logo\/image\/\",\"url\":\"https:\/\/noti-america.com\/site\/ecuador\/wp-content\/uploads\/sites\/18\/2020\/07\/LogoNA-4x3-1.jpg\",\"contentUrl\":\"https:\/\/noti-america.com\/site\/ecuador\/wp-content\/uploads\/sites\/18\/2020\/07\/LogoNA-4x3-1.jpg\",\"width\":1236,\"height\":1080,\"caption\":\"Noti-America LLC | Ecuador\"},\"image\":{\"@id\":\"https:\/\/noti-america.com\/site\/ecuador\/#\/schema\/logo\/image\/\"},\"sameAs\":[\"https:\/\/x.com\/notiamerica\"]},{\"@type\":\"Person\",\"@id\":\"https:\/\/noti-america.com\/site\/ecuador\/#\/schema\/person\/00042412cfa9ecf98077f847ffadda4a\",\"name\":\"Henry Garrido\",\"image\":{\"@type\":\"ImageObject\",\"inLanguage\":\"es\",\"@id\":\"https:\/\/secure.gravatar.com\/avatar\/749ae5a1e6f22cf042f04b9f3f0a22732ae36970ccfd5c54a0a2ac3c4e1166ed?s=96&d=mm&r=g\",\"url\":\"https:\/\/secure.gravatar.com\/avatar\/749ae5a1e6f22cf042f04b9f3f0a22732ae36970ccfd5c54a0a2ac3c4e1166ed?s=96&d=mm&r=g\",\"contentUrl\":\"https:\/\/secure.gravatar.com\/avatar\/749ae5a1e6f22cf042f04b9f3f0a22732ae36970ccfd5c54a0a2ac3c4e1166ed?s=96&d=mm&r=g\",\"caption\":\"Henry Garrido\"},\"url\":\"https:\/\/noti-america.com\/site\/ecuador\/author\/hgarrido\/\"}]}<\/script>\n<!-- \/ Yoast SEO Premium plugin. -->","yoast_head_json":{"title":"Hyundai revoluciona el mercado con el nuevo Santa Fe Hybrid - Ecuador | Noti-America.com","robots":{"index":"index","follow":"follow","max-snippet":"max-snippet:-1","max-image-preview":"max-image-preview:large","max-video-preview":"max-video-preview:-1"},"canonical":"https:\/\/noti-america.com\/site\/ecuador\/2025\/06\/21\/hyundai-revoluciona-el-mercado-con-el-nuevo-santa-fe-hybrid\/","og_locale":"es_ES","og_type":"article","og_title":"Hyundai revoluciona el mercado con el nuevo Santa Fe Hybrid","og_description":"NOTI-AMERICA.COM | ECUADOR. Hyundai Ecuador, present\u00f3 su nuevo Santa Fe H\u00edbrido. Un SUV con un dise\u00f1o completamente renovado y tecnolog\u00eda h\u00edbrida de \u00faltima generaci\u00f3n, ofreciendo una experiencia de conducci\u00f3n que combina potencia, eficiencia, confort&#46;&#46;&#46;","og_url":"https:\/\/noti-america.com\/site\/ecuador\/2025\/06\/21\/hyundai-revoluciona-el-mercado-con-el-nuevo-santa-fe-hybrid\/","og_site_name":"Ecuador | Noti-America.com","article_published_time":"2025-06-21T03:09:24+00:00","og_image":[{"width":2560,"height":1920,"url":"https:\/\/noti-america.com\/site\/ecuador\/wp-content\/uploads\/sites\/18\/2025\/06\/20250619_113225-scaled.jpg","type":"image\/jpeg"}],"author":"Henry Garrido","twitter_card":"summary_large_image","twitter_creator":"@notiamerica","twitter_site":"@notiamerica","twitter_misc":{"Escrito por":"Henry Garrido","Tiempo estimado de lectura":"2 minutos"},"schema":{"@context":"https:\/\/schema.org","@graph":[{"@type":"Article","@id":"https:\/\/noti-america.com\/site\/ecuador\/2025\/06\/21\/hyundai-revoluciona-el-mercado-con-el-nuevo-santa-fe-hybrid\/#article","isPartOf":{"@id":"https:\/\/noti-america.com\/site\/ecuador\/2025\/06\/21\/hyundai-revoluciona-el-mercado-con-el-nuevo-santa-fe-hybrid\/"},"author":{"name":"Henry Garrido","@id":"https:\/\/noti-america.com\/site\/ecuador\/#\/schema\/person\/00042412cfa9ecf98077f847ffadda4a"},"headline":"Hyundai revoluciona el mercado con el nuevo Santa Fe Hybrid","datePublished":"2025-06-21T03:09:24+00:00","mainEntityOfPage":{"@id":"https:\/\/noti-america.com\/site\/ecuador\/2025\/06\/21\/hyundai-revoluciona-el-mercado-con-el-nuevo-santa-fe-hybrid\/"},"wordCount":226,"commentCount":0,"publisher":{"@id":"https:\/\/noti-america.com\/site\/ecuador\/#organization"},"image":{"@id":"https:\/\/noti-america.com\/site\/ecuador\/2025\/06\/21\/hyundai-revoluciona-el-mercado-con-el-nuevo-santa-fe-hybrid\/#primaryimage"},"thumbnailUrl":"https:\/\/noti-america.com\/site\/ecuador\/wp-content\/uploads\/sites\/18\/2025\/06\/20250619_113225-scaled.jpg","articleSection":["Uncategorized"],"inLanguage":"es","potentialAction":[{"@type":"CommentAction","name":"Comment","target":["https:\/\/noti-america.com\/site\/ecuador\/2025\/06\/21\/hyundai-revoluciona-el-mercado-con-el-nuevo-santa-fe-hybrid\/#respond"]}]},{"@type":"WebPage","@id":"https:\/\/noti-america.com\/site\/ecuador\/2025\/06\/21\/hyundai-revoluciona-el-mercado-con-el-nuevo-santa-fe-hybrid\/","url":"https:\/\/noti-america.com\/site\/ecuador\/2025\/06\/21\/hyundai-revoluciona-el-mercado-con-el-nuevo-santa-fe-hybrid\/","name":"Hyundai revoluciona el mercado con el nuevo Santa Fe Hybrid - Ecuador | Noti-America.com","isPartOf":{"@id":"https:\/\/noti-america.com\/site\/ecuador\/#website"},"primaryImageOfPage":{"@id":"https:\/\/noti-america.com\/site\/ecuador\/2025\/06\/21\/hyundai-revoluciona-el-mercado-con-el-nuevo-santa-fe-hybrid\/#primaryimage"},"image":{"@id":"https:\/\/noti-america.com\/site\/ecuador\/2025\/06\/21\/hyundai-revoluciona-el-mercado-con-el-nuevo-santa-fe-hybrid\/#primaryimage"},"thumbnailUrl":"https:\/\/noti-america.com\/site\/ecuador\/wp-content\/uploads\/sites\/18\/2025\/06\/20250619_113225-scaled.jpg","datePublished":"2025-06-21T03:09:24+00:00","breadcrumb":{"@id":"https:\/\/noti-america.com\/site\/ecuador\/2025\/06\/21\/hyundai-revoluciona-el-mercado-con-el-nuevo-santa-fe-hybrid\/#breadcrumb"},"inLanguage":"es","potentialAction":[{"@type":"ReadAction","target":["https:\/\/noti-america.com\/site\/ecuador\/2025\/06\/21\/hyundai-revoluciona-el-mercado-con-el-nuevo-santa-fe-hybrid\/"]}]},{"@type":"ImageObject","inLanguage":"es","@id":"https:\/\/noti-america.com\/site\/ecuador\/2025\/06\/21\/hyundai-revoluciona-el-mercado-con-el-nuevo-santa-fe-hybrid\/#primaryimage","url":"https:\/\/noti-america.com\/site\/ecuador\/wp-content\/uploads\/sites\/18\/2025\/06\/20250619_113225-scaled.jpg","contentUrl":"https:\/\/noti-america.com\/site\/ecuador\/wp-content\/uploads\/sites\/18\/2025\/06\/20250619_113225-scaled.jpg","width":2560,"height":1920},{"@type":"BreadcrumbList","@id":"https:\/\/noti-america.com\/site\/ecuador\/2025\/06\/21\/hyundai-revoluciona-el-mercado-con-el-nuevo-santa-fe-hybrid\/#breadcrumb","itemListElement":[{"@type":"ListItem","position":1,"name":"Portada","item":"https:\/\/noti-america.com\/site\/ecuador\/"},{"@type":"ListItem","position":2,"name":"Hyundai revoluciona el mercado con el nuevo Santa Fe Hybrid"}]},{"@type":"WebSite","@id":"https:\/\/noti-america.com\/site\/ecuador\/#website","url":"https:\/\/noti-america.com\/site\/ecuador\/","name":"Ecuador | Noti-America.com","description":"","publisher":{"@id":"https:\/\/noti-america.com\/site\/ecuador\/#organization"},"potentialAction":[{"@type":"SearchAction","target":{"@type":"EntryPoint","urlTemplate":"https:\/\/noti-america.com\/site\/ecuador\/?s={search_term_string}"},"query-input":{"@type":"PropertyValueSpecification","valueRequired":true,"valueName":"search_term_string"}}],"inLanguage":"es"},{"@type":"Organization","@id":"https:\/\/noti-america.com\/site\/ecuador\/#organization","name":"Noti-America LLC | Ecuador","url":"https:\/\/noti-america.com\/site\/ecuador\/","logo":{"@type":"ImageObject","inLanguage":"es","@id":"https:\/\/noti-america.com\/site\/ecuador\/#\/schema\/logo\/image\/","url":"https:\/\/noti-america.com\/site\/ecuador\/wp-content\/uploads\/sites\/18\/2020\/07\/LogoNA-4x3-1.jpg","contentUrl":"https:\/\/noti-america.com\/site\/ecuador\/wp-content\/uploads\/sites\/18\/2020\/07\/LogoNA-4x3-1.jpg","width":1236,"height":1080,"caption":"Noti-America LLC | Ecuador"},"image":{"@id":"https:\/\/noti-america.com\/site\/ecuador\/#\/schema\/logo\/image\/"},"sameAs":["https:\/\/x.com\/notiamerica"]},{"@type":"Person","@id":"https:\/\/noti-america.com\/site\/ecuador\/#\/schema\/person\/00042412cfa9ecf98077f847ffadda4a","name":"Henry Garrido","image":{"@type":"ImageObject","inLanguage":"es","@id":"https:\/\/secure.gravatar.com\/avatar\/749ae5a1e6f22cf042f04b9f3f0a22732ae36970ccfd5c54a0a2ac3c4e1166ed?s=96&d=mm&r=g","url":"https:\/\/secure.gravatar.com\/avatar\/749ae5a1e6f22cf042f04b9f3f0a22732ae36970ccfd5c54a0a2ac3c4e1166ed?s=96&d=mm&r=g","contentUrl":"https:\/\/secure.gravatar.com\/avatar\/749ae5a1e6f22cf042f04b9f3f0a22732ae36970ccfd5c54a0a2ac3c4e1166ed?s=96&d=mm&r=g","caption":"Henry Garrido"},"url":"https:\/\/noti-america.com\/site\/ecuador\/author\/hgarrido\/"}]}},"_links":{"self":[{"href":"https:\/\/noti-america.com\/site\/ecuador\/wp-json\/wp\/v2\/posts\/35074","targetHints":{"allow":["GET"]}}],"collection":[{"href":"https:\/\/noti-america.com\/site\/ecuador\/wp-json\/wp\/v2\/posts"}],"about":[{"href":"https:\/\/noti-america.com\/site\/ecuador\/wp-json\/wp\/v2\/types\/post"}],"author":[{"embeddable":true,"href":"https:\/\/noti-america.com\/site\/ecuador\/wp-json\/wp\/v2\/users\/144"}],"replies":[{"embeddable":true,"href":"https:\/\/noti-america.com\/site\/ecuador\/wp-json\/wp\/v2\/comments?post=35074"}],"version-history":[{"count":1,"href":"https:\/\/noti-america.com\/site\/ecuador\/wp-json\/wp\/v2\/posts\/35074\/revisions"}],"predecessor-version":[{"id":35077,"href":"https:\/\/noti-america.com\/site\/ecuador\/wp-json\/wp\/v2\/posts\/35074\/revisions\/35077"}],"wp:featuredmedia":[{"embeddable":true,"href":"https:\/\/noti-america.com\/site\/ecuador\/wp-json\/wp\/v2\/media\/35076"}],"wp:attachment":[{"href":"https:\/\/noti-america.com\/site\/ecuador\/wp-json\/wp\/v2\/media?parent=35074"}],"wp:term":[{"taxonomy":"category","embeddable":true,"href":"https:\/\/noti-america.com\/site\/ecuador\/wp-json\/wp\/v2\/categories?post=35074"},{"taxonomy":"post_tag","embeddable":true,"href":"https:\/\/noti-america.com\/site\/ecuador\/wp-json\/wp\/v2\/tags?post=35074"}],"curies":[{"name":"wp","href":"https:\/\/api.w.org\/{rel}","templated":true}]}}