{"id":35071,"date":"2025-06-21T02:51:32","date_gmt":"2025-06-21T02:51:32","guid":{"rendered":"https:\/\/noti-america.com\/site\/ecuador\/?p=35071"},"modified":"2025-06-21T02:51:32","modified_gmt":"2025-06-21T02:51:32","slug":"mas-de-87-millones-de-llantas-usadas-han-sido-recicladas-en-ecuador","status":"publish","type":"post","link":"https:\/\/noti-america.com\/site\/ecuador\/2025\/06\/21\/mas-de-87-millones-de-llantas-usadas-han-sido-recicladas-en-ecuador\/","title":{"rendered":"M\u00e1s de 8,7 millones de llantas usadas han sido recicladas en Ecuador"},"content":{"rendered":"<p><strong>NOTI-AMERICA.COM | ECUADOR.<\/strong><\/p>\n<p>&nbsp;<\/p>\n<div id=\"attachment_35072\" style=\"width: 310px\" class=\"wp-caption aligncenter\"><img loading=\"lazy\" decoding=\"async\" aria-describedby=\"caption-attachment-35072\" class=\"size-medium wp-image-35072\" src=\"https:\/\/noti-america.com\/site\/ecuador\/wp-content\/uploads\/sites\/18\/2025\/06\/20250619_104558-300x225.jpg\" alt=\"\" width=\"300\" height=\"225\" srcset=\"https:\/\/noti-america.com\/site\/ecuador\/wp-content\/uploads\/sites\/18\/2025\/06\/20250619_104558-300x225.jpg 300w, https:\/\/noti-america.com\/site\/ecuador\/wp-content\/uploads\/sites\/18\/2025\/06\/20250619_104558-1024x768.jpg 1024w, https:\/\/noti-america.com\/site\/ecuador\/wp-content\/uploads\/sites\/18\/2025\/06\/20250619_104558-768x576.jpg 768w, https:\/\/noti-america.com\/site\/ecuador\/wp-content\/uploads\/sites\/18\/2025\/06\/20250619_104558-1536x1152.jpg 1536w, https:\/\/noti-america.com\/site\/ecuador\/wp-content\/uploads\/sites\/18\/2025\/06\/20250619_104558-2048x1536.jpg 2048w\" sizes=\"auto, (max-width: 300px) 100vw, 300px\" \/><p id=\"caption-attachment-35072\" class=\"wp-caption-text\"><strong>Los neum\u00e1ticos reciclados son utilizados para crear nuevos productos o obras de arte.<\/strong><\/p><\/div>\n<p style=\"text-align: justify\">En un pa\u00eds donde la basura parece multiplicarse tan r\u00e1pido como las preocupaciones ambientales, hay una organizaci\u00f3n que se ha convertido en el engranaje esencial para frenar una amenaza silenciosa: los neum\u00e1ticos fuera de uso. Se trata del Sistema Ecuatoriano de Gesti\u00f3n Integral de Neum\u00e1ticos Usados (SEGINUS), una corporaci\u00f3n sin fines de lucro que se ha posicionado como pionera en la gesti\u00f3n de estos residuos en Ecuador.<\/p>\n<p style=\"text-align: justify\">Seg\u00fan un estudio de la Universidad de Las Am\u00e9ricas (UDLA), en el pa\u00eds m\u00e1s del 50 % de las llantas usadas terminan en botaderos, rellenos sanitarios o espacios p\u00fablicos sin control. Este producto inadecuado contamina suelo y agua y se convierte en un riesgo para la salud p\u00fablica, al propiciar la cr\u00eda de vectores.<\/p>\n<p style=\"text-align: justify\">SEGINUS ha implementado un sistema nacional, certificado y trazable, que ha recolectado y reciclado m\u00e1s de 8,5 millones de neum\u00e1ticos, evitando la emisi\u00f3n de 371.209 toneladas de CO\u2082 y generando m\u00e1s de 15.000 empleos en todo el pa\u00eds.<\/p>\n<p style=\"text-align: justify\">\u201cEn Ecuador estamos demostrando que los residuos no son un problema, sino una oportunidad. A trav\u00e9s de un modelo circular eficiente y certificado, no solo evitamos la emisi\u00f3n de m\u00e1s de 370 mil toneladas de CO\u2082, sino que generamos empleo, inclusi\u00f3n y conciencia ambiental en todo el pa\u00eds.\u201d afirma Jos\u00e9 Javier Guarderas, Director Ejecutivo de Seginus.<\/p>\n<p style=\"text-align: justify\">Adem\u00e1s, el modelo cuenta con un esquema de financiamiento denominado ecovalor, un cargo incorporado al precio de cada neum\u00e1tico nuevo, que permite cubrir los costos de recolecci\u00f3n, transporte, tratamiento y valorizaci\u00f3n de los NFU (neum\u00e1ticos fuera de uso).<\/p>\n<p style=\"text-align: justify\">Actualmente, SEGINUS trabaja con una red de 4.168 puntos de generaci\u00f3n registrados, que incluyen vulcanizadoras, talleres, distribuidores, empresas p\u00fablicas y privadas. Adem\u00e1s, mantiene alianzas estrat\u00e9gicas con m\u00e1s de 50 Gobiernos Aut\u00f3nomos Descentralizados, lo que permite una cobertura a nivel nacional.<\/p>\n","protected":false},"excerpt":{"rendered":"<p>NOTI-AMERICA.COM | ECUADOR. &nbsp; En un pa\u00eds donde la basura parece multiplicarse tan r\u00e1pido como las preocupaciones ambientales, hay una organizaci\u00f3n que se ha convertido en el engranaje esencial para frenar una amenaza silenciosa:&#46;&#46;&#46;<\/p>\n","protected":false},"author":144,"featured_media":35072,"comment_status":"open","ping_status":"open","sticky":false,"template":"","format":"standard","meta":{"_acf_changed":false,"om_disable_all_campaigns":false,"rop_custom_images_group":[],"rop_custom_messages_group":[],"rop_publish_now":"initial","rop_publish_now_accounts":{"twitter_242054905_242054905":""},"rop_publish_now_history":[],"rop_publish_now_status":"pending","_uf_show_specific_survey":0,"_uf_disable_surveys":false,"footnotes":""},"categories":[125],"tags":[],"class_list":["post-35071","post","type-post","status-publish","format-standard","has-post-thumbnail","hentry","category-actualidad"],"acf":[],"aioseo_notices":[],"yoast_head":"<!-- This site is optimized with the Yoast SEO Premium plugin v24.9 (Yoast SEO v27.2) - https:\/\/yoast.com\/product\/yoast-seo-premium-wordpress\/ -->\n<title>M\u00e1s de 8,7 millones de llantas usadas han sido recicladas en Ecuador - Ecuador | Noti-America.com<\/title>\n<meta name=\"robots\" content=\"index, follow, max-snippet:-1, max-image-preview:large, max-video-preview:-1\" \/>\n<link rel=\"canonical\" href=\"https:\/\/noti-america.com\/site\/ecuador\/2025\/06\/21\/mas-de-87-millones-de-llantas-usadas-han-sido-recicladas-en-ecuador\/\" \/>\n<meta property=\"og:locale\" content=\"es_ES\" \/>\n<meta property=\"og:type\" content=\"article\" \/>\n<meta property=\"og:title\" content=\"M\u00e1s de 8,7 millones de llantas usadas han sido recicladas en Ecuador\" \/>\n<meta property=\"og:description\" content=\"NOTI-AMERICA.COM | ECUADOR. &nbsp; En un pa\u00eds donde la basura parece multiplicarse tan r\u00e1pido como las preocupaciones ambientales, hay una organizaci\u00f3n que se ha convertido en el engranaje esencial para frenar una amenaza silenciosa:&#046;&#046;&#046;\" \/>\n<meta property=\"og:url\" content=\"https:\/\/noti-america.com\/site\/ecuador\/2025\/06\/21\/mas-de-87-millones-de-llantas-usadas-han-sido-recicladas-en-ecuador\/\" \/>\n<meta property=\"og:site_name\" content=\"Ecuador | Noti-America.com\" \/>\n<meta property=\"article:published_time\" content=\"2025-06-21T02:51:32+00:00\" \/>\n<meta property=\"og:image\" content=\"https:\/\/noti-america.com\/site\/ecuador\/wp-content\/uploads\/sites\/18\/2025\/06\/20250619_104558-scaled.jpg\" \/>\n\t<meta property=\"og:image:width\" content=\"2560\" \/>\n\t<meta property=\"og:image:height\" content=\"1920\" \/>\n\t<meta property=\"og:image:type\" content=\"image\/jpeg\" \/>\n<meta name=\"author\" content=\"Henry Garrido\" \/>\n<meta name=\"twitter:card\" content=\"summary_large_image\" \/>\n<meta name=\"twitter:creator\" content=\"@notiamerica\" \/>\n<meta name=\"twitter:site\" content=\"@notiamerica\" \/>\n<meta name=\"twitter:label1\" content=\"Escrito por\" \/>\n\t<meta name=\"twitter:data1\" content=\"Henry Garrido\" \/>\n\t<meta name=\"twitter:label2\" content=\"Tiempo estimado de lectura\" \/>\n\t<meta name=\"twitter:data2\" content=\"2 minutos\" \/>\n<script type=\"application\/ld+json\" class=\"yoast-schema-graph\">{\"@context\":\"https:\/\/schema.org\",\"@graph\":[{\"@type\":\"Article\",\"@id\":\"https:\/\/noti-america.com\/site\/ecuador\/2025\/06\/21\/mas-de-87-millones-de-llantas-usadas-han-sido-recicladas-en-ecuador\/#article\",\"isPartOf\":{\"@id\":\"https:\/\/noti-america.com\/site\/ecuador\/2025\/06\/21\/mas-de-87-millones-de-llantas-usadas-han-sido-recicladas-en-ecuador\/\"},\"author\":{\"name\":\"Henry Garrido\",\"@id\":\"https:\/\/noti-america.com\/site\/ecuador\/#\/schema\/person\/00042412cfa9ecf98077f847ffadda4a\"},\"headline\":\"M\u00e1s de 8,7 millones de llantas usadas han sido recicladas en Ecuador\",\"datePublished\":\"2025-06-21T02:51:32+00:00\",\"mainEntityOfPage\":{\"@id\":\"https:\/\/noti-america.com\/site\/ecuador\/2025\/06\/21\/mas-de-87-millones-de-llantas-usadas-han-sido-recicladas-en-ecuador\/\"},\"wordCount\":358,\"commentCount\":0,\"publisher\":{\"@id\":\"https:\/\/noti-america.com\/site\/ecuador\/#organization\"},\"image\":{\"@id\":\"https:\/\/noti-america.com\/site\/ecuador\/2025\/06\/21\/mas-de-87-millones-de-llantas-usadas-han-sido-recicladas-en-ecuador\/#primaryimage\"},\"thumbnailUrl\":\"https:\/\/noti-america.com\/site\/ecuador\/wp-content\/uploads\/sites\/18\/2025\/06\/20250619_104558-scaled.jpg\",\"articleSection\":[\"Actualidad\"],\"inLanguage\":\"es\",\"potentialAction\":[{\"@type\":\"CommentAction\",\"name\":\"Comment\",\"target\":[\"https:\/\/noti-america.com\/site\/ecuador\/2025\/06\/21\/mas-de-87-millones-de-llantas-usadas-han-sido-recicladas-en-ecuador\/#respond\"]}]},{\"@type\":\"WebPage\",\"@id\":\"https:\/\/noti-america.com\/site\/ecuador\/2025\/06\/21\/mas-de-87-millones-de-llantas-usadas-han-sido-recicladas-en-ecuador\/\",\"url\":\"https:\/\/noti-america.com\/site\/ecuador\/2025\/06\/21\/mas-de-87-millones-de-llantas-usadas-han-sido-recicladas-en-ecuador\/\",\"name\":\"M\u00e1s de 8,7 millones de llantas usadas han sido recicladas en Ecuador - Ecuador | Noti-America.com\",\"isPartOf\":{\"@id\":\"https:\/\/noti-america.com\/site\/ecuador\/#website\"},\"primaryImageOfPage\":{\"@id\":\"https:\/\/noti-america.com\/site\/ecuador\/2025\/06\/21\/mas-de-87-millones-de-llantas-usadas-han-sido-recicladas-en-ecuador\/#primaryimage\"},\"image\":{\"@id\":\"https:\/\/noti-america.com\/site\/ecuador\/2025\/06\/21\/mas-de-87-millones-de-llantas-usadas-han-sido-recicladas-en-ecuador\/#primaryimage\"},\"thumbnailUrl\":\"https:\/\/noti-america.com\/site\/ecuador\/wp-content\/uploads\/sites\/18\/2025\/06\/20250619_104558-scaled.jpg\",\"datePublished\":\"2025-06-21T02:51:32+00:00\",\"breadcrumb\":{\"@id\":\"https:\/\/noti-america.com\/site\/ecuador\/2025\/06\/21\/mas-de-87-millones-de-llantas-usadas-han-sido-recicladas-en-ecuador\/#breadcrumb\"},\"inLanguage\":\"es\",\"potentialAction\":[{\"@type\":\"ReadAction\",\"target\":[\"https:\/\/noti-america.com\/site\/ecuador\/2025\/06\/21\/mas-de-87-millones-de-llantas-usadas-han-sido-recicladas-en-ecuador\/\"]}]},{\"@type\":\"ImageObject\",\"inLanguage\":\"es\",\"@id\":\"https:\/\/noti-america.com\/site\/ecuador\/2025\/06\/21\/mas-de-87-millones-de-llantas-usadas-han-sido-recicladas-en-ecuador\/#primaryimage\",\"url\":\"https:\/\/noti-america.com\/site\/ecuador\/wp-content\/uploads\/sites\/18\/2025\/06\/20250619_104558-scaled.jpg\",\"contentUrl\":\"https:\/\/noti-america.com\/site\/ecuador\/wp-content\/uploads\/sites\/18\/2025\/06\/20250619_104558-scaled.jpg\",\"width\":2560,\"height\":1920,\"caption\":\"Los neum\u00e1ticos reciclados son utilizados para crear nuevos productos, a trav\u00e9s de procesos especiales.\"},{\"@type\":\"BreadcrumbList\",\"@id\":\"https:\/\/noti-america.com\/site\/ecuador\/2025\/06\/21\/mas-de-87-millones-de-llantas-usadas-han-sido-recicladas-en-ecuador\/#breadcrumb\",\"itemListElement\":[{\"@type\":\"ListItem\",\"position\":1,\"name\":\"Portada\",\"item\":\"https:\/\/noti-america.com\/site\/ecuador\/\"},{\"@type\":\"ListItem\",\"position\":2,\"name\":\"M\u00e1s de 8,7 millones de llantas usadas han sido recicladas en Ecuador\"}]},{\"@type\":\"WebSite\",\"@id\":\"https:\/\/noti-america.com\/site\/ecuador\/#website\",\"url\":\"https:\/\/noti-america.com\/site\/ecuador\/\",\"name\":\"Ecuador | Noti-America.com\",\"description\":\"\",\"publisher\":{\"@id\":\"https:\/\/noti-america.com\/site\/ecuador\/#organization\"},\"potentialAction\":[{\"@type\":\"SearchAction\",\"target\":{\"@type\":\"EntryPoint\",\"urlTemplate\":\"https:\/\/noti-america.com\/site\/ecuador\/?s={search_term_string}\"},\"query-input\":{\"@type\":\"PropertyValueSpecification\",\"valueRequired\":true,\"valueName\":\"search_term_string\"}}],\"inLanguage\":\"es\"},{\"@type\":\"Organization\",\"@id\":\"https:\/\/noti-america.com\/site\/ecuador\/#organization\",\"name\":\"Noti-America LLC | Ecuador\",\"url\":\"https:\/\/noti-america.com\/site\/ecuador\/\",\"logo\":{\"@type\":\"ImageObject\",\"inLanguage\":\"es\",\"@id\":\"https:\/\/noti-america.com\/site\/ecuador\/#\/schema\/logo\/image\/\",\"url\":\"https:\/\/noti-america.com\/site\/ecuador\/wp-content\/uploads\/sites\/18\/2020\/07\/LogoNA-4x3-1.jpg\",\"contentUrl\":\"https:\/\/noti-america.com\/site\/ecuador\/wp-content\/uploads\/sites\/18\/2020\/07\/LogoNA-4x3-1.jpg\",\"width\":1236,\"height\":1080,\"caption\":\"Noti-America LLC | Ecuador\"},\"image\":{\"@id\":\"https:\/\/noti-america.com\/site\/ecuador\/#\/schema\/logo\/image\/\"},\"sameAs\":[\"https:\/\/x.com\/notiamerica\"]},{\"@type\":\"Person\",\"@id\":\"https:\/\/noti-america.com\/site\/ecuador\/#\/schema\/person\/00042412cfa9ecf98077f847ffadda4a\",\"name\":\"Henry Garrido\",\"image\":{\"@type\":\"ImageObject\",\"inLanguage\":\"es\",\"@id\":\"https:\/\/secure.gravatar.com\/avatar\/749ae5a1e6f22cf042f04b9f3f0a22732ae36970ccfd5c54a0a2ac3c4e1166ed?s=96&d=mm&r=g\",\"url\":\"https:\/\/secure.gravatar.com\/avatar\/749ae5a1e6f22cf042f04b9f3f0a22732ae36970ccfd5c54a0a2ac3c4e1166ed?s=96&d=mm&r=g\",\"contentUrl\":\"https:\/\/secure.gravatar.com\/avatar\/749ae5a1e6f22cf042f04b9f3f0a22732ae36970ccfd5c54a0a2ac3c4e1166ed?s=96&d=mm&r=g\",\"caption\":\"Henry Garrido\"},\"url\":\"https:\/\/noti-america.com\/site\/ecuador\/author\/hgarrido\/\"}]}<\/script>\n<!-- \/ Yoast SEO Premium plugin. -->","yoast_head_json":{"title":"M\u00e1s de 8,7 millones de llantas usadas han sido recicladas en Ecuador - Ecuador | Noti-America.com","robots":{"index":"index","follow":"follow","max-snippet":"max-snippet:-1","max-image-preview":"max-image-preview:large","max-video-preview":"max-video-preview:-1"},"canonical":"https:\/\/noti-america.com\/site\/ecuador\/2025\/06\/21\/mas-de-87-millones-de-llantas-usadas-han-sido-recicladas-en-ecuador\/","og_locale":"es_ES","og_type":"article","og_title":"M\u00e1s de 8,7 millones de llantas usadas han sido recicladas en Ecuador","og_description":"NOTI-AMERICA.COM | ECUADOR. &nbsp; En un pa\u00eds donde la basura parece multiplicarse tan r\u00e1pido como las preocupaciones ambientales, hay una organizaci\u00f3n que se ha convertido en el engranaje esencial para frenar una amenaza silenciosa:&#46;&#46;&#46;","og_url":"https:\/\/noti-america.com\/site\/ecuador\/2025\/06\/21\/mas-de-87-millones-de-llantas-usadas-han-sido-recicladas-en-ecuador\/","og_site_name":"Ecuador | Noti-America.com","article_published_time":"2025-06-21T02:51:32+00:00","og_image":[{"width":2560,"height":1920,"url":"https:\/\/noti-america.com\/site\/ecuador\/wp-content\/uploads\/sites\/18\/2025\/06\/20250619_104558-scaled.jpg","type":"image\/jpeg"}],"author":"Henry Garrido","twitter_card":"summary_large_image","twitter_creator":"@notiamerica","twitter_site":"@notiamerica","twitter_misc":{"Escrito por":"Henry Garrido","Tiempo estimado de lectura":"2 minutos"},"schema":{"@context":"https:\/\/schema.org","@graph":[{"@type":"Article","@id":"https:\/\/noti-america.com\/site\/ecuador\/2025\/06\/21\/mas-de-87-millones-de-llantas-usadas-han-sido-recicladas-en-ecuador\/#article","isPartOf":{"@id":"https:\/\/noti-america.com\/site\/ecuador\/2025\/06\/21\/mas-de-87-millones-de-llantas-usadas-han-sido-recicladas-en-ecuador\/"},"author":{"name":"Henry Garrido","@id":"https:\/\/noti-america.com\/site\/ecuador\/#\/schema\/person\/00042412cfa9ecf98077f847ffadda4a"},"headline":"M\u00e1s de 8,7 millones de llantas usadas han sido recicladas en Ecuador","datePublished":"2025-06-21T02:51:32+00:00","mainEntityOfPage":{"@id":"https:\/\/noti-america.com\/site\/ecuador\/2025\/06\/21\/mas-de-87-millones-de-llantas-usadas-han-sido-recicladas-en-ecuador\/"},"wordCount":358,"commentCount":0,"publisher":{"@id":"https:\/\/noti-america.com\/site\/ecuador\/#organization"},"image":{"@id":"https:\/\/noti-america.com\/site\/ecuador\/2025\/06\/21\/mas-de-87-millones-de-llantas-usadas-han-sido-recicladas-en-ecuador\/#primaryimage"},"thumbnailUrl":"https:\/\/noti-america.com\/site\/ecuador\/wp-content\/uploads\/sites\/18\/2025\/06\/20250619_104558-scaled.jpg","articleSection":["Actualidad"],"inLanguage":"es","potentialAction":[{"@type":"CommentAction","name":"Comment","target":["https:\/\/noti-america.com\/site\/ecuador\/2025\/06\/21\/mas-de-87-millones-de-llantas-usadas-han-sido-recicladas-en-ecuador\/#respond"]}]},{"@type":"WebPage","@id":"https:\/\/noti-america.com\/site\/ecuador\/2025\/06\/21\/mas-de-87-millones-de-llantas-usadas-han-sido-recicladas-en-ecuador\/","url":"https:\/\/noti-america.com\/site\/ecuador\/2025\/06\/21\/mas-de-87-millones-de-llantas-usadas-han-sido-recicladas-en-ecuador\/","name":"M\u00e1s de 8,7 millones de llantas usadas han sido recicladas en Ecuador - Ecuador | Noti-America.com","isPartOf":{"@id":"https:\/\/noti-america.com\/site\/ecuador\/#website"},"primaryImageOfPage":{"@id":"https:\/\/noti-america.com\/site\/ecuador\/2025\/06\/21\/mas-de-87-millones-de-llantas-usadas-han-sido-recicladas-en-ecuador\/#primaryimage"},"image":{"@id":"https:\/\/noti-america.com\/site\/ecuador\/2025\/06\/21\/mas-de-87-millones-de-llantas-usadas-han-sido-recicladas-en-ecuador\/#primaryimage"},"thumbnailUrl":"https:\/\/noti-america.com\/site\/ecuador\/wp-content\/uploads\/sites\/18\/2025\/06\/20250619_104558-scaled.jpg","datePublished":"2025-06-21T02:51:32+00:00","breadcrumb":{"@id":"https:\/\/noti-america.com\/site\/ecuador\/2025\/06\/21\/mas-de-87-millones-de-llantas-usadas-han-sido-recicladas-en-ecuador\/#breadcrumb"},"inLanguage":"es","potentialAction":[{"@type":"ReadAction","target":["https:\/\/noti-america.com\/site\/ecuador\/2025\/06\/21\/mas-de-87-millones-de-llantas-usadas-han-sido-recicladas-en-ecuador\/"]}]},{"@type":"ImageObject","inLanguage":"es","@id":"https:\/\/noti-america.com\/site\/ecuador\/2025\/06\/21\/mas-de-87-millones-de-llantas-usadas-han-sido-recicladas-en-ecuador\/#primaryimage","url":"https:\/\/noti-america.com\/site\/ecuador\/wp-content\/uploads\/sites\/18\/2025\/06\/20250619_104558-scaled.jpg","contentUrl":"https:\/\/noti-america.com\/site\/ecuador\/wp-content\/uploads\/sites\/18\/2025\/06\/20250619_104558-scaled.jpg","width":2560,"height":1920,"caption":"Los neum\u00e1ticos reciclados son utilizados para crear nuevos productos, a trav\u00e9s de procesos especiales."},{"@type":"BreadcrumbList","@id":"https:\/\/noti-america.com\/site\/ecuador\/2025\/06\/21\/mas-de-87-millones-de-llantas-usadas-han-sido-recicladas-en-ecuador\/#breadcrumb","itemListElement":[{"@type":"ListItem","position":1,"name":"Portada","item":"https:\/\/noti-america.com\/site\/ecuador\/"},{"@type":"ListItem","position":2,"name":"M\u00e1s de 8,7 millones de llantas usadas han sido recicladas en Ecuador"}]},{"@type":"WebSite","@id":"https:\/\/noti-america.com\/site\/ecuador\/#website","url":"https:\/\/noti-america.com\/site\/ecuador\/","name":"Ecuador | Noti-America.com","description":"","publisher":{"@id":"https:\/\/noti-america.com\/site\/ecuador\/#organization"},"potentialAction":[{"@type":"SearchAction","target":{"@type":"EntryPoint","urlTemplate":"https:\/\/noti-america.com\/site\/ecuador\/?s={search_term_string}"},"query-input":{"@type":"PropertyValueSpecification","valueRequired":true,"valueName":"search_term_string"}}],"inLanguage":"es"},{"@type":"Organization","@id":"https:\/\/noti-america.com\/site\/ecuador\/#organization","name":"Noti-America LLC | Ecuador","url":"https:\/\/noti-america.com\/site\/ecuador\/","logo":{"@type":"ImageObject","inLanguage":"es","@id":"https:\/\/noti-america.com\/site\/ecuador\/#\/schema\/logo\/image\/","url":"https:\/\/noti-america.com\/site\/ecuador\/wp-content\/uploads\/sites\/18\/2020\/07\/LogoNA-4x3-1.jpg","contentUrl":"https:\/\/noti-america.com\/site\/ecuador\/wp-content\/uploads\/sites\/18\/2020\/07\/LogoNA-4x3-1.jpg","width":1236,"height":1080,"caption":"Noti-America LLC | Ecuador"},"image":{"@id":"https:\/\/noti-america.com\/site\/ecuador\/#\/schema\/logo\/image\/"},"sameAs":["https:\/\/x.com\/notiamerica"]},{"@type":"Person","@id":"https:\/\/noti-america.com\/site\/ecuador\/#\/schema\/person\/00042412cfa9ecf98077f847ffadda4a","name":"Henry Garrido","image":{"@type":"ImageObject","inLanguage":"es","@id":"https:\/\/secure.gravatar.com\/avatar\/749ae5a1e6f22cf042f04b9f3f0a22732ae36970ccfd5c54a0a2ac3c4e1166ed?s=96&d=mm&r=g","url":"https:\/\/secure.gravatar.com\/avatar\/749ae5a1e6f22cf042f04b9f3f0a22732ae36970ccfd5c54a0a2ac3c4e1166ed?s=96&d=mm&r=g","contentUrl":"https:\/\/secure.gravatar.com\/avatar\/749ae5a1e6f22cf042f04b9f3f0a22732ae36970ccfd5c54a0a2ac3c4e1166ed?s=96&d=mm&r=g","caption":"Henry Garrido"},"url":"https:\/\/noti-america.com\/site\/ecuador\/author\/hgarrido\/"}]}},"_links":{"self":[{"href":"https:\/\/noti-america.com\/site\/ecuador\/wp-json\/wp\/v2\/posts\/35071","targetHints":{"allow":["GET"]}}],"collection":[{"href":"https:\/\/noti-america.com\/site\/ecuador\/wp-json\/wp\/v2\/posts"}],"about":[{"href":"https:\/\/noti-america.com\/site\/ecuador\/wp-json\/wp\/v2\/types\/post"}],"author":[{"embeddable":true,"href":"https:\/\/noti-america.com\/site\/ecuador\/wp-json\/wp\/v2\/users\/144"}],"replies":[{"embeddable":true,"href":"https:\/\/noti-america.com\/site\/ecuador\/wp-json\/wp\/v2\/comments?post=35071"}],"version-history":[{"count":1,"href":"https:\/\/noti-america.com\/site\/ecuador\/wp-json\/wp\/v2\/posts\/35071\/revisions"}],"predecessor-version":[{"id":35073,"href":"https:\/\/noti-america.com\/site\/ecuador\/wp-json\/wp\/v2\/posts\/35071\/revisions\/35073"}],"wp:featuredmedia":[{"embeddable":true,"href":"https:\/\/noti-america.com\/site\/ecuador\/wp-json\/wp\/v2\/media\/35072"}],"wp:attachment":[{"href":"https:\/\/noti-america.com\/site\/ecuador\/wp-json\/wp\/v2\/media?parent=35071"}],"wp:term":[{"taxonomy":"category","embeddable":true,"href":"https:\/\/noti-america.com\/site\/ecuador\/wp-json\/wp\/v2\/categories?post=35071"},{"taxonomy":"post_tag","embeddable":true,"href":"https:\/\/noti-america.com\/site\/ecuador\/wp-json\/wp\/v2\/tags?post=35071"}],"curies":[{"name":"wp","href":"https:\/\/api.w.org\/{rel}","templated":true}]}}