{"id":35025,"date":"2025-06-12T03:37:57","date_gmt":"2025-06-12T03:37:57","guid":{"rendered":"https:\/\/noti-america.com\/site\/ecuador\/?p=35025"},"modified":"2025-06-12T03:42:59","modified_gmt":"2025-06-12T03:42:59","slug":"nestle-y-la-espol-lanzaron-el-programa-herederos-del-campo","status":"publish","type":"post","link":"https:\/\/noti-america.com\/site\/ecuador\/2025\/06\/12\/nestle-y-la-espol-lanzaron-el-programa-herederos-del-campo\/","title":{"rendered":"Nestl\u00e9 y la Espol lanzaron el programa \u2018Herederos del Campo&#8217;"},"content":{"rendered":"<p><strong>NOTI-AMERICA.COM | ECUADOR.<\/strong><\/p>\n<p style=\"text-align: justify\"><img loading=\"lazy\" decoding=\"async\" class=\"size-medium wp-image-35026 aligncenter\" src=\"https:\/\/noti-america.com\/site\/ecuador\/wp-content\/uploads\/sites\/18\/2025\/06\/20250611_103208-300x225.jpg\" alt=\"\" width=\"300\" height=\"225\" srcset=\"https:\/\/noti-america.com\/site\/ecuador\/wp-content\/uploads\/sites\/18\/2025\/06\/20250611_103208-300x225.jpg 300w, https:\/\/noti-america.com\/site\/ecuador\/wp-content\/uploads\/sites\/18\/2025\/06\/20250611_103208-1024x768.jpg 1024w, https:\/\/noti-america.com\/site\/ecuador\/wp-content\/uploads\/sites\/18\/2025\/06\/20250611_103208-768x576.jpg 768w, https:\/\/noti-america.com\/site\/ecuador\/wp-content\/uploads\/sites\/18\/2025\/06\/20250611_103208-1536x1152.jpg 1536w, https:\/\/noti-america.com\/site\/ecuador\/wp-content\/uploads\/sites\/18\/2025\/06\/20250611_103208-2048x1536.jpg 2048w\" sizes=\"auto, (max-width: 300px) 100vw, 300px\" \/>Desde su lanzamiento en 2010, el Plan Cacao de Nestl\u00e9 ha transformado la vida de los agricultores cacaoteros en Ecuador, impulsando pr\u00e1cticas sostenibles y mejorando la productividad en sus fincas.<\/p>\n<p style=\"text-align: justify\">Hoy, a trav\u00e9s de una alianza estrat\u00e9gica, Nestl\u00e9 y la Escuela Superior Polit\u00e9cnica del Litoral (Espol) hicieron el lanzamiento del programa <strong>\u2018Herederos del Campo\u2019<\/strong>, enfocado en la formaci\u00f3n de j\u00f3venes l\u00edderes rurales para potenciar la producci\u00f3n agr\u00edcola del cacao en la costa ecuatoriana.<\/p>\n<p style=\"text-align: justify\">50 j\u00f3venes que son hijos, y nietos de productores cacaoteros de Esmeraldas, Guayas, Los R\u00edos y Manab\u00ed se formar\u00e1n en un diplomado t\u00e9cnico con contenidos de liderazgo, emprendimiento, marketing, finanzas y habilidades esenciales.<\/p>\n<p style=\"text-align: justify\"><img loading=\"lazy\" decoding=\"async\" class=\"size-medium wp-image-35027 aligncenter\" src=\"https:\/\/noti-america.com\/site\/ecuador\/wp-content\/uploads\/sites\/18\/2025\/06\/20250611_105658-300x225.jpg\" alt=\"\" width=\"300\" height=\"225\" srcset=\"https:\/\/noti-america.com\/site\/ecuador\/wp-content\/uploads\/sites\/18\/2025\/06\/20250611_105658-300x225.jpg 300w, https:\/\/noti-america.com\/site\/ecuador\/wp-content\/uploads\/sites\/18\/2025\/06\/20250611_105658-1024x768.jpg 1024w, https:\/\/noti-america.com\/site\/ecuador\/wp-content\/uploads\/sites\/18\/2025\/06\/20250611_105658-768x576.jpg 768w, https:\/\/noti-america.com\/site\/ecuador\/wp-content\/uploads\/sites\/18\/2025\/06\/20250611_105658-1536x1152.jpg 1536w, https:\/\/noti-america.com\/site\/ecuador\/wp-content\/uploads\/sites\/18\/2025\/06\/20250611_105658-2048x1536.jpg 2048w\" sizes=\"auto, (max-width: 300px) 100vw, 300px\" \/>El programa es de formaci\u00f3n dual, clases virtuales dictadas por profesionales polit\u00e9cnicos y talleres pr\u00e1cticos guiados por t\u00e9cnicos que recibieron una capacitaci\u00f3n especial en la Espol y se certificaron como Formadores de Formadores.<\/p>\n<p style=\"text-align: justify\">Christian Saavedra, gerente del Negocio de Cacao de Nestl\u00e9 Ecuador, se\u00f1al\u00f3 que esta edici\u00f3n tiene como objetivo impulsar el desarrollo de los j\u00f3venes agroemprendedores, promoviendo la diversificaci\u00f3n de ingresos, el aumento de la productividad de sus fincas y la generaci\u00f3n de empleo local.<\/p>\n<p style=\"text-align: justify\">Mediante esta iniciativa, Nestl\u00e9 reafirma su compromiso con el desarrollo sostenible del sector cacaotero en el pa\u00eds, alineando sus acciones con los Objetivos de Desarrollo Sostenible<\/p>\n<p style=\"text-align: justify\">La compa\u00f1\u00eda celebra 70 a\u00f1os en Ecuador y apuesta por un modelo de Creaci\u00f3n de Valor Compartido. Este impulsa la econom\u00eda local y protege el entorno natural.<\/p>\n","protected":false},"excerpt":{"rendered":"<p>NOTI-AMERICA.COM | ECUADOR. Desde su lanzamiento en 2010, el Plan Cacao de Nestl\u00e9 ha transformado la vida de los agricultores cacaoteros en Ecuador, impulsando pr\u00e1cticas sostenibles y mejorando la productividad en sus fincas. Hoy,&#46;&#46;&#46;<\/p>\n","protected":false},"author":144,"featured_media":35026,"comment_status":"open","ping_status":"open","sticky":false,"template":"","format":"standard","meta":{"_acf_changed":false,"om_disable_all_campaigns":false,"rop_custom_images_group":[],"rop_custom_messages_group":[],"rop_publish_now":"initial","rop_publish_now_accounts":{"twitter_242054905_242054905":""},"rop_publish_now_history":[],"rop_publish_now_status":"pending","_uf_show_specific_survey":0,"_uf_disable_surveys":false,"footnotes":""},"categories":[1],"tags":[],"class_list":["post-35025","post","type-post","status-publish","format-standard","has-post-thumbnail","hentry","category-uncategorized"],"acf":[],"aioseo_notices":[],"yoast_head":"<!-- This site is optimized with the Yoast SEO Premium plugin v24.9 (Yoast SEO v27.2) - https:\/\/yoast.com\/product\/yoast-seo-premium-wordpress\/ -->\n<title>Nestl\u00e9 y la Espol lanzaron el programa \u2018Herederos del Campo&#039; - Ecuador | Noti-America.com<\/title>\n<meta name=\"robots\" content=\"index, follow, max-snippet:-1, max-image-preview:large, max-video-preview:-1\" \/>\n<link rel=\"canonical\" href=\"https:\/\/noti-america.com\/site\/ecuador\/2025\/06\/12\/nestle-y-la-espol-lanzaron-el-programa-herederos-del-campo\/\" \/>\n<meta property=\"og:locale\" content=\"es_ES\" \/>\n<meta property=\"og:type\" content=\"article\" \/>\n<meta property=\"og:title\" content=\"Nestl\u00e9 y la Espol lanzaron el programa \u2018Herederos del Campo&#039;\" \/>\n<meta property=\"og:description\" content=\"NOTI-AMERICA.COM | ECUADOR. Desde su lanzamiento en 2010, el Plan Cacao de Nestl\u00e9 ha transformado la vida de los agricultores cacaoteros en Ecuador, impulsando pr\u00e1cticas sostenibles y mejorando la productividad en sus fincas. Hoy,&#046;&#046;&#046;\" \/>\n<meta property=\"og:url\" content=\"https:\/\/noti-america.com\/site\/ecuador\/2025\/06\/12\/nestle-y-la-espol-lanzaron-el-programa-herederos-del-campo\/\" \/>\n<meta property=\"og:site_name\" content=\"Ecuador | Noti-America.com\" \/>\n<meta property=\"article:published_time\" content=\"2025-06-12T03:37:57+00:00\" \/>\n<meta property=\"article:modified_time\" content=\"2025-06-12T03:42:59+00:00\" \/>\n<meta property=\"og:image\" content=\"https:\/\/noti-america.com\/site\/ecuador\/wp-content\/uploads\/sites\/18\/2025\/06\/20250611_103208-scaled.jpg\" \/>\n\t<meta property=\"og:image:width\" content=\"2560\" \/>\n\t<meta property=\"og:image:height\" content=\"1920\" \/>\n\t<meta property=\"og:image:type\" content=\"image\/jpeg\" \/>\n<meta name=\"author\" content=\"Henry Garrido\" \/>\n<meta name=\"twitter:card\" content=\"summary_large_image\" \/>\n<meta name=\"twitter:creator\" content=\"@notiamerica\" \/>\n<meta name=\"twitter:site\" content=\"@notiamerica\" \/>\n<meta name=\"twitter:label1\" content=\"Escrito por\" \/>\n\t<meta name=\"twitter:data1\" content=\"Henry Garrido\" \/>\n\t<meta name=\"twitter:label2\" content=\"Tiempo estimado de lectura\" \/>\n\t<meta name=\"twitter:data2\" content=\"2 minutos\" \/>\n<script type=\"application\/ld+json\" class=\"yoast-schema-graph\">{\"@context\":\"https:\/\/schema.org\",\"@graph\":[{\"@type\":\"Article\",\"@id\":\"https:\/\/noti-america.com\/site\/ecuador\/2025\/06\/12\/nestle-y-la-espol-lanzaron-el-programa-herederos-del-campo\/#article\",\"isPartOf\":{\"@id\":\"https:\/\/noti-america.com\/site\/ecuador\/2025\/06\/12\/nestle-y-la-espol-lanzaron-el-programa-herederos-del-campo\/\"},\"author\":{\"name\":\"Henry Garrido\",\"@id\":\"https:\/\/noti-america.com\/site\/ecuador\/#\/schema\/person\/00042412cfa9ecf98077f847ffadda4a\"},\"headline\":\"Nestl\u00e9 y la Espol lanzaron el programa \u2018Herederos del Campo&#8217;\",\"datePublished\":\"2025-06-12T03:37:57+00:00\",\"dateModified\":\"2025-06-12T03:42:59+00:00\",\"mainEntityOfPage\":{\"@id\":\"https:\/\/noti-america.com\/site\/ecuador\/2025\/06\/12\/nestle-y-la-espol-lanzaron-el-programa-herederos-del-campo\/\"},\"wordCount\":273,\"commentCount\":0,\"publisher\":{\"@id\":\"https:\/\/noti-america.com\/site\/ecuador\/#organization\"},\"image\":{\"@id\":\"https:\/\/noti-america.com\/site\/ecuador\/2025\/06\/12\/nestle-y-la-espol-lanzaron-el-programa-herederos-del-campo\/#primaryimage\"},\"thumbnailUrl\":\"https:\/\/noti-america.com\/site\/ecuador\/wp-content\/uploads\/sites\/18\/2025\/06\/20250611_103208-scaled.jpg\",\"articleSection\":[\"Uncategorized\"],\"inLanguage\":\"es\",\"potentialAction\":[{\"@type\":\"CommentAction\",\"name\":\"Comment\",\"target\":[\"https:\/\/noti-america.com\/site\/ecuador\/2025\/06\/12\/nestle-y-la-espol-lanzaron-el-programa-herederos-del-campo\/#respond\"]}]},{\"@type\":\"WebPage\",\"@id\":\"https:\/\/noti-america.com\/site\/ecuador\/2025\/06\/12\/nestle-y-la-espol-lanzaron-el-programa-herederos-del-campo\/\",\"url\":\"https:\/\/noti-america.com\/site\/ecuador\/2025\/06\/12\/nestle-y-la-espol-lanzaron-el-programa-herederos-del-campo\/\",\"name\":\"Nestl\u00e9 y la Espol lanzaron el programa \u2018Herederos del Campo' - Ecuador | Noti-America.com\",\"isPartOf\":{\"@id\":\"https:\/\/noti-america.com\/site\/ecuador\/#website\"},\"primaryImageOfPage\":{\"@id\":\"https:\/\/noti-america.com\/site\/ecuador\/2025\/06\/12\/nestle-y-la-espol-lanzaron-el-programa-herederos-del-campo\/#primaryimage\"},\"image\":{\"@id\":\"https:\/\/noti-america.com\/site\/ecuador\/2025\/06\/12\/nestle-y-la-espol-lanzaron-el-programa-herederos-del-campo\/#primaryimage\"},\"thumbnailUrl\":\"https:\/\/noti-america.com\/site\/ecuador\/wp-content\/uploads\/sites\/18\/2025\/06\/20250611_103208-scaled.jpg\",\"datePublished\":\"2025-06-12T03:37:57+00:00\",\"dateModified\":\"2025-06-12T03:42:59+00:00\",\"breadcrumb\":{\"@id\":\"https:\/\/noti-america.com\/site\/ecuador\/2025\/06\/12\/nestle-y-la-espol-lanzaron-el-programa-herederos-del-campo\/#breadcrumb\"},\"inLanguage\":\"es\",\"potentialAction\":[{\"@type\":\"ReadAction\",\"target\":[\"https:\/\/noti-america.com\/site\/ecuador\/2025\/06\/12\/nestle-y-la-espol-lanzaron-el-programa-herederos-del-campo\/\"]}]},{\"@type\":\"ImageObject\",\"inLanguage\":\"es\",\"@id\":\"https:\/\/noti-america.com\/site\/ecuador\/2025\/06\/12\/nestle-y-la-espol-lanzaron-el-programa-herederos-del-campo\/#primaryimage\",\"url\":\"https:\/\/noti-america.com\/site\/ecuador\/wp-content\/uploads\/sites\/18\/2025\/06\/20250611_103208-scaled.jpg\",\"contentUrl\":\"https:\/\/noti-america.com\/site\/ecuador\/wp-content\/uploads\/sites\/18\/2025\/06\/20250611_103208-scaled.jpg\",\"width\":2560,\"height\":1920},{\"@type\":\"BreadcrumbList\",\"@id\":\"https:\/\/noti-america.com\/site\/ecuador\/2025\/06\/12\/nestle-y-la-espol-lanzaron-el-programa-herederos-del-campo\/#breadcrumb\",\"itemListElement\":[{\"@type\":\"ListItem\",\"position\":1,\"name\":\"Portada\",\"item\":\"https:\/\/noti-america.com\/site\/ecuador\/\"},{\"@type\":\"ListItem\",\"position\":2,\"name\":\"Nestl\u00e9 y la Espol lanzaron el programa \u2018Herederos del Campo&#8217;\"}]},{\"@type\":\"WebSite\",\"@id\":\"https:\/\/noti-america.com\/site\/ecuador\/#website\",\"url\":\"https:\/\/noti-america.com\/site\/ecuador\/\",\"name\":\"Ecuador | Noti-America.com\",\"description\":\"\",\"publisher\":{\"@id\":\"https:\/\/noti-america.com\/site\/ecuador\/#organization\"},\"potentialAction\":[{\"@type\":\"SearchAction\",\"target\":{\"@type\":\"EntryPoint\",\"urlTemplate\":\"https:\/\/noti-america.com\/site\/ecuador\/?s={search_term_string}\"},\"query-input\":{\"@type\":\"PropertyValueSpecification\",\"valueRequired\":true,\"valueName\":\"search_term_string\"}}],\"inLanguage\":\"es\"},{\"@type\":\"Organization\",\"@id\":\"https:\/\/noti-america.com\/site\/ecuador\/#organization\",\"name\":\"Noti-America LLC | Ecuador\",\"url\":\"https:\/\/noti-america.com\/site\/ecuador\/\",\"logo\":{\"@type\":\"ImageObject\",\"inLanguage\":\"es\",\"@id\":\"https:\/\/noti-america.com\/site\/ecuador\/#\/schema\/logo\/image\/\",\"url\":\"https:\/\/noti-america.com\/site\/ecuador\/wp-content\/uploads\/sites\/18\/2020\/07\/LogoNA-4x3-1.jpg\",\"contentUrl\":\"https:\/\/noti-america.com\/site\/ecuador\/wp-content\/uploads\/sites\/18\/2020\/07\/LogoNA-4x3-1.jpg\",\"width\":1236,\"height\":1080,\"caption\":\"Noti-America LLC | Ecuador\"},\"image\":{\"@id\":\"https:\/\/noti-america.com\/site\/ecuador\/#\/schema\/logo\/image\/\"},\"sameAs\":[\"https:\/\/x.com\/notiamerica\"]},{\"@type\":\"Person\",\"@id\":\"https:\/\/noti-america.com\/site\/ecuador\/#\/schema\/person\/00042412cfa9ecf98077f847ffadda4a\",\"name\":\"Henry Garrido\",\"image\":{\"@type\":\"ImageObject\",\"inLanguage\":\"es\",\"@id\":\"https:\/\/secure.gravatar.com\/avatar\/749ae5a1e6f22cf042f04b9f3f0a22732ae36970ccfd5c54a0a2ac3c4e1166ed?s=96&d=mm&r=g\",\"url\":\"https:\/\/secure.gravatar.com\/avatar\/749ae5a1e6f22cf042f04b9f3f0a22732ae36970ccfd5c54a0a2ac3c4e1166ed?s=96&d=mm&r=g\",\"contentUrl\":\"https:\/\/secure.gravatar.com\/avatar\/749ae5a1e6f22cf042f04b9f3f0a22732ae36970ccfd5c54a0a2ac3c4e1166ed?s=96&d=mm&r=g\",\"caption\":\"Henry Garrido\"},\"url\":\"https:\/\/noti-america.com\/site\/ecuador\/author\/hgarrido\/\"}]}<\/script>\n<!-- \/ Yoast SEO Premium plugin. -->","yoast_head_json":{"title":"Nestl\u00e9 y la Espol lanzaron el programa \u2018Herederos del Campo' - Ecuador | Noti-America.com","robots":{"index":"index","follow":"follow","max-snippet":"max-snippet:-1","max-image-preview":"max-image-preview:large","max-video-preview":"max-video-preview:-1"},"canonical":"https:\/\/noti-america.com\/site\/ecuador\/2025\/06\/12\/nestle-y-la-espol-lanzaron-el-programa-herederos-del-campo\/","og_locale":"es_ES","og_type":"article","og_title":"Nestl\u00e9 y la Espol lanzaron el programa \u2018Herederos del Campo'","og_description":"NOTI-AMERICA.COM | ECUADOR. Desde su lanzamiento en 2010, el Plan Cacao de Nestl\u00e9 ha transformado la vida de los agricultores cacaoteros en Ecuador, impulsando pr\u00e1cticas sostenibles y mejorando la productividad en sus fincas. Hoy,&#46;&#46;&#46;","og_url":"https:\/\/noti-america.com\/site\/ecuador\/2025\/06\/12\/nestle-y-la-espol-lanzaron-el-programa-herederos-del-campo\/","og_site_name":"Ecuador | Noti-America.com","article_published_time":"2025-06-12T03:37:57+00:00","article_modified_time":"2025-06-12T03:42:59+00:00","og_image":[{"width":2560,"height":1920,"url":"https:\/\/noti-america.com\/site\/ecuador\/wp-content\/uploads\/sites\/18\/2025\/06\/20250611_103208-scaled.jpg","type":"image\/jpeg"}],"author":"Henry Garrido","twitter_card":"summary_large_image","twitter_creator":"@notiamerica","twitter_site":"@notiamerica","twitter_misc":{"Escrito por":"Henry Garrido","Tiempo estimado de lectura":"2 minutos"},"schema":{"@context":"https:\/\/schema.org","@graph":[{"@type":"Article","@id":"https:\/\/noti-america.com\/site\/ecuador\/2025\/06\/12\/nestle-y-la-espol-lanzaron-el-programa-herederos-del-campo\/#article","isPartOf":{"@id":"https:\/\/noti-america.com\/site\/ecuador\/2025\/06\/12\/nestle-y-la-espol-lanzaron-el-programa-herederos-del-campo\/"},"author":{"name":"Henry Garrido","@id":"https:\/\/noti-america.com\/site\/ecuador\/#\/schema\/person\/00042412cfa9ecf98077f847ffadda4a"},"headline":"Nestl\u00e9 y la Espol lanzaron el programa \u2018Herederos del Campo&#8217;","datePublished":"2025-06-12T03:37:57+00:00","dateModified":"2025-06-12T03:42:59+00:00","mainEntityOfPage":{"@id":"https:\/\/noti-america.com\/site\/ecuador\/2025\/06\/12\/nestle-y-la-espol-lanzaron-el-programa-herederos-del-campo\/"},"wordCount":273,"commentCount":0,"publisher":{"@id":"https:\/\/noti-america.com\/site\/ecuador\/#organization"},"image":{"@id":"https:\/\/noti-america.com\/site\/ecuador\/2025\/06\/12\/nestle-y-la-espol-lanzaron-el-programa-herederos-del-campo\/#primaryimage"},"thumbnailUrl":"https:\/\/noti-america.com\/site\/ecuador\/wp-content\/uploads\/sites\/18\/2025\/06\/20250611_103208-scaled.jpg","articleSection":["Uncategorized"],"inLanguage":"es","potentialAction":[{"@type":"CommentAction","name":"Comment","target":["https:\/\/noti-america.com\/site\/ecuador\/2025\/06\/12\/nestle-y-la-espol-lanzaron-el-programa-herederos-del-campo\/#respond"]}]},{"@type":"WebPage","@id":"https:\/\/noti-america.com\/site\/ecuador\/2025\/06\/12\/nestle-y-la-espol-lanzaron-el-programa-herederos-del-campo\/","url":"https:\/\/noti-america.com\/site\/ecuador\/2025\/06\/12\/nestle-y-la-espol-lanzaron-el-programa-herederos-del-campo\/","name":"Nestl\u00e9 y la Espol lanzaron el programa \u2018Herederos del Campo' - Ecuador | Noti-America.com","isPartOf":{"@id":"https:\/\/noti-america.com\/site\/ecuador\/#website"},"primaryImageOfPage":{"@id":"https:\/\/noti-america.com\/site\/ecuador\/2025\/06\/12\/nestle-y-la-espol-lanzaron-el-programa-herederos-del-campo\/#primaryimage"},"image":{"@id":"https:\/\/noti-america.com\/site\/ecuador\/2025\/06\/12\/nestle-y-la-espol-lanzaron-el-programa-herederos-del-campo\/#primaryimage"},"thumbnailUrl":"https:\/\/noti-america.com\/site\/ecuador\/wp-content\/uploads\/sites\/18\/2025\/06\/20250611_103208-scaled.jpg","datePublished":"2025-06-12T03:37:57+00:00","dateModified":"2025-06-12T03:42:59+00:00","breadcrumb":{"@id":"https:\/\/noti-america.com\/site\/ecuador\/2025\/06\/12\/nestle-y-la-espol-lanzaron-el-programa-herederos-del-campo\/#breadcrumb"},"inLanguage":"es","potentialAction":[{"@type":"ReadAction","target":["https:\/\/noti-america.com\/site\/ecuador\/2025\/06\/12\/nestle-y-la-espol-lanzaron-el-programa-herederos-del-campo\/"]}]},{"@type":"ImageObject","inLanguage":"es","@id":"https:\/\/noti-america.com\/site\/ecuador\/2025\/06\/12\/nestle-y-la-espol-lanzaron-el-programa-herederos-del-campo\/#primaryimage","url":"https:\/\/noti-america.com\/site\/ecuador\/wp-content\/uploads\/sites\/18\/2025\/06\/20250611_103208-scaled.jpg","contentUrl":"https:\/\/noti-america.com\/site\/ecuador\/wp-content\/uploads\/sites\/18\/2025\/06\/20250611_103208-scaled.jpg","width":2560,"height":1920},{"@type":"BreadcrumbList","@id":"https:\/\/noti-america.com\/site\/ecuador\/2025\/06\/12\/nestle-y-la-espol-lanzaron-el-programa-herederos-del-campo\/#breadcrumb","itemListElement":[{"@type":"ListItem","position":1,"name":"Portada","item":"https:\/\/noti-america.com\/site\/ecuador\/"},{"@type":"ListItem","position":2,"name":"Nestl\u00e9 y la Espol lanzaron el programa \u2018Herederos del Campo&#8217;"}]},{"@type":"WebSite","@id":"https:\/\/noti-america.com\/site\/ecuador\/#website","url":"https:\/\/noti-america.com\/site\/ecuador\/","name":"Ecuador | Noti-America.com","description":"","publisher":{"@id":"https:\/\/noti-america.com\/site\/ecuador\/#organization"},"potentialAction":[{"@type":"SearchAction","target":{"@type":"EntryPoint","urlTemplate":"https:\/\/noti-america.com\/site\/ecuador\/?s={search_term_string}"},"query-input":{"@type":"PropertyValueSpecification","valueRequired":true,"valueName":"search_term_string"}}],"inLanguage":"es"},{"@type":"Organization","@id":"https:\/\/noti-america.com\/site\/ecuador\/#organization","name":"Noti-America LLC | Ecuador","url":"https:\/\/noti-america.com\/site\/ecuador\/","logo":{"@type":"ImageObject","inLanguage":"es","@id":"https:\/\/noti-america.com\/site\/ecuador\/#\/schema\/logo\/image\/","url":"https:\/\/noti-america.com\/site\/ecuador\/wp-content\/uploads\/sites\/18\/2020\/07\/LogoNA-4x3-1.jpg","contentUrl":"https:\/\/noti-america.com\/site\/ecuador\/wp-content\/uploads\/sites\/18\/2020\/07\/LogoNA-4x3-1.jpg","width":1236,"height":1080,"caption":"Noti-America LLC | Ecuador"},"image":{"@id":"https:\/\/noti-america.com\/site\/ecuador\/#\/schema\/logo\/image\/"},"sameAs":["https:\/\/x.com\/notiamerica"]},{"@type":"Person","@id":"https:\/\/noti-america.com\/site\/ecuador\/#\/schema\/person\/00042412cfa9ecf98077f847ffadda4a","name":"Henry Garrido","image":{"@type":"ImageObject","inLanguage":"es","@id":"https:\/\/secure.gravatar.com\/avatar\/749ae5a1e6f22cf042f04b9f3f0a22732ae36970ccfd5c54a0a2ac3c4e1166ed?s=96&d=mm&r=g","url":"https:\/\/secure.gravatar.com\/avatar\/749ae5a1e6f22cf042f04b9f3f0a22732ae36970ccfd5c54a0a2ac3c4e1166ed?s=96&d=mm&r=g","contentUrl":"https:\/\/secure.gravatar.com\/avatar\/749ae5a1e6f22cf042f04b9f3f0a22732ae36970ccfd5c54a0a2ac3c4e1166ed?s=96&d=mm&r=g","caption":"Henry Garrido"},"url":"https:\/\/noti-america.com\/site\/ecuador\/author\/hgarrido\/"}]}},"_links":{"self":[{"href":"https:\/\/noti-america.com\/site\/ecuador\/wp-json\/wp\/v2\/posts\/35025","targetHints":{"allow":["GET"]}}],"collection":[{"href":"https:\/\/noti-america.com\/site\/ecuador\/wp-json\/wp\/v2\/posts"}],"about":[{"href":"https:\/\/noti-america.com\/site\/ecuador\/wp-json\/wp\/v2\/types\/post"}],"author":[{"embeddable":true,"href":"https:\/\/noti-america.com\/site\/ecuador\/wp-json\/wp\/v2\/users\/144"}],"replies":[{"embeddable":true,"href":"https:\/\/noti-america.com\/site\/ecuador\/wp-json\/wp\/v2\/comments?post=35025"}],"version-history":[{"count":5,"href":"https:\/\/noti-america.com\/site\/ecuador\/wp-json\/wp\/v2\/posts\/35025\/revisions"}],"predecessor-version":[{"id":35032,"href":"https:\/\/noti-america.com\/site\/ecuador\/wp-json\/wp\/v2\/posts\/35025\/revisions\/35032"}],"wp:featuredmedia":[{"embeddable":true,"href":"https:\/\/noti-america.com\/site\/ecuador\/wp-json\/wp\/v2\/media\/35026"}],"wp:attachment":[{"href":"https:\/\/noti-america.com\/site\/ecuador\/wp-json\/wp\/v2\/media?parent=35025"}],"wp:term":[{"taxonomy":"category","embeddable":true,"href":"https:\/\/noti-america.com\/site\/ecuador\/wp-json\/wp\/v2\/categories?post=35025"},{"taxonomy":"post_tag","embeddable":true,"href":"https:\/\/noti-america.com\/site\/ecuador\/wp-json\/wp\/v2\/tags?post=35025"}],"curies":[{"name":"wp","href":"https:\/\/api.w.org\/{rel}","templated":true}]}}