{"id":34956,"date":"2025-06-04T03:31:34","date_gmt":"2025-06-04T03:31:34","guid":{"rendered":"https:\/\/noti-america.com\/site\/ecuador\/?p=34956"},"modified":"2025-06-04T03:31:34","modified_gmt":"2025-06-04T03:31:34","slug":"los-ninos-pequenos-parecen-aprender-idiomas-facil-y-rapidamente","status":"publish","type":"post","link":"https:\/\/noti-america.com\/site\/ecuador\/2025\/06\/04\/los-ninos-pequenos-parecen-aprender-idiomas-facil-y-rapidamente\/","title":{"rendered":"Los ni\u00f1os peque\u00f1os parecen aprender idiomas f\u00e1cil y r\u00e1pidamente"},"content":{"rendered":"<p><strong>NOTI-AMERICA.COM | ECUADOR.<\/strong><\/p>\n<p style=\"text-align: justify\"><img loading=\"lazy\" decoding=\"async\" class=\"size-medium wp-image-34957 aligncenter\" src=\"https:\/\/noti-america.com\/site\/ecuador\/wp-content\/uploads\/sites\/18\/2025\/06\/la-importancia-de-aprender-el-ingles-desde-ninos-300x195.jpg\" alt=\"\" width=\"300\" height=\"195\" srcset=\"https:\/\/noti-america.com\/site\/ecuador\/wp-content\/uploads\/sites\/18\/2025\/06\/la-importancia-de-aprender-el-ingles-desde-ninos-300x195.jpg 300w, https:\/\/noti-america.com\/site\/ecuador\/wp-content\/uploads\/sites\/18\/2025\/06\/la-importancia-de-aprender-el-ingles-desde-ninos-768x499.jpg 768w, https:\/\/noti-america.com\/site\/ecuador\/wp-content\/uploads\/sites\/18\/2025\/06\/la-importancia-de-aprender-el-ingles-desde-ninos.jpg 900w\" sizes=\"auto, (max-width: 300px) 100vw, 300px\" \/>Los ni\u00f1os que comienzan un segundo idioma antes de los 7 a\u00f1os tienen hasta un 70% m\u00e1s de probabilidades de desarrollar un biling\u00fcismo funcional y estable a largo plazo. As\u00ed lo demuestran varios estudios de la Universidad de Harvard y del Instituto de Tecnolog\u00eda de Massachusetts (MIT, por sus siglas en ingl\u00e9s).<\/p>\n<p style=\"text-align: justify\">\u201cEsto se debe a que, entre los 3 y 6 a\u00f1os, se atraviesa por la etapa conocida como el per\u00edodo cr\u00edtico para la adquisici\u00f3n del lenguaje, en donde el cerebro est\u00e1 en una fase de alta neuroplasticidad, lo que permite que el ni\u00f1o internalice estructuras gramaticales, vocabulario y pronunciaci\u00f3n de forma natural, espont\u00e1nea y duradera, al igual que lo hace con su lengua materna\u201d, explica Steven Vera, coordinador acad\u00e9mico del instituto de idiomas Diglo Learning.<\/p>\n<p style=\"text-align: justify\"><strong>Razones principales:<\/strong><\/p>\n<ul style=\"text-align: justify\">\n<li><strong>Aprendizaje m\u00e1s r\u00e1pido y efectivo:<\/strong> Seg\u00fan la data interna y el seguimiento pedag\u00f3gico en Diglo, un ni\u00f1o puede alcanzar un nivel intermedio-alto (B1-B2) en aproximadamente 3 a\u00f1os de formaci\u00f3n continua.<\/li>\n<li><strong>Menor filtro afectivo:<\/strong> A diferencia de los adultos, los ni\u00f1os no sienten verg\u00fcenza ni miedo al error, lo que les permite experimentar, equivocarse y corregirse sin inhibiciones, generando un aprendizaje m\u00e1s fluido y efectivo.<\/li>\n<li><strong>Ventaja fonol\u00f3gica:<\/strong> Los m\u00e1s peque\u00f1os tienen una capacidad \u00fanica para reproducir sonidos nuevos con una pronunciaci\u00f3n cercana a la nativa.<\/li>\n<li><strong>Aprendizaje impl\u00edcito:<\/strong> A trav\u00e9s del juego, la m\u00fasica y las interacciones diarias, los ni\u00f1os interiorizan el idioma sin necesidad de memorizar reglas gramaticales.<\/li>\n<li><strong>Impacto cognitivo y acad\u00e9mico comprobado:<\/strong> Aprender otro idioma a temprana edad mejora la memoria de trabajo, el pensamiento cr\u00edtico y la resoluci\u00f3n de problemas.<\/li>\n<\/ul>\n<p style=\"text-align: justify\">En relaci\u00f3n con la metodolog\u00eda m\u00e1s acertada para este aprendizaje, el especialista del instituto de idiomas Diglo Learning, recomienda las siguientes, en base a su especializaci\u00f3n en aprendizaje del idioma ingl\u00e9s desde la ni\u00f1ez:<\/p>\n<ol style=\"text-align: justify\">\n<li><strong>Enfoque comunicativo:<\/strong> Se centra en el uso real del idioma desde el inicio, priorizando la comprensi\u00f3n y producci\u00f3n oral en contextos significativos.<\/li>\n<li><strong>Aprendizaje multisensorial:<\/strong> Incorpora est\u00edmulos visuales, auditivos y kinest\u00e9sicos en el proceso de aprendizaje, fortaleciendo el desarrollo integral del lenguaje.<\/li>\n<li><strong>Aprendizaje por proyectos:<\/strong> Permite a los ni\u00f1os usar el idioma en tareas colaborativas reales, fomentando la autonom\u00eda, la creatividad y el trabajo en equipo.<\/li>\n<\/ol>\n<p style=\"text-align: justify\">En definitiva, la ni\u00f1ez es la etapa ideal para el aprendizaje de otros idiomas. Contar con un enfoque l\u00fadico, inmersivo y personalizado es fundamental en este proceso, aprovechando el potencial natural de los ni\u00f1os para adquirir idiomas de manera significativa y efectiva, logrando resultados exitosos.<\/p>\n","protected":false},"excerpt":{"rendered":"<p>NOTI-AMERICA.COM | ECUADOR. Los ni\u00f1os que comienzan un segundo idioma antes de los 7 a\u00f1os tienen hasta un 70% m\u00e1s de probabilidades de desarrollar un biling\u00fcismo funcional y estable a largo plazo. As\u00ed lo&#46;&#46;&#46;<\/p>\n","protected":false},"author":144,"featured_media":34957,"comment_status":"open","ping_status":"open","sticky":false,"template":"","format":"standard","meta":{"_acf_changed":false,"om_disable_all_campaigns":false,"rop_custom_images_group":[],"rop_custom_messages_group":[],"rop_publish_now":"initial","rop_publish_now_accounts":{"twitter_242054905_242054905":""},"rop_publish_now_history":[],"rop_publish_now_status":"pending","_uf_show_specific_survey":0,"_uf_disable_surveys":false,"footnotes":""},"categories":[103],"tags":[],"class_list":["post-34956","post","type-post","status-publish","format-standard","has-post-thumbnail","hentry","category-educacion"],"acf":[],"aioseo_notices":[],"yoast_head":"<!-- This site is optimized with the Yoast SEO Premium plugin v24.9 (Yoast SEO v27.2) - https:\/\/yoast.com\/product\/yoast-seo-premium-wordpress\/ -->\n<title>Los ni\u00f1os peque\u00f1os parecen aprender idiomas f\u00e1cil y r\u00e1pidamente - Ecuador | Noti-America.com<\/title>\n<meta name=\"robots\" content=\"index, follow, max-snippet:-1, max-image-preview:large, max-video-preview:-1\" \/>\n<link rel=\"canonical\" href=\"https:\/\/noti-america.com\/site\/ecuador\/2025\/06\/04\/los-ninos-pequenos-parecen-aprender-idiomas-facil-y-rapidamente\/\" \/>\n<meta property=\"og:locale\" content=\"es_ES\" \/>\n<meta property=\"og:type\" content=\"article\" \/>\n<meta property=\"og:title\" content=\"Los ni\u00f1os peque\u00f1os parecen aprender idiomas f\u00e1cil y r\u00e1pidamente\" \/>\n<meta property=\"og:description\" content=\"NOTI-AMERICA.COM | ECUADOR. Los ni\u00f1os que comienzan un segundo idioma antes de los 7 a\u00f1os tienen hasta un 70% m\u00e1s de probabilidades de desarrollar un biling\u00fcismo funcional y estable a largo plazo. As\u00ed lo&#046;&#046;&#046;\" \/>\n<meta property=\"og:url\" content=\"https:\/\/noti-america.com\/site\/ecuador\/2025\/06\/04\/los-ninos-pequenos-parecen-aprender-idiomas-facil-y-rapidamente\/\" \/>\n<meta property=\"og:site_name\" content=\"Ecuador | Noti-America.com\" \/>\n<meta property=\"article:published_time\" content=\"2025-06-04T03:31:34+00:00\" \/>\n<meta property=\"og:image\" content=\"https:\/\/noti-america.com\/site\/ecuador\/wp-content\/uploads\/sites\/18\/2025\/06\/la-importancia-de-aprender-el-ingles-desde-ninos.jpg\" \/>\n\t<meta property=\"og:image:width\" content=\"900\" \/>\n\t<meta property=\"og:image:height\" content=\"585\" \/>\n\t<meta property=\"og:image:type\" content=\"image\/jpeg\" \/>\n<meta name=\"author\" content=\"Henry Garrido\" \/>\n<meta name=\"twitter:card\" content=\"summary_large_image\" \/>\n<meta name=\"twitter:creator\" content=\"@notiamerica\" \/>\n<meta name=\"twitter:site\" content=\"@notiamerica\" \/>\n<meta name=\"twitter:label1\" content=\"Escrito por\" \/>\n\t<meta name=\"twitter:data1\" content=\"Henry Garrido\" \/>\n\t<meta name=\"twitter:label2\" content=\"Tiempo estimado de lectura\" \/>\n\t<meta name=\"twitter:data2\" content=\"3 minutos\" \/>\n<script type=\"application\/ld+json\" class=\"yoast-schema-graph\">{\"@context\":\"https:\/\/schema.org\",\"@graph\":[{\"@type\":\"Article\",\"@id\":\"https:\/\/noti-america.com\/site\/ecuador\/2025\/06\/04\/los-ninos-pequenos-parecen-aprender-idiomas-facil-y-rapidamente\/#article\",\"isPartOf\":{\"@id\":\"https:\/\/noti-america.com\/site\/ecuador\/2025\/06\/04\/los-ninos-pequenos-parecen-aprender-idiomas-facil-y-rapidamente\/\"},\"author\":{\"name\":\"Henry Garrido\",\"@id\":\"https:\/\/noti-america.com\/site\/ecuador\/#\/schema\/person\/00042412cfa9ecf98077f847ffadda4a\"},\"headline\":\"Los ni\u00f1os peque\u00f1os parecen aprender idiomas f\u00e1cil y r\u00e1pidamente\",\"datePublished\":\"2025-06-04T03:31:34+00:00\",\"mainEntityOfPage\":{\"@id\":\"https:\/\/noti-america.com\/site\/ecuador\/2025\/06\/04\/los-ninos-pequenos-parecen-aprender-idiomas-facil-y-rapidamente\/\"},\"wordCount\":466,\"commentCount\":0,\"publisher\":{\"@id\":\"https:\/\/noti-america.com\/site\/ecuador\/#organization\"},\"image\":{\"@id\":\"https:\/\/noti-america.com\/site\/ecuador\/2025\/06\/04\/los-ninos-pequenos-parecen-aprender-idiomas-facil-y-rapidamente\/#primaryimage\"},\"thumbnailUrl\":\"https:\/\/noti-america.com\/site\/ecuador\/wp-content\/uploads\/sites\/18\/2025\/06\/la-importancia-de-aprender-el-ingles-desde-ninos.jpg\",\"articleSection\":[\"Educaci\u00f3n\"],\"inLanguage\":\"es\",\"potentialAction\":[{\"@type\":\"CommentAction\",\"name\":\"Comment\",\"target\":[\"https:\/\/noti-america.com\/site\/ecuador\/2025\/06\/04\/los-ninos-pequenos-parecen-aprender-idiomas-facil-y-rapidamente\/#respond\"]}]},{\"@type\":\"WebPage\",\"@id\":\"https:\/\/noti-america.com\/site\/ecuador\/2025\/06\/04\/los-ninos-pequenos-parecen-aprender-idiomas-facil-y-rapidamente\/\",\"url\":\"https:\/\/noti-america.com\/site\/ecuador\/2025\/06\/04\/los-ninos-pequenos-parecen-aprender-idiomas-facil-y-rapidamente\/\",\"name\":\"Los ni\u00f1os peque\u00f1os parecen aprender idiomas f\u00e1cil y r\u00e1pidamente - Ecuador | Noti-America.com\",\"isPartOf\":{\"@id\":\"https:\/\/noti-america.com\/site\/ecuador\/#website\"},\"primaryImageOfPage\":{\"@id\":\"https:\/\/noti-america.com\/site\/ecuador\/2025\/06\/04\/los-ninos-pequenos-parecen-aprender-idiomas-facil-y-rapidamente\/#primaryimage\"},\"image\":{\"@id\":\"https:\/\/noti-america.com\/site\/ecuador\/2025\/06\/04\/los-ninos-pequenos-parecen-aprender-idiomas-facil-y-rapidamente\/#primaryimage\"},\"thumbnailUrl\":\"https:\/\/noti-america.com\/site\/ecuador\/wp-content\/uploads\/sites\/18\/2025\/06\/la-importancia-de-aprender-el-ingles-desde-ninos.jpg\",\"datePublished\":\"2025-06-04T03:31:34+00:00\",\"breadcrumb\":{\"@id\":\"https:\/\/noti-america.com\/site\/ecuador\/2025\/06\/04\/los-ninos-pequenos-parecen-aprender-idiomas-facil-y-rapidamente\/#breadcrumb\"},\"inLanguage\":\"es\",\"potentialAction\":[{\"@type\":\"ReadAction\",\"target\":[\"https:\/\/noti-america.com\/site\/ecuador\/2025\/06\/04\/los-ninos-pequenos-parecen-aprender-idiomas-facil-y-rapidamente\/\"]}]},{\"@type\":\"ImageObject\",\"inLanguage\":\"es\",\"@id\":\"https:\/\/noti-america.com\/site\/ecuador\/2025\/06\/04\/los-ninos-pequenos-parecen-aprender-idiomas-facil-y-rapidamente\/#primaryimage\",\"url\":\"https:\/\/noti-america.com\/site\/ecuador\/wp-content\/uploads\/sites\/18\/2025\/06\/la-importancia-de-aprender-el-ingles-desde-ninos.jpg\",\"contentUrl\":\"https:\/\/noti-america.com\/site\/ecuador\/wp-content\/uploads\/sites\/18\/2025\/06\/la-importancia-de-aprender-el-ingles-desde-ninos.jpg\",\"width\":900,\"height\":585},{\"@type\":\"BreadcrumbList\",\"@id\":\"https:\/\/noti-america.com\/site\/ecuador\/2025\/06\/04\/los-ninos-pequenos-parecen-aprender-idiomas-facil-y-rapidamente\/#breadcrumb\",\"itemListElement\":[{\"@type\":\"ListItem\",\"position\":1,\"name\":\"Portada\",\"item\":\"https:\/\/noti-america.com\/site\/ecuador\/\"},{\"@type\":\"ListItem\",\"position\":2,\"name\":\"Los ni\u00f1os peque\u00f1os parecen aprender idiomas f\u00e1cil y r\u00e1pidamente\"}]},{\"@type\":\"WebSite\",\"@id\":\"https:\/\/noti-america.com\/site\/ecuador\/#website\",\"url\":\"https:\/\/noti-america.com\/site\/ecuador\/\",\"name\":\"Ecuador | Noti-America.com\",\"description\":\"\",\"publisher\":{\"@id\":\"https:\/\/noti-america.com\/site\/ecuador\/#organization\"},\"potentialAction\":[{\"@type\":\"SearchAction\",\"target\":{\"@type\":\"EntryPoint\",\"urlTemplate\":\"https:\/\/noti-america.com\/site\/ecuador\/?s={search_term_string}\"},\"query-input\":{\"@type\":\"PropertyValueSpecification\",\"valueRequired\":true,\"valueName\":\"search_term_string\"}}],\"inLanguage\":\"es\"},{\"@type\":\"Organization\",\"@id\":\"https:\/\/noti-america.com\/site\/ecuador\/#organization\",\"name\":\"Noti-America LLC | Ecuador\",\"url\":\"https:\/\/noti-america.com\/site\/ecuador\/\",\"logo\":{\"@type\":\"ImageObject\",\"inLanguage\":\"es\",\"@id\":\"https:\/\/noti-america.com\/site\/ecuador\/#\/schema\/logo\/image\/\",\"url\":\"https:\/\/noti-america.com\/site\/ecuador\/wp-content\/uploads\/sites\/18\/2020\/07\/LogoNA-4x3-1.jpg\",\"contentUrl\":\"https:\/\/noti-america.com\/site\/ecuador\/wp-content\/uploads\/sites\/18\/2020\/07\/LogoNA-4x3-1.jpg\",\"width\":1236,\"height\":1080,\"caption\":\"Noti-America LLC | Ecuador\"},\"image\":{\"@id\":\"https:\/\/noti-america.com\/site\/ecuador\/#\/schema\/logo\/image\/\"},\"sameAs\":[\"https:\/\/x.com\/notiamerica\"]},{\"@type\":\"Person\",\"@id\":\"https:\/\/noti-america.com\/site\/ecuador\/#\/schema\/person\/00042412cfa9ecf98077f847ffadda4a\",\"name\":\"Henry Garrido\",\"image\":{\"@type\":\"ImageObject\",\"inLanguage\":\"es\",\"@id\":\"https:\/\/secure.gravatar.com\/avatar\/749ae5a1e6f22cf042f04b9f3f0a22732ae36970ccfd5c54a0a2ac3c4e1166ed?s=96&d=mm&r=g\",\"url\":\"https:\/\/secure.gravatar.com\/avatar\/749ae5a1e6f22cf042f04b9f3f0a22732ae36970ccfd5c54a0a2ac3c4e1166ed?s=96&d=mm&r=g\",\"contentUrl\":\"https:\/\/secure.gravatar.com\/avatar\/749ae5a1e6f22cf042f04b9f3f0a22732ae36970ccfd5c54a0a2ac3c4e1166ed?s=96&d=mm&r=g\",\"caption\":\"Henry Garrido\"},\"url\":\"https:\/\/noti-america.com\/site\/ecuador\/author\/hgarrido\/\"}]}<\/script>\n<!-- \/ Yoast SEO Premium plugin. -->","yoast_head_json":{"title":"Los ni\u00f1os peque\u00f1os parecen aprender idiomas f\u00e1cil y r\u00e1pidamente - Ecuador | Noti-America.com","robots":{"index":"index","follow":"follow","max-snippet":"max-snippet:-1","max-image-preview":"max-image-preview:large","max-video-preview":"max-video-preview:-1"},"canonical":"https:\/\/noti-america.com\/site\/ecuador\/2025\/06\/04\/los-ninos-pequenos-parecen-aprender-idiomas-facil-y-rapidamente\/","og_locale":"es_ES","og_type":"article","og_title":"Los ni\u00f1os peque\u00f1os parecen aprender idiomas f\u00e1cil y r\u00e1pidamente","og_description":"NOTI-AMERICA.COM | ECUADOR. Los ni\u00f1os que comienzan un segundo idioma antes de los 7 a\u00f1os tienen hasta un 70% m\u00e1s de probabilidades de desarrollar un biling\u00fcismo funcional y estable a largo plazo. As\u00ed lo&#46;&#46;&#46;","og_url":"https:\/\/noti-america.com\/site\/ecuador\/2025\/06\/04\/los-ninos-pequenos-parecen-aprender-idiomas-facil-y-rapidamente\/","og_site_name":"Ecuador | Noti-America.com","article_published_time":"2025-06-04T03:31:34+00:00","og_image":[{"width":900,"height":585,"url":"https:\/\/noti-america.com\/site\/ecuador\/wp-content\/uploads\/sites\/18\/2025\/06\/la-importancia-de-aprender-el-ingles-desde-ninos.jpg","type":"image\/jpeg"}],"author":"Henry Garrido","twitter_card":"summary_large_image","twitter_creator":"@notiamerica","twitter_site":"@notiamerica","twitter_misc":{"Escrito por":"Henry Garrido","Tiempo estimado de lectura":"3 minutos"},"schema":{"@context":"https:\/\/schema.org","@graph":[{"@type":"Article","@id":"https:\/\/noti-america.com\/site\/ecuador\/2025\/06\/04\/los-ninos-pequenos-parecen-aprender-idiomas-facil-y-rapidamente\/#article","isPartOf":{"@id":"https:\/\/noti-america.com\/site\/ecuador\/2025\/06\/04\/los-ninos-pequenos-parecen-aprender-idiomas-facil-y-rapidamente\/"},"author":{"name":"Henry Garrido","@id":"https:\/\/noti-america.com\/site\/ecuador\/#\/schema\/person\/00042412cfa9ecf98077f847ffadda4a"},"headline":"Los ni\u00f1os peque\u00f1os parecen aprender idiomas f\u00e1cil y r\u00e1pidamente","datePublished":"2025-06-04T03:31:34+00:00","mainEntityOfPage":{"@id":"https:\/\/noti-america.com\/site\/ecuador\/2025\/06\/04\/los-ninos-pequenos-parecen-aprender-idiomas-facil-y-rapidamente\/"},"wordCount":466,"commentCount":0,"publisher":{"@id":"https:\/\/noti-america.com\/site\/ecuador\/#organization"},"image":{"@id":"https:\/\/noti-america.com\/site\/ecuador\/2025\/06\/04\/los-ninos-pequenos-parecen-aprender-idiomas-facil-y-rapidamente\/#primaryimage"},"thumbnailUrl":"https:\/\/noti-america.com\/site\/ecuador\/wp-content\/uploads\/sites\/18\/2025\/06\/la-importancia-de-aprender-el-ingles-desde-ninos.jpg","articleSection":["Educaci\u00f3n"],"inLanguage":"es","potentialAction":[{"@type":"CommentAction","name":"Comment","target":["https:\/\/noti-america.com\/site\/ecuador\/2025\/06\/04\/los-ninos-pequenos-parecen-aprender-idiomas-facil-y-rapidamente\/#respond"]}]},{"@type":"WebPage","@id":"https:\/\/noti-america.com\/site\/ecuador\/2025\/06\/04\/los-ninos-pequenos-parecen-aprender-idiomas-facil-y-rapidamente\/","url":"https:\/\/noti-america.com\/site\/ecuador\/2025\/06\/04\/los-ninos-pequenos-parecen-aprender-idiomas-facil-y-rapidamente\/","name":"Los ni\u00f1os peque\u00f1os parecen aprender idiomas f\u00e1cil y r\u00e1pidamente - Ecuador | Noti-America.com","isPartOf":{"@id":"https:\/\/noti-america.com\/site\/ecuador\/#website"},"primaryImageOfPage":{"@id":"https:\/\/noti-america.com\/site\/ecuador\/2025\/06\/04\/los-ninos-pequenos-parecen-aprender-idiomas-facil-y-rapidamente\/#primaryimage"},"image":{"@id":"https:\/\/noti-america.com\/site\/ecuador\/2025\/06\/04\/los-ninos-pequenos-parecen-aprender-idiomas-facil-y-rapidamente\/#primaryimage"},"thumbnailUrl":"https:\/\/noti-america.com\/site\/ecuador\/wp-content\/uploads\/sites\/18\/2025\/06\/la-importancia-de-aprender-el-ingles-desde-ninos.jpg","datePublished":"2025-06-04T03:31:34+00:00","breadcrumb":{"@id":"https:\/\/noti-america.com\/site\/ecuador\/2025\/06\/04\/los-ninos-pequenos-parecen-aprender-idiomas-facil-y-rapidamente\/#breadcrumb"},"inLanguage":"es","potentialAction":[{"@type":"ReadAction","target":["https:\/\/noti-america.com\/site\/ecuador\/2025\/06\/04\/los-ninos-pequenos-parecen-aprender-idiomas-facil-y-rapidamente\/"]}]},{"@type":"ImageObject","inLanguage":"es","@id":"https:\/\/noti-america.com\/site\/ecuador\/2025\/06\/04\/los-ninos-pequenos-parecen-aprender-idiomas-facil-y-rapidamente\/#primaryimage","url":"https:\/\/noti-america.com\/site\/ecuador\/wp-content\/uploads\/sites\/18\/2025\/06\/la-importancia-de-aprender-el-ingles-desde-ninos.jpg","contentUrl":"https:\/\/noti-america.com\/site\/ecuador\/wp-content\/uploads\/sites\/18\/2025\/06\/la-importancia-de-aprender-el-ingles-desde-ninos.jpg","width":900,"height":585},{"@type":"BreadcrumbList","@id":"https:\/\/noti-america.com\/site\/ecuador\/2025\/06\/04\/los-ninos-pequenos-parecen-aprender-idiomas-facil-y-rapidamente\/#breadcrumb","itemListElement":[{"@type":"ListItem","position":1,"name":"Portada","item":"https:\/\/noti-america.com\/site\/ecuador\/"},{"@type":"ListItem","position":2,"name":"Los ni\u00f1os peque\u00f1os parecen aprender idiomas f\u00e1cil y r\u00e1pidamente"}]},{"@type":"WebSite","@id":"https:\/\/noti-america.com\/site\/ecuador\/#website","url":"https:\/\/noti-america.com\/site\/ecuador\/","name":"Ecuador | Noti-America.com","description":"","publisher":{"@id":"https:\/\/noti-america.com\/site\/ecuador\/#organization"},"potentialAction":[{"@type":"SearchAction","target":{"@type":"EntryPoint","urlTemplate":"https:\/\/noti-america.com\/site\/ecuador\/?s={search_term_string}"},"query-input":{"@type":"PropertyValueSpecification","valueRequired":true,"valueName":"search_term_string"}}],"inLanguage":"es"},{"@type":"Organization","@id":"https:\/\/noti-america.com\/site\/ecuador\/#organization","name":"Noti-America LLC | Ecuador","url":"https:\/\/noti-america.com\/site\/ecuador\/","logo":{"@type":"ImageObject","inLanguage":"es","@id":"https:\/\/noti-america.com\/site\/ecuador\/#\/schema\/logo\/image\/","url":"https:\/\/noti-america.com\/site\/ecuador\/wp-content\/uploads\/sites\/18\/2020\/07\/LogoNA-4x3-1.jpg","contentUrl":"https:\/\/noti-america.com\/site\/ecuador\/wp-content\/uploads\/sites\/18\/2020\/07\/LogoNA-4x3-1.jpg","width":1236,"height":1080,"caption":"Noti-America LLC | Ecuador"},"image":{"@id":"https:\/\/noti-america.com\/site\/ecuador\/#\/schema\/logo\/image\/"},"sameAs":["https:\/\/x.com\/notiamerica"]},{"@type":"Person","@id":"https:\/\/noti-america.com\/site\/ecuador\/#\/schema\/person\/00042412cfa9ecf98077f847ffadda4a","name":"Henry Garrido","image":{"@type":"ImageObject","inLanguage":"es","@id":"https:\/\/secure.gravatar.com\/avatar\/749ae5a1e6f22cf042f04b9f3f0a22732ae36970ccfd5c54a0a2ac3c4e1166ed?s=96&d=mm&r=g","url":"https:\/\/secure.gravatar.com\/avatar\/749ae5a1e6f22cf042f04b9f3f0a22732ae36970ccfd5c54a0a2ac3c4e1166ed?s=96&d=mm&r=g","contentUrl":"https:\/\/secure.gravatar.com\/avatar\/749ae5a1e6f22cf042f04b9f3f0a22732ae36970ccfd5c54a0a2ac3c4e1166ed?s=96&d=mm&r=g","caption":"Henry Garrido"},"url":"https:\/\/noti-america.com\/site\/ecuador\/author\/hgarrido\/"}]}},"_links":{"self":[{"href":"https:\/\/noti-america.com\/site\/ecuador\/wp-json\/wp\/v2\/posts\/34956","targetHints":{"allow":["GET"]}}],"collection":[{"href":"https:\/\/noti-america.com\/site\/ecuador\/wp-json\/wp\/v2\/posts"}],"about":[{"href":"https:\/\/noti-america.com\/site\/ecuador\/wp-json\/wp\/v2\/types\/post"}],"author":[{"embeddable":true,"href":"https:\/\/noti-america.com\/site\/ecuador\/wp-json\/wp\/v2\/users\/144"}],"replies":[{"embeddable":true,"href":"https:\/\/noti-america.com\/site\/ecuador\/wp-json\/wp\/v2\/comments?post=34956"}],"version-history":[{"count":1,"href":"https:\/\/noti-america.com\/site\/ecuador\/wp-json\/wp\/v2\/posts\/34956\/revisions"}],"predecessor-version":[{"id":34958,"href":"https:\/\/noti-america.com\/site\/ecuador\/wp-json\/wp\/v2\/posts\/34956\/revisions\/34958"}],"wp:featuredmedia":[{"embeddable":true,"href":"https:\/\/noti-america.com\/site\/ecuador\/wp-json\/wp\/v2\/media\/34957"}],"wp:attachment":[{"href":"https:\/\/noti-america.com\/site\/ecuador\/wp-json\/wp\/v2\/media?parent=34956"}],"wp:term":[{"taxonomy":"category","embeddable":true,"href":"https:\/\/noti-america.com\/site\/ecuador\/wp-json\/wp\/v2\/categories?post=34956"},{"taxonomy":"post_tag","embeddable":true,"href":"https:\/\/noti-america.com\/site\/ecuador\/wp-json\/wp\/v2\/tags?post=34956"}],"curies":[{"name":"wp","href":"https:\/\/api.w.org\/{rel}","templated":true}]}}