{"id":34937,"date":"2025-06-01T18:08:23","date_gmt":"2025-06-01T18:08:23","guid":{"rendered":"https:\/\/noti-america.com\/site\/ecuador\/?p=34937"},"modified":"2025-06-01T18:08:23","modified_gmt":"2025-06-01T18:08:23","slug":"guayaquil-inaugura-su-primera-liga-nacional-de-ecuavoley","status":"publish","type":"post","link":"https:\/\/noti-america.com\/site\/ecuador\/2025\/06\/01\/guayaquil-inaugura-su-primera-liga-nacional-de-ecuavoley\/","title":{"rendered":"Guayaquil inaugura su primera Liga Nacional de Ecuav\u00f3ley"},"content":{"rendered":"<p><strong>NOTI-AMERICA.COM | ECUADOR.<\/strong><\/p>\n<p style=\"text-align: justify\"><img loading=\"lazy\" decoding=\"async\" class=\"size-medium wp-image-34938 aligncenter\" src=\"https:\/\/noti-america.com\/site\/ecuador\/wp-content\/uploads\/sites\/18\/2025\/06\/20250529_111345-300x225.jpg\" alt=\"\" width=\"300\" height=\"225\" srcset=\"https:\/\/noti-america.com\/site\/ecuador\/wp-content\/uploads\/sites\/18\/2025\/06\/20250529_111345-300x225.jpg 300w, https:\/\/noti-america.com\/site\/ecuador\/wp-content\/uploads\/sites\/18\/2025\/06\/20250529_111345-1024x768.jpg 1024w, https:\/\/noti-america.com\/site\/ecuador\/wp-content\/uploads\/sites\/18\/2025\/06\/20250529_111345-768x576.jpg 768w, https:\/\/noti-america.com\/site\/ecuador\/wp-content\/uploads\/sites\/18\/2025\/06\/20250529_111345-1536x1152.jpg 1536w, https:\/\/noti-america.com\/site\/ecuador\/wp-content\/uploads\/sites\/18\/2025\/06\/20250529_111345-2048x1536.jpg 2048w\" sizes=\"auto, (max-width: 300px) 100vw, 300px\" \/>El \u00fanico deporte 100% ecuatoriano, el ecuav\u00f3ley, avanza hacia su consolidaci\u00f3n como disciplina competitiva con la presentaci\u00f3n oficial de la Liga Nacional de Ecuav\u00f3ley (LNE) Banco Guayaquil. La LNE agrupa a 16 equipos que representan a 14 ciudades del pa\u00eds y re\u00fane a m\u00e1s de 90 atletas entre todos los clubes.<\/p>\n<p style=\"text-align: justify\">La competici\u00f3n, que tendr\u00e1 al Banco Guayaquil como su principal patrocinador y al extenista Nicol\u00e1s Lapentti como su embajador y socio estrat\u00e9gico, empezar\u00e1 el 25 de junio y finalizar\u00e1 el 30 de agosto.<\/p>\n<p style=\"text-align: justify\">El torneo tendr\u00e1 56 partidos que se disputar\u00e1n en catorce sedes (Quito, Ibarra, Santo Domingo de los Ts\u00e1chilas, Guayaquil, Babahoyo, Manta, Machala, Pasaje, Loja, Cuenca, Ambato, Riobamba, Latacunga y Macas) y que se transmitir\u00e1n a trav\u00e9s de la plataforma digital Zapping Sports.<\/p>\n<p style=\"text-align: justify\">Mateo Miranda, gerente general de la Liga, subray\u00f3 el valor cultural y deportivo del ecuav\u00f3ley y la necesidad de fortalecer sus bases para alcanzar su verdadero potencial. \u201c\u00bfQu\u00e9 es el ecuav\u00f3ley? Es el \u00fanico deporte 100% ecuatoriano, es el segundo m\u00e1s visto y practicado a nivel nacional, en todo el pa\u00eds hay m\u00e1s canchas de ecuav\u00f3ley que de f\u00fatbol; lo sorprendente es que a pesar de todos estos datos no ha llegado a profesionalizarse\u201d, dijo.<\/p>\n<p style=\"text-align: justify\">En 2020, el ecuav\u00f3ley se exhibi\u00f3 en los Juegos Ol\u00edmpicos de Invierno en Lausanne, mostrando su relevancia global. Guayaquil, como epicentro de esta liga, refuerza su rol como cuna del deporte nacional. La ciudad busca inspirar a nuevas generaciones a practicar esta disciplina.<\/p>\n<p style=\"text-align: justify\">El torneo repartir\u00e1 $20.000 en premios: <strong>el equipo campe\u00f3n se llevar\u00e1 $10.000<\/strong>, el subcampe\u00f3n $5.000, el tercer lugar $3.000 y el cuarto lugar $2.000<\/p>\n","protected":false},"excerpt":{"rendered":"<p>NOTI-AMERICA.COM | ECUADOR. El \u00fanico deporte 100% ecuatoriano, el ecuav\u00f3ley, avanza hacia su consolidaci\u00f3n como disciplina competitiva con la presentaci\u00f3n oficial de la Liga Nacional de Ecuav\u00f3ley (LNE) Banco Guayaquil. La LNE agrupa a&#46;&#46;&#46;<\/p>\n","protected":false},"author":144,"featured_media":34938,"comment_status":"open","ping_status":"open","sticky":false,"template":"","format":"standard","meta":{"_acf_changed":false,"om_disable_all_campaigns":false,"rop_custom_images_group":[],"rop_custom_messages_group":[],"rop_publish_now":"initial","rop_publish_now_accounts":{"twitter_242054905_242054905":""},"rop_publish_now_history":[],"rop_publish_now_status":"pending","_uf_show_specific_survey":0,"_uf_disable_surveys":false,"footnotes":""},"categories":[16],"tags":[],"class_list":["post-34937","post","type-post","status-publish","format-standard","has-post-thumbnail","hentry","category-deportes"],"acf":[],"aioseo_notices":[],"yoast_head":"<!-- This site is optimized with the Yoast SEO Premium plugin v24.9 (Yoast SEO v27.2) - https:\/\/yoast.com\/product\/yoast-seo-premium-wordpress\/ -->\n<title>Guayaquil inaugura su primera Liga Nacional de Ecuav\u00f3ley - Ecuador | Noti-America.com<\/title>\n<meta name=\"robots\" content=\"index, follow, max-snippet:-1, max-image-preview:large, max-video-preview:-1\" \/>\n<link rel=\"canonical\" href=\"https:\/\/noti-america.com\/site\/ecuador\/2025\/06\/01\/guayaquil-inaugura-su-primera-liga-nacional-de-ecuavoley\/\" \/>\n<meta property=\"og:locale\" content=\"es_ES\" \/>\n<meta property=\"og:type\" content=\"article\" \/>\n<meta property=\"og:title\" content=\"Guayaquil inaugura su primera Liga Nacional de Ecuav\u00f3ley\" \/>\n<meta property=\"og:description\" content=\"NOTI-AMERICA.COM | ECUADOR. El \u00fanico deporte 100% ecuatoriano, el ecuav\u00f3ley, avanza hacia su consolidaci\u00f3n como disciplina competitiva con la presentaci\u00f3n oficial de la Liga Nacional de Ecuav\u00f3ley (LNE) Banco Guayaquil. La LNE agrupa a&#046;&#046;&#046;\" \/>\n<meta property=\"og:url\" content=\"https:\/\/noti-america.com\/site\/ecuador\/2025\/06\/01\/guayaquil-inaugura-su-primera-liga-nacional-de-ecuavoley\/\" \/>\n<meta property=\"og:site_name\" content=\"Ecuador | Noti-America.com\" \/>\n<meta property=\"article:published_time\" content=\"2025-06-01T18:08:23+00:00\" \/>\n<meta property=\"og:image\" content=\"https:\/\/noti-america.com\/site\/ecuador\/wp-content\/uploads\/sites\/18\/2025\/06\/20250529_111345-scaled.jpg\" \/>\n\t<meta property=\"og:image:width\" content=\"2560\" \/>\n\t<meta property=\"og:image:height\" content=\"1920\" \/>\n\t<meta property=\"og:image:type\" content=\"image\/jpeg\" \/>\n<meta name=\"author\" content=\"Henry Garrido\" \/>\n<meta name=\"twitter:card\" content=\"summary_large_image\" \/>\n<meta name=\"twitter:creator\" content=\"@notiamerica\" \/>\n<meta name=\"twitter:site\" content=\"@notiamerica\" \/>\n<meta name=\"twitter:label1\" content=\"Escrito por\" \/>\n\t<meta name=\"twitter:data1\" content=\"Henry Garrido\" \/>\n\t<meta name=\"twitter:label2\" content=\"Tiempo estimado de lectura\" \/>\n\t<meta name=\"twitter:data2\" content=\"2 minutos\" \/>\n<script type=\"application\/ld+json\" class=\"yoast-schema-graph\">{\"@context\":\"https:\/\/schema.org\",\"@graph\":[{\"@type\":\"Article\",\"@id\":\"https:\/\/noti-america.com\/site\/ecuador\/2025\/06\/01\/guayaquil-inaugura-su-primera-liga-nacional-de-ecuavoley\/#article\",\"isPartOf\":{\"@id\":\"https:\/\/noti-america.com\/site\/ecuador\/2025\/06\/01\/guayaquil-inaugura-su-primera-liga-nacional-de-ecuavoley\/\"},\"author\":{\"name\":\"Henry Garrido\",\"@id\":\"https:\/\/noti-america.com\/site\/ecuador\/#\/schema\/person\/00042412cfa9ecf98077f847ffadda4a\"},\"headline\":\"Guayaquil inaugura su primera Liga Nacional de Ecuav\u00f3ley\",\"datePublished\":\"2025-06-01T18:08:23+00:00\",\"mainEntityOfPage\":{\"@id\":\"https:\/\/noti-america.com\/site\/ecuador\/2025\/06\/01\/guayaquil-inaugura-su-primera-liga-nacional-de-ecuavoley\/\"},\"wordCount\":291,\"commentCount\":0,\"publisher\":{\"@id\":\"https:\/\/noti-america.com\/site\/ecuador\/#organization\"},\"image\":{\"@id\":\"https:\/\/noti-america.com\/site\/ecuador\/2025\/06\/01\/guayaquil-inaugura-su-primera-liga-nacional-de-ecuavoley\/#primaryimage\"},\"thumbnailUrl\":\"https:\/\/noti-america.com\/site\/ecuador\/wp-content\/uploads\/sites\/18\/2025\/06\/20250529_111345-scaled.jpg\",\"articleSection\":[\"Deportes\"],\"inLanguage\":\"es\",\"potentialAction\":[{\"@type\":\"CommentAction\",\"name\":\"Comment\",\"target\":[\"https:\/\/noti-america.com\/site\/ecuador\/2025\/06\/01\/guayaquil-inaugura-su-primera-liga-nacional-de-ecuavoley\/#respond\"]}]},{\"@type\":\"WebPage\",\"@id\":\"https:\/\/noti-america.com\/site\/ecuador\/2025\/06\/01\/guayaquil-inaugura-su-primera-liga-nacional-de-ecuavoley\/\",\"url\":\"https:\/\/noti-america.com\/site\/ecuador\/2025\/06\/01\/guayaquil-inaugura-su-primera-liga-nacional-de-ecuavoley\/\",\"name\":\"Guayaquil inaugura su primera Liga Nacional de Ecuav\u00f3ley - Ecuador | Noti-America.com\",\"isPartOf\":{\"@id\":\"https:\/\/noti-america.com\/site\/ecuador\/#website\"},\"primaryImageOfPage\":{\"@id\":\"https:\/\/noti-america.com\/site\/ecuador\/2025\/06\/01\/guayaquil-inaugura-su-primera-liga-nacional-de-ecuavoley\/#primaryimage\"},\"image\":{\"@id\":\"https:\/\/noti-america.com\/site\/ecuador\/2025\/06\/01\/guayaquil-inaugura-su-primera-liga-nacional-de-ecuavoley\/#primaryimage\"},\"thumbnailUrl\":\"https:\/\/noti-america.com\/site\/ecuador\/wp-content\/uploads\/sites\/18\/2025\/06\/20250529_111345-scaled.jpg\",\"datePublished\":\"2025-06-01T18:08:23+00:00\",\"breadcrumb\":{\"@id\":\"https:\/\/noti-america.com\/site\/ecuador\/2025\/06\/01\/guayaquil-inaugura-su-primera-liga-nacional-de-ecuavoley\/#breadcrumb\"},\"inLanguage\":\"es\",\"potentialAction\":[{\"@type\":\"ReadAction\",\"target\":[\"https:\/\/noti-america.com\/site\/ecuador\/2025\/06\/01\/guayaquil-inaugura-su-primera-liga-nacional-de-ecuavoley\/\"]}]},{\"@type\":\"ImageObject\",\"inLanguage\":\"es\",\"@id\":\"https:\/\/noti-america.com\/site\/ecuador\/2025\/06\/01\/guayaquil-inaugura-su-primera-liga-nacional-de-ecuavoley\/#primaryimage\",\"url\":\"https:\/\/noti-america.com\/site\/ecuador\/wp-content\/uploads\/sites\/18\/2025\/06\/20250529_111345-scaled.jpg\",\"contentUrl\":\"https:\/\/noti-america.com\/site\/ecuador\/wp-content\/uploads\/sites\/18\/2025\/06\/20250529_111345-scaled.jpg\",\"width\":2560,\"height\":1920},{\"@type\":\"BreadcrumbList\",\"@id\":\"https:\/\/noti-america.com\/site\/ecuador\/2025\/06\/01\/guayaquil-inaugura-su-primera-liga-nacional-de-ecuavoley\/#breadcrumb\",\"itemListElement\":[{\"@type\":\"ListItem\",\"position\":1,\"name\":\"Portada\",\"item\":\"https:\/\/noti-america.com\/site\/ecuador\/\"},{\"@type\":\"ListItem\",\"position\":2,\"name\":\"Guayaquil inaugura su primera Liga Nacional de Ecuav\u00f3ley\"}]},{\"@type\":\"WebSite\",\"@id\":\"https:\/\/noti-america.com\/site\/ecuador\/#website\",\"url\":\"https:\/\/noti-america.com\/site\/ecuador\/\",\"name\":\"Ecuador | Noti-America.com\",\"description\":\"\",\"publisher\":{\"@id\":\"https:\/\/noti-america.com\/site\/ecuador\/#organization\"},\"potentialAction\":[{\"@type\":\"SearchAction\",\"target\":{\"@type\":\"EntryPoint\",\"urlTemplate\":\"https:\/\/noti-america.com\/site\/ecuador\/?s={search_term_string}\"},\"query-input\":{\"@type\":\"PropertyValueSpecification\",\"valueRequired\":true,\"valueName\":\"search_term_string\"}}],\"inLanguage\":\"es\"},{\"@type\":\"Organization\",\"@id\":\"https:\/\/noti-america.com\/site\/ecuador\/#organization\",\"name\":\"Noti-America LLC | Ecuador\",\"url\":\"https:\/\/noti-america.com\/site\/ecuador\/\",\"logo\":{\"@type\":\"ImageObject\",\"inLanguage\":\"es\",\"@id\":\"https:\/\/noti-america.com\/site\/ecuador\/#\/schema\/logo\/image\/\",\"url\":\"https:\/\/noti-america.com\/site\/ecuador\/wp-content\/uploads\/sites\/18\/2020\/07\/LogoNA-4x3-1.jpg\",\"contentUrl\":\"https:\/\/noti-america.com\/site\/ecuador\/wp-content\/uploads\/sites\/18\/2020\/07\/LogoNA-4x3-1.jpg\",\"width\":1236,\"height\":1080,\"caption\":\"Noti-America LLC | Ecuador\"},\"image\":{\"@id\":\"https:\/\/noti-america.com\/site\/ecuador\/#\/schema\/logo\/image\/\"},\"sameAs\":[\"https:\/\/x.com\/notiamerica\"]},{\"@type\":\"Person\",\"@id\":\"https:\/\/noti-america.com\/site\/ecuador\/#\/schema\/person\/00042412cfa9ecf98077f847ffadda4a\",\"name\":\"Henry Garrido\",\"image\":{\"@type\":\"ImageObject\",\"inLanguage\":\"es\",\"@id\":\"https:\/\/secure.gravatar.com\/avatar\/749ae5a1e6f22cf042f04b9f3f0a22732ae36970ccfd5c54a0a2ac3c4e1166ed?s=96&d=mm&r=g\",\"url\":\"https:\/\/secure.gravatar.com\/avatar\/749ae5a1e6f22cf042f04b9f3f0a22732ae36970ccfd5c54a0a2ac3c4e1166ed?s=96&d=mm&r=g\",\"contentUrl\":\"https:\/\/secure.gravatar.com\/avatar\/749ae5a1e6f22cf042f04b9f3f0a22732ae36970ccfd5c54a0a2ac3c4e1166ed?s=96&d=mm&r=g\",\"caption\":\"Henry Garrido\"},\"url\":\"https:\/\/noti-america.com\/site\/ecuador\/author\/hgarrido\/\"}]}<\/script>\n<!-- \/ Yoast SEO Premium plugin. -->","yoast_head_json":{"title":"Guayaquil inaugura su primera Liga Nacional de Ecuav\u00f3ley - Ecuador | Noti-America.com","robots":{"index":"index","follow":"follow","max-snippet":"max-snippet:-1","max-image-preview":"max-image-preview:large","max-video-preview":"max-video-preview:-1"},"canonical":"https:\/\/noti-america.com\/site\/ecuador\/2025\/06\/01\/guayaquil-inaugura-su-primera-liga-nacional-de-ecuavoley\/","og_locale":"es_ES","og_type":"article","og_title":"Guayaquil inaugura su primera Liga Nacional de Ecuav\u00f3ley","og_description":"NOTI-AMERICA.COM | ECUADOR. El \u00fanico deporte 100% ecuatoriano, el ecuav\u00f3ley, avanza hacia su consolidaci\u00f3n como disciplina competitiva con la presentaci\u00f3n oficial de la Liga Nacional de Ecuav\u00f3ley (LNE) Banco Guayaquil. La LNE agrupa a&#46;&#46;&#46;","og_url":"https:\/\/noti-america.com\/site\/ecuador\/2025\/06\/01\/guayaquil-inaugura-su-primera-liga-nacional-de-ecuavoley\/","og_site_name":"Ecuador | Noti-America.com","article_published_time":"2025-06-01T18:08:23+00:00","og_image":[{"width":2560,"height":1920,"url":"https:\/\/noti-america.com\/site\/ecuador\/wp-content\/uploads\/sites\/18\/2025\/06\/20250529_111345-scaled.jpg","type":"image\/jpeg"}],"author":"Henry Garrido","twitter_card":"summary_large_image","twitter_creator":"@notiamerica","twitter_site":"@notiamerica","twitter_misc":{"Escrito por":"Henry Garrido","Tiempo estimado de lectura":"2 minutos"},"schema":{"@context":"https:\/\/schema.org","@graph":[{"@type":"Article","@id":"https:\/\/noti-america.com\/site\/ecuador\/2025\/06\/01\/guayaquil-inaugura-su-primera-liga-nacional-de-ecuavoley\/#article","isPartOf":{"@id":"https:\/\/noti-america.com\/site\/ecuador\/2025\/06\/01\/guayaquil-inaugura-su-primera-liga-nacional-de-ecuavoley\/"},"author":{"name":"Henry Garrido","@id":"https:\/\/noti-america.com\/site\/ecuador\/#\/schema\/person\/00042412cfa9ecf98077f847ffadda4a"},"headline":"Guayaquil inaugura su primera Liga Nacional de Ecuav\u00f3ley","datePublished":"2025-06-01T18:08:23+00:00","mainEntityOfPage":{"@id":"https:\/\/noti-america.com\/site\/ecuador\/2025\/06\/01\/guayaquil-inaugura-su-primera-liga-nacional-de-ecuavoley\/"},"wordCount":291,"commentCount":0,"publisher":{"@id":"https:\/\/noti-america.com\/site\/ecuador\/#organization"},"image":{"@id":"https:\/\/noti-america.com\/site\/ecuador\/2025\/06\/01\/guayaquil-inaugura-su-primera-liga-nacional-de-ecuavoley\/#primaryimage"},"thumbnailUrl":"https:\/\/noti-america.com\/site\/ecuador\/wp-content\/uploads\/sites\/18\/2025\/06\/20250529_111345-scaled.jpg","articleSection":["Deportes"],"inLanguage":"es","potentialAction":[{"@type":"CommentAction","name":"Comment","target":["https:\/\/noti-america.com\/site\/ecuador\/2025\/06\/01\/guayaquil-inaugura-su-primera-liga-nacional-de-ecuavoley\/#respond"]}]},{"@type":"WebPage","@id":"https:\/\/noti-america.com\/site\/ecuador\/2025\/06\/01\/guayaquil-inaugura-su-primera-liga-nacional-de-ecuavoley\/","url":"https:\/\/noti-america.com\/site\/ecuador\/2025\/06\/01\/guayaquil-inaugura-su-primera-liga-nacional-de-ecuavoley\/","name":"Guayaquil inaugura su primera Liga Nacional de Ecuav\u00f3ley - Ecuador | Noti-America.com","isPartOf":{"@id":"https:\/\/noti-america.com\/site\/ecuador\/#website"},"primaryImageOfPage":{"@id":"https:\/\/noti-america.com\/site\/ecuador\/2025\/06\/01\/guayaquil-inaugura-su-primera-liga-nacional-de-ecuavoley\/#primaryimage"},"image":{"@id":"https:\/\/noti-america.com\/site\/ecuador\/2025\/06\/01\/guayaquil-inaugura-su-primera-liga-nacional-de-ecuavoley\/#primaryimage"},"thumbnailUrl":"https:\/\/noti-america.com\/site\/ecuador\/wp-content\/uploads\/sites\/18\/2025\/06\/20250529_111345-scaled.jpg","datePublished":"2025-06-01T18:08:23+00:00","breadcrumb":{"@id":"https:\/\/noti-america.com\/site\/ecuador\/2025\/06\/01\/guayaquil-inaugura-su-primera-liga-nacional-de-ecuavoley\/#breadcrumb"},"inLanguage":"es","potentialAction":[{"@type":"ReadAction","target":["https:\/\/noti-america.com\/site\/ecuador\/2025\/06\/01\/guayaquil-inaugura-su-primera-liga-nacional-de-ecuavoley\/"]}]},{"@type":"ImageObject","inLanguage":"es","@id":"https:\/\/noti-america.com\/site\/ecuador\/2025\/06\/01\/guayaquil-inaugura-su-primera-liga-nacional-de-ecuavoley\/#primaryimage","url":"https:\/\/noti-america.com\/site\/ecuador\/wp-content\/uploads\/sites\/18\/2025\/06\/20250529_111345-scaled.jpg","contentUrl":"https:\/\/noti-america.com\/site\/ecuador\/wp-content\/uploads\/sites\/18\/2025\/06\/20250529_111345-scaled.jpg","width":2560,"height":1920},{"@type":"BreadcrumbList","@id":"https:\/\/noti-america.com\/site\/ecuador\/2025\/06\/01\/guayaquil-inaugura-su-primera-liga-nacional-de-ecuavoley\/#breadcrumb","itemListElement":[{"@type":"ListItem","position":1,"name":"Portada","item":"https:\/\/noti-america.com\/site\/ecuador\/"},{"@type":"ListItem","position":2,"name":"Guayaquil inaugura su primera Liga Nacional de Ecuav\u00f3ley"}]},{"@type":"WebSite","@id":"https:\/\/noti-america.com\/site\/ecuador\/#website","url":"https:\/\/noti-america.com\/site\/ecuador\/","name":"Ecuador | Noti-America.com","description":"","publisher":{"@id":"https:\/\/noti-america.com\/site\/ecuador\/#organization"},"potentialAction":[{"@type":"SearchAction","target":{"@type":"EntryPoint","urlTemplate":"https:\/\/noti-america.com\/site\/ecuador\/?s={search_term_string}"},"query-input":{"@type":"PropertyValueSpecification","valueRequired":true,"valueName":"search_term_string"}}],"inLanguage":"es"},{"@type":"Organization","@id":"https:\/\/noti-america.com\/site\/ecuador\/#organization","name":"Noti-America LLC | Ecuador","url":"https:\/\/noti-america.com\/site\/ecuador\/","logo":{"@type":"ImageObject","inLanguage":"es","@id":"https:\/\/noti-america.com\/site\/ecuador\/#\/schema\/logo\/image\/","url":"https:\/\/noti-america.com\/site\/ecuador\/wp-content\/uploads\/sites\/18\/2020\/07\/LogoNA-4x3-1.jpg","contentUrl":"https:\/\/noti-america.com\/site\/ecuador\/wp-content\/uploads\/sites\/18\/2020\/07\/LogoNA-4x3-1.jpg","width":1236,"height":1080,"caption":"Noti-America LLC | Ecuador"},"image":{"@id":"https:\/\/noti-america.com\/site\/ecuador\/#\/schema\/logo\/image\/"},"sameAs":["https:\/\/x.com\/notiamerica"]},{"@type":"Person","@id":"https:\/\/noti-america.com\/site\/ecuador\/#\/schema\/person\/00042412cfa9ecf98077f847ffadda4a","name":"Henry Garrido","image":{"@type":"ImageObject","inLanguage":"es","@id":"https:\/\/secure.gravatar.com\/avatar\/749ae5a1e6f22cf042f04b9f3f0a22732ae36970ccfd5c54a0a2ac3c4e1166ed?s=96&d=mm&r=g","url":"https:\/\/secure.gravatar.com\/avatar\/749ae5a1e6f22cf042f04b9f3f0a22732ae36970ccfd5c54a0a2ac3c4e1166ed?s=96&d=mm&r=g","contentUrl":"https:\/\/secure.gravatar.com\/avatar\/749ae5a1e6f22cf042f04b9f3f0a22732ae36970ccfd5c54a0a2ac3c4e1166ed?s=96&d=mm&r=g","caption":"Henry Garrido"},"url":"https:\/\/noti-america.com\/site\/ecuador\/author\/hgarrido\/"}]}},"_links":{"self":[{"href":"https:\/\/noti-america.com\/site\/ecuador\/wp-json\/wp\/v2\/posts\/34937","targetHints":{"allow":["GET"]}}],"collection":[{"href":"https:\/\/noti-america.com\/site\/ecuador\/wp-json\/wp\/v2\/posts"}],"about":[{"href":"https:\/\/noti-america.com\/site\/ecuador\/wp-json\/wp\/v2\/types\/post"}],"author":[{"embeddable":true,"href":"https:\/\/noti-america.com\/site\/ecuador\/wp-json\/wp\/v2\/users\/144"}],"replies":[{"embeddable":true,"href":"https:\/\/noti-america.com\/site\/ecuador\/wp-json\/wp\/v2\/comments?post=34937"}],"version-history":[{"count":1,"href":"https:\/\/noti-america.com\/site\/ecuador\/wp-json\/wp\/v2\/posts\/34937\/revisions"}],"predecessor-version":[{"id":34939,"href":"https:\/\/noti-america.com\/site\/ecuador\/wp-json\/wp\/v2\/posts\/34937\/revisions\/34939"}],"wp:featuredmedia":[{"embeddable":true,"href":"https:\/\/noti-america.com\/site\/ecuador\/wp-json\/wp\/v2\/media\/34938"}],"wp:attachment":[{"href":"https:\/\/noti-america.com\/site\/ecuador\/wp-json\/wp\/v2\/media?parent=34937"}],"wp:term":[{"taxonomy":"category","embeddable":true,"href":"https:\/\/noti-america.com\/site\/ecuador\/wp-json\/wp\/v2\/categories?post=34937"},{"taxonomy":"post_tag","embeddable":true,"href":"https:\/\/noti-america.com\/site\/ecuador\/wp-json\/wp\/v2\/tags?post=34937"}],"curies":[{"name":"wp","href":"https:\/\/api.w.org\/{rel}","templated":true}]}}