{"id":34850,"date":"2025-05-22T15:37:19","date_gmt":"2025-05-22T15:37:19","guid":{"rendered":"https:\/\/noti-america.com\/site\/ecuador\/?p=34850"},"modified":"2025-05-22T15:37:19","modified_gmt":"2025-05-22T15:37:19","slug":"el-hospital-luis-vernaza-celebra-el-dia-mundial-de-la-salud-visual-con-charlas-preventivas","status":"publish","type":"post","link":"https:\/\/noti-america.com\/site\/ecuador\/2025\/05\/22\/el-hospital-luis-vernaza-celebra-el-dia-mundial-de-la-salud-visual-con-charlas-preventivas\/","title":{"rendered":"El Hospital Luis Vernaza celebra el D\u00eda Mundial de la Salud Visual con charlas preventivas"},"content":{"rendered":"<p><strong>NOTI-AMERICA.COM | ECUADOR.<\/strong><\/p>\n<p style=\"text-align: justify\"><img loading=\"lazy\" decoding=\"async\" class=\"size-medium wp-image-34851 aligncenter\" src=\"https:\/\/noti-america.com\/site\/ecuador\/wp-content\/uploads\/sites\/18\/2025\/05\/20250522_095640-300x225.jpg\" alt=\"\" width=\"300\" height=\"225\" srcset=\"https:\/\/noti-america.com\/site\/ecuador\/wp-content\/uploads\/sites\/18\/2025\/05\/20250522_095640-300x225.jpg 300w, https:\/\/noti-america.com\/site\/ecuador\/wp-content\/uploads\/sites\/18\/2025\/05\/20250522_095640-1024x768.jpg 1024w, https:\/\/noti-america.com\/site\/ecuador\/wp-content\/uploads\/sites\/18\/2025\/05\/20250522_095640-768x576.jpg 768w, https:\/\/noti-america.com\/site\/ecuador\/wp-content\/uploads\/sites\/18\/2025\/05\/20250522_095640-1536x1152.jpg 1536w, https:\/\/noti-america.com\/site\/ecuador\/wp-content\/uploads\/sites\/18\/2025\/05\/20250522_095640-2048x1536.jpg 2048w\" sizes=\"auto, (max-width: 300px) 100vw, 300px\" \/>Con motivo del D\u00eda Mundial de la Visi\u00f3n que se celebra cada 21 de mayo, el Hospital Luis Vernaza, de la Junta de Beneficiencia de Guayaquil, refuerza su compromiso con la prevenci\u00f3n y el cuidado de la salud ocular mediante charlas a pacientes y usuarios de la casa de salud, que esta centrado en la concienciaci\u00f3n sobre la importancia de las revisiones visuales peri\u00f3dicas.<\/p>\n<p style=\"text-align: justify\">Durante la jornada, los profesionales del hospital ubicaron una \u00e1rea informativo de 09:00 a 10:30 y llevaron a cabo desde all\u00ed, distintas pruebas de detecci\u00f3n visual dirigidas a la poblaci\u00f3n general.<\/p>\n<p style=\"text-align: justify\"><img loading=\"lazy\" decoding=\"async\" class=\"size-medium wp-image-34852 aligncenter\" src=\"https:\/\/noti-america.com\/site\/ecuador\/wp-content\/uploads\/sites\/18\/2025\/05\/20250522_094645-300x225.jpg\" alt=\"\" width=\"300\" height=\"225\" srcset=\"https:\/\/noti-america.com\/site\/ecuador\/wp-content\/uploads\/sites\/18\/2025\/05\/20250522_094645-300x225.jpg 300w, https:\/\/noti-america.com\/site\/ecuador\/wp-content\/uploads\/sites\/18\/2025\/05\/20250522_094645-1024x768.jpg 1024w, https:\/\/noti-america.com\/site\/ecuador\/wp-content\/uploads\/sites\/18\/2025\/05\/20250522_094645-768x576.jpg 768w, https:\/\/noti-america.com\/site\/ecuador\/wp-content\/uploads\/sites\/18\/2025\/05\/20250522_094645-1536x1152.jpg 1536w, https:\/\/noti-america.com\/site\/ecuador\/wp-content\/uploads\/sites\/18\/2025\/05\/20250522_094645-2048x1536.jpg 2048w\" sizes=\"auto, (max-width: 300px) 100vw, 300px\" \/>Para la Dra. Karla Arteaga, oftalm\u00f3loga especializada en c\u00f3rnea, con esta iniciativa, el hospital quiere acercar la salud visual a la poblaci\u00f3n y facilitar el acceso a controles oftalmol\u00f3gicos esenciales. \u00abLa prevenci\u00f3n es una herramienta clave en el \u00e1mbito de la salud ocular, ya que muchas de las patolog\u00edas m\u00e1s frecuentes pueden tratarse de forma eficaz si se diagnostican a tiempo\u00bb, enfatiz\u00f3.<\/p>\n<p style=\"text-align: justify\">Desde el Luis Vernaza, se trabaja activamente en promover h\u00e1bitos de vida saludables y facilitar el acceso a informaci\u00f3n \u00fatil y servicios sanitarios de calidad. A trav\u00e9s de estas campa\u00f1as, el centro reafirma su implicaci\u00f3n con la comunidad local, contribuyendo a la mejora continua del bienestar colectivo.<\/p>\n","protected":false},"excerpt":{"rendered":"<p>NOTI-AMERICA.COM | ECUADOR. Con motivo del D\u00eda Mundial de la Visi\u00f3n que se celebra cada 21 de mayo, el Hospital Luis Vernaza, de la Junta de Beneficiencia de Guayaquil, refuerza su compromiso con la&#46;&#46;&#46;<\/p>\n","protected":false},"author":144,"featured_media":34851,"comment_status":"open","ping_status":"open","sticky":false,"template":"","format":"standard","meta":{"_acf_changed":false,"om_disable_all_campaigns":false,"rop_custom_images_group":[],"rop_custom_messages_group":[],"rop_publish_now":"initial","rop_publish_now_accounts":{"twitter_242054905_242054905":""},"rop_publish_now_history":[],"rop_publish_now_status":"pending","_uf_show_specific_survey":0,"_uf_disable_surveys":false,"footnotes":""},"categories":[35],"tags":[],"class_list":["post-34850","post","type-post","status-publish","format-standard","has-post-thumbnail","hentry","category-salud"],"acf":[],"aioseo_notices":[],"yoast_head":"<!-- This site is optimized with the Yoast SEO Premium plugin v24.9 (Yoast SEO v27.2) - https:\/\/yoast.com\/product\/yoast-seo-premium-wordpress\/ -->\n<title>El Hospital Luis Vernaza celebra el D\u00eda Mundial de la Salud Visual con charlas preventivas - Ecuador | Noti-America.com<\/title>\n<meta name=\"robots\" content=\"index, follow, max-snippet:-1, max-image-preview:large, max-video-preview:-1\" \/>\n<link rel=\"canonical\" href=\"https:\/\/noti-america.com\/site\/ecuador\/2025\/05\/22\/el-hospital-luis-vernaza-celebra-el-dia-mundial-de-la-salud-visual-con-charlas-preventivas\/\" \/>\n<meta property=\"og:locale\" content=\"es_ES\" \/>\n<meta property=\"og:type\" content=\"article\" \/>\n<meta property=\"og:title\" content=\"El Hospital Luis Vernaza celebra el D\u00eda Mundial de la Salud Visual con charlas preventivas\" \/>\n<meta property=\"og:description\" content=\"NOTI-AMERICA.COM | ECUADOR. Con motivo del D\u00eda Mundial de la Visi\u00f3n que se celebra cada 21 de mayo, el Hospital Luis Vernaza, de la Junta de Beneficiencia de Guayaquil, refuerza su compromiso con la&#046;&#046;&#046;\" \/>\n<meta property=\"og:url\" content=\"https:\/\/noti-america.com\/site\/ecuador\/2025\/05\/22\/el-hospital-luis-vernaza-celebra-el-dia-mundial-de-la-salud-visual-con-charlas-preventivas\/\" \/>\n<meta property=\"og:site_name\" content=\"Ecuador | Noti-America.com\" \/>\n<meta property=\"article:published_time\" content=\"2025-05-22T15:37:19+00:00\" \/>\n<meta property=\"og:image\" content=\"https:\/\/noti-america.com\/site\/ecuador\/wp-content\/uploads\/sites\/18\/2025\/05\/20250522_095640-scaled.jpg\" \/>\n\t<meta property=\"og:image:width\" content=\"2560\" \/>\n\t<meta property=\"og:image:height\" content=\"1920\" \/>\n\t<meta property=\"og:image:type\" content=\"image\/jpeg\" \/>\n<meta name=\"author\" content=\"Henry Garrido\" \/>\n<meta name=\"twitter:card\" content=\"summary_large_image\" \/>\n<meta name=\"twitter:creator\" content=\"@notiamerica\" \/>\n<meta name=\"twitter:site\" content=\"@notiamerica\" \/>\n<meta name=\"twitter:label1\" content=\"Escrito por\" \/>\n\t<meta name=\"twitter:data1\" content=\"Henry Garrido\" \/>\n\t<meta name=\"twitter:label2\" content=\"Tiempo estimado de lectura\" \/>\n\t<meta name=\"twitter:data2\" content=\"2 minutos\" \/>\n<script type=\"application\/ld+json\" class=\"yoast-schema-graph\">{\"@context\":\"https:\/\/schema.org\",\"@graph\":[{\"@type\":\"Article\",\"@id\":\"https:\/\/noti-america.com\/site\/ecuador\/2025\/05\/22\/el-hospital-luis-vernaza-celebra-el-dia-mundial-de-la-salud-visual-con-charlas-preventivas\/#article\",\"isPartOf\":{\"@id\":\"https:\/\/noti-america.com\/site\/ecuador\/2025\/05\/22\/el-hospital-luis-vernaza-celebra-el-dia-mundial-de-la-salud-visual-con-charlas-preventivas\/\"},\"author\":{\"name\":\"Henry Garrido\",\"@id\":\"https:\/\/noti-america.com\/site\/ecuador\/#\/schema\/person\/00042412cfa9ecf98077f847ffadda4a\"},\"headline\":\"El Hospital Luis Vernaza celebra el D\u00eda Mundial de la Salud Visual con charlas preventivas\",\"datePublished\":\"2025-05-22T15:37:19+00:00\",\"mainEntityOfPage\":{\"@id\":\"https:\/\/noti-america.com\/site\/ecuador\/2025\/05\/22\/el-hospital-luis-vernaza-celebra-el-dia-mundial-de-la-salud-visual-con-charlas-preventivas\/\"},\"wordCount\":239,\"commentCount\":0,\"publisher\":{\"@id\":\"https:\/\/noti-america.com\/site\/ecuador\/#organization\"},\"image\":{\"@id\":\"https:\/\/noti-america.com\/site\/ecuador\/2025\/05\/22\/el-hospital-luis-vernaza-celebra-el-dia-mundial-de-la-salud-visual-con-charlas-preventivas\/#primaryimage\"},\"thumbnailUrl\":\"https:\/\/noti-america.com\/site\/ecuador\/wp-content\/uploads\/sites\/18\/2025\/05\/20250522_095640-scaled.jpg\",\"articleSection\":[\"Salud\"],\"inLanguage\":\"es\",\"potentialAction\":[{\"@type\":\"CommentAction\",\"name\":\"Comment\",\"target\":[\"https:\/\/noti-america.com\/site\/ecuador\/2025\/05\/22\/el-hospital-luis-vernaza-celebra-el-dia-mundial-de-la-salud-visual-con-charlas-preventivas\/#respond\"]}]},{\"@type\":\"WebPage\",\"@id\":\"https:\/\/noti-america.com\/site\/ecuador\/2025\/05\/22\/el-hospital-luis-vernaza-celebra-el-dia-mundial-de-la-salud-visual-con-charlas-preventivas\/\",\"url\":\"https:\/\/noti-america.com\/site\/ecuador\/2025\/05\/22\/el-hospital-luis-vernaza-celebra-el-dia-mundial-de-la-salud-visual-con-charlas-preventivas\/\",\"name\":\"El Hospital Luis Vernaza celebra el D\u00eda Mundial de la Salud Visual con charlas preventivas - Ecuador | Noti-America.com\",\"isPartOf\":{\"@id\":\"https:\/\/noti-america.com\/site\/ecuador\/#website\"},\"primaryImageOfPage\":{\"@id\":\"https:\/\/noti-america.com\/site\/ecuador\/2025\/05\/22\/el-hospital-luis-vernaza-celebra-el-dia-mundial-de-la-salud-visual-con-charlas-preventivas\/#primaryimage\"},\"image\":{\"@id\":\"https:\/\/noti-america.com\/site\/ecuador\/2025\/05\/22\/el-hospital-luis-vernaza-celebra-el-dia-mundial-de-la-salud-visual-con-charlas-preventivas\/#primaryimage\"},\"thumbnailUrl\":\"https:\/\/noti-america.com\/site\/ecuador\/wp-content\/uploads\/sites\/18\/2025\/05\/20250522_095640-scaled.jpg\",\"datePublished\":\"2025-05-22T15:37:19+00:00\",\"breadcrumb\":{\"@id\":\"https:\/\/noti-america.com\/site\/ecuador\/2025\/05\/22\/el-hospital-luis-vernaza-celebra-el-dia-mundial-de-la-salud-visual-con-charlas-preventivas\/#breadcrumb\"},\"inLanguage\":\"es\",\"potentialAction\":[{\"@type\":\"ReadAction\",\"target\":[\"https:\/\/noti-america.com\/site\/ecuador\/2025\/05\/22\/el-hospital-luis-vernaza-celebra-el-dia-mundial-de-la-salud-visual-con-charlas-preventivas\/\"]}]},{\"@type\":\"ImageObject\",\"inLanguage\":\"es\",\"@id\":\"https:\/\/noti-america.com\/site\/ecuador\/2025\/05\/22\/el-hospital-luis-vernaza-celebra-el-dia-mundial-de-la-salud-visual-con-charlas-preventivas\/#primaryimage\",\"url\":\"https:\/\/noti-america.com\/site\/ecuador\/wp-content\/uploads\/sites\/18\/2025\/05\/20250522_095640-scaled.jpg\",\"contentUrl\":\"https:\/\/noti-america.com\/site\/ecuador\/wp-content\/uploads\/sites\/18\/2025\/05\/20250522_095640-scaled.jpg\",\"width\":2560,\"height\":1920},{\"@type\":\"BreadcrumbList\",\"@id\":\"https:\/\/noti-america.com\/site\/ecuador\/2025\/05\/22\/el-hospital-luis-vernaza-celebra-el-dia-mundial-de-la-salud-visual-con-charlas-preventivas\/#breadcrumb\",\"itemListElement\":[{\"@type\":\"ListItem\",\"position\":1,\"name\":\"Portada\",\"item\":\"https:\/\/noti-america.com\/site\/ecuador\/\"},{\"@type\":\"ListItem\",\"position\":2,\"name\":\"El Hospital Luis Vernaza celebra el D\u00eda Mundial de la Salud Visual con charlas preventivas\"}]},{\"@type\":\"WebSite\",\"@id\":\"https:\/\/noti-america.com\/site\/ecuador\/#website\",\"url\":\"https:\/\/noti-america.com\/site\/ecuador\/\",\"name\":\"Ecuador | Noti-America.com\",\"description\":\"\",\"publisher\":{\"@id\":\"https:\/\/noti-america.com\/site\/ecuador\/#organization\"},\"potentialAction\":[{\"@type\":\"SearchAction\",\"target\":{\"@type\":\"EntryPoint\",\"urlTemplate\":\"https:\/\/noti-america.com\/site\/ecuador\/?s={search_term_string}\"},\"query-input\":{\"@type\":\"PropertyValueSpecification\",\"valueRequired\":true,\"valueName\":\"search_term_string\"}}],\"inLanguage\":\"es\"},{\"@type\":\"Organization\",\"@id\":\"https:\/\/noti-america.com\/site\/ecuador\/#organization\",\"name\":\"Noti-America LLC | Ecuador\",\"url\":\"https:\/\/noti-america.com\/site\/ecuador\/\",\"logo\":{\"@type\":\"ImageObject\",\"inLanguage\":\"es\",\"@id\":\"https:\/\/noti-america.com\/site\/ecuador\/#\/schema\/logo\/image\/\",\"url\":\"https:\/\/noti-america.com\/site\/ecuador\/wp-content\/uploads\/sites\/18\/2020\/07\/LogoNA-4x3-1.jpg\",\"contentUrl\":\"https:\/\/noti-america.com\/site\/ecuador\/wp-content\/uploads\/sites\/18\/2020\/07\/LogoNA-4x3-1.jpg\",\"width\":1236,\"height\":1080,\"caption\":\"Noti-America LLC | Ecuador\"},\"image\":{\"@id\":\"https:\/\/noti-america.com\/site\/ecuador\/#\/schema\/logo\/image\/\"},\"sameAs\":[\"https:\/\/x.com\/notiamerica\"]},{\"@type\":\"Person\",\"@id\":\"https:\/\/noti-america.com\/site\/ecuador\/#\/schema\/person\/00042412cfa9ecf98077f847ffadda4a\",\"name\":\"Henry Garrido\",\"image\":{\"@type\":\"ImageObject\",\"inLanguage\":\"es\",\"@id\":\"https:\/\/secure.gravatar.com\/avatar\/749ae5a1e6f22cf042f04b9f3f0a22732ae36970ccfd5c54a0a2ac3c4e1166ed?s=96&d=mm&r=g\",\"url\":\"https:\/\/secure.gravatar.com\/avatar\/749ae5a1e6f22cf042f04b9f3f0a22732ae36970ccfd5c54a0a2ac3c4e1166ed?s=96&d=mm&r=g\",\"contentUrl\":\"https:\/\/secure.gravatar.com\/avatar\/749ae5a1e6f22cf042f04b9f3f0a22732ae36970ccfd5c54a0a2ac3c4e1166ed?s=96&d=mm&r=g\",\"caption\":\"Henry Garrido\"},\"url\":\"https:\/\/noti-america.com\/site\/ecuador\/author\/hgarrido\/\"}]}<\/script>\n<!-- \/ Yoast SEO Premium plugin. -->","yoast_head_json":{"title":"El Hospital Luis Vernaza celebra el D\u00eda Mundial de la Salud Visual con charlas preventivas - Ecuador | Noti-America.com","robots":{"index":"index","follow":"follow","max-snippet":"max-snippet:-1","max-image-preview":"max-image-preview:large","max-video-preview":"max-video-preview:-1"},"canonical":"https:\/\/noti-america.com\/site\/ecuador\/2025\/05\/22\/el-hospital-luis-vernaza-celebra-el-dia-mundial-de-la-salud-visual-con-charlas-preventivas\/","og_locale":"es_ES","og_type":"article","og_title":"El Hospital Luis Vernaza celebra el D\u00eda Mundial de la Salud Visual con charlas preventivas","og_description":"NOTI-AMERICA.COM | ECUADOR. Con motivo del D\u00eda Mundial de la Visi\u00f3n que se celebra cada 21 de mayo, el Hospital Luis Vernaza, de la Junta de Beneficiencia de Guayaquil, refuerza su compromiso con la&#46;&#46;&#46;","og_url":"https:\/\/noti-america.com\/site\/ecuador\/2025\/05\/22\/el-hospital-luis-vernaza-celebra-el-dia-mundial-de-la-salud-visual-con-charlas-preventivas\/","og_site_name":"Ecuador | Noti-America.com","article_published_time":"2025-05-22T15:37:19+00:00","og_image":[{"width":2560,"height":1920,"url":"https:\/\/noti-america.com\/site\/ecuador\/wp-content\/uploads\/sites\/18\/2025\/05\/20250522_095640-scaled.jpg","type":"image\/jpeg"}],"author":"Henry Garrido","twitter_card":"summary_large_image","twitter_creator":"@notiamerica","twitter_site":"@notiamerica","twitter_misc":{"Escrito por":"Henry Garrido","Tiempo estimado de lectura":"2 minutos"},"schema":{"@context":"https:\/\/schema.org","@graph":[{"@type":"Article","@id":"https:\/\/noti-america.com\/site\/ecuador\/2025\/05\/22\/el-hospital-luis-vernaza-celebra-el-dia-mundial-de-la-salud-visual-con-charlas-preventivas\/#article","isPartOf":{"@id":"https:\/\/noti-america.com\/site\/ecuador\/2025\/05\/22\/el-hospital-luis-vernaza-celebra-el-dia-mundial-de-la-salud-visual-con-charlas-preventivas\/"},"author":{"name":"Henry Garrido","@id":"https:\/\/noti-america.com\/site\/ecuador\/#\/schema\/person\/00042412cfa9ecf98077f847ffadda4a"},"headline":"El Hospital Luis Vernaza celebra el D\u00eda Mundial de la Salud Visual con charlas preventivas","datePublished":"2025-05-22T15:37:19+00:00","mainEntityOfPage":{"@id":"https:\/\/noti-america.com\/site\/ecuador\/2025\/05\/22\/el-hospital-luis-vernaza-celebra-el-dia-mundial-de-la-salud-visual-con-charlas-preventivas\/"},"wordCount":239,"commentCount":0,"publisher":{"@id":"https:\/\/noti-america.com\/site\/ecuador\/#organization"},"image":{"@id":"https:\/\/noti-america.com\/site\/ecuador\/2025\/05\/22\/el-hospital-luis-vernaza-celebra-el-dia-mundial-de-la-salud-visual-con-charlas-preventivas\/#primaryimage"},"thumbnailUrl":"https:\/\/noti-america.com\/site\/ecuador\/wp-content\/uploads\/sites\/18\/2025\/05\/20250522_095640-scaled.jpg","articleSection":["Salud"],"inLanguage":"es","potentialAction":[{"@type":"CommentAction","name":"Comment","target":["https:\/\/noti-america.com\/site\/ecuador\/2025\/05\/22\/el-hospital-luis-vernaza-celebra-el-dia-mundial-de-la-salud-visual-con-charlas-preventivas\/#respond"]}]},{"@type":"WebPage","@id":"https:\/\/noti-america.com\/site\/ecuador\/2025\/05\/22\/el-hospital-luis-vernaza-celebra-el-dia-mundial-de-la-salud-visual-con-charlas-preventivas\/","url":"https:\/\/noti-america.com\/site\/ecuador\/2025\/05\/22\/el-hospital-luis-vernaza-celebra-el-dia-mundial-de-la-salud-visual-con-charlas-preventivas\/","name":"El Hospital Luis Vernaza celebra el D\u00eda Mundial de la Salud Visual con charlas preventivas - Ecuador | Noti-America.com","isPartOf":{"@id":"https:\/\/noti-america.com\/site\/ecuador\/#website"},"primaryImageOfPage":{"@id":"https:\/\/noti-america.com\/site\/ecuador\/2025\/05\/22\/el-hospital-luis-vernaza-celebra-el-dia-mundial-de-la-salud-visual-con-charlas-preventivas\/#primaryimage"},"image":{"@id":"https:\/\/noti-america.com\/site\/ecuador\/2025\/05\/22\/el-hospital-luis-vernaza-celebra-el-dia-mundial-de-la-salud-visual-con-charlas-preventivas\/#primaryimage"},"thumbnailUrl":"https:\/\/noti-america.com\/site\/ecuador\/wp-content\/uploads\/sites\/18\/2025\/05\/20250522_095640-scaled.jpg","datePublished":"2025-05-22T15:37:19+00:00","breadcrumb":{"@id":"https:\/\/noti-america.com\/site\/ecuador\/2025\/05\/22\/el-hospital-luis-vernaza-celebra-el-dia-mundial-de-la-salud-visual-con-charlas-preventivas\/#breadcrumb"},"inLanguage":"es","potentialAction":[{"@type":"ReadAction","target":["https:\/\/noti-america.com\/site\/ecuador\/2025\/05\/22\/el-hospital-luis-vernaza-celebra-el-dia-mundial-de-la-salud-visual-con-charlas-preventivas\/"]}]},{"@type":"ImageObject","inLanguage":"es","@id":"https:\/\/noti-america.com\/site\/ecuador\/2025\/05\/22\/el-hospital-luis-vernaza-celebra-el-dia-mundial-de-la-salud-visual-con-charlas-preventivas\/#primaryimage","url":"https:\/\/noti-america.com\/site\/ecuador\/wp-content\/uploads\/sites\/18\/2025\/05\/20250522_095640-scaled.jpg","contentUrl":"https:\/\/noti-america.com\/site\/ecuador\/wp-content\/uploads\/sites\/18\/2025\/05\/20250522_095640-scaled.jpg","width":2560,"height":1920},{"@type":"BreadcrumbList","@id":"https:\/\/noti-america.com\/site\/ecuador\/2025\/05\/22\/el-hospital-luis-vernaza-celebra-el-dia-mundial-de-la-salud-visual-con-charlas-preventivas\/#breadcrumb","itemListElement":[{"@type":"ListItem","position":1,"name":"Portada","item":"https:\/\/noti-america.com\/site\/ecuador\/"},{"@type":"ListItem","position":2,"name":"El Hospital Luis Vernaza celebra el D\u00eda Mundial de la Salud Visual con charlas preventivas"}]},{"@type":"WebSite","@id":"https:\/\/noti-america.com\/site\/ecuador\/#website","url":"https:\/\/noti-america.com\/site\/ecuador\/","name":"Ecuador | Noti-America.com","description":"","publisher":{"@id":"https:\/\/noti-america.com\/site\/ecuador\/#organization"},"potentialAction":[{"@type":"SearchAction","target":{"@type":"EntryPoint","urlTemplate":"https:\/\/noti-america.com\/site\/ecuador\/?s={search_term_string}"},"query-input":{"@type":"PropertyValueSpecification","valueRequired":true,"valueName":"search_term_string"}}],"inLanguage":"es"},{"@type":"Organization","@id":"https:\/\/noti-america.com\/site\/ecuador\/#organization","name":"Noti-America LLC | Ecuador","url":"https:\/\/noti-america.com\/site\/ecuador\/","logo":{"@type":"ImageObject","inLanguage":"es","@id":"https:\/\/noti-america.com\/site\/ecuador\/#\/schema\/logo\/image\/","url":"https:\/\/noti-america.com\/site\/ecuador\/wp-content\/uploads\/sites\/18\/2020\/07\/LogoNA-4x3-1.jpg","contentUrl":"https:\/\/noti-america.com\/site\/ecuador\/wp-content\/uploads\/sites\/18\/2020\/07\/LogoNA-4x3-1.jpg","width":1236,"height":1080,"caption":"Noti-America LLC | Ecuador"},"image":{"@id":"https:\/\/noti-america.com\/site\/ecuador\/#\/schema\/logo\/image\/"},"sameAs":["https:\/\/x.com\/notiamerica"]},{"@type":"Person","@id":"https:\/\/noti-america.com\/site\/ecuador\/#\/schema\/person\/00042412cfa9ecf98077f847ffadda4a","name":"Henry Garrido","image":{"@type":"ImageObject","inLanguage":"es","@id":"https:\/\/secure.gravatar.com\/avatar\/749ae5a1e6f22cf042f04b9f3f0a22732ae36970ccfd5c54a0a2ac3c4e1166ed?s=96&d=mm&r=g","url":"https:\/\/secure.gravatar.com\/avatar\/749ae5a1e6f22cf042f04b9f3f0a22732ae36970ccfd5c54a0a2ac3c4e1166ed?s=96&d=mm&r=g","contentUrl":"https:\/\/secure.gravatar.com\/avatar\/749ae5a1e6f22cf042f04b9f3f0a22732ae36970ccfd5c54a0a2ac3c4e1166ed?s=96&d=mm&r=g","caption":"Henry Garrido"},"url":"https:\/\/noti-america.com\/site\/ecuador\/author\/hgarrido\/"}]}},"_links":{"self":[{"href":"https:\/\/noti-america.com\/site\/ecuador\/wp-json\/wp\/v2\/posts\/34850","targetHints":{"allow":["GET"]}}],"collection":[{"href":"https:\/\/noti-america.com\/site\/ecuador\/wp-json\/wp\/v2\/posts"}],"about":[{"href":"https:\/\/noti-america.com\/site\/ecuador\/wp-json\/wp\/v2\/types\/post"}],"author":[{"embeddable":true,"href":"https:\/\/noti-america.com\/site\/ecuador\/wp-json\/wp\/v2\/users\/144"}],"replies":[{"embeddable":true,"href":"https:\/\/noti-america.com\/site\/ecuador\/wp-json\/wp\/v2\/comments?post=34850"}],"version-history":[{"count":1,"href":"https:\/\/noti-america.com\/site\/ecuador\/wp-json\/wp\/v2\/posts\/34850\/revisions"}],"predecessor-version":[{"id":34853,"href":"https:\/\/noti-america.com\/site\/ecuador\/wp-json\/wp\/v2\/posts\/34850\/revisions\/34853"}],"wp:featuredmedia":[{"embeddable":true,"href":"https:\/\/noti-america.com\/site\/ecuador\/wp-json\/wp\/v2\/media\/34851"}],"wp:attachment":[{"href":"https:\/\/noti-america.com\/site\/ecuador\/wp-json\/wp\/v2\/media?parent=34850"}],"wp:term":[{"taxonomy":"category","embeddable":true,"href":"https:\/\/noti-america.com\/site\/ecuador\/wp-json\/wp\/v2\/categories?post=34850"},{"taxonomy":"post_tag","embeddable":true,"href":"https:\/\/noti-america.com\/site\/ecuador\/wp-json\/wp\/v2\/tags?post=34850"}],"curies":[{"name":"wp","href":"https:\/\/api.w.org\/{rel}","templated":true}]}}