{"id":3485,"date":"2019-02-27T23:04:23","date_gmt":"2019-02-27T23:04:23","guid":{"rendered":"http:\/\/noti-america.com\/site\/ecuador\/?p=3485"},"modified":"2019-02-27T23:04:23","modified_gmt":"2019-02-27T23:04:23","slug":"servicio-especializado-de-proteccion-especial-sepe-guayas-imparte-charla-contra-violencia-familiar-a-obreros","status":"publish","type":"post","link":"https:\/\/noti-america.com\/site\/ecuador\/2019\/02\/27\/servicio-especializado-de-proteccion-especial-sepe-guayas-imparte-charla-contra-violencia-familiar-a-obreros\/","title":{"rendered":"Servicio Especializado de Protecci\u00f3n Especial (SEPE) Guayas imparte charla contra violencia familiar a obreros"},"content":{"rendered":"<p>REDACCI\u00d3N NOTI-AM\u00c9RICA (ECUADOR)<\/p>\n<p style=\"text-align: justify\">Los funcionarios del Servicio Especializado de Protecci\u00f3n Especial (SEPE) Guayas impartieron una charla sobre \u00a0\u201cViolencia Intrafamiliar\u201d dirigida al personal obrero y administrativo de AGRISON S.A., \u00a0compa\u00f1\u00eda dedicada al negocio del cacao.<\/p>\n<p style=\"text-align: justify\">Seg\u00fan la pol\u00edtica de la empresa\u00a0 se busca capacitaciones no solo de tipo laboral para sus empleados, pues consideran que as\u00ed como la formaci\u00f3n profesional es importante, es tambi\u00e9n imprescindible\u00a0 buscar\u00a0 una sana cultura de convivencia. Con este motivo la compa\u00f1\u00eda ha programado capacitaciones en temas como: abuso de drogas y del alcohol, escuela para padres\u201d, entre otros.<\/p>\n<p style=\"text-align: justify\">La charla fue impartida por los psic\u00f3logos del SEPE Karen Villacr\u00e9s y Luis Javier C\u00f3rdova, quienes dialogaron y expusieron los puntos claves sobre el tema central al personal que asisti\u00f3 desde Pedro Carbo, Daule y Palestina.<\/p>\n<p style=\"text-align: justify\">Villacr\u00e9s manifest\u00f3: \u201cExisti\u00f3 una buena colaboraci\u00f3n por parte de los empleados de la empresa, participaron activamente, no solo desde sus asientos, sino tambi\u00e9n en una representaci\u00f3n final, donde tres grupos personificaron art\u00edsticamente personajes expuestos a diferentes tipos de violencia\u201d.<\/p>\n<p style=\"text-align: justify\">Uno de los participantes en la capacitaci\u00f3n coment\u00f3 sentirse identificado con uno de los personajes de los videos e indic\u00f3: \u201cAl presenciar desde joven la violencia que se dio en mi\u00a0 hogar, decid\u00ed no reproducirla m\u00e1s, mi objetivo es hacer un alto y procurar que ahora siendo un adulto con dos hijos y una esposa, lo que vi en su casa cuando chico, no se repita en mi nuevo hogar\u201d.<\/p>\n<p style=\"text-align: justify\">Al terminar la charla, se entreg\u00f3 a los asistentes, tr\u00edpticos con la informaci\u00f3n m\u00e1s relevante de los servicio que presta el SEPE, tambi\u00e9n\u00a0 se coloc\u00f3 en las carteleras de la empresa, direcciones y\u00a0 datos esenciales, de tal manera que\u00a0 quienes decidan solicitar ayuda\u00a0 puedan hacerlo de forma directa y confidencial.<\/p>\n","protected":false},"excerpt":{"rendered":"<p>REDACCI\u00d3N NOTI-AM\u00c9RICA (ECUADOR) Los funcionarios del Servicio Especializado de Protecci\u00f3n Especial (SEPE) Guayas impartieron una charla sobre \u00a0\u201cViolencia Intrafamiliar\u201d dirigida al personal obrero y administrativo de AGRISON S.A., \u00a0compa\u00f1\u00eda dedicada al negocio del cacao.&#46;&#46;&#46;<\/p>\n","protected":false},"author":17,"featured_media":3486,"comment_status":"open","ping_status":"open","sticky":false,"template":"","format":"standard","meta":{"_acf_changed":false,"om_disable_all_campaigns":false,"rop_custom_images_group":[],"rop_custom_messages_group":[],"rop_publish_now":"initial","rop_publish_now_accounts":{"twitter_242054905_242054905":""},"rop_publish_now_history":[],"rop_publish_now_status":"pending","_uf_show_specific_survey":0,"_uf_disable_surveys":false,"footnotes":""},"categories":[103],"tags":[],"class_list":["post-3485","post","type-post","status-publish","format-standard","has-post-thumbnail","hentry","category-educacion"],"acf":[],"aioseo_notices":[],"yoast_head":"<!-- This site is optimized with the Yoast SEO Premium plugin v24.9 (Yoast SEO v27.2) - https:\/\/yoast.com\/product\/yoast-seo-premium-wordpress\/ -->\n<title>Servicio Especializado de Protecci\u00f3n Especial (SEPE) Guayas imparte charla contra violencia familiar a obreros - Ecuador | Noti-America.com<\/title>\n<meta name=\"robots\" content=\"index, follow, max-snippet:-1, max-image-preview:large, max-video-preview:-1\" \/>\n<link rel=\"canonical\" href=\"https:\/\/noti-america.com\/site\/ecuador\/2019\/02\/27\/servicio-especializado-de-proteccion-especial-sepe-guayas-imparte-charla-contra-violencia-familiar-a-obreros\/\" \/>\n<meta property=\"og:locale\" content=\"es_ES\" \/>\n<meta property=\"og:type\" content=\"article\" \/>\n<meta property=\"og:title\" content=\"Servicio Especializado de Protecci\u00f3n Especial (SEPE) Guayas imparte charla contra violencia familiar a obreros\" \/>\n<meta property=\"og:description\" content=\"REDACCI\u00d3N NOTI-AM\u00c9RICA (ECUADOR) Los funcionarios del Servicio Especializado de Protecci\u00f3n Especial (SEPE) Guayas impartieron una charla sobre \u00a0\u201cViolencia Intrafamiliar\u201d dirigida al personal obrero y administrativo de AGRISON S.A., \u00a0compa\u00f1\u00eda dedicada al negocio del cacao.&#046;&#046;&#046;\" \/>\n<meta property=\"og:url\" content=\"https:\/\/noti-america.com\/site\/ecuador\/2019\/02\/27\/servicio-especializado-de-proteccion-especial-sepe-guayas-imparte-charla-contra-violencia-familiar-a-obreros\/\" \/>\n<meta property=\"og:site_name\" content=\"Ecuador | Noti-America.com\" \/>\n<meta property=\"article:published_time\" content=\"2019-02-27T23:04:23+00:00\" \/>\n<meta property=\"og:image\" content=\"https:\/\/noti-america.com\/site\/ecuador\/wp-content\/uploads\/sites\/18\/2019\/02\/SEPE-Guayas-imparte-charla-contra-violencia-familiar.jpg\" \/>\n\t<meta property=\"og:image:width\" content=\"1280\" \/>\n\t<meta property=\"og:image:height\" content=\"960\" \/>\n\t<meta property=\"og:image:type\" content=\"image\/jpeg\" \/>\n<meta name=\"author\" content=\"Gregory Quintana Montiel\" \/>\n<meta name=\"twitter:card\" content=\"summary_large_image\" \/>\n<meta name=\"twitter:creator\" content=\"@gdgregori1\" \/>\n<meta name=\"twitter:site\" content=\"@notiamerica\" \/>\n<meta name=\"twitter:label1\" content=\"Escrito por\" \/>\n\t<meta name=\"twitter:data1\" content=\"Gregory Quintana Montiel\" \/>\n\t<meta name=\"twitter:label2\" content=\"Tiempo estimado de lectura\" \/>\n\t<meta name=\"twitter:data2\" content=\"2 minutos\" \/>\n<script type=\"application\/ld+json\" class=\"yoast-schema-graph\">{\"@context\":\"https:\/\/schema.org\",\"@graph\":[{\"@type\":\"Article\",\"@id\":\"https:\/\/noti-america.com\/site\/ecuador\/2019\/02\/27\/servicio-especializado-de-proteccion-especial-sepe-guayas-imparte-charla-contra-violencia-familiar-a-obreros\/#article\",\"isPartOf\":{\"@id\":\"https:\/\/noti-america.com\/site\/ecuador\/2019\/02\/27\/servicio-especializado-de-proteccion-especial-sepe-guayas-imparte-charla-contra-violencia-familiar-a-obreros\/\"},\"author\":{\"name\":\"Gregory Quintana Montiel\",\"@id\":\"https:\/\/noti-america.com\/site\/ecuador\/#\/schema\/person\/3b975e42f15abfe64bfe3abdd916efda\"},\"headline\":\"Servicio Especializado de Protecci\u00f3n Especial (SEPE) Guayas imparte charla contra violencia familiar a obreros\",\"datePublished\":\"2019-02-27T23:04:23+00:00\",\"mainEntityOfPage\":{\"@id\":\"https:\/\/noti-america.com\/site\/ecuador\/2019\/02\/27\/servicio-especializado-de-proteccion-especial-sepe-guayas-imparte-charla-contra-violencia-familiar-a-obreros\/\"},\"wordCount\":326,\"commentCount\":0,\"publisher\":{\"@id\":\"https:\/\/noti-america.com\/site\/ecuador\/#organization\"},\"image\":{\"@id\":\"https:\/\/noti-america.com\/site\/ecuador\/2019\/02\/27\/servicio-especializado-de-proteccion-especial-sepe-guayas-imparte-charla-contra-violencia-familiar-a-obreros\/#primaryimage\"},\"thumbnailUrl\":\"https:\/\/noti-america.com\/site\/ecuador\/wp-content\/uploads\/sites\/18\/2019\/02\/SEPE-Guayas-imparte-charla-contra-violencia-familiar.jpg\",\"articleSection\":[\"Educaci\u00f3n\"],\"inLanguage\":\"es\",\"potentialAction\":[{\"@type\":\"CommentAction\",\"name\":\"Comment\",\"target\":[\"https:\/\/noti-america.com\/site\/ecuador\/2019\/02\/27\/servicio-especializado-de-proteccion-especial-sepe-guayas-imparte-charla-contra-violencia-familiar-a-obreros\/#respond\"]}]},{\"@type\":\"WebPage\",\"@id\":\"https:\/\/noti-america.com\/site\/ecuador\/2019\/02\/27\/servicio-especializado-de-proteccion-especial-sepe-guayas-imparte-charla-contra-violencia-familiar-a-obreros\/\",\"url\":\"https:\/\/noti-america.com\/site\/ecuador\/2019\/02\/27\/servicio-especializado-de-proteccion-especial-sepe-guayas-imparte-charla-contra-violencia-familiar-a-obreros\/\",\"name\":\"Servicio Especializado de Protecci\u00f3n Especial (SEPE) Guayas imparte charla contra violencia familiar a obreros - Ecuador | Noti-America.com\",\"isPartOf\":{\"@id\":\"https:\/\/noti-america.com\/site\/ecuador\/#website\"},\"primaryImageOfPage\":{\"@id\":\"https:\/\/noti-america.com\/site\/ecuador\/2019\/02\/27\/servicio-especializado-de-proteccion-especial-sepe-guayas-imparte-charla-contra-violencia-familiar-a-obreros\/#primaryimage\"},\"image\":{\"@id\":\"https:\/\/noti-america.com\/site\/ecuador\/2019\/02\/27\/servicio-especializado-de-proteccion-especial-sepe-guayas-imparte-charla-contra-violencia-familiar-a-obreros\/#primaryimage\"},\"thumbnailUrl\":\"https:\/\/noti-america.com\/site\/ecuador\/wp-content\/uploads\/sites\/18\/2019\/02\/SEPE-Guayas-imparte-charla-contra-violencia-familiar.jpg\",\"datePublished\":\"2019-02-27T23:04:23+00:00\",\"breadcrumb\":{\"@id\":\"https:\/\/noti-america.com\/site\/ecuador\/2019\/02\/27\/servicio-especializado-de-proteccion-especial-sepe-guayas-imparte-charla-contra-violencia-familiar-a-obreros\/#breadcrumb\"},\"inLanguage\":\"es\",\"potentialAction\":[{\"@type\":\"ReadAction\",\"target\":[\"https:\/\/noti-america.com\/site\/ecuador\/2019\/02\/27\/servicio-especializado-de-proteccion-especial-sepe-guayas-imparte-charla-contra-violencia-familiar-a-obreros\/\"]}]},{\"@type\":\"ImageObject\",\"inLanguage\":\"es\",\"@id\":\"https:\/\/noti-america.com\/site\/ecuador\/2019\/02\/27\/servicio-especializado-de-proteccion-especial-sepe-guayas-imparte-charla-contra-violencia-familiar-a-obreros\/#primaryimage\",\"url\":\"https:\/\/noti-america.com\/site\/ecuador\/wp-content\/uploads\/sites\/18\/2019\/02\/SEPE-Guayas-imparte-charla-contra-violencia-familiar.jpg\",\"contentUrl\":\"https:\/\/noti-america.com\/site\/ecuador\/wp-content\/uploads\/sites\/18\/2019\/02\/SEPE-Guayas-imparte-charla-contra-violencia-familiar.jpg\",\"width\":1280,\"height\":960,\"caption\":\"La charla fue impartida por los psic\u00f3logos del SEPE Karen Villacr\u00e9s y Luis Javier C\u00f3rdova,\"},{\"@type\":\"BreadcrumbList\",\"@id\":\"https:\/\/noti-america.com\/site\/ecuador\/2019\/02\/27\/servicio-especializado-de-proteccion-especial-sepe-guayas-imparte-charla-contra-violencia-familiar-a-obreros\/#breadcrumb\",\"itemListElement\":[{\"@type\":\"ListItem\",\"position\":1,\"name\":\"Portada\",\"item\":\"https:\/\/noti-america.com\/site\/ecuador\/\"},{\"@type\":\"ListItem\",\"position\":2,\"name\":\"Servicio Especializado de Protecci\u00f3n Especial (SEPE) Guayas imparte charla contra violencia familiar a obreros\"}]},{\"@type\":\"WebSite\",\"@id\":\"https:\/\/noti-america.com\/site\/ecuador\/#website\",\"url\":\"https:\/\/noti-america.com\/site\/ecuador\/\",\"name\":\"Ecuador | Noti-America.com\",\"description\":\"\",\"publisher\":{\"@id\":\"https:\/\/noti-america.com\/site\/ecuador\/#organization\"},\"potentialAction\":[{\"@type\":\"SearchAction\",\"target\":{\"@type\":\"EntryPoint\",\"urlTemplate\":\"https:\/\/noti-america.com\/site\/ecuador\/?s={search_term_string}\"},\"query-input\":{\"@type\":\"PropertyValueSpecification\",\"valueRequired\":true,\"valueName\":\"search_term_string\"}}],\"inLanguage\":\"es\"},{\"@type\":\"Organization\",\"@id\":\"https:\/\/noti-america.com\/site\/ecuador\/#organization\",\"name\":\"Noti-America LLC | Ecuador\",\"url\":\"https:\/\/noti-america.com\/site\/ecuador\/\",\"logo\":{\"@type\":\"ImageObject\",\"inLanguage\":\"es\",\"@id\":\"https:\/\/noti-america.com\/site\/ecuador\/#\/schema\/logo\/image\/\",\"url\":\"https:\/\/noti-america.com\/site\/ecuador\/wp-content\/uploads\/sites\/18\/2020\/07\/LogoNA-4x3-1.jpg\",\"contentUrl\":\"https:\/\/noti-america.com\/site\/ecuador\/wp-content\/uploads\/sites\/18\/2020\/07\/LogoNA-4x3-1.jpg\",\"width\":1236,\"height\":1080,\"caption\":\"Noti-America LLC | Ecuador\"},\"image\":{\"@id\":\"https:\/\/noti-america.com\/site\/ecuador\/#\/schema\/logo\/image\/\"},\"sameAs\":[\"https:\/\/x.com\/notiamerica\"]},{\"@type\":\"Person\",\"@id\":\"https:\/\/noti-america.com\/site\/ecuador\/#\/schema\/person\/3b975e42f15abfe64bfe3abdd916efda\",\"name\":\"Gregory Quintana Montiel\",\"image\":{\"@type\":\"ImageObject\",\"inLanguage\":\"es\",\"@id\":\"https:\/\/secure.gravatar.com\/avatar\/2d6b802f7720c2ec7744dcbe608cc2f3417aeb964d58b443c6d612b77531de1d?s=96&d=mm&r=g\",\"url\":\"https:\/\/secure.gravatar.com\/avatar\/2d6b802f7720c2ec7744dcbe608cc2f3417aeb964d58b443c6d612b77531de1d?s=96&d=mm&r=g\",\"contentUrl\":\"https:\/\/secure.gravatar.com\/avatar\/2d6b802f7720c2ec7744dcbe608cc2f3417aeb964d58b443c6d612b77531de1d?s=96&d=mm&r=g\",\"caption\":\"Gregory Quintana Montiel\"},\"description\":\"Licenciatura en Ciencias de la Comunicaci\u00f3n Social, egresado en la Especializaci\u00f3n Derecho Ambiental Desarrollo Sostenible y Sustentable, Miembro de la Comunidad de profesionales y experto para Latinoam\u00e9rica y el Caribe en Gesti\u00f3n por Resultado en el Desarrollo (COPLAC - GpRD) del Banco Interamericano de Desarrollo, experiencia en medios radiales y escritos.\",\"sameAs\":[\"https:\/\/x.com\/gdgregori1\",\"gquintana\"],\"url\":\"https:\/\/noti-america.com\/site\/ecuador\/author\/gquintana\/\"}]}<\/script>\n<!-- \/ Yoast SEO Premium plugin. -->","yoast_head_json":{"title":"Servicio Especializado de Protecci\u00f3n Especial (SEPE) Guayas imparte charla contra violencia familiar a obreros - Ecuador | Noti-America.com","robots":{"index":"index","follow":"follow","max-snippet":"max-snippet:-1","max-image-preview":"max-image-preview:large","max-video-preview":"max-video-preview:-1"},"canonical":"https:\/\/noti-america.com\/site\/ecuador\/2019\/02\/27\/servicio-especializado-de-proteccion-especial-sepe-guayas-imparte-charla-contra-violencia-familiar-a-obreros\/","og_locale":"es_ES","og_type":"article","og_title":"Servicio Especializado de Protecci\u00f3n Especial (SEPE) Guayas imparte charla contra violencia familiar a obreros","og_description":"REDACCI\u00d3N NOTI-AM\u00c9RICA (ECUADOR) Los funcionarios del Servicio Especializado de Protecci\u00f3n Especial (SEPE) Guayas impartieron una charla sobre \u00a0\u201cViolencia Intrafamiliar\u201d dirigida al personal obrero y administrativo de AGRISON S.A., \u00a0compa\u00f1\u00eda dedicada al negocio del cacao.&#46;&#46;&#46;","og_url":"https:\/\/noti-america.com\/site\/ecuador\/2019\/02\/27\/servicio-especializado-de-proteccion-especial-sepe-guayas-imparte-charla-contra-violencia-familiar-a-obreros\/","og_site_name":"Ecuador | Noti-America.com","article_published_time":"2019-02-27T23:04:23+00:00","og_image":[{"width":1280,"height":960,"url":"https:\/\/noti-america.com\/site\/ecuador\/wp-content\/uploads\/sites\/18\/2019\/02\/SEPE-Guayas-imparte-charla-contra-violencia-familiar.jpg","type":"image\/jpeg"}],"author":"Gregory Quintana Montiel","twitter_card":"summary_large_image","twitter_creator":"@gdgregori1","twitter_site":"@notiamerica","twitter_misc":{"Escrito por":"Gregory Quintana Montiel","Tiempo estimado de lectura":"2 minutos"},"schema":{"@context":"https:\/\/schema.org","@graph":[{"@type":"Article","@id":"https:\/\/noti-america.com\/site\/ecuador\/2019\/02\/27\/servicio-especializado-de-proteccion-especial-sepe-guayas-imparte-charla-contra-violencia-familiar-a-obreros\/#article","isPartOf":{"@id":"https:\/\/noti-america.com\/site\/ecuador\/2019\/02\/27\/servicio-especializado-de-proteccion-especial-sepe-guayas-imparte-charla-contra-violencia-familiar-a-obreros\/"},"author":{"name":"Gregory Quintana Montiel","@id":"https:\/\/noti-america.com\/site\/ecuador\/#\/schema\/person\/3b975e42f15abfe64bfe3abdd916efda"},"headline":"Servicio Especializado de Protecci\u00f3n Especial (SEPE) Guayas imparte charla contra violencia familiar a obreros","datePublished":"2019-02-27T23:04:23+00:00","mainEntityOfPage":{"@id":"https:\/\/noti-america.com\/site\/ecuador\/2019\/02\/27\/servicio-especializado-de-proteccion-especial-sepe-guayas-imparte-charla-contra-violencia-familiar-a-obreros\/"},"wordCount":326,"commentCount":0,"publisher":{"@id":"https:\/\/noti-america.com\/site\/ecuador\/#organization"},"image":{"@id":"https:\/\/noti-america.com\/site\/ecuador\/2019\/02\/27\/servicio-especializado-de-proteccion-especial-sepe-guayas-imparte-charla-contra-violencia-familiar-a-obreros\/#primaryimage"},"thumbnailUrl":"https:\/\/noti-america.com\/site\/ecuador\/wp-content\/uploads\/sites\/18\/2019\/02\/SEPE-Guayas-imparte-charla-contra-violencia-familiar.jpg","articleSection":["Educaci\u00f3n"],"inLanguage":"es","potentialAction":[{"@type":"CommentAction","name":"Comment","target":["https:\/\/noti-america.com\/site\/ecuador\/2019\/02\/27\/servicio-especializado-de-proteccion-especial-sepe-guayas-imparte-charla-contra-violencia-familiar-a-obreros\/#respond"]}]},{"@type":"WebPage","@id":"https:\/\/noti-america.com\/site\/ecuador\/2019\/02\/27\/servicio-especializado-de-proteccion-especial-sepe-guayas-imparte-charla-contra-violencia-familiar-a-obreros\/","url":"https:\/\/noti-america.com\/site\/ecuador\/2019\/02\/27\/servicio-especializado-de-proteccion-especial-sepe-guayas-imparte-charla-contra-violencia-familiar-a-obreros\/","name":"Servicio Especializado de Protecci\u00f3n Especial (SEPE) Guayas imparte charla contra violencia familiar a obreros - Ecuador | Noti-America.com","isPartOf":{"@id":"https:\/\/noti-america.com\/site\/ecuador\/#website"},"primaryImageOfPage":{"@id":"https:\/\/noti-america.com\/site\/ecuador\/2019\/02\/27\/servicio-especializado-de-proteccion-especial-sepe-guayas-imparte-charla-contra-violencia-familiar-a-obreros\/#primaryimage"},"image":{"@id":"https:\/\/noti-america.com\/site\/ecuador\/2019\/02\/27\/servicio-especializado-de-proteccion-especial-sepe-guayas-imparte-charla-contra-violencia-familiar-a-obreros\/#primaryimage"},"thumbnailUrl":"https:\/\/noti-america.com\/site\/ecuador\/wp-content\/uploads\/sites\/18\/2019\/02\/SEPE-Guayas-imparte-charla-contra-violencia-familiar.jpg","datePublished":"2019-02-27T23:04:23+00:00","breadcrumb":{"@id":"https:\/\/noti-america.com\/site\/ecuador\/2019\/02\/27\/servicio-especializado-de-proteccion-especial-sepe-guayas-imparte-charla-contra-violencia-familiar-a-obreros\/#breadcrumb"},"inLanguage":"es","potentialAction":[{"@type":"ReadAction","target":["https:\/\/noti-america.com\/site\/ecuador\/2019\/02\/27\/servicio-especializado-de-proteccion-especial-sepe-guayas-imparte-charla-contra-violencia-familiar-a-obreros\/"]}]},{"@type":"ImageObject","inLanguage":"es","@id":"https:\/\/noti-america.com\/site\/ecuador\/2019\/02\/27\/servicio-especializado-de-proteccion-especial-sepe-guayas-imparte-charla-contra-violencia-familiar-a-obreros\/#primaryimage","url":"https:\/\/noti-america.com\/site\/ecuador\/wp-content\/uploads\/sites\/18\/2019\/02\/SEPE-Guayas-imparte-charla-contra-violencia-familiar.jpg","contentUrl":"https:\/\/noti-america.com\/site\/ecuador\/wp-content\/uploads\/sites\/18\/2019\/02\/SEPE-Guayas-imparte-charla-contra-violencia-familiar.jpg","width":1280,"height":960,"caption":"La charla fue impartida por los psic\u00f3logos del SEPE Karen Villacr\u00e9s y Luis Javier C\u00f3rdova,"},{"@type":"BreadcrumbList","@id":"https:\/\/noti-america.com\/site\/ecuador\/2019\/02\/27\/servicio-especializado-de-proteccion-especial-sepe-guayas-imparte-charla-contra-violencia-familiar-a-obreros\/#breadcrumb","itemListElement":[{"@type":"ListItem","position":1,"name":"Portada","item":"https:\/\/noti-america.com\/site\/ecuador\/"},{"@type":"ListItem","position":2,"name":"Servicio Especializado de Protecci\u00f3n Especial (SEPE) Guayas imparte charla contra violencia familiar a obreros"}]},{"@type":"WebSite","@id":"https:\/\/noti-america.com\/site\/ecuador\/#website","url":"https:\/\/noti-america.com\/site\/ecuador\/","name":"Ecuador | Noti-America.com","description":"","publisher":{"@id":"https:\/\/noti-america.com\/site\/ecuador\/#organization"},"potentialAction":[{"@type":"SearchAction","target":{"@type":"EntryPoint","urlTemplate":"https:\/\/noti-america.com\/site\/ecuador\/?s={search_term_string}"},"query-input":{"@type":"PropertyValueSpecification","valueRequired":true,"valueName":"search_term_string"}}],"inLanguage":"es"},{"@type":"Organization","@id":"https:\/\/noti-america.com\/site\/ecuador\/#organization","name":"Noti-America LLC | Ecuador","url":"https:\/\/noti-america.com\/site\/ecuador\/","logo":{"@type":"ImageObject","inLanguage":"es","@id":"https:\/\/noti-america.com\/site\/ecuador\/#\/schema\/logo\/image\/","url":"https:\/\/noti-america.com\/site\/ecuador\/wp-content\/uploads\/sites\/18\/2020\/07\/LogoNA-4x3-1.jpg","contentUrl":"https:\/\/noti-america.com\/site\/ecuador\/wp-content\/uploads\/sites\/18\/2020\/07\/LogoNA-4x3-1.jpg","width":1236,"height":1080,"caption":"Noti-America LLC | Ecuador"},"image":{"@id":"https:\/\/noti-america.com\/site\/ecuador\/#\/schema\/logo\/image\/"},"sameAs":["https:\/\/x.com\/notiamerica"]},{"@type":"Person","@id":"https:\/\/noti-america.com\/site\/ecuador\/#\/schema\/person\/3b975e42f15abfe64bfe3abdd916efda","name":"Gregory Quintana Montiel","image":{"@type":"ImageObject","inLanguage":"es","@id":"https:\/\/secure.gravatar.com\/avatar\/2d6b802f7720c2ec7744dcbe608cc2f3417aeb964d58b443c6d612b77531de1d?s=96&d=mm&r=g","url":"https:\/\/secure.gravatar.com\/avatar\/2d6b802f7720c2ec7744dcbe608cc2f3417aeb964d58b443c6d612b77531de1d?s=96&d=mm&r=g","contentUrl":"https:\/\/secure.gravatar.com\/avatar\/2d6b802f7720c2ec7744dcbe608cc2f3417aeb964d58b443c6d612b77531de1d?s=96&d=mm&r=g","caption":"Gregory Quintana Montiel"},"description":"Licenciatura en Ciencias de la Comunicaci\u00f3n Social, egresado en la Especializaci\u00f3n Derecho Ambiental Desarrollo Sostenible y Sustentable, Miembro de la Comunidad de profesionales y experto para Latinoam\u00e9rica y el Caribe en Gesti\u00f3n por Resultado en el Desarrollo (COPLAC - GpRD) del Banco Interamericano de Desarrollo, experiencia en medios radiales y escritos.","sameAs":["https:\/\/x.com\/gdgregori1","gquintana"],"url":"https:\/\/noti-america.com\/site\/ecuador\/author\/gquintana\/"}]}},"_links":{"self":[{"href":"https:\/\/noti-america.com\/site\/ecuador\/wp-json\/wp\/v2\/posts\/3485","targetHints":{"allow":["GET"]}}],"collection":[{"href":"https:\/\/noti-america.com\/site\/ecuador\/wp-json\/wp\/v2\/posts"}],"about":[{"href":"https:\/\/noti-america.com\/site\/ecuador\/wp-json\/wp\/v2\/types\/post"}],"author":[{"embeddable":true,"href":"https:\/\/noti-america.com\/site\/ecuador\/wp-json\/wp\/v2\/users\/17"}],"replies":[{"embeddable":true,"href":"https:\/\/noti-america.com\/site\/ecuador\/wp-json\/wp\/v2\/comments?post=3485"}],"version-history":[{"count":1,"href":"https:\/\/noti-america.com\/site\/ecuador\/wp-json\/wp\/v2\/posts\/3485\/revisions"}],"predecessor-version":[{"id":3487,"href":"https:\/\/noti-america.com\/site\/ecuador\/wp-json\/wp\/v2\/posts\/3485\/revisions\/3487"}],"wp:featuredmedia":[{"embeddable":true,"href":"https:\/\/noti-america.com\/site\/ecuador\/wp-json\/wp\/v2\/media\/3486"}],"wp:attachment":[{"href":"https:\/\/noti-america.com\/site\/ecuador\/wp-json\/wp\/v2\/media?parent=3485"}],"wp:term":[{"taxonomy":"category","embeddable":true,"href":"https:\/\/noti-america.com\/site\/ecuador\/wp-json\/wp\/v2\/categories?post=3485"},{"taxonomy":"post_tag","embeddable":true,"href":"https:\/\/noti-america.com\/site\/ecuador\/wp-json\/wp\/v2\/tags?post=3485"}],"curies":[{"name":"wp","href":"https:\/\/api.w.org\/{rel}","templated":true}]}}