{"id":34812,"date":"2025-05-15T23:16:33","date_gmt":"2025-05-15T23:16:33","guid":{"rendered":"https:\/\/noti-america.com\/site\/ecuador\/?p=34812"},"modified":"2025-05-15T23:16:33","modified_gmt":"2025-05-15T23:16:33","slug":"tatiana-coronel-asumio-la-vicealcaldia-de-guayaquil","status":"publish","type":"post","link":"https:\/\/noti-america.com\/site\/ecuador\/2025\/05\/15\/tatiana-coronel-asumio-la-vicealcaldia-de-guayaquil\/","title":{"rendered":"Tatiana Coronel asumi\u00f3 la Vicealcald\u00eda de Guayaquil"},"content":{"rendered":"<p><strong>NOTI-AMERICA.COM | ECUADOR.<\/strong><\/p>\n<p style=\"text-align: justify\"><img loading=\"lazy\" decoding=\"async\" class=\"size-medium wp-image-34813 aligncenter\" src=\"https:\/\/noti-america.com\/site\/ecuador\/wp-content\/uploads\/sites\/18\/2025\/05\/XX5WNZEXPJAAPH5R5AKNJRZHMU-300x200.jpg\" alt=\"\" width=\"300\" height=\"200\" srcset=\"https:\/\/noti-america.com\/site\/ecuador\/wp-content\/uploads\/sites\/18\/2025\/05\/XX5WNZEXPJAAPH5R5AKNJRZHMU-300x200.jpg 300w, https:\/\/noti-america.com\/site\/ecuador\/wp-content\/uploads\/sites\/18\/2025\/05\/XX5WNZEXPJAAPH5R5AKNJRZHMU-768x512.jpg 768w, https:\/\/noti-america.com\/site\/ecuador\/wp-content\/uploads\/sites\/18\/2025\/05\/XX5WNZEXPJAAPH5R5AKNJRZHMU-272x182.jpg 272w, https:\/\/noti-america.com\/site\/ecuador\/wp-content\/uploads\/sites\/18\/2025\/05\/XX5WNZEXPJAAPH5R5AKNJRZHMU.jpg 1005w\" sizes=\"auto, (max-width: 300px) 100vw, 300px\" \/>Tatiana Coronel, concejala del Municipio de Guayaquil por el movimiento RETO, af\u00edn al alcalde Aquiles Alvarez, fue elegida este jueves 15 de mayo como nueva Vicealcaldesa de la ciudad para el periodo 2025\u20132027.<\/p>\n<p style=\"text-align: justify\">La designaci\u00f3n se dio con el respaldo mayoritario del Concejo Cantonal: 12 votos a favor, dos abstenciones y un voto en contra.<\/p>\n<p style=\"text-align: justify\">Coronel, es economista de profesi\u00f3n y reemplaz\u00f3 a Blanca L\u00f3pez, del movimiento Revoluci\u00f3n Ciudadana, quien ocup\u00f3 el cargo durante los \u00faltimos dos a\u00f1os. Es concejala desde octubre de 2024, cuando asumi\u00f3 el cargo en reemplazo del actual legislador Ra\u00fal Ch\u00e1vez.<\/p>\n<p style=\"text-align: justify\">Por su parte, el alcalde de Guayaquil, Aquiles \u00c1lvarez, felicit\u00f3 a la nueva vicealcaldesa. \u00abSu compromiso con la ciudad y su experiencia en proyectos de vinculaci\u00f3n comunitaria ser\u00e1n clave para seguir construyendo una Guayaquil m\u00e1s justa e inclusiva\u00bb, escribi\u00f3 en su cuenta en X.<\/p>\n<p style=\"text-align: justify\">Un vicealcalde es elegido para dos a\u00f1os. Seg\u00fan el art\u00edculo 61 del C\u00f3digo Org\u00e1nico De Organizaci\u00f3n Territorial, Autonom\u00eda y Descentralizaci\u00f3n (Cootad), el vicealcalde es la segunda autoridad dentro de un Municipio, no pierde su condici\u00f3n de concejal y reemplaza al alcalde cuando este se ausenta. Adem\u00e1s debe cumplir con las funciones encomendadas por el regidor.<\/p>\n","protected":false},"excerpt":{"rendered":"<p>NOTI-AMERICA.COM | ECUADOR. Tatiana Coronel, concejala del Municipio de Guayaquil por el movimiento RETO, af\u00edn al alcalde Aquiles Alvarez, fue elegida este jueves 15 de mayo como nueva Vicealcaldesa de la ciudad para el&#46;&#46;&#46;<\/p>\n","protected":false},"author":144,"featured_media":34813,"comment_status":"open","ping_status":"open","sticky":false,"template":"","format":"standard","meta":{"_acf_changed":false,"om_disable_all_campaigns":false,"rop_custom_images_group":[],"rop_custom_messages_group":[],"rop_publish_now":"initial","rop_publish_now_accounts":{"twitter_242054905_242054905":""},"rop_publish_now_history":[],"rop_publish_now_status":"pending","_uf_show_specific_survey":0,"_uf_disable_surveys":false,"footnotes":""},"categories":[125],"tags":[],"class_list":["post-34812","post","type-post","status-publish","format-standard","has-post-thumbnail","hentry","category-actualidad"],"acf":[],"aioseo_notices":[],"yoast_head":"<!-- This site is optimized with the Yoast SEO Premium plugin v24.9 (Yoast SEO v27.2) - https:\/\/yoast.com\/product\/yoast-seo-premium-wordpress\/ -->\n<title>Tatiana Coronel asumi\u00f3 la Vicealcald\u00eda de Guayaquil - Ecuador | Noti-America.com<\/title>\n<meta name=\"robots\" content=\"index, follow, max-snippet:-1, max-image-preview:large, max-video-preview:-1\" \/>\n<link rel=\"canonical\" href=\"https:\/\/noti-america.com\/site\/ecuador\/2025\/05\/15\/tatiana-coronel-asumio-la-vicealcaldia-de-guayaquil\/\" \/>\n<meta property=\"og:locale\" content=\"es_ES\" \/>\n<meta property=\"og:type\" content=\"article\" \/>\n<meta property=\"og:title\" content=\"Tatiana Coronel asumi\u00f3 la Vicealcald\u00eda de Guayaquil\" \/>\n<meta property=\"og:description\" content=\"NOTI-AMERICA.COM | ECUADOR. Tatiana Coronel, concejala del Municipio de Guayaquil por el movimiento RETO, af\u00edn al alcalde Aquiles Alvarez, fue elegida este jueves 15 de mayo como nueva Vicealcaldesa de la ciudad para el&#046;&#046;&#046;\" \/>\n<meta property=\"og:url\" content=\"https:\/\/noti-america.com\/site\/ecuador\/2025\/05\/15\/tatiana-coronel-asumio-la-vicealcaldia-de-guayaquil\/\" \/>\n<meta property=\"og:site_name\" content=\"Ecuador | Noti-America.com\" \/>\n<meta property=\"article:published_time\" content=\"2025-05-15T23:16:33+00:00\" \/>\n<meta property=\"og:image\" content=\"https:\/\/noti-america.com\/site\/ecuador\/wp-content\/uploads\/sites\/18\/2025\/05\/XX5WNZEXPJAAPH5R5AKNJRZHMU.jpg\" \/>\n\t<meta property=\"og:image:width\" content=\"1005\" \/>\n\t<meta property=\"og:image:height\" content=\"670\" \/>\n\t<meta property=\"og:image:type\" content=\"image\/jpeg\" \/>\n<meta name=\"author\" content=\"Henry Garrido\" \/>\n<meta name=\"twitter:card\" content=\"summary_large_image\" \/>\n<meta name=\"twitter:creator\" content=\"@notiamerica\" \/>\n<meta name=\"twitter:site\" content=\"@notiamerica\" \/>\n<meta name=\"twitter:label1\" content=\"Escrito por\" \/>\n\t<meta name=\"twitter:data1\" content=\"Henry Garrido\" \/>\n\t<meta name=\"twitter:label2\" content=\"Tiempo estimado de lectura\" \/>\n\t<meta name=\"twitter:data2\" content=\"2 minutos\" \/>\n<script type=\"application\/ld+json\" class=\"yoast-schema-graph\">{\"@context\":\"https:\/\/schema.org\",\"@graph\":[{\"@type\":\"Article\",\"@id\":\"https:\/\/noti-america.com\/site\/ecuador\/2025\/05\/15\/tatiana-coronel-asumio-la-vicealcaldia-de-guayaquil\/#article\",\"isPartOf\":{\"@id\":\"https:\/\/noti-america.com\/site\/ecuador\/2025\/05\/15\/tatiana-coronel-asumio-la-vicealcaldia-de-guayaquil\/\"},\"author\":{\"name\":\"Henry Garrido\",\"@id\":\"https:\/\/noti-america.com\/site\/ecuador\/#\/schema\/person\/00042412cfa9ecf98077f847ffadda4a\"},\"headline\":\"Tatiana Coronel asumi\u00f3 la Vicealcald\u00eda de Guayaquil\",\"datePublished\":\"2025-05-15T23:16:33+00:00\",\"mainEntityOfPage\":{\"@id\":\"https:\/\/noti-america.com\/site\/ecuador\/2025\/05\/15\/tatiana-coronel-asumio-la-vicealcaldia-de-guayaquil\/\"},\"wordCount\":221,\"commentCount\":0,\"publisher\":{\"@id\":\"https:\/\/noti-america.com\/site\/ecuador\/#organization\"},\"image\":{\"@id\":\"https:\/\/noti-america.com\/site\/ecuador\/2025\/05\/15\/tatiana-coronel-asumio-la-vicealcaldia-de-guayaquil\/#primaryimage\"},\"thumbnailUrl\":\"https:\/\/noti-america.com\/site\/ecuador\/wp-content\/uploads\/sites\/18\/2025\/05\/XX5WNZEXPJAAPH5R5AKNJRZHMU.jpg\",\"articleSection\":[\"Actualidad\"],\"inLanguage\":\"es\",\"potentialAction\":[{\"@type\":\"CommentAction\",\"name\":\"Comment\",\"target\":[\"https:\/\/noti-america.com\/site\/ecuador\/2025\/05\/15\/tatiana-coronel-asumio-la-vicealcaldia-de-guayaquil\/#respond\"]}]},{\"@type\":\"WebPage\",\"@id\":\"https:\/\/noti-america.com\/site\/ecuador\/2025\/05\/15\/tatiana-coronel-asumio-la-vicealcaldia-de-guayaquil\/\",\"url\":\"https:\/\/noti-america.com\/site\/ecuador\/2025\/05\/15\/tatiana-coronel-asumio-la-vicealcaldia-de-guayaquil\/\",\"name\":\"Tatiana Coronel asumi\u00f3 la Vicealcald\u00eda de Guayaquil - Ecuador | Noti-America.com\",\"isPartOf\":{\"@id\":\"https:\/\/noti-america.com\/site\/ecuador\/#website\"},\"primaryImageOfPage\":{\"@id\":\"https:\/\/noti-america.com\/site\/ecuador\/2025\/05\/15\/tatiana-coronel-asumio-la-vicealcaldia-de-guayaquil\/#primaryimage\"},\"image\":{\"@id\":\"https:\/\/noti-america.com\/site\/ecuador\/2025\/05\/15\/tatiana-coronel-asumio-la-vicealcaldia-de-guayaquil\/#primaryimage\"},\"thumbnailUrl\":\"https:\/\/noti-america.com\/site\/ecuador\/wp-content\/uploads\/sites\/18\/2025\/05\/XX5WNZEXPJAAPH5R5AKNJRZHMU.jpg\",\"datePublished\":\"2025-05-15T23:16:33+00:00\",\"breadcrumb\":{\"@id\":\"https:\/\/noti-america.com\/site\/ecuador\/2025\/05\/15\/tatiana-coronel-asumio-la-vicealcaldia-de-guayaquil\/#breadcrumb\"},\"inLanguage\":\"es\",\"potentialAction\":[{\"@type\":\"ReadAction\",\"target\":[\"https:\/\/noti-america.com\/site\/ecuador\/2025\/05\/15\/tatiana-coronel-asumio-la-vicealcaldia-de-guayaquil\/\"]}]},{\"@type\":\"ImageObject\",\"inLanguage\":\"es\",\"@id\":\"https:\/\/noti-america.com\/site\/ecuador\/2025\/05\/15\/tatiana-coronel-asumio-la-vicealcaldia-de-guayaquil\/#primaryimage\",\"url\":\"https:\/\/noti-america.com\/site\/ecuador\/wp-content\/uploads\/sites\/18\/2025\/05\/XX5WNZEXPJAAPH5R5AKNJRZHMU.jpg\",\"contentUrl\":\"https:\/\/noti-america.com\/site\/ecuador\/wp-content\/uploads\/sites\/18\/2025\/05\/XX5WNZEXPJAAPH5R5AKNJRZHMU.jpg\",\"width\":1005,\"height\":670},{\"@type\":\"BreadcrumbList\",\"@id\":\"https:\/\/noti-america.com\/site\/ecuador\/2025\/05\/15\/tatiana-coronel-asumio-la-vicealcaldia-de-guayaquil\/#breadcrumb\",\"itemListElement\":[{\"@type\":\"ListItem\",\"position\":1,\"name\":\"Portada\",\"item\":\"https:\/\/noti-america.com\/site\/ecuador\/\"},{\"@type\":\"ListItem\",\"position\":2,\"name\":\"Tatiana Coronel asumi\u00f3 la Vicealcald\u00eda de Guayaquil\"}]},{\"@type\":\"WebSite\",\"@id\":\"https:\/\/noti-america.com\/site\/ecuador\/#website\",\"url\":\"https:\/\/noti-america.com\/site\/ecuador\/\",\"name\":\"Ecuador | Noti-America.com\",\"description\":\"\",\"publisher\":{\"@id\":\"https:\/\/noti-america.com\/site\/ecuador\/#organization\"},\"potentialAction\":[{\"@type\":\"SearchAction\",\"target\":{\"@type\":\"EntryPoint\",\"urlTemplate\":\"https:\/\/noti-america.com\/site\/ecuador\/?s={search_term_string}\"},\"query-input\":{\"@type\":\"PropertyValueSpecification\",\"valueRequired\":true,\"valueName\":\"search_term_string\"}}],\"inLanguage\":\"es\"},{\"@type\":\"Organization\",\"@id\":\"https:\/\/noti-america.com\/site\/ecuador\/#organization\",\"name\":\"Noti-America LLC | Ecuador\",\"url\":\"https:\/\/noti-america.com\/site\/ecuador\/\",\"logo\":{\"@type\":\"ImageObject\",\"inLanguage\":\"es\",\"@id\":\"https:\/\/noti-america.com\/site\/ecuador\/#\/schema\/logo\/image\/\",\"url\":\"https:\/\/noti-america.com\/site\/ecuador\/wp-content\/uploads\/sites\/18\/2020\/07\/LogoNA-4x3-1.jpg\",\"contentUrl\":\"https:\/\/noti-america.com\/site\/ecuador\/wp-content\/uploads\/sites\/18\/2020\/07\/LogoNA-4x3-1.jpg\",\"width\":1236,\"height\":1080,\"caption\":\"Noti-America LLC | Ecuador\"},\"image\":{\"@id\":\"https:\/\/noti-america.com\/site\/ecuador\/#\/schema\/logo\/image\/\"},\"sameAs\":[\"https:\/\/x.com\/notiamerica\"]},{\"@type\":\"Person\",\"@id\":\"https:\/\/noti-america.com\/site\/ecuador\/#\/schema\/person\/00042412cfa9ecf98077f847ffadda4a\",\"name\":\"Henry Garrido\",\"image\":{\"@type\":\"ImageObject\",\"inLanguage\":\"es\",\"@id\":\"https:\/\/secure.gravatar.com\/avatar\/749ae5a1e6f22cf042f04b9f3f0a22732ae36970ccfd5c54a0a2ac3c4e1166ed?s=96&d=mm&r=g\",\"url\":\"https:\/\/secure.gravatar.com\/avatar\/749ae5a1e6f22cf042f04b9f3f0a22732ae36970ccfd5c54a0a2ac3c4e1166ed?s=96&d=mm&r=g\",\"contentUrl\":\"https:\/\/secure.gravatar.com\/avatar\/749ae5a1e6f22cf042f04b9f3f0a22732ae36970ccfd5c54a0a2ac3c4e1166ed?s=96&d=mm&r=g\",\"caption\":\"Henry Garrido\"},\"url\":\"https:\/\/noti-america.com\/site\/ecuador\/author\/hgarrido\/\"}]}<\/script>\n<!-- \/ Yoast SEO Premium plugin. -->","yoast_head_json":{"title":"Tatiana Coronel asumi\u00f3 la Vicealcald\u00eda de Guayaquil - Ecuador | Noti-America.com","robots":{"index":"index","follow":"follow","max-snippet":"max-snippet:-1","max-image-preview":"max-image-preview:large","max-video-preview":"max-video-preview:-1"},"canonical":"https:\/\/noti-america.com\/site\/ecuador\/2025\/05\/15\/tatiana-coronel-asumio-la-vicealcaldia-de-guayaquil\/","og_locale":"es_ES","og_type":"article","og_title":"Tatiana Coronel asumi\u00f3 la Vicealcald\u00eda de Guayaquil","og_description":"NOTI-AMERICA.COM | ECUADOR. Tatiana Coronel, concejala del Municipio de Guayaquil por el movimiento RETO, af\u00edn al alcalde Aquiles Alvarez, fue elegida este jueves 15 de mayo como nueva Vicealcaldesa de la ciudad para el&#46;&#46;&#46;","og_url":"https:\/\/noti-america.com\/site\/ecuador\/2025\/05\/15\/tatiana-coronel-asumio-la-vicealcaldia-de-guayaquil\/","og_site_name":"Ecuador | Noti-America.com","article_published_time":"2025-05-15T23:16:33+00:00","og_image":[{"width":1005,"height":670,"url":"https:\/\/noti-america.com\/site\/ecuador\/wp-content\/uploads\/sites\/18\/2025\/05\/XX5WNZEXPJAAPH5R5AKNJRZHMU.jpg","type":"image\/jpeg"}],"author":"Henry Garrido","twitter_card":"summary_large_image","twitter_creator":"@notiamerica","twitter_site":"@notiamerica","twitter_misc":{"Escrito por":"Henry Garrido","Tiempo estimado de lectura":"2 minutos"},"schema":{"@context":"https:\/\/schema.org","@graph":[{"@type":"Article","@id":"https:\/\/noti-america.com\/site\/ecuador\/2025\/05\/15\/tatiana-coronel-asumio-la-vicealcaldia-de-guayaquil\/#article","isPartOf":{"@id":"https:\/\/noti-america.com\/site\/ecuador\/2025\/05\/15\/tatiana-coronel-asumio-la-vicealcaldia-de-guayaquil\/"},"author":{"name":"Henry Garrido","@id":"https:\/\/noti-america.com\/site\/ecuador\/#\/schema\/person\/00042412cfa9ecf98077f847ffadda4a"},"headline":"Tatiana Coronel asumi\u00f3 la Vicealcald\u00eda de Guayaquil","datePublished":"2025-05-15T23:16:33+00:00","mainEntityOfPage":{"@id":"https:\/\/noti-america.com\/site\/ecuador\/2025\/05\/15\/tatiana-coronel-asumio-la-vicealcaldia-de-guayaquil\/"},"wordCount":221,"commentCount":0,"publisher":{"@id":"https:\/\/noti-america.com\/site\/ecuador\/#organization"},"image":{"@id":"https:\/\/noti-america.com\/site\/ecuador\/2025\/05\/15\/tatiana-coronel-asumio-la-vicealcaldia-de-guayaquil\/#primaryimage"},"thumbnailUrl":"https:\/\/noti-america.com\/site\/ecuador\/wp-content\/uploads\/sites\/18\/2025\/05\/XX5WNZEXPJAAPH5R5AKNJRZHMU.jpg","articleSection":["Actualidad"],"inLanguage":"es","potentialAction":[{"@type":"CommentAction","name":"Comment","target":["https:\/\/noti-america.com\/site\/ecuador\/2025\/05\/15\/tatiana-coronel-asumio-la-vicealcaldia-de-guayaquil\/#respond"]}]},{"@type":"WebPage","@id":"https:\/\/noti-america.com\/site\/ecuador\/2025\/05\/15\/tatiana-coronel-asumio-la-vicealcaldia-de-guayaquil\/","url":"https:\/\/noti-america.com\/site\/ecuador\/2025\/05\/15\/tatiana-coronel-asumio-la-vicealcaldia-de-guayaquil\/","name":"Tatiana Coronel asumi\u00f3 la Vicealcald\u00eda de Guayaquil - Ecuador | Noti-America.com","isPartOf":{"@id":"https:\/\/noti-america.com\/site\/ecuador\/#website"},"primaryImageOfPage":{"@id":"https:\/\/noti-america.com\/site\/ecuador\/2025\/05\/15\/tatiana-coronel-asumio-la-vicealcaldia-de-guayaquil\/#primaryimage"},"image":{"@id":"https:\/\/noti-america.com\/site\/ecuador\/2025\/05\/15\/tatiana-coronel-asumio-la-vicealcaldia-de-guayaquil\/#primaryimage"},"thumbnailUrl":"https:\/\/noti-america.com\/site\/ecuador\/wp-content\/uploads\/sites\/18\/2025\/05\/XX5WNZEXPJAAPH5R5AKNJRZHMU.jpg","datePublished":"2025-05-15T23:16:33+00:00","breadcrumb":{"@id":"https:\/\/noti-america.com\/site\/ecuador\/2025\/05\/15\/tatiana-coronel-asumio-la-vicealcaldia-de-guayaquil\/#breadcrumb"},"inLanguage":"es","potentialAction":[{"@type":"ReadAction","target":["https:\/\/noti-america.com\/site\/ecuador\/2025\/05\/15\/tatiana-coronel-asumio-la-vicealcaldia-de-guayaquil\/"]}]},{"@type":"ImageObject","inLanguage":"es","@id":"https:\/\/noti-america.com\/site\/ecuador\/2025\/05\/15\/tatiana-coronel-asumio-la-vicealcaldia-de-guayaquil\/#primaryimage","url":"https:\/\/noti-america.com\/site\/ecuador\/wp-content\/uploads\/sites\/18\/2025\/05\/XX5WNZEXPJAAPH5R5AKNJRZHMU.jpg","contentUrl":"https:\/\/noti-america.com\/site\/ecuador\/wp-content\/uploads\/sites\/18\/2025\/05\/XX5WNZEXPJAAPH5R5AKNJRZHMU.jpg","width":1005,"height":670},{"@type":"BreadcrumbList","@id":"https:\/\/noti-america.com\/site\/ecuador\/2025\/05\/15\/tatiana-coronel-asumio-la-vicealcaldia-de-guayaquil\/#breadcrumb","itemListElement":[{"@type":"ListItem","position":1,"name":"Portada","item":"https:\/\/noti-america.com\/site\/ecuador\/"},{"@type":"ListItem","position":2,"name":"Tatiana Coronel asumi\u00f3 la Vicealcald\u00eda de Guayaquil"}]},{"@type":"WebSite","@id":"https:\/\/noti-america.com\/site\/ecuador\/#website","url":"https:\/\/noti-america.com\/site\/ecuador\/","name":"Ecuador | Noti-America.com","description":"","publisher":{"@id":"https:\/\/noti-america.com\/site\/ecuador\/#organization"},"potentialAction":[{"@type":"SearchAction","target":{"@type":"EntryPoint","urlTemplate":"https:\/\/noti-america.com\/site\/ecuador\/?s={search_term_string}"},"query-input":{"@type":"PropertyValueSpecification","valueRequired":true,"valueName":"search_term_string"}}],"inLanguage":"es"},{"@type":"Organization","@id":"https:\/\/noti-america.com\/site\/ecuador\/#organization","name":"Noti-America LLC | Ecuador","url":"https:\/\/noti-america.com\/site\/ecuador\/","logo":{"@type":"ImageObject","inLanguage":"es","@id":"https:\/\/noti-america.com\/site\/ecuador\/#\/schema\/logo\/image\/","url":"https:\/\/noti-america.com\/site\/ecuador\/wp-content\/uploads\/sites\/18\/2020\/07\/LogoNA-4x3-1.jpg","contentUrl":"https:\/\/noti-america.com\/site\/ecuador\/wp-content\/uploads\/sites\/18\/2020\/07\/LogoNA-4x3-1.jpg","width":1236,"height":1080,"caption":"Noti-America LLC | Ecuador"},"image":{"@id":"https:\/\/noti-america.com\/site\/ecuador\/#\/schema\/logo\/image\/"},"sameAs":["https:\/\/x.com\/notiamerica"]},{"@type":"Person","@id":"https:\/\/noti-america.com\/site\/ecuador\/#\/schema\/person\/00042412cfa9ecf98077f847ffadda4a","name":"Henry Garrido","image":{"@type":"ImageObject","inLanguage":"es","@id":"https:\/\/secure.gravatar.com\/avatar\/749ae5a1e6f22cf042f04b9f3f0a22732ae36970ccfd5c54a0a2ac3c4e1166ed?s=96&d=mm&r=g","url":"https:\/\/secure.gravatar.com\/avatar\/749ae5a1e6f22cf042f04b9f3f0a22732ae36970ccfd5c54a0a2ac3c4e1166ed?s=96&d=mm&r=g","contentUrl":"https:\/\/secure.gravatar.com\/avatar\/749ae5a1e6f22cf042f04b9f3f0a22732ae36970ccfd5c54a0a2ac3c4e1166ed?s=96&d=mm&r=g","caption":"Henry Garrido"},"url":"https:\/\/noti-america.com\/site\/ecuador\/author\/hgarrido\/"}]}},"_links":{"self":[{"href":"https:\/\/noti-america.com\/site\/ecuador\/wp-json\/wp\/v2\/posts\/34812","targetHints":{"allow":["GET"]}}],"collection":[{"href":"https:\/\/noti-america.com\/site\/ecuador\/wp-json\/wp\/v2\/posts"}],"about":[{"href":"https:\/\/noti-america.com\/site\/ecuador\/wp-json\/wp\/v2\/types\/post"}],"author":[{"embeddable":true,"href":"https:\/\/noti-america.com\/site\/ecuador\/wp-json\/wp\/v2\/users\/144"}],"replies":[{"embeddable":true,"href":"https:\/\/noti-america.com\/site\/ecuador\/wp-json\/wp\/v2\/comments?post=34812"}],"version-history":[{"count":1,"href":"https:\/\/noti-america.com\/site\/ecuador\/wp-json\/wp\/v2\/posts\/34812\/revisions"}],"predecessor-version":[{"id":34814,"href":"https:\/\/noti-america.com\/site\/ecuador\/wp-json\/wp\/v2\/posts\/34812\/revisions\/34814"}],"wp:featuredmedia":[{"embeddable":true,"href":"https:\/\/noti-america.com\/site\/ecuador\/wp-json\/wp\/v2\/media\/34813"}],"wp:attachment":[{"href":"https:\/\/noti-america.com\/site\/ecuador\/wp-json\/wp\/v2\/media?parent=34812"}],"wp:term":[{"taxonomy":"category","embeddable":true,"href":"https:\/\/noti-america.com\/site\/ecuador\/wp-json\/wp\/v2\/categories?post=34812"},{"taxonomy":"post_tag","embeddable":true,"href":"https:\/\/noti-america.com\/site\/ecuador\/wp-json\/wp\/v2\/tags?post=34812"}],"curies":[{"name":"wp","href":"https:\/\/api.w.org\/{rel}","templated":true}]}}