{"id":34778,"date":"2025-05-08T03:15:46","date_gmt":"2025-05-08T03:15:46","guid":{"rendered":"https:\/\/noti-america.com\/site\/ecuador\/?p=34778"},"modified":"2025-05-08T03:15:46","modified_gmt":"2025-05-08T03:15:46","slug":"lideres-del-sector-publico-privado-y-academico-definen-plan-de-innovacion-en-ecuador","status":"publish","type":"post","link":"https:\/\/noti-america.com\/site\/ecuador\/2025\/05\/08\/lideres-del-sector-publico-privado-y-academico-definen-plan-de-innovacion-en-ecuador\/","title":{"rendered":"L\u00edderes del sector p\u00fablico, privado y acad\u00e9mico definen plan de innovaci\u00f3n en Ecuador"},"content":{"rendered":"<p><strong>REDACCI\u00d3N NOTI-AM\u00c9RICA (ECUADOR).<\/strong><\/p>\n<p style=\"text-align: justify\"><img loading=\"lazy\" decoding=\"async\" class=\"size-medium wp-image-34779 aligncenter\" src=\"https:\/\/noti-america.com\/site\/ecuador\/wp-content\/uploads\/sites\/18\/2025\/05\/6f9075cc-e8b6-4fa9-818f-5f721e44f865-300x200.jpg\" alt=\"\" width=\"300\" height=\"200\" srcset=\"https:\/\/noti-america.com\/site\/ecuador\/wp-content\/uploads\/sites\/18\/2025\/05\/6f9075cc-e8b6-4fa9-818f-5f721e44f865-300x200.jpg 300w, https:\/\/noti-america.com\/site\/ecuador\/wp-content\/uploads\/sites\/18\/2025\/05\/6f9075cc-e8b6-4fa9-818f-5f721e44f865-1024x682.jpg 1024w, https:\/\/noti-america.com\/site\/ecuador\/wp-content\/uploads\/sites\/18\/2025\/05\/6f9075cc-e8b6-4fa9-818f-5f721e44f865-768x512.jpg 768w, https:\/\/noti-america.com\/site\/ecuador\/wp-content\/uploads\/sites\/18\/2025\/05\/6f9075cc-e8b6-4fa9-818f-5f721e44f865-272x182.jpg 272w, https:\/\/noti-america.com\/site\/ecuador\/wp-content\/uploads\/sites\/18\/2025\/05\/6f9075cc-e8b6-4fa9-818f-5f721e44f865.jpg 1280w\" sizes=\"auto, (max-width: 300px) 100vw, 300px\" \/>En un momento decisivo para el desarrollo del pa\u00eds, en el que se requiere impulsar la colaboraci\u00f3n entre la academia, la industria y el sector p\u00fablico para potenciar sectores estrat\u00e9gicos, la Universidad San Francisco de Quito USFQ, con el respaldo del Ministerio de Producci\u00f3n, presenta <strong>IGNITE Summit 2025. <\/strong>Un evento que marcar\u00e1 un hito en el fortalecimiento del ecosistema de innovaci\u00f3n, al reunir a l\u00edderes empresariales, acad\u00e9micos y gubernamentales para construir el <strong>Plan Nacional de Innovaci\u00f3n Academia-Industria-Gobierno para el 2030<\/strong>.<\/p>\n<p style=\"text-align: justify\">Durante los d\u00edas <strong>5 y 6 de<\/strong><strong> mayo<\/strong>, el campus de la USFQ se convirti\u00f3 en un espacio de reflexi\u00f3n y acci\u00f3n colaborativa, mediante conferencias magistrales, paneles tem\u00e1ticos, talleres especializados y espacios de di\u00e1logo estrat\u00e9gico. M\u00e1s de<strong> 300 participantes<\/strong>, entre empresarios, tomadores de decisi\u00f3n del sector p\u00fablico, inversionistas, investigadores, emprendedores y representantes de centros de innovaci\u00f3n, analizar\u00e1n <strong>ejes tem\u00e1ticos<\/strong> como <strong>biotecnolog\u00eda, tecnolog\u00eda m\u00e9dica, inteligencia artificial, transici\u00f3n energ\u00e9tica,<\/strong> entre otros.<\/p>\n<p style=\"text-align: justify\">En esta edici\u00f3n, IGNITE cont\u00f3 con la participaci\u00f3n de destacados hubs internacionales de innovaci\u00f3n como <strong>Research Triangle Innovate Carolina UNC Chapel Hill (EE.UU.), REDIT Valencia (Espa\u00f1a) y Ruta N (Colombia), <\/strong>quienes compartir\u00e1n experiencias y modelos que han transformado sus respectivos pa\u00edses.<\/p>\n<p style=\"text-align: justify\">As\u00ed, mediante el di\u00e1logo y la cooperaci\u00f3n entre sectores, se logr\u00f3 sentar bases para una nueva etapa de cooperaci\u00f3n estrat\u00e9gica en el pa\u00eds, orientada a responder los desaf\u00edos globales y potenciar la competitividad nacional.<\/p>\n<p style=\"text-align: justify\">\n","protected":false},"excerpt":{"rendered":"<p>REDACCI\u00d3N NOTI-AM\u00c9RICA (ECUADOR). En un momento decisivo para el desarrollo del pa\u00eds, en el que se requiere impulsar la colaboraci\u00f3n entre la academia, la industria y el sector p\u00fablico para potenciar sectores estrat\u00e9gicos, la&#46;&#46;&#46;<\/p>\n","protected":false},"author":144,"featured_media":34779,"comment_status":"open","ping_status":"open","sticky":false,"template":"","format":"standard","meta":{"_acf_changed":false,"om_disable_all_campaigns":false,"rop_custom_images_group":[],"rop_custom_messages_group":[],"rop_publish_now":"initial","rop_publish_now_accounts":{"twitter_242054905_242054905":""},"rop_publish_now_history":[],"rop_publish_now_status":"pending","_uf_show_specific_survey":0,"_uf_disable_surveys":false,"footnotes":""},"categories":[123],"tags":[],"class_list":["post-34778","post","type-post","status-publish","format-standard","has-post-thumbnail","hentry","category-innovacion"],"acf":[],"aioseo_notices":[],"yoast_head":"<!-- This site is optimized with the Yoast SEO Premium plugin v24.9 (Yoast SEO v27.2) - https:\/\/yoast.com\/product\/yoast-seo-premium-wordpress\/ -->\n<title>L\u00edderes del sector p\u00fablico, privado y acad\u00e9mico definen plan de innovaci\u00f3n en Ecuador - Ecuador | Noti-America.com<\/title>\n<meta name=\"robots\" content=\"index, follow, max-snippet:-1, max-image-preview:large, max-video-preview:-1\" \/>\n<link rel=\"canonical\" href=\"https:\/\/noti-america.com\/site\/ecuador\/2025\/05\/08\/lideres-del-sector-publico-privado-y-academico-definen-plan-de-innovacion-en-ecuador\/\" \/>\n<meta property=\"og:locale\" content=\"es_ES\" \/>\n<meta property=\"og:type\" content=\"article\" \/>\n<meta property=\"og:title\" content=\"L\u00edderes del sector p\u00fablico, privado y acad\u00e9mico definen plan de innovaci\u00f3n en Ecuador\" \/>\n<meta property=\"og:description\" content=\"REDACCI\u00d3N NOTI-AM\u00c9RICA (ECUADOR). En un momento decisivo para el desarrollo del pa\u00eds, en el que se requiere impulsar la colaboraci\u00f3n entre la academia, la industria y el sector p\u00fablico para potenciar sectores estrat\u00e9gicos, la&#046;&#046;&#046;\" \/>\n<meta property=\"og:url\" content=\"https:\/\/noti-america.com\/site\/ecuador\/2025\/05\/08\/lideres-del-sector-publico-privado-y-academico-definen-plan-de-innovacion-en-ecuador\/\" \/>\n<meta property=\"og:site_name\" content=\"Ecuador | Noti-America.com\" \/>\n<meta property=\"article:published_time\" content=\"2025-05-08T03:15:46+00:00\" \/>\n<meta property=\"og:image\" content=\"https:\/\/noti-america.com\/site\/ecuador\/wp-content\/uploads\/sites\/18\/2025\/05\/6f9075cc-e8b6-4fa9-818f-5f721e44f865.jpg\" \/>\n\t<meta property=\"og:image:width\" content=\"1280\" \/>\n\t<meta property=\"og:image:height\" content=\"853\" \/>\n\t<meta property=\"og:image:type\" content=\"image\/jpeg\" \/>\n<meta name=\"author\" content=\"Henry Garrido\" \/>\n<meta name=\"twitter:card\" content=\"summary_large_image\" \/>\n<meta name=\"twitter:creator\" content=\"@notiamerica\" \/>\n<meta name=\"twitter:site\" content=\"@notiamerica\" \/>\n<meta name=\"twitter:label1\" content=\"Escrito por\" \/>\n\t<meta name=\"twitter:data1\" content=\"Henry Garrido\" \/>\n\t<meta name=\"twitter:label2\" content=\"Tiempo estimado de lectura\" \/>\n\t<meta name=\"twitter:data2\" content=\"2 minutos\" \/>\n<script type=\"application\/ld+json\" class=\"yoast-schema-graph\">{\"@context\":\"https:\/\/schema.org\",\"@graph\":[{\"@type\":\"Article\",\"@id\":\"https:\/\/noti-america.com\/site\/ecuador\/2025\/05\/08\/lideres-del-sector-publico-privado-y-academico-definen-plan-de-innovacion-en-ecuador\/#article\",\"isPartOf\":{\"@id\":\"https:\/\/noti-america.com\/site\/ecuador\/2025\/05\/08\/lideres-del-sector-publico-privado-y-academico-definen-plan-de-innovacion-en-ecuador\/\"},\"author\":{\"name\":\"Henry Garrido\",\"@id\":\"https:\/\/noti-america.com\/site\/ecuador\/#\/schema\/person\/00042412cfa9ecf98077f847ffadda4a\"},\"headline\":\"L\u00edderes del sector p\u00fablico, privado y acad\u00e9mico definen plan de innovaci\u00f3n en Ecuador\",\"datePublished\":\"2025-05-08T03:15:46+00:00\",\"mainEntityOfPage\":{\"@id\":\"https:\/\/noti-america.com\/site\/ecuador\/2025\/05\/08\/lideres-del-sector-publico-privado-y-academico-definen-plan-de-innovacion-en-ecuador\/\"},\"wordCount\":280,\"commentCount\":0,\"publisher\":{\"@id\":\"https:\/\/noti-america.com\/site\/ecuador\/#organization\"},\"image\":{\"@id\":\"https:\/\/noti-america.com\/site\/ecuador\/2025\/05\/08\/lideres-del-sector-publico-privado-y-academico-definen-plan-de-innovacion-en-ecuador\/#primaryimage\"},\"thumbnailUrl\":\"https:\/\/noti-america.com\/site\/ecuador\/wp-content\/uploads\/sites\/18\/2025\/05\/6f9075cc-e8b6-4fa9-818f-5f721e44f865.jpg\",\"articleSection\":[\"Innovaci\u00f3n\"],\"inLanguage\":\"es\",\"potentialAction\":[{\"@type\":\"CommentAction\",\"name\":\"Comment\",\"target\":[\"https:\/\/noti-america.com\/site\/ecuador\/2025\/05\/08\/lideres-del-sector-publico-privado-y-academico-definen-plan-de-innovacion-en-ecuador\/#respond\"]}]},{\"@type\":\"WebPage\",\"@id\":\"https:\/\/noti-america.com\/site\/ecuador\/2025\/05\/08\/lideres-del-sector-publico-privado-y-academico-definen-plan-de-innovacion-en-ecuador\/\",\"url\":\"https:\/\/noti-america.com\/site\/ecuador\/2025\/05\/08\/lideres-del-sector-publico-privado-y-academico-definen-plan-de-innovacion-en-ecuador\/\",\"name\":\"L\u00edderes del sector p\u00fablico, privado y acad\u00e9mico definen plan de innovaci\u00f3n en Ecuador - Ecuador | Noti-America.com\",\"isPartOf\":{\"@id\":\"https:\/\/noti-america.com\/site\/ecuador\/#website\"},\"primaryImageOfPage\":{\"@id\":\"https:\/\/noti-america.com\/site\/ecuador\/2025\/05\/08\/lideres-del-sector-publico-privado-y-academico-definen-plan-de-innovacion-en-ecuador\/#primaryimage\"},\"image\":{\"@id\":\"https:\/\/noti-america.com\/site\/ecuador\/2025\/05\/08\/lideres-del-sector-publico-privado-y-academico-definen-plan-de-innovacion-en-ecuador\/#primaryimage\"},\"thumbnailUrl\":\"https:\/\/noti-america.com\/site\/ecuador\/wp-content\/uploads\/sites\/18\/2025\/05\/6f9075cc-e8b6-4fa9-818f-5f721e44f865.jpg\",\"datePublished\":\"2025-05-08T03:15:46+00:00\",\"breadcrumb\":{\"@id\":\"https:\/\/noti-america.com\/site\/ecuador\/2025\/05\/08\/lideres-del-sector-publico-privado-y-academico-definen-plan-de-innovacion-en-ecuador\/#breadcrumb\"},\"inLanguage\":\"es\",\"potentialAction\":[{\"@type\":\"ReadAction\",\"target\":[\"https:\/\/noti-america.com\/site\/ecuador\/2025\/05\/08\/lideres-del-sector-publico-privado-y-academico-definen-plan-de-innovacion-en-ecuador\/\"]}]},{\"@type\":\"ImageObject\",\"inLanguage\":\"es\",\"@id\":\"https:\/\/noti-america.com\/site\/ecuador\/2025\/05\/08\/lideres-del-sector-publico-privado-y-academico-definen-plan-de-innovacion-en-ecuador\/#primaryimage\",\"url\":\"https:\/\/noti-america.com\/site\/ecuador\/wp-content\/uploads\/sites\/18\/2025\/05\/6f9075cc-e8b6-4fa9-818f-5f721e44f865.jpg\",\"contentUrl\":\"https:\/\/noti-america.com\/site\/ecuador\/wp-content\/uploads\/sites\/18\/2025\/05\/6f9075cc-e8b6-4fa9-818f-5f721e44f865.jpg\",\"width\":1280,\"height\":853},{\"@type\":\"BreadcrumbList\",\"@id\":\"https:\/\/noti-america.com\/site\/ecuador\/2025\/05\/08\/lideres-del-sector-publico-privado-y-academico-definen-plan-de-innovacion-en-ecuador\/#breadcrumb\",\"itemListElement\":[{\"@type\":\"ListItem\",\"position\":1,\"name\":\"Portada\",\"item\":\"https:\/\/noti-america.com\/site\/ecuador\/\"},{\"@type\":\"ListItem\",\"position\":2,\"name\":\"L\u00edderes del sector p\u00fablico, privado y acad\u00e9mico definen plan de innovaci\u00f3n en Ecuador\"}]},{\"@type\":\"WebSite\",\"@id\":\"https:\/\/noti-america.com\/site\/ecuador\/#website\",\"url\":\"https:\/\/noti-america.com\/site\/ecuador\/\",\"name\":\"Ecuador | Noti-America.com\",\"description\":\"\",\"publisher\":{\"@id\":\"https:\/\/noti-america.com\/site\/ecuador\/#organization\"},\"potentialAction\":[{\"@type\":\"SearchAction\",\"target\":{\"@type\":\"EntryPoint\",\"urlTemplate\":\"https:\/\/noti-america.com\/site\/ecuador\/?s={search_term_string}\"},\"query-input\":{\"@type\":\"PropertyValueSpecification\",\"valueRequired\":true,\"valueName\":\"search_term_string\"}}],\"inLanguage\":\"es\"},{\"@type\":\"Organization\",\"@id\":\"https:\/\/noti-america.com\/site\/ecuador\/#organization\",\"name\":\"Noti-America LLC | Ecuador\",\"url\":\"https:\/\/noti-america.com\/site\/ecuador\/\",\"logo\":{\"@type\":\"ImageObject\",\"inLanguage\":\"es\",\"@id\":\"https:\/\/noti-america.com\/site\/ecuador\/#\/schema\/logo\/image\/\",\"url\":\"https:\/\/noti-america.com\/site\/ecuador\/wp-content\/uploads\/sites\/18\/2020\/07\/LogoNA-4x3-1.jpg\",\"contentUrl\":\"https:\/\/noti-america.com\/site\/ecuador\/wp-content\/uploads\/sites\/18\/2020\/07\/LogoNA-4x3-1.jpg\",\"width\":1236,\"height\":1080,\"caption\":\"Noti-America LLC | Ecuador\"},\"image\":{\"@id\":\"https:\/\/noti-america.com\/site\/ecuador\/#\/schema\/logo\/image\/\"},\"sameAs\":[\"https:\/\/x.com\/notiamerica\"]},{\"@type\":\"Person\",\"@id\":\"https:\/\/noti-america.com\/site\/ecuador\/#\/schema\/person\/00042412cfa9ecf98077f847ffadda4a\",\"name\":\"Henry Garrido\",\"image\":{\"@type\":\"ImageObject\",\"inLanguage\":\"es\",\"@id\":\"https:\/\/secure.gravatar.com\/avatar\/749ae5a1e6f22cf042f04b9f3f0a22732ae36970ccfd5c54a0a2ac3c4e1166ed?s=96&d=mm&r=g\",\"url\":\"https:\/\/secure.gravatar.com\/avatar\/749ae5a1e6f22cf042f04b9f3f0a22732ae36970ccfd5c54a0a2ac3c4e1166ed?s=96&d=mm&r=g\",\"contentUrl\":\"https:\/\/secure.gravatar.com\/avatar\/749ae5a1e6f22cf042f04b9f3f0a22732ae36970ccfd5c54a0a2ac3c4e1166ed?s=96&d=mm&r=g\",\"caption\":\"Henry Garrido\"},\"url\":\"https:\/\/noti-america.com\/site\/ecuador\/author\/hgarrido\/\"}]}<\/script>\n<!-- \/ Yoast SEO Premium plugin. -->","yoast_head_json":{"title":"L\u00edderes del sector p\u00fablico, privado y acad\u00e9mico definen plan de innovaci\u00f3n en Ecuador - Ecuador | Noti-America.com","robots":{"index":"index","follow":"follow","max-snippet":"max-snippet:-1","max-image-preview":"max-image-preview:large","max-video-preview":"max-video-preview:-1"},"canonical":"https:\/\/noti-america.com\/site\/ecuador\/2025\/05\/08\/lideres-del-sector-publico-privado-y-academico-definen-plan-de-innovacion-en-ecuador\/","og_locale":"es_ES","og_type":"article","og_title":"L\u00edderes del sector p\u00fablico, privado y acad\u00e9mico definen plan de innovaci\u00f3n en Ecuador","og_description":"REDACCI\u00d3N NOTI-AM\u00c9RICA (ECUADOR). En un momento decisivo para el desarrollo del pa\u00eds, en el que se requiere impulsar la colaboraci\u00f3n entre la academia, la industria y el sector p\u00fablico para potenciar sectores estrat\u00e9gicos, la&#46;&#46;&#46;","og_url":"https:\/\/noti-america.com\/site\/ecuador\/2025\/05\/08\/lideres-del-sector-publico-privado-y-academico-definen-plan-de-innovacion-en-ecuador\/","og_site_name":"Ecuador | Noti-America.com","article_published_time":"2025-05-08T03:15:46+00:00","og_image":[{"width":1280,"height":853,"url":"https:\/\/noti-america.com\/site\/ecuador\/wp-content\/uploads\/sites\/18\/2025\/05\/6f9075cc-e8b6-4fa9-818f-5f721e44f865.jpg","type":"image\/jpeg"}],"author":"Henry Garrido","twitter_card":"summary_large_image","twitter_creator":"@notiamerica","twitter_site":"@notiamerica","twitter_misc":{"Escrito por":"Henry Garrido","Tiempo estimado de lectura":"2 minutos"},"schema":{"@context":"https:\/\/schema.org","@graph":[{"@type":"Article","@id":"https:\/\/noti-america.com\/site\/ecuador\/2025\/05\/08\/lideres-del-sector-publico-privado-y-academico-definen-plan-de-innovacion-en-ecuador\/#article","isPartOf":{"@id":"https:\/\/noti-america.com\/site\/ecuador\/2025\/05\/08\/lideres-del-sector-publico-privado-y-academico-definen-plan-de-innovacion-en-ecuador\/"},"author":{"name":"Henry Garrido","@id":"https:\/\/noti-america.com\/site\/ecuador\/#\/schema\/person\/00042412cfa9ecf98077f847ffadda4a"},"headline":"L\u00edderes del sector p\u00fablico, privado y acad\u00e9mico definen plan de innovaci\u00f3n en Ecuador","datePublished":"2025-05-08T03:15:46+00:00","mainEntityOfPage":{"@id":"https:\/\/noti-america.com\/site\/ecuador\/2025\/05\/08\/lideres-del-sector-publico-privado-y-academico-definen-plan-de-innovacion-en-ecuador\/"},"wordCount":280,"commentCount":0,"publisher":{"@id":"https:\/\/noti-america.com\/site\/ecuador\/#organization"},"image":{"@id":"https:\/\/noti-america.com\/site\/ecuador\/2025\/05\/08\/lideres-del-sector-publico-privado-y-academico-definen-plan-de-innovacion-en-ecuador\/#primaryimage"},"thumbnailUrl":"https:\/\/noti-america.com\/site\/ecuador\/wp-content\/uploads\/sites\/18\/2025\/05\/6f9075cc-e8b6-4fa9-818f-5f721e44f865.jpg","articleSection":["Innovaci\u00f3n"],"inLanguage":"es","potentialAction":[{"@type":"CommentAction","name":"Comment","target":["https:\/\/noti-america.com\/site\/ecuador\/2025\/05\/08\/lideres-del-sector-publico-privado-y-academico-definen-plan-de-innovacion-en-ecuador\/#respond"]}]},{"@type":"WebPage","@id":"https:\/\/noti-america.com\/site\/ecuador\/2025\/05\/08\/lideres-del-sector-publico-privado-y-academico-definen-plan-de-innovacion-en-ecuador\/","url":"https:\/\/noti-america.com\/site\/ecuador\/2025\/05\/08\/lideres-del-sector-publico-privado-y-academico-definen-plan-de-innovacion-en-ecuador\/","name":"L\u00edderes del sector p\u00fablico, privado y acad\u00e9mico definen plan de innovaci\u00f3n en Ecuador - Ecuador | Noti-America.com","isPartOf":{"@id":"https:\/\/noti-america.com\/site\/ecuador\/#website"},"primaryImageOfPage":{"@id":"https:\/\/noti-america.com\/site\/ecuador\/2025\/05\/08\/lideres-del-sector-publico-privado-y-academico-definen-plan-de-innovacion-en-ecuador\/#primaryimage"},"image":{"@id":"https:\/\/noti-america.com\/site\/ecuador\/2025\/05\/08\/lideres-del-sector-publico-privado-y-academico-definen-plan-de-innovacion-en-ecuador\/#primaryimage"},"thumbnailUrl":"https:\/\/noti-america.com\/site\/ecuador\/wp-content\/uploads\/sites\/18\/2025\/05\/6f9075cc-e8b6-4fa9-818f-5f721e44f865.jpg","datePublished":"2025-05-08T03:15:46+00:00","breadcrumb":{"@id":"https:\/\/noti-america.com\/site\/ecuador\/2025\/05\/08\/lideres-del-sector-publico-privado-y-academico-definen-plan-de-innovacion-en-ecuador\/#breadcrumb"},"inLanguage":"es","potentialAction":[{"@type":"ReadAction","target":["https:\/\/noti-america.com\/site\/ecuador\/2025\/05\/08\/lideres-del-sector-publico-privado-y-academico-definen-plan-de-innovacion-en-ecuador\/"]}]},{"@type":"ImageObject","inLanguage":"es","@id":"https:\/\/noti-america.com\/site\/ecuador\/2025\/05\/08\/lideres-del-sector-publico-privado-y-academico-definen-plan-de-innovacion-en-ecuador\/#primaryimage","url":"https:\/\/noti-america.com\/site\/ecuador\/wp-content\/uploads\/sites\/18\/2025\/05\/6f9075cc-e8b6-4fa9-818f-5f721e44f865.jpg","contentUrl":"https:\/\/noti-america.com\/site\/ecuador\/wp-content\/uploads\/sites\/18\/2025\/05\/6f9075cc-e8b6-4fa9-818f-5f721e44f865.jpg","width":1280,"height":853},{"@type":"BreadcrumbList","@id":"https:\/\/noti-america.com\/site\/ecuador\/2025\/05\/08\/lideres-del-sector-publico-privado-y-academico-definen-plan-de-innovacion-en-ecuador\/#breadcrumb","itemListElement":[{"@type":"ListItem","position":1,"name":"Portada","item":"https:\/\/noti-america.com\/site\/ecuador\/"},{"@type":"ListItem","position":2,"name":"L\u00edderes del sector p\u00fablico, privado y acad\u00e9mico definen plan de innovaci\u00f3n en Ecuador"}]},{"@type":"WebSite","@id":"https:\/\/noti-america.com\/site\/ecuador\/#website","url":"https:\/\/noti-america.com\/site\/ecuador\/","name":"Ecuador | Noti-America.com","description":"","publisher":{"@id":"https:\/\/noti-america.com\/site\/ecuador\/#organization"},"potentialAction":[{"@type":"SearchAction","target":{"@type":"EntryPoint","urlTemplate":"https:\/\/noti-america.com\/site\/ecuador\/?s={search_term_string}"},"query-input":{"@type":"PropertyValueSpecification","valueRequired":true,"valueName":"search_term_string"}}],"inLanguage":"es"},{"@type":"Organization","@id":"https:\/\/noti-america.com\/site\/ecuador\/#organization","name":"Noti-America LLC | Ecuador","url":"https:\/\/noti-america.com\/site\/ecuador\/","logo":{"@type":"ImageObject","inLanguage":"es","@id":"https:\/\/noti-america.com\/site\/ecuador\/#\/schema\/logo\/image\/","url":"https:\/\/noti-america.com\/site\/ecuador\/wp-content\/uploads\/sites\/18\/2020\/07\/LogoNA-4x3-1.jpg","contentUrl":"https:\/\/noti-america.com\/site\/ecuador\/wp-content\/uploads\/sites\/18\/2020\/07\/LogoNA-4x3-1.jpg","width":1236,"height":1080,"caption":"Noti-America LLC | Ecuador"},"image":{"@id":"https:\/\/noti-america.com\/site\/ecuador\/#\/schema\/logo\/image\/"},"sameAs":["https:\/\/x.com\/notiamerica"]},{"@type":"Person","@id":"https:\/\/noti-america.com\/site\/ecuador\/#\/schema\/person\/00042412cfa9ecf98077f847ffadda4a","name":"Henry Garrido","image":{"@type":"ImageObject","inLanguage":"es","@id":"https:\/\/secure.gravatar.com\/avatar\/749ae5a1e6f22cf042f04b9f3f0a22732ae36970ccfd5c54a0a2ac3c4e1166ed?s=96&d=mm&r=g","url":"https:\/\/secure.gravatar.com\/avatar\/749ae5a1e6f22cf042f04b9f3f0a22732ae36970ccfd5c54a0a2ac3c4e1166ed?s=96&d=mm&r=g","contentUrl":"https:\/\/secure.gravatar.com\/avatar\/749ae5a1e6f22cf042f04b9f3f0a22732ae36970ccfd5c54a0a2ac3c4e1166ed?s=96&d=mm&r=g","caption":"Henry Garrido"},"url":"https:\/\/noti-america.com\/site\/ecuador\/author\/hgarrido\/"}]}},"_links":{"self":[{"href":"https:\/\/noti-america.com\/site\/ecuador\/wp-json\/wp\/v2\/posts\/34778","targetHints":{"allow":["GET"]}}],"collection":[{"href":"https:\/\/noti-america.com\/site\/ecuador\/wp-json\/wp\/v2\/posts"}],"about":[{"href":"https:\/\/noti-america.com\/site\/ecuador\/wp-json\/wp\/v2\/types\/post"}],"author":[{"embeddable":true,"href":"https:\/\/noti-america.com\/site\/ecuador\/wp-json\/wp\/v2\/users\/144"}],"replies":[{"embeddable":true,"href":"https:\/\/noti-america.com\/site\/ecuador\/wp-json\/wp\/v2\/comments?post=34778"}],"version-history":[{"count":1,"href":"https:\/\/noti-america.com\/site\/ecuador\/wp-json\/wp\/v2\/posts\/34778\/revisions"}],"predecessor-version":[{"id":34780,"href":"https:\/\/noti-america.com\/site\/ecuador\/wp-json\/wp\/v2\/posts\/34778\/revisions\/34780"}],"wp:featuredmedia":[{"embeddable":true,"href":"https:\/\/noti-america.com\/site\/ecuador\/wp-json\/wp\/v2\/media\/34779"}],"wp:attachment":[{"href":"https:\/\/noti-america.com\/site\/ecuador\/wp-json\/wp\/v2\/media?parent=34778"}],"wp:term":[{"taxonomy":"category","embeddable":true,"href":"https:\/\/noti-america.com\/site\/ecuador\/wp-json\/wp\/v2\/categories?post=34778"},{"taxonomy":"post_tag","embeddable":true,"href":"https:\/\/noti-america.com\/site\/ecuador\/wp-json\/wp\/v2\/tags?post=34778"}],"curies":[{"name":"wp","href":"https:\/\/api.w.org\/{rel}","templated":true}]}}