{"id":34730,"date":"2025-05-01T03:47:07","date_gmt":"2025-05-01T03:47:07","guid":{"rendered":"https:\/\/noti-america.com\/site\/ecuador\/?p=34730"},"modified":"2025-05-01T03:51:01","modified_gmt":"2025-05-01T03:51:01","slug":"cne-entrego-credenciales-a-asambleistas-electos-por-guayas","status":"publish","type":"post","link":"https:\/\/noti-america.com\/site\/ecuador\/2025\/05\/01\/cne-entrego-credenciales-a-asambleistas-electos-por-guayas\/","title":{"rendered":"CNE entreg\u00f3 credenciales a asamble\u00edstas electos por Guayas"},"content":{"rendered":"<p><strong>REDACCI\u00d3N NOTI-AM\u00c9RICA (ECUADOR).<\/strong><\/p>\n<p style=\"text-align: justify\"><img loading=\"lazy\" decoding=\"async\" class=\"size-medium wp-image-34731 aligncenter\" src=\"https:\/\/noti-america.com\/site\/ecuador\/wp-content\/uploads\/sites\/18\/2025\/05\/20250430_224018-300x200.jpg\" alt=\"\" width=\"300\" height=\"200\" srcset=\"https:\/\/noti-america.com\/site\/ecuador\/wp-content\/uploads\/sites\/18\/2025\/05\/20250430_224018-300x200.jpg 300w, https:\/\/noti-america.com\/site\/ecuador\/wp-content\/uploads\/sites\/18\/2025\/05\/20250430_224018-1024x682.jpg 1024w, https:\/\/noti-america.com\/site\/ecuador\/wp-content\/uploads\/sites\/18\/2025\/05\/20250430_224018-768x512.jpg 768w, https:\/\/noti-america.com\/site\/ecuador\/wp-content\/uploads\/sites\/18\/2025\/05\/20250430_224018-272x182.jpg 272w, https:\/\/noti-america.com\/site\/ecuador\/wp-content\/uploads\/sites\/18\/2025\/05\/20250430_224018.jpg 1280w\" sizes=\"auto, (max-width: 300px) 100vw, 300px\" \/>El Consejo Nacional Electoral (CNE), realiz\u00f3 la entrega de credenciales a los 24 asamble\u00edstas provinciales electos de Guayas. La presidenta del CNE, Diana Atamaint, y la consejera Elena N\u00e1jera participaron del evento realizado en el Puerto Principal este mi\u00e9rcoles 30 de abril del 2025.<\/p>\n<p style=\"text-align: justify\">Atamaint, resalt\u00f3 que el acto es un espacio para las celebraciones c\u00edvicas, de unidad, respeto y de madurez pol\u00edtica. \u201cCada asamble\u00edsta electo que recibe su credencial encarna los sue\u00f1os, las esperanzas y las demandas de un pueblo que cree, elige y construye su propio<br \/>\ndestino\u201d, dijo.<\/p>\n<p style=\"text-align: justify\">Durante el acto, se reconoci\u00f3 tambi\u00e9n a las instituciones que integraron la Mesa de Seguridad Electoral y al Comit\u00e9 Nacional de Debates, por su contribuci\u00f3n al desarrollo de unas elecciones con voto informado.<\/p>\n<div id=\"attachment_34732\" style=\"width: 310px\" class=\"wp-caption aligncenter\"><img loading=\"lazy\" decoding=\"async\" aria-describedby=\"caption-attachment-34732\" class=\"size-medium wp-image-34732\" src=\"https:\/\/noti-america.com\/site\/ecuador\/wp-content\/uploads\/sites\/18\/2025\/05\/IMG-20250430-WA0246-300x250.jpg\" alt=\"\" width=\"300\" height=\"250\" srcset=\"https:\/\/noti-america.com\/site\/ecuador\/wp-content\/uploads\/sites\/18\/2025\/05\/IMG-20250430-WA0246-300x250.jpg 300w, https:\/\/noti-america.com\/site\/ecuador\/wp-content\/uploads\/sites\/18\/2025\/05\/IMG-20250430-WA0246.jpg 760w\" sizes=\"auto, (max-width: 300px) 100vw, 300px\" \/><p id=\"caption-attachment-34732\" class=\"wp-caption-text\"><strong>Asamble\u00edsta por ADN, Isaac Solano.<\/strong><\/p><\/div>\n<p style=\"text-align: justify\">Uno de los asamble\u00edstas electo m\u00e1s joven del movimiento pol\u00edtico Acci\u00f3n Democr\u00e1tica Nacional (ADN), Isaac Solano, mencion\u00f3 que cada uno de los legisladores representa la voluntad del pueblo y asume una responsabilidad con la ciudadan\u00eda. Adem\u00e1s, sostuvo que las elecciones concluyeron, pero el trabajo pol\u00edtico y legislativo apenas comienza.<\/p>\n<div id=\"attachment_34733\" style=\"width: 310px\" class=\"wp-caption aligncenter\"><img loading=\"lazy\" decoding=\"async\" aria-describedby=\"caption-attachment-34733\" class=\"size-medium wp-image-34733\" src=\"https:\/\/noti-america.com\/site\/ecuador\/wp-content\/uploads\/sites\/18\/2025\/05\/20250430_120324-300x225.jpg\" alt=\"\" width=\"300\" height=\"225\" srcset=\"https:\/\/noti-america.com\/site\/ecuador\/wp-content\/uploads\/sites\/18\/2025\/05\/20250430_120324-300x225.jpg 300w, https:\/\/noti-america.com\/site\/ecuador\/wp-content\/uploads\/sites\/18\/2025\/05\/20250430_120324-1024x768.jpg 1024w, https:\/\/noti-america.com\/site\/ecuador\/wp-content\/uploads\/sites\/18\/2025\/05\/20250430_120324-768x576.jpg 768w, https:\/\/noti-america.com\/site\/ecuador\/wp-content\/uploads\/sites\/18\/2025\/05\/20250430_120324-1536x1152.jpg 1536w, https:\/\/noti-america.com\/site\/ecuador\/wp-content\/uploads\/sites\/18\/2025\/05\/20250430_120324-2048x1536.jpg 2048w\" sizes=\"auto, (max-width: 300px) 100vw, 300px\" \/><p id=\"caption-attachment-34733\" class=\"wp-caption-text\"><strong>Asamble\u00edsta reelecta por ADN, Lorena Rosado S\u00e1nchez.<\/strong><\/p><\/div>\n<p style=\"text-align: justify\">Por su parte la asamble\u00edsta reelecta por ADN, Lorena Rosado S\u00e1nchez, sostuvo que este logro no es personal, sino colectivo, gracias al respaldo de la ciudadan\u00eda Guayas. Enfatiz\u00f3 que los nuevos legisladores tienen el deber de ejercer una pol\u00edtica diferente, que devuelva la dignidad a la Asamblea Nacional y priorice los intereses del pueblo.<\/p>\n<p style=\"text-align: justify\">Los nuevos asamble\u00edstas asumieron sus cargos con el compromiso de trabajar por el desarrollo de la provincia. La ceremonia no solo formaliz\u00f3 su elecci\u00f3n, sino que tambi\u00e9n reforz\u00f3 la confianza en el sistema democr\u00e1tico del pa\u00eds. El CNE reiter\u00f3 su apego a los principios de legalidad y transparencia, asegurando que los resultados reflejan la voluntad popular.<\/p>\n","protected":false},"excerpt":{"rendered":"<p>REDACCI\u00d3N NOTI-AM\u00c9RICA (ECUADOR). El Consejo Nacional Electoral (CNE), realiz\u00f3 la entrega de credenciales a los 24 asamble\u00edstas provinciales electos de Guayas. La presidenta del CNE, Diana Atamaint, y la consejera Elena N\u00e1jera participaron del&#46;&#46;&#46;<\/p>\n","protected":false},"author":144,"featured_media":34731,"comment_status":"open","ping_status":"open","sticky":false,"template":"","format":"standard","meta":{"_acf_changed":false,"om_disable_all_campaigns":false,"rop_custom_images_group":[],"rop_custom_messages_group":[],"rop_publish_now":"initial","rop_publish_now_accounts":{"twitter_242054905_242054905":""},"rop_publish_now_history":[],"rop_publish_now_status":"pending","_uf_show_specific_survey":0,"_uf_disable_surveys":false,"footnotes":""},"categories":[125],"tags":[],"class_list":["post-34730","post","type-post","status-publish","format-standard","has-post-thumbnail","hentry","category-actualidad"],"acf":[],"aioseo_notices":[],"yoast_head":"<!-- This site is optimized with the Yoast SEO Premium plugin v24.9 (Yoast SEO v27.2) - https:\/\/yoast.com\/product\/yoast-seo-premium-wordpress\/ -->\n<title>CNE entreg\u00f3 credenciales a asamble\u00edstas electos por Guayas - Ecuador | Noti-America.com<\/title>\n<meta name=\"robots\" content=\"index, follow, max-snippet:-1, max-image-preview:large, max-video-preview:-1\" \/>\n<link rel=\"canonical\" href=\"https:\/\/noti-america.com\/site\/ecuador\/2025\/05\/01\/cne-entrego-credenciales-a-asambleistas-electos-por-guayas\/\" \/>\n<meta property=\"og:locale\" content=\"es_ES\" \/>\n<meta property=\"og:type\" content=\"article\" \/>\n<meta property=\"og:title\" content=\"CNE entreg\u00f3 credenciales a asamble\u00edstas electos por Guayas\" \/>\n<meta property=\"og:description\" content=\"REDACCI\u00d3N NOTI-AM\u00c9RICA (ECUADOR). El Consejo Nacional Electoral (CNE), realiz\u00f3 la entrega de credenciales a los 24 asamble\u00edstas provinciales electos de Guayas. La presidenta del CNE, Diana Atamaint, y la consejera Elena N\u00e1jera participaron del&#046;&#046;&#046;\" \/>\n<meta property=\"og:url\" content=\"https:\/\/noti-america.com\/site\/ecuador\/2025\/05\/01\/cne-entrego-credenciales-a-asambleistas-electos-por-guayas\/\" \/>\n<meta property=\"og:site_name\" content=\"Ecuador | Noti-America.com\" \/>\n<meta property=\"article:published_time\" content=\"2025-05-01T03:47:07+00:00\" \/>\n<meta property=\"article:modified_time\" content=\"2025-05-01T03:51:01+00:00\" \/>\n<meta property=\"og:image\" content=\"https:\/\/noti-america.com\/site\/ecuador\/wp-content\/uploads\/sites\/18\/2025\/05\/20250430_224018.jpg\" \/>\n\t<meta property=\"og:image:width\" content=\"1280\" \/>\n\t<meta property=\"og:image:height\" content=\"853\" \/>\n\t<meta property=\"og:image:type\" content=\"image\/jpeg\" \/>\n<meta name=\"author\" content=\"Henry Garrido\" \/>\n<meta name=\"twitter:card\" content=\"summary_large_image\" \/>\n<meta name=\"twitter:creator\" content=\"@notiamerica\" \/>\n<meta name=\"twitter:site\" content=\"@notiamerica\" \/>\n<meta name=\"twitter:label1\" content=\"Escrito por\" \/>\n\t<meta name=\"twitter:data1\" content=\"Henry Garrido\" \/>\n\t<meta name=\"twitter:label2\" content=\"Tiempo estimado de lectura\" \/>\n\t<meta name=\"twitter:data2\" content=\"3 minutos\" \/>\n<script type=\"application\/ld+json\" class=\"yoast-schema-graph\">{\"@context\":\"https:\/\/schema.org\",\"@graph\":[{\"@type\":\"Article\",\"@id\":\"https:\/\/noti-america.com\/site\/ecuador\/2025\/05\/01\/cne-entrego-credenciales-a-asambleistas-electos-por-guayas\/#article\",\"isPartOf\":{\"@id\":\"https:\/\/noti-america.com\/site\/ecuador\/2025\/05\/01\/cne-entrego-credenciales-a-asambleistas-electos-por-guayas\/\"},\"author\":{\"name\":\"Henry Garrido\",\"@id\":\"https:\/\/noti-america.com\/site\/ecuador\/#\/schema\/person\/00042412cfa9ecf98077f847ffadda4a\"},\"headline\":\"CNE entreg\u00f3 credenciales a asamble\u00edstas electos por Guayas\",\"datePublished\":\"2025-05-01T03:47:07+00:00\",\"dateModified\":\"2025-05-01T03:51:01+00:00\",\"mainEntityOfPage\":{\"@id\":\"https:\/\/noti-america.com\/site\/ecuador\/2025\/05\/01\/cne-entrego-credenciales-a-asambleistas-electos-por-guayas\/\"},\"wordCount\":348,\"commentCount\":0,\"publisher\":{\"@id\":\"https:\/\/noti-america.com\/site\/ecuador\/#organization\"},\"image\":{\"@id\":\"https:\/\/noti-america.com\/site\/ecuador\/2025\/05\/01\/cne-entrego-credenciales-a-asambleistas-electos-por-guayas\/#primaryimage\"},\"thumbnailUrl\":\"https:\/\/noti-america.com\/site\/ecuador\/wp-content\/uploads\/sites\/18\/2025\/05\/20250430_224018.jpg\",\"articleSection\":[\"Actualidad\"],\"inLanguage\":\"es\",\"potentialAction\":[{\"@type\":\"CommentAction\",\"name\":\"Comment\",\"target\":[\"https:\/\/noti-america.com\/site\/ecuador\/2025\/05\/01\/cne-entrego-credenciales-a-asambleistas-electos-por-guayas\/#respond\"]}]},{\"@type\":\"WebPage\",\"@id\":\"https:\/\/noti-america.com\/site\/ecuador\/2025\/05\/01\/cne-entrego-credenciales-a-asambleistas-electos-por-guayas\/\",\"url\":\"https:\/\/noti-america.com\/site\/ecuador\/2025\/05\/01\/cne-entrego-credenciales-a-asambleistas-electos-por-guayas\/\",\"name\":\"CNE entreg\u00f3 credenciales a asamble\u00edstas electos por Guayas - Ecuador | Noti-America.com\",\"isPartOf\":{\"@id\":\"https:\/\/noti-america.com\/site\/ecuador\/#website\"},\"primaryImageOfPage\":{\"@id\":\"https:\/\/noti-america.com\/site\/ecuador\/2025\/05\/01\/cne-entrego-credenciales-a-asambleistas-electos-por-guayas\/#primaryimage\"},\"image\":{\"@id\":\"https:\/\/noti-america.com\/site\/ecuador\/2025\/05\/01\/cne-entrego-credenciales-a-asambleistas-electos-por-guayas\/#primaryimage\"},\"thumbnailUrl\":\"https:\/\/noti-america.com\/site\/ecuador\/wp-content\/uploads\/sites\/18\/2025\/05\/20250430_224018.jpg\",\"datePublished\":\"2025-05-01T03:47:07+00:00\",\"dateModified\":\"2025-05-01T03:51:01+00:00\",\"breadcrumb\":{\"@id\":\"https:\/\/noti-america.com\/site\/ecuador\/2025\/05\/01\/cne-entrego-credenciales-a-asambleistas-electos-por-guayas\/#breadcrumb\"},\"inLanguage\":\"es\",\"potentialAction\":[{\"@type\":\"ReadAction\",\"target\":[\"https:\/\/noti-america.com\/site\/ecuador\/2025\/05\/01\/cne-entrego-credenciales-a-asambleistas-electos-por-guayas\/\"]}]},{\"@type\":\"ImageObject\",\"inLanguage\":\"es\",\"@id\":\"https:\/\/noti-america.com\/site\/ecuador\/2025\/05\/01\/cne-entrego-credenciales-a-asambleistas-electos-por-guayas\/#primaryimage\",\"url\":\"https:\/\/noti-america.com\/site\/ecuador\/wp-content\/uploads\/sites\/18\/2025\/05\/20250430_224018.jpg\",\"contentUrl\":\"https:\/\/noti-america.com\/site\/ecuador\/wp-content\/uploads\/sites\/18\/2025\/05\/20250430_224018.jpg\",\"width\":1280,\"height\":853},{\"@type\":\"BreadcrumbList\",\"@id\":\"https:\/\/noti-america.com\/site\/ecuador\/2025\/05\/01\/cne-entrego-credenciales-a-asambleistas-electos-por-guayas\/#breadcrumb\",\"itemListElement\":[{\"@type\":\"ListItem\",\"position\":1,\"name\":\"Portada\",\"item\":\"https:\/\/noti-america.com\/site\/ecuador\/\"},{\"@type\":\"ListItem\",\"position\":2,\"name\":\"CNE entreg\u00f3 credenciales a asamble\u00edstas electos por Guayas\"}]},{\"@type\":\"WebSite\",\"@id\":\"https:\/\/noti-america.com\/site\/ecuador\/#website\",\"url\":\"https:\/\/noti-america.com\/site\/ecuador\/\",\"name\":\"Ecuador | Noti-America.com\",\"description\":\"\",\"publisher\":{\"@id\":\"https:\/\/noti-america.com\/site\/ecuador\/#organization\"},\"potentialAction\":[{\"@type\":\"SearchAction\",\"target\":{\"@type\":\"EntryPoint\",\"urlTemplate\":\"https:\/\/noti-america.com\/site\/ecuador\/?s={search_term_string}\"},\"query-input\":{\"@type\":\"PropertyValueSpecification\",\"valueRequired\":true,\"valueName\":\"search_term_string\"}}],\"inLanguage\":\"es\"},{\"@type\":\"Organization\",\"@id\":\"https:\/\/noti-america.com\/site\/ecuador\/#organization\",\"name\":\"Noti-America LLC | Ecuador\",\"url\":\"https:\/\/noti-america.com\/site\/ecuador\/\",\"logo\":{\"@type\":\"ImageObject\",\"inLanguage\":\"es\",\"@id\":\"https:\/\/noti-america.com\/site\/ecuador\/#\/schema\/logo\/image\/\",\"url\":\"https:\/\/noti-america.com\/site\/ecuador\/wp-content\/uploads\/sites\/18\/2020\/07\/LogoNA-4x3-1.jpg\",\"contentUrl\":\"https:\/\/noti-america.com\/site\/ecuador\/wp-content\/uploads\/sites\/18\/2020\/07\/LogoNA-4x3-1.jpg\",\"width\":1236,\"height\":1080,\"caption\":\"Noti-America LLC | Ecuador\"},\"image\":{\"@id\":\"https:\/\/noti-america.com\/site\/ecuador\/#\/schema\/logo\/image\/\"},\"sameAs\":[\"https:\/\/x.com\/notiamerica\"]},{\"@type\":\"Person\",\"@id\":\"https:\/\/noti-america.com\/site\/ecuador\/#\/schema\/person\/00042412cfa9ecf98077f847ffadda4a\",\"name\":\"Henry Garrido\",\"image\":{\"@type\":\"ImageObject\",\"inLanguage\":\"es\",\"@id\":\"https:\/\/secure.gravatar.com\/avatar\/749ae5a1e6f22cf042f04b9f3f0a22732ae36970ccfd5c54a0a2ac3c4e1166ed?s=96&d=mm&r=g\",\"url\":\"https:\/\/secure.gravatar.com\/avatar\/749ae5a1e6f22cf042f04b9f3f0a22732ae36970ccfd5c54a0a2ac3c4e1166ed?s=96&d=mm&r=g\",\"contentUrl\":\"https:\/\/secure.gravatar.com\/avatar\/749ae5a1e6f22cf042f04b9f3f0a22732ae36970ccfd5c54a0a2ac3c4e1166ed?s=96&d=mm&r=g\",\"caption\":\"Henry Garrido\"},\"url\":\"https:\/\/noti-america.com\/site\/ecuador\/author\/hgarrido\/\"}]}<\/script>\n<!-- \/ Yoast SEO Premium plugin. -->","yoast_head_json":{"title":"CNE entreg\u00f3 credenciales a asamble\u00edstas electos por Guayas - Ecuador | Noti-America.com","robots":{"index":"index","follow":"follow","max-snippet":"max-snippet:-1","max-image-preview":"max-image-preview:large","max-video-preview":"max-video-preview:-1"},"canonical":"https:\/\/noti-america.com\/site\/ecuador\/2025\/05\/01\/cne-entrego-credenciales-a-asambleistas-electos-por-guayas\/","og_locale":"es_ES","og_type":"article","og_title":"CNE entreg\u00f3 credenciales a asamble\u00edstas electos por Guayas","og_description":"REDACCI\u00d3N NOTI-AM\u00c9RICA (ECUADOR). El Consejo Nacional Electoral (CNE), realiz\u00f3 la entrega de credenciales a los 24 asamble\u00edstas provinciales electos de Guayas. La presidenta del CNE, Diana Atamaint, y la consejera Elena N\u00e1jera participaron del&#46;&#46;&#46;","og_url":"https:\/\/noti-america.com\/site\/ecuador\/2025\/05\/01\/cne-entrego-credenciales-a-asambleistas-electos-por-guayas\/","og_site_name":"Ecuador | Noti-America.com","article_published_time":"2025-05-01T03:47:07+00:00","article_modified_time":"2025-05-01T03:51:01+00:00","og_image":[{"width":1280,"height":853,"url":"https:\/\/noti-america.com\/site\/ecuador\/wp-content\/uploads\/sites\/18\/2025\/05\/20250430_224018.jpg","type":"image\/jpeg"}],"author":"Henry Garrido","twitter_card":"summary_large_image","twitter_creator":"@notiamerica","twitter_site":"@notiamerica","twitter_misc":{"Escrito por":"Henry Garrido","Tiempo estimado de lectura":"3 minutos"},"schema":{"@context":"https:\/\/schema.org","@graph":[{"@type":"Article","@id":"https:\/\/noti-america.com\/site\/ecuador\/2025\/05\/01\/cne-entrego-credenciales-a-asambleistas-electos-por-guayas\/#article","isPartOf":{"@id":"https:\/\/noti-america.com\/site\/ecuador\/2025\/05\/01\/cne-entrego-credenciales-a-asambleistas-electos-por-guayas\/"},"author":{"name":"Henry Garrido","@id":"https:\/\/noti-america.com\/site\/ecuador\/#\/schema\/person\/00042412cfa9ecf98077f847ffadda4a"},"headline":"CNE entreg\u00f3 credenciales a asamble\u00edstas electos por Guayas","datePublished":"2025-05-01T03:47:07+00:00","dateModified":"2025-05-01T03:51:01+00:00","mainEntityOfPage":{"@id":"https:\/\/noti-america.com\/site\/ecuador\/2025\/05\/01\/cne-entrego-credenciales-a-asambleistas-electos-por-guayas\/"},"wordCount":348,"commentCount":0,"publisher":{"@id":"https:\/\/noti-america.com\/site\/ecuador\/#organization"},"image":{"@id":"https:\/\/noti-america.com\/site\/ecuador\/2025\/05\/01\/cne-entrego-credenciales-a-asambleistas-electos-por-guayas\/#primaryimage"},"thumbnailUrl":"https:\/\/noti-america.com\/site\/ecuador\/wp-content\/uploads\/sites\/18\/2025\/05\/20250430_224018.jpg","articleSection":["Actualidad"],"inLanguage":"es","potentialAction":[{"@type":"CommentAction","name":"Comment","target":["https:\/\/noti-america.com\/site\/ecuador\/2025\/05\/01\/cne-entrego-credenciales-a-asambleistas-electos-por-guayas\/#respond"]}]},{"@type":"WebPage","@id":"https:\/\/noti-america.com\/site\/ecuador\/2025\/05\/01\/cne-entrego-credenciales-a-asambleistas-electos-por-guayas\/","url":"https:\/\/noti-america.com\/site\/ecuador\/2025\/05\/01\/cne-entrego-credenciales-a-asambleistas-electos-por-guayas\/","name":"CNE entreg\u00f3 credenciales a asamble\u00edstas electos por Guayas - Ecuador | Noti-America.com","isPartOf":{"@id":"https:\/\/noti-america.com\/site\/ecuador\/#website"},"primaryImageOfPage":{"@id":"https:\/\/noti-america.com\/site\/ecuador\/2025\/05\/01\/cne-entrego-credenciales-a-asambleistas-electos-por-guayas\/#primaryimage"},"image":{"@id":"https:\/\/noti-america.com\/site\/ecuador\/2025\/05\/01\/cne-entrego-credenciales-a-asambleistas-electos-por-guayas\/#primaryimage"},"thumbnailUrl":"https:\/\/noti-america.com\/site\/ecuador\/wp-content\/uploads\/sites\/18\/2025\/05\/20250430_224018.jpg","datePublished":"2025-05-01T03:47:07+00:00","dateModified":"2025-05-01T03:51:01+00:00","breadcrumb":{"@id":"https:\/\/noti-america.com\/site\/ecuador\/2025\/05\/01\/cne-entrego-credenciales-a-asambleistas-electos-por-guayas\/#breadcrumb"},"inLanguage":"es","potentialAction":[{"@type":"ReadAction","target":["https:\/\/noti-america.com\/site\/ecuador\/2025\/05\/01\/cne-entrego-credenciales-a-asambleistas-electos-por-guayas\/"]}]},{"@type":"ImageObject","inLanguage":"es","@id":"https:\/\/noti-america.com\/site\/ecuador\/2025\/05\/01\/cne-entrego-credenciales-a-asambleistas-electos-por-guayas\/#primaryimage","url":"https:\/\/noti-america.com\/site\/ecuador\/wp-content\/uploads\/sites\/18\/2025\/05\/20250430_224018.jpg","contentUrl":"https:\/\/noti-america.com\/site\/ecuador\/wp-content\/uploads\/sites\/18\/2025\/05\/20250430_224018.jpg","width":1280,"height":853},{"@type":"BreadcrumbList","@id":"https:\/\/noti-america.com\/site\/ecuador\/2025\/05\/01\/cne-entrego-credenciales-a-asambleistas-electos-por-guayas\/#breadcrumb","itemListElement":[{"@type":"ListItem","position":1,"name":"Portada","item":"https:\/\/noti-america.com\/site\/ecuador\/"},{"@type":"ListItem","position":2,"name":"CNE entreg\u00f3 credenciales a asamble\u00edstas electos por Guayas"}]},{"@type":"WebSite","@id":"https:\/\/noti-america.com\/site\/ecuador\/#website","url":"https:\/\/noti-america.com\/site\/ecuador\/","name":"Ecuador | Noti-America.com","description":"","publisher":{"@id":"https:\/\/noti-america.com\/site\/ecuador\/#organization"},"potentialAction":[{"@type":"SearchAction","target":{"@type":"EntryPoint","urlTemplate":"https:\/\/noti-america.com\/site\/ecuador\/?s={search_term_string}"},"query-input":{"@type":"PropertyValueSpecification","valueRequired":true,"valueName":"search_term_string"}}],"inLanguage":"es"},{"@type":"Organization","@id":"https:\/\/noti-america.com\/site\/ecuador\/#organization","name":"Noti-America LLC | Ecuador","url":"https:\/\/noti-america.com\/site\/ecuador\/","logo":{"@type":"ImageObject","inLanguage":"es","@id":"https:\/\/noti-america.com\/site\/ecuador\/#\/schema\/logo\/image\/","url":"https:\/\/noti-america.com\/site\/ecuador\/wp-content\/uploads\/sites\/18\/2020\/07\/LogoNA-4x3-1.jpg","contentUrl":"https:\/\/noti-america.com\/site\/ecuador\/wp-content\/uploads\/sites\/18\/2020\/07\/LogoNA-4x3-1.jpg","width":1236,"height":1080,"caption":"Noti-America LLC | Ecuador"},"image":{"@id":"https:\/\/noti-america.com\/site\/ecuador\/#\/schema\/logo\/image\/"},"sameAs":["https:\/\/x.com\/notiamerica"]},{"@type":"Person","@id":"https:\/\/noti-america.com\/site\/ecuador\/#\/schema\/person\/00042412cfa9ecf98077f847ffadda4a","name":"Henry Garrido","image":{"@type":"ImageObject","inLanguage":"es","@id":"https:\/\/secure.gravatar.com\/avatar\/749ae5a1e6f22cf042f04b9f3f0a22732ae36970ccfd5c54a0a2ac3c4e1166ed?s=96&d=mm&r=g","url":"https:\/\/secure.gravatar.com\/avatar\/749ae5a1e6f22cf042f04b9f3f0a22732ae36970ccfd5c54a0a2ac3c4e1166ed?s=96&d=mm&r=g","contentUrl":"https:\/\/secure.gravatar.com\/avatar\/749ae5a1e6f22cf042f04b9f3f0a22732ae36970ccfd5c54a0a2ac3c4e1166ed?s=96&d=mm&r=g","caption":"Henry Garrido"},"url":"https:\/\/noti-america.com\/site\/ecuador\/author\/hgarrido\/"}]}},"_links":{"self":[{"href":"https:\/\/noti-america.com\/site\/ecuador\/wp-json\/wp\/v2\/posts\/34730","targetHints":{"allow":["GET"]}}],"collection":[{"href":"https:\/\/noti-america.com\/site\/ecuador\/wp-json\/wp\/v2\/posts"}],"about":[{"href":"https:\/\/noti-america.com\/site\/ecuador\/wp-json\/wp\/v2\/types\/post"}],"author":[{"embeddable":true,"href":"https:\/\/noti-america.com\/site\/ecuador\/wp-json\/wp\/v2\/users\/144"}],"replies":[{"embeddable":true,"href":"https:\/\/noti-america.com\/site\/ecuador\/wp-json\/wp\/v2\/comments?post=34730"}],"version-history":[{"count":3,"href":"https:\/\/noti-america.com\/site\/ecuador\/wp-json\/wp\/v2\/posts\/34730\/revisions"}],"predecessor-version":[{"id":34736,"href":"https:\/\/noti-america.com\/site\/ecuador\/wp-json\/wp\/v2\/posts\/34730\/revisions\/34736"}],"wp:featuredmedia":[{"embeddable":true,"href":"https:\/\/noti-america.com\/site\/ecuador\/wp-json\/wp\/v2\/media\/34731"}],"wp:attachment":[{"href":"https:\/\/noti-america.com\/site\/ecuador\/wp-json\/wp\/v2\/media?parent=34730"}],"wp:term":[{"taxonomy":"category","embeddable":true,"href":"https:\/\/noti-america.com\/site\/ecuador\/wp-json\/wp\/v2\/categories?post=34730"},{"taxonomy":"post_tag","embeddable":true,"href":"https:\/\/noti-america.com\/site\/ecuador\/wp-json\/wp\/v2\/tags?post=34730"}],"curies":[{"name":"wp","href":"https:\/\/api.w.org\/{rel}","templated":true}]}}