{"id":34584,"date":"2025-04-17T02:10:46","date_gmt":"2025-04-17T02:10:46","guid":{"rendered":"https:\/\/noti-america.com\/site\/ecuador\/?p=34584"},"modified":"2025-04-17T02:10:46","modified_gmt":"2025-04-17T02:10:46","slug":"vita-alimentos-renueva-su-imagen-y-fortalece-su-compromiso-a-futuro","status":"publish","type":"post","link":"https:\/\/noti-america.com\/site\/ecuador\/2025\/04\/17\/vita-alimentos-renueva-su-imagen-y-fortalece-su-compromiso-a-futuro\/","title":{"rendered":"Vita Alimentos renueva su imagen y fortalece su compromiso a futuro"},"content":{"rendered":"<p><strong>REDACCI\u00d3N NOTI-AM\u00c9RICA (ECUADOR).<\/strong><\/p>\n<p style=\"text-align: justify\"><img loading=\"lazy\" decoding=\"async\" class=\"size-medium wp-image-34585 aligncenter\" src=\"https:\/\/noti-america.com\/site\/ecuador\/wp-content\/uploads\/sites\/18\/2025\/04\/IMG-20250416-WA0260-300x197.jpg\" alt=\"\" width=\"300\" height=\"197\" srcset=\"https:\/\/noti-america.com\/site\/ecuador\/wp-content\/uploads\/sites\/18\/2025\/04\/IMG-20250416-WA0260-300x197.jpg 300w, https:\/\/noti-america.com\/site\/ecuador\/wp-content\/uploads\/sites\/18\/2025\/04\/IMG-20250416-WA0260-1024x674.jpg 1024w, https:\/\/noti-america.com\/site\/ecuador\/wp-content\/uploads\/sites\/18\/2025\/04\/IMG-20250416-WA0260-768x505.jpg 768w, https:\/\/noti-america.com\/site\/ecuador\/wp-content\/uploads\/sites\/18\/2025\/04\/IMG-20250416-WA0260.jpg 1280w\" sizes=\"auto, (max-width: 300px) 100vw, 300px\" \/>Vita Alimentos presenta su nueva identidad visual como parte del compromiso con su prop\u00f3sito de marca: crear bienestar mediante alimentos nutritivos de manera sostenible. Este prop\u00f3sito se traduce en acciones concretas, como la renovaci\u00f3n completa de la imagen de su l\u00ednea de productos.<\/p>\n<p style=\"text-align: justify\">El nuevo dise\u00f1o conserva la esencia original de la marca, pero incorpora un estilo m\u00e1s moderno y cercano, buscando adem\u00e1s conectar con las nuevas generaciones. Uno de los elementos m\u00e1s representativos del redise\u00f1o es la hoja que sustituye al punto en la letra \u00abi\u00bb, simbolizando un firme compromiso con la sostenibilidad en todas las etapas de producci\u00f3n.<\/p>\n<p style=\"text-align: justify\">En 2022, la compa\u00f1\u00eda renov\u00f3 su planta de producci\u00f3n en Tulc\u00e1n con equipos de \u00faltima generaci\u00f3n para garantizar bebidas envasadas con total inocuidad, utilizando los modernos empaques Tetra Gemina Aseptic de Tetra Pak, que han hecho posible plasmar esta nueva identidad en envases m\u00e1s sostenibles.<\/p>\n<p style=\"text-align: justify\">Vita Alimentos ha sido reconocida durante ocho a\u00f1os consecutivos como la marca de l\u00e1cteos m\u00e1s elegida del pa\u00eds, seg\u00fan el ranking Brand Footprint de Kantar. Adem\u00e1s, ha marcado hitos importantes con su presencia internacional a trav\u00e9s de exportaciones activas hacia Per\u00fa, fortaleciendo as\u00ed su posicionamiento en la regi\u00f3n.<\/p>\n<p style=\"text-align: justify\">Con la renovaci\u00f3n de su imagen, la marca alcanza un hito significativo que reafirma su liderazgo en la industria l\u00e1ctea ecuatoriana, ofreciendo alimentos frescos, seguros y de alto valor nutricional, ahora con un dise\u00f1o que transmite movimiento, vitalidad y compromiso con el futuro.<\/p>\n","protected":false},"excerpt":{"rendered":"<p>REDACCI\u00d3N NOTI-AM\u00c9RICA (ECUADOR). Vita Alimentos presenta su nueva identidad visual como parte del compromiso con su prop\u00f3sito de marca: crear bienestar mediante alimentos nutritivos de manera sostenible. Este prop\u00f3sito se traduce en acciones concretas,&#46;&#46;&#46;<\/p>\n","protected":false},"author":144,"featured_media":34585,"comment_status":"open","ping_status":"open","sticky":false,"template":"","format":"standard","meta":{"_acf_changed":false,"om_disable_all_campaigns":false,"rop_custom_images_group":[],"rop_custom_messages_group":[],"rop_publish_now":"initial","rop_publish_now_accounts":{"twitter_242054905_242054905":""},"rop_publish_now_history":[],"rop_publish_now_status":"pending","_uf_show_specific_survey":0,"_uf_disable_surveys":false,"footnotes":""},"categories":[123],"tags":[],"class_list":["post-34584","post","type-post","status-publish","format-standard","has-post-thumbnail","hentry","category-innovacion"],"acf":[],"aioseo_notices":[],"yoast_head":"<!-- This site is optimized with the Yoast SEO Premium plugin v24.9 (Yoast SEO v27.2) - https:\/\/yoast.com\/product\/yoast-seo-premium-wordpress\/ -->\n<title>Vita Alimentos renueva su imagen y fortalece su compromiso a futuro - Ecuador | Noti-America.com<\/title>\n<meta name=\"robots\" content=\"index, follow, max-snippet:-1, max-image-preview:large, max-video-preview:-1\" \/>\n<link rel=\"canonical\" href=\"https:\/\/noti-america.com\/site\/ecuador\/2025\/04\/17\/vita-alimentos-renueva-su-imagen-y-fortalece-su-compromiso-a-futuro\/\" \/>\n<meta property=\"og:locale\" content=\"es_ES\" \/>\n<meta property=\"og:type\" content=\"article\" \/>\n<meta property=\"og:title\" content=\"Vita Alimentos renueva su imagen y fortalece su compromiso a futuro\" \/>\n<meta property=\"og:description\" content=\"REDACCI\u00d3N NOTI-AM\u00c9RICA (ECUADOR). Vita Alimentos presenta su nueva identidad visual como parte del compromiso con su prop\u00f3sito de marca: crear bienestar mediante alimentos nutritivos de manera sostenible. Este prop\u00f3sito se traduce en acciones concretas,&#046;&#046;&#046;\" \/>\n<meta property=\"og:url\" content=\"https:\/\/noti-america.com\/site\/ecuador\/2025\/04\/17\/vita-alimentos-renueva-su-imagen-y-fortalece-su-compromiso-a-futuro\/\" \/>\n<meta property=\"og:site_name\" content=\"Ecuador | Noti-America.com\" \/>\n<meta property=\"article:published_time\" content=\"2025-04-17T02:10:46+00:00\" \/>\n<meta property=\"og:image\" content=\"https:\/\/noti-america.com\/site\/ecuador\/wp-content\/uploads\/sites\/18\/2025\/04\/IMG-20250416-WA0260.jpg\" \/>\n\t<meta property=\"og:image:width\" content=\"1280\" \/>\n\t<meta property=\"og:image:height\" content=\"842\" \/>\n\t<meta property=\"og:image:type\" content=\"image\/jpeg\" \/>\n<meta name=\"author\" content=\"Henry Garrido\" \/>\n<meta name=\"twitter:card\" content=\"summary_large_image\" \/>\n<meta name=\"twitter:creator\" content=\"@notiamerica\" \/>\n<meta name=\"twitter:site\" content=\"@notiamerica\" \/>\n<meta name=\"twitter:label1\" content=\"Escrito por\" \/>\n\t<meta name=\"twitter:data1\" content=\"Henry Garrido\" \/>\n\t<meta name=\"twitter:label2\" content=\"Tiempo estimado de lectura\" \/>\n\t<meta name=\"twitter:data2\" content=\"2 minutos\" \/>\n<script type=\"application\/ld+json\" class=\"yoast-schema-graph\">{\"@context\":\"https:\/\/schema.org\",\"@graph\":[{\"@type\":\"Article\",\"@id\":\"https:\/\/noti-america.com\/site\/ecuador\/2025\/04\/17\/vita-alimentos-renueva-su-imagen-y-fortalece-su-compromiso-a-futuro\/#article\",\"isPartOf\":{\"@id\":\"https:\/\/noti-america.com\/site\/ecuador\/2025\/04\/17\/vita-alimentos-renueva-su-imagen-y-fortalece-su-compromiso-a-futuro\/\"},\"author\":{\"name\":\"Henry Garrido\",\"@id\":\"https:\/\/noti-america.com\/site\/ecuador\/#\/schema\/person\/00042412cfa9ecf98077f847ffadda4a\"},\"headline\":\"Vita Alimentos renueva su imagen y fortalece su compromiso a futuro\",\"datePublished\":\"2025-04-17T02:10:46+00:00\",\"mainEntityOfPage\":{\"@id\":\"https:\/\/noti-america.com\/site\/ecuador\/2025\/04\/17\/vita-alimentos-renueva-su-imagen-y-fortalece-su-compromiso-a-futuro\/\"},\"wordCount\":277,\"commentCount\":0,\"publisher\":{\"@id\":\"https:\/\/noti-america.com\/site\/ecuador\/#organization\"},\"image\":{\"@id\":\"https:\/\/noti-america.com\/site\/ecuador\/2025\/04\/17\/vita-alimentos-renueva-su-imagen-y-fortalece-su-compromiso-a-futuro\/#primaryimage\"},\"thumbnailUrl\":\"https:\/\/noti-america.com\/site\/ecuador\/wp-content\/uploads\/sites\/18\/2025\/04\/IMG-20250416-WA0260.jpg\",\"articleSection\":[\"Innovaci\u00f3n\"],\"inLanguage\":\"es\",\"potentialAction\":[{\"@type\":\"CommentAction\",\"name\":\"Comment\",\"target\":[\"https:\/\/noti-america.com\/site\/ecuador\/2025\/04\/17\/vita-alimentos-renueva-su-imagen-y-fortalece-su-compromiso-a-futuro\/#respond\"]}]},{\"@type\":\"WebPage\",\"@id\":\"https:\/\/noti-america.com\/site\/ecuador\/2025\/04\/17\/vita-alimentos-renueva-su-imagen-y-fortalece-su-compromiso-a-futuro\/\",\"url\":\"https:\/\/noti-america.com\/site\/ecuador\/2025\/04\/17\/vita-alimentos-renueva-su-imagen-y-fortalece-su-compromiso-a-futuro\/\",\"name\":\"Vita Alimentos renueva su imagen y fortalece su compromiso a futuro - Ecuador | Noti-America.com\",\"isPartOf\":{\"@id\":\"https:\/\/noti-america.com\/site\/ecuador\/#website\"},\"primaryImageOfPage\":{\"@id\":\"https:\/\/noti-america.com\/site\/ecuador\/2025\/04\/17\/vita-alimentos-renueva-su-imagen-y-fortalece-su-compromiso-a-futuro\/#primaryimage\"},\"image\":{\"@id\":\"https:\/\/noti-america.com\/site\/ecuador\/2025\/04\/17\/vita-alimentos-renueva-su-imagen-y-fortalece-su-compromiso-a-futuro\/#primaryimage\"},\"thumbnailUrl\":\"https:\/\/noti-america.com\/site\/ecuador\/wp-content\/uploads\/sites\/18\/2025\/04\/IMG-20250416-WA0260.jpg\",\"datePublished\":\"2025-04-17T02:10:46+00:00\",\"breadcrumb\":{\"@id\":\"https:\/\/noti-america.com\/site\/ecuador\/2025\/04\/17\/vita-alimentos-renueva-su-imagen-y-fortalece-su-compromiso-a-futuro\/#breadcrumb\"},\"inLanguage\":\"es\",\"potentialAction\":[{\"@type\":\"ReadAction\",\"target\":[\"https:\/\/noti-america.com\/site\/ecuador\/2025\/04\/17\/vita-alimentos-renueva-su-imagen-y-fortalece-su-compromiso-a-futuro\/\"]}]},{\"@type\":\"ImageObject\",\"inLanguage\":\"es\",\"@id\":\"https:\/\/noti-america.com\/site\/ecuador\/2025\/04\/17\/vita-alimentos-renueva-su-imagen-y-fortalece-su-compromiso-a-futuro\/#primaryimage\",\"url\":\"https:\/\/noti-america.com\/site\/ecuador\/wp-content\/uploads\/sites\/18\/2025\/04\/IMG-20250416-WA0260.jpg\",\"contentUrl\":\"https:\/\/noti-america.com\/site\/ecuador\/wp-content\/uploads\/sites\/18\/2025\/04\/IMG-20250416-WA0260.jpg\",\"width\":1280,\"height\":842},{\"@type\":\"BreadcrumbList\",\"@id\":\"https:\/\/noti-america.com\/site\/ecuador\/2025\/04\/17\/vita-alimentos-renueva-su-imagen-y-fortalece-su-compromiso-a-futuro\/#breadcrumb\",\"itemListElement\":[{\"@type\":\"ListItem\",\"position\":1,\"name\":\"Portada\",\"item\":\"https:\/\/noti-america.com\/site\/ecuador\/\"},{\"@type\":\"ListItem\",\"position\":2,\"name\":\"Vita Alimentos renueva su imagen y fortalece su compromiso a futuro\"}]},{\"@type\":\"WebSite\",\"@id\":\"https:\/\/noti-america.com\/site\/ecuador\/#website\",\"url\":\"https:\/\/noti-america.com\/site\/ecuador\/\",\"name\":\"Ecuador | Noti-America.com\",\"description\":\"\",\"publisher\":{\"@id\":\"https:\/\/noti-america.com\/site\/ecuador\/#organization\"},\"potentialAction\":[{\"@type\":\"SearchAction\",\"target\":{\"@type\":\"EntryPoint\",\"urlTemplate\":\"https:\/\/noti-america.com\/site\/ecuador\/?s={search_term_string}\"},\"query-input\":{\"@type\":\"PropertyValueSpecification\",\"valueRequired\":true,\"valueName\":\"search_term_string\"}}],\"inLanguage\":\"es\"},{\"@type\":\"Organization\",\"@id\":\"https:\/\/noti-america.com\/site\/ecuador\/#organization\",\"name\":\"Noti-America LLC | Ecuador\",\"url\":\"https:\/\/noti-america.com\/site\/ecuador\/\",\"logo\":{\"@type\":\"ImageObject\",\"inLanguage\":\"es\",\"@id\":\"https:\/\/noti-america.com\/site\/ecuador\/#\/schema\/logo\/image\/\",\"url\":\"https:\/\/noti-america.com\/site\/ecuador\/wp-content\/uploads\/sites\/18\/2020\/07\/LogoNA-4x3-1.jpg\",\"contentUrl\":\"https:\/\/noti-america.com\/site\/ecuador\/wp-content\/uploads\/sites\/18\/2020\/07\/LogoNA-4x3-1.jpg\",\"width\":1236,\"height\":1080,\"caption\":\"Noti-America LLC | Ecuador\"},\"image\":{\"@id\":\"https:\/\/noti-america.com\/site\/ecuador\/#\/schema\/logo\/image\/\"},\"sameAs\":[\"https:\/\/x.com\/notiamerica\"]},{\"@type\":\"Person\",\"@id\":\"https:\/\/noti-america.com\/site\/ecuador\/#\/schema\/person\/00042412cfa9ecf98077f847ffadda4a\",\"name\":\"Henry Garrido\",\"image\":{\"@type\":\"ImageObject\",\"inLanguage\":\"es\",\"@id\":\"https:\/\/secure.gravatar.com\/avatar\/749ae5a1e6f22cf042f04b9f3f0a22732ae36970ccfd5c54a0a2ac3c4e1166ed?s=96&d=mm&r=g\",\"url\":\"https:\/\/secure.gravatar.com\/avatar\/749ae5a1e6f22cf042f04b9f3f0a22732ae36970ccfd5c54a0a2ac3c4e1166ed?s=96&d=mm&r=g\",\"contentUrl\":\"https:\/\/secure.gravatar.com\/avatar\/749ae5a1e6f22cf042f04b9f3f0a22732ae36970ccfd5c54a0a2ac3c4e1166ed?s=96&d=mm&r=g\",\"caption\":\"Henry Garrido\"},\"url\":\"https:\/\/noti-america.com\/site\/ecuador\/author\/hgarrido\/\"}]}<\/script>\n<!-- \/ Yoast SEO Premium plugin. -->","yoast_head_json":{"title":"Vita Alimentos renueva su imagen y fortalece su compromiso a futuro - Ecuador | Noti-America.com","robots":{"index":"index","follow":"follow","max-snippet":"max-snippet:-1","max-image-preview":"max-image-preview:large","max-video-preview":"max-video-preview:-1"},"canonical":"https:\/\/noti-america.com\/site\/ecuador\/2025\/04\/17\/vita-alimentos-renueva-su-imagen-y-fortalece-su-compromiso-a-futuro\/","og_locale":"es_ES","og_type":"article","og_title":"Vita Alimentos renueva su imagen y fortalece su compromiso a futuro","og_description":"REDACCI\u00d3N NOTI-AM\u00c9RICA (ECUADOR). Vita Alimentos presenta su nueva identidad visual como parte del compromiso con su prop\u00f3sito de marca: crear bienestar mediante alimentos nutritivos de manera sostenible. Este prop\u00f3sito se traduce en acciones concretas,&#46;&#46;&#46;","og_url":"https:\/\/noti-america.com\/site\/ecuador\/2025\/04\/17\/vita-alimentos-renueva-su-imagen-y-fortalece-su-compromiso-a-futuro\/","og_site_name":"Ecuador | Noti-America.com","article_published_time":"2025-04-17T02:10:46+00:00","og_image":[{"width":1280,"height":842,"url":"https:\/\/noti-america.com\/site\/ecuador\/wp-content\/uploads\/sites\/18\/2025\/04\/IMG-20250416-WA0260.jpg","type":"image\/jpeg"}],"author":"Henry Garrido","twitter_card":"summary_large_image","twitter_creator":"@notiamerica","twitter_site":"@notiamerica","twitter_misc":{"Escrito por":"Henry Garrido","Tiempo estimado de lectura":"2 minutos"},"schema":{"@context":"https:\/\/schema.org","@graph":[{"@type":"Article","@id":"https:\/\/noti-america.com\/site\/ecuador\/2025\/04\/17\/vita-alimentos-renueva-su-imagen-y-fortalece-su-compromiso-a-futuro\/#article","isPartOf":{"@id":"https:\/\/noti-america.com\/site\/ecuador\/2025\/04\/17\/vita-alimentos-renueva-su-imagen-y-fortalece-su-compromiso-a-futuro\/"},"author":{"name":"Henry Garrido","@id":"https:\/\/noti-america.com\/site\/ecuador\/#\/schema\/person\/00042412cfa9ecf98077f847ffadda4a"},"headline":"Vita Alimentos renueva su imagen y fortalece su compromiso a futuro","datePublished":"2025-04-17T02:10:46+00:00","mainEntityOfPage":{"@id":"https:\/\/noti-america.com\/site\/ecuador\/2025\/04\/17\/vita-alimentos-renueva-su-imagen-y-fortalece-su-compromiso-a-futuro\/"},"wordCount":277,"commentCount":0,"publisher":{"@id":"https:\/\/noti-america.com\/site\/ecuador\/#organization"},"image":{"@id":"https:\/\/noti-america.com\/site\/ecuador\/2025\/04\/17\/vita-alimentos-renueva-su-imagen-y-fortalece-su-compromiso-a-futuro\/#primaryimage"},"thumbnailUrl":"https:\/\/noti-america.com\/site\/ecuador\/wp-content\/uploads\/sites\/18\/2025\/04\/IMG-20250416-WA0260.jpg","articleSection":["Innovaci\u00f3n"],"inLanguage":"es","potentialAction":[{"@type":"CommentAction","name":"Comment","target":["https:\/\/noti-america.com\/site\/ecuador\/2025\/04\/17\/vita-alimentos-renueva-su-imagen-y-fortalece-su-compromiso-a-futuro\/#respond"]}]},{"@type":"WebPage","@id":"https:\/\/noti-america.com\/site\/ecuador\/2025\/04\/17\/vita-alimentos-renueva-su-imagen-y-fortalece-su-compromiso-a-futuro\/","url":"https:\/\/noti-america.com\/site\/ecuador\/2025\/04\/17\/vita-alimentos-renueva-su-imagen-y-fortalece-su-compromiso-a-futuro\/","name":"Vita Alimentos renueva su imagen y fortalece su compromiso a futuro - Ecuador | Noti-America.com","isPartOf":{"@id":"https:\/\/noti-america.com\/site\/ecuador\/#website"},"primaryImageOfPage":{"@id":"https:\/\/noti-america.com\/site\/ecuador\/2025\/04\/17\/vita-alimentos-renueva-su-imagen-y-fortalece-su-compromiso-a-futuro\/#primaryimage"},"image":{"@id":"https:\/\/noti-america.com\/site\/ecuador\/2025\/04\/17\/vita-alimentos-renueva-su-imagen-y-fortalece-su-compromiso-a-futuro\/#primaryimage"},"thumbnailUrl":"https:\/\/noti-america.com\/site\/ecuador\/wp-content\/uploads\/sites\/18\/2025\/04\/IMG-20250416-WA0260.jpg","datePublished":"2025-04-17T02:10:46+00:00","breadcrumb":{"@id":"https:\/\/noti-america.com\/site\/ecuador\/2025\/04\/17\/vita-alimentos-renueva-su-imagen-y-fortalece-su-compromiso-a-futuro\/#breadcrumb"},"inLanguage":"es","potentialAction":[{"@type":"ReadAction","target":["https:\/\/noti-america.com\/site\/ecuador\/2025\/04\/17\/vita-alimentos-renueva-su-imagen-y-fortalece-su-compromiso-a-futuro\/"]}]},{"@type":"ImageObject","inLanguage":"es","@id":"https:\/\/noti-america.com\/site\/ecuador\/2025\/04\/17\/vita-alimentos-renueva-su-imagen-y-fortalece-su-compromiso-a-futuro\/#primaryimage","url":"https:\/\/noti-america.com\/site\/ecuador\/wp-content\/uploads\/sites\/18\/2025\/04\/IMG-20250416-WA0260.jpg","contentUrl":"https:\/\/noti-america.com\/site\/ecuador\/wp-content\/uploads\/sites\/18\/2025\/04\/IMG-20250416-WA0260.jpg","width":1280,"height":842},{"@type":"BreadcrumbList","@id":"https:\/\/noti-america.com\/site\/ecuador\/2025\/04\/17\/vita-alimentos-renueva-su-imagen-y-fortalece-su-compromiso-a-futuro\/#breadcrumb","itemListElement":[{"@type":"ListItem","position":1,"name":"Portada","item":"https:\/\/noti-america.com\/site\/ecuador\/"},{"@type":"ListItem","position":2,"name":"Vita Alimentos renueva su imagen y fortalece su compromiso a futuro"}]},{"@type":"WebSite","@id":"https:\/\/noti-america.com\/site\/ecuador\/#website","url":"https:\/\/noti-america.com\/site\/ecuador\/","name":"Ecuador | Noti-America.com","description":"","publisher":{"@id":"https:\/\/noti-america.com\/site\/ecuador\/#organization"},"potentialAction":[{"@type":"SearchAction","target":{"@type":"EntryPoint","urlTemplate":"https:\/\/noti-america.com\/site\/ecuador\/?s={search_term_string}"},"query-input":{"@type":"PropertyValueSpecification","valueRequired":true,"valueName":"search_term_string"}}],"inLanguage":"es"},{"@type":"Organization","@id":"https:\/\/noti-america.com\/site\/ecuador\/#organization","name":"Noti-America LLC | Ecuador","url":"https:\/\/noti-america.com\/site\/ecuador\/","logo":{"@type":"ImageObject","inLanguage":"es","@id":"https:\/\/noti-america.com\/site\/ecuador\/#\/schema\/logo\/image\/","url":"https:\/\/noti-america.com\/site\/ecuador\/wp-content\/uploads\/sites\/18\/2020\/07\/LogoNA-4x3-1.jpg","contentUrl":"https:\/\/noti-america.com\/site\/ecuador\/wp-content\/uploads\/sites\/18\/2020\/07\/LogoNA-4x3-1.jpg","width":1236,"height":1080,"caption":"Noti-America LLC | Ecuador"},"image":{"@id":"https:\/\/noti-america.com\/site\/ecuador\/#\/schema\/logo\/image\/"},"sameAs":["https:\/\/x.com\/notiamerica"]},{"@type":"Person","@id":"https:\/\/noti-america.com\/site\/ecuador\/#\/schema\/person\/00042412cfa9ecf98077f847ffadda4a","name":"Henry Garrido","image":{"@type":"ImageObject","inLanguage":"es","@id":"https:\/\/secure.gravatar.com\/avatar\/749ae5a1e6f22cf042f04b9f3f0a22732ae36970ccfd5c54a0a2ac3c4e1166ed?s=96&d=mm&r=g","url":"https:\/\/secure.gravatar.com\/avatar\/749ae5a1e6f22cf042f04b9f3f0a22732ae36970ccfd5c54a0a2ac3c4e1166ed?s=96&d=mm&r=g","contentUrl":"https:\/\/secure.gravatar.com\/avatar\/749ae5a1e6f22cf042f04b9f3f0a22732ae36970ccfd5c54a0a2ac3c4e1166ed?s=96&d=mm&r=g","caption":"Henry Garrido"},"url":"https:\/\/noti-america.com\/site\/ecuador\/author\/hgarrido\/"}]}},"_links":{"self":[{"href":"https:\/\/noti-america.com\/site\/ecuador\/wp-json\/wp\/v2\/posts\/34584","targetHints":{"allow":["GET"]}}],"collection":[{"href":"https:\/\/noti-america.com\/site\/ecuador\/wp-json\/wp\/v2\/posts"}],"about":[{"href":"https:\/\/noti-america.com\/site\/ecuador\/wp-json\/wp\/v2\/types\/post"}],"author":[{"embeddable":true,"href":"https:\/\/noti-america.com\/site\/ecuador\/wp-json\/wp\/v2\/users\/144"}],"replies":[{"embeddable":true,"href":"https:\/\/noti-america.com\/site\/ecuador\/wp-json\/wp\/v2\/comments?post=34584"}],"version-history":[{"count":1,"href":"https:\/\/noti-america.com\/site\/ecuador\/wp-json\/wp\/v2\/posts\/34584\/revisions"}],"predecessor-version":[{"id":34586,"href":"https:\/\/noti-america.com\/site\/ecuador\/wp-json\/wp\/v2\/posts\/34584\/revisions\/34586"}],"wp:featuredmedia":[{"embeddable":true,"href":"https:\/\/noti-america.com\/site\/ecuador\/wp-json\/wp\/v2\/media\/34585"}],"wp:attachment":[{"href":"https:\/\/noti-america.com\/site\/ecuador\/wp-json\/wp\/v2\/media?parent=34584"}],"wp:term":[{"taxonomy":"category","embeddable":true,"href":"https:\/\/noti-america.com\/site\/ecuador\/wp-json\/wp\/v2\/categories?post=34584"},{"taxonomy":"post_tag","embeddable":true,"href":"https:\/\/noti-america.com\/site\/ecuador\/wp-json\/wp\/v2\/tags?post=34584"}],"curies":[{"name":"wp","href":"https:\/\/api.w.org\/{rel}","templated":true}]}}