{"id":34568,"date":"2025-04-16T02:09:02","date_gmt":"2025-04-16T02:09:02","guid":{"rendered":"https:\/\/noti-america.com\/site\/ecuador\/?p=34568"},"modified":"2025-04-16T02:09:02","modified_gmt":"2025-04-16T02:09:02","slug":"consejo-de-la-judicatura-sanciono-a-dos-jueces-por-faltas-graves","status":"publish","type":"post","link":"https:\/\/noti-america.com\/site\/ecuador\/2025\/04\/16\/consejo-de-la-judicatura-sanciono-a-dos-jueces-por-faltas-graves\/","title":{"rendered":"Consejo de la Judicatura sancion\u00f3 a dos jueces por faltas graves"},"content":{"rendered":"<p><strong>REDACCI\u00d3N NOTI-AM\u00c9RICA (ECUADOR).<\/strong><\/p>\n<p style=\"text-align: justify\"><img loading=\"lazy\" decoding=\"async\" class=\"size-medium wp-image-34569 aligncenter\" src=\"https:\/\/noti-america.com\/site\/ecuador\/wp-content\/uploads\/sites\/18\/2025\/04\/IMG-20250409-WA0014-300x199.jpg\" alt=\"\" width=\"300\" height=\"199\" srcset=\"https:\/\/noti-america.com\/site\/ecuador\/wp-content\/uploads\/sites\/18\/2025\/04\/IMG-20250409-WA0014-300x199.jpg 300w, https:\/\/noti-america.com\/site\/ecuador\/wp-content\/uploads\/sites\/18\/2025\/04\/IMG-20250409-WA0014-768x510.jpg 768w, https:\/\/noti-america.com\/site\/ecuador\/wp-content\/uploads\/sites\/18\/2025\/04\/IMG-20250409-WA0014.jpg 960w\" sizes=\"auto, (max-width: 300px) 100vw, 300px\" \/>El Pleno del Consejo de la Judicatura sancion\u00f3 este martes, 15 de abril de 2025, a dos jueces del Guayas y despidi\u00f3 a un ayudante judicial de Loja por diferentes faltas.<\/p>\n<p style=\"text-align: justify\">En la sesi\u00f3n el pleno sancion\u00f3 a una jueza de Unidad Judicial de la Familia, Mujer, Ni\u00f1ez y Adolescencia de Guayaquil porque en un caso de patria potestad, incurri\u00f3 en manifiesta negligencia por demora injustificada para fijar la audiencia. La funcionaria fue suspendida en su cargo durante 30 d\u00edas. La medida incluye su remuneraci\u00f3n.<\/p>\n<p style=\"text-align: justify\">El segundo caso fue un juez de la sala especializada de lo Laboral de la Corte Provincial de Justicia de Guayas, quien dentro de un proceso judicial por despido intempestivo, tard\u00f3 cinco meses en reducir a escrito la sentencia. El Pleno interpuso al juez la sanci\u00f3n pecuniaria del 3% de la remuneraci\u00f3n mensual.<\/p>\n<p style=\"text-align: justify\">Mientras que en el tercer caso, la sanci\u00f3n recae contra un ayudante judicial de la Unidad de Familia, Mujer, Ni\u00f1ez y Adolescencia de Loja, quien fue despedido por no justificar la inasistencia por cuatro d\u00edas consecutivos.<\/p>\n","protected":false},"excerpt":{"rendered":"<p>REDACCI\u00d3N NOTI-AM\u00c9RICA (ECUADOR). El Pleno del Consejo de la Judicatura sancion\u00f3 este martes, 15 de abril de 2025, a dos jueces del Guayas y despidi\u00f3 a un ayudante judicial de Loja por diferentes faltas.&#46;&#46;&#46;<\/p>\n","protected":false},"author":144,"featured_media":34569,"comment_status":"open","ping_status":"open","sticky":false,"template":"","format":"standard","meta":{"_acf_changed":false,"om_disable_all_campaigns":false,"rop_custom_images_group":[],"rop_custom_messages_group":[],"rop_publish_now":"initial","rop_publish_now_accounts":{"twitter_242054905_242054905":""},"rop_publish_now_history":[],"rop_publish_now_status":"pending","_uf_show_specific_survey":0,"_uf_disable_surveys":false,"footnotes":""},"categories":[125],"tags":[],"class_list":["post-34568","post","type-post","status-publish","format-standard","has-post-thumbnail","hentry","category-actualidad"],"acf":[],"aioseo_notices":[],"yoast_head":"<!-- This site is optimized with the Yoast SEO Premium plugin v24.9 (Yoast SEO v27.2) - https:\/\/yoast.com\/product\/yoast-seo-premium-wordpress\/ -->\n<title>Consejo de la Judicatura sancion\u00f3 a dos jueces por faltas graves - Ecuador | Noti-America.com<\/title>\n<meta name=\"robots\" content=\"index, follow, max-snippet:-1, max-image-preview:large, max-video-preview:-1\" \/>\n<link rel=\"canonical\" href=\"https:\/\/noti-america.com\/site\/ecuador\/2025\/04\/16\/consejo-de-la-judicatura-sanciono-a-dos-jueces-por-faltas-graves\/\" \/>\n<meta property=\"og:locale\" content=\"es_ES\" \/>\n<meta property=\"og:type\" content=\"article\" \/>\n<meta property=\"og:title\" content=\"Consejo de la Judicatura sancion\u00f3 a dos jueces por faltas graves\" \/>\n<meta property=\"og:description\" content=\"REDACCI\u00d3N NOTI-AM\u00c9RICA (ECUADOR). El Pleno del Consejo de la Judicatura sancion\u00f3 este martes, 15 de abril de 2025, a dos jueces del Guayas y despidi\u00f3 a un ayudante judicial de Loja por diferentes faltas.&#046;&#046;&#046;\" \/>\n<meta property=\"og:url\" content=\"https:\/\/noti-america.com\/site\/ecuador\/2025\/04\/16\/consejo-de-la-judicatura-sanciono-a-dos-jueces-por-faltas-graves\/\" \/>\n<meta property=\"og:site_name\" content=\"Ecuador | Noti-America.com\" \/>\n<meta property=\"article:published_time\" content=\"2025-04-16T02:09:02+00:00\" \/>\n<meta property=\"og:image\" content=\"https:\/\/noti-america.com\/site\/ecuador\/wp-content\/uploads\/sites\/18\/2025\/04\/IMG-20250409-WA0014.jpg\" \/>\n\t<meta property=\"og:image:width\" content=\"960\" \/>\n\t<meta property=\"og:image:height\" content=\"637\" \/>\n\t<meta property=\"og:image:type\" content=\"image\/jpeg\" \/>\n<meta name=\"author\" content=\"Henry Garrido\" \/>\n<meta name=\"twitter:card\" content=\"summary_large_image\" \/>\n<meta name=\"twitter:creator\" content=\"@notiamerica\" \/>\n<meta name=\"twitter:site\" content=\"@notiamerica\" \/>\n<meta name=\"twitter:label1\" content=\"Escrito por\" \/>\n\t<meta name=\"twitter:data1\" content=\"Henry Garrido\" \/>\n\t<meta name=\"twitter:label2\" content=\"Tiempo estimado de lectura\" \/>\n\t<meta name=\"twitter:data2\" content=\"2 minutos\" \/>\n<script type=\"application\/ld+json\" class=\"yoast-schema-graph\">{\"@context\":\"https:\/\/schema.org\",\"@graph\":[{\"@type\":\"Article\",\"@id\":\"https:\/\/noti-america.com\/site\/ecuador\/2025\/04\/16\/consejo-de-la-judicatura-sanciono-a-dos-jueces-por-faltas-graves\/#article\",\"isPartOf\":{\"@id\":\"https:\/\/noti-america.com\/site\/ecuador\/2025\/04\/16\/consejo-de-la-judicatura-sanciono-a-dos-jueces-por-faltas-graves\/\"},\"author\":{\"name\":\"Henry Garrido\",\"@id\":\"https:\/\/noti-america.com\/site\/ecuador\/#\/schema\/person\/00042412cfa9ecf98077f847ffadda4a\"},\"headline\":\"Consejo de la Judicatura sancion\u00f3 a dos jueces por faltas graves\",\"datePublished\":\"2025-04-16T02:09:02+00:00\",\"mainEntityOfPage\":{\"@id\":\"https:\/\/noti-america.com\/site\/ecuador\/2025\/04\/16\/consejo-de-la-judicatura-sanciono-a-dos-jueces-por-faltas-graves\/\"},\"wordCount\":195,\"commentCount\":0,\"publisher\":{\"@id\":\"https:\/\/noti-america.com\/site\/ecuador\/#organization\"},\"image\":{\"@id\":\"https:\/\/noti-america.com\/site\/ecuador\/2025\/04\/16\/consejo-de-la-judicatura-sanciono-a-dos-jueces-por-faltas-graves\/#primaryimage\"},\"thumbnailUrl\":\"https:\/\/noti-america.com\/site\/ecuador\/wp-content\/uploads\/sites\/18\/2025\/04\/IMG-20250409-WA0014.jpg\",\"articleSection\":[\"Actualidad\"],\"inLanguage\":\"es\",\"potentialAction\":[{\"@type\":\"CommentAction\",\"name\":\"Comment\",\"target\":[\"https:\/\/noti-america.com\/site\/ecuador\/2025\/04\/16\/consejo-de-la-judicatura-sanciono-a-dos-jueces-por-faltas-graves\/#respond\"]}]},{\"@type\":\"WebPage\",\"@id\":\"https:\/\/noti-america.com\/site\/ecuador\/2025\/04\/16\/consejo-de-la-judicatura-sanciono-a-dos-jueces-por-faltas-graves\/\",\"url\":\"https:\/\/noti-america.com\/site\/ecuador\/2025\/04\/16\/consejo-de-la-judicatura-sanciono-a-dos-jueces-por-faltas-graves\/\",\"name\":\"Consejo de la Judicatura sancion\u00f3 a dos jueces por faltas graves - Ecuador | Noti-America.com\",\"isPartOf\":{\"@id\":\"https:\/\/noti-america.com\/site\/ecuador\/#website\"},\"primaryImageOfPage\":{\"@id\":\"https:\/\/noti-america.com\/site\/ecuador\/2025\/04\/16\/consejo-de-la-judicatura-sanciono-a-dos-jueces-por-faltas-graves\/#primaryimage\"},\"image\":{\"@id\":\"https:\/\/noti-america.com\/site\/ecuador\/2025\/04\/16\/consejo-de-la-judicatura-sanciono-a-dos-jueces-por-faltas-graves\/#primaryimage\"},\"thumbnailUrl\":\"https:\/\/noti-america.com\/site\/ecuador\/wp-content\/uploads\/sites\/18\/2025\/04\/IMG-20250409-WA0014.jpg\",\"datePublished\":\"2025-04-16T02:09:02+00:00\",\"breadcrumb\":{\"@id\":\"https:\/\/noti-america.com\/site\/ecuador\/2025\/04\/16\/consejo-de-la-judicatura-sanciono-a-dos-jueces-por-faltas-graves\/#breadcrumb\"},\"inLanguage\":\"es\",\"potentialAction\":[{\"@type\":\"ReadAction\",\"target\":[\"https:\/\/noti-america.com\/site\/ecuador\/2025\/04\/16\/consejo-de-la-judicatura-sanciono-a-dos-jueces-por-faltas-graves\/\"]}]},{\"@type\":\"ImageObject\",\"inLanguage\":\"es\",\"@id\":\"https:\/\/noti-america.com\/site\/ecuador\/2025\/04\/16\/consejo-de-la-judicatura-sanciono-a-dos-jueces-por-faltas-graves\/#primaryimage\",\"url\":\"https:\/\/noti-america.com\/site\/ecuador\/wp-content\/uploads\/sites\/18\/2025\/04\/IMG-20250409-WA0014.jpg\",\"contentUrl\":\"https:\/\/noti-america.com\/site\/ecuador\/wp-content\/uploads\/sites\/18\/2025\/04\/IMG-20250409-WA0014.jpg\",\"width\":960,\"height\":637},{\"@type\":\"BreadcrumbList\",\"@id\":\"https:\/\/noti-america.com\/site\/ecuador\/2025\/04\/16\/consejo-de-la-judicatura-sanciono-a-dos-jueces-por-faltas-graves\/#breadcrumb\",\"itemListElement\":[{\"@type\":\"ListItem\",\"position\":1,\"name\":\"Portada\",\"item\":\"https:\/\/noti-america.com\/site\/ecuador\/\"},{\"@type\":\"ListItem\",\"position\":2,\"name\":\"Consejo de la Judicatura sancion\u00f3 a dos jueces por faltas graves\"}]},{\"@type\":\"WebSite\",\"@id\":\"https:\/\/noti-america.com\/site\/ecuador\/#website\",\"url\":\"https:\/\/noti-america.com\/site\/ecuador\/\",\"name\":\"Ecuador | Noti-America.com\",\"description\":\"\",\"publisher\":{\"@id\":\"https:\/\/noti-america.com\/site\/ecuador\/#organization\"},\"potentialAction\":[{\"@type\":\"SearchAction\",\"target\":{\"@type\":\"EntryPoint\",\"urlTemplate\":\"https:\/\/noti-america.com\/site\/ecuador\/?s={search_term_string}\"},\"query-input\":{\"@type\":\"PropertyValueSpecification\",\"valueRequired\":true,\"valueName\":\"search_term_string\"}}],\"inLanguage\":\"es\"},{\"@type\":\"Organization\",\"@id\":\"https:\/\/noti-america.com\/site\/ecuador\/#organization\",\"name\":\"Noti-America LLC | Ecuador\",\"url\":\"https:\/\/noti-america.com\/site\/ecuador\/\",\"logo\":{\"@type\":\"ImageObject\",\"inLanguage\":\"es\",\"@id\":\"https:\/\/noti-america.com\/site\/ecuador\/#\/schema\/logo\/image\/\",\"url\":\"https:\/\/noti-america.com\/site\/ecuador\/wp-content\/uploads\/sites\/18\/2020\/07\/LogoNA-4x3-1.jpg\",\"contentUrl\":\"https:\/\/noti-america.com\/site\/ecuador\/wp-content\/uploads\/sites\/18\/2020\/07\/LogoNA-4x3-1.jpg\",\"width\":1236,\"height\":1080,\"caption\":\"Noti-America LLC | Ecuador\"},\"image\":{\"@id\":\"https:\/\/noti-america.com\/site\/ecuador\/#\/schema\/logo\/image\/\"},\"sameAs\":[\"https:\/\/x.com\/notiamerica\"]},{\"@type\":\"Person\",\"@id\":\"https:\/\/noti-america.com\/site\/ecuador\/#\/schema\/person\/00042412cfa9ecf98077f847ffadda4a\",\"name\":\"Henry Garrido\",\"image\":{\"@type\":\"ImageObject\",\"inLanguage\":\"es\",\"@id\":\"https:\/\/secure.gravatar.com\/avatar\/749ae5a1e6f22cf042f04b9f3f0a22732ae36970ccfd5c54a0a2ac3c4e1166ed?s=96&d=mm&r=g\",\"url\":\"https:\/\/secure.gravatar.com\/avatar\/749ae5a1e6f22cf042f04b9f3f0a22732ae36970ccfd5c54a0a2ac3c4e1166ed?s=96&d=mm&r=g\",\"contentUrl\":\"https:\/\/secure.gravatar.com\/avatar\/749ae5a1e6f22cf042f04b9f3f0a22732ae36970ccfd5c54a0a2ac3c4e1166ed?s=96&d=mm&r=g\",\"caption\":\"Henry Garrido\"},\"url\":\"https:\/\/noti-america.com\/site\/ecuador\/author\/hgarrido\/\"}]}<\/script>\n<!-- \/ Yoast SEO Premium plugin. -->","yoast_head_json":{"title":"Consejo de la Judicatura sancion\u00f3 a dos jueces por faltas graves - Ecuador | Noti-America.com","robots":{"index":"index","follow":"follow","max-snippet":"max-snippet:-1","max-image-preview":"max-image-preview:large","max-video-preview":"max-video-preview:-1"},"canonical":"https:\/\/noti-america.com\/site\/ecuador\/2025\/04\/16\/consejo-de-la-judicatura-sanciono-a-dos-jueces-por-faltas-graves\/","og_locale":"es_ES","og_type":"article","og_title":"Consejo de la Judicatura sancion\u00f3 a dos jueces por faltas graves","og_description":"REDACCI\u00d3N NOTI-AM\u00c9RICA (ECUADOR). El Pleno del Consejo de la Judicatura sancion\u00f3 este martes, 15 de abril de 2025, a dos jueces del Guayas y despidi\u00f3 a un ayudante judicial de Loja por diferentes faltas.&#46;&#46;&#46;","og_url":"https:\/\/noti-america.com\/site\/ecuador\/2025\/04\/16\/consejo-de-la-judicatura-sanciono-a-dos-jueces-por-faltas-graves\/","og_site_name":"Ecuador | Noti-America.com","article_published_time":"2025-04-16T02:09:02+00:00","og_image":[{"width":960,"height":637,"url":"https:\/\/noti-america.com\/site\/ecuador\/wp-content\/uploads\/sites\/18\/2025\/04\/IMG-20250409-WA0014.jpg","type":"image\/jpeg"}],"author":"Henry Garrido","twitter_card":"summary_large_image","twitter_creator":"@notiamerica","twitter_site":"@notiamerica","twitter_misc":{"Escrito por":"Henry Garrido","Tiempo estimado de lectura":"2 minutos"},"schema":{"@context":"https:\/\/schema.org","@graph":[{"@type":"Article","@id":"https:\/\/noti-america.com\/site\/ecuador\/2025\/04\/16\/consejo-de-la-judicatura-sanciono-a-dos-jueces-por-faltas-graves\/#article","isPartOf":{"@id":"https:\/\/noti-america.com\/site\/ecuador\/2025\/04\/16\/consejo-de-la-judicatura-sanciono-a-dos-jueces-por-faltas-graves\/"},"author":{"name":"Henry Garrido","@id":"https:\/\/noti-america.com\/site\/ecuador\/#\/schema\/person\/00042412cfa9ecf98077f847ffadda4a"},"headline":"Consejo de la Judicatura sancion\u00f3 a dos jueces por faltas graves","datePublished":"2025-04-16T02:09:02+00:00","mainEntityOfPage":{"@id":"https:\/\/noti-america.com\/site\/ecuador\/2025\/04\/16\/consejo-de-la-judicatura-sanciono-a-dos-jueces-por-faltas-graves\/"},"wordCount":195,"commentCount":0,"publisher":{"@id":"https:\/\/noti-america.com\/site\/ecuador\/#organization"},"image":{"@id":"https:\/\/noti-america.com\/site\/ecuador\/2025\/04\/16\/consejo-de-la-judicatura-sanciono-a-dos-jueces-por-faltas-graves\/#primaryimage"},"thumbnailUrl":"https:\/\/noti-america.com\/site\/ecuador\/wp-content\/uploads\/sites\/18\/2025\/04\/IMG-20250409-WA0014.jpg","articleSection":["Actualidad"],"inLanguage":"es","potentialAction":[{"@type":"CommentAction","name":"Comment","target":["https:\/\/noti-america.com\/site\/ecuador\/2025\/04\/16\/consejo-de-la-judicatura-sanciono-a-dos-jueces-por-faltas-graves\/#respond"]}]},{"@type":"WebPage","@id":"https:\/\/noti-america.com\/site\/ecuador\/2025\/04\/16\/consejo-de-la-judicatura-sanciono-a-dos-jueces-por-faltas-graves\/","url":"https:\/\/noti-america.com\/site\/ecuador\/2025\/04\/16\/consejo-de-la-judicatura-sanciono-a-dos-jueces-por-faltas-graves\/","name":"Consejo de la Judicatura sancion\u00f3 a dos jueces por faltas graves - Ecuador | Noti-America.com","isPartOf":{"@id":"https:\/\/noti-america.com\/site\/ecuador\/#website"},"primaryImageOfPage":{"@id":"https:\/\/noti-america.com\/site\/ecuador\/2025\/04\/16\/consejo-de-la-judicatura-sanciono-a-dos-jueces-por-faltas-graves\/#primaryimage"},"image":{"@id":"https:\/\/noti-america.com\/site\/ecuador\/2025\/04\/16\/consejo-de-la-judicatura-sanciono-a-dos-jueces-por-faltas-graves\/#primaryimage"},"thumbnailUrl":"https:\/\/noti-america.com\/site\/ecuador\/wp-content\/uploads\/sites\/18\/2025\/04\/IMG-20250409-WA0014.jpg","datePublished":"2025-04-16T02:09:02+00:00","breadcrumb":{"@id":"https:\/\/noti-america.com\/site\/ecuador\/2025\/04\/16\/consejo-de-la-judicatura-sanciono-a-dos-jueces-por-faltas-graves\/#breadcrumb"},"inLanguage":"es","potentialAction":[{"@type":"ReadAction","target":["https:\/\/noti-america.com\/site\/ecuador\/2025\/04\/16\/consejo-de-la-judicatura-sanciono-a-dos-jueces-por-faltas-graves\/"]}]},{"@type":"ImageObject","inLanguage":"es","@id":"https:\/\/noti-america.com\/site\/ecuador\/2025\/04\/16\/consejo-de-la-judicatura-sanciono-a-dos-jueces-por-faltas-graves\/#primaryimage","url":"https:\/\/noti-america.com\/site\/ecuador\/wp-content\/uploads\/sites\/18\/2025\/04\/IMG-20250409-WA0014.jpg","contentUrl":"https:\/\/noti-america.com\/site\/ecuador\/wp-content\/uploads\/sites\/18\/2025\/04\/IMG-20250409-WA0014.jpg","width":960,"height":637},{"@type":"BreadcrumbList","@id":"https:\/\/noti-america.com\/site\/ecuador\/2025\/04\/16\/consejo-de-la-judicatura-sanciono-a-dos-jueces-por-faltas-graves\/#breadcrumb","itemListElement":[{"@type":"ListItem","position":1,"name":"Portada","item":"https:\/\/noti-america.com\/site\/ecuador\/"},{"@type":"ListItem","position":2,"name":"Consejo de la Judicatura sancion\u00f3 a dos jueces por faltas graves"}]},{"@type":"WebSite","@id":"https:\/\/noti-america.com\/site\/ecuador\/#website","url":"https:\/\/noti-america.com\/site\/ecuador\/","name":"Ecuador | Noti-America.com","description":"","publisher":{"@id":"https:\/\/noti-america.com\/site\/ecuador\/#organization"},"potentialAction":[{"@type":"SearchAction","target":{"@type":"EntryPoint","urlTemplate":"https:\/\/noti-america.com\/site\/ecuador\/?s={search_term_string}"},"query-input":{"@type":"PropertyValueSpecification","valueRequired":true,"valueName":"search_term_string"}}],"inLanguage":"es"},{"@type":"Organization","@id":"https:\/\/noti-america.com\/site\/ecuador\/#organization","name":"Noti-America LLC | Ecuador","url":"https:\/\/noti-america.com\/site\/ecuador\/","logo":{"@type":"ImageObject","inLanguage":"es","@id":"https:\/\/noti-america.com\/site\/ecuador\/#\/schema\/logo\/image\/","url":"https:\/\/noti-america.com\/site\/ecuador\/wp-content\/uploads\/sites\/18\/2020\/07\/LogoNA-4x3-1.jpg","contentUrl":"https:\/\/noti-america.com\/site\/ecuador\/wp-content\/uploads\/sites\/18\/2020\/07\/LogoNA-4x3-1.jpg","width":1236,"height":1080,"caption":"Noti-America LLC | Ecuador"},"image":{"@id":"https:\/\/noti-america.com\/site\/ecuador\/#\/schema\/logo\/image\/"},"sameAs":["https:\/\/x.com\/notiamerica"]},{"@type":"Person","@id":"https:\/\/noti-america.com\/site\/ecuador\/#\/schema\/person\/00042412cfa9ecf98077f847ffadda4a","name":"Henry Garrido","image":{"@type":"ImageObject","inLanguage":"es","@id":"https:\/\/secure.gravatar.com\/avatar\/749ae5a1e6f22cf042f04b9f3f0a22732ae36970ccfd5c54a0a2ac3c4e1166ed?s=96&d=mm&r=g","url":"https:\/\/secure.gravatar.com\/avatar\/749ae5a1e6f22cf042f04b9f3f0a22732ae36970ccfd5c54a0a2ac3c4e1166ed?s=96&d=mm&r=g","contentUrl":"https:\/\/secure.gravatar.com\/avatar\/749ae5a1e6f22cf042f04b9f3f0a22732ae36970ccfd5c54a0a2ac3c4e1166ed?s=96&d=mm&r=g","caption":"Henry Garrido"},"url":"https:\/\/noti-america.com\/site\/ecuador\/author\/hgarrido\/"}]}},"_links":{"self":[{"href":"https:\/\/noti-america.com\/site\/ecuador\/wp-json\/wp\/v2\/posts\/34568","targetHints":{"allow":["GET"]}}],"collection":[{"href":"https:\/\/noti-america.com\/site\/ecuador\/wp-json\/wp\/v2\/posts"}],"about":[{"href":"https:\/\/noti-america.com\/site\/ecuador\/wp-json\/wp\/v2\/types\/post"}],"author":[{"embeddable":true,"href":"https:\/\/noti-america.com\/site\/ecuador\/wp-json\/wp\/v2\/users\/144"}],"replies":[{"embeddable":true,"href":"https:\/\/noti-america.com\/site\/ecuador\/wp-json\/wp\/v2\/comments?post=34568"}],"version-history":[{"count":1,"href":"https:\/\/noti-america.com\/site\/ecuador\/wp-json\/wp\/v2\/posts\/34568\/revisions"}],"predecessor-version":[{"id":34570,"href":"https:\/\/noti-america.com\/site\/ecuador\/wp-json\/wp\/v2\/posts\/34568\/revisions\/34570"}],"wp:featuredmedia":[{"embeddable":true,"href":"https:\/\/noti-america.com\/site\/ecuador\/wp-json\/wp\/v2\/media\/34569"}],"wp:attachment":[{"href":"https:\/\/noti-america.com\/site\/ecuador\/wp-json\/wp\/v2\/media?parent=34568"}],"wp:term":[{"taxonomy":"category","embeddable":true,"href":"https:\/\/noti-america.com\/site\/ecuador\/wp-json\/wp\/v2\/categories?post=34568"},{"taxonomy":"post_tag","embeddable":true,"href":"https:\/\/noti-america.com\/site\/ecuador\/wp-json\/wp\/v2\/tags?post=34568"}],"curies":[{"name":"wp","href":"https:\/\/api.w.org\/{rel}","templated":true}]}}