{"id":34467,"date":"2025-04-03T13:36:19","date_gmt":"2025-04-03T13:36:19","guid":{"rendered":"https:\/\/noti-america.com\/site\/ecuador\/?p=34467"},"modified":"2025-04-03T13:36:19","modified_gmt":"2025-04-03T13:36:19","slug":"azuay-se-proyecta-como-destino-turistico-para-los-ecuatorianos","status":"publish","type":"post","link":"https:\/\/noti-america.com\/site\/ecuador\/2025\/04\/03\/azuay-se-proyecta-como-destino-turistico-para-los-ecuatorianos\/","title":{"rendered":"Azuay se proyecta como destino tur\u00edstico para los ecuatorianos"},"content":{"rendered":"<p><strong>REDACCI\u00d3N NOTI-AM\u00c9RICA (ECUADOR).<\/strong><\/p>\n<p style=\"text-align: justify\"><img loading=\"lazy\" decoding=\"async\" class=\"size-medium wp-image-34468 aligncenter\" src=\"https:\/\/noti-america.com\/site\/ecuador\/wp-content\/uploads\/sites\/18\/2025\/04\/IMG_20250402_111820-300x169.jpg\" alt=\"\" width=\"300\" height=\"169\" srcset=\"https:\/\/noti-america.com\/site\/ecuador\/wp-content\/uploads\/sites\/18\/2025\/04\/IMG_20250402_111820-300x169.jpg 300w, https:\/\/noti-america.com\/site\/ecuador\/wp-content\/uploads\/sites\/18\/2025\/04\/IMG_20250402_111820-1024x577.jpg 1024w, https:\/\/noti-america.com\/site\/ecuador\/wp-content\/uploads\/sites\/18\/2025\/04\/IMG_20250402_111820-768x433.jpg 768w, https:\/\/noti-america.com\/site\/ecuador\/wp-content\/uploads\/sites\/18\/2025\/04\/IMG_20250402_111820-1536x866.jpg 1536w, https:\/\/noti-america.com\/site\/ecuador\/wp-content\/uploads\/sites\/18\/2025\/04\/IMG_20250402_111820-2048x1155.jpg 2048w\" sizes=\"auto, (max-width: 300px) 100vw, 300px\" \/>El Frente Tur\u00edstico de la provincia del Azuay, present\u00f3 en la ciudad de Guayaquil, el mi\u00e9rcoles 2 de abril, a la Primera Edici\u00f3n de su campa\u00f1a \u00abAzuay Tur\u00edstico\u00bb.<\/p>\n<p style=\"text-align: justify\">El anuncio lo hizo Miguel Urgil\u00e9s, representante de la agrupaci\u00f3n tur\u00edstica, que busca impulsar el turismo local a trav\u00e9s de alianzas con 11 empresas del sector y el apoyo de la Prefectura del Azuay y Municipios.<\/p>\n<p style=\"text-align: justify\">Urgil\u00e9s se\u00f1al\u00f3 que esta propuesta busca dinamizar la actividad tur\u00edstica y destacar la riqueza cultural y gastron\u00f3mica del Azuay. \u00abEs un esfuerzo por fortalecer al sector en nuestra provincia\u00bb.<\/p>\n<p style=\"text-align: justify\">Por su parte, Bernardo Polo, de la plataforma Visita Ecuador, detall\u00f3 que esta iniciativa innovadora ofrece, a locales y visitantes, la oportunidad de disfrutar experiencias gastron\u00f3micas, culturales y de aventura por la compra de una cartilla valorada en 5 d\u00f3lares, y que tiene una vigencia de 2 meses (abril y mayo). \u00abAzuay Tur\u00edstico, no s\u00f3lo permite acceder a experiencias memorables a un precio accesible, sino que tambi\u00e9n fortalece a las peque\u00f1as y medianas empresas del sector\u00bb, sostuvo.<\/p>\n<p style=\"text-align: justify\">Se\u00f1al\u00f3 que, gracias a los acuerdos alcanzados con las empresas participantes de esta edici\u00f3n tur\u00edstica y otros sectores, se logr\u00f3 que en durante los pr\u00f3ximos dos meses, los turistas puedan viajar y conocer el Azuay a precios muy accesibles.<\/p>\n","protected":false},"excerpt":{"rendered":"<p>REDACCI\u00d3N NOTI-AM\u00c9RICA (ECUADOR). El Frente Tur\u00edstico de la provincia del Azuay, present\u00f3 en la ciudad de Guayaquil, el mi\u00e9rcoles 2 de abril, a la Primera Edici\u00f3n de su campa\u00f1a \u00abAzuay Tur\u00edstico\u00bb. El anuncio lo&#46;&#46;&#46;<\/p>\n","protected":false},"author":144,"featured_media":34468,"comment_status":"open","ping_status":"open","sticky":false,"template":"","format":"standard","meta":{"_acf_changed":false,"om_disable_all_campaigns":false,"rop_custom_images_group":[],"rop_custom_messages_group":[],"rop_publish_now":"initial","rop_publish_now_accounts":{"twitter_242054905_242054905":""},"rop_publish_now_history":[],"rop_publish_now_status":"pending","_uf_show_specific_survey":0,"_uf_disable_surveys":false,"footnotes":""},"categories":[36],"tags":[],"class_list":["post-34467","post","type-post","status-publish","format-standard","has-post-thumbnail","hentry","category-turismo"],"acf":[],"aioseo_notices":[],"yoast_head":"<!-- This site is optimized with the Yoast SEO Premium plugin v24.9 (Yoast SEO v27.2) - https:\/\/yoast.com\/product\/yoast-seo-premium-wordpress\/ -->\n<title>Azuay se proyecta como destino tur\u00edstico para los ecuatorianos - Ecuador | Noti-America.com<\/title>\n<meta name=\"robots\" content=\"index, follow, max-snippet:-1, max-image-preview:large, max-video-preview:-1\" \/>\n<link rel=\"canonical\" href=\"https:\/\/noti-america.com\/site\/ecuador\/2025\/04\/03\/azuay-se-proyecta-como-destino-turistico-para-los-ecuatorianos\/\" \/>\n<meta property=\"og:locale\" content=\"es_ES\" \/>\n<meta property=\"og:type\" content=\"article\" \/>\n<meta property=\"og:title\" content=\"Azuay se proyecta como destino tur\u00edstico para los ecuatorianos\" \/>\n<meta property=\"og:description\" content=\"REDACCI\u00d3N NOTI-AM\u00c9RICA (ECUADOR). El Frente Tur\u00edstico de la provincia del Azuay, present\u00f3 en la ciudad de Guayaquil, el mi\u00e9rcoles 2 de abril, a la Primera Edici\u00f3n de su campa\u00f1a \u00abAzuay Tur\u00edstico\u00bb. El anuncio lo&#046;&#046;&#046;\" \/>\n<meta property=\"og:url\" content=\"https:\/\/noti-america.com\/site\/ecuador\/2025\/04\/03\/azuay-se-proyecta-como-destino-turistico-para-los-ecuatorianos\/\" \/>\n<meta property=\"og:site_name\" content=\"Ecuador | Noti-America.com\" \/>\n<meta property=\"article:published_time\" content=\"2025-04-03T13:36:19+00:00\" \/>\n<meta property=\"og:image\" content=\"https:\/\/noti-america.com\/site\/ecuador\/wp-content\/uploads\/sites\/18\/2025\/04\/IMG_20250402_111820-scaled.jpg\" \/>\n\t<meta property=\"og:image:width\" content=\"2560\" \/>\n\t<meta property=\"og:image:height\" content=\"1443\" \/>\n\t<meta property=\"og:image:type\" content=\"image\/jpeg\" \/>\n<meta name=\"author\" content=\"Henry Garrido\" \/>\n<meta name=\"twitter:card\" content=\"summary_large_image\" \/>\n<meta name=\"twitter:creator\" content=\"@notiamerica\" \/>\n<meta name=\"twitter:site\" content=\"@notiamerica\" \/>\n<meta name=\"twitter:label1\" content=\"Escrito por\" \/>\n\t<meta name=\"twitter:data1\" content=\"Henry Garrido\" \/>\n\t<meta name=\"twitter:label2\" content=\"Tiempo estimado de lectura\" \/>\n\t<meta name=\"twitter:data2\" content=\"2 minutos\" \/>\n<script type=\"application\/ld+json\" class=\"yoast-schema-graph\">{\"@context\":\"https:\/\/schema.org\",\"@graph\":[{\"@type\":\"Article\",\"@id\":\"https:\/\/noti-america.com\/site\/ecuador\/2025\/04\/03\/azuay-se-proyecta-como-destino-turistico-para-los-ecuatorianos\/#article\",\"isPartOf\":{\"@id\":\"https:\/\/noti-america.com\/site\/ecuador\/2025\/04\/03\/azuay-se-proyecta-como-destino-turistico-para-los-ecuatorianos\/\"},\"author\":{\"name\":\"Henry Garrido\",\"@id\":\"https:\/\/noti-america.com\/site\/ecuador\/#\/schema\/person\/00042412cfa9ecf98077f847ffadda4a\"},\"headline\":\"Azuay se proyecta como destino tur\u00edstico para los ecuatorianos\",\"datePublished\":\"2025-04-03T13:36:19+00:00\",\"mainEntityOfPage\":{\"@id\":\"https:\/\/noti-america.com\/site\/ecuador\/2025\/04\/03\/azuay-se-proyecta-como-destino-turistico-para-los-ecuatorianos\/\"},\"wordCount\":243,\"commentCount\":0,\"publisher\":{\"@id\":\"https:\/\/noti-america.com\/site\/ecuador\/#organization\"},\"image\":{\"@id\":\"https:\/\/noti-america.com\/site\/ecuador\/2025\/04\/03\/azuay-se-proyecta-como-destino-turistico-para-los-ecuatorianos\/#primaryimage\"},\"thumbnailUrl\":\"https:\/\/noti-america.com\/site\/ecuador\/wp-content\/uploads\/sites\/18\/2025\/04\/IMG_20250402_111820-scaled.jpg\",\"articleSection\":[\"Turismo\"],\"inLanguage\":\"es\",\"potentialAction\":[{\"@type\":\"CommentAction\",\"name\":\"Comment\",\"target\":[\"https:\/\/noti-america.com\/site\/ecuador\/2025\/04\/03\/azuay-se-proyecta-como-destino-turistico-para-los-ecuatorianos\/#respond\"]}]},{\"@type\":\"WebPage\",\"@id\":\"https:\/\/noti-america.com\/site\/ecuador\/2025\/04\/03\/azuay-se-proyecta-como-destino-turistico-para-los-ecuatorianos\/\",\"url\":\"https:\/\/noti-america.com\/site\/ecuador\/2025\/04\/03\/azuay-se-proyecta-como-destino-turistico-para-los-ecuatorianos\/\",\"name\":\"Azuay se proyecta como destino tur\u00edstico para los ecuatorianos - Ecuador | Noti-America.com\",\"isPartOf\":{\"@id\":\"https:\/\/noti-america.com\/site\/ecuador\/#website\"},\"primaryImageOfPage\":{\"@id\":\"https:\/\/noti-america.com\/site\/ecuador\/2025\/04\/03\/azuay-se-proyecta-como-destino-turistico-para-los-ecuatorianos\/#primaryimage\"},\"image\":{\"@id\":\"https:\/\/noti-america.com\/site\/ecuador\/2025\/04\/03\/azuay-se-proyecta-como-destino-turistico-para-los-ecuatorianos\/#primaryimage\"},\"thumbnailUrl\":\"https:\/\/noti-america.com\/site\/ecuador\/wp-content\/uploads\/sites\/18\/2025\/04\/IMG_20250402_111820-scaled.jpg\",\"datePublished\":\"2025-04-03T13:36:19+00:00\",\"breadcrumb\":{\"@id\":\"https:\/\/noti-america.com\/site\/ecuador\/2025\/04\/03\/azuay-se-proyecta-como-destino-turistico-para-los-ecuatorianos\/#breadcrumb\"},\"inLanguage\":\"es\",\"potentialAction\":[{\"@type\":\"ReadAction\",\"target\":[\"https:\/\/noti-america.com\/site\/ecuador\/2025\/04\/03\/azuay-se-proyecta-como-destino-turistico-para-los-ecuatorianos\/\"]}]},{\"@type\":\"ImageObject\",\"inLanguage\":\"es\",\"@id\":\"https:\/\/noti-america.com\/site\/ecuador\/2025\/04\/03\/azuay-se-proyecta-como-destino-turistico-para-los-ecuatorianos\/#primaryimage\",\"url\":\"https:\/\/noti-america.com\/site\/ecuador\/wp-content\/uploads\/sites\/18\/2025\/04\/IMG_20250402_111820-scaled.jpg\",\"contentUrl\":\"https:\/\/noti-america.com\/site\/ecuador\/wp-content\/uploads\/sites\/18\/2025\/04\/IMG_20250402_111820-scaled.jpg\",\"width\":2560,\"height\":1443},{\"@type\":\"BreadcrumbList\",\"@id\":\"https:\/\/noti-america.com\/site\/ecuador\/2025\/04\/03\/azuay-se-proyecta-como-destino-turistico-para-los-ecuatorianos\/#breadcrumb\",\"itemListElement\":[{\"@type\":\"ListItem\",\"position\":1,\"name\":\"Portada\",\"item\":\"https:\/\/noti-america.com\/site\/ecuador\/\"},{\"@type\":\"ListItem\",\"position\":2,\"name\":\"Azuay se proyecta como destino tur\u00edstico para los ecuatorianos\"}]},{\"@type\":\"WebSite\",\"@id\":\"https:\/\/noti-america.com\/site\/ecuador\/#website\",\"url\":\"https:\/\/noti-america.com\/site\/ecuador\/\",\"name\":\"Ecuador | Noti-America.com\",\"description\":\"\",\"publisher\":{\"@id\":\"https:\/\/noti-america.com\/site\/ecuador\/#organization\"},\"potentialAction\":[{\"@type\":\"SearchAction\",\"target\":{\"@type\":\"EntryPoint\",\"urlTemplate\":\"https:\/\/noti-america.com\/site\/ecuador\/?s={search_term_string}\"},\"query-input\":{\"@type\":\"PropertyValueSpecification\",\"valueRequired\":true,\"valueName\":\"search_term_string\"}}],\"inLanguage\":\"es\"},{\"@type\":\"Organization\",\"@id\":\"https:\/\/noti-america.com\/site\/ecuador\/#organization\",\"name\":\"Noti-America LLC | Ecuador\",\"url\":\"https:\/\/noti-america.com\/site\/ecuador\/\",\"logo\":{\"@type\":\"ImageObject\",\"inLanguage\":\"es\",\"@id\":\"https:\/\/noti-america.com\/site\/ecuador\/#\/schema\/logo\/image\/\",\"url\":\"https:\/\/noti-america.com\/site\/ecuador\/wp-content\/uploads\/sites\/18\/2020\/07\/LogoNA-4x3-1.jpg\",\"contentUrl\":\"https:\/\/noti-america.com\/site\/ecuador\/wp-content\/uploads\/sites\/18\/2020\/07\/LogoNA-4x3-1.jpg\",\"width\":1236,\"height\":1080,\"caption\":\"Noti-America LLC | Ecuador\"},\"image\":{\"@id\":\"https:\/\/noti-america.com\/site\/ecuador\/#\/schema\/logo\/image\/\"},\"sameAs\":[\"https:\/\/x.com\/notiamerica\"]},{\"@type\":\"Person\",\"@id\":\"https:\/\/noti-america.com\/site\/ecuador\/#\/schema\/person\/00042412cfa9ecf98077f847ffadda4a\",\"name\":\"Henry Garrido\",\"image\":{\"@type\":\"ImageObject\",\"inLanguage\":\"es\",\"@id\":\"https:\/\/secure.gravatar.com\/avatar\/749ae5a1e6f22cf042f04b9f3f0a22732ae36970ccfd5c54a0a2ac3c4e1166ed?s=96&d=mm&r=g\",\"url\":\"https:\/\/secure.gravatar.com\/avatar\/749ae5a1e6f22cf042f04b9f3f0a22732ae36970ccfd5c54a0a2ac3c4e1166ed?s=96&d=mm&r=g\",\"contentUrl\":\"https:\/\/secure.gravatar.com\/avatar\/749ae5a1e6f22cf042f04b9f3f0a22732ae36970ccfd5c54a0a2ac3c4e1166ed?s=96&d=mm&r=g\",\"caption\":\"Henry Garrido\"},\"url\":\"https:\/\/noti-america.com\/site\/ecuador\/author\/hgarrido\/\"}]}<\/script>\n<!-- \/ Yoast SEO Premium plugin. -->","yoast_head_json":{"title":"Azuay se proyecta como destino tur\u00edstico para los ecuatorianos - Ecuador | Noti-America.com","robots":{"index":"index","follow":"follow","max-snippet":"max-snippet:-1","max-image-preview":"max-image-preview:large","max-video-preview":"max-video-preview:-1"},"canonical":"https:\/\/noti-america.com\/site\/ecuador\/2025\/04\/03\/azuay-se-proyecta-como-destino-turistico-para-los-ecuatorianos\/","og_locale":"es_ES","og_type":"article","og_title":"Azuay se proyecta como destino tur\u00edstico para los ecuatorianos","og_description":"REDACCI\u00d3N NOTI-AM\u00c9RICA (ECUADOR). El Frente Tur\u00edstico de la provincia del Azuay, present\u00f3 en la ciudad de Guayaquil, el mi\u00e9rcoles 2 de abril, a la Primera Edici\u00f3n de su campa\u00f1a \u00abAzuay Tur\u00edstico\u00bb. El anuncio lo&#46;&#46;&#46;","og_url":"https:\/\/noti-america.com\/site\/ecuador\/2025\/04\/03\/azuay-se-proyecta-como-destino-turistico-para-los-ecuatorianos\/","og_site_name":"Ecuador | Noti-America.com","article_published_time":"2025-04-03T13:36:19+00:00","og_image":[{"width":2560,"height":1443,"url":"https:\/\/noti-america.com\/site\/ecuador\/wp-content\/uploads\/sites\/18\/2025\/04\/IMG_20250402_111820-scaled.jpg","type":"image\/jpeg"}],"author":"Henry Garrido","twitter_card":"summary_large_image","twitter_creator":"@notiamerica","twitter_site":"@notiamerica","twitter_misc":{"Escrito por":"Henry Garrido","Tiempo estimado de lectura":"2 minutos"},"schema":{"@context":"https:\/\/schema.org","@graph":[{"@type":"Article","@id":"https:\/\/noti-america.com\/site\/ecuador\/2025\/04\/03\/azuay-se-proyecta-como-destino-turistico-para-los-ecuatorianos\/#article","isPartOf":{"@id":"https:\/\/noti-america.com\/site\/ecuador\/2025\/04\/03\/azuay-se-proyecta-como-destino-turistico-para-los-ecuatorianos\/"},"author":{"name":"Henry Garrido","@id":"https:\/\/noti-america.com\/site\/ecuador\/#\/schema\/person\/00042412cfa9ecf98077f847ffadda4a"},"headline":"Azuay se proyecta como destino tur\u00edstico para los ecuatorianos","datePublished":"2025-04-03T13:36:19+00:00","mainEntityOfPage":{"@id":"https:\/\/noti-america.com\/site\/ecuador\/2025\/04\/03\/azuay-se-proyecta-como-destino-turistico-para-los-ecuatorianos\/"},"wordCount":243,"commentCount":0,"publisher":{"@id":"https:\/\/noti-america.com\/site\/ecuador\/#organization"},"image":{"@id":"https:\/\/noti-america.com\/site\/ecuador\/2025\/04\/03\/azuay-se-proyecta-como-destino-turistico-para-los-ecuatorianos\/#primaryimage"},"thumbnailUrl":"https:\/\/noti-america.com\/site\/ecuador\/wp-content\/uploads\/sites\/18\/2025\/04\/IMG_20250402_111820-scaled.jpg","articleSection":["Turismo"],"inLanguage":"es","potentialAction":[{"@type":"CommentAction","name":"Comment","target":["https:\/\/noti-america.com\/site\/ecuador\/2025\/04\/03\/azuay-se-proyecta-como-destino-turistico-para-los-ecuatorianos\/#respond"]}]},{"@type":"WebPage","@id":"https:\/\/noti-america.com\/site\/ecuador\/2025\/04\/03\/azuay-se-proyecta-como-destino-turistico-para-los-ecuatorianos\/","url":"https:\/\/noti-america.com\/site\/ecuador\/2025\/04\/03\/azuay-se-proyecta-como-destino-turistico-para-los-ecuatorianos\/","name":"Azuay se proyecta como destino tur\u00edstico para los ecuatorianos - Ecuador | Noti-America.com","isPartOf":{"@id":"https:\/\/noti-america.com\/site\/ecuador\/#website"},"primaryImageOfPage":{"@id":"https:\/\/noti-america.com\/site\/ecuador\/2025\/04\/03\/azuay-se-proyecta-como-destino-turistico-para-los-ecuatorianos\/#primaryimage"},"image":{"@id":"https:\/\/noti-america.com\/site\/ecuador\/2025\/04\/03\/azuay-se-proyecta-como-destino-turistico-para-los-ecuatorianos\/#primaryimage"},"thumbnailUrl":"https:\/\/noti-america.com\/site\/ecuador\/wp-content\/uploads\/sites\/18\/2025\/04\/IMG_20250402_111820-scaled.jpg","datePublished":"2025-04-03T13:36:19+00:00","breadcrumb":{"@id":"https:\/\/noti-america.com\/site\/ecuador\/2025\/04\/03\/azuay-se-proyecta-como-destino-turistico-para-los-ecuatorianos\/#breadcrumb"},"inLanguage":"es","potentialAction":[{"@type":"ReadAction","target":["https:\/\/noti-america.com\/site\/ecuador\/2025\/04\/03\/azuay-se-proyecta-como-destino-turistico-para-los-ecuatorianos\/"]}]},{"@type":"ImageObject","inLanguage":"es","@id":"https:\/\/noti-america.com\/site\/ecuador\/2025\/04\/03\/azuay-se-proyecta-como-destino-turistico-para-los-ecuatorianos\/#primaryimage","url":"https:\/\/noti-america.com\/site\/ecuador\/wp-content\/uploads\/sites\/18\/2025\/04\/IMG_20250402_111820-scaled.jpg","contentUrl":"https:\/\/noti-america.com\/site\/ecuador\/wp-content\/uploads\/sites\/18\/2025\/04\/IMG_20250402_111820-scaled.jpg","width":2560,"height":1443},{"@type":"BreadcrumbList","@id":"https:\/\/noti-america.com\/site\/ecuador\/2025\/04\/03\/azuay-se-proyecta-como-destino-turistico-para-los-ecuatorianos\/#breadcrumb","itemListElement":[{"@type":"ListItem","position":1,"name":"Portada","item":"https:\/\/noti-america.com\/site\/ecuador\/"},{"@type":"ListItem","position":2,"name":"Azuay se proyecta como destino tur\u00edstico para los ecuatorianos"}]},{"@type":"WebSite","@id":"https:\/\/noti-america.com\/site\/ecuador\/#website","url":"https:\/\/noti-america.com\/site\/ecuador\/","name":"Ecuador | Noti-America.com","description":"","publisher":{"@id":"https:\/\/noti-america.com\/site\/ecuador\/#organization"},"potentialAction":[{"@type":"SearchAction","target":{"@type":"EntryPoint","urlTemplate":"https:\/\/noti-america.com\/site\/ecuador\/?s={search_term_string}"},"query-input":{"@type":"PropertyValueSpecification","valueRequired":true,"valueName":"search_term_string"}}],"inLanguage":"es"},{"@type":"Organization","@id":"https:\/\/noti-america.com\/site\/ecuador\/#organization","name":"Noti-America LLC | Ecuador","url":"https:\/\/noti-america.com\/site\/ecuador\/","logo":{"@type":"ImageObject","inLanguage":"es","@id":"https:\/\/noti-america.com\/site\/ecuador\/#\/schema\/logo\/image\/","url":"https:\/\/noti-america.com\/site\/ecuador\/wp-content\/uploads\/sites\/18\/2020\/07\/LogoNA-4x3-1.jpg","contentUrl":"https:\/\/noti-america.com\/site\/ecuador\/wp-content\/uploads\/sites\/18\/2020\/07\/LogoNA-4x3-1.jpg","width":1236,"height":1080,"caption":"Noti-America LLC | Ecuador"},"image":{"@id":"https:\/\/noti-america.com\/site\/ecuador\/#\/schema\/logo\/image\/"},"sameAs":["https:\/\/x.com\/notiamerica"]},{"@type":"Person","@id":"https:\/\/noti-america.com\/site\/ecuador\/#\/schema\/person\/00042412cfa9ecf98077f847ffadda4a","name":"Henry Garrido","image":{"@type":"ImageObject","inLanguage":"es","@id":"https:\/\/secure.gravatar.com\/avatar\/749ae5a1e6f22cf042f04b9f3f0a22732ae36970ccfd5c54a0a2ac3c4e1166ed?s=96&d=mm&r=g","url":"https:\/\/secure.gravatar.com\/avatar\/749ae5a1e6f22cf042f04b9f3f0a22732ae36970ccfd5c54a0a2ac3c4e1166ed?s=96&d=mm&r=g","contentUrl":"https:\/\/secure.gravatar.com\/avatar\/749ae5a1e6f22cf042f04b9f3f0a22732ae36970ccfd5c54a0a2ac3c4e1166ed?s=96&d=mm&r=g","caption":"Henry Garrido"},"url":"https:\/\/noti-america.com\/site\/ecuador\/author\/hgarrido\/"}]}},"_links":{"self":[{"href":"https:\/\/noti-america.com\/site\/ecuador\/wp-json\/wp\/v2\/posts\/34467","targetHints":{"allow":["GET"]}}],"collection":[{"href":"https:\/\/noti-america.com\/site\/ecuador\/wp-json\/wp\/v2\/posts"}],"about":[{"href":"https:\/\/noti-america.com\/site\/ecuador\/wp-json\/wp\/v2\/types\/post"}],"author":[{"embeddable":true,"href":"https:\/\/noti-america.com\/site\/ecuador\/wp-json\/wp\/v2\/users\/144"}],"replies":[{"embeddable":true,"href":"https:\/\/noti-america.com\/site\/ecuador\/wp-json\/wp\/v2\/comments?post=34467"}],"version-history":[{"count":1,"href":"https:\/\/noti-america.com\/site\/ecuador\/wp-json\/wp\/v2\/posts\/34467\/revisions"}],"predecessor-version":[{"id":34469,"href":"https:\/\/noti-america.com\/site\/ecuador\/wp-json\/wp\/v2\/posts\/34467\/revisions\/34469"}],"wp:featuredmedia":[{"embeddable":true,"href":"https:\/\/noti-america.com\/site\/ecuador\/wp-json\/wp\/v2\/media\/34468"}],"wp:attachment":[{"href":"https:\/\/noti-america.com\/site\/ecuador\/wp-json\/wp\/v2\/media?parent=34467"}],"wp:term":[{"taxonomy":"category","embeddable":true,"href":"https:\/\/noti-america.com\/site\/ecuador\/wp-json\/wp\/v2\/categories?post=34467"},{"taxonomy":"post_tag","embeddable":true,"href":"https:\/\/noti-america.com\/site\/ecuador\/wp-json\/wp\/v2\/tags?post=34467"}],"curies":[{"name":"wp","href":"https:\/\/api.w.org\/{rel}","templated":true}]}}