{"id":34416,"date":"2025-03-25T03:14:44","date_gmt":"2025-03-25T03:14:44","guid":{"rendered":"https:\/\/noti-america.com\/site\/ecuador\/?p=34416"},"modified":"2025-03-25T03:21:29","modified_gmt":"2025-03-25T03:21:29","slug":"byd-ecuador-presento-su-nueva-camioneta-shark-y-su-suv-song","status":"publish","type":"post","link":"https:\/\/noti-america.com\/site\/ecuador\/2025\/03\/25\/byd-ecuador-presento-su-nueva-camioneta-shark-y-su-suv-song\/","title":{"rendered":"BYD Ecuador present\u00f3 su nueva camioneta Shark y su SUV Song"},"content":{"rendered":"<p><strong>REDACCI\u00d3N NOTI-AM\u00c9RICA (ECUADOR).<\/strong><\/p>\n<p style=\"text-align: justify\"><img loading=\"lazy\" decoding=\"async\" class=\"size-medium wp-image-34422 aligncenter\" src=\"https:\/\/noti-america.com\/site\/ecuador\/wp-content\/uploads\/sites\/18\/2025\/03\/IMG_20250320_113920-300x169.jpg\" alt=\"\" width=\"300\" height=\"169\" srcset=\"https:\/\/noti-america.com\/site\/ecuador\/wp-content\/uploads\/sites\/18\/2025\/03\/IMG_20250320_113920-300x169.jpg 300w, https:\/\/noti-america.com\/site\/ecuador\/wp-content\/uploads\/sites\/18\/2025\/03\/IMG_20250320_113920-1024x577.jpg 1024w, https:\/\/noti-america.com\/site\/ecuador\/wp-content\/uploads\/sites\/18\/2025\/03\/IMG_20250320_113920-768x433.jpg 768w, https:\/\/noti-america.com\/site\/ecuador\/wp-content\/uploads\/sites\/18\/2025\/03\/IMG_20250320_113920-1536x866.jpg 1536w, https:\/\/noti-america.com\/site\/ecuador\/wp-content\/uploads\/sites\/18\/2025\/03\/IMG_20250320_113920-2048x1155.jpg 2048w\" sizes=\"auto, (max-width: 300px) 100vw, 300px\" \/>BYD, el gigante chino de veh\u00edculos el\u00e9ctricos, ha dado un paso en su estrategia de expansi\u00f3n en el mercado ecuatoriano al lanzar una versi\u00f3n m\u00e1s accesible de su SUV h\u00edbrida enchufable, Song y la camioneta Shark.<\/p>\n<p style=\"text-align: justify\">Los nuevos veh\u00edculos que fueron presentados en la ciudad de Guayaquil, el pasado 20 de marzo, cuentan con m\u00faltiples caracter\u00edstica c\u00f3mo: seguridad, potencia, confianza y tecnolog\u00eda.<\/p>\n<p style=\"text-align: justify\">Lo primero que llama la atenci\u00f3n al ver ambos veh\u00edculos es su imponente, pero elegante dise\u00f1o que te llama a vivir una experiencia de confort dentro de la ciudad, y de aventura cuando decidas salir de la misma con tu familia o amigos, sin que los obst\u00e1culos del camino sean un inconveniente para llegar a tu destino.<\/p>\n<p style=\"text-align: justify\"><img loading=\"lazy\" decoding=\"async\" class=\"size-medium wp-image-34417 aligncenter\" src=\"https:\/\/noti-america.com\/site\/ecuador\/wp-content\/uploads\/sites\/18\/2025\/03\/IMG_20250320_121928-300x169.jpg\" alt=\"\" width=\"300\" height=\"169\" srcset=\"https:\/\/noti-america.com\/site\/ecuador\/wp-content\/uploads\/sites\/18\/2025\/03\/IMG_20250320_121928-300x169.jpg 300w, https:\/\/noti-america.com\/site\/ecuador\/wp-content\/uploads\/sites\/18\/2025\/03\/IMG_20250320_121928-1024x577.jpg 1024w, https:\/\/noti-america.com\/site\/ecuador\/wp-content\/uploads\/sites\/18\/2025\/03\/IMG_20250320_121928-768x433.jpg 768w, https:\/\/noti-america.com\/site\/ecuador\/wp-content\/uploads\/sites\/18\/2025\/03\/IMG_20250320_121928-1536x866.jpg 1536w, https:\/\/noti-america.com\/site\/ecuador\/wp-content\/uploads\/sites\/18\/2025\/03\/IMG_20250320_121928-2048x1155.jpg 2048w\" sizes=\"auto, (max-width: 300px) 100vw, 300px\" \/>La camioneta h\u00edbrida Shark de BYD est\u00e1 equipada con tecnolog\u00eda DMO (Dual-Mode Off-road). Funciona con energ\u00eda el\u00e9ctrica y con combustible, d\u00e1ndole a esta vers\u00e1til veh\u00edculo una autonom\u00eda de rodaje de 100 km en modo el\u00e9ctrico y 740 km con combustible.<\/p>\n<p style=\"text-align: justify\">Otro de los detalles que la hace \u00fanica a la\u00a0Shark de BYD\u00a0es que cuenta con\u00a0dos motores el\u00e9ctricos y\u00a0 uno a combusti\u00f3n.<\/p>\n<p style=\"text-align: justify\"><img loading=\"lazy\" decoding=\"async\" class=\"size-medium wp-image-34418 aligncenter\" src=\"https:\/\/noti-america.com\/site\/ecuador\/wp-content\/uploads\/sites\/18\/2025\/03\/IMG_20250320_121911-300x169.jpg\" alt=\"\" width=\"300\" height=\"169\" srcset=\"https:\/\/noti-america.com\/site\/ecuador\/wp-content\/uploads\/sites\/18\/2025\/03\/IMG_20250320_121911-300x169.jpg 300w, https:\/\/noti-america.com\/site\/ecuador\/wp-content\/uploads\/sites\/18\/2025\/03\/IMG_20250320_121911-1024x577.jpg 1024w, https:\/\/noti-america.com\/site\/ecuador\/wp-content\/uploads\/sites\/18\/2025\/03\/IMG_20250320_121911-768x433.jpg 768w, https:\/\/noti-america.com\/site\/ecuador\/wp-content\/uploads\/sites\/18\/2025\/03\/IMG_20250320_121911-1536x866.jpg 1536w, https:\/\/noti-america.com\/site\/ecuador\/wp-content\/uploads\/sites\/18\/2025\/03\/IMG_20250320_121911-2048x1155.jpg 2048w\" sizes=\"auto, (max-width: 300px) 100vw, 300px\" \/>En cuanto al nuevo modelo SUV Song de BYD, combina lo mejor de dos mundos: la eficiencia de un veh\u00edculo el\u00e9ctrico y la versatilidad de un h\u00edbrido. Este veh\u00edculo marca el inicio de una nueva era en movilidad sostenible en Ecuador, ofreciendo a los conductores una alternativa eco amigable y eficiente para sus desplazamientos diarios.<\/p>\n<p style=\"text-align: justify\">Este veh\u00edculo, est\u00e1 equipado con las \u00faltimas innovaciones tecnol\u00f3gicas, el modelo Song incluye caracter\u00edsticas como asistentes de conducci\u00f3n, sistemas de infoentretenimiento de \u00faltima generaci\u00f3n y conectividad avanzada con una pantalla de 15,6\u201d.<\/p>\n","protected":false},"excerpt":{"rendered":"<p>REDACCI\u00d3N NOTI-AM\u00c9RICA (ECUADOR). BYD, el gigante chino de veh\u00edculos el\u00e9ctricos, ha dado un paso en su estrategia de expansi\u00f3n en el mercado ecuatoriano al lanzar una versi\u00f3n m\u00e1s accesible de su SUV h\u00edbrida enchufable,&#46;&#46;&#46;<\/p>\n","protected":false},"author":144,"featured_media":34417,"comment_status":"open","ping_status":"open","sticky":false,"template":"","format":"standard","meta":{"_acf_changed":false,"om_disable_all_campaigns":false,"rop_custom_images_group":[],"rop_custom_messages_group":[],"rop_publish_now":"initial","rop_publish_now_accounts":{"twitter_242054905_242054905":""},"rop_publish_now_history":[],"rop_publish_now_status":"pending","_uf_show_specific_survey":0,"_uf_disable_surveys":false,"footnotes":""},"categories":[123],"tags":[],"class_list":["post-34416","post","type-post","status-publish","format-standard","has-post-thumbnail","hentry","category-innovacion"],"acf":[],"aioseo_notices":[],"yoast_head":"<!-- This site is optimized with the Yoast SEO Premium plugin v24.9 (Yoast SEO v27.2) - https:\/\/yoast.com\/product\/yoast-seo-premium-wordpress\/ -->\n<title>BYD Ecuador present\u00f3 su nueva camioneta Shark y su SUV Song - Ecuador | Noti-America.com<\/title>\n<meta name=\"robots\" content=\"index, follow, max-snippet:-1, max-image-preview:large, max-video-preview:-1\" \/>\n<link rel=\"canonical\" href=\"https:\/\/noti-america.com\/site\/ecuador\/2025\/03\/25\/byd-ecuador-presento-su-nueva-camioneta-shark-y-su-suv-song\/\" \/>\n<meta property=\"og:locale\" content=\"es_ES\" \/>\n<meta property=\"og:type\" content=\"article\" \/>\n<meta property=\"og:title\" content=\"BYD Ecuador present\u00f3 su nueva camioneta Shark y su SUV Song\" \/>\n<meta property=\"og:description\" content=\"REDACCI\u00d3N NOTI-AM\u00c9RICA (ECUADOR). BYD, el gigante chino de veh\u00edculos el\u00e9ctricos, ha dado un paso en su estrategia de expansi\u00f3n en el mercado ecuatoriano al lanzar una versi\u00f3n m\u00e1s accesible de su SUV h\u00edbrida enchufable,&#046;&#046;&#046;\" \/>\n<meta property=\"og:url\" content=\"https:\/\/noti-america.com\/site\/ecuador\/2025\/03\/25\/byd-ecuador-presento-su-nueva-camioneta-shark-y-su-suv-song\/\" \/>\n<meta property=\"og:site_name\" content=\"Ecuador | Noti-America.com\" \/>\n<meta property=\"article:published_time\" content=\"2025-03-25T03:14:44+00:00\" \/>\n<meta property=\"article:modified_time\" content=\"2025-03-25T03:21:29+00:00\" \/>\n<meta property=\"og:image\" content=\"https:\/\/noti-america.com\/site\/ecuador\/wp-content\/uploads\/sites\/18\/2025\/03\/IMG_20250320_121928-scaled.jpg\" \/>\n\t<meta property=\"og:image:width\" content=\"2560\" \/>\n\t<meta property=\"og:image:height\" content=\"1443\" \/>\n\t<meta property=\"og:image:type\" content=\"image\/jpeg\" \/>\n<meta name=\"author\" content=\"Henry Garrido\" \/>\n<meta name=\"twitter:card\" content=\"summary_large_image\" \/>\n<meta name=\"twitter:creator\" content=\"@notiamerica\" \/>\n<meta name=\"twitter:site\" content=\"@notiamerica\" \/>\n<meta name=\"twitter:label1\" content=\"Escrito por\" \/>\n\t<meta name=\"twitter:data1\" content=\"Henry Garrido\" \/>\n\t<meta name=\"twitter:label2\" content=\"Tiempo estimado de lectura\" \/>\n\t<meta name=\"twitter:data2\" content=\"3 minutos\" \/>\n<script type=\"application\/ld+json\" class=\"yoast-schema-graph\">{\"@context\":\"https:\/\/schema.org\",\"@graph\":[{\"@type\":\"Article\",\"@id\":\"https:\/\/noti-america.com\/site\/ecuador\/2025\/03\/25\/byd-ecuador-presento-su-nueva-camioneta-shark-y-su-suv-song\/#article\",\"isPartOf\":{\"@id\":\"https:\/\/noti-america.com\/site\/ecuador\/2025\/03\/25\/byd-ecuador-presento-su-nueva-camioneta-shark-y-su-suv-song\/\"},\"author\":{\"name\":\"Henry Garrido\",\"@id\":\"https:\/\/noti-america.com\/site\/ecuador\/#\/schema\/person\/00042412cfa9ecf98077f847ffadda4a\"},\"headline\":\"BYD Ecuador present\u00f3 su nueva camioneta Shark y su SUV Song\",\"datePublished\":\"2025-03-25T03:14:44+00:00\",\"dateModified\":\"2025-03-25T03:21:29+00:00\",\"mainEntityOfPage\":{\"@id\":\"https:\/\/noti-america.com\/site\/ecuador\/2025\/03\/25\/byd-ecuador-presento-su-nueva-camioneta-shark-y-su-suv-song\/\"},\"wordCount\":317,\"commentCount\":0,\"publisher\":{\"@id\":\"https:\/\/noti-america.com\/site\/ecuador\/#organization\"},\"image\":{\"@id\":\"https:\/\/noti-america.com\/site\/ecuador\/2025\/03\/25\/byd-ecuador-presento-su-nueva-camioneta-shark-y-su-suv-song\/#primaryimage\"},\"thumbnailUrl\":\"https:\/\/noti-america.com\/site\/ecuador\/wp-content\/uploads\/sites\/18\/2025\/03\/IMG_20250320_121928-scaled.jpg\",\"articleSection\":[\"Innovaci\u00f3n\"],\"inLanguage\":\"es\",\"potentialAction\":[{\"@type\":\"CommentAction\",\"name\":\"Comment\",\"target\":[\"https:\/\/noti-america.com\/site\/ecuador\/2025\/03\/25\/byd-ecuador-presento-su-nueva-camioneta-shark-y-su-suv-song\/#respond\"]}]},{\"@type\":\"WebPage\",\"@id\":\"https:\/\/noti-america.com\/site\/ecuador\/2025\/03\/25\/byd-ecuador-presento-su-nueva-camioneta-shark-y-su-suv-song\/\",\"url\":\"https:\/\/noti-america.com\/site\/ecuador\/2025\/03\/25\/byd-ecuador-presento-su-nueva-camioneta-shark-y-su-suv-song\/\",\"name\":\"BYD Ecuador present\u00f3 su nueva camioneta Shark y su SUV Song - Ecuador | Noti-America.com\",\"isPartOf\":{\"@id\":\"https:\/\/noti-america.com\/site\/ecuador\/#website\"},\"primaryImageOfPage\":{\"@id\":\"https:\/\/noti-america.com\/site\/ecuador\/2025\/03\/25\/byd-ecuador-presento-su-nueva-camioneta-shark-y-su-suv-song\/#primaryimage\"},\"image\":{\"@id\":\"https:\/\/noti-america.com\/site\/ecuador\/2025\/03\/25\/byd-ecuador-presento-su-nueva-camioneta-shark-y-su-suv-song\/#primaryimage\"},\"thumbnailUrl\":\"https:\/\/noti-america.com\/site\/ecuador\/wp-content\/uploads\/sites\/18\/2025\/03\/IMG_20250320_121928-scaled.jpg\",\"datePublished\":\"2025-03-25T03:14:44+00:00\",\"dateModified\":\"2025-03-25T03:21:29+00:00\",\"breadcrumb\":{\"@id\":\"https:\/\/noti-america.com\/site\/ecuador\/2025\/03\/25\/byd-ecuador-presento-su-nueva-camioneta-shark-y-su-suv-song\/#breadcrumb\"},\"inLanguage\":\"es\",\"potentialAction\":[{\"@type\":\"ReadAction\",\"target\":[\"https:\/\/noti-america.com\/site\/ecuador\/2025\/03\/25\/byd-ecuador-presento-su-nueva-camioneta-shark-y-su-suv-song\/\"]}]},{\"@type\":\"ImageObject\",\"inLanguage\":\"es\",\"@id\":\"https:\/\/noti-america.com\/site\/ecuador\/2025\/03\/25\/byd-ecuador-presento-su-nueva-camioneta-shark-y-su-suv-song\/#primaryimage\",\"url\":\"https:\/\/noti-america.com\/site\/ecuador\/wp-content\/uploads\/sites\/18\/2025\/03\/IMG_20250320_121928-scaled.jpg\",\"contentUrl\":\"https:\/\/noti-america.com\/site\/ecuador\/wp-content\/uploads\/sites\/18\/2025\/03\/IMG_20250320_121928-scaled.jpg\",\"width\":2560,\"height\":1443},{\"@type\":\"BreadcrumbList\",\"@id\":\"https:\/\/noti-america.com\/site\/ecuador\/2025\/03\/25\/byd-ecuador-presento-su-nueva-camioneta-shark-y-su-suv-song\/#breadcrumb\",\"itemListElement\":[{\"@type\":\"ListItem\",\"position\":1,\"name\":\"Portada\",\"item\":\"https:\/\/noti-america.com\/site\/ecuador\/\"},{\"@type\":\"ListItem\",\"position\":2,\"name\":\"BYD Ecuador present\u00f3 su nueva camioneta Shark y su SUV Song\"}]},{\"@type\":\"WebSite\",\"@id\":\"https:\/\/noti-america.com\/site\/ecuador\/#website\",\"url\":\"https:\/\/noti-america.com\/site\/ecuador\/\",\"name\":\"Ecuador | Noti-America.com\",\"description\":\"\",\"publisher\":{\"@id\":\"https:\/\/noti-america.com\/site\/ecuador\/#organization\"},\"potentialAction\":[{\"@type\":\"SearchAction\",\"target\":{\"@type\":\"EntryPoint\",\"urlTemplate\":\"https:\/\/noti-america.com\/site\/ecuador\/?s={search_term_string}\"},\"query-input\":{\"@type\":\"PropertyValueSpecification\",\"valueRequired\":true,\"valueName\":\"search_term_string\"}}],\"inLanguage\":\"es\"},{\"@type\":\"Organization\",\"@id\":\"https:\/\/noti-america.com\/site\/ecuador\/#organization\",\"name\":\"Noti-America LLC | Ecuador\",\"url\":\"https:\/\/noti-america.com\/site\/ecuador\/\",\"logo\":{\"@type\":\"ImageObject\",\"inLanguage\":\"es\",\"@id\":\"https:\/\/noti-america.com\/site\/ecuador\/#\/schema\/logo\/image\/\",\"url\":\"https:\/\/noti-america.com\/site\/ecuador\/wp-content\/uploads\/sites\/18\/2020\/07\/LogoNA-4x3-1.jpg\",\"contentUrl\":\"https:\/\/noti-america.com\/site\/ecuador\/wp-content\/uploads\/sites\/18\/2020\/07\/LogoNA-4x3-1.jpg\",\"width\":1236,\"height\":1080,\"caption\":\"Noti-America LLC | Ecuador\"},\"image\":{\"@id\":\"https:\/\/noti-america.com\/site\/ecuador\/#\/schema\/logo\/image\/\"},\"sameAs\":[\"https:\/\/x.com\/notiamerica\"]},{\"@type\":\"Person\",\"@id\":\"https:\/\/noti-america.com\/site\/ecuador\/#\/schema\/person\/00042412cfa9ecf98077f847ffadda4a\",\"name\":\"Henry Garrido\",\"image\":{\"@type\":\"ImageObject\",\"inLanguage\":\"es\",\"@id\":\"https:\/\/secure.gravatar.com\/avatar\/749ae5a1e6f22cf042f04b9f3f0a22732ae36970ccfd5c54a0a2ac3c4e1166ed?s=96&d=mm&r=g\",\"url\":\"https:\/\/secure.gravatar.com\/avatar\/749ae5a1e6f22cf042f04b9f3f0a22732ae36970ccfd5c54a0a2ac3c4e1166ed?s=96&d=mm&r=g\",\"contentUrl\":\"https:\/\/secure.gravatar.com\/avatar\/749ae5a1e6f22cf042f04b9f3f0a22732ae36970ccfd5c54a0a2ac3c4e1166ed?s=96&d=mm&r=g\",\"caption\":\"Henry Garrido\"},\"url\":\"https:\/\/noti-america.com\/site\/ecuador\/author\/hgarrido\/\"}]}<\/script>\n<!-- \/ Yoast SEO Premium plugin. -->","yoast_head_json":{"title":"BYD Ecuador present\u00f3 su nueva camioneta Shark y su SUV Song - Ecuador | Noti-America.com","robots":{"index":"index","follow":"follow","max-snippet":"max-snippet:-1","max-image-preview":"max-image-preview:large","max-video-preview":"max-video-preview:-1"},"canonical":"https:\/\/noti-america.com\/site\/ecuador\/2025\/03\/25\/byd-ecuador-presento-su-nueva-camioneta-shark-y-su-suv-song\/","og_locale":"es_ES","og_type":"article","og_title":"BYD Ecuador present\u00f3 su nueva camioneta Shark y su SUV Song","og_description":"REDACCI\u00d3N NOTI-AM\u00c9RICA (ECUADOR). BYD, el gigante chino de veh\u00edculos el\u00e9ctricos, ha dado un paso en su estrategia de expansi\u00f3n en el mercado ecuatoriano al lanzar una versi\u00f3n m\u00e1s accesible de su SUV h\u00edbrida enchufable,&#46;&#46;&#46;","og_url":"https:\/\/noti-america.com\/site\/ecuador\/2025\/03\/25\/byd-ecuador-presento-su-nueva-camioneta-shark-y-su-suv-song\/","og_site_name":"Ecuador | Noti-America.com","article_published_time":"2025-03-25T03:14:44+00:00","article_modified_time":"2025-03-25T03:21:29+00:00","og_image":[{"width":2560,"height":1443,"url":"https:\/\/noti-america.com\/site\/ecuador\/wp-content\/uploads\/sites\/18\/2025\/03\/IMG_20250320_121928-scaled.jpg","type":"image\/jpeg"}],"author":"Henry Garrido","twitter_card":"summary_large_image","twitter_creator":"@notiamerica","twitter_site":"@notiamerica","twitter_misc":{"Escrito por":"Henry Garrido","Tiempo estimado de lectura":"3 minutos"},"schema":{"@context":"https:\/\/schema.org","@graph":[{"@type":"Article","@id":"https:\/\/noti-america.com\/site\/ecuador\/2025\/03\/25\/byd-ecuador-presento-su-nueva-camioneta-shark-y-su-suv-song\/#article","isPartOf":{"@id":"https:\/\/noti-america.com\/site\/ecuador\/2025\/03\/25\/byd-ecuador-presento-su-nueva-camioneta-shark-y-su-suv-song\/"},"author":{"name":"Henry Garrido","@id":"https:\/\/noti-america.com\/site\/ecuador\/#\/schema\/person\/00042412cfa9ecf98077f847ffadda4a"},"headline":"BYD Ecuador present\u00f3 su nueva camioneta Shark y su SUV Song","datePublished":"2025-03-25T03:14:44+00:00","dateModified":"2025-03-25T03:21:29+00:00","mainEntityOfPage":{"@id":"https:\/\/noti-america.com\/site\/ecuador\/2025\/03\/25\/byd-ecuador-presento-su-nueva-camioneta-shark-y-su-suv-song\/"},"wordCount":317,"commentCount":0,"publisher":{"@id":"https:\/\/noti-america.com\/site\/ecuador\/#organization"},"image":{"@id":"https:\/\/noti-america.com\/site\/ecuador\/2025\/03\/25\/byd-ecuador-presento-su-nueva-camioneta-shark-y-su-suv-song\/#primaryimage"},"thumbnailUrl":"https:\/\/noti-america.com\/site\/ecuador\/wp-content\/uploads\/sites\/18\/2025\/03\/IMG_20250320_121928-scaled.jpg","articleSection":["Innovaci\u00f3n"],"inLanguage":"es","potentialAction":[{"@type":"CommentAction","name":"Comment","target":["https:\/\/noti-america.com\/site\/ecuador\/2025\/03\/25\/byd-ecuador-presento-su-nueva-camioneta-shark-y-su-suv-song\/#respond"]}]},{"@type":"WebPage","@id":"https:\/\/noti-america.com\/site\/ecuador\/2025\/03\/25\/byd-ecuador-presento-su-nueva-camioneta-shark-y-su-suv-song\/","url":"https:\/\/noti-america.com\/site\/ecuador\/2025\/03\/25\/byd-ecuador-presento-su-nueva-camioneta-shark-y-su-suv-song\/","name":"BYD Ecuador present\u00f3 su nueva camioneta Shark y su SUV Song - Ecuador | Noti-America.com","isPartOf":{"@id":"https:\/\/noti-america.com\/site\/ecuador\/#website"},"primaryImageOfPage":{"@id":"https:\/\/noti-america.com\/site\/ecuador\/2025\/03\/25\/byd-ecuador-presento-su-nueva-camioneta-shark-y-su-suv-song\/#primaryimage"},"image":{"@id":"https:\/\/noti-america.com\/site\/ecuador\/2025\/03\/25\/byd-ecuador-presento-su-nueva-camioneta-shark-y-su-suv-song\/#primaryimage"},"thumbnailUrl":"https:\/\/noti-america.com\/site\/ecuador\/wp-content\/uploads\/sites\/18\/2025\/03\/IMG_20250320_121928-scaled.jpg","datePublished":"2025-03-25T03:14:44+00:00","dateModified":"2025-03-25T03:21:29+00:00","breadcrumb":{"@id":"https:\/\/noti-america.com\/site\/ecuador\/2025\/03\/25\/byd-ecuador-presento-su-nueva-camioneta-shark-y-su-suv-song\/#breadcrumb"},"inLanguage":"es","potentialAction":[{"@type":"ReadAction","target":["https:\/\/noti-america.com\/site\/ecuador\/2025\/03\/25\/byd-ecuador-presento-su-nueva-camioneta-shark-y-su-suv-song\/"]}]},{"@type":"ImageObject","inLanguage":"es","@id":"https:\/\/noti-america.com\/site\/ecuador\/2025\/03\/25\/byd-ecuador-presento-su-nueva-camioneta-shark-y-su-suv-song\/#primaryimage","url":"https:\/\/noti-america.com\/site\/ecuador\/wp-content\/uploads\/sites\/18\/2025\/03\/IMG_20250320_121928-scaled.jpg","contentUrl":"https:\/\/noti-america.com\/site\/ecuador\/wp-content\/uploads\/sites\/18\/2025\/03\/IMG_20250320_121928-scaled.jpg","width":2560,"height":1443},{"@type":"BreadcrumbList","@id":"https:\/\/noti-america.com\/site\/ecuador\/2025\/03\/25\/byd-ecuador-presento-su-nueva-camioneta-shark-y-su-suv-song\/#breadcrumb","itemListElement":[{"@type":"ListItem","position":1,"name":"Portada","item":"https:\/\/noti-america.com\/site\/ecuador\/"},{"@type":"ListItem","position":2,"name":"BYD Ecuador present\u00f3 su nueva camioneta Shark y su SUV Song"}]},{"@type":"WebSite","@id":"https:\/\/noti-america.com\/site\/ecuador\/#website","url":"https:\/\/noti-america.com\/site\/ecuador\/","name":"Ecuador | Noti-America.com","description":"","publisher":{"@id":"https:\/\/noti-america.com\/site\/ecuador\/#organization"},"potentialAction":[{"@type":"SearchAction","target":{"@type":"EntryPoint","urlTemplate":"https:\/\/noti-america.com\/site\/ecuador\/?s={search_term_string}"},"query-input":{"@type":"PropertyValueSpecification","valueRequired":true,"valueName":"search_term_string"}}],"inLanguage":"es"},{"@type":"Organization","@id":"https:\/\/noti-america.com\/site\/ecuador\/#organization","name":"Noti-America LLC | Ecuador","url":"https:\/\/noti-america.com\/site\/ecuador\/","logo":{"@type":"ImageObject","inLanguage":"es","@id":"https:\/\/noti-america.com\/site\/ecuador\/#\/schema\/logo\/image\/","url":"https:\/\/noti-america.com\/site\/ecuador\/wp-content\/uploads\/sites\/18\/2020\/07\/LogoNA-4x3-1.jpg","contentUrl":"https:\/\/noti-america.com\/site\/ecuador\/wp-content\/uploads\/sites\/18\/2020\/07\/LogoNA-4x3-1.jpg","width":1236,"height":1080,"caption":"Noti-America LLC | Ecuador"},"image":{"@id":"https:\/\/noti-america.com\/site\/ecuador\/#\/schema\/logo\/image\/"},"sameAs":["https:\/\/x.com\/notiamerica"]},{"@type":"Person","@id":"https:\/\/noti-america.com\/site\/ecuador\/#\/schema\/person\/00042412cfa9ecf98077f847ffadda4a","name":"Henry Garrido","image":{"@type":"ImageObject","inLanguage":"es","@id":"https:\/\/secure.gravatar.com\/avatar\/749ae5a1e6f22cf042f04b9f3f0a22732ae36970ccfd5c54a0a2ac3c4e1166ed?s=96&d=mm&r=g","url":"https:\/\/secure.gravatar.com\/avatar\/749ae5a1e6f22cf042f04b9f3f0a22732ae36970ccfd5c54a0a2ac3c4e1166ed?s=96&d=mm&r=g","contentUrl":"https:\/\/secure.gravatar.com\/avatar\/749ae5a1e6f22cf042f04b9f3f0a22732ae36970ccfd5c54a0a2ac3c4e1166ed?s=96&d=mm&r=g","caption":"Henry Garrido"},"url":"https:\/\/noti-america.com\/site\/ecuador\/author\/hgarrido\/"}]}},"_links":{"self":[{"href":"https:\/\/noti-america.com\/site\/ecuador\/wp-json\/wp\/v2\/posts\/34416","targetHints":{"allow":["GET"]}}],"collection":[{"href":"https:\/\/noti-america.com\/site\/ecuador\/wp-json\/wp\/v2\/posts"}],"about":[{"href":"https:\/\/noti-america.com\/site\/ecuador\/wp-json\/wp\/v2\/types\/post"}],"author":[{"embeddable":true,"href":"https:\/\/noti-america.com\/site\/ecuador\/wp-json\/wp\/v2\/users\/144"}],"replies":[{"embeddable":true,"href":"https:\/\/noti-america.com\/site\/ecuador\/wp-json\/wp\/v2\/comments?post=34416"}],"version-history":[{"count":4,"href":"https:\/\/noti-america.com\/site\/ecuador\/wp-json\/wp\/v2\/posts\/34416\/revisions"}],"predecessor-version":[{"id":34423,"href":"https:\/\/noti-america.com\/site\/ecuador\/wp-json\/wp\/v2\/posts\/34416\/revisions\/34423"}],"wp:featuredmedia":[{"embeddable":true,"href":"https:\/\/noti-america.com\/site\/ecuador\/wp-json\/wp\/v2\/media\/34417"}],"wp:attachment":[{"href":"https:\/\/noti-america.com\/site\/ecuador\/wp-json\/wp\/v2\/media?parent=34416"}],"wp:term":[{"taxonomy":"category","embeddable":true,"href":"https:\/\/noti-america.com\/site\/ecuador\/wp-json\/wp\/v2\/categories?post=34416"},{"taxonomy":"post_tag","embeddable":true,"href":"https:\/\/noti-america.com\/site\/ecuador\/wp-json\/wp\/v2\/tags?post=34416"}],"curies":[{"name":"wp","href":"https:\/\/api.w.org\/{rel}","templated":true}]}}