{"id":34400,"date":"2025-03-24T03:49:50","date_gmt":"2025-03-24T03:49:50","guid":{"rendered":"https:\/\/noti-america.com\/site\/ecuador\/?p=34400"},"modified":"2025-03-24T03:49:50","modified_gmt":"2025-03-24T03:49:50","slug":"noboa-y-gonzalez-protagonizaron-un-tenso-debate-presidencial-2025","status":"publish","type":"post","link":"https:\/\/noti-america.com\/site\/ecuador\/2025\/03\/24\/noboa-y-gonzalez-protagonizaron-un-tenso-debate-presidencial-2025\/","title":{"rendered":"Noboa y Gonz\u00e1lez protagonizaron un tenso debate presidencial 2025"},"content":{"rendered":"<p><strong>REDACCI\u00d3N NOTI-AM\u00c9RICA (ECUADOR).<\/strong><\/p>\n<p style=\"text-align: justify\"><img loading=\"lazy\" decoding=\"async\" class=\"size-medium wp-image-34401 aligncenter\" src=\"https:\/\/noti-america.com\/site\/ecuador\/wp-content\/uploads\/sites\/18\/2025\/03\/de-300x190.jpeg\" alt=\"\" width=\"300\" height=\"190\" srcset=\"https:\/\/noti-america.com\/site\/ecuador\/wp-content\/uploads\/sites\/18\/2025\/03\/de-300x190.jpeg 300w, https:\/\/noti-america.com\/site\/ecuador\/wp-content\/uploads\/sites\/18\/2025\/03\/de.jpeg 440w\" sizes=\"auto, (max-width: 300px) 100vw, 300px\" \/>Los aspirantes a Carondelet Daniel Noboa y Luisa Gonz\u00e1lez, midieron sus ideas y propuestas en el debate presidencial de la segunda vuelta electoral 2025 de Ecuador, la noche de este domingo 23 de marzo.<\/p>\n<p style=\"text-align: justify\">Fue la segunda vez que Noboa del Movimiento Acci\u00f3n Democr\u00e1tica Nacional (<em>ADN<\/em>) ) y Gonz\u00e1lez Revoluci\u00f3n Ciudadana (RC) se enfrentaron en un debate. La primera ocasi\u00f3n se dio en octubre de 2023, cuando ambos fueron los finalistas de las elecciones anticipadas.<\/p>\n<p style=\"text-align: justify\">Los candidatos debatieron sobre cinco temas: 1) Educaci\u00f3n, 2) salud y seguridad social, 3) criminalidad y seguridad, 4) econom\u00eda y empleo, y 5) gobernabilidad. La mayor cantidad de tiempo fue usada para la confrontaci\u00f3n y las acusaciones. Las propuestas y planes de trabajo quedaron en segundo plano.<\/p>\n<p style=\"text-align: justify\">El debate que fue transmitido en cadena nacional desde las 20:00 hora, ha sido intenso, cargado de confrontaci\u00f3n y de acusaciones. Luisa Gonz\u00e1lez, del corre\u00edsmo propuso terminar con la \u201ctriste realidad\u201d que viven los ecuatorianos, mientras que Daniel Noboa asegur\u00f3 que el balotaje se elegir\u00e1 \u201cla libertad o un r\u00e9gimen dictatorial similar al de Nicol\u00e1s Maduro\u00bb. La segunda vuelta est\u00e1 planificada para el 13 de abril.<\/p>\n<p style=\"text-align: justify\">A su salida del debate, hubo breves declaraciones a la prensa del presidente y candidato a la reelecci\u00f3n por ADN, Daniel Noboa, y su contrincante de RC, Luisa Gonz\u00e1lez, quienes improvisaron una evaluaci\u00f3n del debate.<\/p>\n<p style=\"text-align: justify\">Para Gonz\u00e1lez qued\u00f3 claro que Noboa no cobrar\u00e1 USD 94 millones de una deuda tributaria a su grupo empresarial, que no supo explicar sobre una empresa y la presidenta del partido oficialista ADN se\u00f1alados por supuesto narcotr\u00e1fico, entre otras.<\/p>\n<p style=\"text-align: justify\">Acus\u00f3 a Noboa de preferir los intereses econ\u00f3micos de su familia por sobre los de los ciudadanos. Adelant\u00f3 que, si gana las elecciones, organizar\u00e1 vuelos charter para deportar a los venezolanos en Ecuador en estado irregular.<\/p>\n<p style=\"text-align: justify\">Por su parte, Noboa fue el primero en abandonar el canal estatal Ecuador TV, apenas concluy\u00f3 el debate. Antes de salir se dirigi\u00f3 brevemente a los medios de comunicaci\u00f3n. Noboa dijo que \u00ablas cosas est\u00e1n un poco m\u00e1s claras para los indecisos. Hay dos opciones: libertad y justicia o Maduro y la desdolarizaci\u00f3n\u00bb.<\/p>\n","protected":false},"excerpt":{"rendered":"<p>REDACCI\u00d3N NOTI-AM\u00c9RICA (ECUADOR). Los aspirantes a Carondelet Daniel Noboa y Luisa Gonz\u00e1lez, midieron sus ideas y propuestas en el debate presidencial de la segunda vuelta electoral 2025 de Ecuador, la noche de este domingo&#46;&#46;&#46;<\/p>\n","protected":false},"author":144,"featured_media":34401,"comment_status":"open","ping_status":"open","sticky":false,"template":"","format":"standard","meta":{"_acf_changed":false,"om_disable_all_campaigns":false,"rop_custom_images_group":[],"rop_custom_messages_group":[],"rop_publish_now":"initial","rop_publish_now_accounts":{"twitter_242054905_242054905":""},"rop_publish_now_history":[],"rop_publish_now_status":"pending","_uf_show_specific_survey":0,"_uf_disable_surveys":false,"footnotes":""},"categories":[125],"tags":[],"class_list":["post-34400","post","type-post","status-publish","format-standard","has-post-thumbnail","hentry","category-actualidad"],"acf":[],"aioseo_notices":[],"yoast_head":"<!-- This site is optimized with the Yoast SEO Premium plugin v24.9 (Yoast SEO v27.2) - https:\/\/yoast.com\/product\/yoast-seo-premium-wordpress\/ -->\n<title>Noboa y Gonz\u00e1lez protagonizaron un tenso debate presidencial 2025 - Ecuador | Noti-America.com<\/title>\n<meta name=\"robots\" content=\"index, follow, max-snippet:-1, max-image-preview:large, max-video-preview:-1\" \/>\n<link rel=\"canonical\" href=\"https:\/\/noti-america.com\/site\/ecuador\/2025\/03\/24\/noboa-y-gonzalez-protagonizaron-un-tenso-debate-presidencial-2025\/\" \/>\n<meta property=\"og:locale\" content=\"es_ES\" \/>\n<meta property=\"og:type\" content=\"article\" \/>\n<meta property=\"og:title\" content=\"Noboa y Gonz\u00e1lez protagonizaron un tenso debate presidencial 2025\" \/>\n<meta property=\"og:description\" content=\"REDACCI\u00d3N NOTI-AM\u00c9RICA (ECUADOR). Los aspirantes a Carondelet Daniel Noboa y Luisa Gonz\u00e1lez, midieron sus ideas y propuestas en el debate presidencial de la segunda vuelta electoral 2025 de Ecuador, la noche de este domingo&#046;&#046;&#046;\" \/>\n<meta property=\"og:url\" content=\"https:\/\/noti-america.com\/site\/ecuador\/2025\/03\/24\/noboa-y-gonzalez-protagonizaron-un-tenso-debate-presidencial-2025\/\" \/>\n<meta property=\"og:site_name\" content=\"Ecuador | Noti-America.com\" \/>\n<meta property=\"article:published_time\" content=\"2025-03-24T03:49:50+00:00\" \/>\n<meta property=\"og:image\" content=\"https:\/\/noti-america.com\/site\/ecuador\/wp-content\/uploads\/sites\/18\/2025\/03\/de.jpeg\" \/>\n\t<meta property=\"og:image:width\" content=\"440\" \/>\n\t<meta property=\"og:image:height\" content=\"279\" \/>\n\t<meta property=\"og:image:type\" content=\"image\/jpeg\" \/>\n<meta name=\"author\" content=\"Henry Garrido\" \/>\n<meta name=\"twitter:card\" content=\"summary_large_image\" \/>\n<meta name=\"twitter:creator\" content=\"@notiamerica\" \/>\n<meta name=\"twitter:site\" content=\"@notiamerica\" \/>\n<meta name=\"twitter:label1\" content=\"Escrito por\" \/>\n\t<meta name=\"twitter:data1\" content=\"Henry Garrido\" \/>\n\t<meta name=\"twitter:label2\" content=\"Tiempo estimado de lectura\" \/>\n\t<meta name=\"twitter:data2\" content=\"3 minutos\" \/>\n<script type=\"application\/ld+json\" class=\"yoast-schema-graph\">{\"@context\":\"https:\/\/schema.org\",\"@graph\":[{\"@type\":\"Article\",\"@id\":\"https:\/\/noti-america.com\/site\/ecuador\/2025\/03\/24\/noboa-y-gonzalez-protagonizaron-un-tenso-debate-presidencial-2025\/#article\",\"isPartOf\":{\"@id\":\"https:\/\/noti-america.com\/site\/ecuador\/2025\/03\/24\/noboa-y-gonzalez-protagonizaron-un-tenso-debate-presidencial-2025\/\"},\"author\":{\"name\":\"Henry Garrido\",\"@id\":\"https:\/\/noti-america.com\/site\/ecuador\/#\/schema\/person\/00042412cfa9ecf98077f847ffadda4a\"},\"headline\":\"Noboa y Gonz\u00e1lez protagonizaron un tenso debate presidencial 2025\",\"datePublished\":\"2025-03-24T03:49:50+00:00\",\"mainEntityOfPage\":{\"@id\":\"https:\/\/noti-america.com\/site\/ecuador\/2025\/03\/24\/noboa-y-gonzalez-protagonizaron-un-tenso-debate-presidencial-2025\/\"},\"wordCount\":378,\"commentCount\":0,\"publisher\":{\"@id\":\"https:\/\/noti-america.com\/site\/ecuador\/#organization\"},\"image\":{\"@id\":\"https:\/\/noti-america.com\/site\/ecuador\/2025\/03\/24\/noboa-y-gonzalez-protagonizaron-un-tenso-debate-presidencial-2025\/#primaryimage\"},\"thumbnailUrl\":\"https:\/\/noti-america.com\/site\/ecuador\/wp-content\/uploads\/sites\/18\/2025\/03\/de.jpeg\",\"articleSection\":[\"Actualidad\"],\"inLanguage\":\"es\",\"potentialAction\":[{\"@type\":\"CommentAction\",\"name\":\"Comment\",\"target\":[\"https:\/\/noti-america.com\/site\/ecuador\/2025\/03\/24\/noboa-y-gonzalez-protagonizaron-un-tenso-debate-presidencial-2025\/#respond\"]}]},{\"@type\":\"WebPage\",\"@id\":\"https:\/\/noti-america.com\/site\/ecuador\/2025\/03\/24\/noboa-y-gonzalez-protagonizaron-un-tenso-debate-presidencial-2025\/\",\"url\":\"https:\/\/noti-america.com\/site\/ecuador\/2025\/03\/24\/noboa-y-gonzalez-protagonizaron-un-tenso-debate-presidencial-2025\/\",\"name\":\"Noboa y Gonz\u00e1lez protagonizaron un tenso debate presidencial 2025 - Ecuador | Noti-America.com\",\"isPartOf\":{\"@id\":\"https:\/\/noti-america.com\/site\/ecuador\/#website\"},\"primaryImageOfPage\":{\"@id\":\"https:\/\/noti-america.com\/site\/ecuador\/2025\/03\/24\/noboa-y-gonzalez-protagonizaron-un-tenso-debate-presidencial-2025\/#primaryimage\"},\"image\":{\"@id\":\"https:\/\/noti-america.com\/site\/ecuador\/2025\/03\/24\/noboa-y-gonzalez-protagonizaron-un-tenso-debate-presidencial-2025\/#primaryimage\"},\"thumbnailUrl\":\"https:\/\/noti-america.com\/site\/ecuador\/wp-content\/uploads\/sites\/18\/2025\/03\/de.jpeg\",\"datePublished\":\"2025-03-24T03:49:50+00:00\",\"breadcrumb\":{\"@id\":\"https:\/\/noti-america.com\/site\/ecuador\/2025\/03\/24\/noboa-y-gonzalez-protagonizaron-un-tenso-debate-presidencial-2025\/#breadcrumb\"},\"inLanguage\":\"es\",\"potentialAction\":[{\"@type\":\"ReadAction\",\"target\":[\"https:\/\/noti-america.com\/site\/ecuador\/2025\/03\/24\/noboa-y-gonzalez-protagonizaron-un-tenso-debate-presidencial-2025\/\"]}]},{\"@type\":\"ImageObject\",\"inLanguage\":\"es\",\"@id\":\"https:\/\/noti-america.com\/site\/ecuador\/2025\/03\/24\/noboa-y-gonzalez-protagonizaron-un-tenso-debate-presidencial-2025\/#primaryimage\",\"url\":\"https:\/\/noti-america.com\/site\/ecuador\/wp-content\/uploads\/sites\/18\/2025\/03\/de.jpeg\",\"contentUrl\":\"https:\/\/noti-america.com\/site\/ecuador\/wp-content\/uploads\/sites\/18\/2025\/03\/de.jpeg\",\"width\":440,\"height\":279},{\"@type\":\"BreadcrumbList\",\"@id\":\"https:\/\/noti-america.com\/site\/ecuador\/2025\/03\/24\/noboa-y-gonzalez-protagonizaron-un-tenso-debate-presidencial-2025\/#breadcrumb\",\"itemListElement\":[{\"@type\":\"ListItem\",\"position\":1,\"name\":\"Portada\",\"item\":\"https:\/\/noti-america.com\/site\/ecuador\/\"},{\"@type\":\"ListItem\",\"position\":2,\"name\":\"Noboa y Gonz\u00e1lez protagonizaron un tenso debate presidencial 2025\"}]},{\"@type\":\"WebSite\",\"@id\":\"https:\/\/noti-america.com\/site\/ecuador\/#website\",\"url\":\"https:\/\/noti-america.com\/site\/ecuador\/\",\"name\":\"Ecuador | Noti-America.com\",\"description\":\"\",\"publisher\":{\"@id\":\"https:\/\/noti-america.com\/site\/ecuador\/#organization\"},\"potentialAction\":[{\"@type\":\"SearchAction\",\"target\":{\"@type\":\"EntryPoint\",\"urlTemplate\":\"https:\/\/noti-america.com\/site\/ecuador\/?s={search_term_string}\"},\"query-input\":{\"@type\":\"PropertyValueSpecification\",\"valueRequired\":true,\"valueName\":\"search_term_string\"}}],\"inLanguage\":\"es\"},{\"@type\":\"Organization\",\"@id\":\"https:\/\/noti-america.com\/site\/ecuador\/#organization\",\"name\":\"Noti-America LLC | Ecuador\",\"url\":\"https:\/\/noti-america.com\/site\/ecuador\/\",\"logo\":{\"@type\":\"ImageObject\",\"inLanguage\":\"es\",\"@id\":\"https:\/\/noti-america.com\/site\/ecuador\/#\/schema\/logo\/image\/\",\"url\":\"https:\/\/noti-america.com\/site\/ecuador\/wp-content\/uploads\/sites\/18\/2020\/07\/LogoNA-4x3-1.jpg\",\"contentUrl\":\"https:\/\/noti-america.com\/site\/ecuador\/wp-content\/uploads\/sites\/18\/2020\/07\/LogoNA-4x3-1.jpg\",\"width\":1236,\"height\":1080,\"caption\":\"Noti-America LLC | Ecuador\"},\"image\":{\"@id\":\"https:\/\/noti-america.com\/site\/ecuador\/#\/schema\/logo\/image\/\"},\"sameAs\":[\"https:\/\/x.com\/notiamerica\"]},{\"@type\":\"Person\",\"@id\":\"https:\/\/noti-america.com\/site\/ecuador\/#\/schema\/person\/00042412cfa9ecf98077f847ffadda4a\",\"name\":\"Henry Garrido\",\"image\":{\"@type\":\"ImageObject\",\"inLanguage\":\"es\",\"@id\":\"https:\/\/secure.gravatar.com\/avatar\/749ae5a1e6f22cf042f04b9f3f0a22732ae36970ccfd5c54a0a2ac3c4e1166ed?s=96&d=mm&r=g\",\"url\":\"https:\/\/secure.gravatar.com\/avatar\/749ae5a1e6f22cf042f04b9f3f0a22732ae36970ccfd5c54a0a2ac3c4e1166ed?s=96&d=mm&r=g\",\"contentUrl\":\"https:\/\/secure.gravatar.com\/avatar\/749ae5a1e6f22cf042f04b9f3f0a22732ae36970ccfd5c54a0a2ac3c4e1166ed?s=96&d=mm&r=g\",\"caption\":\"Henry Garrido\"},\"url\":\"https:\/\/noti-america.com\/site\/ecuador\/author\/hgarrido\/\"}]}<\/script>\n<!-- \/ Yoast SEO Premium plugin. -->","yoast_head_json":{"title":"Noboa y Gonz\u00e1lez protagonizaron un tenso debate presidencial 2025 - Ecuador | Noti-America.com","robots":{"index":"index","follow":"follow","max-snippet":"max-snippet:-1","max-image-preview":"max-image-preview:large","max-video-preview":"max-video-preview:-1"},"canonical":"https:\/\/noti-america.com\/site\/ecuador\/2025\/03\/24\/noboa-y-gonzalez-protagonizaron-un-tenso-debate-presidencial-2025\/","og_locale":"es_ES","og_type":"article","og_title":"Noboa y Gonz\u00e1lez protagonizaron un tenso debate presidencial 2025","og_description":"REDACCI\u00d3N NOTI-AM\u00c9RICA (ECUADOR). Los aspirantes a Carondelet Daniel Noboa y Luisa Gonz\u00e1lez, midieron sus ideas y propuestas en el debate presidencial de la segunda vuelta electoral 2025 de Ecuador, la noche de este domingo&#46;&#46;&#46;","og_url":"https:\/\/noti-america.com\/site\/ecuador\/2025\/03\/24\/noboa-y-gonzalez-protagonizaron-un-tenso-debate-presidencial-2025\/","og_site_name":"Ecuador | Noti-America.com","article_published_time":"2025-03-24T03:49:50+00:00","og_image":[{"width":440,"height":279,"url":"https:\/\/noti-america.com\/site\/ecuador\/wp-content\/uploads\/sites\/18\/2025\/03\/de.jpeg","type":"image\/jpeg"}],"author":"Henry Garrido","twitter_card":"summary_large_image","twitter_creator":"@notiamerica","twitter_site":"@notiamerica","twitter_misc":{"Escrito por":"Henry Garrido","Tiempo estimado de lectura":"3 minutos"},"schema":{"@context":"https:\/\/schema.org","@graph":[{"@type":"Article","@id":"https:\/\/noti-america.com\/site\/ecuador\/2025\/03\/24\/noboa-y-gonzalez-protagonizaron-un-tenso-debate-presidencial-2025\/#article","isPartOf":{"@id":"https:\/\/noti-america.com\/site\/ecuador\/2025\/03\/24\/noboa-y-gonzalez-protagonizaron-un-tenso-debate-presidencial-2025\/"},"author":{"name":"Henry Garrido","@id":"https:\/\/noti-america.com\/site\/ecuador\/#\/schema\/person\/00042412cfa9ecf98077f847ffadda4a"},"headline":"Noboa y Gonz\u00e1lez protagonizaron un tenso debate presidencial 2025","datePublished":"2025-03-24T03:49:50+00:00","mainEntityOfPage":{"@id":"https:\/\/noti-america.com\/site\/ecuador\/2025\/03\/24\/noboa-y-gonzalez-protagonizaron-un-tenso-debate-presidencial-2025\/"},"wordCount":378,"commentCount":0,"publisher":{"@id":"https:\/\/noti-america.com\/site\/ecuador\/#organization"},"image":{"@id":"https:\/\/noti-america.com\/site\/ecuador\/2025\/03\/24\/noboa-y-gonzalez-protagonizaron-un-tenso-debate-presidencial-2025\/#primaryimage"},"thumbnailUrl":"https:\/\/noti-america.com\/site\/ecuador\/wp-content\/uploads\/sites\/18\/2025\/03\/de.jpeg","articleSection":["Actualidad"],"inLanguage":"es","potentialAction":[{"@type":"CommentAction","name":"Comment","target":["https:\/\/noti-america.com\/site\/ecuador\/2025\/03\/24\/noboa-y-gonzalez-protagonizaron-un-tenso-debate-presidencial-2025\/#respond"]}]},{"@type":"WebPage","@id":"https:\/\/noti-america.com\/site\/ecuador\/2025\/03\/24\/noboa-y-gonzalez-protagonizaron-un-tenso-debate-presidencial-2025\/","url":"https:\/\/noti-america.com\/site\/ecuador\/2025\/03\/24\/noboa-y-gonzalez-protagonizaron-un-tenso-debate-presidencial-2025\/","name":"Noboa y Gonz\u00e1lez protagonizaron un tenso debate presidencial 2025 - Ecuador | Noti-America.com","isPartOf":{"@id":"https:\/\/noti-america.com\/site\/ecuador\/#website"},"primaryImageOfPage":{"@id":"https:\/\/noti-america.com\/site\/ecuador\/2025\/03\/24\/noboa-y-gonzalez-protagonizaron-un-tenso-debate-presidencial-2025\/#primaryimage"},"image":{"@id":"https:\/\/noti-america.com\/site\/ecuador\/2025\/03\/24\/noboa-y-gonzalez-protagonizaron-un-tenso-debate-presidencial-2025\/#primaryimage"},"thumbnailUrl":"https:\/\/noti-america.com\/site\/ecuador\/wp-content\/uploads\/sites\/18\/2025\/03\/de.jpeg","datePublished":"2025-03-24T03:49:50+00:00","breadcrumb":{"@id":"https:\/\/noti-america.com\/site\/ecuador\/2025\/03\/24\/noboa-y-gonzalez-protagonizaron-un-tenso-debate-presidencial-2025\/#breadcrumb"},"inLanguage":"es","potentialAction":[{"@type":"ReadAction","target":["https:\/\/noti-america.com\/site\/ecuador\/2025\/03\/24\/noboa-y-gonzalez-protagonizaron-un-tenso-debate-presidencial-2025\/"]}]},{"@type":"ImageObject","inLanguage":"es","@id":"https:\/\/noti-america.com\/site\/ecuador\/2025\/03\/24\/noboa-y-gonzalez-protagonizaron-un-tenso-debate-presidencial-2025\/#primaryimage","url":"https:\/\/noti-america.com\/site\/ecuador\/wp-content\/uploads\/sites\/18\/2025\/03\/de.jpeg","contentUrl":"https:\/\/noti-america.com\/site\/ecuador\/wp-content\/uploads\/sites\/18\/2025\/03\/de.jpeg","width":440,"height":279},{"@type":"BreadcrumbList","@id":"https:\/\/noti-america.com\/site\/ecuador\/2025\/03\/24\/noboa-y-gonzalez-protagonizaron-un-tenso-debate-presidencial-2025\/#breadcrumb","itemListElement":[{"@type":"ListItem","position":1,"name":"Portada","item":"https:\/\/noti-america.com\/site\/ecuador\/"},{"@type":"ListItem","position":2,"name":"Noboa y Gonz\u00e1lez protagonizaron un tenso debate presidencial 2025"}]},{"@type":"WebSite","@id":"https:\/\/noti-america.com\/site\/ecuador\/#website","url":"https:\/\/noti-america.com\/site\/ecuador\/","name":"Ecuador | Noti-America.com","description":"","publisher":{"@id":"https:\/\/noti-america.com\/site\/ecuador\/#organization"},"potentialAction":[{"@type":"SearchAction","target":{"@type":"EntryPoint","urlTemplate":"https:\/\/noti-america.com\/site\/ecuador\/?s={search_term_string}"},"query-input":{"@type":"PropertyValueSpecification","valueRequired":true,"valueName":"search_term_string"}}],"inLanguage":"es"},{"@type":"Organization","@id":"https:\/\/noti-america.com\/site\/ecuador\/#organization","name":"Noti-America LLC | Ecuador","url":"https:\/\/noti-america.com\/site\/ecuador\/","logo":{"@type":"ImageObject","inLanguage":"es","@id":"https:\/\/noti-america.com\/site\/ecuador\/#\/schema\/logo\/image\/","url":"https:\/\/noti-america.com\/site\/ecuador\/wp-content\/uploads\/sites\/18\/2020\/07\/LogoNA-4x3-1.jpg","contentUrl":"https:\/\/noti-america.com\/site\/ecuador\/wp-content\/uploads\/sites\/18\/2020\/07\/LogoNA-4x3-1.jpg","width":1236,"height":1080,"caption":"Noti-America LLC | Ecuador"},"image":{"@id":"https:\/\/noti-america.com\/site\/ecuador\/#\/schema\/logo\/image\/"},"sameAs":["https:\/\/x.com\/notiamerica"]},{"@type":"Person","@id":"https:\/\/noti-america.com\/site\/ecuador\/#\/schema\/person\/00042412cfa9ecf98077f847ffadda4a","name":"Henry Garrido","image":{"@type":"ImageObject","inLanguage":"es","@id":"https:\/\/secure.gravatar.com\/avatar\/749ae5a1e6f22cf042f04b9f3f0a22732ae36970ccfd5c54a0a2ac3c4e1166ed?s=96&d=mm&r=g","url":"https:\/\/secure.gravatar.com\/avatar\/749ae5a1e6f22cf042f04b9f3f0a22732ae36970ccfd5c54a0a2ac3c4e1166ed?s=96&d=mm&r=g","contentUrl":"https:\/\/secure.gravatar.com\/avatar\/749ae5a1e6f22cf042f04b9f3f0a22732ae36970ccfd5c54a0a2ac3c4e1166ed?s=96&d=mm&r=g","caption":"Henry Garrido"},"url":"https:\/\/noti-america.com\/site\/ecuador\/author\/hgarrido\/"}]}},"_links":{"self":[{"href":"https:\/\/noti-america.com\/site\/ecuador\/wp-json\/wp\/v2\/posts\/34400","targetHints":{"allow":["GET"]}}],"collection":[{"href":"https:\/\/noti-america.com\/site\/ecuador\/wp-json\/wp\/v2\/posts"}],"about":[{"href":"https:\/\/noti-america.com\/site\/ecuador\/wp-json\/wp\/v2\/types\/post"}],"author":[{"embeddable":true,"href":"https:\/\/noti-america.com\/site\/ecuador\/wp-json\/wp\/v2\/users\/144"}],"replies":[{"embeddable":true,"href":"https:\/\/noti-america.com\/site\/ecuador\/wp-json\/wp\/v2\/comments?post=34400"}],"version-history":[{"count":1,"href":"https:\/\/noti-america.com\/site\/ecuador\/wp-json\/wp\/v2\/posts\/34400\/revisions"}],"predecessor-version":[{"id":34402,"href":"https:\/\/noti-america.com\/site\/ecuador\/wp-json\/wp\/v2\/posts\/34400\/revisions\/34402"}],"wp:featuredmedia":[{"embeddable":true,"href":"https:\/\/noti-america.com\/site\/ecuador\/wp-json\/wp\/v2\/media\/34401"}],"wp:attachment":[{"href":"https:\/\/noti-america.com\/site\/ecuador\/wp-json\/wp\/v2\/media?parent=34400"}],"wp:term":[{"taxonomy":"category","embeddable":true,"href":"https:\/\/noti-america.com\/site\/ecuador\/wp-json\/wp\/v2\/categories?post=34400"},{"taxonomy":"post_tag","embeddable":true,"href":"https:\/\/noti-america.com\/site\/ecuador\/wp-json\/wp\/v2\/tags?post=34400"}],"curies":[{"name":"wp","href":"https:\/\/api.w.org\/{rel}","templated":true}]}}