{"id":34394,"date":"2025-03-24T03:14:04","date_gmt":"2025-03-24T03:14:04","guid":{"rendered":"https:\/\/noti-america.com\/site\/ecuador\/?p=34394"},"modified":"2025-03-24T03:15:35","modified_gmt":"2025-03-24T03:15:35","slug":"cerveceria-nacional-logro-reducir-su-gasto-en-consumo-de-agua","status":"publish","type":"post","link":"https:\/\/noti-america.com\/site\/ecuador\/2025\/03\/24\/cerveceria-nacional-logro-reducir-su-gasto-en-consumo-de-agua\/","title":{"rendered":"Cervecer\u00eda Nacional logr\u00f3 reducir su gasto en consumo de agua"},"content":{"rendered":"<p><strong>REDACCI\u00d3N NOTI-AM\u00c9RICA (ECUADOR).<\/strong><\/p>\n<p style=\"text-align: justify\"><img loading=\"lazy\" decoding=\"async\" class=\"size-medium wp-image-34396 aligncenter\" src=\"https:\/\/noti-america.com\/site\/ecuador\/wp-content\/uploads\/sites\/18\/2025\/03\/43fa4667-e38d-42ac-80a8-2930a7433c3c-300x200.jpg\" alt=\"\" width=\"300\" height=\"200\" srcset=\"https:\/\/noti-america.com\/site\/ecuador\/wp-content\/uploads\/sites\/18\/2025\/03\/43fa4667-e38d-42ac-80a8-2930a7433c3c-300x200.jpg 300w, https:\/\/noti-america.com\/site\/ecuador\/wp-content\/uploads\/sites\/18\/2025\/03\/43fa4667-e38d-42ac-80a8-2930a7433c3c-272x182.jpg 272w, https:\/\/noti-america.com\/site\/ecuador\/wp-content\/uploads\/sites\/18\/2025\/03\/43fa4667-e38d-42ac-80a8-2930a7433c3c.jpg 568w\" sizes=\"auto, (max-width: 300px) 100vw, 300px\" \/>Cervecer\u00eda Nacional (CN) present\u00f3 sus \u00faltimas novedades en relaci\u00f3n con la preservaci\u00f3n del agua, un recurso esencial en la elaboraci\u00f3n de cerveza, en el marco de su compromiso con el desarrollo socioecon\u00f3mico del Ecuador y del D\u00eda Mundial del Agua.<\/p>\n<p style=\"text-align: justify\">Ante este panorama, las empresas buscan implementar estrategias innovadoras para reducir su huella h\u00eddrica, reusar el agua en sus procesos y regresar a fuentes naturales, consolid\u00e1ndose como un referente de buenas pr\u00e1cticas en el uso de este recurso vital.<\/p>\n<p style=\"text-align: justify\">Conscientes de esta realidad, CN han adoptado medidas concretas para garantizar el uso responsable y eficiente del agua. La compa\u00f1\u00eda ha logrado reducir su consumo de agua a 2,3 litros por cada litro de cerveza producida, superando ampliamente el promedio de la industria que alcanza los 7 litros. Para llegar a esta reducci\u00f3n, le empresa ha implementado diferentes acciones.<\/p>\n<p style=\"text-align: justify\"><img loading=\"lazy\" decoding=\"async\" class=\"size-medium wp-image-34397 aligncenter\" src=\"https:\/\/noti-america.com\/site\/ecuador\/wp-content\/uploads\/sites\/18\/2025\/03\/614ba0f682c25-300x197.jpg\" alt=\"\" width=\"300\" height=\"197\" srcset=\"https:\/\/noti-america.com\/site\/ecuador\/wp-content\/uploads\/sites\/18\/2025\/03\/614ba0f682c25-300x197.jpg 300w, https:\/\/noti-america.com\/site\/ecuador\/wp-content\/uploads\/sites\/18\/2025\/03\/614ba0f682c25-1024x674.jpg 1024w, https:\/\/noti-america.com\/site\/ecuador\/wp-content\/uploads\/sites\/18\/2025\/03\/614ba0f682c25-768x505.jpg 768w, https:\/\/noti-america.com\/site\/ecuador\/wp-content\/uploads\/sites\/18\/2025\/03\/614ba0f682c25.jpg 1228w\" sizes=\"auto, (max-width: 300px) 100vw, 300px\" \/>\u201c<em>Para Cervecer\u00eda Nacional, el agua es uno de los recursos naturales m\u00e1s preciados de nuestro proceso productivo. Por eso, cada acci\u00f3n que emprendemos tiene un objetivo claro: conservar, reutilizar y optimizar el uso este recurso vital. Estamos convencidos de que sin agua no hay cerveza, y sin sostenibilidad no hay futuro, se\u00f1al\u00f3, Sandra Ca\u00f1izares, gerente de Marca Corporativa y Sostenibilidad de Cervecer\u00eda.<\/em><\/p>\n<p style=\"text-align: justify\">Con estas acciones, Cervecer\u00eda Nacional reafirma su compromiso con la construcci\u00f3n de un mejor futuro, demostrando que la sostenibilidad no es solo una meta, sino la suma de iniciativas con prop\u00f3sito.<\/p>\n<p style=\"text-align: justify\">En el marco del D\u00eda Mundial del Agua, la compa\u00f1\u00eda invita a las empresas del sector a continuar desarrollando planes que representen un consumo cada vez m\u00e1s inteligente en las operaciones, utilizando la innovaci\u00f3n y la econom\u00eda circular.<\/p>\n","protected":false},"excerpt":{"rendered":"<p>REDACCI\u00d3N NOTI-AM\u00c9RICA (ECUADOR). Cervecer\u00eda Nacional (CN) present\u00f3 sus \u00faltimas novedades en relaci\u00f3n con la preservaci\u00f3n del agua, un recurso esencial en la elaboraci\u00f3n de cerveza, en el marco de su compromiso con el desarrollo&#46;&#46;&#46;<\/p>\n","protected":false},"author":144,"featured_media":34396,"comment_status":"open","ping_status":"open","sticky":false,"template":"","format":"standard","meta":{"_acf_changed":false,"om_disable_all_campaigns":false,"rop_custom_images_group":[],"rop_custom_messages_group":[],"rop_publish_now":"initial","rop_publish_now_accounts":{"twitter_242054905_242054905":""},"rop_publish_now_history":[],"rop_publish_now_status":"pending","_uf_show_specific_survey":0,"_uf_disable_surveys":false,"footnotes":""},"categories":[108],"tags":[],"class_list":["post-34394","post","type-post","status-publish","format-standard","has-post-thumbnail","hentry","category-responsabilidad-social-empresarial"],"acf":[],"aioseo_notices":[],"yoast_head":"<!-- This site is optimized with the Yoast SEO Premium plugin v24.9 (Yoast SEO v27.2) - https:\/\/yoast.com\/product\/yoast-seo-premium-wordpress\/ -->\n<title>Cervecer\u00eda Nacional logr\u00f3 reducir su gasto en consumo de agua - Ecuador | Noti-America.com<\/title>\n<meta name=\"robots\" content=\"index, follow, max-snippet:-1, max-image-preview:large, max-video-preview:-1\" \/>\n<link rel=\"canonical\" href=\"https:\/\/noti-america.com\/site\/ecuador\/2025\/03\/24\/cerveceria-nacional-logro-reducir-su-gasto-en-consumo-de-agua\/\" \/>\n<meta property=\"og:locale\" content=\"es_ES\" \/>\n<meta property=\"og:type\" content=\"article\" \/>\n<meta property=\"og:title\" content=\"Cervecer\u00eda Nacional logr\u00f3 reducir su gasto en consumo de agua\" \/>\n<meta property=\"og:description\" content=\"REDACCI\u00d3N NOTI-AM\u00c9RICA (ECUADOR). Cervecer\u00eda Nacional (CN) present\u00f3 sus \u00faltimas novedades en relaci\u00f3n con la preservaci\u00f3n del agua, un recurso esencial en la elaboraci\u00f3n de cerveza, en el marco de su compromiso con el desarrollo&#046;&#046;&#046;\" \/>\n<meta property=\"og:url\" content=\"https:\/\/noti-america.com\/site\/ecuador\/2025\/03\/24\/cerveceria-nacional-logro-reducir-su-gasto-en-consumo-de-agua\/\" \/>\n<meta property=\"og:site_name\" content=\"Ecuador | Noti-America.com\" \/>\n<meta property=\"article:published_time\" content=\"2025-03-24T03:14:04+00:00\" \/>\n<meta property=\"article:modified_time\" content=\"2025-03-24T03:15:35+00:00\" \/>\n<meta property=\"og:image\" content=\"https:\/\/noti-america.com\/site\/ecuador\/wp-content\/uploads\/sites\/18\/2025\/03\/43fa4667-e38d-42ac-80a8-2930a7433c3c.jpg\" \/>\n\t<meta property=\"og:image:width\" content=\"568\" \/>\n\t<meta property=\"og:image:height\" content=\"378\" \/>\n\t<meta property=\"og:image:type\" content=\"image\/jpeg\" \/>\n<meta name=\"author\" content=\"Henry Garrido\" \/>\n<meta name=\"twitter:card\" content=\"summary_large_image\" \/>\n<meta name=\"twitter:creator\" content=\"@notiamerica\" \/>\n<meta name=\"twitter:site\" content=\"@notiamerica\" \/>\n<meta name=\"twitter:label1\" content=\"Escrito por\" \/>\n\t<meta name=\"twitter:data1\" content=\"Henry Garrido\" \/>\n\t<meta name=\"twitter:label2\" content=\"Tiempo estimado de lectura\" \/>\n\t<meta name=\"twitter:data2\" content=\"2 minutos\" \/>\n<script type=\"application\/ld+json\" class=\"yoast-schema-graph\">{\"@context\":\"https:\/\/schema.org\",\"@graph\":[{\"@type\":\"Article\",\"@id\":\"https:\/\/noti-america.com\/site\/ecuador\/2025\/03\/24\/cerveceria-nacional-logro-reducir-su-gasto-en-consumo-de-agua\/#article\",\"isPartOf\":{\"@id\":\"https:\/\/noti-america.com\/site\/ecuador\/2025\/03\/24\/cerveceria-nacional-logro-reducir-su-gasto-en-consumo-de-agua\/\"},\"author\":{\"name\":\"Henry Garrido\",\"@id\":\"https:\/\/noti-america.com\/site\/ecuador\/#\/schema\/person\/00042412cfa9ecf98077f847ffadda4a\"},\"headline\":\"Cervecer\u00eda Nacional logr\u00f3 reducir su gasto en consumo de agua\",\"datePublished\":\"2025-03-24T03:14:04+00:00\",\"dateModified\":\"2025-03-24T03:15:35+00:00\",\"mainEntityOfPage\":{\"@id\":\"https:\/\/noti-america.com\/site\/ecuador\/2025\/03\/24\/cerveceria-nacional-logro-reducir-su-gasto-en-consumo-de-agua\/\"},\"wordCount\":308,\"commentCount\":0,\"publisher\":{\"@id\":\"https:\/\/noti-america.com\/site\/ecuador\/#organization\"},\"image\":{\"@id\":\"https:\/\/noti-america.com\/site\/ecuador\/2025\/03\/24\/cerveceria-nacional-logro-reducir-su-gasto-en-consumo-de-agua\/#primaryimage\"},\"thumbnailUrl\":\"https:\/\/noti-america.com\/site\/ecuador\/wp-content\/uploads\/sites\/18\/2025\/03\/43fa4667-e38d-42ac-80a8-2930a7433c3c.jpg\",\"articleSection\":[\"Responsabilidad Social Empresarial\"],\"inLanguage\":\"es\",\"potentialAction\":[{\"@type\":\"CommentAction\",\"name\":\"Comment\",\"target\":[\"https:\/\/noti-america.com\/site\/ecuador\/2025\/03\/24\/cerveceria-nacional-logro-reducir-su-gasto-en-consumo-de-agua\/#respond\"]}]},{\"@type\":\"WebPage\",\"@id\":\"https:\/\/noti-america.com\/site\/ecuador\/2025\/03\/24\/cerveceria-nacional-logro-reducir-su-gasto-en-consumo-de-agua\/\",\"url\":\"https:\/\/noti-america.com\/site\/ecuador\/2025\/03\/24\/cerveceria-nacional-logro-reducir-su-gasto-en-consumo-de-agua\/\",\"name\":\"Cervecer\u00eda Nacional logr\u00f3 reducir su gasto en consumo de agua - Ecuador | Noti-America.com\",\"isPartOf\":{\"@id\":\"https:\/\/noti-america.com\/site\/ecuador\/#website\"},\"primaryImageOfPage\":{\"@id\":\"https:\/\/noti-america.com\/site\/ecuador\/2025\/03\/24\/cerveceria-nacional-logro-reducir-su-gasto-en-consumo-de-agua\/#primaryimage\"},\"image\":{\"@id\":\"https:\/\/noti-america.com\/site\/ecuador\/2025\/03\/24\/cerveceria-nacional-logro-reducir-su-gasto-en-consumo-de-agua\/#primaryimage\"},\"thumbnailUrl\":\"https:\/\/noti-america.com\/site\/ecuador\/wp-content\/uploads\/sites\/18\/2025\/03\/43fa4667-e38d-42ac-80a8-2930a7433c3c.jpg\",\"datePublished\":\"2025-03-24T03:14:04+00:00\",\"dateModified\":\"2025-03-24T03:15:35+00:00\",\"breadcrumb\":{\"@id\":\"https:\/\/noti-america.com\/site\/ecuador\/2025\/03\/24\/cerveceria-nacional-logro-reducir-su-gasto-en-consumo-de-agua\/#breadcrumb\"},\"inLanguage\":\"es\",\"potentialAction\":[{\"@type\":\"ReadAction\",\"target\":[\"https:\/\/noti-america.com\/site\/ecuador\/2025\/03\/24\/cerveceria-nacional-logro-reducir-su-gasto-en-consumo-de-agua\/\"]}]},{\"@type\":\"ImageObject\",\"inLanguage\":\"es\",\"@id\":\"https:\/\/noti-america.com\/site\/ecuador\/2025\/03\/24\/cerveceria-nacional-logro-reducir-su-gasto-en-consumo-de-agua\/#primaryimage\",\"url\":\"https:\/\/noti-america.com\/site\/ecuador\/wp-content\/uploads\/sites\/18\/2025\/03\/43fa4667-e38d-42ac-80a8-2930a7433c3c.jpg\",\"contentUrl\":\"https:\/\/noti-america.com\/site\/ecuador\/wp-content\/uploads\/sites\/18\/2025\/03\/43fa4667-e38d-42ac-80a8-2930a7433c3c.jpg\",\"width\":568,\"height\":378},{\"@type\":\"BreadcrumbList\",\"@id\":\"https:\/\/noti-america.com\/site\/ecuador\/2025\/03\/24\/cerveceria-nacional-logro-reducir-su-gasto-en-consumo-de-agua\/#breadcrumb\",\"itemListElement\":[{\"@type\":\"ListItem\",\"position\":1,\"name\":\"Portada\",\"item\":\"https:\/\/noti-america.com\/site\/ecuador\/\"},{\"@type\":\"ListItem\",\"position\":2,\"name\":\"Cervecer\u00eda Nacional logr\u00f3 reducir su gasto en consumo de agua\"}]},{\"@type\":\"WebSite\",\"@id\":\"https:\/\/noti-america.com\/site\/ecuador\/#website\",\"url\":\"https:\/\/noti-america.com\/site\/ecuador\/\",\"name\":\"Ecuador | Noti-America.com\",\"description\":\"\",\"publisher\":{\"@id\":\"https:\/\/noti-america.com\/site\/ecuador\/#organization\"},\"potentialAction\":[{\"@type\":\"SearchAction\",\"target\":{\"@type\":\"EntryPoint\",\"urlTemplate\":\"https:\/\/noti-america.com\/site\/ecuador\/?s={search_term_string}\"},\"query-input\":{\"@type\":\"PropertyValueSpecification\",\"valueRequired\":true,\"valueName\":\"search_term_string\"}}],\"inLanguage\":\"es\"},{\"@type\":\"Organization\",\"@id\":\"https:\/\/noti-america.com\/site\/ecuador\/#organization\",\"name\":\"Noti-America LLC | Ecuador\",\"url\":\"https:\/\/noti-america.com\/site\/ecuador\/\",\"logo\":{\"@type\":\"ImageObject\",\"inLanguage\":\"es\",\"@id\":\"https:\/\/noti-america.com\/site\/ecuador\/#\/schema\/logo\/image\/\",\"url\":\"https:\/\/noti-america.com\/site\/ecuador\/wp-content\/uploads\/sites\/18\/2020\/07\/LogoNA-4x3-1.jpg\",\"contentUrl\":\"https:\/\/noti-america.com\/site\/ecuador\/wp-content\/uploads\/sites\/18\/2020\/07\/LogoNA-4x3-1.jpg\",\"width\":1236,\"height\":1080,\"caption\":\"Noti-America LLC | Ecuador\"},\"image\":{\"@id\":\"https:\/\/noti-america.com\/site\/ecuador\/#\/schema\/logo\/image\/\"},\"sameAs\":[\"https:\/\/x.com\/notiamerica\"]},{\"@type\":\"Person\",\"@id\":\"https:\/\/noti-america.com\/site\/ecuador\/#\/schema\/person\/00042412cfa9ecf98077f847ffadda4a\",\"name\":\"Henry Garrido\",\"image\":{\"@type\":\"ImageObject\",\"inLanguage\":\"es\",\"@id\":\"https:\/\/secure.gravatar.com\/avatar\/749ae5a1e6f22cf042f04b9f3f0a22732ae36970ccfd5c54a0a2ac3c4e1166ed?s=96&d=mm&r=g\",\"url\":\"https:\/\/secure.gravatar.com\/avatar\/749ae5a1e6f22cf042f04b9f3f0a22732ae36970ccfd5c54a0a2ac3c4e1166ed?s=96&d=mm&r=g\",\"contentUrl\":\"https:\/\/secure.gravatar.com\/avatar\/749ae5a1e6f22cf042f04b9f3f0a22732ae36970ccfd5c54a0a2ac3c4e1166ed?s=96&d=mm&r=g\",\"caption\":\"Henry Garrido\"},\"url\":\"https:\/\/noti-america.com\/site\/ecuador\/author\/hgarrido\/\"}]}<\/script>\n<!-- \/ Yoast SEO Premium plugin. -->","yoast_head_json":{"title":"Cervecer\u00eda Nacional logr\u00f3 reducir su gasto en consumo de agua - Ecuador | Noti-America.com","robots":{"index":"index","follow":"follow","max-snippet":"max-snippet:-1","max-image-preview":"max-image-preview:large","max-video-preview":"max-video-preview:-1"},"canonical":"https:\/\/noti-america.com\/site\/ecuador\/2025\/03\/24\/cerveceria-nacional-logro-reducir-su-gasto-en-consumo-de-agua\/","og_locale":"es_ES","og_type":"article","og_title":"Cervecer\u00eda Nacional logr\u00f3 reducir su gasto en consumo de agua","og_description":"REDACCI\u00d3N NOTI-AM\u00c9RICA (ECUADOR). Cervecer\u00eda Nacional (CN) present\u00f3 sus \u00faltimas novedades en relaci\u00f3n con la preservaci\u00f3n del agua, un recurso esencial en la elaboraci\u00f3n de cerveza, en el marco de su compromiso con el desarrollo&#46;&#46;&#46;","og_url":"https:\/\/noti-america.com\/site\/ecuador\/2025\/03\/24\/cerveceria-nacional-logro-reducir-su-gasto-en-consumo-de-agua\/","og_site_name":"Ecuador | Noti-America.com","article_published_time":"2025-03-24T03:14:04+00:00","article_modified_time":"2025-03-24T03:15:35+00:00","og_image":[{"width":568,"height":378,"url":"https:\/\/noti-america.com\/site\/ecuador\/wp-content\/uploads\/sites\/18\/2025\/03\/43fa4667-e38d-42ac-80a8-2930a7433c3c.jpg","type":"image\/jpeg"}],"author":"Henry Garrido","twitter_card":"summary_large_image","twitter_creator":"@notiamerica","twitter_site":"@notiamerica","twitter_misc":{"Escrito por":"Henry Garrido","Tiempo estimado de lectura":"2 minutos"},"schema":{"@context":"https:\/\/schema.org","@graph":[{"@type":"Article","@id":"https:\/\/noti-america.com\/site\/ecuador\/2025\/03\/24\/cerveceria-nacional-logro-reducir-su-gasto-en-consumo-de-agua\/#article","isPartOf":{"@id":"https:\/\/noti-america.com\/site\/ecuador\/2025\/03\/24\/cerveceria-nacional-logro-reducir-su-gasto-en-consumo-de-agua\/"},"author":{"name":"Henry Garrido","@id":"https:\/\/noti-america.com\/site\/ecuador\/#\/schema\/person\/00042412cfa9ecf98077f847ffadda4a"},"headline":"Cervecer\u00eda Nacional logr\u00f3 reducir su gasto en consumo de agua","datePublished":"2025-03-24T03:14:04+00:00","dateModified":"2025-03-24T03:15:35+00:00","mainEntityOfPage":{"@id":"https:\/\/noti-america.com\/site\/ecuador\/2025\/03\/24\/cerveceria-nacional-logro-reducir-su-gasto-en-consumo-de-agua\/"},"wordCount":308,"commentCount":0,"publisher":{"@id":"https:\/\/noti-america.com\/site\/ecuador\/#organization"},"image":{"@id":"https:\/\/noti-america.com\/site\/ecuador\/2025\/03\/24\/cerveceria-nacional-logro-reducir-su-gasto-en-consumo-de-agua\/#primaryimage"},"thumbnailUrl":"https:\/\/noti-america.com\/site\/ecuador\/wp-content\/uploads\/sites\/18\/2025\/03\/43fa4667-e38d-42ac-80a8-2930a7433c3c.jpg","articleSection":["Responsabilidad Social Empresarial"],"inLanguage":"es","potentialAction":[{"@type":"CommentAction","name":"Comment","target":["https:\/\/noti-america.com\/site\/ecuador\/2025\/03\/24\/cerveceria-nacional-logro-reducir-su-gasto-en-consumo-de-agua\/#respond"]}]},{"@type":"WebPage","@id":"https:\/\/noti-america.com\/site\/ecuador\/2025\/03\/24\/cerveceria-nacional-logro-reducir-su-gasto-en-consumo-de-agua\/","url":"https:\/\/noti-america.com\/site\/ecuador\/2025\/03\/24\/cerveceria-nacional-logro-reducir-su-gasto-en-consumo-de-agua\/","name":"Cervecer\u00eda Nacional logr\u00f3 reducir su gasto en consumo de agua - Ecuador | Noti-America.com","isPartOf":{"@id":"https:\/\/noti-america.com\/site\/ecuador\/#website"},"primaryImageOfPage":{"@id":"https:\/\/noti-america.com\/site\/ecuador\/2025\/03\/24\/cerveceria-nacional-logro-reducir-su-gasto-en-consumo-de-agua\/#primaryimage"},"image":{"@id":"https:\/\/noti-america.com\/site\/ecuador\/2025\/03\/24\/cerveceria-nacional-logro-reducir-su-gasto-en-consumo-de-agua\/#primaryimage"},"thumbnailUrl":"https:\/\/noti-america.com\/site\/ecuador\/wp-content\/uploads\/sites\/18\/2025\/03\/43fa4667-e38d-42ac-80a8-2930a7433c3c.jpg","datePublished":"2025-03-24T03:14:04+00:00","dateModified":"2025-03-24T03:15:35+00:00","breadcrumb":{"@id":"https:\/\/noti-america.com\/site\/ecuador\/2025\/03\/24\/cerveceria-nacional-logro-reducir-su-gasto-en-consumo-de-agua\/#breadcrumb"},"inLanguage":"es","potentialAction":[{"@type":"ReadAction","target":["https:\/\/noti-america.com\/site\/ecuador\/2025\/03\/24\/cerveceria-nacional-logro-reducir-su-gasto-en-consumo-de-agua\/"]}]},{"@type":"ImageObject","inLanguage":"es","@id":"https:\/\/noti-america.com\/site\/ecuador\/2025\/03\/24\/cerveceria-nacional-logro-reducir-su-gasto-en-consumo-de-agua\/#primaryimage","url":"https:\/\/noti-america.com\/site\/ecuador\/wp-content\/uploads\/sites\/18\/2025\/03\/43fa4667-e38d-42ac-80a8-2930a7433c3c.jpg","contentUrl":"https:\/\/noti-america.com\/site\/ecuador\/wp-content\/uploads\/sites\/18\/2025\/03\/43fa4667-e38d-42ac-80a8-2930a7433c3c.jpg","width":568,"height":378},{"@type":"BreadcrumbList","@id":"https:\/\/noti-america.com\/site\/ecuador\/2025\/03\/24\/cerveceria-nacional-logro-reducir-su-gasto-en-consumo-de-agua\/#breadcrumb","itemListElement":[{"@type":"ListItem","position":1,"name":"Portada","item":"https:\/\/noti-america.com\/site\/ecuador\/"},{"@type":"ListItem","position":2,"name":"Cervecer\u00eda Nacional logr\u00f3 reducir su gasto en consumo de agua"}]},{"@type":"WebSite","@id":"https:\/\/noti-america.com\/site\/ecuador\/#website","url":"https:\/\/noti-america.com\/site\/ecuador\/","name":"Ecuador | Noti-America.com","description":"","publisher":{"@id":"https:\/\/noti-america.com\/site\/ecuador\/#organization"},"potentialAction":[{"@type":"SearchAction","target":{"@type":"EntryPoint","urlTemplate":"https:\/\/noti-america.com\/site\/ecuador\/?s={search_term_string}"},"query-input":{"@type":"PropertyValueSpecification","valueRequired":true,"valueName":"search_term_string"}}],"inLanguage":"es"},{"@type":"Organization","@id":"https:\/\/noti-america.com\/site\/ecuador\/#organization","name":"Noti-America LLC | Ecuador","url":"https:\/\/noti-america.com\/site\/ecuador\/","logo":{"@type":"ImageObject","inLanguage":"es","@id":"https:\/\/noti-america.com\/site\/ecuador\/#\/schema\/logo\/image\/","url":"https:\/\/noti-america.com\/site\/ecuador\/wp-content\/uploads\/sites\/18\/2020\/07\/LogoNA-4x3-1.jpg","contentUrl":"https:\/\/noti-america.com\/site\/ecuador\/wp-content\/uploads\/sites\/18\/2020\/07\/LogoNA-4x3-1.jpg","width":1236,"height":1080,"caption":"Noti-America LLC | Ecuador"},"image":{"@id":"https:\/\/noti-america.com\/site\/ecuador\/#\/schema\/logo\/image\/"},"sameAs":["https:\/\/x.com\/notiamerica"]},{"@type":"Person","@id":"https:\/\/noti-america.com\/site\/ecuador\/#\/schema\/person\/00042412cfa9ecf98077f847ffadda4a","name":"Henry Garrido","image":{"@type":"ImageObject","inLanguage":"es","@id":"https:\/\/secure.gravatar.com\/avatar\/749ae5a1e6f22cf042f04b9f3f0a22732ae36970ccfd5c54a0a2ac3c4e1166ed?s=96&d=mm&r=g","url":"https:\/\/secure.gravatar.com\/avatar\/749ae5a1e6f22cf042f04b9f3f0a22732ae36970ccfd5c54a0a2ac3c4e1166ed?s=96&d=mm&r=g","contentUrl":"https:\/\/secure.gravatar.com\/avatar\/749ae5a1e6f22cf042f04b9f3f0a22732ae36970ccfd5c54a0a2ac3c4e1166ed?s=96&d=mm&r=g","caption":"Henry Garrido"},"url":"https:\/\/noti-america.com\/site\/ecuador\/author\/hgarrido\/"}]}},"_links":{"self":[{"href":"https:\/\/noti-america.com\/site\/ecuador\/wp-json\/wp\/v2\/posts\/34394","targetHints":{"allow":["GET"]}}],"collection":[{"href":"https:\/\/noti-america.com\/site\/ecuador\/wp-json\/wp\/v2\/posts"}],"about":[{"href":"https:\/\/noti-america.com\/site\/ecuador\/wp-json\/wp\/v2\/types\/post"}],"author":[{"embeddable":true,"href":"https:\/\/noti-america.com\/site\/ecuador\/wp-json\/wp\/v2\/users\/144"}],"replies":[{"embeddable":true,"href":"https:\/\/noti-america.com\/site\/ecuador\/wp-json\/wp\/v2\/comments?post=34394"}],"version-history":[{"count":2,"href":"https:\/\/noti-america.com\/site\/ecuador\/wp-json\/wp\/v2\/posts\/34394\/revisions"}],"predecessor-version":[{"id":34399,"href":"https:\/\/noti-america.com\/site\/ecuador\/wp-json\/wp\/v2\/posts\/34394\/revisions\/34399"}],"wp:featuredmedia":[{"embeddable":true,"href":"https:\/\/noti-america.com\/site\/ecuador\/wp-json\/wp\/v2\/media\/34396"}],"wp:attachment":[{"href":"https:\/\/noti-america.com\/site\/ecuador\/wp-json\/wp\/v2\/media?parent=34394"}],"wp:term":[{"taxonomy":"category","embeddable":true,"href":"https:\/\/noti-america.com\/site\/ecuador\/wp-json\/wp\/v2\/categories?post=34394"},{"taxonomy":"post_tag","embeddable":true,"href":"https:\/\/noti-america.com\/site\/ecuador\/wp-json\/wp\/v2\/tags?post=34394"}],"curies":[{"name":"wp","href":"https:\/\/api.w.org\/{rel}","templated":true}]}}