{"id":34385,"date":"2025-03-19T03:03:36","date_gmt":"2025-03-19T03:03:36","guid":{"rendered":"https:\/\/noti-america.com\/site\/ecuador\/?p=34385"},"modified":"2025-03-19T03:03:36","modified_gmt":"2025-03-19T03:03:36","slug":"corte-constitucional-eligio-a-jhoel-escudero-como-su-nuevo-titular","status":"publish","type":"post","link":"https:\/\/noti-america.com\/site\/ecuador\/2025\/03\/19\/corte-constitucional-eligio-a-jhoel-escudero-como-su-nuevo-titular\/","title":{"rendered":"Corte Constitucional eligi\u00f3 a Jhoel Escudero como su nuevo titular"},"content":{"rendered":"<p><strong>REDACCI\u00d3N NOTI-AM\u00c9RICA (ECUADOR).<\/strong><\/p>\n<div id=\"attachment_34388\" style=\"width: 310px\" class=\"wp-caption alignnone\"><img loading=\"lazy\" decoding=\"async\" aria-describedby=\"caption-attachment-34388\" class=\"size-medium wp-image-34388\" src=\"https:\/\/noti-america.com\/site\/ecuador\/wp-content\/uploads\/sites\/18\/2025\/03\/Docente.-Jhoel-Escudero-Soliz-300x233.jpg\" alt=\"\" width=\"300\" height=\"233\" srcset=\"https:\/\/noti-america.com\/site\/ecuador\/wp-content\/uploads\/sites\/18\/2025\/03\/Docente.-Jhoel-Escudero-Soliz-300x233.jpg 300w, https:\/\/noti-america.com\/site\/ecuador\/wp-content\/uploads\/sites\/18\/2025\/03\/Docente.-Jhoel-Escudero-Soliz.jpg 520w\" sizes=\"auto, (max-width: 300px) 100vw, 300px\" \/><p id=\"caption-attachment-34388\" class=\"wp-caption-text\"><strong>Jhoel Escudero es el nuevo presidente de la Corte Constitucional.<\/strong><\/p><\/div>\n<p style=\"text-align: justify\">Desde este martes, 18 de marzo de 2025, la Corte Constitucional del Ecuador cuenta con nuevo presidente. Se trata de Jhoel Escudero Soliz.<\/p>\n<p style=\"text-align: justify\">El nuevo titular de la instituci\u00f3n cuenta con un posdoctorado en Derecho, Econom\u00eda y Sociedad Plural y es Doctor en Derecho (PhD) y Mag\u00edster en Derecho Constitucional por la Universidad Andina Sim\u00f3n Bol\u00edvar (UASB).<\/p>\n<p style=\"text-align: justify\">Mientras que, la jueza Karla Andrade Quevedo fue electa como vicepresidenta. Ella reemplaza a la exjueza Carmen Corral que dej\u00f3 el organismo tras un sorteo p\u00fablico que se produjo el 11 de marzo de 2025.<\/p>\n<p style=\"text-align: justify\">En la sesi\u00f3n tambi\u00e9n se constituy\u00f3 la renovaci\u00f3n parcial del organismo, con la incorporaci\u00f3n de tres nuevos jueces: Claudia Salgado, delegada del Ejecutivo; Jos\u00e9 Ter\u00e1n Su\u00e1rez, delegado de la Asamblea Nacional; y Jorge Benavides, por la Funci\u00f3n de Transparencia.<\/p>\n<p style=\"text-align: justify\">Los jueces constitucionales para el per\u00edodo 2025-2028 ser\u00e1n: Karla Andrade Quevedo, Jorge Benavides Ord\u00f3\u00f1ez, Alejandra C\u00e1rdenas Reyes, Jhoel Escudero Soliz, Al\u00ed Lozada Prado, Teresa Nuques Mart\u00ednez, Richard Ortiz Ortiz, Claudia Salgado Levy y Jos\u00e9 Luis Ter\u00e1n.<\/p>\n","protected":false},"excerpt":{"rendered":"<p>REDACCI\u00d3N NOTI-AM\u00c9RICA (ECUADOR). Desde este martes, 18 de marzo de 2025, la Corte Constitucional del Ecuador cuenta con nuevo presidente. Se trata de Jhoel Escudero Soliz. El nuevo titular de la instituci\u00f3n cuenta con&#46;&#46;&#46;<\/p>\n","protected":false},"author":144,"featured_media":34388,"comment_status":"open","ping_status":"open","sticky":false,"template":"","format":"standard","meta":{"_acf_changed":false,"om_disable_all_campaigns":false,"rop_custom_images_group":[],"rop_custom_messages_group":[],"rop_publish_now":"initial","rop_publish_now_accounts":{"twitter_242054905_242054905":""},"rop_publish_now_history":[],"rop_publish_now_status":"pending","_uf_show_specific_survey":0,"_uf_disable_surveys":false,"footnotes":""},"categories":[125,1],"tags":[],"class_list":["post-34385","post","type-post","status-publish","format-standard","has-post-thumbnail","hentry","category-actualidad","category-uncategorized"],"acf":[],"aioseo_notices":[],"yoast_head":"<!-- This site is optimized with the Yoast SEO Premium plugin v24.9 (Yoast SEO v27.2) - https:\/\/yoast.com\/product\/yoast-seo-premium-wordpress\/ -->\n<title>Corte Constitucional eligi\u00f3 a Jhoel Escudero como su nuevo titular - Ecuador | Noti-America.com<\/title>\n<meta name=\"robots\" content=\"index, follow, max-snippet:-1, max-image-preview:large, max-video-preview:-1\" \/>\n<link rel=\"canonical\" href=\"https:\/\/noti-america.com\/site\/ecuador\/2025\/03\/19\/corte-constitucional-eligio-a-jhoel-escudero-como-su-nuevo-titular\/\" \/>\n<meta property=\"og:locale\" content=\"es_ES\" \/>\n<meta property=\"og:type\" content=\"article\" \/>\n<meta property=\"og:title\" content=\"Corte Constitucional eligi\u00f3 a Jhoel Escudero como su nuevo titular\" \/>\n<meta property=\"og:description\" content=\"REDACCI\u00d3N NOTI-AM\u00c9RICA (ECUADOR). Desde este martes, 18 de marzo de 2025, la Corte Constitucional del Ecuador cuenta con nuevo presidente. Se trata de Jhoel Escudero Soliz. El nuevo titular de la instituci\u00f3n cuenta con&#046;&#046;&#046;\" \/>\n<meta property=\"og:url\" content=\"https:\/\/noti-america.com\/site\/ecuador\/2025\/03\/19\/corte-constitucional-eligio-a-jhoel-escudero-como-su-nuevo-titular\/\" \/>\n<meta property=\"og:site_name\" content=\"Ecuador | Noti-America.com\" \/>\n<meta property=\"article:published_time\" content=\"2025-03-19T03:03:36+00:00\" \/>\n<meta property=\"og:image\" content=\"https:\/\/noti-america.com\/site\/ecuador\/wp-content\/uploads\/sites\/18\/2025\/03\/Docente.-Jhoel-Escudero-Soliz.jpg\" \/>\n\t<meta property=\"og:image:width\" content=\"520\" \/>\n\t<meta property=\"og:image:height\" content=\"403\" \/>\n\t<meta property=\"og:image:type\" content=\"image\/jpeg\" \/>\n<meta name=\"author\" content=\"Henry Garrido\" \/>\n<meta name=\"twitter:card\" content=\"summary_large_image\" \/>\n<meta name=\"twitter:creator\" content=\"@notiamerica\" \/>\n<meta name=\"twitter:site\" content=\"@notiamerica\" \/>\n<meta name=\"twitter:label1\" content=\"Escrito por\" \/>\n\t<meta name=\"twitter:data1\" content=\"Henry Garrido\" \/>\n\t<meta name=\"twitter:label2\" content=\"Tiempo estimado de lectura\" \/>\n\t<meta name=\"twitter:data2\" content=\"2 minutos\" \/>\n<script type=\"application\/ld+json\" class=\"yoast-schema-graph\">{\"@context\":\"https:\/\/schema.org\",\"@graph\":[{\"@type\":\"Article\",\"@id\":\"https:\/\/noti-america.com\/site\/ecuador\/2025\/03\/19\/corte-constitucional-eligio-a-jhoel-escudero-como-su-nuevo-titular\/#article\",\"isPartOf\":{\"@id\":\"https:\/\/noti-america.com\/site\/ecuador\/2025\/03\/19\/corte-constitucional-eligio-a-jhoel-escudero-como-su-nuevo-titular\/\"},\"author\":{\"name\":\"Henry Garrido\",\"@id\":\"https:\/\/noti-america.com\/site\/ecuador\/#\/schema\/person\/00042412cfa9ecf98077f847ffadda4a\"},\"headline\":\"Corte Constitucional eligi\u00f3 a Jhoel Escudero como su nuevo titular\",\"datePublished\":\"2025-03-19T03:03:36+00:00\",\"mainEntityOfPage\":{\"@id\":\"https:\/\/noti-america.com\/site\/ecuador\/2025\/03\/19\/corte-constitucional-eligio-a-jhoel-escudero-como-su-nuevo-titular\/\"},\"wordCount\":214,\"commentCount\":0,\"publisher\":{\"@id\":\"https:\/\/noti-america.com\/site\/ecuador\/#organization\"},\"image\":{\"@id\":\"https:\/\/noti-america.com\/site\/ecuador\/2025\/03\/19\/corte-constitucional-eligio-a-jhoel-escudero-como-su-nuevo-titular\/#primaryimage\"},\"thumbnailUrl\":\"https:\/\/noti-america.com\/site\/ecuador\/wp-content\/uploads\/sites\/18\/2025\/03\/Docente.-Jhoel-Escudero-Soliz.jpg\",\"articleSection\":[\"Actualidad\",\"Uncategorized\"],\"inLanguage\":\"es\",\"potentialAction\":[{\"@type\":\"CommentAction\",\"name\":\"Comment\",\"target\":[\"https:\/\/noti-america.com\/site\/ecuador\/2025\/03\/19\/corte-constitucional-eligio-a-jhoel-escudero-como-su-nuevo-titular\/#respond\"]}]},{\"@type\":\"WebPage\",\"@id\":\"https:\/\/noti-america.com\/site\/ecuador\/2025\/03\/19\/corte-constitucional-eligio-a-jhoel-escudero-como-su-nuevo-titular\/\",\"url\":\"https:\/\/noti-america.com\/site\/ecuador\/2025\/03\/19\/corte-constitucional-eligio-a-jhoel-escudero-como-su-nuevo-titular\/\",\"name\":\"Corte Constitucional eligi\u00f3 a Jhoel Escudero como su nuevo titular - Ecuador | Noti-America.com\",\"isPartOf\":{\"@id\":\"https:\/\/noti-america.com\/site\/ecuador\/#website\"},\"primaryImageOfPage\":{\"@id\":\"https:\/\/noti-america.com\/site\/ecuador\/2025\/03\/19\/corte-constitucional-eligio-a-jhoel-escudero-como-su-nuevo-titular\/#primaryimage\"},\"image\":{\"@id\":\"https:\/\/noti-america.com\/site\/ecuador\/2025\/03\/19\/corte-constitucional-eligio-a-jhoel-escudero-como-su-nuevo-titular\/#primaryimage\"},\"thumbnailUrl\":\"https:\/\/noti-america.com\/site\/ecuador\/wp-content\/uploads\/sites\/18\/2025\/03\/Docente.-Jhoel-Escudero-Soliz.jpg\",\"datePublished\":\"2025-03-19T03:03:36+00:00\",\"breadcrumb\":{\"@id\":\"https:\/\/noti-america.com\/site\/ecuador\/2025\/03\/19\/corte-constitucional-eligio-a-jhoel-escudero-como-su-nuevo-titular\/#breadcrumb\"},\"inLanguage\":\"es\",\"potentialAction\":[{\"@type\":\"ReadAction\",\"target\":[\"https:\/\/noti-america.com\/site\/ecuador\/2025\/03\/19\/corte-constitucional-eligio-a-jhoel-escudero-como-su-nuevo-titular\/\"]}]},{\"@type\":\"ImageObject\",\"inLanguage\":\"es\",\"@id\":\"https:\/\/noti-america.com\/site\/ecuador\/2025\/03\/19\/corte-constitucional-eligio-a-jhoel-escudero-como-su-nuevo-titular\/#primaryimage\",\"url\":\"https:\/\/noti-america.com\/site\/ecuador\/wp-content\/uploads\/sites\/18\/2025\/03\/Docente.-Jhoel-Escudero-Soliz.jpg\",\"contentUrl\":\"https:\/\/noti-america.com\/site\/ecuador\/wp-content\/uploads\/sites\/18\/2025\/03\/Docente.-Jhoel-Escudero-Soliz.jpg\",\"width\":520,\"height\":403,\"caption\":\"Jhoel Escudero es el nuevo presidente de la Corte Constitucional.\"},{\"@type\":\"BreadcrumbList\",\"@id\":\"https:\/\/noti-america.com\/site\/ecuador\/2025\/03\/19\/corte-constitucional-eligio-a-jhoel-escudero-como-su-nuevo-titular\/#breadcrumb\",\"itemListElement\":[{\"@type\":\"ListItem\",\"position\":1,\"name\":\"Portada\",\"item\":\"https:\/\/noti-america.com\/site\/ecuador\/\"},{\"@type\":\"ListItem\",\"position\":2,\"name\":\"Corte Constitucional eligi\u00f3 a Jhoel Escudero como su nuevo titular\"}]},{\"@type\":\"WebSite\",\"@id\":\"https:\/\/noti-america.com\/site\/ecuador\/#website\",\"url\":\"https:\/\/noti-america.com\/site\/ecuador\/\",\"name\":\"Ecuador | Noti-America.com\",\"description\":\"\",\"publisher\":{\"@id\":\"https:\/\/noti-america.com\/site\/ecuador\/#organization\"},\"potentialAction\":[{\"@type\":\"SearchAction\",\"target\":{\"@type\":\"EntryPoint\",\"urlTemplate\":\"https:\/\/noti-america.com\/site\/ecuador\/?s={search_term_string}\"},\"query-input\":{\"@type\":\"PropertyValueSpecification\",\"valueRequired\":true,\"valueName\":\"search_term_string\"}}],\"inLanguage\":\"es\"},{\"@type\":\"Organization\",\"@id\":\"https:\/\/noti-america.com\/site\/ecuador\/#organization\",\"name\":\"Noti-America LLC | Ecuador\",\"url\":\"https:\/\/noti-america.com\/site\/ecuador\/\",\"logo\":{\"@type\":\"ImageObject\",\"inLanguage\":\"es\",\"@id\":\"https:\/\/noti-america.com\/site\/ecuador\/#\/schema\/logo\/image\/\",\"url\":\"https:\/\/noti-america.com\/site\/ecuador\/wp-content\/uploads\/sites\/18\/2020\/07\/LogoNA-4x3-1.jpg\",\"contentUrl\":\"https:\/\/noti-america.com\/site\/ecuador\/wp-content\/uploads\/sites\/18\/2020\/07\/LogoNA-4x3-1.jpg\",\"width\":1236,\"height\":1080,\"caption\":\"Noti-America LLC | Ecuador\"},\"image\":{\"@id\":\"https:\/\/noti-america.com\/site\/ecuador\/#\/schema\/logo\/image\/\"},\"sameAs\":[\"https:\/\/x.com\/notiamerica\"]},{\"@type\":\"Person\",\"@id\":\"https:\/\/noti-america.com\/site\/ecuador\/#\/schema\/person\/00042412cfa9ecf98077f847ffadda4a\",\"name\":\"Henry Garrido\",\"image\":{\"@type\":\"ImageObject\",\"inLanguage\":\"es\",\"@id\":\"https:\/\/secure.gravatar.com\/avatar\/749ae5a1e6f22cf042f04b9f3f0a22732ae36970ccfd5c54a0a2ac3c4e1166ed?s=96&d=mm&r=g\",\"url\":\"https:\/\/secure.gravatar.com\/avatar\/749ae5a1e6f22cf042f04b9f3f0a22732ae36970ccfd5c54a0a2ac3c4e1166ed?s=96&d=mm&r=g\",\"contentUrl\":\"https:\/\/secure.gravatar.com\/avatar\/749ae5a1e6f22cf042f04b9f3f0a22732ae36970ccfd5c54a0a2ac3c4e1166ed?s=96&d=mm&r=g\",\"caption\":\"Henry Garrido\"},\"url\":\"https:\/\/noti-america.com\/site\/ecuador\/author\/hgarrido\/\"}]}<\/script>\n<!-- \/ Yoast SEO Premium plugin. -->","yoast_head_json":{"title":"Corte Constitucional eligi\u00f3 a Jhoel Escudero como su nuevo titular - Ecuador | Noti-America.com","robots":{"index":"index","follow":"follow","max-snippet":"max-snippet:-1","max-image-preview":"max-image-preview:large","max-video-preview":"max-video-preview:-1"},"canonical":"https:\/\/noti-america.com\/site\/ecuador\/2025\/03\/19\/corte-constitucional-eligio-a-jhoel-escudero-como-su-nuevo-titular\/","og_locale":"es_ES","og_type":"article","og_title":"Corte Constitucional eligi\u00f3 a Jhoel Escudero como su nuevo titular","og_description":"REDACCI\u00d3N NOTI-AM\u00c9RICA (ECUADOR). Desde este martes, 18 de marzo de 2025, la Corte Constitucional del Ecuador cuenta con nuevo presidente. Se trata de Jhoel Escudero Soliz. El nuevo titular de la instituci\u00f3n cuenta con&#46;&#46;&#46;","og_url":"https:\/\/noti-america.com\/site\/ecuador\/2025\/03\/19\/corte-constitucional-eligio-a-jhoel-escudero-como-su-nuevo-titular\/","og_site_name":"Ecuador | Noti-America.com","article_published_time":"2025-03-19T03:03:36+00:00","og_image":[{"width":520,"height":403,"url":"https:\/\/noti-america.com\/site\/ecuador\/wp-content\/uploads\/sites\/18\/2025\/03\/Docente.-Jhoel-Escudero-Soliz.jpg","type":"image\/jpeg"}],"author":"Henry Garrido","twitter_card":"summary_large_image","twitter_creator":"@notiamerica","twitter_site":"@notiamerica","twitter_misc":{"Escrito por":"Henry Garrido","Tiempo estimado de lectura":"2 minutos"},"schema":{"@context":"https:\/\/schema.org","@graph":[{"@type":"Article","@id":"https:\/\/noti-america.com\/site\/ecuador\/2025\/03\/19\/corte-constitucional-eligio-a-jhoel-escudero-como-su-nuevo-titular\/#article","isPartOf":{"@id":"https:\/\/noti-america.com\/site\/ecuador\/2025\/03\/19\/corte-constitucional-eligio-a-jhoel-escudero-como-su-nuevo-titular\/"},"author":{"name":"Henry Garrido","@id":"https:\/\/noti-america.com\/site\/ecuador\/#\/schema\/person\/00042412cfa9ecf98077f847ffadda4a"},"headline":"Corte Constitucional eligi\u00f3 a Jhoel Escudero como su nuevo titular","datePublished":"2025-03-19T03:03:36+00:00","mainEntityOfPage":{"@id":"https:\/\/noti-america.com\/site\/ecuador\/2025\/03\/19\/corte-constitucional-eligio-a-jhoel-escudero-como-su-nuevo-titular\/"},"wordCount":214,"commentCount":0,"publisher":{"@id":"https:\/\/noti-america.com\/site\/ecuador\/#organization"},"image":{"@id":"https:\/\/noti-america.com\/site\/ecuador\/2025\/03\/19\/corte-constitucional-eligio-a-jhoel-escudero-como-su-nuevo-titular\/#primaryimage"},"thumbnailUrl":"https:\/\/noti-america.com\/site\/ecuador\/wp-content\/uploads\/sites\/18\/2025\/03\/Docente.-Jhoel-Escudero-Soliz.jpg","articleSection":["Actualidad","Uncategorized"],"inLanguage":"es","potentialAction":[{"@type":"CommentAction","name":"Comment","target":["https:\/\/noti-america.com\/site\/ecuador\/2025\/03\/19\/corte-constitucional-eligio-a-jhoel-escudero-como-su-nuevo-titular\/#respond"]}]},{"@type":"WebPage","@id":"https:\/\/noti-america.com\/site\/ecuador\/2025\/03\/19\/corte-constitucional-eligio-a-jhoel-escudero-como-su-nuevo-titular\/","url":"https:\/\/noti-america.com\/site\/ecuador\/2025\/03\/19\/corte-constitucional-eligio-a-jhoel-escudero-como-su-nuevo-titular\/","name":"Corte Constitucional eligi\u00f3 a Jhoel Escudero como su nuevo titular - Ecuador | Noti-America.com","isPartOf":{"@id":"https:\/\/noti-america.com\/site\/ecuador\/#website"},"primaryImageOfPage":{"@id":"https:\/\/noti-america.com\/site\/ecuador\/2025\/03\/19\/corte-constitucional-eligio-a-jhoel-escudero-como-su-nuevo-titular\/#primaryimage"},"image":{"@id":"https:\/\/noti-america.com\/site\/ecuador\/2025\/03\/19\/corte-constitucional-eligio-a-jhoel-escudero-como-su-nuevo-titular\/#primaryimage"},"thumbnailUrl":"https:\/\/noti-america.com\/site\/ecuador\/wp-content\/uploads\/sites\/18\/2025\/03\/Docente.-Jhoel-Escudero-Soliz.jpg","datePublished":"2025-03-19T03:03:36+00:00","breadcrumb":{"@id":"https:\/\/noti-america.com\/site\/ecuador\/2025\/03\/19\/corte-constitucional-eligio-a-jhoel-escudero-como-su-nuevo-titular\/#breadcrumb"},"inLanguage":"es","potentialAction":[{"@type":"ReadAction","target":["https:\/\/noti-america.com\/site\/ecuador\/2025\/03\/19\/corte-constitucional-eligio-a-jhoel-escudero-como-su-nuevo-titular\/"]}]},{"@type":"ImageObject","inLanguage":"es","@id":"https:\/\/noti-america.com\/site\/ecuador\/2025\/03\/19\/corte-constitucional-eligio-a-jhoel-escudero-como-su-nuevo-titular\/#primaryimage","url":"https:\/\/noti-america.com\/site\/ecuador\/wp-content\/uploads\/sites\/18\/2025\/03\/Docente.-Jhoel-Escudero-Soliz.jpg","contentUrl":"https:\/\/noti-america.com\/site\/ecuador\/wp-content\/uploads\/sites\/18\/2025\/03\/Docente.-Jhoel-Escudero-Soliz.jpg","width":520,"height":403,"caption":"Jhoel Escudero es el nuevo presidente de la Corte Constitucional."},{"@type":"BreadcrumbList","@id":"https:\/\/noti-america.com\/site\/ecuador\/2025\/03\/19\/corte-constitucional-eligio-a-jhoel-escudero-como-su-nuevo-titular\/#breadcrumb","itemListElement":[{"@type":"ListItem","position":1,"name":"Portada","item":"https:\/\/noti-america.com\/site\/ecuador\/"},{"@type":"ListItem","position":2,"name":"Corte Constitucional eligi\u00f3 a Jhoel Escudero como su nuevo titular"}]},{"@type":"WebSite","@id":"https:\/\/noti-america.com\/site\/ecuador\/#website","url":"https:\/\/noti-america.com\/site\/ecuador\/","name":"Ecuador | Noti-America.com","description":"","publisher":{"@id":"https:\/\/noti-america.com\/site\/ecuador\/#organization"},"potentialAction":[{"@type":"SearchAction","target":{"@type":"EntryPoint","urlTemplate":"https:\/\/noti-america.com\/site\/ecuador\/?s={search_term_string}"},"query-input":{"@type":"PropertyValueSpecification","valueRequired":true,"valueName":"search_term_string"}}],"inLanguage":"es"},{"@type":"Organization","@id":"https:\/\/noti-america.com\/site\/ecuador\/#organization","name":"Noti-America LLC | Ecuador","url":"https:\/\/noti-america.com\/site\/ecuador\/","logo":{"@type":"ImageObject","inLanguage":"es","@id":"https:\/\/noti-america.com\/site\/ecuador\/#\/schema\/logo\/image\/","url":"https:\/\/noti-america.com\/site\/ecuador\/wp-content\/uploads\/sites\/18\/2020\/07\/LogoNA-4x3-1.jpg","contentUrl":"https:\/\/noti-america.com\/site\/ecuador\/wp-content\/uploads\/sites\/18\/2020\/07\/LogoNA-4x3-1.jpg","width":1236,"height":1080,"caption":"Noti-America LLC | Ecuador"},"image":{"@id":"https:\/\/noti-america.com\/site\/ecuador\/#\/schema\/logo\/image\/"},"sameAs":["https:\/\/x.com\/notiamerica"]},{"@type":"Person","@id":"https:\/\/noti-america.com\/site\/ecuador\/#\/schema\/person\/00042412cfa9ecf98077f847ffadda4a","name":"Henry Garrido","image":{"@type":"ImageObject","inLanguage":"es","@id":"https:\/\/secure.gravatar.com\/avatar\/749ae5a1e6f22cf042f04b9f3f0a22732ae36970ccfd5c54a0a2ac3c4e1166ed?s=96&d=mm&r=g","url":"https:\/\/secure.gravatar.com\/avatar\/749ae5a1e6f22cf042f04b9f3f0a22732ae36970ccfd5c54a0a2ac3c4e1166ed?s=96&d=mm&r=g","contentUrl":"https:\/\/secure.gravatar.com\/avatar\/749ae5a1e6f22cf042f04b9f3f0a22732ae36970ccfd5c54a0a2ac3c4e1166ed?s=96&d=mm&r=g","caption":"Henry Garrido"},"url":"https:\/\/noti-america.com\/site\/ecuador\/author\/hgarrido\/"}]}},"_links":{"self":[{"href":"https:\/\/noti-america.com\/site\/ecuador\/wp-json\/wp\/v2\/posts\/34385","targetHints":{"allow":["GET"]}}],"collection":[{"href":"https:\/\/noti-america.com\/site\/ecuador\/wp-json\/wp\/v2\/posts"}],"about":[{"href":"https:\/\/noti-america.com\/site\/ecuador\/wp-json\/wp\/v2\/types\/post"}],"author":[{"embeddable":true,"href":"https:\/\/noti-america.com\/site\/ecuador\/wp-json\/wp\/v2\/users\/144"}],"replies":[{"embeddable":true,"href":"https:\/\/noti-america.com\/site\/ecuador\/wp-json\/wp\/v2\/comments?post=34385"}],"version-history":[{"count":1,"href":"https:\/\/noti-america.com\/site\/ecuador\/wp-json\/wp\/v2\/posts\/34385\/revisions"}],"predecessor-version":[{"id":34389,"href":"https:\/\/noti-america.com\/site\/ecuador\/wp-json\/wp\/v2\/posts\/34385\/revisions\/34389"}],"wp:featuredmedia":[{"embeddable":true,"href":"https:\/\/noti-america.com\/site\/ecuador\/wp-json\/wp\/v2\/media\/34388"}],"wp:attachment":[{"href":"https:\/\/noti-america.com\/site\/ecuador\/wp-json\/wp\/v2\/media?parent=34385"}],"wp:term":[{"taxonomy":"category","embeddable":true,"href":"https:\/\/noti-america.com\/site\/ecuador\/wp-json\/wp\/v2\/categories?post=34385"},{"taxonomy":"post_tag","embeddable":true,"href":"https:\/\/noti-america.com\/site\/ecuador\/wp-json\/wp\/v2\/tags?post=34385"}],"curies":[{"name":"wp","href":"https:\/\/api.w.org\/{rel}","templated":true}]}}