{"id":34342,"date":"2025-03-15T02:54:34","date_gmt":"2025-03-15T02:54:34","guid":{"rendered":"https:\/\/noti-america.com\/site\/ecuador\/?p=34342"},"modified":"2025-03-15T02:54:34","modified_gmt":"2025-03-15T02:54:34","slug":"policia-nacional-recibio-124-nuevos-patrulleros-para-brindar-seguridad-en-los-ejes-viales-del-pais","status":"publish","type":"post","link":"https:\/\/noti-america.com\/site\/ecuador\/2025\/03\/15\/policia-nacional-recibio-124-nuevos-patrulleros-para-brindar-seguridad-en-los-ejes-viales-del-pais\/","title":{"rendered":"Polic\u00eda Nacional recibi\u00f3 124 nuevos patrulleros para brindar seguridad en los ejes viales del pa\u00eds"},"content":{"rendered":"<p><span style=\"color: #000000\"><strong>REDACCI\u00d3N NOTI-AM\u00c9RICA (ECUADOR)<\/strong><\/span><\/p>\n<div style=\"width: 2570px\" class=\"wp-caption alignnone\"><img loading=\"lazy\" decoding=\"async\" src=\"https:\/\/www.ministeriodelinterior.gob.ec\/wp-content\/uploads\/2025\/03\/Imagen-de-WhatsApp-2025-03-14-a-las-14.39.57_51db0907.jpg\" alt=\"\" width=\"2560\" height=\"1865\" \/><p class=\"wp-caption-text\">Ministro del Interior, John Reimberg, y el comandante General de Polic\u00eda, V\u00edctor Hugo Z\u00e1rate, entregan 124 nuevos patrulleros.<\/p><\/div>\n<p style=\"text-align: justify\">La Polic\u00eda Nacional recibi\u00f3 esta ma\u00f1ana 124 patrulleros destinados a fortalecer la seguridad en los ejes viales del pa\u00eds. Despu\u00e9s de 16 a\u00f1os, el Gobierno Nacional equipa al eje de tr\u00e1nsito de la instituci\u00f3n. El presidente de la Rep\u00fablica, Daniel Noboa Azin, lider\u00f3 la entrega este 14 de marzo de 2025 desde la explanada del Estadio Alberto Spencer, en Guayaquil.<\/p>\n<p style=\"text-align: justify\">Para la adquisici\u00f3n de estos patrulleros se destin\u00f3 USD 4,6 millones. Los mismos se distribuir\u00e1n en las 24 provincias del pa\u00eds. Del total de carros, 53 ir\u00e1n especialmente en Azuay, Ca\u00f1ar, El Oro, Esmeraldas, Los R\u00edos, Manab\u00ed, Santo Domingo y Guayas.<\/p>\n<p style=\"text-align: justify\"><strong><em>\u201cCada equipo entregado, cada patrullero puesto en servicio y cada munici\u00f3n es una muestra del compromiso real con su seguridad. Porque ustedes protegen a Ecuador y Ecuador tiene que protegerlos a ustedes\u201d<\/em><\/strong>, mencion\u00f3 el jefe de Estado.<\/p>\n<p style=\"text-align: justify\">A su vez, el Ministerio del Interior prev\u00e9 este a\u00f1o la entrega de otros 184 patrulleros m\u00e1s para el eje preventivo, t\u00e1ctico e inteligencia del \u00e1rea de tr\u00e1nsito de la Polic\u00eda Nacional. Para este 2025 se asignaron USD 8,4 millones para la adquisici\u00f3n de 130 motocicletas, seis furgones y equipos con tecnolog\u00eda para el control de los ejes viales con Inteligencia Artificial (IA).<\/p>\n<p style=\"text-align: justify\">Cada recurso e inversi\u00f3n en seguridad es dinero del pueblo. Por eso, Noboa resalt\u00f3:\u00a0<strong><em>\u201cHemos invertido USD 62,3 millones en chalecos antibalas, armas, municiones, cascos, veh\u00edculos e infraestructura. Hoy entregamos 124 patrulleros para garantizar m\u00e1s seguridad en las v\u00edas\u201d<\/em><\/strong>.<\/p>\n<p style=\"text-align: justify\">Para el ministro del Interior, John Reimberg, esta entrega es un avance fundamental en la lucha contra la delincuencia, crimen organizado y ejes viales. Los patrulleros permitir\u00e1n prevenir accidentes de tr\u00e1nsito y resguardar la seguridad a trav\u00e9s de los efectivos dedicados a esta \u00e1rea.<\/p>\n<p style=\"text-align: justify\">Mientras que el comandante general de la Polic\u00eda, V\u00edctor Z\u00e1rate, recibimos con gratitud y compromiso las 124 camionetas, recurso esencial que fortalecer\u00e1 la protecci\u00f3n de los 40 ejes viales:\u00a0<em>\u201cReforzaremos nuestra presencia para asistir y proteger a la ciudadan\u00eda en las carreteras, sobre todo en las provincias priorizadas\u201d<\/em>, dijo.<\/p>\n<p style=\"text-align: justify\">El Presidente tambi\u00e9n se dirigi\u00f3 en contra de quienes intentan amedrentar la democracia a medida que se acercan las elecciones, sobre todo a los grupos terroristas que intensifican sus ataques:<strong>\u00a0<em>\u201cSi ellos atacan con violencia, nosotros respondemos con m\u00e1s fuerza. Cada intento de atemorizarnos, lo convertimos en una raz\u00f3n m\u00e1s para seguir adelante (\u2026). Se les acab\u00f3 la impunidad, hoy el Ecuador no se arrodilla ante el crimen ni la politiquer\u00eda que lo apa\u00f1a y por eso reaccionan con violencia (\u2026)\u201d<\/em><\/strong>.<\/p>\n<p style=\"text-align: justify\">Al finalizar, Noboa mencion\u00f3 que Ecuador tiene un gobierno firme y valiente que no negocia con delincuentes, ya que se cuenta con el sacrificio, el coraje y la entrega de la Polic\u00eda Nacional y las Fuerzas Armadas.<\/p>\n","protected":false},"excerpt":{"rendered":"<p>REDACCI\u00d3N NOTI-AM\u00c9RICA (ECUADOR) La Polic\u00eda Nacional recibi\u00f3 esta ma\u00f1ana 124 patrulleros destinados a fortalecer la seguridad en los ejes viales del pa\u00eds. Despu\u00e9s de 16 a\u00f1os, el Gobierno Nacional equipa al eje de tr\u00e1nsito&#46;&#46;&#46;<\/p>\n","protected":false},"author":17,"featured_media":34343,"comment_status":"open","ping_status":"open","sticky":false,"template":"","format":"standard","meta":{"_acf_changed":false,"om_disable_all_campaigns":false,"rop_custom_images_group":[],"rop_custom_messages_group":[],"rop_publish_now":"initial","rop_publish_now_accounts":{"twitter_242054905_242054905":""},"rop_publish_now_history":[],"rop_publish_now_status":"pending","_uf_show_specific_survey":0,"_uf_disable_surveys":false,"footnotes":""},"categories":[109],"tags":[],"class_list":["post-34342","post","type-post","status-publish","format-standard","has-post-thumbnail","hentry","category-seguridad"],"acf":[],"aioseo_notices":[],"yoast_head":"<!-- This site is optimized with the Yoast SEO Premium plugin v24.9 (Yoast SEO v27.2) - https:\/\/yoast.com\/product\/yoast-seo-premium-wordpress\/ -->\n<title>Polic\u00eda Nacional recibi\u00f3 124 nuevos patrulleros para brindar seguridad en los ejes viales del pa\u00eds - Ecuador | Noti-America.com<\/title>\n<meta name=\"robots\" content=\"index, follow, max-snippet:-1, max-image-preview:large, max-video-preview:-1\" \/>\n<link rel=\"canonical\" href=\"https:\/\/noti-america.com\/site\/ecuador\/2025\/03\/15\/policia-nacional-recibio-124-nuevos-patrulleros-para-brindar-seguridad-en-los-ejes-viales-del-pais\/\" \/>\n<meta property=\"og:locale\" content=\"es_ES\" \/>\n<meta property=\"og:type\" content=\"article\" \/>\n<meta property=\"og:title\" content=\"Polic\u00eda Nacional recibi\u00f3 124 nuevos patrulleros para brindar seguridad en los ejes viales del pa\u00eds\" \/>\n<meta property=\"og:description\" content=\"REDACCI\u00d3N NOTI-AM\u00c9RICA (ECUADOR) La Polic\u00eda Nacional recibi\u00f3 esta ma\u00f1ana 124 patrulleros destinados a fortalecer la seguridad en los ejes viales del pa\u00eds. Despu\u00e9s de 16 a\u00f1os, el Gobierno Nacional equipa al eje de tr\u00e1nsito&#046;&#046;&#046;\" \/>\n<meta property=\"og:url\" content=\"https:\/\/noti-america.com\/site\/ecuador\/2025\/03\/15\/policia-nacional-recibio-124-nuevos-patrulleros-para-brindar-seguridad-en-los-ejes-viales-del-pais\/\" \/>\n<meta property=\"og:site_name\" content=\"Ecuador | Noti-America.com\" \/>\n<meta property=\"article:published_time\" content=\"2025-03-15T02:54:34+00:00\" \/>\n<meta property=\"og:image\" content=\"https:\/\/noti-america.com\/site\/ecuador\/wp-content\/uploads\/sites\/18\/2025\/03\/Entrega-de-patrulleros.jpg\" \/>\n\t<meta property=\"og:image:width\" content=\"2560\" \/>\n\t<meta property=\"og:image:height\" content=\"1865\" \/>\n\t<meta property=\"og:image:type\" content=\"image\/jpeg\" \/>\n<meta name=\"author\" content=\"Gregory Quintana Montiel\" \/>\n<meta name=\"twitter:card\" content=\"summary_large_image\" \/>\n<meta name=\"twitter:creator\" content=\"@gdgregori1\" \/>\n<meta name=\"twitter:site\" content=\"@notiamerica\" \/>\n<meta name=\"twitter:label1\" content=\"Escrito por\" \/>\n\t<meta name=\"twitter:data1\" content=\"Gregory Quintana Montiel\" \/>\n\t<meta name=\"twitter:label2\" content=\"Tiempo estimado de lectura\" \/>\n\t<meta name=\"twitter:data2\" content=\"3 minutos\" \/>\n<script type=\"application\/ld+json\" class=\"yoast-schema-graph\">{\"@context\":\"https:\/\/schema.org\",\"@graph\":[{\"@type\":\"Article\",\"@id\":\"https:\/\/noti-america.com\/site\/ecuador\/2025\/03\/15\/policia-nacional-recibio-124-nuevos-patrulleros-para-brindar-seguridad-en-los-ejes-viales-del-pais\/#article\",\"isPartOf\":{\"@id\":\"https:\/\/noti-america.com\/site\/ecuador\/2025\/03\/15\/policia-nacional-recibio-124-nuevos-patrulleros-para-brindar-seguridad-en-los-ejes-viales-del-pais\/\"},\"author\":{\"name\":\"Gregory Quintana Montiel\",\"@id\":\"https:\/\/noti-america.com\/site\/ecuador\/#\/schema\/person\/3b975e42f15abfe64bfe3abdd916efda\"},\"headline\":\"Polic\u00eda Nacional recibi\u00f3 124 nuevos patrulleros para brindar seguridad en los ejes viales del pa\u00eds\",\"datePublished\":\"2025-03-15T02:54:34+00:00\",\"mainEntityOfPage\":{\"@id\":\"https:\/\/noti-america.com\/site\/ecuador\/2025\/03\/15\/policia-nacional-recibio-124-nuevos-patrulleros-para-brindar-seguridad-en-los-ejes-viales-del-pais\/\"},\"wordCount\":522,\"commentCount\":0,\"publisher\":{\"@id\":\"https:\/\/noti-america.com\/site\/ecuador\/#organization\"},\"image\":{\"@id\":\"https:\/\/noti-america.com\/site\/ecuador\/2025\/03\/15\/policia-nacional-recibio-124-nuevos-patrulleros-para-brindar-seguridad-en-los-ejes-viales-del-pais\/#primaryimage\"},\"thumbnailUrl\":\"https:\/\/noti-america.com\/site\/ecuador\/wp-content\/uploads\/sites\/18\/2025\/03\/Entrega-de-patrulleros.jpg\",\"articleSection\":[\"Seguridad\"],\"inLanguage\":\"es\",\"potentialAction\":[{\"@type\":\"CommentAction\",\"name\":\"Comment\",\"target\":[\"https:\/\/noti-america.com\/site\/ecuador\/2025\/03\/15\/policia-nacional-recibio-124-nuevos-patrulleros-para-brindar-seguridad-en-los-ejes-viales-del-pais\/#respond\"]}]},{\"@type\":\"WebPage\",\"@id\":\"https:\/\/noti-america.com\/site\/ecuador\/2025\/03\/15\/policia-nacional-recibio-124-nuevos-patrulleros-para-brindar-seguridad-en-los-ejes-viales-del-pais\/\",\"url\":\"https:\/\/noti-america.com\/site\/ecuador\/2025\/03\/15\/policia-nacional-recibio-124-nuevos-patrulleros-para-brindar-seguridad-en-los-ejes-viales-del-pais\/\",\"name\":\"Polic\u00eda Nacional recibi\u00f3 124 nuevos patrulleros para brindar seguridad en los ejes viales del pa\u00eds - Ecuador | Noti-America.com\",\"isPartOf\":{\"@id\":\"https:\/\/noti-america.com\/site\/ecuador\/#website\"},\"primaryImageOfPage\":{\"@id\":\"https:\/\/noti-america.com\/site\/ecuador\/2025\/03\/15\/policia-nacional-recibio-124-nuevos-patrulleros-para-brindar-seguridad-en-los-ejes-viales-del-pais\/#primaryimage\"},\"image\":{\"@id\":\"https:\/\/noti-america.com\/site\/ecuador\/2025\/03\/15\/policia-nacional-recibio-124-nuevos-patrulleros-para-brindar-seguridad-en-los-ejes-viales-del-pais\/#primaryimage\"},\"thumbnailUrl\":\"https:\/\/noti-america.com\/site\/ecuador\/wp-content\/uploads\/sites\/18\/2025\/03\/Entrega-de-patrulleros.jpg\",\"datePublished\":\"2025-03-15T02:54:34+00:00\",\"breadcrumb\":{\"@id\":\"https:\/\/noti-america.com\/site\/ecuador\/2025\/03\/15\/policia-nacional-recibio-124-nuevos-patrulleros-para-brindar-seguridad-en-los-ejes-viales-del-pais\/#breadcrumb\"},\"inLanguage\":\"es\",\"potentialAction\":[{\"@type\":\"ReadAction\",\"target\":[\"https:\/\/noti-america.com\/site\/ecuador\/2025\/03\/15\/policia-nacional-recibio-124-nuevos-patrulleros-para-brindar-seguridad-en-los-ejes-viales-del-pais\/\"]}]},{\"@type\":\"ImageObject\",\"inLanguage\":\"es\",\"@id\":\"https:\/\/noti-america.com\/site\/ecuador\/2025\/03\/15\/policia-nacional-recibio-124-nuevos-patrulleros-para-brindar-seguridad-en-los-ejes-viales-del-pais\/#primaryimage\",\"url\":\"https:\/\/noti-america.com\/site\/ecuador\/wp-content\/uploads\/sites\/18\/2025\/03\/Entrega-de-patrulleros.jpg\",\"contentUrl\":\"https:\/\/noti-america.com\/site\/ecuador\/wp-content\/uploads\/sites\/18\/2025\/03\/Entrega-de-patrulleros.jpg\",\"width\":2560,\"height\":1865},{\"@type\":\"BreadcrumbList\",\"@id\":\"https:\/\/noti-america.com\/site\/ecuador\/2025\/03\/15\/policia-nacional-recibio-124-nuevos-patrulleros-para-brindar-seguridad-en-los-ejes-viales-del-pais\/#breadcrumb\",\"itemListElement\":[{\"@type\":\"ListItem\",\"position\":1,\"name\":\"Portada\",\"item\":\"https:\/\/noti-america.com\/site\/ecuador\/\"},{\"@type\":\"ListItem\",\"position\":2,\"name\":\"Polic\u00eda Nacional recibi\u00f3 124 nuevos patrulleros para brindar seguridad en los ejes viales del pa\u00eds\"}]},{\"@type\":\"WebSite\",\"@id\":\"https:\/\/noti-america.com\/site\/ecuador\/#website\",\"url\":\"https:\/\/noti-america.com\/site\/ecuador\/\",\"name\":\"Ecuador | Noti-America.com\",\"description\":\"\",\"publisher\":{\"@id\":\"https:\/\/noti-america.com\/site\/ecuador\/#organization\"},\"potentialAction\":[{\"@type\":\"SearchAction\",\"target\":{\"@type\":\"EntryPoint\",\"urlTemplate\":\"https:\/\/noti-america.com\/site\/ecuador\/?s={search_term_string}\"},\"query-input\":{\"@type\":\"PropertyValueSpecification\",\"valueRequired\":true,\"valueName\":\"search_term_string\"}}],\"inLanguage\":\"es\"},{\"@type\":\"Organization\",\"@id\":\"https:\/\/noti-america.com\/site\/ecuador\/#organization\",\"name\":\"Noti-America LLC | Ecuador\",\"url\":\"https:\/\/noti-america.com\/site\/ecuador\/\",\"logo\":{\"@type\":\"ImageObject\",\"inLanguage\":\"es\",\"@id\":\"https:\/\/noti-america.com\/site\/ecuador\/#\/schema\/logo\/image\/\",\"url\":\"https:\/\/noti-america.com\/site\/ecuador\/wp-content\/uploads\/sites\/18\/2020\/07\/LogoNA-4x3-1.jpg\",\"contentUrl\":\"https:\/\/noti-america.com\/site\/ecuador\/wp-content\/uploads\/sites\/18\/2020\/07\/LogoNA-4x3-1.jpg\",\"width\":1236,\"height\":1080,\"caption\":\"Noti-America LLC | Ecuador\"},\"image\":{\"@id\":\"https:\/\/noti-america.com\/site\/ecuador\/#\/schema\/logo\/image\/\"},\"sameAs\":[\"https:\/\/x.com\/notiamerica\"]},{\"@type\":\"Person\",\"@id\":\"https:\/\/noti-america.com\/site\/ecuador\/#\/schema\/person\/3b975e42f15abfe64bfe3abdd916efda\",\"name\":\"Gregory Quintana Montiel\",\"image\":{\"@type\":\"ImageObject\",\"inLanguage\":\"es\",\"@id\":\"https:\/\/secure.gravatar.com\/avatar\/2d6b802f7720c2ec7744dcbe608cc2f3417aeb964d58b443c6d612b77531de1d?s=96&d=mm&r=g\",\"url\":\"https:\/\/secure.gravatar.com\/avatar\/2d6b802f7720c2ec7744dcbe608cc2f3417aeb964d58b443c6d612b77531de1d?s=96&d=mm&r=g\",\"contentUrl\":\"https:\/\/secure.gravatar.com\/avatar\/2d6b802f7720c2ec7744dcbe608cc2f3417aeb964d58b443c6d612b77531de1d?s=96&d=mm&r=g\",\"caption\":\"Gregory Quintana Montiel\"},\"description\":\"Licenciatura en Ciencias de la Comunicaci\u00f3n Social, egresado en la Especializaci\u00f3n Derecho Ambiental Desarrollo Sostenible y Sustentable, Miembro de la Comunidad de profesionales y experto para Latinoam\u00e9rica y el Caribe en Gesti\u00f3n por Resultado en el Desarrollo (COPLAC - GpRD) del Banco Interamericano de Desarrollo, experiencia en medios radiales y escritos.\",\"sameAs\":[\"https:\/\/x.com\/gdgregori1\",\"gquintana\"],\"url\":\"https:\/\/noti-america.com\/site\/ecuador\/author\/gquintana\/\"}]}<\/script>\n<!-- \/ Yoast SEO Premium plugin. -->","yoast_head_json":{"title":"Polic\u00eda Nacional recibi\u00f3 124 nuevos patrulleros para brindar seguridad en los ejes viales del pa\u00eds - Ecuador | Noti-America.com","robots":{"index":"index","follow":"follow","max-snippet":"max-snippet:-1","max-image-preview":"max-image-preview:large","max-video-preview":"max-video-preview:-1"},"canonical":"https:\/\/noti-america.com\/site\/ecuador\/2025\/03\/15\/policia-nacional-recibio-124-nuevos-patrulleros-para-brindar-seguridad-en-los-ejes-viales-del-pais\/","og_locale":"es_ES","og_type":"article","og_title":"Polic\u00eda Nacional recibi\u00f3 124 nuevos patrulleros para brindar seguridad en los ejes viales del pa\u00eds","og_description":"REDACCI\u00d3N NOTI-AM\u00c9RICA (ECUADOR) La Polic\u00eda Nacional recibi\u00f3 esta ma\u00f1ana 124 patrulleros destinados a fortalecer la seguridad en los ejes viales del pa\u00eds. Despu\u00e9s de 16 a\u00f1os, el Gobierno Nacional equipa al eje de tr\u00e1nsito&#46;&#46;&#46;","og_url":"https:\/\/noti-america.com\/site\/ecuador\/2025\/03\/15\/policia-nacional-recibio-124-nuevos-patrulleros-para-brindar-seguridad-en-los-ejes-viales-del-pais\/","og_site_name":"Ecuador | Noti-America.com","article_published_time":"2025-03-15T02:54:34+00:00","og_image":[{"width":2560,"height":1865,"url":"https:\/\/noti-america.com\/site\/ecuador\/wp-content\/uploads\/sites\/18\/2025\/03\/Entrega-de-patrulleros.jpg","type":"image\/jpeg"}],"author":"Gregory Quintana Montiel","twitter_card":"summary_large_image","twitter_creator":"@gdgregori1","twitter_site":"@notiamerica","twitter_misc":{"Escrito por":"Gregory Quintana Montiel","Tiempo estimado de lectura":"3 minutos"},"schema":{"@context":"https:\/\/schema.org","@graph":[{"@type":"Article","@id":"https:\/\/noti-america.com\/site\/ecuador\/2025\/03\/15\/policia-nacional-recibio-124-nuevos-patrulleros-para-brindar-seguridad-en-los-ejes-viales-del-pais\/#article","isPartOf":{"@id":"https:\/\/noti-america.com\/site\/ecuador\/2025\/03\/15\/policia-nacional-recibio-124-nuevos-patrulleros-para-brindar-seguridad-en-los-ejes-viales-del-pais\/"},"author":{"name":"Gregory Quintana Montiel","@id":"https:\/\/noti-america.com\/site\/ecuador\/#\/schema\/person\/3b975e42f15abfe64bfe3abdd916efda"},"headline":"Polic\u00eda Nacional recibi\u00f3 124 nuevos patrulleros para brindar seguridad en los ejes viales del pa\u00eds","datePublished":"2025-03-15T02:54:34+00:00","mainEntityOfPage":{"@id":"https:\/\/noti-america.com\/site\/ecuador\/2025\/03\/15\/policia-nacional-recibio-124-nuevos-patrulleros-para-brindar-seguridad-en-los-ejes-viales-del-pais\/"},"wordCount":522,"commentCount":0,"publisher":{"@id":"https:\/\/noti-america.com\/site\/ecuador\/#organization"},"image":{"@id":"https:\/\/noti-america.com\/site\/ecuador\/2025\/03\/15\/policia-nacional-recibio-124-nuevos-patrulleros-para-brindar-seguridad-en-los-ejes-viales-del-pais\/#primaryimage"},"thumbnailUrl":"https:\/\/noti-america.com\/site\/ecuador\/wp-content\/uploads\/sites\/18\/2025\/03\/Entrega-de-patrulleros.jpg","articleSection":["Seguridad"],"inLanguage":"es","potentialAction":[{"@type":"CommentAction","name":"Comment","target":["https:\/\/noti-america.com\/site\/ecuador\/2025\/03\/15\/policia-nacional-recibio-124-nuevos-patrulleros-para-brindar-seguridad-en-los-ejes-viales-del-pais\/#respond"]}]},{"@type":"WebPage","@id":"https:\/\/noti-america.com\/site\/ecuador\/2025\/03\/15\/policia-nacional-recibio-124-nuevos-patrulleros-para-brindar-seguridad-en-los-ejes-viales-del-pais\/","url":"https:\/\/noti-america.com\/site\/ecuador\/2025\/03\/15\/policia-nacional-recibio-124-nuevos-patrulleros-para-brindar-seguridad-en-los-ejes-viales-del-pais\/","name":"Polic\u00eda Nacional recibi\u00f3 124 nuevos patrulleros para brindar seguridad en los ejes viales del pa\u00eds - Ecuador | Noti-America.com","isPartOf":{"@id":"https:\/\/noti-america.com\/site\/ecuador\/#website"},"primaryImageOfPage":{"@id":"https:\/\/noti-america.com\/site\/ecuador\/2025\/03\/15\/policia-nacional-recibio-124-nuevos-patrulleros-para-brindar-seguridad-en-los-ejes-viales-del-pais\/#primaryimage"},"image":{"@id":"https:\/\/noti-america.com\/site\/ecuador\/2025\/03\/15\/policia-nacional-recibio-124-nuevos-patrulleros-para-brindar-seguridad-en-los-ejes-viales-del-pais\/#primaryimage"},"thumbnailUrl":"https:\/\/noti-america.com\/site\/ecuador\/wp-content\/uploads\/sites\/18\/2025\/03\/Entrega-de-patrulleros.jpg","datePublished":"2025-03-15T02:54:34+00:00","breadcrumb":{"@id":"https:\/\/noti-america.com\/site\/ecuador\/2025\/03\/15\/policia-nacional-recibio-124-nuevos-patrulleros-para-brindar-seguridad-en-los-ejes-viales-del-pais\/#breadcrumb"},"inLanguage":"es","potentialAction":[{"@type":"ReadAction","target":["https:\/\/noti-america.com\/site\/ecuador\/2025\/03\/15\/policia-nacional-recibio-124-nuevos-patrulleros-para-brindar-seguridad-en-los-ejes-viales-del-pais\/"]}]},{"@type":"ImageObject","inLanguage":"es","@id":"https:\/\/noti-america.com\/site\/ecuador\/2025\/03\/15\/policia-nacional-recibio-124-nuevos-patrulleros-para-brindar-seguridad-en-los-ejes-viales-del-pais\/#primaryimage","url":"https:\/\/noti-america.com\/site\/ecuador\/wp-content\/uploads\/sites\/18\/2025\/03\/Entrega-de-patrulleros.jpg","contentUrl":"https:\/\/noti-america.com\/site\/ecuador\/wp-content\/uploads\/sites\/18\/2025\/03\/Entrega-de-patrulleros.jpg","width":2560,"height":1865},{"@type":"BreadcrumbList","@id":"https:\/\/noti-america.com\/site\/ecuador\/2025\/03\/15\/policia-nacional-recibio-124-nuevos-patrulleros-para-brindar-seguridad-en-los-ejes-viales-del-pais\/#breadcrumb","itemListElement":[{"@type":"ListItem","position":1,"name":"Portada","item":"https:\/\/noti-america.com\/site\/ecuador\/"},{"@type":"ListItem","position":2,"name":"Polic\u00eda Nacional recibi\u00f3 124 nuevos patrulleros para brindar seguridad en los ejes viales del pa\u00eds"}]},{"@type":"WebSite","@id":"https:\/\/noti-america.com\/site\/ecuador\/#website","url":"https:\/\/noti-america.com\/site\/ecuador\/","name":"Ecuador | Noti-America.com","description":"","publisher":{"@id":"https:\/\/noti-america.com\/site\/ecuador\/#organization"},"potentialAction":[{"@type":"SearchAction","target":{"@type":"EntryPoint","urlTemplate":"https:\/\/noti-america.com\/site\/ecuador\/?s={search_term_string}"},"query-input":{"@type":"PropertyValueSpecification","valueRequired":true,"valueName":"search_term_string"}}],"inLanguage":"es"},{"@type":"Organization","@id":"https:\/\/noti-america.com\/site\/ecuador\/#organization","name":"Noti-America LLC | Ecuador","url":"https:\/\/noti-america.com\/site\/ecuador\/","logo":{"@type":"ImageObject","inLanguage":"es","@id":"https:\/\/noti-america.com\/site\/ecuador\/#\/schema\/logo\/image\/","url":"https:\/\/noti-america.com\/site\/ecuador\/wp-content\/uploads\/sites\/18\/2020\/07\/LogoNA-4x3-1.jpg","contentUrl":"https:\/\/noti-america.com\/site\/ecuador\/wp-content\/uploads\/sites\/18\/2020\/07\/LogoNA-4x3-1.jpg","width":1236,"height":1080,"caption":"Noti-America LLC | Ecuador"},"image":{"@id":"https:\/\/noti-america.com\/site\/ecuador\/#\/schema\/logo\/image\/"},"sameAs":["https:\/\/x.com\/notiamerica"]},{"@type":"Person","@id":"https:\/\/noti-america.com\/site\/ecuador\/#\/schema\/person\/3b975e42f15abfe64bfe3abdd916efda","name":"Gregory Quintana Montiel","image":{"@type":"ImageObject","inLanguage":"es","@id":"https:\/\/secure.gravatar.com\/avatar\/2d6b802f7720c2ec7744dcbe608cc2f3417aeb964d58b443c6d612b77531de1d?s=96&d=mm&r=g","url":"https:\/\/secure.gravatar.com\/avatar\/2d6b802f7720c2ec7744dcbe608cc2f3417aeb964d58b443c6d612b77531de1d?s=96&d=mm&r=g","contentUrl":"https:\/\/secure.gravatar.com\/avatar\/2d6b802f7720c2ec7744dcbe608cc2f3417aeb964d58b443c6d612b77531de1d?s=96&d=mm&r=g","caption":"Gregory Quintana Montiel"},"description":"Licenciatura en Ciencias de la Comunicaci\u00f3n Social, egresado en la Especializaci\u00f3n Derecho Ambiental Desarrollo Sostenible y Sustentable, Miembro de la Comunidad de profesionales y experto para Latinoam\u00e9rica y el Caribe en Gesti\u00f3n por Resultado en el Desarrollo (COPLAC - GpRD) del Banco Interamericano de Desarrollo, experiencia en medios radiales y escritos.","sameAs":["https:\/\/x.com\/gdgregori1","gquintana"],"url":"https:\/\/noti-america.com\/site\/ecuador\/author\/gquintana\/"}]}},"_links":{"self":[{"href":"https:\/\/noti-america.com\/site\/ecuador\/wp-json\/wp\/v2\/posts\/34342","targetHints":{"allow":["GET"]}}],"collection":[{"href":"https:\/\/noti-america.com\/site\/ecuador\/wp-json\/wp\/v2\/posts"}],"about":[{"href":"https:\/\/noti-america.com\/site\/ecuador\/wp-json\/wp\/v2\/types\/post"}],"author":[{"embeddable":true,"href":"https:\/\/noti-america.com\/site\/ecuador\/wp-json\/wp\/v2\/users\/17"}],"replies":[{"embeddable":true,"href":"https:\/\/noti-america.com\/site\/ecuador\/wp-json\/wp\/v2\/comments?post=34342"}],"version-history":[{"count":1,"href":"https:\/\/noti-america.com\/site\/ecuador\/wp-json\/wp\/v2\/posts\/34342\/revisions"}],"predecessor-version":[{"id":34344,"href":"https:\/\/noti-america.com\/site\/ecuador\/wp-json\/wp\/v2\/posts\/34342\/revisions\/34344"}],"wp:featuredmedia":[{"embeddable":true,"href":"https:\/\/noti-america.com\/site\/ecuador\/wp-json\/wp\/v2\/media\/34343"}],"wp:attachment":[{"href":"https:\/\/noti-america.com\/site\/ecuador\/wp-json\/wp\/v2\/media?parent=34342"}],"wp:term":[{"taxonomy":"category","embeddable":true,"href":"https:\/\/noti-america.com\/site\/ecuador\/wp-json\/wp\/v2\/categories?post=34342"},{"taxonomy":"post_tag","embeddable":true,"href":"https:\/\/noti-america.com\/site\/ecuador\/wp-json\/wp\/v2\/tags?post=34342"}],"curies":[{"name":"wp","href":"https:\/\/api.w.org\/{rel}","templated":true}]}}