{"id":34009,"date":"2025-02-20T04:10:54","date_gmt":"2025-02-20T04:10:54","guid":{"rendered":"https:\/\/noti-america.com\/site\/ecuador\/?p=34009"},"modified":"2025-02-20T04:11:35","modified_gmt":"2025-02-20T04:11:35","slug":"ecuador-cierra-2024-con-superavit-comercial-historico","status":"publish","type":"post","link":"https:\/\/noti-america.com\/site\/ecuador\/2025\/02\/20\/ecuador-cierra-2024-con-superavit-comercial-historico\/","title":{"rendered":"Ecuador cierra 2024 con super\u00e1vit comercial hist\u00f3rico"},"content":{"rendered":"<p><strong>REDACCI\u00d3N NOTI-AM\u00c9RICA (ECUADOR).<\/strong><\/p>\n<p style=\"text-align: justify\"><img loading=\"lazy\" decoding=\"async\" class=\"size-medium wp-image-34012 aligncenter\" src=\"https:\/\/noti-america.com\/site\/ecuador\/wp-content\/uploads\/sites\/18\/2025\/02\/IMG_20250219_092549-300x225.jpg\" alt=\"\" width=\"300\" height=\"225\" srcset=\"https:\/\/noti-america.com\/site\/ecuador\/wp-content\/uploads\/sites\/18\/2025\/02\/IMG_20250219_092549-300x225.jpg 300w, https:\/\/noti-america.com\/site\/ecuador\/wp-content\/uploads\/sites\/18\/2025\/02\/IMG_20250219_092549-1024x768.jpg 1024w, https:\/\/noti-america.com\/site\/ecuador\/wp-content\/uploads\/sites\/18\/2025\/02\/IMG_20250219_092549-768x576.jpg 768w, https:\/\/noti-america.com\/site\/ecuador\/wp-content\/uploads\/sites\/18\/2025\/02\/IMG_20250219_092549-1536x1152.jpg 1536w, https:\/\/noti-america.com\/site\/ecuador\/wp-content\/uploads\/sites\/18\/2025\/02\/IMG_20250219_092549-2048x1536.jpg 2048w\" sizes=\"auto, (max-width: 300px) 100vw, 300px\" \/>El comercial de Ecuador durante el 2024 registr\u00f3 un super\u00e1vit de $6.678 millones, la cifra m\u00e1s alta desde la adopci\u00f3n de la dolarizaci\u00f3n. Esta informaci\u00f3n fue dada a conocer por la Federaci\u00f3n Ecuatoriana de Exportadores (Fedexpor). El resultado positivo refleja que las exportaciones superaron a las importaciones durante el a\u00f1o.<\/p>\n<p style=\"text-align: justify\">En t\u00e9rminos generales, el valor de las exportaciones no petroleras y no mineras creci\u00f3 hasta los 21.745 millones de d\u00f3lares, con un aumento del 16% respecto a los datos registrados en 2023, cuando el valor de lo exportado por el pa\u00eds alcanz\u00f3 los 18.792 millones de d\u00f3lares.<\/p>\n<p style=\"text-align: justify\">As\u00ed lo inform\u00f3 Felipe Rivadeneira, presidente de la Fedexpor, durante un conversatorio con periodistas de Guayaquil. \u00c9l empresario apunt\u00f3 al sector agr\u00edcola y agroindustrial como los actores que lideraron las exportaciones con un 47% del total de este tipo de comercio, gracias al gran desempe\u00f1o de algunos productos como el cacao, el cual estuvo condicionado por una \u00abdin\u00e1mica de precios extraordinarios\u00bb.<\/p>\n<p style=\"text-align: justify\">Adem\u00e1s, el representante del gremio dijo, sentirse poco optimista sobre la posibilidad de que Ecuador logre entrar hasta el 1 de abril de 2025 en el listado de pa\u00edses con los que Estados Unidos buscar\u00eda un acuerdo comercial, debido a que existen mejores condiciones para negociar.<\/p>\n<p style=\"text-align: justify\">Rivadeneira cree que el Gobierno de Estados Unidos esperar\u00e1 a conocer los resultados de la segunda vuelta de las elecciones presidenciales en Ecuador, que ser\u00e1 el pr\u00f3ximo 13 de abril, para tener claridad sobre el futuro pol\u00edtico de Ecuador.<\/p>\n<p style=\"text-align: justify\">Para el represente de Fedexpor, la posibilidad de que gane la candidata de Revoluci\u00f3n Ciudadana, Luisa Gonz\u00e1lez, es una \u00abalternativa peligrosa para las relaciones de Estados Unidos\u00bb. Y se\u00f1al\u00f3 que la candidata del corre\u00edsmo no ha mencionado hasta ahora la necesidad de un acuerdo comercial con ese pa\u00eds.<\/p>\n","protected":false},"excerpt":{"rendered":"<p>REDACCI\u00d3N NOTI-AM\u00c9RICA (ECUADOR). El comercial de Ecuador durante el 2024 registr\u00f3 un super\u00e1vit de $6.678 millones, la cifra m\u00e1s alta desde la adopci\u00f3n de la dolarizaci\u00f3n. Esta informaci\u00f3n fue dada a conocer por la&#46;&#46;&#46;<\/p>\n","protected":false},"author":144,"featured_media":34012,"comment_status":"open","ping_status":"open","sticky":false,"template":"","format":"standard","meta":{"_acf_changed":false,"om_disable_all_campaigns":false,"rop_custom_images_group":[],"rop_custom_messages_group":[],"rop_publish_now":"initial","rop_publish_now_accounts":{"twitter_242054905_242054905":""},"rop_publish_now_history":[],"rop_publish_now_status":"pending","_uf_show_specific_survey":0,"_uf_disable_surveys":false,"footnotes":""},"categories":[125,1],"tags":[],"class_list":["post-34009","post","type-post","status-publish","format-standard","has-post-thumbnail","hentry","category-actualidad","category-uncategorized"],"acf":[],"aioseo_notices":[],"yoast_head":"<!-- This site is optimized with the Yoast SEO Premium plugin v24.9 (Yoast SEO v27.2) - https:\/\/yoast.com\/product\/yoast-seo-premium-wordpress\/ -->\n<title>Ecuador cierra 2024 con super\u00e1vit comercial hist\u00f3rico - Ecuador | Noti-America.com<\/title>\n<meta name=\"robots\" content=\"index, follow, max-snippet:-1, max-image-preview:large, max-video-preview:-1\" \/>\n<link rel=\"canonical\" href=\"https:\/\/noti-america.com\/site\/ecuador\/2025\/02\/20\/ecuador-cierra-2024-con-superavit-comercial-historico\/\" \/>\n<meta property=\"og:locale\" content=\"es_ES\" \/>\n<meta property=\"og:type\" content=\"article\" \/>\n<meta property=\"og:title\" content=\"Ecuador cierra 2024 con super\u00e1vit comercial hist\u00f3rico\" \/>\n<meta property=\"og:description\" content=\"REDACCI\u00d3N NOTI-AM\u00c9RICA (ECUADOR). El comercial de Ecuador durante el 2024 registr\u00f3 un super\u00e1vit de $6.678 millones, la cifra m\u00e1s alta desde la adopci\u00f3n de la dolarizaci\u00f3n. Esta informaci\u00f3n fue dada a conocer por la&#046;&#046;&#046;\" \/>\n<meta property=\"og:url\" content=\"https:\/\/noti-america.com\/site\/ecuador\/2025\/02\/20\/ecuador-cierra-2024-con-superavit-comercial-historico\/\" \/>\n<meta property=\"og:site_name\" content=\"Ecuador | Noti-America.com\" \/>\n<meta property=\"article:published_time\" content=\"2025-02-20T04:10:54+00:00\" \/>\n<meta property=\"article:modified_time\" content=\"2025-02-20T04:11:35+00:00\" \/>\n<meta property=\"og:image\" content=\"https:\/\/noti-america.com\/site\/ecuador\/wp-content\/uploads\/sites\/18\/2025\/02\/IMG_20250219_092549-scaled.jpg\" \/>\n\t<meta property=\"og:image:width\" content=\"2560\" \/>\n\t<meta property=\"og:image:height\" content=\"1920\" \/>\n\t<meta property=\"og:image:type\" content=\"image\/jpeg\" \/>\n<meta name=\"author\" content=\"Henry Garrido\" \/>\n<meta name=\"twitter:card\" content=\"summary_large_image\" \/>\n<meta name=\"twitter:creator\" content=\"@notiamerica\" \/>\n<meta name=\"twitter:site\" content=\"@notiamerica\" \/>\n<meta name=\"twitter:label1\" content=\"Escrito por\" \/>\n\t<meta name=\"twitter:data1\" content=\"Henry Garrido\" \/>\n\t<meta name=\"twitter:label2\" content=\"Tiempo estimado de lectura\" \/>\n\t<meta name=\"twitter:data2\" content=\"2 minutos\" \/>\n<script type=\"application\/ld+json\" class=\"yoast-schema-graph\">{\"@context\":\"https:\/\/schema.org\",\"@graph\":[{\"@type\":\"Article\",\"@id\":\"https:\/\/noti-america.com\/site\/ecuador\/2025\/02\/20\/ecuador-cierra-2024-con-superavit-comercial-historico\/#article\",\"isPartOf\":{\"@id\":\"https:\/\/noti-america.com\/site\/ecuador\/2025\/02\/20\/ecuador-cierra-2024-con-superavit-comercial-historico\/\"},\"author\":{\"name\":\"Henry Garrido\",\"@id\":\"https:\/\/noti-america.com\/site\/ecuador\/#\/schema\/person\/00042412cfa9ecf98077f847ffadda4a\"},\"headline\":\"Ecuador cierra 2024 con super\u00e1vit comercial hist\u00f3rico\",\"datePublished\":\"2025-02-20T04:10:54+00:00\",\"dateModified\":\"2025-02-20T04:11:35+00:00\",\"mainEntityOfPage\":{\"@id\":\"https:\/\/noti-america.com\/site\/ecuador\/2025\/02\/20\/ecuador-cierra-2024-con-superavit-comercial-historico\/\"},\"wordCount\":318,\"commentCount\":0,\"publisher\":{\"@id\":\"https:\/\/noti-america.com\/site\/ecuador\/#organization\"},\"image\":{\"@id\":\"https:\/\/noti-america.com\/site\/ecuador\/2025\/02\/20\/ecuador-cierra-2024-con-superavit-comercial-historico\/#primaryimage\"},\"thumbnailUrl\":\"https:\/\/noti-america.com\/site\/ecuador\/wp-content\/uploads\/sites\/18\/2025\/02\/IMG_20250219_092549-scaled.jpg\",\"articleSection\":[\"Actualidad\",\"Uncategorized\"],\"inLanguage\":\"es\",\"potentialAction\":[{\"@type\":\"CommentAction\",\"name\":\"Comment\",\"target\":[\"https:\/\/noti-america.com\/site\/ecuador\/2025\/02\/20\/ecuador-cierra-2024-con-superavit-comercial-historico\/#respond\"]}]},{\"@type\":\"WebPage\",\"@id\":\"https:\/\/noti-america.com\/site\/ecuador\/2025\/02\/20\/ecuador-cierra-2024-con-superavit-comercial-historico\/\",\"url\":\"https:\/\/noti-america.com\/site\/ecuador\/2025\/02\/20\/ecuador-cierra-2024-con-superavit-comercial-historico\/\",\"name\":\"Ecuador cierra 2024 con super\u00e1vit comercial hist\u00f3rico - Ecuador | Noti-America.com\",\"isPartOf\":{\"@id\":\"https:\/\/noti-america.com\/site\/ecuador\/#website\"},\"primaryImageOfPage\":{\"@id\":\"https:\/\/noti-america.com\/site\/ecuador\/2025\/02\/20\/ecuador-cierra-2024-con-superavit-comercial-historico\/#primaryimage\"},\"image\":{\"@id\":\"https:\/\/noti-america.com\/site\/ecuador\/2025\/02\/20\/ecuador-cierra-2024-con-superavit-comercial-historico\/#primaryimage\"},\"thumbnailUrl\":\"https:\/\/noti-america.com\/site\/ecuador\/wp-content\/uploads\/sites\/18\/2025\/02\/IMG_20250219_092549-scaled.jpg\",\"datePublished\":\"2025-02-20T04:10:54+00:00\",\"dateModified\":\"2025-02-20T04:11:35+00:00\",\"breadcrumb\":{\"@id\":\"https:\/\/noti-america.com\/site\/ecuador\/2025\/02\/20\/ecuador-cierra-2024-con-superavit-comercial-historico\/#breadcrumb\"},\"inLanguage\":\"es\",\"potentialAction\":[{\"@type\":\"ReadAction\",\"target\":[\"https:\/\/noti-america.com\/site\/ecuador\/2025\/02\/20\/ecuador-cierra-2024-con-superavit-comercial-historico\/\"]}]},{\"@type\":\"ImageObject\",\"inLanguage\":\"es\",\"@id\":\"https:\/\/noti-america.com\/site\/ecuador\/2025\/02\/20\/ecuador-cierra-2024-con-superavit-comercial-historico\/#primaryimage\",\"url\":\"https:\/\/noti-america.com\/site\/ecuador\/wp-content\/uploads\/sites\/18\/2025\/02\/IMG_20250219_092549-scaled.jpg\",\"contentUrl\":\"https:\/\/noti-america.com\/site\/ecuador\/wp-content\/uploads\/sites\/18\/2025\/02\/IMG_20250219_092549-scaled.jpg\",\"width\":2560,\"height\":1920},{\"@type\":\"BreadcrumbList\",\"@id\":\"https:\/\/noti-america.com\/site\/ecuador\/2025\/02\/20\/ecuador-cierra-2024-con-superavit-comercial-historico\/#breadcrumb\",\"itemListElement\":[{\"@type\":\"ListItem\",\"position\":1,\"name\":\"Portada\",\"item\":\"https:\/\/noti-america.com\/site\/ecuador\/\"},{\"@type\":\"ListItem\",\"position\":2,\"name\":\"Ecuador cierra 2024 con super\u00e1vit comercial hist\u00f3rico\"}]},{\"@type\":\"WebSite\",\"@id\":\"https:\/\/noti-america.com\/site\/ecuador\/#website\",\"url\":\"https:\/\/noti-america.com\/site\/ecuador\/\",\"name\":\"Ecuador | Noti-America.com\",\"description\":\"\",\"publisher\":{\"@id\":\"https:\/\/noti-america.com\/site\/ecuador\/#organization\"},\"potentialAction\":[{\"@type\":\"SearchAction\",\"target\":{\"@type\":\"EntryPoint\",\"urlTemplate\":\"https:\/\/noti-america.com\/site\/ecuador\/?s={search_term_string}\"},\"query-input\":{\"@type\":\"PropertyValueSpecification\",\"valueRequired\":true,\"valueName\":\"search_term_string\"}}],\"inLanguage\":\"es\"},{\"@type\":\"Organization\",\"@id\":\"https:\/\/noti-america.com\/site\/ecuador\/#organization\",\"name\":\"Noti-America LLC | Ecuador\",\"url\":\"https:\/\/noti-america.com\/site\/ecuador\/\",\"logo\":{\"@type\":\"ImageObject\",\"inLanguage\":\"es\",\"@id\":\"https:\/\/noti-america.com\/site\/ecuador\/#\/schema\/logo\/image\/\",\"url\":\"https:\/\/noti-america.com\/site\/ecuador\/wp-content\/uploads\/sites\/18\/2020\/07\/LogoNA-4x3-1.jpg\",\"contentUrl\":\"https:\/\/noti-america.com\/site\/ecuador\/wp-content\/uploads\/sites\/18\/2020\/07\/LogoNA-4x3-1.jpg\",\"width\":1236,\"height\":1080,\"caption\":\"Noti-America LLC | Ecuador\"},\"image\":{\"@id\":\"https:\/\/noti-america.com\/site\/ecuador\/#\/schema\/logo\/image\/\"},\"sameAs\":[\"https:\/\/x.com\/notiamerica\"]},{\"@type\":\"Person\",\"@id\":\"https:\/\/noti-america.com\/site\/ecuador\/#\/schema\/person\/00042412cfa9ecf98077f847ffadda4a\",\"name\":\"Henry Garrido\",\"image\":{\"@type\":\"ImageObject\",\"inLanguage\":\"es\",\"@id\":\"https:\/\/secure.gravatar.com\/avatar\/749ae5a1e6f22cf042f04b9f3f0a22732ae36970ccfd5c54a0a2ac3c4e1166ed?s=96&d=mm&r=g\",\"url\":\"https:\/\/secure.gravatar.com\/avatar\/749ae5a1e6f22cf042f04b9f3f0a22732ae36970ccfd5c54a0a2ac3c4e1166ed?s=96&d=mm&r=g\",\"contentUrl\":\"https:\/\/secure.gravatar.com\/avatar\/749ae5a1e6f22cf042f04b9f3f0a22732ae36970ccfd5c54a0a2ac3c4e1166ed?s=96&d=mm&r=g\",\"caption\":\"Henry Garrido\"},\"url\":\"https:\/\/noti-america.com\/site\/ecuador\/author\/hgarrido\/\"}]}<\/script>\n<!-- \/ Yoast SEO Premium plugin. -->","yoast_head_json":{"title":"Ecuador cierra 2024 con super\u00e1vit comercial hist\u00f3rico - Ecuador | Noti-America.com","robots":{"index":"index","follow":"follow","max-snippet":"max-snippet:-1","max-image-preview":"max-image-preview:large","max-video-preview":"max-video-preview:-1"},"canonical":"https:\/\/noti-america.com\/site\/ecuador\/2025\/02\/20\/ecuador-cierra-2024-con-superavit-comercial-historico\/","og_locale":"es_ES","og_type":"article","og_title":"Ecuador cierra 2024 con super\u00e1vit comercial hist\u00f3rico","og_description":"REDACCI\u00d3N NOTI-AM\u00c9RICA (ECUADOR). El comercial de Ecuador durante el 2024 registr\u00f3 un super\u00e1vit de $6.678 millones, la cifra m\u00e1s alta desde la adopci\u00f3n de la dolarizaci\u00f3n. Esta informaci\u00f3n fue dada a conocer por la&#46;&#46;&#46;","og_url":"https:\/\/noti-america.com\/site\/ecuador\/2025\/02\/20\/ecuador-cierra-2024-con-superavit-comercial-historico\/","og_site_name":"Ecuador | Noti-America.com","article_published_time":"2025-02-20T04:10:54+00:00","article_modified_time":"2025-02-20T04:11:35+00:00","og_image":[{"width":2560,"height":1920,"url":"https:\/\/noti-america.com\/site\/ecuador\/wp-content\/uploads\/sites\/18\/2025\/02\/IMG_20250219_092549-scaled.jpg","type":"image\/jpeg"}],"author":"Henry Garrido","twitter_card":"summary_large_image","twitter_creator":"@notiamerica","twitter_site":"@notiamerica","twitter_misc":{"Escrito por":"Henry Garrido","Tiempo estimado de lectura":"2 minutos"},"schema":{"@context":"https:\/\/schema.org","@graph":[{"@type":"Article","@id":"https:\/\/noti-america.com\/site\/ecuador\/2025\/02\/20\/ecuador-cierra-2024-con-superavit-comercial-historico\/#article","isPartOf":{"@id":"https:\/\/noti-america.com\/site\/ecuador\/2025\/02\/20\/ecuador-cierra-2024-con-superavit-comercial-historico\/"},"author":{"name":"Henry Garrido","@id":"https:\/\/noti-america.com\/site\/ecuador\/#\/schema\/person\/00042412cfa9ecf98077f847ffadda4a"},"headline":"Ecuador cierra 2024 con super\u00e1vit comercial hist\u00f3rico","datePublished":"2025-02-20T04:10:54+00:00","dateModified":"2025-02-20T04:11:35+00:00","mainEntityOfPage":{"@id":"https:\/\/noti-america.com\/site\/ecuador\/2025\/02\/20\/ecuador-cierra-2024-con-superavit-comercial-historico\/"},"wordCount":318,"commentCount":0,"publisher":{"@id":"https:\/\/noti-america.com\/site\/ecuador\/#organization"},"image":{"@id":"https:\/\/noti-america.com\/site\/ecuador\/2025\/02\/20\/ecuador-cierra-2024-con-superavit-comercial-historico\/#primaryimage"},"thumbnailUrl":"https:\/\/noti-america.com\/site\/ecuador\/wp-content\/uploads\/sites\/18\/2025\/02\/IMG_20250219_092549-scaled.jpg","articleSection":["Actualidad","Uncategorized"],"inLanguage":"es","potentialAction":[{"@type":"CommentAction","name":"Comment","target":["https:\/\/noti-america.com\/site\/ecuador\/2025\/02\/20\/ecuador-cierra-2024-con-superavit-comercial-historico\/#respond"]}]},{"@type":"WebPage","@id":"https:\/\/noti-america.com\/site\/ecuador\/2025\/02\/20\/ecuador-cierra-2024-con-superavit-comercial-historico\/","url":"https:\/\/noti-america.com\/site\/ecuador\/2025\/02\/20\/ecuador-cierra-2024-con-superavit-comercial-historico\/","name":"Ecuador cierra 2024 con super\u00e1vit comercial hist\u00f3rico - Ecuador | Noti-America.com","isPartOf":{"@id":"https:\/\/noti-america.com\/site\/ecuador\/#website"},"primaryImageOfPage":{"@id":"https:\/\/noti-america.com\/site\/ecuador\/2025\/02\/20\/ecuador-cierra-2024-con-superavit-comercial-historico\/#primaryimage"},"image":{"@id":"https:\/\/noti-america.com\/site\/ecuador\/2025\/02\/20\/ecuador-cierra-2024-con-superavit-comercial-historico\/#primaryimage"},"thumbnailUrl":"https:\/\/noti-america.com\/site\/ecuador\/wp-content\/uploads\/sites\/18\/2025\/02\/IMG_20250219_092549-scaled.jpg","datePublished":"2025-02-20T04:10:54+00:00","dateModified":"2025-02-20T04:11:35+00:00","breadcrumb":{"@id":"https:\/\/noti-america.com\/site\/ecuador\/2025\/02\/20\/ecuador-cierra-2024-con-superavit-comercial-historico\/#breadcrumb"},"inLanguage":"es","potentialAction":[{"@type":"ReadAction","target":["https:\/\/noti-america.com\/site\/ecuador\/2025\/02\/20\/ecuador-cierra-2024-con-superavit-comercial-historico\/"]}]},{"@type":"ImageObject","inLanguage":"es","@id":"https:\/\/noti-america.com\/site\/ecuador\/2025\/02\/20\/ecuador-cierra-2024-con-superavit-comercial-historico\/#primaryimage","url":"https:\/\/noti-america.com\/site\/ecuador\/wp-content\/uploads\/sites\/18\/2025\/02\/IMG_20250219_092549-scaled.jpg","contentUrl":"https:\/\/noti-america.com\/site\/ecuador\/wp-content\/uploads\/sites\/18\/2025\/02\/IMG_20250219_092549-scaled.jpg","width":2560,"height":1920},{"@type":"BreadcrumbList","@id":"https:\/\/noti-america.com\/site\/ecuador\/2025\/02\/20\/ecuador-cierra-2024-con-superavit-comercial-historico\/#breadcrumb","itemListElement":[{"@type":"ListItem","position":1,"name":"Portada","item":"https:\/\/noti-america.com\/site\/ecuador\/"},{"@type":"ListItem","position":2,"name":"Ecuador cierra 2024 con super\u00e1vit comercial hist\u00f3rico"}]},{"@type":"WebSite","@id":"https:\/\/noti-america.com\/site\/ecuador\/#website","url":"https:\/\/noti-america.com\/site\/ecuador\/","name":"Ecuador | Noti-America.com","description":"","publisher":{"@id":"https:\/\/noti-america.com\/site\/ecuador\/#organization"},"potentialAction":[{"@type":"SearchAction","target":{"@type":"EntryPoint","urlTemplate":"https:\/\/noti-america.com\/site\/ecuador\/?s={search_term_string}"},"query-input":{"@type":"PropertyValueSpecification","valueRequired":true,"valueName":"search_term_string"}}],"inLanguage":"es"},{"@type":"Organization","@id":"https:\/\/noti-america.com\/site\/ecuador\/#organization","name":"Noti-America LLC | Ecuador","url":"https:\/\/noti-america.com\/site\/ecuador\/","logo":{"@type":"ImageObject","inLanguage":"es","@id":"https:\/\/noti-america.com\/site\/ecuador\/#\/schema\/logo\/image\/","url":"https:\/\/noti-america.com\/site\/ecuador\/wp-content\/uploads\/sites\/18\/2020\/07\/LogoNA-4x3-1.jpg","contentUrl":"https:\/\/noti-america.com\/site\/ecuador\/wp-content\/uploads\/sites\/18\/2020\/07\/LogoNA-4x3-1.jpg","width":1236,"height":1080,"caption":"Noti-America LLC | Ecuador"},"image":{"@id":"https:\/\/noti-america.com\/site\/ecuador\/#\/schema\/logo\/image\/"},"sameAs":["https:\/\/x.com\/notiamerica"]},{"@type":"Person","@id":"https:\/\/noti-america.com\/site\/ecuador\/#\/schema\/person\/00042412cfa9ecf98077f847ffadda4a","name":"Henry Garrido","image":{"@type":"ImageObject","inLanguage":"es","@id":"https:\/\/secure.gravatar.com\/avatar\/749ae5a1e6f22cf042f04b9f3f0a22732ae36970ccfd5c54a0a2ac3c4e1166ed?s=96&d=mm&r=g","url":"https:\/\/secure.gravatar.com\/avatar\/749ae5a1e6f22cf042f04b9f3f0a22732ae36970ccfd5c54a0a2ac3c4e1166ed?s=96&d=mm&r=g","contentUrl":"https:\/\/secure.gravatar.com\/avatar\/749ae5a1e6f22cf042f04b9f3f0a22732ae36970ccfd5c54a0a2ac3c4e1166ed?s=96&d=mm&r=g","caption":"Henry Garrido"},"url":"https:\/\/noti-america.com\/site\/ecuador\/author\/hgarrido\/"}]}},"_links":{"self":[{"href":"https:\/\/noti-america.com\/site\/ecuador\/wp-json\/wp\/v2\/posts\/34009","targetHints":{"allow":["GET"]}}],"collection":[{"href":"https:\/\/noti-america.com\/site\/ecuador\/wp-json\/wp\/v2\/posts"}],"about":[{"href":"https:\/\/noti-america.com\/site\/ecuador\/wp-json\/wp\/v2\/types\/post"}],"author":[{"embeddable":true,"href":"https:\/\/noti-america.com\/site\/ecuador\/wp-json\/wp\/v2\/users\/144"}],"replies":[{"embeddable":true,"href":"https:\/\/noti-america.com\/site\/ecuador\/wp-json\/wp\/v2\/comments?post=34009"}],"version-history":[{"count":1,"href":"https:\/\/noti-america.com\/site\/ecuador\/wp-json\/wp\/v2\/posts\/34009\/revisions"}],"predecessor-version":[{"id":34013,"href":"https:\/\/noti-america.com\/site\/ecuador\/wp-json\/wp\/v2\/posts\/34009\/revisions\/34013"}],"wp:featuredmedia":[{"embeddable":true,"href":"https:\/\/noti-america.com\/site\/ecuador\/wp-json\/wp\/v2\/media\/34012"}],"wp:attachment":[{"href":"https:\/\/noti-america.com\/site\/ecuador\/wp-json\/wp\/v2\/media?parent=34009"}],"wp:term":[{"taxonomy":"category","embeddable":true,"href":"https:\/\/noti-america.com\/site\/ecuador\/wp-json\/wp\/v2\/categories?post=34009"},{"taxonomy":"post_tag","embeddable":true,"href":"https:\/\/noti-america.com\/site\/ecuador\/wp-json\/wp\/v2\/tags?post=34009"}],"curies":[{"name":"wp","href":"https:\/\/api.w.org\/{rel}","templated":true}]}}