{"id":33893,"date":"2025-02-11T13:18:02","date_gmt":"2025-02-11T13:18:02","guid":{"rendered":"https:\/\/noti-america.com\/site\/ecuador\/?p=33893"},"modified":"2025-02-11T13:18:02","modified_gmt":"2025-02-11T13:18:02","slug":"imptek-rinde-homenaje-a-atletas-ecuatorianos","status":"publish","type":"post","link":"https:\/\/noti-america.com\/site\/ecuador\/2025\/02\/11\/imptek-rinde-homenaje-a-atletas-ecuatorianos\/","title":{"rendered":"Imptek rinde homenaje a atletas ecuatorianos"},"content":{"rendered":"<p><strong>REDACCI\u00d3N NOTI AM\u00c9RICA (ECUADOR)<\/strong><\/p>\n<div id=\"attachment_33894\" style=\"width: 532px\" class=\"wp-caption alignleft\"><img loading=\"lazy\" decoding=\"async\" aria-describedby=\"caption-attachment-33894\" class=\"wp-image-33894\" src=\"https:\/\/noti-america.com\/site\/ecuador\/wp-content\/uploads\/sites\/18\/2025\/02\/WhatsApp-Image-2025-02-10-at-08.33.21-300x205.jpeg\" alt=\"\" width=\"522\" height=\"357\" srcset=\"https:\/\/noti-america.com\/site\/ecuador\/wp-content\/uploads\/sites\/18\/2025\/02\/WhatsApp-Image-2025-02-10-at-08.33.21-300x205.jpeg 300w, https:\/\/noti-america.com\/site\/ecuador\/wp-content\/uploads\/sites\/18\/2025\/02\/WhatsApp-Image-2025-02-10-at-08.33.21-1024x700.jpeg 1024w, https:\/\/noti-america.com\/site\/ecuador\/wp-content\/uploads\/sites\/18\/2025\/02\/WhatsApp-Image-2025-02-10-at-08.33.21-768x525.jpeg 768w, https:\/\/noti-america.com\/site\/ecuador\/wp-content\/uploads\/sites\/18\/2025\/02\/WhatsApp-Image-2025-02-10-at-08.33.21-1536x1050.jpeg 1536w, https:\/\/noti-america.com\/site\/ecuador\/wp-content\/uploads\/sites\/18\/2025\/02\/WhatsApp-Image-2025-02-10-at-08.33.21.jpeg 1600w\" sizes=\"auto, (max-width: 522px) 100vw, 522px\" \/><p id=\"caption-attachment-33894\" class=\"wp-caption-text\">Durante el 2024, los deportistas y proyectos auspiciados por Imptek cosecharon logros y visibilizaron la riqueza natural y cultural del Ecuador.<\/p><\/div>\n<p style=\"text-align: justify\">Saint-Gobain Imptek, empresa l\u00edder en el mercado de impermeabilizaci\u00f3n, vialidad y construcci\u00f3n liviana, rindi\u00f3 un homenaje a los proyectos deportivos y deportistas de \u00e9lite como ciclismo, Trail, monta\u00f1ismo y otros.\u00a0 Durante m\u00e1s de 15 a\u00f1os, la empresa ha asumido un compromiso genuino con los atletas locales, impulsando a sus disciplinas y logros. Este apoyo se alinea con su objetivo de promover el bienestar, fomentar el talento ecuatoriano y apoyar el turismo local.<\/p>\n<p style=\"text-align: justify\">En el evento, se reconoci\u00f3 a los deportistas Gabriela Loaiza, Paola Uquillas, Joaqu\u00edn L\u00f3pez, Xavier Chiriboga, Sebasti\u00e1n Carrasco, Mart\u00edn Santiago Sotomayor y a los deportistas del\u00a0\u00a0 Life Adventure Team: Francisco Pinto, Tania D\u00edaz, junto a los hermanos Gonzalo y Juan Jos\u00e9 Calisto. Ellos estuvieron acompa\u00f1ados de Nadia Dumani, Subsecretaria de Deportes.<\/p>\n<p style=\"text-align: justify\">\u201cJunto a Imptek hemos logrado ser el ejemplo del cambio, de la disciplina, de la resiliencia, de hasta donde te puede llevar la voluntad. Nada es imposible cuando decides derribar esos l\u00edmites que uno mismo construye\u201d, se\u00f1al\u00f3 la ciclista Gabriela Loaiza a nombre de sus compa\u00f1eros.<\/p>\n<p style=\"text-align: justify\">Durante el 2024, estos deportistas han cosechado \u00e9xitos y han jugado un papel fundamental en dar a conocer al mundo la riqueza natural y cultural de Ecuador. Adem\u00e1s, el impulso otorgado en competencias nacionales como internacionales, gracias al apoyo privado, ha contribuido al crecimiento del deporte ecuatoriano.<\/p>\n<p style=\"text-align: justify\">Tambi\u00e9n Imptek reconoci\u00f3 la labor de sus socios estrat\u00e9gicos, Santiago L\u00f3pez y Rodolfo Peralta, directores de Proyecto Aventura, quienes, junto a Heidi Muller de Adventure Racing World Series (ARWS), han organizado importantes carreras de aventura en el pa\u00eds. Esta alianza, que lleva m\u00e1s de tres a\u00f1os como patrocinador principal de la competencia, culmin\u00f3 con la realizaci\u00f3n del Mundial de Aventura Huairasinchi 2024 en Cuenca con la participaci\u00f3n de m\u00e1s de 400 personas, entre locales e internacionales. \u00a0A ello, la empresa tambi\u00e9n ha patrocinado la carrera Non-Stop desde 2012, consolidando su apoyo al desarrollo de eventos de renombre internacional.<\/p>\n<p style=\"text-align: justify\">La gesti\u00f3n de la organizaci\u00f3n va m\u00e1s all\u00e1 del apoyo financiero y se enfoca en crear una conexi\u00f3n genuina con los atletas. \u201cEn Imptek, creemos firmemente en el poder transformador del deporte, especialmente en disciplinas como las carreras de aventura. Estas actividades no solo exigen una combinaci\u00f3n excepcional de fortaleza f\u00edsica y mental, sino que tambi\u00e9n promueven valores fundamentales como el respeto por la naturaleza, la resiliencia y el compromiso con la superaci\u00f3n personal.\u201d, puntualiz\u00f3 Juan Pablo Sotomayor, Gerente General de Saint-Gobain Imptek.<\/p>\n<p style=\"text-align: justify\">Imptek ha auspiciado a 15 atletas a escala nacional con un apoyo de m\u00e1s de 300.000 d\u00f3lares en los \u00faltimos tres a\u00f1os. Gracias a este compromiso, el deporte ecuatoriano ha logrado ocupar posiciones destacadas a nivel nacional e internacional. \u201cNuestro prop\u00f3sito de &#8216;Making the World a Better Home&#8217; est\u00e1 alineado con el respaldo a todas las disciplinas deportivas, y seguimos apostando por estos atletas y las competencias como veh\u00edculo para el crecimiento personal y la uni\u00f3n de comunidades\u201d, destac\u00f3 Sotomayor,<\/p>\n<p style=\"text-align: justify\">El espacio fue un testimonio de c\u00f3mo el deporte y el compromiso empresarial pueden ir de la mano, contribuyendo al desarrollo de Ecuador y al bienestar global. Imptek continuar\u00e1 impuls<\/p>\n<p style=\"text-align: justify\"><strong>Perfiles de los deportistas auspiciados y sus principales logros<\/strong><\/p>\n<p style=\"text-align: justify\"><strong>Paola Uquillas<\/strong><\/p>\n<p style=\"text-align: justify\">Paola Uquillas es una destacada comunicadora, marketera y atleta apasionada por el trail running. Con m\u00e1s de 10 a\u00f1os de experiencia en carreras de monta\u00f1a, ha recorrido lugares emblem\u00e1ticos alrededor del mundo, logrando importantes podios como el primer lugar en Alemania. En 2024, demostr\u00f3 nuevamente su excelencia en el trail running al obtener el primer lugar en la categor\u00eda mujeres en Mindo Trail de 26 km.<\/p>\n<p style=\"text-align: justify\"><strong>Gabriela Loaiza<\/strong><\/p>\n<p style=\"text-align: justify\">Gabriela Loaiza es una ciclista l\u00edder del proyecto \u201cExtraordinarias\u201d que busca subir a m\u00e1s mujeres a bicicletas un deporte t\u00edpicamente masculino. En 2022 y 2023 Gabriela obtuvo un reconocimiento por su destacada participaci\u00f3n en los Mundiales de Enduro, posicion\u00e1ndose en el top 10 mundial. En 2024, alcanz\u00f3 un importante logro al obtener el primer lugar en la West Bike Cup en Suiza, consolidando su trayectoria como una de las ciclistas m\u00e1s destacadas.<\/p>\n<p style=\"text-align: justify\"><strong>Sebasti\u00e1n Carrasco<\/strong><\/p>\n<p style=\"text-align: justify\">Sebasti\u00e1n Carrasco es un deportista alto rendimiento.\u00a0 Su pasi\u00f3n y determinaci\u00f3n lo han convertido en un referente en la promoci\u00f3n de la inclusi\u00f3n deportiva para personas con discapacidad a nivel local e internacional. En 2023 cumpli\u00f3 una haza\u00f1a impresionante y escal\u00f3 el ic\u00f3nico \u201cEl Capit\u00e1n\u201d en California. En 2024, Sebasti\u00e1n se ha enfocado en competir en la modalidad de handcycle, tanto en ruta como en monta\u00f1a, dentro de la categor\u00eda e-handbike.<\/p>\n<p style=\"text-align: justify\"><strong>Mart\u00edn Sotomayor<\/strong><\/p>\n<p style=\"text-align: justify\">Mart\u00edn Sotomayor es un apasionado deportista de trail running que ha dedicado los \u00faltimos cuatro a\u00f1os a perfeccionar su t\u00e9cnica en carreras de monta\u00f1a. Especializado en distancias cortas de hasta 10 km. En 2024, su esfuerzo y dedicaci\u00f3n lo llevaron a obtener el segundo lugar en su categor\u00eda, en la Quito Trail by UTMB, consolid\u00e1ndose como un referente en la disciplina.<\/p>\n<p style=\"text-align: justify\"><strong>Xavier Chiriboga<\/strong><\/p>\n<p style=\"text-align: justify\">Xavier Chiriboga es un apasionado deportista de trail que ha dedicado su vida a desafiar sus propios l\u00edmites en cada competencia y consolidarse como un referente en el mundo del trail running.\u00a0En 2024, conquist\u00f3 el primer lugar en la Colorado Trail Race y se prepara para nuevos desaf\u00edos como la Triple Corona y la Arizona Trail.<\/p>\n<p style=\"text-align: justify\"><strong>Joaqu\u00edn L\u00f3pez<\/strong><\/p>\n<p style=\"text-align: justify\">Joaqu\u00edn L\u00f3pez es un destacado deportista de trail running y competencias de aventura, reconocido por su destreza y resistencia en algunos de los terrenos m\u00e1s exigentes del mundo. \u00a0En 2024, hizo historia al convertirse en el primer latinoamericano en lograr un puesto en el podio del Ultra-Trail du Mont-Blanc (UTMB), consolid\u00e1ndose como uno de los mejores atletas de trail running del mundo. Recibi\u00f3 una menci\u00f3n de honor del Distrito Metropolitano de Quito como uno de los deportistas m\u00e1s destacados de 2023, y fue reconocido como Alumni destacado por la Universidad San Francisco de Quito. Adem\u00e1s, fue nominado entre los deportistas m\u00e1s influyentes de Ecuador por la revista Ekos y seleccionado como uno de los 50 personajes con acciones m\u00e1s relevantes de 2025 por la misma revista.<\/p>\n<p>&nbsp;<\/p>\n","protected":false},"excerpt":{"rendered":"<p>REDACCI\u00d3N NOTI AM\u00c9RICA (ECUADOR) Saint-Gobain Imptek, empresa l\u00edder en el mercado de impermeabilizaci\u00f3n, vialidad y construcci\u00f3n liviana, rindi\u00f3 un homenaje a los proyectos deportivos y deportistas de \u00e9lite como ciclismo, Trail, monta\u00f1ismo y otros.\u00a0&#46;&#46;&#46;<\/p>\n","protected":false},"author":113,"featured_media":33894,"comment_status":"open","ping_status":"open","sticky":false,"template":"","format":"standard","meta":{"_acf_changed":false,"om_disable_all_campaigns":false,"rop_custom_images_group":[],"rop_custom_messages_group":[],"rop_publish_now":"initial","rop_publish_now_accounts":{"twitter_242054905_242054905":""},"rop_publish_now_history":[],"rop_publish_now_status":"pending","_uf_show_specific_survey":0,"_uf_disable_surveys":false,"footnotes":""},"categories":[16],"tags":[],"class_list":["post-33893","post","type-post","status-publish","format-standard","has-post-thumbnail","hentry","category-deportes"],"acf":[],"aioseo_notices":[],"yoast_head":"<!-- This site is optimized with the Yoast SEO Premium plugin v24.9 (Yoast SEO v27.2) - https:\/\/yoast.com\/product\/yoast-seo-premium-wordpress\/ -->\n<title>Imptek rinde homenaje a atletas ecuatorianos - Ecuador | Noti-America.com<\/title>\n<meta name=\"robots\" content=\"index, follow, max-snippet:-1, max-image-preview:large, max-video-preview:-1\" \/>\n<link rel=\"canonical\" href=\"https:\/\/noti-america.com\/site\/ecuador\/2025\/02\/11\/imptek-rinde-homenaje-a-atletas-ecuatorianos\/\" \/>\n<meta property=\"og:locale\" content=\"es_ES\" \/>\n<meta property=\"og:type\" content=\"article\" \/>\n<meta property=\"og:title\" content=\"Imptek rinde homenaje a atletas ecuatorianos\" \/>\n<meta property=\"og:description\" content=\"REDACCI\u00d3N NOTI AM\u00c9RICA (ECUADOR) Saint-Gobain Imptek, empresa l\u00edder en el mercado de impermeabilizaci\u00f3n, vialidad y construcci\u00f3n liviana, rindi\u00f3 un homenaje a los proyectos deportivos y deportistas de \u00e9lite como ciclismo, Trail, monta\u00f1ismo y otros.\u00a0&#046;&#046;&#046;\" \/>\n<meta property=\"og:url\" content=\"https:\/\/noti-america.com\/site\/ecuador\/2025\/02\/11\/imptek-rinde-homenaje-a-atletas-ecuatorianos\/\" \/>\n<meta property=\"og:site_name\" content=\"Ecuador | Noti-America.com\" \/>\n<meta property=\"article:published_time\" content=\"2025-02-11T13:18:02+00:00\" \/>\n<meta property=\"og:image\" content=\"https:\/\/noti-america.com\/site\/ecuador\/wp-content\/uploads\/sites\/18\/2025\/02\/WhatsApp-Image-2025-02-10-at-08.33.21.jpeg\" \/>\n\t<meta property=\"og:image:width\" content=\"1600\" \/>\n\t<meta property=\"og:image:height\" content=\"1094\" \/>\n\t<meta property=\"og:image:type\" content=\"image\/jpeg\" \/>\n<meta name=\"author\" content=\"Henry Ortiz\" \/>\n<meta name=\"twitter:card\" content=\"summary_large_image\" \/>\n<meta name=\"twitter:creator\" content=\"@notiamerica\" \/>\n<meta name=\"twitter:site\" content=\"@notiamerica\" \/>\n<meta name=\"twitter:label1\" content=\"Escrito por\" \/>\n\t<meta name=\"twitter:data1\" content=\"Henry Ortiz\" \/>\n\t<meta name=\"twitter:label2\" content=\"Tiempo estimado de lectura\" \/>\n\t<meta name=\"twitter:data2\" content=\"6 minutos\" \/>\n<script type=\"application\/ld+json\" class=\"yoast-schema-graph\">{\"@context\":\"https:\/\/schema.org\",\"@graph\":[{\"@type\":\"Article\",\"@id\":\"https:\/\/noti-america.com\/site\/ecuador\/2025\/02\/11\/imptek-rinde-homenaje-a-atletas-ecuatorianos\/#article\",\"isPartOf\":{\"@id\":\"https:\/\/noti-america.com\/site\/ecuador\/2025\/02\/11\/imptek-rinde-homenaje-a-atletas-ecuatorianos\/\"},\"author\":{\"name\":\"Henry Ortiz\",\"@id\":\"https:\/\/noti-america.com\/site\/ecuador\/#\/schema\/person\/b9d1630cc6598af759d45c790a347283\"},\"headline\":\"Imptek rinde homenaje a atletas ecuatorianos\",\"datePublished\":\"2025-02-11T13:18:02+00:00\",\"mainEntityOfPage\":{\"@id\":\"https:\/\/noti-america.com\/site\/ecuador\/2025\/02\/11\/imptek-rinde-homenaje-a-atletas-ecuatorianos\/\"},\"wordCount\":1083,\"commentCount\":0,\"publisher\":{\"@id\":\"https:\/\/noti-america.com\/site\/ecuador\/#organization\"},\"image\":{\"@id\":\"https:\/\/noti-america.com\/site\/ecuador\/2025\/02\/11\/imptek-rinde-homenaje-a-atletas-ecuatorianos\/#primaryimage\"},\"thumbnailUrl\":\"https:\/\/noti-america.com\/site\/ecuador\/wp-content\/uploads\/sites\/18\/2025\/02\/WhatsApp-Image-2025-02-10-at-08.33.21.jpeg\",\"articleSection\":[\"Deportes\"],\"inLanguage\":\"es\",\"potentialAction\":[{\"@type\":\"CommentAction\",\"name\":\"Comment\",\"target\":[\"https:\/\/noti-america.com\/site\/ecuador\/2025\/02\/11\/imptek-rinde-homenaje-a-atletas-ecuatorianos\/#respond\"]}]},{\"@type\":\"WebPage\",\"@id\":\"https:\/\/noti-america.com\/site\/ecuador\/2025\/02\/11\/imptek-rinde-homenaje-a-atletas-ecuatorianos\/\",\"url\":\"https:\/\/noti-america.com\/site\/ecuador\/2025\/02\/11\/imptek-rinde-homenaje-a-atletas-ecuatorianos\/\",\"name\":\"Imptek rinde homenaje a atletas ecuatorianos - Ecuador | Noti-America.com\",\"isPartOf\":{\"@id\":\"https:\/\/noti-america.com\/site\/ecuador\/#website\"},\"primaryImageOfPage\":{\"@id\":\"https:\/\/noti-america.com\/site\/ecuador\/2025\/02\/11\/imptek-rinde-homenaje-a-atletas-ecuatorianos\/#primaryimage\"},\"image\":{\"@id\":\"https:\/\/noti-america.com\/site\/ecuador\/2025\/02\/11\/imptek-rinde-homenaje-a-atletas-ecuatorianos\/#primaryimage\"},\"thumbnailUrl\":\"https:\/\/noti-america.com\/site\/ecuador\/wp-content\/uploads\/sites\/18\/2025\/02\/WhatsApp-Image-2025-02-10-at-08.33.21.jpeg\",\"datePublished\":\"2025-02-11T13:18:02+00:00\",\"breadcrumb\":{\"@id\":\"https:\/\/noti-america.com\/site\/ecuador\/2025\/02\/11\/imptek-rinde-homenaje-a-atletas-ecuatorianos\/#breadcrumb\"},\"inLanguage\":\"es\",\"potentialAction\":[{\"@type\":\"ReadAction\",\"target\":[\"https:\/\/noti-america.com\/site\/ecuador\/2025\/02\/11\/imptek-rinde-homenaje-a-atletas-ecuatorianos\/\"]}]},{\"@type\":\"ImageObject\",\"inLanguage\":\"es\",\"@id\":\"https:\/\/noti-america.com\/site\/ecuador\/2025\/02\/11\/imptek-rinde-homenaje-a-atletas-ecuatorianos\/#primaryimage\",\"url\":\"https:\/\/noti-america.com\/site\/ecuador\/wp-content\/uploads\/sites\/18\/2025\/02\/WhatsApp-Image-2025-02-10-at-08.33.21.jpeg\",\"contentUrl\":\"https:\/\/noti-america.com\/site\/ecuador\/wp-content\/uploads\/sites\/18\/2025\/02\/WhatsApp-Image-2025-02-10-at-08.33.21.jpeg\",\"width\":1600,\"height\":1094},{\"@type\":\"BreadcrumbList\",\"@id\":\"https:\/\/noti-america.com\/site\/ecuador\/2025\/02\/11\/imptek-rinde-homenaje-a-atletas-ecuatorianos\/#breadcrumb\",\"itemListElement\":[{\"@type\":\"ListItem\",\"position\":1,\"name\":\"Portada\",\"item\":\"https:\/\/noti-america.com\/site\/ecuador\/\"},{\"@type\":\"ListItem\",\"position\":2,\"name\":\"Imptek rinde homenaje a atletas ecuatorianos\"}]},{\"@type\":\"WebSite\",\"@id\":\"https:\/\/noti-america.com\/site\/ecuador\/#website\",\"url\":\"https:\/\/noti-america.com\/site\/ecuador\/\",\"name\":\"Ecuador | Noti-America.com\",\"description\":\"\",\"publisher\":{\"@id\":\"https:\/\/noti-america.com\/site\/ecuador\/#organization\"},\"potentialAction\":[{\"@type\":\"SearchAction\",\"target\":{\"@type\":\"EntryPoint\",\"urlTemplate\":\"https:\/\/noti-america.com\/site\/ecuador\/?s={search_term_string}\"},\"query-input\":{\"@type\":\"PropertyValueSpecification\",\"valueRequired\":true,\"valueName\":\"search_term_string\"}}],\"inLanguage\":\"es\"},{\"@type\":\"Organization\",\"@id\":\"https:\/\/noti-america.com\/site\/ecuador\/#organization\",\"name\":\"Noti-America LLC | Ecuador\",\"url\":\"https:\/\/noti-america.com\/site\/ecuador\/\",\"logo\":{\"@type\":\"ImageObject\",\"inLanguage\":\"es\",\"@id\":\"https:\/\/noti-america.com\/site\/ecuador\/#\/schema\/logo\/image\/\",\"url\":\"https:\/\/noti-america.com\/site\/ecuador\/wp-content\/uploads\/sites\/18\/2020\/07\/LogoNA-4x3-1.jpg\",\"contentUrl\":\"https:\/\/noti-america.com\/site\/ecuador\/wp-content\/uploads\/sites\/18\/2020\/07\/LogoNA-4x3-1.jpg\",\"width\":1236,\"height\":1080,\"caption\":\"Noti-America LLC | Ecuador\"},\"image\":{\"@id\":\"https:\/\/noti-america.com\/site\/ecuador\/#\/schema\/logo\/image\/\"},\"sameAs\":[\"https:\/\/x.com\/notiamerica\"]},{\"@type\":\"Person\",\"@id\":\"https:\/\/noti-america.com\/site\/ecuador\/#\/schema\/person\/b9d1630cc6598af759d45c790a347283\",\"name\":\"Henry Ortiz\",\"image\":{\"@type\":\"ImageObject\",\"inLanguage\":\"es\",\"@id\":\"https:\/\/secure.gravatar.com\/avatar\/0b5407b5b302fbb6a578e625dca512ac2983ee5fa9ea941d581b83c40212e4c8?s=96&d=mm&r=g\",\"url\":\"https:\/\/secure.gravatar.com\/avatar\/0b5407b5b302fbb6a578e625dca512ac2983ee5fa9ea941d581b83c40212e4c8?s=96&d=mm&r=g\",\"contentUrl\":\"https:\/\/secure.gravatar.com\/avatar\/0b5407b5b302fbb6a578e625dca512ac2983ee5fa9ea941d581b83c40212e4c8?s=96&d=mm&r=g\",\"caption\":\"Henry Ortiz\"},\"url\":\"https:\/\/noti-america.com\/site\/ecuador\/author\/hortiz\/\"}]}<\/script>\n<!-- \/ Yoast SEO Premium plugin. -->","yoast_head_json":{"title":"Imptek rinde homenaje a atletas ecuatorianos - Ecuador | Noti-America.com","robots":{"index":"index","follow":"follow","max-snippet":"max-snippet:-1","max-image-preview":"max-image-preview:large","max-video-preview":"max-video-preview:-1"},"canonical":"https:\/\/noti-america.com\/site\/ecuador\/2025\/02\/11\/imptek-rinde-homenaje-a-atletas-ecuatorianos\/","og_locale":"es_ES","og_type":"article","og_title":"Imptek rinde homenaje a atletas ecuatorianos","og_description":"REDACCI\u00d3N NOTI AM\u00c9RICA (ECUADOR) Saint-Gobain Imptek, empresa l\u00edder en el mercado de impermeabilizaci\u00f3n, vialidad y construcci\u00f3n liviana, rindi\u00f3 un homenaje a los proyectos deportivos y deportistas de \u00e9lite como ciclismo, Trail, monta\u00f1ismo y otros.\u00a0&#46;&#46;&#46;","og_url":"https:\/\/noti-america.com\/site\/ecuador\/2025\/02\/11\/imptek-rinde-homenaje-a-atletas-ecuatorianos\/","og_site_name":"Ecuador | Noti-America.com","article_published_time":"2025-02-11T13:18:02+00:00","og_image":[{"width":1600,"height":1094,"url":"https:\/\/noti-america.com\/site\/ecuador\/wp-content\/uploads\/sites\/18\/2025\/02\/WhatsApp-Image-2025-02-10-at-08.33.21.jpeg","type":"image\/jpeg"}],"author":"Henry Ortiz","twitter_card":"summary_large_image","twitter_creator":"@notiamerica","twitter_site":"@notiamerica","twitter_misc":{"Escrito por":"Henry Ortiz","Tiempo estimado de lectura":"6 minutos"},"schema":{"@context":"https:\/\/schema.org","@graph":[{"@type":"Article","@id":"https:\/\/noti-america.com\/site\/ecuador\/2025\/02\/11\/imptek-rinde-homenaje-a-atletas-ecuatorianos\/#article","isPartOf":{"@id":"https:\/\/noti-america.com\/site\/ecuador\/2025\/02\/11\/imptek-rinde-homenaje-a-atletas-ecuatorianos\/"},"author":{"name":"Henry Ortiz","@id":"https:\/\/noti-america.com\/site\/ecuador\/#\/schema\/person\/b9d1630cc6598af759d45c790a347283"},"headline":"Imptek rinde homenaje a atletas ecuatorianos","datePublished":"2025-02-11T13:18:02+00:00","mainEntityOfPage":{"@id":"https:\/\/noti-america.com\/site\/ecuador\/2025\/02\/11\/imptek-rinde-homenaje-a-atletas-ecuatorianos\/"},"wordCount":1083,"commentCount":0,"publisher":{"@id":"https:\/\/noti-america.com\/site\/ecuador\/#organization"},"image":{"@id":"https:\/\/noti-america.com\/site\/ecuador\/2025\/02\/11\/imptek-rinde-homenaje-a-atletas-ecuatorianos\/#primaryimage"},"thumbnailUrl":"https:\/\/noti-america.com\/site\/ecuador\/wp-content\/uploads\/sites\/18\/2025\/02\/WhatsApp-Image-2025-02-10-at-08.33.21.jpeg","articleSection":["Deportes"],"inLanguage":"es","potentialAction":[{"@type":"CommentAction","name":"Comment","target":["https:\/\/noti-america.com\/site\/ecuador\/2025\/02\/11\/imptek-rinde-homenaje-a-atletas-ecuatorianos\/#respond"]}]},{"@type":"WebPage","@id":"https:\/\/noti-america.com\/site\/ecuador\/2025\/02\/11\/imptek-rinde-homenaje-a-atletas-ecuatorianos\/","url":"https:\/\/noti-america.com\/site\/ecuador\/2025\/02\/11\/imptek-rinde-homenaje-a-atletas-ecuatorianos\/","name":"Imptek rinde homenaje a atletas ecuatorianos - Ecuador | Noti-America.com","isPartOf":{"@id":"https:\/\/noti-america.com\/site\/ecuador\/#website"},"primaryImageOfPage":{"@id":"https:\/\/noti-america.com\/site\/ecuador\/2025\/02\/11\/imptek-rinde-homenaje-a-atletas-ecuatorianos\/#primaryimage"},"image":{"@id":"https:\/\/noti-america.com\/site\/ecuador\/2025\/02\/11\/imptek-rinde-homenaje-a-atletas-ecuatorianos\/#primaryimage"},"thumbnailUrl":"https:\/\/noti-america.com\/site\/ecuador\/wp-content\/uploads\/sites\/18\/2025\/02\/WhatsApp-Image-2025-02-10-at-08.33.21.jpeg","datePublished":"2025-02-11T13:18:02+00:00","breadcrumb":{"@id":"https:\/\/noti-america.com\/site\/ecuador\/2025\/02\/11\/imptek-rinde-homenaje-a-atletas-ecuatorianos\/#breadcrumb"},"inLanguage":"es","potentialAction":[{"@type":"ReadAction","target":["https:\/\/noti-america.com\/site\/ecuador\/2025\/02\/11\/imptek-rinde-homenaje-a-atletas-ecuatorianos\/"]}]},{"@type":"ImageObject","inLanguage":"es","@id":"https:\/\/noti-america.com\/site\/ecuador\/2025\/02\/11\/imptek-rinde-homenaje-a-atletas-ecuatorianos\/#primaryimage","url":"https:\/\/noti-america.com\/site\/ecuador\/wp-content\/uploads\/sites\/18\/2025\/02\/WhatsApp-Image-2025-02-10-at-08.33.21.jpeg","contentUrl":"https:\/\/noti-america.com\/site\/ecuador\/wp-content\/uploads\/sites\/18\/2025\/02\/WhatsApp-Image-2025-02-10-at-08.33.21.jpeg","width":1600,"height":1094},{"@type":"BreadcrumbList","@id":"https:\/\/noti-america.com\/site\/ecuador\/2025\/02\/11\/imptek-rinde-homenaje-a-atletas-ecuatorianos\/#breadcrumb","itemListElement":[{"@type":"ListItem","position":1,"name":"Portada","item":"https:\/\/noti-america.com\/site\/ecuador\/"},{"@type":"ListItem","position":2,"name":"Imptek rinde homenaje a atletas ecuatorianos"}]},{"@type":"WebSite","@id":"https:\/\/noti-america.com\/site\/ecuador\/#website","url":"https:\/\/noti-america.com\/site\/ecuador\/","name":"Ecuador | Noti-America.com","description":"","publisher":{"@id":"https:\/\/noti-america.com\/site\/ecuador\/#organization"},"potentialAction":[{"@type":"SearchAction","target":{"@type":"EntryPoint","urlTemplate":"https:\/\/noti-america.com\/site\/ecuador\/?s={search_term_string}"},"query-input":{"@type":"PropertyValueSpecification","valueRequired":true,"valueName":"search_term_string"}}],"inLanguage":"es"},{"@type":"Organization","@id":"https:\/\/noti-america.com\/site\/ecuador\/#organization","name":"Noti-America LLC | Ecuador","url":"https:\/\/noti-america.com\/site\/ecuador\/","logo":{"@type":"ImageObject","inLanguage":"es","@id":"https:\/\/noti-america.com\/site\/ecuador\/#\/schema\/logo\/image\/","url":"https:\/\/noti-america.com\/site\/ecuador\/wp-content\/uploads\/sites\/18\/2020\/07\/LogoNA-4x3-1.jpg","contentUrl":"https:\/\/noti-america.com\/site\/ecuador\/wp-content\/uploads\/sites\/18\/2020\/07\/LogoNA-4x3-1.jpg","width":1236,"height":1080,"caption":"Noti-America LLC | Ecuador"},"image":{"@id":"https:\/\/noti-america.com\/site\/ecuador\/#\/schema\/logo\/image\/"},"sameAs":["https:\/\/x.com\/notiamerica"]},{"@type":"Person","@id":"https:\/\/noti-america.com\/site\/ecuador\/#\/schema\/person\/b9d1630cc6598af759d45c790a347283","name":"Henry Ortiz","image":{"@type":"ImageObject","inLanguage":"es","@id":"https:\/\/secure.gravatar.com\/avatar\/0b5407b5b302fbb6a578e625dca512ac2983ee5fa9ea941d581b83c40212e4c8?s=96&d=mm&r=g","url":"https:\/\/secure.gravatar.com\/avatar\/0b5407b5b302fbb6a578e625dca512ac2983ee5fa9ea941d581b83c40212e4c8?s=96&d=mm&r=g","contentUrl":"https:\/\/secure.gravatar.com\/avatar\/0b5407b5b302fbb6a578e625dca512ac2983ee5fa9ea941d581b83c40212e4c8?s=96&d=mm&r=g","caption":"Henry Ortiz"},"url":"https:\/\/noti-america.com\/site\/ecuador\/author\/hortiz\/"}]}},"_links":{"self":[{"href":"https:\/\/noti-america.com\/site\/ecuador\/wp-json\/wp\/v2\/posts\/33893","targetHints":{"allow":["GET"]}}],"collection":[{"href":"https:\/\/noti-america.com\/site\/ecuador\/wp-json\/wp\/v2\/posts"}],"about":[{"href":"https:\/\/noti-america.com\/site\/ecuador\/wp-json\/wp\/v2\/types\/post"}],"author":[{"embeddable":true,"href":"https:\/\/noti-america.com\/site\/ecuador\/wp-json\/wp\/v2\/users\/113"}],"replies":[{"embeddable":true,"href":"https:\/\/noti-america.com\/site\/ecuador\/wp-json\/wp\/v2\/comments?post=33893"}],"version-history":[{"count":1,"href":"https:\/\/noti-america.com\/site\/ecuador\/wp-json\/wp\/v2\/posts\/33893\/revisions"}],"predecessor-version":[{"id":33895,"href":"https:\/\/noti-america.com\/site\/ecuador\/wp-json\/wp\/v2\/posts\/33893\/revisions\/33895"}],"wp:featuredmedia":[{"embeddable":true,"href":"https:\/\/noti-america.com\/site\/ecuador\/wp-json\/wp\/v2\/media\/33894"}],"wp:attachment":[{"href":"https:\/\/noti-america.com\/site\/ecuador\/wp-json\/wp\/v2\/media?parent=33893"}],"wp:term":[{"taxonomy":"category","embeddable":true,"href":"https:\/\/noti-america.com\/site\/ecuador\/wp-json\/wp\/v2\/categories?post=33893"},{"taxonomy":"post_tag","embeddable":true,"href":"https:\/\/noti-america.com\/site\/ecuador\/wp-json\/wp\/v2\/tags?post=33893"}],"curies":[{"name":"wp","href":"https:\/\/api.w.org\/{rel}","templated":true}]}}