{"id":33816,"date":"2025-02-03T18:40:28","date_gmt":"2025-02-03T18:40:28","guid":{"rendered":"https:\/\/noti-america.com\/site\/ecuador\/?p=33816"},"modified":"2025-02-03T18:44:36","modified_gmt":"2025-02-03T18:44:36","slug":"ecuador-cuenta-con-la-primera-escuela-de-formacion-empresarial","status":"publish","type":"post","link":"https:\/\/noti-america.com\/site\/ecuador\/2025\/02\/03\/ecuador-cuenta-con-la-primera-escuela-de-formacion-empresarial\/","title":{"rendered":"Ecuador cuenta con la primera Escuela de Formaci\u00f3n Empresarial"},"content":{"rendered":"<p><strong>REDACCI\u00d3N NOTI-AM\u00c9RICA (ECUADOR).\u00a0<\/strong><\/p>\n<div id=\"attachment_33817\" style=\"width: 310px\" class=\"wp-caption aligncenter\"><img loading=\"lazy\" decoding=\"async\" aria-describedby=\"caption-attachment-33817\" class=\"size-medium wp-image-33817\" src=\"https:\/\/noti-america.com\/site\/ecuador\/wp-content\/uploads\/sites\/18\/2025\/02\/IMG_20250131_205332-300x225.jpg\" alt=\"\" width=\"300\" height=\"225\" srcset=\"https:\/\/noti-america.com\/site\/ecuador\/wp-content\/uploads\/sites\/18\/2025\/02\/IMG_20250131_205332-300x225.jpg 300w, https:\/\/noti-america.com\/site\/ecuador\/wp-content\/uploads\/sites\/18\/2025\/02\/IMG_20250131_205332-1024x768.jpg 1024w, https:\/\/noti-america.com\/site\/ecuador\/wp-content\/uploads\/sites\/18\/2025\/02\/IMG_20250131_205332-768x576.jpg 768w, https:\/\/noti-america.com\/site\/ecuador\/wp-content\/uploads\/sites\/18\/2025\/02\/IMG_20250131_205332-1536x1152.jpg 1536w, https:\/\/noti-america.com\/site\/ecuador\/wp-content\/uploads\/sites\/18\/2025\/02\/IMG_20250131_205332-2048x1536.jpg 2048w\" sizes=\"auto, (max-width: 300px) 100vw, 300px\" \/><p id=\"caption-attachment-33817\" class=\"wp-caption-text\"><strong>Germ\u00e1n Godoy, director de Inext Ecuador.<\/strong><\/p><\/div>\n<p style=\"text-align: justify\">La educaci\u00f3n superior est\u00e1 en constante evoluci\u00f3n para adaptarse a las demandas cambiantes del mercado globalizado. En este contexto, Inext lanz\u00f3 la primera Escuela de Formaci\u00f3n Empresarial en Ecuador, la misma que asumir\u00e1 un papel fundamental en el desarrollo del esp\u00edritu empresarial y emprendedor, promoviendo la innovaci\u00f3n, el liderazgo y el networking.<\/p>\n<p style=\"text-align: justify\">German Godoy, director del proyecto, enfatiza la necesidad de ajustar los modelos de gesti\u00f3n para crear organizaciones m\u00e1s \u00e1giles y abiertas. \u00abEl desaf\u00edo principal, es garantizar que la formaci\u00f3n ofrecida sea verdaderamente experiencial y cumpla con las expectativas de los estudiantes y las demandas del mercado\u00bb, sostuvo.<\/p>\n<p style=\"text-align: justify\">A medida que la transformaci\u00f3n digital y la disrupci\u00f3n tecnol\u00f3gica contin\u00faan redefiniendo el panorama empresarial, la importancia de una educaci\u00f3n empresarial de calidad se vuelve a\u00fan m\u00e1s evidente. La invitaci\u00f3n de Godoy a participar en los programas de la Escuela de Formaci\u00f3n Empresarial, resalta la relevancia de adquirir competencias y habilidades que sean pertinentes y diferenciadoras en el mercado actual.<\/p>\n","protected":false},"excerpt":{"rendered":"<p>REDACCI\u00d3N NOTI-AM\u00c9RICA (ECUADOR).\u00a0 La educaci\u00f3n superior est\u00e1 en constante evoluci\u00f3n para adaptarse a las demandas cambiantes del mercado globalizado. En este contexto, Inext lanz\u00f3 la primera Escuela de Formaci\u00f3n Empresarial en Ecuador, la misma&#46;&#46;&#46;<\/p>\n","protected":false},"author":144,"featured_media":33817,"comment_status":"open","ping_status":"open","sticky":false,"template":"","format":"standard","meta":{"_acf_changed":false,"om_disable_all_campaigns":false,"rop_custom_images_group":[],"rop_custom_messages_group":[],"rop_publish_now":"initial","rop_publish_now_accounts":{"twitter_242054905_242054905":""},"rop_publish_now_history":[],"rop_publish_now_status":"pending","_uf_show_specific_survey":0,"_uf_disable_surveys":false,"footnotes":""},"categories":[123],"tags":[],"class_list":["post-33816","post","type-post","status-publish","format-standard","has-post-thumbnail","hentry","category-innovacion"],"acf":[],"aioseo_notices":[],"yoast_head":"<!-- This site is optimized with the Yoast SEO Premium plugin v24.9 (Yoast SEO v27.2) - https:\/\/yoast.com\/product\/yoast-seo-premium-wordpress\/ -->\n<title>Ecuador cuenta con la primera Escuela de Formaci\u00f3n Empresarial - Ecuador | Noti-America.com<\/title>\n<meta name=\"robots\" content=\"index, follow, max-snippet:-1, max-image-preview:large, max-video-preview:-1\" \/>\n<link rel=\"canonical\" href=\"https:\/\/noti-america.com\/site\/ecuador\/2025\/02\/03\/ecuador-cuenta-con-la-primera-escuela-de-formacion-empresarial\/\" \/>\n<meta property=\"og:locale\" content=\"es_ES\" \/>\n<meta property=\"og:type\" content=\"article\" \/>\n<meta property=\"og:title\" content=\"Ecuador cuenta con la primera Escuela de Formaci\u00f3n Empresarial\" \/>\n<meta property=\"og:description\" content=\"REDACCI\u00d3N NOTI-AM\u00c9RICA (ECUADOR).\u00a0 La educaci\u00f3n superior est\u00e1 en constante evoluci\u00f3n para adaptarse a las demandas cambiantes del mercado globalizado. En este contexto, Inext lanz\u00f3 la primera Escuela de Formaci\u00f3n Empresarial en Ecuador, la misma&#046;&#046;&#046;\" \/>\n<meta property=\"og:url\" content=\"https:\/\/noti-america.com\/site\/ecuador\/2025\/02\/03\/ecuador-cuenta-con-la-primera-escuela-de-formacion-empresarial\/\" \/>\n<meta property=\"og:site_name\" content=\"Ecuador | Noti-America.com\" \/>\n<meta property=\"article:published_time\" content=\"2025-02-03T18:40:28+00:00\" \/>\n<meta property=\"article:modified_time\" content=\"2025-02-03T18:44:36+00:00\" \/>\n<meta property=\"og:image\" content=\"https:\/\/noti-america.com\/site\/ecuador\/wp-content\/uploads\/sites\/18\/2025\/02\/IMG_20250131_205332-scaled.jpg\" \/>\n\t<meta property=\"og:image:width\" content=\"2560\" \/>\n\t<meta property=\"og:image:height\" content=\"1920\" \/>\n\t<meta property=\"og:image:type\" content=\"image\/jpeg\" \/>\n<meta name=\"author\" content=\"Henry Garrido\" \/>\n<meta name=\"twitter:card\" content=\"summary_large_image\" \/>\n<meta name=\"twitter:creator\" content=\"@notiamerica\" \/>\n<meta name=\"twitter:site\" content=\"@notiamerica\" \/>\n<meta name=\"twitter:label1\" content=\"Escrito por\" \/>\n\t<meta name=\"twitter:data1\" content=\"Henry Garrido\" \/>\n\t<meta name=\"twitter:label2\" content=\"Tiempo estimado de lectura\" \/>\n\t<meta name=\"twitter:data2\" content=\"2 minutos\" \/>\n<script type=\"application\/ld+json\" class=\"yoast-schema-graph\">{\"@context\":\"https:\/\/schema.org\",\"@graph\":[{\"@type\":\"Article\",\"@id\":\"https:\/\/noti-america.com\/site\/ecuador\/2025\/02\/03\/ecuador-cuenta-con-la-primera-escuela-de-formacion-empresarial\/#article\",\"isPartOf\":{\"@id\":\"https:\/\/noti-america.com\/site\/ecuador\/2025\/02\/03\/ecuador-cuenta-con-la-primera-escuela-de-formacion-empresarial\/\"},\"author\":{\"name\":\"Henry Garrido\",\"@id\":\"https:\/\/noti-america.com\/site\/ecuador\/#\/schema\/person\/00042412cfa9ecf98077f847ffadda4a\"},\"headline\":\"Ecuador cuenta con la primera Escuela de Formaci\u00f3n Empresarial\",\"datePublished\":\"2025-02-03T18:40:28+00:00\",\"dateModified\":\"2025-02-03T18:44:36+00:00\",\"mainEntityOfPage\":{\"@id\":\"https:\/\/noti-america.com\/site\/ecuador\/2025\/02\/03\/ecuador-cuenta-con-la-primera-escuela-de-formacion-empresarial\/\"},\"wordCount\":206,\"commentCount\":0,\"publisher\":{\"@id\":\"https:\/\/noti-america.com\/site\/ecuador\/#organization\"},\"image\":{\"@id\":\"https:\/\/noti-america.com\/site\/ecuador\/2025\/02\/03\/ecuador-cuenta-con-la-primera-escuela-de-formacion-empresarial\/#primaryimage\"},\"thumbnailUrl\":\"https:\/\/noti-america.com\/site\/ecuador\/wp-content\/uploads\/sites\/18\/2025\/02\/IMG_20250131_205332-scaled.jpg\",\"articleSection\":[\"Innovaci\u00f3n\"],\"inLanguage\":\"es\",\"potentialAction\":[{\"@type\":\"CommentAction\",\"name\":\"Comment\",\"target\":[\"https:\/\/noti-america.com\/site\/ecuador\/2025\/02\/03\/ecuador-cuenta-con-la-primera-escuela-de-formacion-empresarial\/#respond\"]}]},{\"@type\":\"WebPage\",\"@id\":\"https:\/\/noti-america.com\/site\/ecuador\/2025\/02\/03\/ecuador-cuenta-con-la-primera-escuela-de-formacion-empresarial\/\",\"url\":\"https:\/\/noti-america.com\/site\/ecuador\/2025\/02\/03\/ecuador-cuenta-con-la-primera-escuela-de-formacion-empresarial\/\",\"name\":\"Ecuador cuenta con la primera Escuela de Formaci\u00f3n Empresarial - Ecuador | Noti-America.com\",\"isPartOf\":{\"@id\":\"https:\/\/noti-america.com\/site\/ecuador\/#website\"},\"primaryImageOfPage\":{\"@id\":\"https:\/\/noti-america.com\/site\/ecuador\/2025\/02\/03\/ecuador-cuenta-con-la-primera-escuela-de-formacion-empresarial\/#primaryimage\"},\"image\":{\"@id\":\"https:\/\/noti-america.com\/site\/ecuador\/2025\/02\/03\/ecuador-cuenta-con-la-primera-escuela-de-formacion-empresarial\/#primaryimage\"},\"thumbnailUrl\":\"https:\/\/noti-america.com\/site\/ecuador\/wp-content\/uploads\/sites\/18\/2025\/02\/IMG_20250131_205332-scaled.jpg\",\"datePublished\":\"2025-02-03T18:40:28+00:00\",\"dateModified\":\"2025-02-03T18:44:36+00:00\",\"breadcrumb\":{\"@id\":\"https:\/\/noti-america.com\/site\/ecuador\/2025\/02\/03\/ecuador-cuenta-con-la-primera-escuela-de-formacion-empresarial\/#breadcrumb\"},\"inLanguage\":\"es\",\"potentialAction\":[{\"@type\":\"ReadAction\",\"target\":[\"https:\/\/noti-america.com\/site\/ecuador\/2025\/02\/03\/ecuador-cuenta-con-la-primera-escuela-de-formacion-empresarial\/\"]}]},{\"@type\":\"ImageObject\",\"inLanguage\":\"es\",\"@id\":\"https:\/\/noti-america.com\/site\/ecuador\/2025\/02\/03\/ecuador-cuenta-con-la-primera-escuela-de-formacion-empresarial\/#primaryimage\",\"url\":\"https:\/\/noti-america.com\/site\/ecuador\/wp-content\/uploads\/sites\/18\/2025\/02\/IMG_20250131_205332-scaled.jpg\",\"contentUrl\":\"https:\/\/noti-america.com\/site\/ecuador\/wp-content\/uploads\/sites\/18\/2025\/02\/IMG_20250131_205332-scaled.jpg\",\"width\":2560,\"height\":1920,\"caption\":\"Germ\u00e1n Godoy, representante de Inext Ecuador.\"},{\"@type\":\"BreadcrumbList\",\"@id\":\"https:\/\/noti-america.com\/site\/ecuador\/2025\/02\/03\/ecuador-cuenta-con-la-primera-escuela-de-formacion-empresarial\/#breadcrumb\",\"itemListElement\":[{\"@type\":\"ListItem\",\"position\":1,\"name\":\"Portada\",\"item\":\"https:\/\/noti-america.com\/site\/ecuador\/\"},{\"@type\":\"ListItem\",\"position\":2,\"name\":\"Ecuador cuenta con la primera Escuela de Formaci\u00f3n Empresarial\"}]},{\"@type\":\"WebSite\",\"@id\":\"https:\/\/noti-america.com\/site\/ecuador\/#website\",\"url\":\"https:\/\/noti-america.com\/site\/ecuador\/\",\"name\":\"Ecuador | Noti-America.com\",\"description\":\"\",\"publisher\":{\"@id\":\"https:\/\/noti-america.com\/site\/ecuador\/#organization\"},\"potentialAction\":[{\"@type\":\"SearchAction\",\"target\":{\"@type\":\"EntryPoint\",\"urlTemplate\":\"https:\/\/noti-america.com\/site\/ecuador\/?s={search_term_string}\"},\"query-input\":{\"@type\":\"PropertyValueSpecification\",\"valueRequired\":true,\"valueName\":\"search_term_string\"}}],\"inLanguage\":\"es\"},{\"@type\":\"Organization\",\"@id\":\"https:\/\/noti-america.com\/site\/ecuador\/#organization\",\"name\":\"Noti-America LLC | Ecuador\",\"url\":\"https:\/\/noti-america.com\/site\/ecuador\/\",\"logo\":{\"@type\":\"ImageObject\",\"inLanguage\":\"es\",\"@id\":\"https:\/\/noti-america.com\/site\/ecuador\/#\/schema\/logo\/image\/\",\"url\":\"https:\/\/noti-america.com\/site\/ecuador\/wp-content\/uploads\/sites\/18\/2020\/07\/LogoNA-4x3-1.jpg\",\"contentUrl\":\"https:\/\/noti-america.com\/site\/ecuador\/wp-content\/uploads\/sites\/18\/2020\/07\/LogoNA-4x3-1.jpg\",\"width\":1236,\"height\":1080,\"caption\":\"Noti-America LLC | Ecuador\"},\"image\":{\"@id\":\"https:\/\/noti-america.com\/site\/ecuador\/#\/schema\/logo\/image\/\"},\"sameAs\":[\"https:\/\/x.com\/notiamerica\"]},{\"@type\":\"Person\",\"@id\":\"https:\/\/noti-america.com\/site\/ecuador\/#\/schema\/person\/00042412cfa9ecf98077f847ffadda4a\",\"name\":\"Henry Garrido\",\"image\":{\"@type\":\"ImageObject\",\"inLanguage\":\"es\",\"@id\":\"https:\/\/secure.gravatar.com\/avatar\/749ae5a1e6f22cf042f04b9f3f0a22732ae36970ccfd5c54a0a2ac3c4e1166ed?s=96&d=mm&r=g\",\"url\":\"https:\/\/secure.gravatar.com\/avatar\/749ae5a1e6f22cf042f04b9f3f0a22732ae36970ccfd5c54a0a2ac3c4e1166ed?s=96&d=mm&r=g\",\"contentUrl\":\"https:\/\/secure.gravatar.com\/avatar\/749ae5a1e6f22cf042f04b9f3f0a22732ae36970ccfd5c54a0a2ac3c4e1166ed?s=96&d=mm&r=g\",\"caption\":\"Henry Garrido\"},\"url\":\"https:\/\/noti-america.com\/site\/ecuador\/author\/hgarrido\/\"}]}<\/script>\n<!-- \/ Yoast SEO Premium plugin. -->","yoast_head_json":{"title":"Ecuador cuenta con la primera Escuela de Formaci\u00f3n Empresarial - Ecuador | Noti-America.com","robots":{"index":"index","follow":"follow","max-snippet":"max-snippet:-1","max-image-preview":"max-image-preview:large","max-video-preview":"max-video-preview:-1"},"canonical":"https:\/\/noti-america.com\/site\/ecuador\/2025\/02\/03\/ecuador-cuenta-con-la-primera-escuela-de-formacion-empresarial\/","og_locale":"es_ES","og_type":"article","og_title":"Ecuador cuenta con la primera Escuela de Formaci\u00f3n Empresarial","og_description":"REDACCI\u00d3N NOTI-AM\u00c9RICA (ECUADOR).\u00a0 La educaci\u00f3n superior est\u00e1 en constante evoluci\u00f3n para adaptarse a las demandas cambiantes del mercado globalizado. En este contexto, Inext lanz\u00f3 la primera Escuela de Formaci\u00f3n Empresarial en Ecuador, la misma&#46;&#46;&#46;","og_url":"https:\/\/noti-america.com\/site\/ecuador\/2025\/02\/03\/ecuador-cuenta-con-la-primera-escuela-de-formacion-empresarial\/","og_site_name":"Ecuador | Noti-America.com","article_published_time":"2025-02-03T18:40:28+00:00","article_modified_time":"2025-02-03T18:44:36+00:00","og_image":[{"width":2560,"height":1920,"url":"https:\/\/noti-america.com\/site\/ecuador\/wp-content\/uploads\/sites\/18\/2025\/02\/IMG_20250131_205332-scaled.jpg","type":"image\/jpeg"}],"author":"Henry Garrido","twitter_card":"summary_large_image","twitter_creator":"@notiamerica","twitter_site":"@notiamerica","twitter_misc":{"Escrito por":"Henry Garrido","Tiempo estimado de lectura":"2 minutos"},"schema":{"@context":"https:\/\/schema.org","@graph":[{"@type":"Article","@id":"https:\/\/noti-america.com\/site\/ecuador\/2025\/02\/03\/ecuador-cuenta-con-la-primera-escuela-de-formacion-empresarial\/#article","isPartOf":{"@id":"https:\/\/noti-america.com\/site\/ecuador\/2025\/02\/03\/ecuador-cuenta-con-la-primera-escuela-de-formacion-empresarial\/"},"author":{"name":"Henry Garrido","@id":"https:\/\/noti-america.com\/site\/ecuador\/#\/schema\/person\/00042412cfa9ecf98077f847ffadda4a"},"headline":"Ecuador cuenta con la primera Escuela de Formaci\u00f3n Empresarial","datePublished":"2025-02-03T18:40:28+00:00","dateModified":"2025-02-03T18:44:36+00:00","mainEntityOfPage":{"@id":"https:\/\/noti-america.com\/site\/ecuador\/2025\/02\/03\/ecuador-cuenta-con-la-primera-escuela-de-formacion-empresarial\/"},"wordCount":206,"commentCount":0,"publisher":{"@id":"https:\/\/noti-america.com\/site\/ecuador\/#organization"},"image":{"@id":"https:\/\/noti-america.com\/site\/ecuador\/2025\/02\/03\/ecuador-cuenta-con-la-primera-escuela-de-formacion-empresarial\/#primaryimage"},"thumbnailUrl":"https:\/\/noti-america.com\/site\/ecuador\/wp-content\/uploads\/sites\/18\/2025\/02\/IMG_20250131_205332-scaled.jpg","articleSection":["Innovaci\u00f3n"],"inLanguage":"es","potentialAction":[{"@type":"CommentAction","name":"Comment","target":["https:\/\/noti-america.com\/site\/ecuador\/2025\/02\/03\/ecuador-cuenta-con-la-primera-escuela-de-formacion-empresarial\/#respond"]}]},{"@type":"WebPage","@id":"https:\/\/noti-america.com\/site\/ecuador\/2025\/02\/03\/ecuador-cuenta-con-la-primera-escuela-de-formacion-empresarial\/","url":"https:\/\/noti-america.com\/site\/ecuador\/2025\/02\/03\/ecuador-cuenta-con-la-primera-escuela-de-formacion-empresarial\/","name":"Ecuador cuenta con la primera Escuela de Formaci\u00f3n Empresarial - Ecuador | Noti-America.com","isPartOf":{"@id":"https:\/\/noti-america.com\/site\/ecuador\/#website"},"primaryImageOfPage":{"@id":"https:\/\/noti-america.com\/site\/ecuador\/2025\/02\/03\/ecuador-cuenta-con-la-primera-escuela-de-formacion-empresarial\/#primaryimage"},"image":{"@id":"https:\/\/noti-america.com\/site\/ecuador\/2025\/02\/03\/ecuador-cuenta-con-la-primera-escuela-de-formacion-empresarial\/#primaryimage"},"thumbnailUrl":"https:\/\/noti-america.com\/site\/ecuador\/wp-content\/uploads\/sites\/18\/2025\/02\/IMG_20250131_205332-scaled.jpg","datePublished":"2025-02-03T18:40:28+00:00","dateModified":"2025-02-03T18:44:36+00:00","breadcrumb":{"@id":"https:\/\/noti-america.com\/site\/ecuador\/2025\/02\/03\/ecuador-cuenta-con-la-primera-escuela-de-formacion-empresarial\/#breadcrumb"},"inLanguage":"es","potentialAction":[{"@type":"ReadAction","target":["https:\/\/noti-america.com\/site\/ecuador\/2025\/02\/03\/ecuador-cuenta-con-la-primera-escuela-de-formacion-empresarial\/"]}]},{"@type":"ImageObject","inLanguage":"es","@id":"https:\/\/noti-america.com\/site\/ecuador\/2025\/02\/03\/ecuador-cuenta-con-la-primera-escuela-de-formacion-empresarial\/#primaryimage","url":"https:\/\/noti-america.com\/site\/ecuador\/wp-content\/uploads\/sites\/18\/2025\/02\/IMG_20250131_205332-scaled.jpg","contentUrl":"https:\/\/noti-america.com\/site\/ecuador\/wp-content\/uploads\/sites\/18\/2025\/02\/IMG_20250131_205332-scaled.jpg","width":2560,"height":1920,"caption":"Germ\u00e1n Godoy, representante de Inext Ecuador."},{"@type":"BreadcrumbList","@id":"https:\/\/noti-america.com\/site\/ecuador\/2025\/02\/03\/ecuador-cuenta-con-la-primera-escuela-de-formacion-empresarial\/#breadcrumb","itemListElement":[{"@type":"ListItem","position":1,"name":"Portada","item":"https:\/\/noti-america.com\/site\/ecuador\/"},{"@type":"ListItem","position":2,"name":"Ecuador cuenta con la primera Escuela de Formaci\u00f3n Empresarial"}]},{"@type":"WebSite","@id":"https:\/\/noti-america.com\/site\/ecuador\/#website","url":"https:\/\/noti-america.com\/site\/ecuador\/","name":"Ecuador | Noti-America.com","description":"","publisher":{"@id":"https:\/\/noti-america.com\/site\/ecuador\/#organization"},"potentialAction":[{"@type":"SearchAction","target":{"@type":"EntryPoint","urlTemplate":"https:\/\/noti-america.com\/site\/ecuador\/?s={search_term_string}"},"query-input":{"@type":"PropertyValueSpecification","valueRequired":true,"valueName":"search_term_string"}}],"inLanguage":"es"},{"@type":"Organization","@id":"https:\/\/noti-america.com\/site\/ecuador\/#organization","name":"Noti-America LLC | Ecuador","url":"https:\/\/noti-america.com\/site\/ecuador\/","logo":{"@type":"ImageObject","inLanguage":"es","@id":"https:\/\/noti-america.com\/site\/ecuador\/#\/schema\/logo\/image\/","url":"https:\/\/noti-america.com\/site\/ecuador\/wp-content\/uploads\/sites\/18\/2020\/07\/LogoNA-4x3-1.jpg","contentUrl":"https:\/\/noti-america.com\/site\/ecuador\/wp-content\/uploads\/sites\/18\/2020\/07\/LogoNA-4x3-1.jpg","width":1236,"height":1080,"caption":"Noti-America LLC | Ecuador"},"image":{"@id":"https:\/\/noti-america.com\/site\/ecuador\/#\/schema\/logo\/image\/"},"sameAs":["https:\/\/x.com\/notiamerica"]},{"@type":"Person","@id":"https:\/\/noti-america.com\/site\/ecuador\/#\/schema\/person\/00042412cfa9ecf98077f847ffadda4a","name":"Henry Garrido","image":{"@type":"ImageObject","inLanguage":"es","@id":"https:\/\/secure.gravatar.com\/avatar\/749ae5a1e6f22cf042f04b9f3f0a22732ae36970ccfd5c54a0a2ac3c4e1166ed?s=96&d=mm&r=g","url":"https:\/\/secure.gravatar.com\/avatar\/749ae5a1e6f22cf042f04b9f3f0a22732ae36970ccfd5c54a0a2ac3c4e1166ed?s=96&d=mm&r=g","contentUrl":"https:\/\/secure.gravatar.com\/avatar\/749ae5a1e6f22cf042f04b9f3f0a22732ae36970ccfd5c54a0a2ac3c4e1166ed?s=96&d=mm&r=g","caption":"Henry Garrido"},"url":"https:\/\/noti-america.com\/site\/ecuador\/author\/hgarrido\/"}]}},"_links":{"self":[{"href":"https:\/\/noti-america.com\/site\/ecuador\/wp-json\/wp\/v2\/posts\/33816","targetHints":{"allow":["GET"]}}],"collection":[{"href":"https:\/\/noti-america.com\/site\/ecuador\/wp-json\/wp\/v2\/posts"}],"about":[{"href":"https:\/\/noti-america.com\/site\/ecuador\/wp-json\/wp\/v2\/types\/post"}],"author":[{"embeddable":true,"href":"https:\/\/noti-america.com\/site\/ecuador\/wp-json\/wp\/v2\/users\/144"}],"replies":[{"embeddable":true,"href":"https:\/\/noti-america.com\/site\/ecuador\/wp-json\/wp\/v2\/comments?post=33816"}],"version-history":[{"count":4,"href":"https:\/\/noti-america.com\/site\/ecuador\/wp-json\/wp\/v2\/posts\/33816\/revisions"}],"predecessor-version":[{"id":33821,"href":"https:\/\/noti-america.com\/site\/ecuador\/wp-json\/wp\/v2\/posts\/33816\/revisions\/33821"}],"wp:featuredmedia":[{"embeddable":true,"href":"https:\/\/noti-america.com\/site\/ecuador\/wp-json\/wp\/v2\/media\/33817"}],"wp:attachment":[{"href":"https:\/\/noti-america.com\/site\/ecuador\/wp-json\/wp\/v2\/media?parent=33816"}],"wp:term":[{"taxonomy":"category","embeddable":true,"href":"https:\/\/noti-america.com\/site\/ecuador\/wp-json\/wp\/v2\/categories?post=33816"},{"taxonomy":"post_tag","embeddable":true,"href":"https:\/\/noti-america.com\/site\/ecuador\/wp-json\/wp\/v2\/tags?post=33816"}],"curies":[{"name":"wp","href":"https:\/\/api.w.org\/{rel}","templated":true}]}}