{"id":33687,"date":"2025-01-23T21:37:30","date_gmt":"2025-01-23T21:37:30","guid":{"rendered":"https:\/\/noti-america.com\/site\/ecuador\/?p=33687"},"modified":"2025-01-23T21:50:31","modified_gmt":"2025-01-23T21:50:31","slug":"la-atm-realiza-controles-de-vehiculos-que-no-respetan-el-espacio-publico","status":"publish","type":"post","link":"https:\/\/noti-america.com\/site\/ecuador\/2025\/01\/23\/la-atm-realiza-controles-de-vehiculos-que-no-respetan-el-espacio-publico\/","title":{"rendered":"La ATM realiza controles de veh\u00edculos que no respetan el espacio p\u00fablico"},"content":{"rendered":"<p style=\"text-align: left\"><strong>REDACCI\u00d3N NOTI-AM\u00c9RICA (ECUADOR).\u00a0<\/strong><\/p>\n<p style=\"text-align: justify\"><img loading=\"lazy\" decoding=\"async\" class=\"size-medium wp-image-33696 aligncenter\" src=\"https:\/\/noti-america.com\/site\/ecuador\/wp-content\/uploads\/sites\/18\/2025\/01\/MG_3056-300x200.jpg\" alt=\"\" width=\"300\" height=\"200\" srcset=\"https:\/\/noti-america.com\/site\/ecuador\/wp-content\/uploads\/sites\/18\/2025\/01\/MG_3056-300x200.jpg 300w, https:\/\/noti-america.com\/site\/ecuador\/wp-content\/uploads\/sites\/18\/2025\/01\/MG_3056-1024x683.jpg 1024w, https:\/\/noti-america.com\/site\/ecuador\/wp-content\/uploads\/sites\/18\/2025\/01\/MG_3056-768x512.jpg 768w, https:\/\/noti-america.com\/site\/ecuador\/wp-content\/uploads\/sites\/18\/2025\/01\/MG_3056-1536x1024.jpg 1536w, https:\/\/noti-america.com\/site\/ecuador\/wp-content\/uploads\/sites\/18\/2025\/01\/MG_3056-272x182.jpg 272w, https:\/\/noti-america.com\/site\/ecuador\/wp-content\/uploads\/sites\/18\/2025\/01\/MG_3056.jpg 2048w\" sizes=\"auto, (max-width: 300px) 100vw, 300px\" \/>Los veh\u00edculos estacionados sobre la acera, ciclov\u00edas, accesos y en lugares prohibidos son objeto de sanciones. Con base en denuncias y controles permanentes en las v\u00eda, la Agencia de Tr\u00e1nsito y Movilidad (ATM) garantiza el respeto al espacio p\u00fablico en Guayaquil.<\/p>\n<p style=\"text-align: justify\">El mal uso al espacio p\u00fablico, es una de las denuncias m\u00e1s recurrentes en los canales oficiales de comunicaci\u00f3n de la ATM. A trav\u00e9s de estas, se puede gestionar de manera inmediata la presencia de un agente civil de tr\u00e1nsito en el punto donde exista la infracci\u00f3n<\/p>\n<p>Christian Dunn, director del centro de monitoreo de la ATM,<span style=\"text-align: justify\"> menciona que los controles se realizan de forma constante, siendo en la ma\u00f1ana donde se registra un mayor n\u00famero de infractores. \u201cLos agentes tienen claro cu\u00e1l es el procedimiento a seguir y los puntos de mayor conflicto en la ciudad\u201d.<\/span><\/p>\n<p style=\"text-align: justify\">Est\u00e1 vez, los operativo se concentraron en el centro de la ciudad, donde el personal uniformado retiro cerca de seis motos que se encontraba estacionadas en las veredas que comprenden las calles Primero de Mayo entre Pedro Moncayo y Av. Quito.<\/p>\n<p style=\"text-align: justify\">Seg\u00fan Dunn, existen dos tipos de sanci\u00f3n dependiendo de: si el conductor est\u00e1 en el veh\u00edculo o el automotor se encuentra estacionado. \u00abSi el conductor se encuentra dentro del carro la sanci\u00f3n es del 10% de un salario b\u00e1sico, pero si en el veh\u00edculo no se encuentra nadie, la sanci\u00f3n es de 30% SBU y la retenci\u00f3n por siete d\u00edas.<\/p>\n<p style=\"text-align: justify\">El funcionario asegur\u00f3 que los operativos de controles continuar\u00e1n contra las motos y veh\u00edculos mal estacionado en la ciudad.<\/p>\n","protected":false},"excerpt":{"rendered":"<p>REDACCI\u00d3N NOTI-AM\u00c9RICA (ECUADOR).\u00a0 Los veh\u00edculos estacionados sobre la acera, ciclov\u00edas, accesos y en lugares prohibidos son objeto de sanciones. Con base en denuncias y controles permanentes en las v\u00eda, la Agencia de Tr\u00e1nsito y&#46;&#46;&#46;<\/p>\n","protected":false},"author":144,"featured_media":33696,"comment_status":"open","ping_status":"open","sticky":false,"template":"","format":"standard","meta":{"_acf_changed":false,"om_disable_all_campaigns":false,"rop_custom_images_group":[],"rop_custom_messages_group":[],"rop_publish_now":"initial","rop_publish_now_accounts":{"twitter_242054905_242054905":""},"rop_publish_now_history":[],"rop_publish_now_status":"pending","_uf_show_specific_survey":0,"_uf_disable_surveys":false,"footnotes":""},"categories":[125],"tags":[],"class_list":["post-33687","post","type-post","status-publish","format-standard","has-post-thumbnail","hentry","category-actualidad"],"acf":[],"aioseo_notices":[],"yoast_head":"<!-- This site is optimized with the Yoast SEO Premium plugin v24.9 (Yoast SEO v27.2) - https:\/\/yoast.com\/product\/yoast-seo-premium-wordpress\/ -->\n<title>La ATM realiza controles de veh\u00edculos que no respetan el espacio p\u00fablico - Ecuador | Noti-America.com<\/title>\n<meta name=\"robots\" content=\"index, follow, max-snippet:-1, max-image-preview:large, max-video-preview:-1\" \/>\n<link rel=\"canonical\" href=\"https:\/\/noti-america.com\/site\/ecuador\/2025\/01\/23\/la-atm-realiza-controles-de-vehiculos-que-no-respetan-el-espacio-publico\/\" \/>\n<meta property=\"og:locale\" content=\"es_ES\" \/>\n<meta property=\"og:type\" content=\"article\" \/>\n<meta property=\"og:title\" content=\"La ATM realiza controles de veh\u00edculos que no respetan el espacio p\u00fablico\" \/>\n<meta property=\"og:description\" content=\"REDACCI\u00d3N NOTI-AM\u00c9RICA (ECUADOR).\u00a0 Los veh\u00edculos estacionados sobre la acera, ciclov\u00edas, accesos y en lugares prohibidos son objeto de sanciones. Con base en denuncias y controles permanentes en las v\u00eda, la Agencia de Tr\u00e1nsito y&#046;&#046;&#046;\" \/>\n<meta property=\"og:url\" content=\"https:\/\/noti-america.com\/site\/ecuador\/2025\/01\/23\/la-atm-realiza-controles-de-vehiculos-que-no-respetan-el-espacio-publico\/\" \/>\n<meta property=\"og:site_name\" content=\"Ecuador | Noti-America.com\" \/>\n<meta property=\"article:published_time\" content=\"2025-01-23T21:37:30+00:00\" \/>\n<meta property=\"article:modified_time\" content=\"2025-01-23T21:50:31+00:00\" \/>\n<meta property=\"og:image\" content=\"https:\/\/noti-america.com\/site\/ecuador\/wp-content\/uploads\/sites\/18\/2025\/01\/MG_3056.jpg\" \/>\n\t<meta property=\"og:image:width\" content=\"2048\" \/>\n\t<meta property=\"og:image:height\" content=\"1365\" \/>\n\t<meta property=\"og:image:type\" content=\"image\/jpeg\" \/>\n<meta name=\"author\" content=\"Henry Garrido\" \/>\n<meta name=\"twitter:card\" content=\"summary_large_image\" \/>\n<meta name=\"twitter:creator\" content=\"@notiamerica\" \/>\n<meta name=\"twitter:site\" content=\"@notiamerica\" \/>\n<meta name=\"twitter:label1\" content=\"Escrito por\" \/>\n\t<meta name=\"twitter:data1\" content=\"Henry Garrido\" \/>\n\t<meta name=\"twitter:label2\" content=\"Tiempo estimado de lectura\" \/>\n\t<meta name=\"twitter:data2\" content=\"2 minutos\" \/>\n<script type=\"application\/ld+json\" class=\"yoast-schema-graph\">{\"@context\":\"https:\/\/schema.org\",\"@graph\":[{\"@type\":\"Article\",\"@id\":\"https:\/\/noti-america.com\/site\/ecuador\/2025\/01\/23\/la-atm-realiza-controles-de-vehiculos-que-no-respetan-el-espacio-publico\/#article\",\"isPartOf\":{\"@id\":\"https:\/\/noti-america.com\/site\/ecuador\/2025\/01\/23\/la-atm-realiza-controles-de-vehiculos-que-no-respetan-el-espacio-publico\/\"},\"author\":{\"name\":\"Henry Garrido\",\"@id\":\"https:\/\/noti-america.com\/site\/ecuador\/#\/schema\/person\/00042412cfa9ecf98077f847ffadda4a\"},\"headline\":\"La ATM realiza controles de veh\u00edculos que no respetan el espacio p\u00fablico\",\"datePublished\":\"2025-01-23T21:37:30+00:00\",\"dateModified\":\"2025-01-23T21:50:31+00:00\",\"mainEntityOfPage\":{\"@id\":\"https:\/\/noti-america.com\/site\/ecuador\/2025\/01\/23\/la-atm-realiza-controles-de-vehiculos-que-no-respetan-el-espacio-publico\/\"},\"wordCount\":300,\"commentCount\":0,\"publisher\":{\"@id\":\"https:\/\/noti-america.com\/site\/ecuador\/#organization\"},\"image\":{\"@id\":\"https:\/\/noti-america.com\/site\/ecuador\/2025\/01\/23\/la-atm-realiza-controles-de-vehiculos-que-no-respetan-el-espacio-publico\/#primaryimage\"},\"thumbnailUrl\":\"https:\/\/noti-america.com\/site\/ecuador\/wp-content\/uploads\/sites\/18\/2025\/01\/MG_3056.jpg\",\"articleSection\":[\"Actualidad\"],\"inLanguage\":\"es\",\"potentialAction\":[{\"@type\":\"CommentAction\",\"name\":\"Comment\",\"target\":[\"https:\/\/noti-america.com\/site\/ecuador\/2025\/01\/23\/la-atm-realiza-controles-de-vehiculos-que-no-respetan-el-espacio-publico\/#respond\"]}]},{\"@type\":\"WebPage\",\"@id\":\"https:\/\/noti-america.com\/site\/ecuador\/2025\/01\/23\/la-atm-realiza-controles-de-vehiculos-que-no-respetan-el-espacio-publico\/\",\"url\":\"https:\/\/noti-america.com\/site\/ecuador\/2025\/01\/23\/la-atm-realiza-controles-de-vehiculos-que-no-respetan-el-espacio-publico\/\",\"name\":\"La ATM realiza controles de veh\u00edculos que no respetan el espacio p\u00fablico - Ecuador | Noti-America.com\",\"isPartOf\":{\"@id\":\"https:\/\/noti-america.com\/site\/ecuador\/#website\"},\"primaryImageOfPage\":{\"@id\":\"https:\/\/noti-america.com\/site\/ecuador\/2025\/01\/23\/la-atm-realiza-controles-de-vehiculos-que-no-respetan-el-espacio-publico\/#primaryimage\"},\"image\":{\"@id\":\"https:\/\/noti-america.com\/site\/ecuador\/2025\/01\/23\/la-atm-realiza-controles-de-vehiculos-que-no-respetan-el-espacio-publico\/#primaryimage\"},\"thumbnailUrl\":\"https:\/\/noti-america.com\/site\/ecuador\/wp-content\/uploads\/sites\/18\/2025\/01\/MG_3056.jpg\",\"datePublished\":\"2025-01-23T21:37:30+00:00\",\"dateModified\":\"2025-01-23T21:50:31+00:00\",\"breadcrumb\":{\"@id\":\"https:\/\/noti-america.com\/site\/ecuador\/2025\/01\/23\/la-atm-realiza-controles-de-vehiculos-que-no-respetan-el-espacio-publico\/#breadcrumb\"},\"inLanguage\":\"es\",\"potentialAction\":[{\"@type\":\"ReadAction\",\"target\":[\"https:\/\/noti-america.com\/site\/ecuador\/2025\/01\/23\/la-atm-realiza-controles-de-vehiculos-que-no-respetan-el-espacio-publico\/\"]}]},{\"@type\":\"ImageObject\",\"inLanguage\":\"es\",\"@id\":\"https:\/\/noti-america.com\/site\/ecuador\/2025\/01\/23\/la-atm-realiza-controles-de-vehiculos-que-no-respetan-el-espacio-publico\/#primaryimage\",\"url\":\"https:\/\/noti-america.com\/site\/ecuador\/wp-content\/uploads\/sites\/18\/2025\/01\/MG_3056.jpg\",\"contentUrl\":\"https:\/\/noti-america.com\/site\/ecuador\/wp-content\/uploads\/sites\/18\/2025\/01\/MG_3056.jpg\",\"width\":2048,\"height\":1365},{\"@type\":\"BreadcrumbList\",\"@id\":\"https:\/\/noti-america.com\/site\/ecuador\/2025\/01\/23\/la-atm-realiza-controles-de-vehiculos-que-no-respetan-el-espacio-publico\/#breadcrumb\",\"itemListElement\":[{\"@type\":\"ListItem\",\"position\":1,\"name\":\"Portada\",\"item\":\"https:\/\/noti-america.com\/site\/ecuador\/\"},{\"@type\":\"ListItem\",\"position\":2,\"name\":\"La ATM realiza controles de veh\u00edculos que no respetan el espacio p\u00fablico\"}]},{\"@type\":\"WebSite\",\"@id\":\"https:\/\/noti-america.com\/site\/ecuador\/#website\",\"url\":\"https:\/\/noti-america.com\/site\/ecuador\/\",\"name\":\"Ecuador | Noti-America.com\",\"description\":\"\",\"publisher\":{\"@id\":\"https:\/\/noti-america.com\/site\/ecuador\/#organization\"},\"potentialAction\":[{\"@type\":\"SearchAction\",\"target\":{\"@type\":\"EntryPoint\",\"urlTemplate\":\"https:\/\/noti-america.com\/site\/ecuador\/?s={search_term_string}\"},\"query-input\":{\"@type\":\"PropertyValueSpecification\",\"valueRequired\":true,\"valueName\":\"search_term_string\"}}],\"inLanguage\":\"es\"},{\"@type\":\"Organization\",\"@id\":\"https:\/\/noti-america.com\/site\/ecuador\/#organization\",\"name\":\"Noti-America LLC | Ecuador\",\"url\":\"https:\/\/noti-america.com\/site\/ecuador\/\",\"logo\":{\"@type\":\"ImageObject\",\"inLanguage\":\"es\",\"@id\":\"https:\/\/noti-america.com\/site\/ecuador\/#\/schema\/logo\/image\/\",\"url\":\"https:\/\/noti-america.com\/site\/ecuador\/wp-content\/uploads\/sites\/18\/2020\/07\/LogoNA-4x3-1.jpg\",\"contentUrl\":\"https:\/\/noti-america.com\/site\/ecuador\/wp-content\/uploads\/sites\/18\/2020\/07\/LogoNA-4x3-1.jpg\",\"width\":1236,\"height\":1080,\"caption\":\"Noti-America LLC | Ecuador\"},\"image\":{\"@id\":\"https:\/\/noti-america.com\/site\/ecuador\/#\/schema\/logo\/image\/\"},\"sameAs\":[\"https:\/\/x.com\/notiamerica\"]},{\"@type\":\"Person\",\"@id\":\"https:\/\/noti-america.com\/site\/ecuador\/#\/schema\/person\/00042412cfa9ecf98077f847ffadda4a\",\"name\":\"Henry Garrido\",\"image\":{\"@type\":\"ImageObject\",\"inLanguage\":\"es\",\"@id\":\"https:\/\/secure.gravatar.com\/avatar\/749ae5a1e6f22cf042f04b9f3f0a22732ae36970ccfd5c54a0a2ac3c4e1166ed?s=96&d=mm&r=g\",\"url\":\"https:\/\/secure.gravatar.com\/avatar\/749ae5a1e6f22cf042f04b9f3f0a22732ae36970ccfd5c54a0a2ac3c4e1166ed?s=96&d=mm&r=g\",\"contentUrl\":\"https:\/\/secure.gravatar.com\/avatar\/749ae5a1e6f22cf042f04b9f3f0a22732ae36970ccfd5c54a0a2ac3c4e1166ed?s=96&d=mm&r=g\",\"caption\":\"Henry Garrido\"},\"url\":\"https:\/\/noti-america.com\/site\/ecuador\/author\/hgarrido\/\"}]}<\/script>\n<!-- \/ Yoast SEO Premium plugin. -->","yoast_head_json":{"title":"La ATM realiza controles de veh\u00edculos que no respetan el espacio p\u00fablico - Ecuador | Noti-America.com","robots":{"index":"index","follow":"follow","max-snippet":"max-snippet:-1","max-image-preview":"max-image-preview:large","max-video-preview":"max-video-preview:-1"},"canonical":"https:\/\/noti-america.com\/site\/ecuador\/2025\/01\/23\/la-atm-realiza-controles-de-vehiculos-que-no-respetan-el-espacio-publico\/","og_locale":"es_ES","og_type":"article","og_title":"La ATM realiza controles de veh\u00edculos que no respetan el espacio p\u00fablico","og_description":"REDACCI\u00d3N NOTI-AM\u00c9RICA (ECUADOR).\u00a0 Los veh\u00edculos estacionados sobre la acera, ciclov\u00edas, accesos y en lugares prohibidos son objeto de sanciones. Con base en denuncias y controles permanentes en las v\u00eda, la Agencia de Tr\u00e1nsito y&#46;&#46;&#46;","og_url":"https:\/\/noti-america.com\/site\/ecuador\/2025\/01\/23\/la-atm-realiza-controles-de-vehiculos-que-no-respetan-el-espacio-publico\/","og_site_name":"Ecuador | Noti-America.com","article_published_time":"2025-01-23T21:37:30+00:00","article_modified_time":"2025-01-23T21:50:31+00:00","og_image":[{"width":2048,"height":1365,"url":"https:\/\/noti-america.com\/site\/ecuador\/wp-content\/uploads\/sites\/18\/2025\/01\/MG_3056.jpg","type":"image\/jpeg"}],"author":"Henry Garrido","twitter_card":"summary_large_image","twitter_creator":"@notiamerica","twitter_site":"@notiamerica","twitter_misc":{"Escrito por":"Henry Garrido","Tiempo estimado de lectura":"2 minutos"},"schema":{"@context":"https:\/\/schema.org","@graph":[{"@type":"Article","@id":"https:\/\/noti-america.com\/site\/ecuador\/2025\/01\/23\/la-atm-realiza-controles-de-vehiculos-que-no-respetan-el-espacio-publico\/#article","isPartOf":{"@id":"https:\/\/noti-america.com\/site\/ecuador\/2025\/01\/23\/la-atm-realiza-controles-de-vehiculos-que-no-respetan-el-espacio-publico\/"},"author":{"name":"Henry Garrido","@id":"https:\/\/noti-america.com\/site\/ecuador\/#\/schema\/person\/00042412cfa9ecf98077f847ffadda4a"},"headline":"La ATM realiza controles de veh\u00edculos que no respetan el espacio p\u00fablico","datePublished":"2025-01-23T21:37:30+00:00","dateModified":"2025-01-23T21:50:31+00:00","mainEntityOfPage":{"@id":"https:\/\/noti-america.com\/site\/ecuador\/2025\/01\/23\/la-atm-realiza-controles-de-vehiculos-que-no-respetan-el-espacio-publico\/"},"wordCount":300,"commentCount":0,"publisher":{"@id":"https:\/\/noti-america.com\/site\/ecuador\/#organization"},"image":{"@id":"https:\/\/noti-america.com\/site\/ecuador\/2025\/01\/23\/la-atm-realiza-controles-de-vehiculos-que-no-respetan-el-espacio-publico\/#primaryimage"},"thumbnailUrl":"https:\/\/noti-america.com\/site\/ecuador\/wp-content\/uploads\/sites\/18\/2025\/01\/MG_3056.jpg","articleSection":["Actualidad"],"inLanguage":"es","potentialAction":[{"@type":"CommentAction","name":"Comment","target":["https:\/\/noti-america.com\/site\/ecuador\/2025\/01\/23\/la-atm-realiza-controles-de-vehiculos-que-no-respetan-el-espacio-publico\/#respond"]}]},{"@type":"WebPage","@id":"https:\/\/noti-america.com\/site\/ecuador\/2025\/01\/23\/la-atm-realiza-controles-de-vehiculos-que-no-respetan-el-espacio-publico\/","url":"https:\/\/noti-america.com\/site\/ecuador\/2025\/01\/23\/la-atm-realiza-controles-de-vehiculos-que-no-respetan-el-espacio-publico\/","name":"La ATM realiza controles de veh\u00edculos que no respetan el espacio p\u00fablico - Ecuador | Noti-America.com","isPartOf":{"@id":"https:\/\/noti-america.com\/site\/ecuador\/#website"},"primaryImageOfPage":{"@id":"https:\/\/noti-america.com\/site\/ecuador\/2025\/01\/23\/la-atm-realiza-controles-de-vehiculos-que-no-respetan-el-espacio-publico\/#primaryimage"},"image":{"@id":"https:\/\/noti-america.com\/site\/ecuador\/2025\/01\/23\/la-atm-realiza-controles-de-vehiculos-que-no-respetan-el-espacio-publico\/#primaryimage"},"thumbnailUrl":"https:\/\/noti-america.com\/site\/ecuador\/wp-content\/uploads\/sites\/18\/2025\/01\/MG_3056.jpg","datePublished":"2025-01-23T21:37:30+00:00","dateModified":"2025-01-23T21:50:31+00:00","breadcrumb":{"@id":"https:\/\/noti-america.com\/site\/ecuador\/2025\/01\/23\/la-atm-realiza-controles-de-vehiculos-que-no-respetan-el-espacio-publico\/#breadcrumb"},"inLanguage":"es","potentialAction":[{"@type":"ReadAction","target":["https:\/\/noti-america.com\/site\/ecuador\/2025\/01\/23\/la-atm-realiza-controles-de-vehiculos-que-no-respetan-el-espacio-publico\/"]}]},{"@type":"ImageObject","inLanguage":"es","@id":"https:\/\/noti-america.com\/site\/ecuador\/2025\/01\/23\/la-atm-realiza-controles-de-vehiculos-que-no-respetan-el-espacio-publico\/#primaryimage","url":"https:\/\/noti-america.com\/site\/ecuador\/wp-content\/uploads\/sites\/18\/2025\/01\/MG_3056.jpg","contentUrl":"https:\/\/noti-america.com\/site\/ecuador\/wp-content\/uploads\/sites\/18\/2025\/01\/MG_3056.jpg","width":2048,"height":1365},{"@type":"BreadcrumbList","@id":"https:\/\/noti-america.com\/site\/ecuador\/2025\/01\/23\/la-atm-realiza-controles-de-vehiculos-que-no-respetan-el-espacio-publico\/#breadcrumb","itemListElement":[{"@type":"ListItem","position":1,"name":"Portada","item":"https:\/\/noti-america.com\/site\/ecuador\/"},{"@type":"ListItem","position":2,"name":"La ATM realiza controles de veh\u00edculos que no respetan el espacio p\u00fablico"}]},{"@type":"WebSite","@id":"https:\/\/noti-america.com\/site\/ecuador\/#website","url":"https:\/\/noti-america.com\/site\/ecuador\/","name":"Ecuador | Noti-America.com","description":"","publisher":{"@id":"https:\/\/noti-america.com\/site\/ecuador\/#organization"},"potentialAction":[{"@type":"SearchAction","target":{"@type":"EntryPoint","urlTemplate":"https:\/\/noti-america.com\/site\/ecuador\/?s={search_term_string}"},"query-input":{"@type":"PropertyValueSpecification","valueRequired":true,"valueName":"search_term_string"}}],"inLanguage":"es"},{"@type":"Organization","@id":"https:\/\/noti-america.com\/site\/ecuador\/#organization","name":"Noti-America LLC | Ecuador","url":"https:\/\/noti-america.com\/site\/ecuador\/","logo":{"@type":"ImageObject","inLanguage":"es","@id":"https:\/\/noti-america.com\/site\/ecuador\/#\/schema\/logo\/image\/","url":"https:\/\/noti-america.com\/site\/ecuador\/wp-content\/uploads\/sites\/18\/2020\/07\/LogoNA-4x3-1.jpg","contentUrl":"https:\/\/noti-america.com\/site\/ecuador\/wp-content\/uploads\/sites\/18\/2020\/07\/LogoNA-4x3-1.jpg","width":1236,"height":1080,"caption":"Noti-America LLC | Ecuador"},"image":{"@id":"https:\/\/noti-america.com\/site\/ecuador\/#\/schema\/logo\/image\/"},"sameAs":["https:\/\/x.com\/notiamerica"]},{"@type":"Person","@id":"https:\/\/noti-america.com\/site\/ecuador\/#\/schema\/person\/00042412cfa9ecf98077f847ffadda4a","name":"Henry Garrido","image":{"@type":"ImageObject","inLanguage":"es","@id":"https:\/\/secure.gravatar.com\/avatar\/749ae5a1e6f22cf042f04b9f3f0a22732ae36970ccfd5c54a0a2ac3c4e1166ed?s=96&d=mm&r=g","url":"https:\/\/secure.gravatar.com\/avatar\/749ae5a1e6f22cf042f04b9f3f0a22732ae36970ccfd5c54a0a2ac3c4e1166ed?s=96&d=mm&r=g","contentUrl":"https:\/\/secure.gravatar.com\/avatar\/749ae5a1e6f22cf042f04b9f3f0a22732ae36970ccfd5c54a0a2ac3c4e1166ed?s=96&d=mm&r=g","caption":"Henry Garrido"},"url":"https:\/\/noti-america.com\/site\/ecuador\/author\/hgarrido\/"}]}},"_links":{"self":[{"href":"https:\/\/noti-america.com\/site\/ecuador\/wp-json\/wp\/v2\/posts\/33687","targetHints":{"allow":["GET"]}}],"collection":[{"href":"https:\/\/noti-america.com\/site\/ecuador\/wp-json\/wp\/v2\/posts"}],"about":[{"href":"https:\/\/noti-america.com\/site\/ecuador\/wp-json\/wp\/v2\/types\/post"}],"author":[{"embeddable":true,"href":"https:\/\/noti-america.com\/site\/ecuador\/wp-json\/wp\/v2\/users\/144"}],"replies":[{"embeddable":true,"href":"https:\/\/noti-america.com\/site\/ecuador\/wp-json\/wp\/v2\/comments?post=33687"}],"version-history":[{"count":5,"href":"https:\/\/noti-america.com\/site\/ecuador\/wp-json\/wp\/v2\/posts\/33687\/revisions"}],"predecessor-version":[{"id":33697,"href":"https:\/\/noti-america.com\/site\/ecuador\/wp-json\/wp\/v2\/posts\/33687\/revisions\/33697"}],"wp:featuredmedia":[{"embeddable":true,"href":"https:\/\/noti-america.com\/site\/ecuador\/wp-json\/wp\/v2\/media\/33696"}],"wp:attachment":[{"href":"https:\/\/noti-america.com\/site\/ecuador\/wp-json\/wp\/v2\/media?parent=33687"}],"wp:term":[{"taxonomy":"category","embeddable":true,"href":"https:\/\/noti-america.com\/site\/ecuador\/wp-json\/wp\/v2\/categories?post=33687"},{"taxonomy":"post_tag","embeddable":true,"href":"https:\/\/noti-america.com\/site\/ecuador\/wp-json\/wp\/v2\/tags?post=33687"}],"curies":[{"name":"wp","href":"https:\/\/api.w.org\/{rel}","templated":true}]}}