{"id":33599,"date":"2025-01-17T14:51:27","date_gmt":"2025-01-17T14:51:27","guid":{"rendered":"https:\/\/noti-america.com\/site\/ecuador\/?p=33599"},"modified":"2025-01-17T14:51:27","modified_gmt":"2025-01-17T14:51:27","slug":"el-premio-zayed-a-la-sostenibilidad-celebra-a-los-innovadores","status":"publish","type":"post","link":"https:\/\/noti-america.com\/site\/ecuador\/2025\/01\/17\/el-premio-zayed-a-la-sostenibilidad-celebra-a-los-innovadores\/","title":{"rendered":"El premio Zayed a la sostenibilidad celebra a los innovadores"},"content":{"rendered":"<p><strong>REDACCI\u00d3N NOTI AM\u00c9RICA (ECUADOR)<\/strong><\/p>\n<p><img loading=\"lazy\" decoding=\"async\" class=\"wp-image-33600 alignleft\" src=\"https:\/\/noti-america.com\/site\/ecuador\/wp-content\/uploads\/sites\/18\/2025\/01\/WhatsApp-Image-2025-01-16-at-13.08.44-1-300x200.jpeg\" alt=\"\" width=\"522\" height=\"348\" srcset=\"https:\/\/noti-america.com\/site\/ecuador\/wp-content\/uploads\/sites\/18\/2025\/01\/WhatsApp-Image-2025-01-16-at-13.08.44-1-300x200.jpeg 300w, https:\/\/noti-america.com\/site\/ecuador\/wp-content\/uploads\/sites\/18\/2025\/01\/WhatsApp-Image-2025-01-16-at-13.08.44-1-1024x682.jpeg 1024w, https:\/\/noti-america.com\/site\/ecuador\/wp-content\/uploads\/sites\/18\/2025\/01\/WhatsApp-Image-2025-01-16-at-13.08.44-1-768x512.jpeg 768w, https:\/\/noti-america.com\/site\/ecuador\/wp-content\/uploads\/sites\/18\/2025\/01\/WhatsApp-Image-2025-01-16-at-13.08.44-1-1536x1023.jpeg 1536w, https:\/\/noti-america.com\/site\/ecuador\/wp-content\/uploads\/sites\/18\/2025\/01\/WhatsApp-Image-2025-01-16-at-13.08.44-1-272x182.jpeg 272w, https:\/\/noti-america.com\/site\/ecuador\/wp-content\/uploads\/sites\/18\/2025\/01\/WhatsApp-Image-2025-01-16-at-13.08.44-1.jpeg 1600w\" sizes=\"auto, (max-width: 522px) 100vw, 522px\" \/><\/p>\n<p style=\"text-align: justify\">El jeque Mohamed bin Zayed Al Nahyan, presidente de los Emiratos \u00c1rabes Unidos (EAU), reconoci\u00f3 a los ganadores de los Premios Zayed a la Sostenibilidad 2025. Celebrando el impacto transformador de 11 organizaciones pioneras y escuelas del mundo, el premio muestra el compromiso de los EAU con la promoci\u00f3n de soluciones escalables para los desaf\u00edos globales y el empoderamiento de las comunidades en su b\u00fasqueda de la prosperidad sostenible.<br \/>\nEn una ceremonia realizada durante la Semana de la Sostenibilidad de Abu Dabi (ADSW) y con la asistencia de 11 jefes de Estado, ministros y l\u00edderes empresariales, S.A. El Jeque Mohamed bin Zayed otorg\u00f3 los premios a los ganadores por sus notables logros, motivando la innovaci\u00f3n continua en cada parte del mundo.<\/p>\n<p style=\"text-align: justify\">\u201cLos EAU mantienen firme su compromiso con el desarrollo sostenible y el empoderamiento de comunidades en todo el mundo a trav\u00e9s de la innovaci\u00f3n. El Premio Zayed a la Sostenibilidad inspira soluciones de gran impacto que abordan desaf\u00edos sociales y ambientales cr\u00edticos. Al fomentar estos esfuerzos, no solo estamos creando un futuro m\u00e1s sostenible para todos, sino tambi\u00e9n honrando el legado del Jeque Zayed, cuya visi\u00f3n de progreso global y humanitarismo contin\u00faa gui\u00e1ndonos\u201d, mencion\u00f3.<\/p>\n<p style=\"text-align: justify\">El distinguido Dr. Sultan Ahmed Al Jaber, ministro de Industria y Tecnolog\u00eda Avanzada de los EAU y Director General del Premio Zayed a la Sostenibilidad, elogi\u00f3 el incre\u00edble trabajo realizado para ofrecer soluciones innovadoras y escalables que abordan los desaf\u00edos m\u00e1s indispensables del mundo.<\/p>\n<p style=\"text-align: justify\">Su excelencia Dr. Sultan Ahmed Al Jaber declar\u00f3: \u201cHoy reconocemos a un grupo notable de organizaciones y escuelas que impulsan un progreso evidente hacia un futuro m\u00e1s pr\u00f3spero. Los ganadores de este a\u00f1o destacan por soluciones que aprovechan tecnolog\u00edas avanzadas, como la inteligencia artificial, mejoran la resiliencia local y generan un impacto transformador y escalable en todo el mundo. Al hacerlo, personifican el poder del progreso en la aceleraci\u00f3n del desarrollo sostenible y el crecimiento socioecon\u00f3mico inclusivo\u201d.<\/p>\n<p style=\"text-align: justify\">El presidente del jurado y ex presidente de la Rep\u00fablica de Islandia, su excelencia \u00d3lafur Ragnar Gr\u00edmsson, se\u00f1al\u00f3: \u201cLos ganadores de este a\u00f1o han demostrado una innovaci\u00f3n extraordinaria al abordar desaf\u00edos globales cr\u00edticos. Est\u00e1n enfrentando una amplia gama de problemas, enfoc\u00e1ndose en reducir los da\u00f1os del cambio clim\u00e1tico y construyendo un acceso m\u00e1s sostenible a la atenci\u00f3n m\u00e9dica, energ\u00eda, alimentos y agua, especialmente en comunidades desatendidas. Sus contribuciones sin duda nos acercar\u00e1n m\u00e1s para alcanzar objetivos cruciales de desarrollo sostenible\u201d.<\/p>\n<p style=\"text-align: justify\">Los ganadores de los Premios 2025 fueron seleccionados por un distinguido jurado en las seis categor\u00edas: Salud, Alimentos, Energ\u00eda, Agua, Acci\u00f3n por el Clima y Escuelas Secundarias Globales.<\/p>\n<p style=\"text-align: justify\">En la categor\u00eda Salud, la empresa india Periwinkle Technologies fue galardonada por su dispositivo port\u00e1til de detecci\u00f3n de c\u00e1ncer cervical habilitado con inteligencia artificial. Operando de manera independiente de la electricidad, el dispositivo es accesible incluso en \u00e1reas remotas o desatendidas. Proporciona resultados en el punto de atenci\u00f3n en s\u00f3lo 30 segundos, lo que permite una detecci\u00f3n temprana y mejora significativamente la salud de las mujeres, habiendo examinado ya a m\u00e1s de 300,000 mujeres en toda la India.<\/p>\n<p style=\"text-align: justify\">En la categor\u00eda Alimentos, NaFarm Foods de Nigeria fue premiada por sus innovadores secadores de alimentos h\u00edbridos solares, que evitan las p\u00e9rdidas post-cosecha, reduciendo tanto el desperdicio de alimentos como el consumo de carbono. Hasta la fecha, se han distribuido 80 secadores en seis estados nigerianos, beneficiando a m\u00e1s de 65,000 agricultores y reduciendo las emisiones de carbono en 50,000 toneladas m\u00e9tricas anuales, mientras se capacita a m\u00e1s de 18,000 mujeres y j\u00f3venes a trav\u00e9s de programas de desarrollo de habilidades.<\/p>\n<p style=\"text-align: justify\">En la categor\u00eda Energ\u00eda, Palki Motors, una PYME de Bangladesh, fue premiada por sus veh\u00edculos el\u00e9ctricos ligeros, asequibles y fabricados localmente, dise\u00f1ados espec\u00edficamente para conductores comerciales. Con un precio accesible de 4,990 d\u00f3lares estadounidenses, estos veh\u00edculos responden a las necesidades de transporte de la regi\u00f3n. Adem\u00e1s, Palki Motors opera una red de estaciones de intercambio de bater\u00edas solares, beneficiando a m\u00e1s de 23,000 personas.<\/p>\n<p style=\"text-align: justify\">En la categor\u00eda Agua, SkyJuice Foundation, una organizaci\u00f3n sin fines de lucro de Australia, gan\u00f3 por su soluci\u00f3n de tratamiento de agua alimentada por gravedad, econ\u00f3mica y f\u00e1cil de usar, que utiliza filtros de membrana de baja presi\u00f3n para proporcionar agua potable sin necesidad de qu\u00edmicos, bombas o fuentes externas de energ\u00eda. Su modelo SkyHydrant suministra agua potable limpia a comunidades completas. M\u00e1s de 3 millones de personas se han beneficiado de sus 9,000 instalaciones en 74 pa\u00edses, que colectivamente han producido 1,000 millones de galones de agua potable segura.<\/p>\n","protected":false},"excerpt":{"rendered":"<p>REDACCI\u00d3N NOTI AM\u00c9RICA (ECUADOR) El jeque Mohamed bin Zayed Al Nahyan, presidente de los Emiratos \u00c1rabes Unidos (EAU), reconoci\u00f3 a los ganadores de los Premios Zayed a la Sostenibilidad 2025. Celebrando el impacto transformador&#46;&#46;&#46;<\/p>\n","protected":false},"author":113,"featured_media":33600,"comment_status":"open","ping_status":"open","sticky":false,"template":"","format":"standard","meta":{"_acf_changed":false,"om_disable_all_campaigns":false,"rop_custom_images_group":[],"rop_custom_messages_group":[],"rop_publish_now":"initial","rop_publish_now_accounts":{"twitter_242054905_242054905":""},"rop_publish_now_history":[],"rop_publish_now_status":"pending","_uf_show_specific_survey":0,"_uf_disable_surveys":false,"footnotes":""},"categories":[42],"tags":[],"class_list":["post-33599","post","type-post","status-publish","format-standard","has-post-thumbnail","hentry","category-noticias"],"acf":[],"aioseo_notices":[],"yoast_head":"<!-- This site is optimized with the Yoast SEO Premium plugin v24.9 (Yoast SEO v27.2) - https:\/\/yoast.com\/product\/yoast-seo-premium-wordpress\/ -->\n<title>El premio Zayed a la sostenibilidad celebra a los innovadores - Ecuador | Noti-America.com<\/title>\n<meta name=\"robots\" content=\"index, follow, max-snippet:-1, max-image-preview:large, max-video-preview:-1\" \/>\n<link rel=\"canonical\" href=\"https:\/\/noti-america.com\/site\/ecuador\/2025\/01\/17\/el-premio-zayed-a-la-sostenibilidad-celebra-a-los-innovadores\/\" \/>\n<meta property=\"og:locale\" content=\"es_ES\" \/>\n<meta property=\"og:type\" content=\"article\" \/>\n<meta property=\"og:title\" content=\"El premio Zayed a la sostenibilidad celebra a los innovadores\" \/>\n<meta property=\"og:description\" content=\"REDACCI\u00d3N NOTI AM\u00c9RICA (ECUADOR) El jeque Mohamed bin Zayed Al Nahyan, presidente de los Emiratos \u00c1rabes Unidos (EAU), reconoci\u00f3 a los ganadores de los Premios Zayed a la Sostenibilidad 2025. Celebrando el impacto transformador&#046;&#046;&#046;\" \/>\n<meta property=\"og:url\" content=\"https:\/\/noti-america.com\/site\/ecuador\/2025\/01\/17\/el-premio-zayed-a-la-sostenibilidad-celebra-a-los-innovadores\/\" \/>\n<meta property=\"og:site_name\" content=\"Ecuador | Noti-America.com\" \/>\n<meta property=\"article:published_time\" content=\"2025-01-17T14:51:27+00:00\" \/>\n<meta property=\"og:image\" content=\"https:\/\/noti-america.com\/site\/ecuador\/wp-content\/uploads\/sites\/18\/2025\/01\/WhatsApp-Image-2025-01-16-at-13.08.44-1.jpeg\" \/>\n\t<meta property=\"og:image:width\" content=\"1600\" \/>\n\t<meta property=\"og:image:height\" content=\"1066\" \/>\n\t<meta property=\"og:image:type\" content=\"image\/jpeg\" \/>\n<meta name=\"author\" content=\"Henry Ortiz\" \/>\n<meta name=\"twitter:card\" content=\"summary_large_image\" \/>\n<meta name=\"twitter:creator\" content=\"@notiamerica\" \/>\n<meta name=\"twitter:site\" content=\"@notiamerica\" \/>\n<meta name=\"twitter:label1\" content=\"Escrito por\" \/>\n\t<meta name=\"twitter:data1\" content=\"Henry Ortiz\" \/>\n\t<meta name=\"twitter:label2\" content=\"Tiempo estimado de lectura\" \/>\n\t<meta name=\"twitter:data2\" content=\"4 minutos\" \/>\n<script type=\"application\/ld+json\" class=\"yoast-schema-graph\">{\"@context\":\"https:\/\/schema.org\",\"@graph\":[{\"@type\":\"Article\",\"@id\":\"https:\/\/noti-america.com\/site\/ecuador\/2025\/01\/17\/el-premio-zayed-a-la-sostenibilidad-celebra-a-los-innovadores\/#article\",\"isPartOf\":{\"@id\":\"https:\/\/noti-america.com\/site\/ecuador\/2025\/01\/17\/el-premio-zayed-a-la-sostenibilidad-celebra-a-los-innovadores\/\"},\"author\":{\"name\":\"Henry Ortiz\",\"@id\":\"https:\/\/noti-america.com\/site\/ecuador\/#\/schema\/person\/b9d1630cc6598af759d45c790a347283\"},\"headline\":\"El premio Zayed a la sostenibilidad celebra a los innovadores\",\"datePublished\":\"2025-01-17T14:51:27+00:00\",\"mainEntityOfPage\":{\"@id\":\"https:\/\/noti-america.com\/site\/ecuador\/2025\/01\/17\/el-premio-zayed-a-la-sostenibilidad-celebra-a-los-innovadores\/\"},\"wordCount\":820,\"commentCount\":0,\"publisher\":{\"@id\":\"https:\/\/noti-america.com\/site\/ecuador\/#organization\"},\"image\":{\"@id\":\"https:\/\/noti-america.com\/site\/ecuador\/2025\/01\/17\/el-premio-zayed-a-la-sostenibilidad-celebra-a-los-innovadores\/#primaryimage\"},\"thumbnailUrl\":\"https:\/\/noti-america.com\/site\/ecuador\/wp-content\/uploads\/sites\/18\/2025\/01\/WhatsApp-Image-2025-01-16-at-13.08.44-1.jpeg\",\"articleSection\":[\"Noticias\"],\"inLanguage\":\"es\",\"potentialAction\":[{\"@type\":\"CommentAction\",\"name\":\"Comment\",\"target\":[\"https:\/\/noti-america.com\/site\/ecuador\/2025\/01\/17\/el-premio-zayed-a-la-sostenibilidad-celebra-a-los-innovadores\/#respond\"]}]},{\"@type\":\"WebPage\",\"@id\":\"https:\/\/noti-america.com\/site\/ecuador\/2025\/01\/17\/el-premio-zayed-a-la-sostenibilidad-celebra-a-los-innovadores\/\",\"url\":\"https:\/\/noti-america.com\/site\/ecuador\/2025\/01\/17\/el-premio-zayed-a-la-sostenibilidad-celebra-a-los-innovadores\/\",\"name\":\"El premio Zayed a la sostenibilidad celebra a los innovadores - Ecuador | Noti-America.com\",\"isPartOf\":{\"@id\":\"https:\/\/noti-america.com\/site\/ecuador\/#website\"},\"primaryImageOfPage\":{\"@id\":\"https:\/\/noti-america.com\/site\/ecuador\/2025\/01\/17\/el-premio-zayed-a-la-sostenibilidad-celebra-a-los-innovadores\/#primaryimage\"},\"image\":{\"@id\":\"https:\/\/noti-america.com\/site\/ecuador\/2025\/01\/17\/el-premio-zayed-a-la-sostenibilidad-celebra-a-los-innovadores\/#primaryimage\"},\"thumbnailUrl\":\"https:\/\/noti-america.com\/site\/ecuador\/wp-content\/uploads\/sites\/18\/2025\/01\/WhatsApp-Image-2025-01-16-at-13.08.44-1.jpeg\",\"datePublished\":\"2025-01-17T14:51:27+00:00\",\"breadcrumb\":{\"@id\":\"https:\/\/noti-america.com\/site\/ecuador\/2025\/01\/17\/el-premio-zayed-a-la-sostenibilidad-celebra-a-los-innovadores\/#breadcrumb\"},\"inLanguage\":\"es\",\"potentialAction\":[{\"@type\":\"ReadAction\",\"target\":[\"https:\/\/noti-america.com\/site\/ecuador\/2025\/01\/17\/el-premio-zayed-a-la-sostenibilidad-celebra-a-los-innovadores\/\"]}]},{\"@type\":\"ImageObject\",\"inLanguage\":\"es\",\"@id\":\"https:\/\/noti-america.com\/site\/ecuador\/2025\/01\/17\/el-premio-zayed-a-la-sostenibilidad-celebra-a-los-innovadores\/#primaryimage\",\"url\":\"https:\/\/noti-america.com\/site\/ecuador\/wp-content\/uploads\/sites\/18\/2025\/01\/WhatsApp-Image-2025-01-16-at-13.08.44-1.jpeg\",\"contentUrl\":\"https:\/\/noti-america.com\/site\/ecuador\/wp-content\/uploads\/sites\/18\/2025\/01\/WhatsApp-Image-2025-01-16-at-13.08.44-1.jpeg\",\"width\":1600,\"height\":1066},{\"@type\":\"BreadcrumbList\",\"@id\":\"https:\/\/noti-america.com\/site\/ecuador\/2025\/01\/17\/el-premio-zayed-a-la-sostenibilidad-celebra-a-los-innovadores\/#breadcrumb\",\"itemListElement\":[{\"@type\":\"ListItem\",\"position\":1,\"name\":\"Portada\",\"item\":\"https:\/\/noti-america.com\/site\/ecuador\/\"},{\"@type\":\"ListItem\",\"position\":2,\"name\":\"El premio Zayed a la sostenibilidad celebra a los innovadores\"}]},{\"@type\":\"WebSite\",\"@id\":\"https:\/\/noti-america.com\/site\/ecuador\/#website\",\"url\":\"https:\/\/noti-america.com\/site\/ecuador\/\",\"name\":\"Ecuador | Noti-America.com\",\"description\":\"\",\"publisher\":{\"@id\":\"https:\/\/noti-america.com\/site\/ecuador\/#organization\"},\"potentialAction\":[{\"@type\":\"SearchAction\",\"target\":{\"@type\":\"EntryPoint\",\"urlTemplate\":\"https:\/\/noti-america.com\/site\/ecuador\/?s={search_term_string}\"},\"query-input\":{\"@type\":\"PropertyValueSpecification\",\"valueRequired\":true,\"valueName\":\"search_term_string\"}}],\"inLanguage\":\"es\"},{\"@type\":\"Organization\",\"@id\":\"https:\/\/noti-america.com\/site\/ecuador\/#organization\",\"name\":\"Noti-America LLC | Ecuador\",\"url\":\"https:\/\/noti-america.com\/site\/ecuador\/\",\"logo\":{\"@type\":\"ImageObject\",\"inLanguage\":\"es\",\"@id\":\"https:\/\/noti-america.com\/site\/ecuador\/#\/schema\/logo\/image\/\",\"url\":\"https:\/\/noti-america.com\/site\/ecuador\/wp-content\/uploads\/sites\/18\/2020\/07\/LogoNA-4x3-1.jpg\",\"contentUrl\":\"https:\/\/noti-america.com\/site\/ecuador\/wp-content\/uploads\/sites\/18\/2020\/07\/LogoNA-4x3-1.jpg\",\"width\":1236,\"height\":1080,\"caption\":\"Noti-America LLC | Ecuador\"},\"image\":{\"@id\":\"https:\/\/noti-america.com\/site\/ecuador\/#\/schema\/logo\/image\/\"},\"sameAs\":[\"https:\/\/x.com\/notiamerica\"]},{\"@type\":\"Person\",\"@id\":\"https:\/\/noti-america.com\/site\/ecuador\/#\/schema\/person\/b9d1630cc6598af759d45c790a347283\",\"name\":\"Henry Ortiz\",\"image\":{\"@type\":\"ImageObject\",\"inLanguage\":\"es\",\"@id\":\"https:\/\/secure.gravatar.com\/avatar\/0b5407b5b302fbb6a578e625dca512ac2983ee5fa9ea941d581b83c40212e4c8?s=96&d=mm&r=g\",\"url\":\"https:\/\/secure.gravatar.com\/avatar\/0b5407b5b302fbb6a578e625dca512ac2983ee5fa9ea941d581b83c40212e4c8?s=96&d=mm&r=g\",\"contentUrl\":\"https:\/\/secure.gravatar.com\/avatar\/0b5407b5b302fbb6a578e625dca512ac2983ee5fa9ea941d581b83c40212e4c8?s=96&d=mm&r=g\",\"caption\":\"Henry Ortiz\"},\"url\":\"https:\/\/noti-america.com\/site\/ecuador\/author\/hortiz\/\"}]}<\/script>\n<!-- \/ Yoast SEO Premium plugin. -->","yoast_head_json":{"title":"El premio Zayed a la sostenibilidad celebra a los innovadores - Ecuador | Noti-America.com","robots":{"index":"index","follow":"follow","max-snippet":"max-snippet:-1","max-image-preview":"max-image-preview:large","max-video-preview":"max-video-preview:-1"},"canonical":"https:\/\/noti-america.com\/site\/ecuador\/2025\/01\/17\/el-premio-zayed-a-la-sostenibilidad-celebra-a-los-innovadores\/","og_locale":"es_ES","og_type":"article","og_title":"El premio Zayed a la sostenibilidad celebra a los innovadores","og_description":"REDACCI\u00d3N NOTI AM\u00c9RICA (ECUADOR) El jeque Mohamed bin Zayed Al Nahyan, presidente de los Emiratos \u00c1rabes Unidos (EAU), reconoci\u00f3 a los ganadores de los Premios Zayed a la Sostenibilidad 2025. Celebrando el impacto transformador&#46;&#46;&#46;","og_url":"https:\/\/noti-america.com\/site\/ecuador\/2025\/01\/17\/el-premio-zayed-a-la-sostenibilidad-celebra-a-los-innovadores\/","og_site_name":"Ecuador | Noti-America.com","article_published_time":"2025-01-17T14:51:27+00:00","og_image":[{"width":1600,"height":1066,"url":"https:\/\/noti-america.com\/site\/ecuador\/wp-content\/uploads\/sites\/18\/2025\/01\/WhatsApp-Image-2025-01-16-at-13.08.44-1.jpeg","type":"image\/jpeg"}],"author":"Henry Ortiz","twitter_card":"summary_large_image","twitter_creator":"@notiamerica","twitter_site":"@notiamerica","twitter_misc":{"Escrito por":"Henry Ortiz","Tiempo estimado de lectura":"4 minutos"},"schema":{"@context":"https:\/\/schema.org","@graph":[{"@type":"Article","@id":"https:\/\/noti-america.com\/site\/ecuador\/2025\/01\/17\/el-premio-zayed-a-la-sostenibilidad-celebra-a-los-innovadores\/#article","isPartOf":{"@id":"https:\/\/noti-america.com\/site\/ecuador\/2025\/01\/17\/el-premio-zayed-a-la-sostenibilidad-celebra-a-los-innovadores\/"},"author":{"name":"Henry Ortiz","@id":"https:\/\/noti-america.com\/site\/ecuador\/#\/schema\/person\/b9d1630cc6598af759d45c790a347283"},"headline":"El premio Zayed a la sostenibilidad celebra a los innovadores","datePublished":"2025-01-17T14:51:27+00:00","mainEntityOfPage":{"@id":"https:\/\/noti-america.com\/site\/ecuador\/2025\/01\/17\/el-premio-zayed-a-la-sostenibilidad-celebra-a-los-innovadores\/"},"wordCount":820,"commentCount":0,"publisher":{"@id":"https:\/\/noti-america.com\/site\/ecuador\/#organization"},"image":{"@id":"https:\/\/noti-america.com\/site\/ecuador\/2025\/01\/17\/el-premio-zayed-a-la-sostenibilidad-celebra-a-los-innovadores\/#primaryimage"},"thumbnailUrl":"https:\/\/noti-america.com\/site\/ecuador\/wp-content\/uploads\/sites\/18\/2025\/01\/WhatsApp-Image-2025-01-16-at-13.08.44-1.jpeg","articleSection":["Noticias"],"inLanguage":"es","potentialAction":[{"@type":"CommentAction","name":"Comment","target":["https:\/\/noti-america.com\/site\/ecuador\/2025\/01\/17\/el-premio-zayed-a-la-sostenibilidad-celebra-a-los-innovadores\/#respond"]}]},{"@type":"WebPage","@id":"https:\/\/noti-america.com\/site\/ecuador\/2025\/01\/17\/el-premio-zayed-a-la-sostenibilidad-celebra-a-los-innovadores\/","url":"https:\/\/noti-america.com\/site\/ecuador\/2025\/01\/17\/el-premio-zayed-a-la-sostenibilidad-celebra-a-los-innovadores\/","name":"El premio Zayed a la sostenibilidad celebra a los innovadores - Ecuador | Noti-America.com","isPartOf":{"@id":"https:\/\/noti-america.com\/site\/ecuador\/#website"},"primaryImageOfPage":{"@id":"https:\/\/noti-america.com\/site\/ecuador\/2025\/01\/17\/el-premio-zayed-a-la-sostenibilidad-celebra-a-los-innovadores\/#primaryimage"},"image":{"@id":"https:\/\/noti-america.com\/site\/ecuador\/2025\/01\/17\/el-premio-zayed-a-la-sostenibilidad-celebra-a-los-innovadores\/#primaryimage"},"thumbnailUrl":"https:\/\/noti-america.com\/site\/ecuador\/wp-content\/uploads\/sites\/18\/2025\/01\/WhatsApp-Image-2025-01-16-at-13.08.44-1.jpeg","datePublished":"2025-01-17T14:51:27+00:00","breadcrumb":{"@id":"https:\/\/noti-america.com\/site\/ecuador\/2025\/01\/17\/el-premio-zayed-a-la-sostenibilidad-celebra-a-los-innovadores\/#breadcrumb"},"inLanguage":"es","potentialAction":[{"@type":"ReadAction","target":["https:\/\/noti-america.com\/site\/ecuador\/2025\/01\/17\/el-premio-zayed-a-la-sostenibilidad-celebra-a-los-innovadores\/"]}]},{"@type":"ImageObject","inLanguage":"es","@id":"https:\/\/noti-america.com\/site\/ecuador\/2025\/01\/17\/el-premio-zayed-a-la-sostenibilidad-celebra-a-los-innovadores\/#primaryimage","url":"https:\/\/noti-america.com\/site\/ecuador\/wp-content\/uploads\/sites\/18\/2025\/01\/WhatsApp-Image-2025-01-16-at-13.08.44-1.jpeg","contentUrl":"https:\/\/noti-america.com\/site\/ecuador\/wp-content\/uploads\/sites\/18\/2025\/01\/WhatsApp-Image-2025-01-16-at-13.08.44-1.jpeg","width":1600,"height":1066},{"@type":"BreadcrumbList","@id":"https:\/\/noti-america.com\/site\/ecuador\/2025\/01\/17\/el-premio-zayed-a-la-sostenibilidad-celebra-a-los-innovadores\/#breadcrumb","itemListElement":[{"@type":"ListItem","position":1,"name":"Portada","item":"https:\/\/noti-america.com\/site\/ecuador\/"},{"@type":"ListItem","position":2,"name":"El premio Zayed a la sostenibilidad celebra a los innovadores"}]},{"@type":"WebSite","@id":"https:\/\/noti-america.com\/site\/ecuador\/#website","url":"https:\/\/noti-america.com\/site\/ecuador\/","name":"Ecuador | Noti-America.com","description":"","publisher":{"@id":"https:\/\/noti-america.com\/site\/ecuador\/#organization"},"potentialAction":[{"@type":"SearchAction","target":{"@type":"EntryPoint","urlTemplate":"https:\/\/noti-america.com\/site\/ecuador\/?s={search_term_string}"},"query-input":{"@type":"PropertyValueSpecification","valueRequired":true,"valueName":"search_term_string"}}],"inLanguage":"es"},{"@type":"Organization","@id":"https:\/\/noti-america.com\/site\/ecuador\/#organization","name":"Noti-America LLC | Ecuador","url":"https:\/\/noti-america.com\/site\/ecuador\/","logo":{"@type":"ImageObject","inLanguage":"es","@id":"https:\/\/noti-america.com\/site\/ecuador\/#\/schema\/logo\/image\/","url":"https:\/\/noti-america.com\/site\/ecuador\/wp-content\/uploads\/sites\/18\/2020\/07\/LogoNA-4x3-1.jpg","contentUrl":"https:\/\/noti-america.com\/site\/ecuador\/wp-content\/uploads\/sites\/18\/2020\/07\/LogoNA-4x3-1.jpg","width":1236,"height":1080,"caption":"Noti-America LLC | Ecuador"},"image":{"@id":"https:\/\/noti-america.com\/site\/ecuador\/#\/schema\/logo\/image\/"},"sameAs":["https:\/\/x.com\/notiamerica"]},{"@type":"Person","@id":"https:\/\/noti-america.com\/site\/ecuador\/#\/schema\/person\/b9d1630cc6598af759d45c790a347283","name":"Henry Ortiz","image":{"@type":"ImageObject","inLanguage":"es","@id":"https:\/\/secure.gravatar.com\/avatar\/0b5407b5b302fbb6a578e625dca512ac2983ee5fa9ea941d581b83c40212e4c8?s=96&d=mm&r=g","url":"https:\/\/secure.gravatar.com\/avatar\/0b5407b5b302fbb6a578e625dca512ac2983ee5fa9ea941d581b83c40212e4c8?s=96&d=mm&r=g","contentUrl":"https:\/\/secure.gravatar.com\/avatar\/0b5407b5b302fbb6a578e625dca512ac2983ee5fa9ea941d581b83c40212e4c8?s=96&d=mm&r=g","caption":"Henry Ortiz"},"url":"https:\/\/noti-america.com\/site\/ecuador\/author\/hortiz\/"}]}},"_links":{"self":[{"href":"https:\/\/noti-america.com\/site\/ecuador\/wp-json\/wp\/v2\/posts\/33599","targetHints":{"allow":["GET"]}}],"collection":[{"href":"https:\/\/noti-america.com\/site\/ecuador\/wp-json\/wp\/v2\/posts"}],"about":[{"href":"https:\/\/noti-america.com\/site\/ecuador\/wp-json\/wp\/v2\/types\/post"}],"author":[{"embeddable":true,"href":"https:\/\/noti-america.com\/site\/ecuador\/wp-json\/wp\/v2\/users\/113"}],"replies":[{"embeddable":true,"href":"https:\/\/noti-america.com\/site\/ecuador\/wp-json\/wp\/v2\/comments?post=33599"}],"version-history":[{"count":1,"href":"https:\/\/noti-america.com\/site\/ecuador\/wp-json\/wp\/v2\/posts\/33599\/revisions"}],"predecessor-version":[{"id":33601,"href":"https:\/\/noti-america.com\/site\/ecuador\/wp-json\/wp\/v2\/posts\/33599\/revisions\/33601"}],"wp:featuredmedia":[{"embeddable":true,"href":"https:\/\/noti-america.com\/site\/ecuador\/wp-json\/wp\/v2\/media\/33600"}],"wp:attachment":[{"href":"https:\/\/noti-america.com\/site\/ecuador\/wp-json\/wp\/v2\/media?parent=33599"}],"wp:term":[{"taxonomy":"category","embeddable":true,"href":"https:\/\/noti-america.com\/site\/ecuador\/wp-json\/wp\/v2\/categories?post=33599"},{"taxonomy":"post_tag","embeddable":true,"href":"https:\/\/noti-america.com\/site\/ecuador\/wp-json\/wp\/v2\/tags?post=33599"}],"curies":[{"name":"wp","href":"https:\/\/api.w.org\/{rel}","templated":true}]}}