{"id":3342,"date":"2019-02-10T19:27:45","date_gmt":"2019-02-10T19:27:45","guid":{"rendered":"http:\/\/noti-america.com\/site\/ecuador\/?p=3342"},"modified":"2019-02-10T19:30:01","modified_gmt":"2019-02-10T19:30:01","slug":"mujer-que-murio-apunalada-en-quito-se-convirtio-en-la-sexta-victima-de-femicidio-en-ecuador-en-2019","status":"publish","type":"post","link":"https:\/\/noti-america.com\/site\/ecuador\/2019\/02\/10\/mujer-que-murio-apunalada-en-quito-se-convirtio-en-la-sexta-victima-de-femicidio-en-ecuador-en-2019\/","title":{"rendered":"Mujer que muri\u00f3 apu\u00f1alada en Quito se convirti\u00f3 en la sexta v\u00edctima de femicidio en Ecuador en 2019"},"content":{"rendered":"<p>REDACCI\u00d3N NOTI-AM\u00c9RICA (ECUADOR) Por. Fabrizzio Obando Laz<\/p>\n<p style=\"text-align: justify\">Amelia, de 47 a\u00f1os, recibi\u00f3 varias pu\u00f1aladas en su cuerpo por parte de su ex marido, al mediod\u00eda de este viernes 8 de febrero en Pisul\u00ed, norte Quito, reportaron las autoridades policiales y judiciales del pa\u00eds andino.<\/p>\n<p>Desde enero al 8 de febrero de 2019 van seis casos de femicidios reportados, entre ellos el ocurrido en Ibarra en enero. En el 2018 ocurrieron 88 asesinatos de mujeres, cuyos autores fueron sus parejas o exconvivientes. En el caso de Amelia, ella ten\u00eda una boleta de auxilio que hab\u00eda sido emitida para la protecci\u00f3n de su vida y la de su hijo de 14 a\u00f1os. Sin embargo, este viernes 8 de febrero del 2019 fue perseguida, acorralada y apu\u00f1alada por su expareja Miguel A.<\/p>\n<p>Seg\u00fan el Sistema Integrado de Seguridad (SIS) ECU911, a las 11:57, se recibi\u00f3 una llamada de auxilio que ingres\u00f3 a la cabina del sector La Delicia, en el norte de Quito e inmediatamente se destin\u00f3 un patrullero del circuito Rold\u00f3s. En 5 minutos, los gendarmes estuvieron en la escena,\u00a0situada en la calles Luis Vargas Torres y Carlos Concha.\u00a0 \u00abLamentablemente, se confirm\u00f3 el deceso de la v\u00edctima\u00bb, report\u00f3 la Polic\u00eda en su cuenta de Twitter.<\/p>\n<p>Los moradores de la zona ratificaron que Amelia ya hab\u00eda sido atacada por Miguel dos veces en enero, de quien se encontraba separada. La madre de la v\u00edctima nada pudo hacer para defenderla, el hombre portaba un cuchillo, con el cual se realiz\u00f3 cortes intentando matarse, pero fue detenido y trasladado a la Unidad de Delitos Flagrantes de la Capital, donde en audiencia se le formul\u00f3 cargos por femicidio y se orden\u00f3 su prisi\u00f3n preventiva pasadas las 16h00.<\/p>\n<p>Nota: Imagen tomada de internet<\/p>\n","protected":false},"excerpt":{"rendered":"<p>REDACCI\u00d3N NOTI-AM\u00c9RICA (ECUADOR) Por. Fabrizzio Obando Laz Amelia, de 47 a\u00f1os, recibi\u00f3 varias pu\u00f1aladas en su cuerpo por parte de su ex marido, al mediod\u00eda de este viernes 8 de febrero en Pisul\u00ed, norte&#46;&#46;&#46;<\/p>\n","protected":false},"author":17,"featured_media":3343,"comment_status":"open","ping_status":"open","sticky":false,"template":"","format":"standard","meta":{"_acf_changed":false,"om_disable_all_campaigns":false,"rop_custom_images_group":[],"rop_custom_messages_group":[],"rop_publish_now":"initial","rop_publish_now_accounts":{"twitter_242054905_242054905":""},"rop_publish_now_history":[],"rop_publish_now_status":"pending","_uf_show_specific_survey":0,"_uf_disable_surveys":false,"footnotes":""},"categories":[94],"tags":[],"class_list":["post-3342","post","type-post","status-publish","format-standard","has-post-thumbnail","hentry","category-judicial"],"acf":[],"aioseo_notices":[],"yoast_head":"<!-- This site is optimized with the Yoast SEO Premium plugin v24.9 (Yoast SEO v27.2) - https:\/\/yoast.com\/product\/yoast-seo-premium-wordpress\/ -->\n<title>Mujer que muri\u00f3 apu\u00f1alada en Quito se convirti\u00f3 en la sexta v\u00edctima de femicidio en Ecuador en 2019 - Ecuador | Noti-America.com<\/title>\n<meta name=\"robots\" content=\"index, follow, max-snippet:-1, max-image-preview:large, max-video-preview:-1\" \/>\n<link rel=\"canonical\" href=\"https:\/\/noti-america.com\/site\/ecuador\/2019\/02\/10\/mujer-que-murio-apunalada-en-quito-se-convirtio-en-la-sexta-victima-de-femicidio-en-ecuador-en-2019\/\" \/>\n<meta property=\"og:locale\" content=\"es_ES\" \/>\n<meta property=\"og:type\" content=\"article\" \/>\n<meta property=\"og:title\" content=\"Mujer que muri\u00f3 apu\u00f1alada en Quito se convirti\u00f3 en la sexta v\u00edctima de femicidio en Ecuador en 2019\" \/>\n<meta property=\"og:description\" content=\"REDACCI\u00d3N NOTI-AM\u00c9RICA (ECUADOR) Por. Fabrizzio Obando Laz Amelia, de 47 a\u00f1os, recibi\u00f3 varias pu\u00f1aladas en su cuerpo por parte de su ex marido, al mediod\u00eda de este viernes 8 de febrero en Pisul\u00ed, norte&#046;&#046;&#046;\" \/>\n<meta property=\"og:url\" content=\"https:\/\/noti-america.com\/site\/ecuador\/2019\/02\/10\/mujer-que-murio-apunalada-en-quito-se-convirtio-en-la-sexta-victima-de-femicidio-en-ecuador-en-2019\/\" \/>\n<meta property=\"og:site_name\" content=\"Ecuador | Noti-America.com\" \/>\n<meta property=\"article:published_time\" content=\"2019-02-10T19:27:45+00:00\" \/>\n<meta property=\"article:modified_time\" content=\"2019-02-10T19:30:01+00:00\" \/>\n<meta property=\"og:image\" content=\"https:\/\/noti-america.com\/site\/ecuador\/wp-content\/uploads\/sites\/18\/2019\/02\/IMAGEN-DEL-CRIMEN-DE-AMELIA-EN-QUITO-POR-SU-EX.jpg\" \/>\n\t<meta property=\"og:image:width\" content=\"540\" \/>\n\t<meta property=\"og:image:height\" content=\"520\" \/>\n\t<meta property=\"og:image:type\" content=\"image\/jpeg\" \/>\n<meta name=\"author\" content=\"Gregory Quintana Montiel\" \/>\n<meta name=\"twitter:card\" content=\"summary_large_image\" \/>\n<meta name=\"twitter:creator\" content=\"@gdgregori1\" \/>\n<meta name=\"twitter:site\" content=\"@notiamerica\" \/>\n<meta name=\"twitter:label1\" content=\"Escrito por\" \/>\n\t<meta name=\"twitter:data1\" content=\"Gregory Quintana Montiel\" \/>\n\t<meta name=\"twitter:label2\" content=\"Tiempo estimado de lectura\" \/>\n\t<meta name=\"twitter:data2\" content=\"1 minuto\" \/>\n<script type=\"application\/ld+json\" class=\"yoast-schema-graph\">{\"@context\":\"https:\/\/schema.org\",\"@graph\":[{\"@type\":\"Article\",\"@id\":\"https:\/\/noti-america.com\/site\/ecuador\/2019\/02\/10\/mujer-que-murio-apunalada-en-quito-se-convirtio-en-la-sexta-victima-de-femicidio-en-ecuador-en-2019\/#article\",\"isPartOf\":{\"@id\":\"https:\/\/noti-america.com\/site\/ecuador\/2019\/02\/10\/mujer-que-murio-apunalada-en-quito-se-convirtio-en-la-sexta-victima-de-femicidio-en-ecuador-en-2019\/\"},\"author\":{\"name\":\"Gregory Quintana Montiel\",\"@id\":\"https:\/\/noti-america.com\/site\/ecuador\/#\/schema\/person\/3b975e42f15abfe64bfe3abdd916efda\"},\"headline\":\"Mujer que muri\u00f3 apu\u00f1alada en Quito se convirti\u00f3 en la sexta v\u00edctima de femicidio en Ecuador en 2019\",\"datePublished\":\"2019-02-10T19:27:45+00:00\",\"dateModified\":\"2019-02-10T19:30:01+00:00\",\"mainEntityOfPage\":{\"@id\":\"https:\/\/noti-america.com\/site\/ecuador\/2019\/02\/10\/mujer-que-murio-apunalada-en-quito-se-convirtio-en-la-sexta-victima-de-femicidio-en-ecuador-en-2019\/\"},\"wordCount\":313,\"commentCount\":0,\"publisher\":{\"@id\":\"https:\/\/noti-america.com\/site\/ecuador\/#organization\"},\"image\":{\"@id\":\"https:\/\/noti-america.com\/site\/ecuador\/2019\/02\/10\/mujer-que-murio-apunalada-en-quito-se-convirtio-en-la-sexta-victima-de-femicidio-en-ecuador-en-2019\/#primaryimage\"},\"thumbnailUrl\":\"https:\/\/noti-america.com\/site\/ecuador\/wp-content\/uploads\/sites\/18\/2019\/02\/IMAGEN-DEL-CRIMEN-DE-AMELIA-EN-QUITO-POR-SU-EX.jpg\",\"articleSection\":[\"Judicial\"],\"inLanguage\":\"es\",\"potentialAction\":[{\"@type\":\"CommentAction\",\"name\":\"Comment\",\"target\":[\"https:\/\/noti-america.com\/site\/ecuador\/2019\/02\/10\/mujer-que-murio-apunalada-en-quito-se-convirtio-en-la-sexta-victima-de-femicidio-en-ecuador-en-2019\/#respond\"]}]},{\"@type\":\"WebPage\",\"@id\":\"https:\/\/noti-america.com\/site\/ecuador\/2019\/02\/10\/mujer-que-murio-apunalada-en-quito-se-convirtio-en-la-sexta-victima-de-femicidio-en-ecuador-en-2019\/\",\"url\":\"https:\/\/noti-america.com\/site\/ecuador\/2019\/02\/10\/mujer-que-murio-apunalada-en-quito-se-convirtio-en-la-sexta-victima-de-femicidio-en-ecuador-en-2019\/\",\"name\":\"Mujer que muri\u00f3 apu\u00f1alada en Quito se convirti\u00f3 en la sexta v\u00edctima de femicidio en Ecuador en 2019 - Ecuador | Noti-America.com\",\"isPartOf\":{\"@id\":\"https:\/\/noti-america.com\/site\/ecuador\/#website\"},\"primaryImageOfPage\":{\"@id\":\"https:\/\/noti-america.com\/site\/ecuador\/2019\/02\/10\/mujer-que-murio-apunalada-en-quito-se-convirtio-en-la-sexta-victima-de-femicidio-en-ecuador-en-2019\/#primaryimage\"},\"image\":{\"@id\":\"https:\/\/noti-america.com\/site\/ecuador\/2019\/02\/10\/mujer-que-murio-apunalada-en-quito-se-convirtio-en-la-sexta-victima-de-femicidio-en-ecuador-en-2019\/#primaryimage\"},\"thumbnailUrl\":\"https:\/\/noti-america.com\/site\/ecuador\/wp-content\/uploads\/sites\/18\/2019\/02\/IMAGEN-DEL-CRIMEN-DE-AMELIA-EN-QUITO-POR-SU-EX.jpg\",\"datePublished\":\"2019-02-10T19:27:45+00:00\",\"dateModified\":\"2019-02-10T19:30:01+00:00\",\"breadcrumb\":{\"@id\":\"https:\/\/noti-america.com\/site\/ecuador\/2019\/02\/10\/mujer-que-murio-apunalada-en-quito-se-convirtio-en-la-sexta-victima-de-femicidio-en-ecuador-en-2019\/#breadcrumb\"},\"inLanguage\":\"es\",\"potentialAction\":[{\"@type\":\"ReadAction\",\"target\":[\"https:\/\/noti-america.com\/site\/ecuador\/2019\/02\/10\/mujer-que-murio-apunalada-en-quito-se-convirtio-en-la-sexta-victima-de-femicidio-en-ecuador-en-2019\/\"]}]},{\"@type\":\"ImageObject\",\"inLanguage\":\"es\",\"@id\":\"https:\/\/noti-america.com\/site\/ecuador\/2019\/02\/10\/mujer-que-murio-apunalada-en-quito-se-convirtio-en-la-sexta-victima-de-femicidio-en-ecuador-en-2019\/#primaryimage\",\"url\":\"https:\/\/noti-america.com\/site\/ecuador\/wp-content\/uploads\/sites\/18\/2019\/02\/IMAGEN-DEL-CRIMEN-DE-AMELIA-EN-QUITO-POR-SU-EX.jpg\",\"contentUrl\":\"https:\/\/noti-america.com\/site\/ecuador\/wp-content\/uploads\/sites\/18\/2019\/02\/IMAGEN-DEL-CRIMEN-DE-AMELIA-EN-QUITO-POR-SU-EX.jpg\",\"width\":540,\"height\":520},{\"@type\":\"BreadcrumbList\",\"@id\":\"https:\/\/noti-america.com\/site\/ecuador\/2019\/02\/10\/mujer-que-murio-apunalada-en-quito-se-convirtio-en-la-sexta-victima-de-femicidio-en-ecuador-en-2019\/#breadcrumb\",\"itemListElement\":[{\"@type\":\"ListItem\",\"position\":1,\"name\":\"Portada\",\"item\":\"https:\/\/noti-america.com\/site\/ecuador\/\"},{\"@type\":\"ListItem\",\"position\":2,\"name\":\"Mujer que muri\u00f3 apu\u00f1alada en Quito se convirti\u00f3 en la sexta v\u00edctima de femicidio en Ecuador en 2019\"}]},{\"@type\":\"WebSite\",\"@id\":\"https:\/\/noti-america.com\/site\/ecuador\/#website\",\"url\":\"https:\/\/noti-america.com\/site\/ecuador\/\",\"name\":\"Ecuador | Noti-America.com\",\"description\":\"\",\"publisher\":{\"@id\":\"https:\/\/noti-america.com\/site\/ecuador\/#organization\"},\"potentialAction\":[{\"@type\":\"SearchAction\",\"target\":{\"@type\":\"EntryPoint\",\"urlTemplate\":\"https:\/\/noti-america.com\/site\/ecuador\/?s={search_term_string}\"},\"query-input\":{\"@type\":\"PropertyValueSpecification\",\"valueRequired\":true,\"valueName\":\"search_term_string\"}}],\"inLanguage\":\"es\"},{\"@type\":\"Organization\",\"@id\":\"https:\/\/noti-america.com\/site\/ecuador\/#organization\",\"name\":\"Noti-America LLC | Ecuador\",\"url\":\"https:\/\/noti-america.com\/site\/ecuador\/\",\"logo\":{\"@type\":\"ImageObject\",\"inLanguage\":\"es\",\"@id\":\"https:\/\/noti-america.com\/site\/ecuador\/#\/schema\/logo\/image\/\",\"url\":\"https:\/\/noti-america.com\/site\/ecuador\/wp-content\/uploads\/sites\/18\/2020\/07\/LogoNA-4x3-1.jpg\",\"contentUrl\":\"https:\/\/noti-america.com\/site\/ecuador\/wp-content\/uploads\/sites\/18\/2020\/07\/LogoNA-4x3-1.jpg\",\"width\":1236,\"height\":1080,\"caption\":\"Noti-America LLC | Ecuador\"},\"image\":{\"@id\":\"https:\/\/noti-america.com\/site\/ecuador\/#\/schema\/logo\/image\/\"},\"sameAs\":[\"https:\/\/x.com\/notiamerica\"]},{\"@type\":\"Person\",\"@id\":\"https:\/\/noti-america.com\/site\/ecuador\/#\/schema\/person\/3b975e42f15abfe64bfe3abdd916efda\",\"name\":\"Gregory Quintana Montiel\",\"image\":{\"@type\":\"ImageObject\",\"inLanguage\":\"es\",\"@id\":\"https:\/\/secure.gravatar.com\/avatar\/2d6b802f7720c2ec7744dcbe608cc2f3417aeb964d58b443c6d612b77531de1d?s=96&d=mm&r=g\",\"url\":\"https:\/\/secure.gravatar.com\/avatar\/2d6b802f7720c2ec7744dcbe608cc2f3417aeb964d58b443c6d612b77531de1d?s=96&d=mm&r=g\",\"contentUrl\":\"https:\/\/secure.gravatar.com\/avatar\/2d6b802f7720c2ec7744dcbe608cc2f3417aeb964d58b443c6d612b77531de1d?s=96&d=mm&r=g\",\"caption\":\"Gregory Quintana Montiel\"},\"description\":\"Licenciatura en Ciencias de la Comunicaci\u00f3n Social, egresado en la Especializaci\u00f3n Derecho Ambiental Desarrollo Sostenible y Sustentable, Miembro de la Comunidad de profesionales y experto para Latinoam\u00e9rica y el Caribe en Gesti\u00f3n por Resultado en el Desarrollo (COPLAC - GpRD) del Banco Interamericano de Desarrollo, experiencia en medios radiales y escritos.\",\"sameAs\":[\"https:\/\/x.com\/gdgregori1\",\"gquintana\"],\"url\":\"https:\/\/noti-america.com\/site\/ecuador\/author\/gquintana\/\"}]}<\/script>\n<!-- \/ Yoast SEO Premium plugin. -->","yoast_head_json":{"title":"Mujer que muri\u00f3 apu\u00f1alada en Quito se convirti\u00f3 en la sexta v\u00edctima de femicidio en Ecuador en 2019 - Ecuador | Noti-America.com","robots":{"index":"index","follow":"follow","max-snippet":"max-snippet:-1","max-image-preview":"max-image-preview:large","max-video-preview":"max-video-preview:-1"},"canonical":"https:\/\/noti-america.com\/site\/ecuador\/2019\/02\/10\/mujer-que-murio-apunalada-en-quito-se-convirtio-en-la-sexta-victima-de-femicidio-en-ecuador-en-2019\/","og_locale":"es_ES","og_type":"article","og_title":"Mujer que muri\u00f3 apu\u00f1alada en Quito se convirti\u00f3 en la sexta v\u00edctima de femicidio en Ecuador en 2019","og_description":"REDACCI\u00d3N NOTI-AM\u00c9RICA (ECUADOR) Por. Fabrizzio Obando Laz Amelia, de 47 a\u00f1os, recibi\u00f3 varias pu\u00f1aladas en su cuerpo por parte de su ex marido, al mediod\u00eda de este viernes 8 de febrero en Pisul\u00ed, norte&#46;&#46;&#46;","og_url":"https:\/\/noti-america.com\/site\/ecuador\/2019\/02\/10\/mujer-que-murio-apunalada-en-quito-se-convirtio-en-la-sexta-victima-de-femicidio-en-ecuador-en-2019\/","og_site_name":"Ecuador | Noti-America.com","article_published_time":"2019-02-10T19:27:45+00:00","article_modified_time":"2019-02-10T19:30:01+00:00","og_image":[{"width":540,"height":520,"url":"https:\/\/noti-america.com\/site\/ecuador\/wp-content\/uploads\/sites\/18\/2019\/02\/IMAGEN-DEL-CRIMEN-DE-AMELIA-EN-QUITO-POR-SU-EX.jpg","type":"image\/jpeg"}],"author":"Gregory Quintana Montiel","twitter_card":"summary_large_image","twitter_creator":"@gdgregori1","twitter_site":"@notiamerica","twitter_misc":{"Escrito por":"Gregory Quintana Montiel","Tiempo estimado de lectura":"1 minuto"},"schema":{"@context":"https:\/\/schema.org","@graph":[{"@type":"Article","@id":"https:\/\/noti-america.com\/site\/ecuador\/2019\/02\/10\/mujer-que-murio-apunalada-en-quito-se-convirtio-en-la-sexta-victima-de-femicidio-en-ecuador-en-2019\/#article","isPartOf":{"@id":"https:\/\/noti-america.com\/site\/ecuador\/2019\/02\/10\/mujer-que-murio-apunalada-en-quito-se-convirtio-en-la-sexta-victima-de-femicidio-en-ecuador-en-2019\/"},"author":{"name":"Gregory Quintana Montiel","@id":"https:\/\/noti-america.com\/site\/ecuador\/#\/schema\/person\/3b975e42f15abfe64bfe3abdd916efda"},"headline":"Mujer que muri\u00f3 apu\u00f1alada en Quito se convirti\u00f3 en la sexta v\u00edctima de femicidio en Ecuador en 2019","datePublished":"2019-02-10T19:27:45+00:00","dateModified":"2019-02-10T19:30:01+00:00","mainEntityOfPage":{"@id":"https:\/\/noti-america.com\/site\/ecuador\/2019\/02\/10\/mujer-que-murio-apunalada-en-quito-se-convirtio-en-la-sexta-victima-de-femicidio-en-ecuador-en-2019\/"},"wordCount":313,"commentCount":0,"publisher":{"@id":"https:\/\/noti-america.com\/site\/ecuador\/#organization"},"image":{"@id":"https:\/\/noti-america.com\/site\/ecuador\/2019\/02\/10\/mujer-que-murio-apunalada-en-quito-se-convirtio-en-la-sexta-victima-de-femicidio-en-ecuador-en-2019\/#primaryimage"},"thumbnailUrl":"https:\/\/noti-america.com\/site\/ecuador\/wp-content\/uploads\/sites\/18\/2019\/02\/IMAGEN-DEL-CRIMEN-DE-AMELIA-EN-QUITO-POR-SU-EX.jpg","articleSection":["Judicial"],"inLanguage":"es","potentialAction":[{"@type":"CommentAction","name":"Comment","target":["https:\/\/noti-america.com\/site\/ecuador\/2019\/02\/10\/mujer-que-murio-apunalada-en-quito-se-convirtio-en-la-sexta-victima-de-femicidio-en-ecuador-en-2019\/#respond"]}]},{"@type":"WebPage","@id":"https:\/\/noti-america.com\/site\/ecuador\/2019\/02\/10\/mujer-que-murio-apunalada-en-quito-se-convirtio-en-la-sexta-victima-de-femicidio-en-ecuador-en-2019\/","url":"https:\/\/noti-america.com\/site\/ecuador\/2019\/02\/10\/mujer-que-murio-apunalada-en-quito-se-convirtio-en-la-sexta-victima-de-femicidio-en-ecuador-en-2019\/","name":"Mujer que muri\u00f3 apu\u00f1alada en Quito se convirti\u00f3 en la sexta v\u00edctima de femicidio en Ecuador en 2019 - Ecuador | Noti-America.com","isPartOf":{"@id":"https:\/\/noti-america.com\/site\/ecuador\/#website"},"primaryImageOfPage":{"@id":"https:\/\/noti-america.com\/site\/ecuador\/2019\/02\/10\/mujer-que-murio-apunalada-en-quito-se-convirtio-en-la-sexta-victima-de-femicidio-en-ecuador-en-2019\/#primaryimage"},"image":{"@id":"https:\/\/noti-america.com\/site\/ecuador\/2019\/02\/10\/mujer-que-murio-apunalada-en-quito-se-convirtio-en-la-sexta-victima-de-femicidio-en-ecuador-en-2019\/#primaryimage"},"thumbnailUrl":"https:\/\/noti-america.com\/site\/ecuador\/wp-content\/uploads\/sites\/18\/2019\/02\/IMAGEN-DEL-CRIMEN-DE-AMELIA-EN-QUITO-POR-SU-EX.jpg","datePublished":"2019-02-10T19:27:45+00:00","dateModified":"2019-02-10T19:30:01+00:00","breadcrumb":{"@id":"https:\/\/noti-america.com\/site\/ecuador\/2019\/02\/10\/mujer-que-murio-apunalada-en-quito-se-convirtio-en-la-sexta-victima-de-femicidio-en-ecuador-en-2019\/#breadcrumb"},"inLanguage":"es","potentialAction":[{"@type":"ReadAction","target":["https:\/\/noti-america.com\/site\/ecuador\/2019\/02\/10\/mujer-que-murio-apunalada-en-quito-se-convirtio-en-la-sexta-victima-de-femicidio-en-ecuador-en-2019\/"]}]},{"@type":"ImageObject","inLanguage":"es","@id":"https:\/\/noti-america.com\/site\/ecuador\/2019\/02\/10\/mujer-que-murio-apunalada-en-quito-se-convirtio-en-la-sexta-victima-de-femicidio-en-ecuador-en-2019\/#primaryimage","url":"https:\/\/noti-america.com\/site\/ecuador\/wp-content\/uploads\/sites\/18\/2019\/02\/IMAGEN-DEL-CRIMEN-DE-AMELIA-EN-QUITO-POR-SU-EX.jpg","contentUrl":"https:\/\/noti-america.com\/site\/ecuador\/wp-content\/uploads\/sites\/18\/2019\/02\/IMAGEN-DEL-CRIMEN-DE-AMELIA-EN-QUITO-POR-SU-EX.jpg","width":540,"height":520},{"@type":"BreadcrumbList","@id":"https:\/\/noti-america.com\/site\/ecuador\/2019\/02\/10\/mujer-que-murio-apunalada-en-quito-se-convirtio-en-la-sexta-victima-de-femicidio-en-ecuador-en-2019\/#breadcrumb","itemListElement":[{"@type":"ListItem","position":1,"name":"Portada","item":"https:\/\/noti-america.com\/site\/ecuador\/"},{"@type":"ListItem","position":2,"name":"Mujer que muri\u00f3 apu\u00f1alada en Quito se convirti\u00f3 en la sexta v\u00edctima de femicidio en Ecuador en 2019"}]},{"@type":"WebSite","@id":"https:\/\/noti-america.com\/site\/ecuador\/#website","url":"https:\/\/noti-america.com\/site\/ecuador\/","name":"Ecuador | Noti-America.com","description":"","publisher":{"@id":"https:\/\/noti-america.com\/site\/ecuador\/#organization"},"potentialAction":[{"@type":"SearchAction","target":{"@type":"EntryPoint","urlTemplate":"https:\/\/noti-america.com\/site\/ecuador\/?s={search_term_string}"},"query-input":{"@type":"PropertyValueSpecification","valueRequired":true,"valueName":"search_term_string"}}],"inLanguage":"es"},{"@type":"Organization","@id":"https:\/\/noti-america.com\/site\/ecuador\/#organization","name":"Noti-America LLC | Ecuador","url":"https:\/\/noti-america.com\/site\/ecuador\/","logo":{"@type":"ImageObject","inLanguage":"es","@id":"https:\/\/noti-america.com\/site\/ecuador\/#\/schema\/logo\/image\/","url":"https:\/\/noti-america.com\/site\/ecuador\/wp-content\/uploads\/sites\/18\/2020\/07\/LogoNA-4x3-1.jpg","contentUrl":"https:\/\/noti-america.com\/site\/ecuador\/wp-content\/uploads\/sites\/18\/2020\/07\/LogoNA-4x3-1.jpg","width":1236,"height":1080,"caption":"Noti-America LLC | Ecuador"},"image":{"@id":"https:\/\/noti-america.com\/site\/ecuador\/#\/schema\/logo\/image\/"},"sameAs":["https:\/\/x.com\/notiamerica"]},{"@type":"Person","@id":"https:\/\/noti-america.com\/site\/ecuador\/#\/schema\/person\/3b975e42f15abfe64bfe3abdd916efda","name":"Gregory Quintana Montiel","image":{"@type":"ImageObject","inLanguage":"es","@id":"https:\/\/secure.gravatar.com\/avatar\/2d6b802f7720c2ec7744dcbe608cc2f3417aeb964d58b443c6d612b77531de1d?s=96&d=mm&r=g","url":"https:\/\/secure.gravatar.com\/avatar\/2d6b802f7720c2ec7744dcbe608cc2f3417aeb964d58b443c6d612b77531de1d?s=96&d=mm&r=g","contentUrl":"https:\/\/secure.gravatar.com\/avatar\/2d6b802f7720c2ec7744dcbe608cc2f3417aeb964d58b443c6d612b77531de1d?s=96&d=mm&r=g","caption":"Gregory Quintana Montiel"},"description":"Licenciatura en Ciencias de la Comunicaci\u00f3n Social, egresado en la Especializaci\u00f3n Derecho Ambiental Desarrollo Sostenible y Sustentable, Miembro de la Comunidad de profesionales y experto para Latinoam\u00e9rica y el Caribe en Gesti\u00f3n por Resultado en el Desarrollo (COPLAC - GpRD) del Banco Interamericano de Desarrollo, experiencia en medios radiales y escritos.","sameAs":["https:\/\/x.com\/gdgregori1","gquintana"],"url":"https:\/\/noti-america.com\/site\/ecuador\/author\/gquintana\/"}]}},"_links":{"self":[{"href":"https:\/\/noti-america.com\/site\/ecuador\/wp-json\/wp\/v2\/posts\/3342","targetHints":{"allow":["GET"]}}],"collection":[{"href":"https:\/\/noti-america.com\/site\/ecuador\/wp-json\/wp\/v2\/posts"}],"about":[{"href":"https:\/\/noti-america.com\/site\/ecuador\/wp-json\/wp\/v2\/types\/post"}],"author":[{"embeddable":true,"href":"https:\/\/noti-america.com\/site\/ecuador\/wp-json\/wp\/v2\/users\/17"}],"replies":[{"embeddable":true,"href":"https:\/\/noti-america.com\/site\/ecuador\/wp-json\/wp\/v2\/comments?post=3342"}],"version-history":[{"count":3,"href":"https:\/\/noti-america.com\/site\/ecuador\/wp-json\/wp\/v2\/posts\/3342\/revisions"}],"predecessor-version":[{"id":3346,"href":"https:\/\/noti-america.com\/site\/ecuador\/wp-json\/wp\/v2\/posts\/3342\/revisions\/3346"}],"wp:featuredmedia":[{"embeddable":true,"href":"https:\/\/noti-america.com\/site\/ecuador\/wp-json\/wp\/v2\/media\/3343"}],"wp:attachment":[{"href":"https:\/\/noti-america.com\/site\/ecuador\/wp-json\/wp\/v2\/media?parent=3342"}],"wp:term":[{"taxonomy":"category","embeddable":true,"href":"https:\/\/noti-america.com\/site\/ecuador\/wp-json\/wp\/v2\/categories?post=3342"},{"taxonomy":"post_tag","embeddable":true,"href":"https:\/\/noti-america.com\/site\/ecuador\/wp-json\/wp\/v2\/tags?post=3342"}],"curies":[{"name":"wp","href":"https:\/\/api.w.org\/{rel}","templated":true}]}}