{"id":33133,"date":"2024-11-27T13:00:00","date_gmt":"2024-11-27T13:00:00","guid":{"rendered":"https:\/\/noti-america.com\/site\/ecuador\/?p=33133"},"modified":"2024-11-27T13:00:00","modified_gmt":"2024-11-27T13:00:00","slug":"latacunga-fue-sede-de-la-asamblea-de-relaciones-internacionales","status":"publish","type":"post","link":"https:\/\/noti-america.com\/site\/ecuador\/2024\/11\/27\/latacunga-fue-sede-de-la-asamblea-de-relaciones-internacionales\/","title":{"rendered":"Latacunga fue sede de la Asamblea de Relaciones Internacionales"},"content":{"rendered":"<p><strong>REDACCI\u00d3N NOTI AM\u00c9RICA (ECUADOR)<\/strong><\/p>\n<p style=\"text-align: justify\"><img loading=\"lazy\" decoding=\"async\" class=\"wp-image-33134 alignleft\" src=\"https:\/\/noti-america.com\/site\/ecuador\/wp-content\/uploads\/sites\/18\/2024\/11\/WhatsApp-Image-2024-11-26-at-15.52.07-300x200.jpeg\" alt=\"\" width=\"519\" height=\"346\" srcset=\"https:\/\/noti-america.com\/site\/ecuador\/wp-content\/uploads\/sites\/18\/2024\/11\/WhatsApp-Image-2024-11-26-at-15.52.07-300x200.jpeg 300w, https:\/\/noti-america.com\/site\/ecuador\/wp-content\/uploads\/sites\/18\/2024\/11\/WhatsApp-Image-2024-11-26-at-15.52.07-1024x682.jpeg 1024w, https:\/\/noti-america.com\/site\/ecuador\/wp-content\/uploads\/sites\/18\/2024\/11\/WhatsApp-Image-2024-11-26-at-15.52.07-768x512.jpeg 768w, https:\/\/noti-america.com\/site\/ecuador\/wp-content\/uploads\/sites\/18\/2024\/11\/WhatsApp-Image-2024-11-26-at-15.52.07-1536x1023.jpeg 1536w, https:\/\/noti-america.com\/site\/ecuador\/wp-content\/uploads\/sites\/18\/2024\/11\/WhatsApp-Image-2024-11-26-at-15.52.07-272x182.jpeg 272w, https:\/\/noti-america.com\/site\/ecuador\/wp-content\/uploads\/sites\/18\/2024\/11\/WhatsApp-Image-2024-11-26-at-15.52.07.jpeg 1600w\" sizes=\"auto, (max-width: 519px) 100vw, 519px\" \/><\/p>\n<p style=\"text-align: justify\">Con la asistencia de alrededor de 200 delegados y representantes de 50 GADM de varios cantones del pa\u00eds, se inaugur\u00f3 la III Asamblea General de Autoridades de Relaciones Internacionales de Gobiernos Locales del Ecuador 2024, efectuada en Latacunga, este 25 y 26 de noviembre. El evento, organizado por la Asociaci\u00f3n de Municipalidades Ecuatorianas (AME) en conjunto con el Municipio de Latacunga.<\/p>\n<p style=\"text-align: justify\">Durante la jornada se abri\u00f3 un espacio de di\u00e1logo entre los gobiernos locales del Ecuador y las agencias de cooperaci\u00f3n y organismos internacionales acreditados en el pa\u00eds, adem\u00e1s, se abordaron temas clave relacionados con la cooperaci\u00f3n internacional, la sostenibilidad, y la internacionalizaci\u00f3n de los municipios, promoviendo estrategias que favorezcan el desarrollo econ\u00f3mico y social en cada una de las localidades participantes. El evento, tambi\u00e9n, se centr\u00f3 en el fortalecimiento de las relaciones internacionales y la promoci\u00f3n de estrategias conjuntas para abordar desaf\u00edos globales desde el \u00e1mbito local.<\/p>\n<p style=\"text-align: justify\">Fabricio Tinajero, alcalde de Latacunga, dio la bienvenida a los participantes, quien recalc\u00f3 la importancia de realizar un trabajo en equipo y crear sinergias entre la familia municipalista, con los distintos niveles de gobierno y la cooperaci\u00f3n internacional, para lograr el desarrollo local.<\/p>\n<p style=\"text-align: justify\">Por su parte el presidente de la AME Nacional, Patricio Maldonado, destac\u00f3 la importancia de la colaboraci\u00f3n entre municipios. \u201cEste espacio reafirma nuestro compromiso de trabajar unidos para proyectar nuestras ciudades hacia el futuro. La cooperaci\u00f3n internacional es clave para acceder a recursos, conocimientos y tecnolog\u00eda que potencien el desarrollo de nuestros territorios y permitan enfrentar retos como el cambio clim\u00e1tico y la desigualdad\u201d.<\/p>\n<p style=\"text-align: justify\">Durante el desarrollo del acto, en los foros, se realiz\u00f3 la intervenci\u00f3n del alcalde de Lago Agrio, Abraham Freire, quien present\u00f3 una ponencia sobre medio ambiente y cambio clim\u00e1tico. La autoridad amaz\u00f3nica comparti\u00f3 los logros alcanzados en su cant\u00f3n en temas como la reforestaci\u00f3n y la gesti\u00f3n sostenible de recursos naturales. \u201cEste espacio reafirma nuestro compromiso de trabajar unidos para proyectar nuestras ciudades hacia el futuro. La cooperaci\u00f3n internacional es clave para acceder a recursos, conocimientos y tecnolog\u00eda que potencien el desarrollo de nuestros territorios y permitan enfrentar retos como el cambio clim\u00e1tico y la desigualdad\u201d, mencion\u00f3.<\/p>\n<p style=\"text-align: justify\">La Asamblea General no solo permiti\u00f3 el intercambio de experiencias y buenas pr\u00e1cticas entre los municipios, sino que tambi\u00e9n reafirm\u00f3 el compromiso de los gobiernos locales ecuatorianos con el desarrollo sostenible y la cooperaci\u00f3n internacional.<\/p>\n<p style=\"text-align: justify\">La IV Asamblea General de Autoridades de Relaciones Internacionales de Gobiernos Locales del Ecuador 2025, se realizar\u00e1 en el cant\u00f3n Pastaza<\/p>\n","protected":false},"excerpt":{"rendered":"<p>REDACCI\u00d3N NOTI AM\u00c9RICA (ECUADOR) Con la asistencia de alrededor de 200 delegados y representantes de 50 GADM de varios cantones del pa\u00eds, se inaugur\u00f3 la III Asamblea General de Autoridades de Relaciones Internacionales de&#46;&#46;&#46;<\/p>\n","protected":false},"author":113,"featured_media":33134,"comment_status":"open","ping_status":"open","sticky":false,"template":"","format":"standard","meta":{"_acf_changed":false,"om_disable_all_campaigns":false,"rop_custom_images_group":[],"rop_custom_messages_group":[],"rop_publish_now":"initial","rop_publish_now_accounts":{"twitter_242054905_242054905":""},"rop_publish_now_history":[],"rop_publish_now_status":"pending","_uf_show_specific_survey":0,"_uf_disable_surveys":false,"footnotes":""},"categories":[42],"tags":[],"class_list":["post-33133","post","type-post","status-publish","format-standard","has-post-thumbnail","hentry","category-noticias"],"acf":[],"aioseo_notices":[],"yoast_head":"<!-- This site is optimized with the Yoast SEO Premium plugin v24.9 (Yoast SEO v27.2) - https:\/\/yoast.com\/product\/yoast-seo-premium-wordpress\/ -->\n<title>Latacunga fue sede de la Asamblea de Relaciones Internacionales - Ecuador | Noti-America.com<\/title>\n<meta name=\"robots\" content=\"index, follow, max-snippet:-1, max-image-preview:large, max-video-preview:-1\" \/>\n<link rel=\"canonical\" href=\"https:\/\/noti-america.com\/site\/ecuador\/2024\/11\/27\/latacunga-fue-sede-de-la-asamblea-de-relaciones-internacionales\/\" \/>\n<meta property=\"og:locale\" content=\"es_ES\" \/>\n<meta property=\"og:type\" content=\"article\" \/>\n<meta property=\"og:title\" content=\"Latacunga fue sede de la Asamblea de Relaciones Internacionales\" \/>\n<meta property=\"og:description\" content=\"REDACCI\u00d3N NOTI AM\u00c9RICA (ECUADOR) Con la asistencia de alrededor de 200 delegados y representantes de 50 GADM de varios cantones del pa\u00eds, se inaugur\u00f3 la III Asamblea General de Autoridades de Relaciones Internacionales de&#046;&#046;&#046;\" \/>\n<meta property=\"og:url\" content=\"https:\/\/noti-america.com\/site\/ecuador\/2024\/11\/27\/latacunga-fue-sede-de-la-asamblea-de-relaciones-internacionales\/\" \/>\n<meta property=\"og:site_name\" content=\"Ecuador | Noti-America.com\" \/>\n<meta property=\"article:published_time\" content=\"2024-11-27T13:00:00+00:00\" \/>\n<meta property=\"og:image\" content=\"https:\/\/noti-america.com\/site\/ecuador\/wp-content\/uploads\/sites\/18\/2024\/11\/WhatsApp-Image-2024-11-26-at-15.52.07.jpeg\" \/>\n\t<meta property=\"og:image:width\" content=\"1600\" \/>\n\t<meta property=\"og:image:height\" content=\"1066\" \/>\n\t<meta property=\"og:image:type\" content=\"image\/jpeg\" \/>\n<meta name=\"author\" content=\"Henry Ortiz\" \/>\n<meta name=\"twitter:card\" content=\"summary_large_image\" \/>\n<meta name=\"twitter:creator\" content=\"@notiamerica\" \/>\n<meta name=\"twitter:site\" content=\"@notiamerica\" \/>\n<meta name=\"twitter:label1\" content=\"Escrito por\" \/>\n\t<meta name=\"twitter:data1\" content=\"Henry Ortiz\" \/>\n\t<meta name=\"twitter:label2\" content=\"Tiempo estimado de lectura\" \/>\n\t<meta name=\"twitter:data2\" content=\"3 minutos\" \/>\n<script type=\"application\/ld+json\" class=\"yoast-schema-graph\">{\"@context\":\"https:\/\/schema.org\",\"@graph\":[{\"@type\":\"Article\",\"@id\":\"https:\/\/noti-america.com\/site\/ecuador\/2024\/11\/27\/latacunga-fue-sede-de-la-asamblea-de-relaciones-internacionales\/#article\",\"isPartOf\":{\"@id\":\"https:\/\/noti-america.com\/site\/ecuador\/2024\/11\/27\/latacunga-fue-sede-de-la-asamblea-de-relaciones-internacionales\/\"},\"author\":{\"name\":\"Henry Ortiz\",\"@id\":\"https:\/\/noti-america.com\/site\/ecuador\/#\/schema\/person\/b9d1630cc6598af759d45c790a347283\"},\"headline\":\"Latacunga fue sede de la Asamblea de Relaciones Internacionales\",\"datePublished\":\"2024-11-27T13:00:00+00:00\",\"mainEntityOfPage\":{\"@id\":\"https:\/\/noti-america.com\/site\/ecuador\/2024\/11\/27\/latacunga-fue-sede-de-la-asamblea-de-relaciones-internacionales\/\"},\"wordCount\":447,\"commentCount\":0,\"publisher\":{\"@id\":\"https:\/\/noti-america.com\/site\/ecuador\/#organization\"},\"image\":{\"@id\":\"https:\/\/noti-america.com\/site\/ecuador\/2024\/11\/27\/latacunga-fue-sede-de-la-asamblea-de-relaciones-internacionales\/#primaryimage\"},\"thumbnailUrl\":\"https:\/\/noti-america.com\/site\/ecuador\/wp-content\/uploads\/sites\/18\/2024\/11\/WhatsApp-Image-2024-11-26-at-15.52.07.jpeg\",\"articleSection\":[\"Noticias\"],\"inLanguage\":\"es\",\"potentialAction\":[{\"@type\":\"CommentAction\",\"name\":\"Comment\",\"target\":[\"https:\/\/noti-america.com\/site\/ecuador\/2024\/11\/27\/latacunga-fue-sede-de-la-asamblea-de-relaciones-internacionales\/#respond\"]}]},{\"@type\":\"WebPage\",\"@id\":\"https:\/\/noti-america.com\/site\/ecuador\/2024\/11\/27\/latacunga-fue-sede-de-la-asamblea-de-relaciones-internacionales\/\",\"url\":\"https:\/\/noti-america.com\/site\/ecuador\/2024\/11\/27\/latacunga-fue-sede-de-la-asamblea-de-relaciones-internacionales\/\",\"name\":\"Latacunga fue sede de la Asamblea de Relaciones Internacionales - Ecuador | Noti-America.com\",\"isPartOf\":{\"@id\":\"https:\/\/noti-america.com\/site\/ecuador\/#website\"},\"primaryImageOfPage\":{\"@id\":\"https:\/\/noti-america.com\/site\/ecuador\/2024\/11\/27\/latacunga-fue-sede-de-la-asamblea-de-relaciones-internacionales\/#primaryimage\"},\"image\":{\"@id\":\"https:\/\/noti-america.com\/site\/ecuador\/2024\/11\/27\/latacunga-fue-sede-de-la-asamblea-de-relaciones-internacionales\/#primaryimage\"},\"thumbnailUrl\":\"https:\/\/noti-america.com\/site\/ecuador\/wp-content\/uploads\/sites\/18\/2024\/11\/WhatsApp-Image-2024-11-26-at-15.52.07.jpeg\",\"datePublished\":\"2024-11-27T13:00:00+00:00\",\"breadcrumb\":{\"@id\":\"https:\/\/noti-america.com\/site\/ecuador\/2024\/11\/27\/latacunga-fue-sede-de-la-asamblea-de-relaciones-internacionales\/#breadcrumb\"},\"inLanguage\":\"es\",\"potentialAction\":[{\"@type\":\"ReadAction\",\"target\":[\"https:\/\/noti-america.com\/site\/ecuador\/2024\/11\/27\/latacunga-fue-sede-de-la-asamblea-de-relaciones-internacionales\/\"]}]},{\"@type\":\"ImageObject\",\"inLanguage\":\"es\",\"@id\":\"https:\/\/noti-america.com\/site\/ecuador\/2024\/11\/27\/latacunga-fue-sede-de-la-asamblea-de-relaciones-internacionales\/#primaryimage\",\"url\":\"https:\/\/noti-america.com\/site\/ecuador\/wp-content\/uploads\/sites\/18\/2024\/11\/WhatsApp-Image-2024-11-26-at-15.52.07.jpeg\",\"contentUrl\":\"https:\/\/noti-america.com\/site\/ecuador\/wp-content\/uploads\/sites\/18\/2024\/11\/WhatsApp-Image-2024-11-26-at-15.52.07.jpeg\",\"width\":1600,\"height\":1066},{\"@type\":\"BreadcrumbList\",\"@id\":\"https:\/\/noti-america.com\/site\/ecuador\/2024\/11\/27\/latacunga-fue-sede-de-la-asamblea-de-relaciones-internacionales\/#breadcrumb\",\"itemListElement\":[{\"@type\":\"ListItem\",\"position\":1,\"name\":\"Portada\",\"item\":\"https:\/\/noti-america.com\/site\/ecuador\/\"},{\"@type\":\"ListItem\",\"position\":2,\"name\":\"Latacunga fue sede de la Asamblea de Relaciones Internacionales\"}]},{\"@type\":\"WebSite\",\"@id\":\"https:\/\/noti-america.com\/site\/ecuador\/#website\",\"url\":\"https:\/\/noti-america.com\/site\/ecuador\/\",\"name\":\"Ecuador | Noti-America.com\",\"description\":\"\",\"publisher\":{\"@id\":\"https:\/\/noti-america.com\/site\/ecuador\/#organization\"},\"potentialAction\":[{\"@type\":\"SearchAction\",\"target\":{\"@type\":\"EntryPoint\",\"urlTemplate\":\"https:\/\/noti-america.com\/site\/ecuador\/?s={search_term_string}\"},\"query-input\":{\"@type\":\"PropertyValueSpecification\",\"valueRequired\":true,\"valueName\":\"search_term_string\"}}],\"inLanguage\":\"es\"},{\"@type\":\"Organization\",\"@id\":\"https:\/\/noti-america.com\/site\/ecuador\/#organization\",\"name\":\"Noti-America LLC | Ecuador\",\"url\":\"https:\/\/noti-america.com\/site\/ecuador\/\",\"logo\":{\"@type\":\"ImageObject\",\"inLanguage\":\"es\",\"@id\":\"https:\/\/noti-america.com\/site\/ecuador\/#\/schema\/logo\/image\/\",\"url\":\"https:\/\/noti-america.com\/site\/ecuador\/wp-content\/uploads\/sites\/18\/2020\/07\/LogoNA-4x3-1.jpg\",\"contentUrl\":\"https:\/\/noti-america.com\/site\/ecuador\/wp-content\/uploads\/sites\/18\/2020\/07\/LogoNA-4x3-1.jpg\",\"width\":1236,\"height\":1080,\"caption\":\"Noti-America LLC | Ecuador\"},\"image\":{\"@id\":\"https:\/\/noti-america.com\/site\/ecuador\/#\/schema\/logo\/image\/\"},\"sameAs\":[\"https:\/\/x.com\/notiamerica\"]},{\"@type\":\"Person\",\"@id\":\"https:\/\/noti-america.com\/site\/ecuador\/#\/schema\/person\/b9d1630cc6598af759d45c790a347283\",\"name\":\"Henry Ortiz\",\"image\":{\"@type\":\"ImageObject\",\"inLanguage\":\"es\",\"@id\":\"https:\/\/secure.gravatar.com\/avatar\/0b5407b5b302fbb6a578e625dca512ac2983ee5fa9ea941d581b83c40212e4c8?s=96&d=mm&r=g\",\"url\":\"https:\/\/secure.gravatar.com\/avatar\/0b5407b5b302fbb6a578e625dca512ac2983ee5fa9ea941d581b83c40212e4c8?s=96&d=mm&r=g\",\"contentUrl\":\"https:\/\/secure.gravatar.com\/avatar\/0b5407b5b302fbb6a578e625dca512ac2983ee5fa9ea941d581b83c40212e4c8?s=96&d=mm&r=g\",\"caption\":\"Henry Ortiz\"},\"url\":\"https:\/\/noti-america.com\/site\/ecuador\/author\/hortiz\/\"}]}<\/script>\n<!-- \/ Yoast SEO Premium plugin. -->","yoast_head_json":{"title":"Latacunga fue sede de la Asamblea de Relaciones Internacionales - Ecuador | Noti-America.com","robots":{"index":"index","follow":"follow","max-snippet":"max-snippet:-1","max-image-preview":"max-image-preview:large","max-video-preview":"max-video-preview:-1"},"canonical":"https:\/\/noti-america.com\/site\/ecuador\/2024\/11\/27\/latacunga-fue-sede-de-la-asamblea-de-relaciones-internacionales\/","og_locale":"es_ES","og_type":"article","og_title":"Latacunga fue sede de la Asamblea de Relaciones Internacionales","og_description":"REDACCI\u00d3N NOTI AM\u00c9RICA (ECUADOR) Con la asistencia de alrededor de 200 delegados y representantes de 50 GADM de varios cantones del pa\u00eds, se inaugur\u00f3 la III Asamblea General de Autoridades de Relaciones Internacionales de&#46;&#46;&#46;","og_url":"https:\/\/noti-america.com\/site\/ecuador\/2024\/11\/27\/latacunga-fue-sede-de-la-asamblea-de-relaciones-internacionales\/","og_site_name":"Ecuador | Noti-America.com","article_published_time":"2024-11-27T13:00:00+00:00","og_image":[{"width":1600,"height":1066,"url":"https:\/\/noti-america.com\/site\/ecuador\/wp-content\/uploads\/sites\/18\/2024\/11\/WhatsApp-Image-2024-11-26-at-15.52.07.jpeg","type":"image\/jpeg"}],"author":"Henry Ortiz","twitter_card":"summary_large_image","twitter_creator":"@notiamerica","twitter_site":"@notiamerica","twitter_misc":{"Escrito por":"Henry Ortiz","Tiempo estimado de lectura":"3 minutos"},"schema":{"@context":"https:\/\/schema.org","@graph":[{"@type":"Article","@id":"https:\/\/noti-america.com\/site\/ecuador\/2024\/11\/27\/latacunga-fue-sede-de-la-asamblea-de-relaciones-internacionales\/#article","isPartOf":{"@id":"https:\/\/noti-america.com\/site\/ecuador\/2024\/11\/27\/latacunga-fue-sede-de-la-asamblea-de-relaciones-internacionales\/"},"author":{"name":"Henry Ortiz","@id":"https:\/\/noti-america.com\/site\/ecuador\/#\/schema\/person\/b9d1630cc6598af759d45c790a347283"},"headline":"Latacunga fue sede de la Asamblea de Relaciones Internacionales","datePublished":"2024-11-27T13:00:00+00:00","mainEntityOfPage":{"@id":"https:\/\/noti-america.com\/site\/ecuador\/2024\/11\/27\/latacunga-fue-sede-de-la-asamblea-de-relaciones-internacionales\/"},"wordCount":447,"commentCount":0,"publisher":{"@id":"https:\/\/noti-america.com\/site\/ecuador\/#organization"},"image":{"@id":"https:\/\/noti-america.com\/site\/ecuador\/2024\/11\/27\/latacunga-fue-sede-de-la-asamblea-de-relaciones-internacionales\/#primaryimage"},"thumbnailUrl":"https:\/\/noti-america.com\/site\/ecuador\/wp-content\/uploads\/sites\/18\/2024\/11\/WhatsApp-Image-2024-11-26-at-15.52.07.jpeg","articleSection":["Noticias"],"inLanguage":"es","potentialAction":[{"@type":"CommentAction","name":"Comment","target":["https:\/\/noti-america.com\/site\/ecuador\/2024\/11\/27\/latacunga-fue-sede-de-la-asamblea-de-relaciones-internacionales\/#respond"]}]},{"@type":"WebPage","@id":"https:\/\/noti-america.com\/site\/ecuador\/2024\/11\/27\/latacunga-fue-sede-de-la-asamblea-de-relaciones-internacionales\/","url":"https:\/\/noti-america.com\/site\/ecuador\/2024\/11\/27\/latacunga-fue-sede-de-la-asamblea-de-relaciones-internacionales\/","name":"Latacunga fue sede de la Asamblea de Relaciones Internacionales - Ecuador | Noti-America.com","isPartOf":{"@id":"https:\/\/noti-america.com\/site\/ecuador\/#website"},"primaryImageOfPage":{"@id":"https:\/\/noti-america.com\/site\/ecuador\/2024\/11\/27\/latacunga-fue-sede-de-la-asamblea-de-relaciones-internacionales\/#primaryimage"},"image":{"@id":"https:\/\/noti-america.com\/site\/ecuador\/2024\/11\/27\/latacunga-fue-sede-de-la-asamblea-de-relaciones-internacionales\/#primaryimage"},"thumbnailUrl":"https:\/\/noti-america.com\/site\/ecuador\/wp-content\/uploads\/sites\/18\/2024\/11\/WhatsApp-Image-2024-11-26-at-15.52.07.jpeg","datePublished":"2024-11-27T13:00:00+00:00","breadcrumb":{"@id":"https:\/\/noti-america.com\/site\/ecuador\/2024\/11\/27\/latacunga-fue-sede-de-la-asamblea-de-relaciones-internacionales\/#breadcrumb"},"inLanguage":"es","potentialAction":[{"@type":"ReadAction","target":["https:\/\/noti-america.com\/site\/ecuador\/2024\/11\/27\/latacunga-fue-sede-de-la-asamblea-de-relaciones-internacionales\/"]}]},{"@type":"ImageObject","inLanguage":"es","@id":"https:\/\/noti-america.com\/site\/ecuador\/2024\/11\/27\/latacunga-fue-sede-de-la-asamblea-de-relaciones-internacionales\/#primaryimage","url":"https:\/\/noti-america.com\/site\/ecuador\/wp-content\/uploads\/sites\/18\/2024\/11\/WhatsApp-Image-2024-11-26-at-15.52.07.jpeg","contentUrl":"https:\/\/noti-america.com\/site\/ecuador\/wp-content\/uploads\/sites\/18\/2024\/11\/WhatsApp-Image-2024-11-26-at-15.52.07.jpeg","width":1600,"height":1066},{"@type":"BreadcrumbList","@id":"https:\/\/noti-america.com\/site\/ecuador\/2024\/11\/27\/latacunga-fue-sede-de-la-asamblea-de-relaciones-internacionales\/#breadcrumb","itemListElement":[{"@type":"ListItem","position":1,"name":"Portada","item":"https:\/\/noti-america.com\/site\/ecuador\/"},{"@type":"ListItem","position":2,"name":"Latacunga fue sede de la Asamblea de Relaciones Internacionales"}]},{"@type":"WebSite","@id":"https:\/\/noti-america.com\/site\/ecuador\/#website","url":"https:\/\/noti-america.com\/site\/ecuador\/","name":"Ecuador | Noti-America.com","description":"","publisher":{"@id":"https:\/\/noti-america.com\/site\/ecuador\/#organization"},"potentialAction":[{"@type":"SearchAction","target":{"@type":"EntryPoint","urlTemplate":"https:\/\/noti-america.com\/site\/ecuador\/?s={search_term_string}"},"query-input":{"@type":"PropertyValueSpecification","valueRequired":true,"valueName":"search_term_string"}}],"inLanguage":"es"},{"@type":"Organization","@id":"https:\/\/noti-america.com\/site\/ecuador\/#organization","name":"Noti-America LLC | Ecuador","url":"https:\/\/noti-america.com\/site\/ecuador\/","logo":{"@type":"ImageObject","inLanguage":"es","@id":"https:\/\/noti-america.com\/site\/ecuador\/#\/schema\/logo\/image\/","url":"https:\/\/noti-america.com\/site\/ecuador\/wp-content\/uploads\/sites\/18\/2020\/07\/LogoNA-4x3-1.jpg","contentUrl":"https:\/\/noti-america.com\/site\/ecuador\/wp-content\/uploads\/sites\/18\/2020\/07\/LogoNA-4x3-1.jpg","width":1236,"height":1080,"caption":"Noti-America LLC | Ecuador"},"image":{"@id":"https:\/\/noti-america.com\/site\/ecuador\/#\/schema\/logo\/image\/"},"sameAs":["https:\/\/x.com\/notiamerica"]},{"@type":"Person","@id":"https:\/\/noti-america.com\/site\/ecuador\/#\/schema\/person\/b9d1630cc6598af759d45c790a347283","name":"Henry Ortiz","image":{"@type":"ImageObject","inLanguage":"es","@id":"https:\/\/secure.gravatar.com\/avatar\/0b5407b5b302fbb6a578e625dca512ac2983ee5fa9ea941d581b83c40212e4c8?s=96&d=mm&r=g","url":"https:\/\/secure.gravatar.com\/avatar\/0b5407b5b302fbb6a578e625dca512ac2983ee5fa9ea941d581b83c40212e4c8?s=96&d=mm&r=g","contentUrl":"https:\/\/secure.gravatar.com\/avatar\/0b5407b5b302fbb6a578e625dca512ac2983ee5fa9ea941d581b83c40212e4c8?s=96&d=mm&r=g","caption":"Henry Ortiz"},"url":"https:\/\/noti-america.com\/site\/ecuador\/author\/hortiz\/"}]}},"_links":{"self":[{"href":"https:\/\/noti-america.com\/site\/ecuador\/wp-json\/wp\/v2\/posts\/33133","targetHints":{"allow":["GET"]}}],"collection":[{"href":"https:\/\/noti-america.com\/site\/ecuador\/wp-json\/wp\/v2\/posts"}],"about":[{"href":"https:\/\/noti-america.com\/site\/ecuador\/wp-json\/wp\/v2\/types\/post"}],"author":[{"embeddable":true,"href":"https:\/\/noti-america.com\/site\/ecuador\/wp-json\/wp\/v2\/users\/113"}],"replies":[{"embeddable":true,"href":"https:\/\/noti-america.com\/site\/ecuador\/wp-json\/wp\/v2\/comments?post=33133"}],"version-history":[{"count":1,"href":"https:\/\/noti-america.com\/site\/ecuador\/wp-json\/wp\/v2\/posts\/33133\/revisions"}],"predecessor-version":[{"id":33135,"href":"https:\/\/noti-america.com\/site\/ecuador\/wp-json\/wp\/v2\/posts\/33133\/revisions\/33135"}],"wp:featuredmedia":[{"embeddable":true,"href":"https:\/\/noti-america.com\/site\/ecuador\/wp-json\/wp\/v2\/media\/33134"}],"wp:attachment":[{"href":"https:\/\/noti-america.com\/site\/ecuador\/wp-json\/wp\/v2\/media?parent=33133"}],"wp:term":[{"taxonomy":"category","embeddable":true,"href":"https:\/\/noti-america.com\/site\/ecuador\/wp-json\/wp\/v2\/categories?post=33133"},{"taxonomy":"post_tag","embeddable":true,"href":"https:\/\/noti-america.com\/site\/ecuador\/wp-json\/wp\/v2\/tags?post=33133"}],"curies":[{"name":"wp","href":"https:\/\/api.w.org\/{rel}","templated":true}]}}