{"id":32880,"date":"2024-11-15T16:55:48","date_gmt":"2024-11-15T16:55:48","guid":{"rendered":"https:\/\/noti-america.com\/site\/ecuador\/?p=32880"},"modified":"2024-11-15T16:55:48","modified_gmt":"2024-11-15T16:55:48","slug":"proyecto-sembrando-bienestar-de-alpina-fortalece-el-desarrollo-comunitario","status":"publish","type":"post","link":"https:\/\/noti-america.com\/site\/ecuador\/2024\/11\/15\/proyecto-sembrando-bienestar-de-alpina-fortalece-el-desarrollo-comunitario\/","title":{"rendered":"Proyecto \u201cSembrando Bienestar\u201d de Alpina fortalece el desarrollo comunitario"},"content":{"rendered":"<p style=\"text-align: left\"><strong>REDACCI\u00d3N NOTI-AM\u00c9RICA (ECUADOR).<\/strong><\/p>\n<p style=\"text-align: justify\"><img loading=\"lazy\" decoding=\"async\" class=\"size-medium wp-image-32881 aligncenter\" src=\"https:\/\/noti-america.com\/site\/ecuador\/wp-content\/uploads\/sites\/18\/2024\/11\/IMG-20241114-WA0220-300x171.jpg\" alt=\"\" width=\"300\" height=\"171\" srcset=\"https:\/\/noti-america.com\/site\/ecuador\/wp-content\/uploads\/sites\/18\/2024\/11\/IMG-20241114-WA0220-300x171.jpg 300w, https:\/\/noti-america.com\/site\/ecuador\/wp-content\/uploads\/sites\/18\/2024\/11\/IMG-20241114-WA0220-1024x584.jpg 1024w, https:\/\/noti-america.com\/site\/ecuador\/wp-content\/uploads\/sites\/18\/2024\/11\/IMG-20241114-WA0220-768x438.jpg 768w, https:\/\/noti-america.com\/site\/ecuador\/wp-content\/uploads\/sites\/18\/2024\/11\/IMG-20241114-WA0220-1536x876.jpg 1536w, https:\/\/noti-america.com\/site\/ecuador\/wp-content\/uploads\/sites\/18\/2024\/11\/IMG-20241114-WA0220.jpg 1600w\" sizes=\"auto, (max-width: 300px) 100vw, 300px\" \/>En el marco de su compromiso con el desarrollo integral de las comunidades donde opera, Alpina Ecuador celebra la culminaci\u00f3n del primer a\u00f1o del proyecto \u201cSembrando Bienestar\u201d, implementado en alianza con Fudela.<\/p>\n<p style=\"text-align: justify\">Esta iniciativa ha beneficiado a m\u00e1s de 170 personas de las localidades de San Gabriel y Huaca, en la provincia de Carchi, promoviendo la nutrici\u00f3n, el bienestar familiar y el crecimiento econ\u00f3mico de la regi\u00f3n.<\/p>\n<p style=\"text-align: justify\">A trav\u00e9s de talleres formativos y jornadas recreativas, se brindaron herramientas clave a ganaderos y trabajadores del campo que forman parte de la cadena de valor de la empresa, as\u00ed como a l\u00edderes comunitarios, padres, madres y ni\u00f1os, promoviendo pr\u00e1cticas y conocimientos de salud mental, habilidades socioemocionales, prevenci\u00f3n de la desnutrici\u00f3n y educaci\u00f3n financiera.<\/p>\n<p style=\"text-align: justify\">Las familias beneficiarias reportaron una mayor conciencia sobre la importancia del ahorro, mejoras en la comunicaci\u00f3n intrafamiliar y la adopci\u00f3n de nuevas pr\u00e1cticas para optimizar la alimentaci\u00f3n diaria. \u201cGracias a los talleres, aprendimos a ahorrar y mejorar la forma en que nos comunicamos en familia. Ahora sabemos c\u00f3mo alimentarnos mejor y planificar nuestras metas\u201d, coment\u00f3 Yanela Cabrera, participante.<\/p>\n<p style=\"text-align: justify\">La culminaci\u00f3n del primer a\u00f1o de \u201cSembrando Bienestar\u201d marca solo el inicio de una trayectoria a largo plazo, donde los aprendizajes obtenidos en esta fase ser\u00e1n clave para fortalecer el proyecto y ampliar su impacto en los pr\u00f3ximos a\u00f1os.<\/p>\n","protected":false},"excerpt":{"rendered":"<p>REDACCI\u00d3N NOTI-AM\u00c9RICA (ECUADOR). En el marco de su compromiso con el desarrollo integral de las comunidades donde opera, Alpina Ecuador celebra la culminaci\u00f3n del primer a\u00f1o del proyecto \u201cSembrando Bienestar\u201d, implementado en alianza con&#46;&#46;&#46;<\/p>\n","protected":false},"author":144,"featured_media":32881,"comment_status":"open","ping_status":"open","sticky":false,"template":"","format":"standard","meta":{"_acf_changed":false,"om_disable_all_campaigns":false,"rop_custom_images_group":[],"rop_custom_messages_group":[],"rop_publish_now":"initial","rop_publish_now_accounts":{"twitter_242054905_242054905":""},"rop_publish_now_history":[],"rop_publish_now_status":"pending","_uf_show_specific_survey":0,"_uf_disable_surveys":false,"footnotes":""},"categories":[108],"tags":[],"class_list":["post-32880","post","type-post","status-publish","format-standard","has-post-thumbnail","hentry","category-responsabilidad-social-empresarial"],"acf":[],"aioseo_notices":[],"yoast_head":"<!-- This site is optimized with the Yoast SEO Premium plugin v24.9 (Yoast SEO v27.2) - https:\/\/yoast.com\/product\/yoast-seo-premium-wordpress\/ -->\n<title>Proyecto \u201cSembrando Bienestar\u201d de Alpina fortalece el desarrollo comunitario - Ecuador | Noti-America.com<\/title>\n<meta name=\"robots\" content=\"index, follow, max-snippet:-1, max-image-preview:large, max-video-preview:-1\" \/>\n<link rel=\"canonical\" href=\"https:\/\/noti-america.com\/site\/ecuador\/2024\/11\/15\/proyecto-sembrando-bienestar-de-alpina-fortalece-el-desarrollo-comunitario\/\" \/>\n<meta property=\"og:locale\" content=\"es_ES\" \/>\n<meta property=\"og:type\" content=\"article\" \/>\n<meta property=\"og:title\" content=\"Proyecto \u201cSembrando Bienestar\u201d de Alpina fortalece el desarrollo comunitario\" \/>\n<meta property=\"og:description\" content=\"REDACCI\u00d3N NOTI-AM\u00c9RICA (ECUADOR). En el marco de su compromiso con el desarrollo integral de las comunidades donde opera, Alpina Ecuador celebra la culminaci\u00f3n del primer a\u00f1o del proyecto \u201cSembrando Bienestar\u201d, implementado en alianza con&#046;&#046;&#046;\" \/>\n<meta property=\"og:url\" content=\"https:\/\/noti-america.com\/site\/ecuador\/2024\/11\/15\/proyecto-sembrando-bienestar-de-alpina-fortalece-el-desarrollo-comunitario\/\" \/>\n<meta property=\"og:site_name\" content=\"Ecuador | Noti-America.com\" \/>\n<meta property=\"article:published_time\" content=\"2024-11-15T16:55:48+00:00\" \/>\n<meta property=\"og:image\" content=\"https:\/\/noti-america.com\/site\/ecuador\/wp-content\/uploads\/sites\/18\/2024\/11\/IMG-20241114-WA0220.jpg\" \/>\n\t<meta property=\"og:image:width\" content=\"1600\" \/>\n\t<meta property=\"og:image:height\" content=\"912\" \/>\n\t<meta property=\"og:image:type\" content=\"image\/jpeg\" \/>\n<meta name=\"author\" content=\"Henry Garrido\" \/>\n<meta name=\"twitter:card\" content=\"summary_large_image\" \/>\n<meta name=\"twitter:creator\" content=\"@notiamerica\" \/>\n<meta name=\"twitter:site\" content=\"@notiamerica\" \/>\n<meta name=\"twitter:label1\" content=\"Escrito por\" \/>\n\t<meta name=\"twitter:data1\" content=\"Henry Garrido\" \/>\n\t<meta name=\"twitter:label2\" content=\"Tiempo estimado de lectura\" \/>\n\t<meta name=\"twitter:data2\" content=\"2 minutos\" \/>\n<script type=\"application\/ld+json\" class=\"yoast-schema-graph\">{\"@context\":\"https:\/\/schema.org\",\"@graph\":[{\"@type\":\"Article\",\"@id\":\"https:\/\/noti-america.com\/site\/ecuador\/2024\/11\/15\/proyecto-sembrando-bienestar-de-alpina-fortalece-el-desarrollo-comunitario\/#article\",\"isPartOf\":{\"@id\":\"https:\/\/noti-america.com\/site\/ecuador\/2024\/11\/15\/proyecto-sembrando-bienestar-de-alpina-fortalece-el-desarrollo-comunitario\/\"},\"author\":{\"name\":\"Henry Garrido\",\"@id\":\"https:\/\/noti-america.com\/site\/ecuador\/#\/schema\/person\/00042412cfa9ecf98077f847ffadda4a\"},\"headline\":\"Proyecto \u201cSembrando Bienestar\u201d de Alpina fortalece el desarrollo comunitario\",\"datePublished\":\"2024-11-15T16:55:48+00:00\",\"mainEntityOfPage\":{\"@id\":\"https:\/\/noti-america.com\/site\/ecuador\/2024\/11\/15\/proyecto-sembrando-bienestar-de-alpina-fortalece-el-desarrollo-comunitario\/\"},\"wordCount\":254,\"commentCount\":1,\"publisher\":{\"@id\":\"https:\/\/noti-america.com\/site\/ecuador\/#organization\"},\"image\":{\"@id\":\"https:\/\/noti-america.com\/site\/ecuador\/2024\/11\/15\/proyecto-sembrando-bienestar-de-alpina-fortalece-el-desarrollo-comunitario\/#primaryimage\"},\"thumbnailUrl\":\"https:\/\/noti-america.com\/site\/ecuador\/wp-content\/uploads\/sites\/18\/2024\/11\/IMG-20241114-WA0220.jpg\",\"articleSection\":[\"Responsabilidad Social Empresarial\"],\"inLanguage\":\"es\",\"potentialAction\":[{\"@type\":\"CommentAction\",\"name\":\"Comment\",\"target\":[\"https:\/\/noti-america.com\/site\/ecuador\/2024\/11\/15\/proyecto-sembrando-bienestar-de-alpina-fortalece-el-desarrollo-comunitario\/#respond\"]}]},{\"@type\":\"WebPage\",\"@id\":\"https:\/\/noti-america.com\/site\/ecuador\/2024\/11\/15\/proyecto-sembrando-bienestar-de-alpina-fortalece-el-desarrollo-comunitario\/\",\"url\":\"https:\/\/noti-america.com\/site\/ecuador\/2024\/11\/15\/proyecto-sembrando-bienestar-de-alpina-fortalece-el-desarrollo-comunitario\/\",\"name\":\"Proyecto \u201cSembrando Bienestar\u201d de Alpina fortalece el desarrollo comunitario - Ecuador | Noti-America.com\",\"isPartOf\":{\"@id\":\"https:\/\/noti-america.com\/site\/ecuador\/#website\"},\"primaryImageOfPage\":{\"@id\":\"https:\/\/noti-america.com\/site\/ecuador\/2024\/11\/15\/proyecto-sembrando-bienestar-de-alpina-fortalece-el-desarrollo-comunitario\/#primaryimage\"},\"image\":{\"@id\":\"https:\/\/noti-america.com\/site\/ecuador\/2024\/11\/15\/proyecto-sembrando-bienestar-de-alpina-fortalece-el-desarrollo-comunitario\/#primaryimage\"},\"thumbnailUrl\":\"https:\/\/noti-america.com\/site\/ecuador\/wp-content\/uploads\/sites\/18\/2024\/11\/IMG-20241114-WA0220.jpg\",\"datePublished\":\"2024-11-15T16:55:48+00:00\",\"breadcrumb\":{\"@id\":\"https:\/\/noti-america.com\/site\/ecuador\/2024\/11\/15\/proyecto-sembrando-bienestar-de-alpina-fortalece-el-desarrollo-comunitario\/#breadcrumb\"},\"inLanguage\":\"es\",\"potentialAction\":[{\"@type\":\"ReadAction\",\"target\":[\"https:\/\/noti-america.com\/site\/ecuador\/2024\/11\/15\/proyecto-sembrando-bienestar-de-alpina-fortalece-el-desarrollo-comunitario\/\"]}]},{\"@type\":\"ImageObject\",\"inLanguage\":\"es\",\"@id\":\"https:\/\/noti-america.com\/site\/ecuador\/2024\/11\/15\/proyecto-sembrando-bienestar-de-alpina-fortalece-el-desarrollo-comunitario\/#primaryimage\",\"url\":\"https:\/\/noti-america.com\/site\/ecuador\/wp-content\/uploads\/sites\/18\/2024\/11\/IMG-20241114-WA0220.jpg\",\"contentUrl\":\"https:\/\/noti-america.com\/site\/ecuador\/wp-content\/uploads\/sites\/18\/2024\/11\/IMG-20241114-WA0220.jpg\",\"width\":1600,\"height\":912},{\"@type\":\"BreadcrumbList\",\"@id\":\"https:\/\/noti-america.com\/site\/ecuador\/2024\/11\/15\/proyecto-sembrando-bienestar-de-alpina-fortalece-el-desarrollo-comunitario\/#breadcrumb\",\"itemListElement\":[{\"@type\":\"ListItem\",\"position\":1,\"name\":\"Portada\",\"item\":\"https:\/\/noti-america.com\/site\/ecuador\/\"},{\"@type\":\"ListItem\",\"position\":2,\"name\":\"Proyecto \u201cSembrando Bienestar\u201d de Alpina fortalece el desarrollo comunitario\"}]},{\"@type\":\"WebSite\",\"@id\":\"https:\/\/noti-america.com\/site\/ecuador\/#website\",\"url\":\"https:\/\/noti-america.com\/site\/ecuador\/\",\"name\":\"Ecuador | Noti-America.com\",\"description\":\"\",\"publisher\":{\"@id\":\"https:\/\/noti-america.com\/site\/ecuador\/#organization\"},\"potentialAction\":[{\"@type\":\"SearchAction\",\"target\":{\"@type\":\"EntryPoint\",\"urlTemplate\":\"https:\/\/noti-america.com\/site\/ecuador\/?s={search_term_string}\"},\"query-input\":{\"@type\":\"PropertyValueSpecification\",\"valueRequired\":true,\"valueName\":\"search_term_string\"}}],\"inLanguage\":\"es\"},{\"@type\":\"Organization\",\"@id\":\"https:\/\/noti-america.com\/site\/ecuador\/#organization\",\"name\":\"Noti-America LLC | Ecuador\",\"url\":\"https:\/\/noti-america.com\/site\/ecuador\/\",\"logo\":{\"@type\":\"ImageObject\",\"inLanguage\":\"es\",\"@id\":\"https:\/\/noti-america.com\/site\/ecuador\/#\/schema\/logo\/image\/\",\"url\":\"https:\/\/noti-america.com\/site\/ecuador\/wp-content\/uploads\/sites\/18\/2020\/07\/LogoNA-4x3-1.jpg\",\"contentUrl\":\"https:\/\/noti-america.com\/site\/ecuador\/wp-content\/uploads\/sites\/18\/2020\/07\/LogoNA-4x3-1.jpg\",\"width\":1236,\"height\":1080,\"caption\":\"Noti-America LLC | Ecuador\"},\"image\":{\"@id\":\"https:\/\/noti-america.com\/site\/ecuador\/#\/schema\/logo\/image\/\"},\"sameAs\":[\"https:\/\/x.com\/notiamerica\"]},{\"@type\":\"Person\",\"@id\":\"https:\/\/noti-america.com\/site\/ecuador\/#\/schema\/person\/00042412cfa9ecf98077f847ffadda4a\",\"name\":\"Henry Garrido\",\"image\":{\"@type\":\"ImageObject\",\"inLanguage\":\"es\",\"@id\":\"https:\/\/secure.gravatar.com\/avatar\/749ae5a1e6f22cf042f04b9f3f0a22732ae36970ccfd5c54a0a2ac3c4e1166ed?s=96&d=mm&r=g\",\"url\":\"https:\/\/secure.gravatar.com\/avatar\/749ae5a1e6f22cf042f04b9f3f0a22732ae36970ccfd5c54a0a2ac3c4e1166ed?s=96&d=mm&r=g\",\"contentUrl\":\"https:\/\/secure.gravatar.com\/avatar\/749ae5a1e6f22cf042f04b9f3f0a22732ae36970ccfd5c54a0a2ac3c4e1166ed?s=96&d=mm&r=g\",\"caption\":\"Henry Garrido\"},\"url\":\"https:\/\/noti-america.com\/site\/ecuador\/author\/hgarrido\/\"}]}<\/script>\n<!-- \/ Yoast SEO Premium plugin. -->","yoast_head_json":{"title":"Proyecto \u201cSembrando Bienestar\u201d de Alpina fortalece el desarrollo comunitario - Ecuador | Noti-America.com","robots":{"index":"index","follow":"follow","max-snippet":"max-snippet:-1","max-image-preview":"max-image-preview:large","max-video-preview":"max-video-preview:-1"},"canonical":"https:\/\/noti-america.com\/site\/ecuador\/2024\/11\/15\/proyecto-sembrando-bienestar-de-alpina-fortalece-el-desarrollo-comunitario\/","og_locale":"es_ES","og_type":"article","og_title":"Proyecto \u201cSembrando Bienestar\u201d de Alpina fortalece el desarrollo comunitario","og_description":"REDACCI\u00d3N NOTI-AM\u00c9RICA (ECUADOR). En el marco de su compromiso con el desarrollo integral de las comunidades donde opera, Alpina Ecuador celebra la culminaci\u00f3n del primer a\u00f1o del proyecto \u201cSembrando Bienestar\u201d, implementado en alianza con&#46;&#46;&#46;","og_url":"https:\/\/noti-america.com\/site\/ecuador\/2024\/11\/15\/proyecto-sembrando-bienestar-de-alpina-fortalece-el-desarrollo-comunitario\/","og_site_name":"Ecuador | Noti-America.com","article_published_time":"2024-11-15T16:55:48+00:00","og_image":[{"width":1600,"height":912,"url":"https:\/\/noti-america.com\/site\/ecuador\/wp-content\/uploads\/sites\/18\/2024\/11\/IMG-20241114-WA0220.jpg","type":"image\/jpeg"}],"author":"Henry Garrido","twitter_card":"summary_large_image","twitter_creator":"@notiamerica","twitter_site":"@notiamerica","twitter_misc":{"Escrito por":"Henry Garrido","Tiempo estimado de lectura":"2 minutos"},"schema":{"@context":"https:\/\/schema.org","@graph":[{"@type":"Article","@id":"https:\/\/noti-america.com\/site\/ecuador\/2024\/11\/15\/proyecto-sembrando-bienestar-de-alpina-fortalece-el-desarrollo-comunitario\/#article","isPartOf":{"@id":"https:\/\/noti-america.com\/site\/ecuador\/2024\/11\/15\/proyecto-sembrando-bienestar-de-alpina-fortalece-el-desarrollo-comunitario\/"},"author":{"name":"Henry Garrido","@id":"https:\/\/noti-america.com\/site\/ecuador\/#\/schema\/person\/00042412cfa9ecf98077f847ffadda4a"},"headline":"Proyecto \u201cSembrando Bienestar\u201d de Alpina fortalece el desarrollo comunitario","datePublished":"2024-11-15T16:55:48+00:00","mainEntityOfPage":{"@id":"https:\/\/noti-america.com\/site\/ecuador\/2024\/11\/15\/proyecto-sembrando-bienestar-de-alpina-fortalece-el-desarrollo-comunitario\/"},"wordCount":254,"commentCount":1,"publisher":{"@id":"https:\/\/noti-america.com\/site\/ecuador\/#organization"},"image":{"@id":"https:\/\/noti-america.com\/site\/ecuador\/2024\/11\/15\/proyecto-sembrando-bienestar-de-alpina-fortalece-el-desarrollo-comunitario\/#primaryimage"},"thumbnailUrl":"https:\/\/noti-america.com\/site\/ecuador\/wp-content\/uploads\/sites\/18\/2024\/11\/IMG-20241114-WA0220.jpg","articleSection":["Responsabilidad Social Empresarial"],"inLanguage":"es","potentialAction":[{"@type":"CommentAction","name":"Comment","target":["https:\/\/noti-america.com\/site\/ecuador\/2024\/11\/15\/proyecto-sembrando-bienestar-de-alpina-fortalece-el-desarrollo-comunitario\/#respond"]}]},{"@type":"WebPage","@id":"https:\/\/noti-america.com\/site\/ecuador\/2024\/11\/15\/proyecto-sembrando-bienestar-de-alpina-fortalece-el-desarrollo-comunitario\/","url":"https:\/\/noti-america.com\/site\/ecuador\/2024\/11\/15\/proyecto-sembrando-bienestar-de-alpina-fortalece-el-desarrollo-comunitario\/","name":"Proyecto \u201cSembrando Bienestar\u201d de Alpina fortalece el desarrollo comunitario - Ecuador | Noti-America.com","isPartOf":{"@id":"https:\/\/noti-america.com\/site\/ecuador\/#website"},"primaryImageOfPage":{"@id":"https:\/\/noti-america.com\/site\/ecuador\/2024\/11\/15\/proyecto-sembrando-bienestar-de-alpina-fortalece-el-desarrollo-comunitario\/#primaryimage"},"image":{"@id":"https:\/\/noti-america.com\/site\/ecuador\/2024\/11\/15\/proyecto-sembrando-bienestar-de-alpina-fortalece-el-desarrollo-comunitario\/#primaryimage"},"thumbnailUrl":"https:\/\/noti-america.com\/site\/ecuador\/wp-content\/uploads\/sites\/18\/2024\/11\/IMG-20241114-WA0220.jpg","datePublished":"2024-11-15T16:55:48+00:00","breadcrumb":{"@id":"https:\/\/noti-america.com\/site\/ecuador\/2024\/11\/15\/proyecto-sembrando-bienestar-de-alpina-fortalece-el-desarrollo-comunitario\/#breadcrumb"},"inLanguage":"es","potentialAction":[{"@type":"ReadAction","target":["https:\/\/noti-america.com\/site\/ecuador\/2024\/11\/15\/proyecto-sembrando-bienestar-de-alpina-fortalece-el-desarrollo-comunitario\/"]}]},{"@type":"ImageObject","inLanguage":"es","@id":"https:\/\/noti-america.com\/site\/ecuador\/2024\/11\/15\/proyecto-sembrando-bienestar-de-alpina-fortalece-el-desarrollo-comunitario\/#primaryimage","url":"https:\/\/noti-america.com\/site\/ecuador\/wp-content\/uploads\/sites\/18\/2024\/11\/IMG-20241114-WA0220.jpg","contentUrl":"https:\/\/noti-america.com\/site\/ecuador\/wp-content\/uploads\/sites\/18\/2024\/11\/IMG-20241114-WA0220.jpg","width":1600,"height":912},{"@type":"BreadcrumbList","@id":"https:\/\/noti-america.com\/site\/ecuador\/2024\/11\/15\/proyecto-sembrando-bienestar-de-alpina-fortalece-el-desarrollo-comunitario\/#breadcrumb","itemListElement":[{"@type":"ListItem","position":1,"name":"Portada","item":"https:\/\/noti-america.com\/site\/ecuador\/"},{"@type":"ListItem","position":2,"name":"Proyecto \u201cSembrando Bienestar\u201d de Alpina fortalece el desarrollo comunitario"}]},{"@type":"WebSite","@id":"https:\/\/noti-america.com\/site\/ecuador\/#website","url":"https:\/\/noti-america.com\/site\/ecuador\/","name":"Ecuador | Noti-America.com","description":"","publisher":{"@id":"https:\/\/noti-america.com\/site\/ecuador\/#organization"},"potentialAction":[{"@type":"SearchAction","target":{"@type":"EntryPoint","urlTemplate":"https:\/\/noti-america.com\/site\/ecuador\/?s={search_term_string}"},"query-input":{"@type":"PropertyValueSpecification","valueRequired":true,"valueName":"search_term_string"}}],"inLanguage":"es"},{"@type":"Organization","@id":"https:\/\/noti-america.com\/site\/ecuador\/#organization","name":"Noti-America LLC | Ecuador","url":"https:\/\/noti-america.com\/site\/ecuador\/","logo":{"@type":"ImageObject","inLanguage":"es","@id":"https:\/\/noti-america.com\/site\/ecuador\/#\/schema\/logo\/image\/","url":"https:\/\/noti-america.com\/site\/ecuador\/wp-content\/uploads\/sites\/18\/2020\/07\/LogoNA-4x3-1.jpg","contentUrl":"https:\/\/noti-america.com\/site\/ecuador\/wp-content\/uploads\/sites\/18\/2020\/07\/LogoNA-4x3-1.jpg","width":1236,"height":1080,"caption":"Noti-America LLC | Ecuador"},"image":{"@id":"https:\/\/noti-america.com\/site\/ecuador\/#\/schema\/logo\/image\/"},"sameAs":["https:\/\/x.com\/notiamerica"]},{"@type":"Person","@id":"https:\/\/noti-america.com\/site\/ecuador\/#\/schema\/person\/00042412cfa9ecf98077f847ffadda4a","name":"Henry Garrido","image":{"@type":"ImageObject","inLanguage":"es","@id":"https:\/\/secure.gravatar.com\/avatar\/749ae5a1e6f22cf042f04b9f3f0a22732ae36970ccfd5c54a0a2ac3c4e1166ed?s=96&d=mm&r=g","url":"https:\/\/secure.gravatar.com\/avatar\/749ae5a1e6f22cf042f04b9f3f0a22732ae36970ccfd5c54a0a2ac3c4e1166ed?s=96&d=mm&r=g","contentUrl":"https:\/\/secure.gravatar.com\/avatar\/749ae5a1e6f22cf042f04b9f3f0a22732ae36970ccfd5c54a0a2ac3c4e1166ed?s=96&d=mm&r=g","caption":"Henry Garrido"},"url":"https:\/\/noti-america.com\/site\/ecuador\/author\/hgarrido\/"}]}},"_links":{"self":[{"href":"https:\/\/noti-america.com\/site\/ecuador\/wp-json\/wp\/v2\/posts\/32880","targetHints":{"allow":["GET"]}}],"collection":[{"href":"https:\/\/noti-america.com\/site\/ecuador\/wp-json\/wp\/v2\/posts"}],"about":[{"href":"https:\/\/noti-america.com\/site\/ecuador\/wp-json\/wp\/v2\/types\/post"}],"author":[{"embeddable":true,"href":"https:\/\/noti-america.com\/site\/ecuador\/wp-json\/wp\/v2\/users\/144"}],"replies":[{"embeddable":true,"href":"https:\/\/noti-america.com\/site\/ecuador\/wp-json\/wp\/v2\/comments?post=32880"}],"version-history":[{"count":1,"href":"https:\/\/noti-america.com\/site\/ecuador\/wp-json\/wp\/v2\/posts\/32880\/revisions"}],"predecessor-version":[{"id":32882,"href":"https:\/\/noti-america.com\/site\/ecuador\/wp-json\/wp\/v2\/posts\/32880\/revisions\/32882"}],"wp:featuredmedia":[{"embeddable":true,"href":"https:\/\/noti-america.com\/site\/ecuador\/wp-json\/wp\/v2\/media\/32881"}],"wp:attachment":[{"href":"https:\/\/noti-america.com\/site\/ecuador\/wp-json\/wp\/v2\/media?parent=32880"}],"wp:term":[{"taxonomy":"category","embeddable":true,"href":"https:\/\/noti-america.com\/site\/ecuador\/wp-json\/wp\/v2\/categories?post=32880"},{"taxonomy":"post_tag","embeddable":true,"href":"https:\/\/noti-america.com\/site\/ecuador\/wp-json\/wp\/v2\/tags?post=32880"}],"curies":[{"name":"wp","href":"https:\/\/api.w.org\/{rel}","templated":true}]}}