{"id":3279,"date":"2019-02-05T01:40:37","date_gmt":"2019-02-05T01:40:37","guid":{"rendered":"http:\/\/noti-america.com\/site\/ecuador\/?p=3279"},"modified":"2019-02-05T01:40:37","modified_gmt":"2019-02-05T01:40:37","slug":"al-pais-llegaron-las-primeras-20-unidades-de-buses-electricos-y-comenzaran-a-circular-desde-marzo-en-guayaquil","status":"publish","type":"post","link":"https:\/\/noti-america.com\/site\/ecuador\/2019\/02\/05\/al-pais-llegaron-las-primeras-20-unidades-de-buses-electricos-y-comenzaran-a-circular-desde-marzo-en-guayaquil\/","title":{"rendered":"Al pa\u00eds llegaron las primeras 20 unidades de buses el\u00e9ctricos y comenzaran a circular desde marzo en Guayaquil"},"content":{"rendered":"<p>REDACCI\u00d3N NOTI-AM\u00c9RICA (ECUADOR)<\/p>\n<p style=\"text-align: justify\">Autoridades nacionales, seccionales y empresarios de la transportaci\u00f3n p\u00fablica, recibieron las primeras 20 unidades de buses el\u00e9ctricos, en el Puerto Mar\u00edtimo de Manta, los mismos que ser\u00e1n utilizados para la transportaci\u00f3n p\u00fablica en la ciudad de\u00a0 Guayaquil.<\/p>\n<p style=\"text-align: justify\">\u201cQue esta sea la primera de una muestra clara de lo que podemos hacer cuando trabajamos juntos, cuando articulamos esfuerzos, cuando ponemos por delante al Pa\u00eds y dejamos de lado los celos pol\u00edticos y el individualismo\u201d, afirm\u00f3 el vicepresidente del pa\u00eds, Otto Sonnenholzner, y acot\u00f3 \u201cque hoy ha ocurrido la\u00a0 articulaci\u00f3n de varios actores, Gobierno Central, Ministerio de Electricidad, la Autoridad de Tr\u00e1nsito Municipal de Guayaquil, que la nueva normativa motiva no solo a los transportistas tambi\u00e9n a los taxistas.<\/p>\n<p style=\"text-align: justify\">\u201cLa transportaci\u00f3n p\u00fablica tiene que ser ecol\u00f3gica y c\u00f3moda, para poder competir con los veh\u00edculos particulares, estos 20 buses tienen aire acondicionado y hacia all\u00e1 debe apuntar todo el pa\u00eds, con esta suma de acciones entre el gobierno local y gobierno nacional. Llamamos la atenci\u00f3n a Inmobiliar, quien tiene un predio vaci\u00f3, para que lo ponga a disposici\u00f3n de este modelo de movilidad ecol\u00f3gica, a fines de Marzo tendremos la primera electrolinera del pa\u00eds, que esperamos se replique en todo el territorio nacional\u201d, expres\u00f3 Andr\u00e9s Roche, principal de la ATM.<\/p>\n<p style=\"text-align: justify\">Roche, manifest\u00f3 que se est\u00e1n construyendo 8 bermas en el casco comercial de Guayaquil para los taxis con la condici\u00f3n de que al menos 150\u00a0 sean el\u00e9ctricos, con\u00a0 esto se puede demostrar que la suma de acciones entre; CFN, transportista, gobierno local y gobierno nacional, ha demostrado que se puede trabajar por una com\u00fan causa, y lo de Guayaquil debe replicarse en el pa\u00eds\u201d, acot\u00f3 el funcionario.<\/p>\n<p style=\"text-align: justify\">Finalmente, Jos\u00e9 Silva Presidente de la Compa\u00f1\u00eda de transporte Saucinc, dijo que la voluntad no basta por ello es necesario otros actores como el gobierno nacional, para que apoyen el emprendimiento, el Municipio de Guayaquil y la ATM, deben transmiten confianza y debe haber reglas claras para invertir en la transportaci\u00f3n de Guayaquil, con controles tecnol\u00f3gicos que nos permitan un ahorro en la operaci\u00f3n, m\u00e1s un acertado manejo tarifario que nos impulse a invertir en nueva tecnolog\u00eda en buses el\u00e9ctricos\u201d estim\u00f3 Silva.<\/p>\n<p style=\"text-align: justify\">Invit\u00f3 a otros empresarios de la transportaci\u00f3n p\u00fablica para que aprovechen la apertura del Gobierno Nacional que respalda el emprendimiento y apoya la innovaci\u00f3n. La compa\u00f1\u00eda Sausinc, son pioneros en la adquisici\u00f3n de buses con tecnolog\u00eda amigable con el\u00a0 ambiente.<\/p>\n<p style=\"text-align: justify\">El Presidente dela CFN Ec. Juan Carlos J\u00e1come destac\u00f3 la decisi\u00f3n del Presidente de la Republica para abrir esta l\u00ednea de cr\u00e9dito para la transportaci\u00f3n con una tasa de inter\u00e9s baja para incorporar nuevas unidades con nueva tecnolog\u00eda.<\/p>\n","protected":false},"excerpt":{"rendered":"<p>REDACCI\u00d3N NOTI-AM\u00c9RICA (ECUADOR) Autoridades nacionales, seccionales y empresarios de la transportaci\u00f3n p\u00fablica, recibieron las primeras 20 unidades de buses el\u00e9ctricos, en el Puerto Mar\u00edtimo de Manta, los mismos que ser\u00e1n utilizados para la transportaci\u00f3n&#46;&#46;&#46;<\/p>\n","protected":false},"author":17,"featured_media":3283,"comment_status":"open","ping_status":"open","sticky":false,"template":"","format":"standard","meta":{"_acf_changed":false,"om_disable_all_campaigns":false,"rop_custom_images_group":[],"rop_custom_messages_group":[],"rop_publish_now":"initial","rop_publish_now_accounts":{"twitter_242054905_242054905":""},"rop_publish_now_history":[],"rop_publish_now_status":"pending","_uf_show_specific_survey":0,"_uf_disable_surveys":false,"footnotes":""},"categories":[42],"tags":[],"class_list":["post-3279","post","type-post","status-publish","format-standard","has-post-thumbnail","hentry","category-noticias"],"acf":[],"aioseo_notices":[],"yoast_head":"<!-- This site is optimized with the Yoast SEO Premium plugin v24.9 (Yoast SEO v27.2) - https:\/\/yoast.com\/product\/yoast-seo-premium-wordpress\/ -->\n<title>Al pa\u00eds llegaron las primeras 20 unidades de buses el\u00e9ctricos y comenzaran a circular desde marzo en Guayaquil - Ecuador | Noti-America.com<\/title>\n<meta name=\"robots\" content=\"index, follow, max-snippet:-1, max-image-preview:large, max-video-preview:-1\" \/>\n<link rel=\"canonical\" href=\"https:\/\/noti-america.com\/site\/ecuador\/2019\/02\/05\/al-pais-llegaron-las-primeras-20-unidades-de-buses-electricos-y-comenzaran-a-circular-desde-marzo-en-guayaquil\/\" \/>\n<meta property=\"og:locale\" content=\"es_ES\" \/>\n<meta property=\"og:type\" content=\"article\" \/>\n<meta property=\"og:title\" content=\"Al pa\u00eds llegaron las primeras 20 unidades de buses el\u00e9ctricos y comenzaran a circular desde marzo en Guayaquil\" \/>\n<meta property=\"og:description\" content=\"REDACCI\u00d3N NOTI-AM\u00c9RICA (ECUADOR) Autoridades nacionales, seccionales y empresarios de la transportaci\u00f3n p\u00fablica, recibieron las primeras 20 unidades de buses el\u00e9ctricos, en el Puerto Mar\u00edtimo de Manta, los mismos que ser\u00e1n utilizados para la transportaci\u00f3n&#046;&#046;&#046;\" \/>\n<meta property=\"og:url\" content=\"https:\/\/noti-america.com\/site\/ecuador\/2019\/02\/05\/al-pais-llegaron-las-primeras-20-unidades-de-buses-electricos-y-comenzaran-a-circular-desde-marzo-en-guayaquil\/\" \/>\n<meta property=\"og:site_name\" content=\"Ecuador | Noti-America.com\" \/>\n<meta property=\"article:published_time\" content=\"2019-02-05T01:40:37+00:00\" \/>\n<meta property=\"og:image\" content=\"https:\/\/noti-america.com\/site\/ecuador\/wp-content\/uploads\/sites\/18\/2019\/02\/AUTORIDADES-RECIBEN-20-BUSES-ELECTRICOS-PARA-GUAYAQUIL.jpg\" \/>\n\t<meta property=\"og:image:width\" content=\"1280\" \/>\n\t<meta property=\"og:image:height\" content=\"853\" \/>\n\t<meta property=\"og:image:type\" content=\"image\/jpeg\" \/>\n<meta name=\"author\" content=\"Gregory Quintana Montiel\" \/>\n<meta name=\"twitter:card\" content=\"summary_large_image\" \/>\n<meta name=\"twitter:creator\" content=\"@gdgregori1\" \/>\n<meta name=\"twitter:site\" content=\"@notiamerica\" \/>\n<meta name=\"twitter:label1\" content=\"Escrito por\" \/>\n\t<meta name=\"twitter:data1\" content=\"Gregory Quintana Montiel\" \/>\n\t<meta name=\"twitter:label2\" content=\"Tiempo estimado de lectura\" \/>\n\t<meta name=\"twitter:data2\" content=\"2 minutos\" \/>\n<script type=\"application\/ld+json\" class=\"yoast-schema-graph\">{\"@context\":\"https:\/\/schema.org\",\"@graph\":[{\"@type\":\"Article\",\"@id\":\"https:\/\/noti-america.com\/site\/ecuador\/2019\/02\/05\/al-pais-llegaron-las-primeras-20-unidades-de-buses-electricos-y-comenzaran-a-circular-desde-marzo-en-guayaquil\/#article\",\"isPartOf\":{\"@id\":\"https:\/\/noti-america.com\/site\/ecuador\/2019\/02\/05\/al-pais-llegaron-las-primeras-20-unidades-de-buses-electricos-y-comenzaran-a-circular-desde-marzo-en-guayaquil\/\"},\"author\":{\"name\":\"Gregory Quintana Montiel\",\"@id\":\"https:\/\/noti-america.com\/site\/ecuador\/#\/schema\/person\/3b975e42f15abfe64bfe3abdd916efda\"},\"headline\":\"Al pa\u00eds llegaron las primeras 20 unidades de buses el\u00e9ctricos y comenzaran a circular desde marzo en Guayaquil\",\"datePublished\":\"2019-02-05T01:40:37+00:00\",\"mainEntityOfPage\":{\"@id\":\"https:\/\/noti-america.com\/site\/ecuador\/2019\/02\/05\/al-pais-llegaron-las-primeras-20-unidades-de-buses-electricos-y-comenzaran-a-circular-desde-marzo-en-guayaquil\/\"},\"wordCount\":503,\"commentCount\":0,\"publisher\":{\"@id\":\"https:\/\/noti-america.com\/site\/ecuador\/#organization\"},\"image\":{\"@id\":\"https:\/\/noti-america.com\/site\/ecuador\/2019\/02\/05\/al-pais-llegaron-las-primeras-20-unidades-de-buses-electricos-y-comenzaran-a-circular-desde-marzo-en-guayaquil\/#primaryimage\"},\"thumbnailUrl\":\"https:\/\/noti-america.com\/site\/ecuador\/wp-content\/uploads\/sites\/18\/2019\/02\/AUTORIDADES-RECIBEN-20-BUSES-ELECTRICOS-PARA-GUAYAQUIL.jpg\",\"articleSection\":[\"Noticias\"],\"inLanguage\":\"es\",\"potentialAction\":[{\"@type\":\"CommentAction\",\"name\":\"Comment\",\"target\":[\"https:\/\/noti-america.com\/site\/ecuador\/2019\/02\/05\/al-pais-llegaron-las-primeras-20-unidades-de-buses-electricos-y-comenzaran-a-circular-desde-marzo-en-guayaquil\/#respond\"]}]},{\"@type\":\"WebPage\",\"@id\":\"https:\/\/noti-america.com\/site\/ecuador\/2019\/02\/05\/al-pais-llegaron-las-primeras-20-unidades-de-buses-electricos-y-comenzaran-a-circular-desde-marzo-en-guayaquil\/\",\"url\":\"https:\/\/noti-america.com\/site\/ecuador\/2019\/02\/05\/al-pais-llegaron-las-primeras-20-unidades-de-buses-electricos-y-comenzaran-a-circular-desde-marzo-en-guayaquil\/\",\"name\":\"Al pa\u00eds llegaron las primeras 20 unidades de buses el\u00e9ctricos y comenzaran a circular desde marzo en Guayaquil - Ecuador | Noti-America.com\",\"isPartOf\":{\"@id\":\"https:\/\/noti-america.com\/site\/ecuador\/#website\"},\"primaryImageOfPage\":{\"@id\":\"https:\/\/noti-america.com\/site\/ecuador\/2019\/02\/05\/al-pais-llegaron-las-primeras-20-unidades-de-buses-electricos-y-comenzaran-a-circular-desde-marzo-en-guayaquil\/#primaryimage\"},\"image\":{\"@id\":\"https:\/\/noti-america.com\/site\/ecuador\/2019\/02\/05\/al-pais-llegaron-las-primeras-20-unidades-de-buses-electricos-y-comenzaran-a-circular-desde-marzo-en-guayaquil\/#primaryimage\"},\"thumbnailUrl\":\"https:\/\/noti-america.com\/site\/ecuador\/wp-content\/uploads\/sites\/18\/2019\/02\/AUTORIDADES-RECIBEN-20-BUSES-ELECTRICOS-PARA-GUAYAQUIL.jpg\",\"datePublished\":\"2019-02-05T01:40:37+00:00\",\"breadcrumb\":{\"@id\":\"https:\/\/noti-america.com\/site\/ecuador\/2019\/02\/05\/al-pais-llegaron-las-primeras-20-unidades-de-buses-electricos-y-comenzaran-a-circular-desde-marzo-en-guayaquil\/#breadcrumb\"},\"inLanguage\":\"es\",\"potentialAction\":[{\"@type\":\"ReadAction\",\"target\":[\"https:\/\/noti-america.com\/site\/ecuador\/2019\/02\/05\/al-pais-llegaron-las-primeras-20-unidades-de-buses-electricos-y-comenzaran-a-circular-desde-marzo-en-guayaquil\/\"]}]},{\"@type\":\"ImageObject\",\"inLanguage\":\"es\",\"@id\":\"https:\/\/noti-america.com\/site\/ecuador\/2019\/02\/05\/al-pais-llegaron-las-primeras-20-unidades-de-buses-electricos-y-comenzaran-a-circular-desde-marzo-en-guayaquil\/#primaryimage\",\"url\":\"https:\/\/noti-america.com\/site\/ecuador\/wp-content\/uploads\/sites\/18\/2019\/02\/AUTORIDADES-RECIBEN-20-BUSES-ELECTRICOS-PARA-GUAYAQUIL.jpg\",\"contentUrl\":\"https:\/\/noti-america.com\/site\/ecuador\/wp-content\/uploads\/sites\/18\/2019\/02\/AUTORIDADES-RECIBEN-20-BUSES-ELECTRICOS-PARA-GUAYAQUIL.jpg\",\"width\":1280,\"height\":853,\"caption\":\"Llegaron las primeras 20 buses el\u00e9ctricos para Guayaquil\"},{\"@type\":\"BreadcrumbList\",\"@id\":\"https:\/\/noti-america.com\/site\/ecuador\/2019\/02\/05\/al-pais-llegaron-las-primeras-20-unidades-de-buses-electricos-y-comenzaran-a-circular-desde-marzo-en-guayaquil\/#breadcrumb\",\"itemListElement\":[{\"@type\":\"ListItem\",\"position\":1,\"name\":\"Portada\",\"item\":\"https:\/\/noti-america.com\/site\/ecuador\/\"},{\"@type\":\"ListItem\",\"position\":2,\"name\":\"Al pa\u00eds llegaron las primeras 20 unidades de buses el\u00e9ctricos y comenzaran a circular desde marzo en Guayaquil\"}]},{\"@type\":\"WebSite\",\"@id\":\"https:\/\/noti-america.com\/site\/ecuador\/#website\",\"url\":\"https:\/\/noti-america.com\/site\/ecuador\/\",\"name\":\"Ecuador | Noti-America.com\",\"description\":\"\",\"publisher\":{\"@id\":\"https:\/\/noti-america.com\/site\/ecuador\/#organization\"},\"potentialAction\":[{\"@type\":\"SearchAction\",\"target\":{\"@type\":\"EntryPoint\",\"urlTemplate\":\"https:\/\/noti-america.com\/site\/ecuador\/?s={search_term_string}\"},\"query-input\":{\"@type\":\"PropertyValueSpecification\",\"valueRequired\":true,\"valueName\":\"search_term_string\"}}],\"inLanguage\":\"es\"},{\"@type\":\"Organization\",\"@id\":\"https:\/\/noti-america.com\/site\/ecuador\/#organization\",\"name\":\"Noti-America LLC | Ecuador\",\"url\":\"https:\/\/noti-america.com\/site\/ecuador\/\",\"logo\":{\"@type\":\"ImageObject\",\"inLanguage\":\"es\",\"@id\":\"https:\/\/noti-america.com\/site\/ecuador\/#\/schema\/logo\/image\/\",\"url\":\"https:\/\/noti-america.com\/site\/ecuador\/wp-content\/uploads\/sites\/18\/2020\/07\/LogoNA-4x3-1.jpg\",\"contentUrl\":\"https:\/\/noti-america.com\/site\/ecuador\/wp-content\/uploads\/sites\/18\/2020\/07\/LogoNA-4x3-1.jpg\",\"width\":1236,\"height\":1080,\"caption\":\"Noti-America LLC | Ecuador\"},\"image\":{\"@id\":\"https:\/\/noti-america.com\/site\/ecuador\/#\/schema\/logo\/image\/\"},\"sameAs\":[\"https:\/\/x.com\/notiamerica\"]},{\"@type\":\"Person\",\"@id\":\"https:\/\/noti-america.com\/site\/ecuador\/#\/schema\/person\/3b975e42f15abfe64bfe3abdd916efda\",\"name\":\"Gregory Quintana Montiel\",\"image\":{\"@type\":\"ImageObject\",\"inLanguage\":\"es\",\"@id\":\"https:\/\/secure.gravatar.com\/avatar\/2d6b802f7720c2ec7744dcbe608cc2f3417aeb964d58b443c6d612b77531de1d?s=96&d=mm&r=g\",\"url\":\"https:\/\/secure.gravatar.com\/avatar\/2d6b802f7720c2ec7744dcbe608cc2f3417aeb964d58b443c6d612b77531de1d?s=96&d=mm&r=g\",\"contentUrl\":\"https:\/\/secure.gravatar.com\/avatar\/2d6b802f7720c2ec7744dcbe608cc2f3417aeb964d58b443c6d612b77531de1d?s=96&d=mm&r=g\",\"caption\":\"Gregory Quintana Montiel\"},\"description\":\"Licenciatura en Ciencias de la Comunicaci\u00f3n Social, egresado en la Especializaci\u00f3n Derecho Ambiental Desarrollo Sostenible y Sustentable, Miembro de la Comunidad de profesionales y experto para Latinoam\u00e9rica y el Caribe en Gesti\u00f3n por Resultado en el Desarrollo (COPLAC - GpRD) del Banco Interamericano de Desarrollo, experiencia en medios radiales y escritos.\",\"sameAs\":[\"https:\/\/x.com\/gdgregori1\",\"gquintana\"],\"url\":\"https:\/\/noti-america.com\/site\/ecuador\/author\/gquintana\/\"}]}<\/script>\n<!-- \/ Yoast SEO Premium plugin. -->","yoast_head_json":{"title":"Al pa\u00eds llegaron las primeras 20 unidades de buses el\u00e9ctricos y comenzaran a circular desde marzo en Guayaquil - Ecuador | Noti-America.com","robots":{"index":"index","follow":"follow","max-snippet":"max-snippet:-1","max-image-preview":"max-image-preview:large","max-video-preview":"max-video-preview:-1"},"canonical":"https:\/\/noti-america.com\/site\/ecuador\/2019\/02\/05\/al-pais-llegaron-las-primeras-20-unidades-de-buses-electricos-y-comenzaran-a-circular-desde-marzo-en-guayaquil\/","og_locale":"es_ES","og_type":"article","og_title":"Al pa\u00eds llegaron las primeras 20 unidades de buses el\u00e9ctricos y comenzaran a circular desde marzo en Guayaquil","og_description":"REDACCI\u00d3N NOTI-AM\u00c9RICA (ECUADOR) Autoridades nacionales, seccionales y empresarios de la transportaci\u00f3n p\u00fablica, recibieron las primeras 20 unidades de buses el\u00e9ctricos, en el Puerto Mar\u00edtimo de Manta, los mismos que ser\u00e1n utilizados para la transportaci\u00f3n&#46;&#46;&#46;","og_url":"https:\/\/noti-america.com\/site\/ecuador\/2019\/02\/05\/al-pais-llegaron-las-primeras-20-unidades-de-buses-electricos-y-comenzaran-a-circular-desde-marzo-en-guayaquil\/","og_site_name":"Ecuador | Noti-America.com","article_published_time":"2019-02-05T01:40:37+00:00","og_image":[{"width":1280,"height":853,"url":"https:\/\/noti-america.com\/site\/ecuador\/wp-content\/uploads\/sites\/18\/2019\/02\/AUTORIDADES-RECIBEN-20-BUSES-ELECTRICOS-PARA-GUAYAQUIL.jpg","type":"image\/jpeg"}],"author":"Gregory Quintana Montiel","twitter_card":"summary_large_image","twitter_creator":"@gdgregori1","twitter_site":"@notiamerica","twitter_misc":{"Escrito por":"Gregory Quintana Montiel","Tiempo estimado de lectura":"2 minutos"},"schema":{"@context":"https:\/\/schema.org","@graph":[{"@type":"Article","@id":"https:\/\/noti-america.com\/site\/ecuador\/2019\/02\/05\/al-pais-llegaron-las-primeras-20-unidades-de-buses-electricos-y-comenzaran-a-circular-desde-marzo-en-guayaquil\/#article","isPartOf":{"@id":"https:\/\/noti-america.com\/site\/ecuador\/2019\/02\/05\/al-pais-llegaron-las-primeras-20-unidades-de-buses-electricos-y-comenzaran-a-circular-desde-marzo-en-guayaquil\/"},"author":{"name":"Gregory Quintana Montiel","@id":"https:\/\/noti-america.com\/site\/ecuador\/#\/schema\/person\/3b975e42f15abfe64bfe3abdd916efda"},"headline":"Al pa\u00eds llegaron las primeras 20 unidades de buses el\u00e9ctricos y comenzaran a circular desde marzo en Guayaquil","datePublished":"2019-02-05T01:40:37+00:00","mainEntityOfPage":{"@id":"https:\/\/noti-america.com\/site\/ecuador\/2019\/02\/05\/al-pais-llegaron-las-primeras-20-unidades-de-buses-electricos-y-comenzaran-a-circular-desde-marzo-en-guayaquil\/"},"wordCount":503,"commentCount":0,"publisher":{"@id":"https:\/\/noti-america.com\/site\/ecuador\/#organization"},"image":{"@id":"https:\/\/noti-america.com\/site\/ecuador\/2019\/02\/05\/al-pais-llegaron-las-primeras-20-unidades-de-buses-electricos-y-comenzaran-a-circular-desde-marzo-en-guayaquil\/#primaryimage"},"thumbnailUrl":"https:\/\/noti-america.com\/site\/ecuador\/wp-content\/uploads\/sites\/18\/2019\/02\/AUTORIDADES-RECIBEN-20-BUSES-ELECTRICOS-PARA-GUAYAQUIL.jpg","articleSection":["Noticias"],"inLanguage":"es","potentialAction":[{"@type":"CommentAction","name":"Comment","target":["https:\/\/noti-america.com\/site\/ecuador\/2019\/02\/05\/al-pais-llegaron-las-primeras-20-unidades-de-buses-electricos-y-comenzaran-a-circular-desde-marzo-en-guayaquil\/#respond"]}]},{"@type":"WebPage","@id":"https:\/\/noti-america.com\/site\/ecuador\/2019\/02\/05\/al-pais-llegaron-las-primeras-20-unidades-de-buses-electricos-y-comenzaran-a-circular-desde-marzo-en-guayaquil\/","url":"https:\/\/noti-america.com\/site\/ecuador\/2019\/02\/05\/al-pais-llegaron-las-primeras-20-unidades-de-buses-electricos-y-comenzaran-a-circular-desde-marzo-en-guayaquil\/","name":"Al pa\u00eds llegaron las primeras 20 unidades de buses el\u00e9ctricos y comenzaran a circular desde marzo en Guayaquil - Ecuador | Noti-America.com","isPartOf":{"@id":"https:\/\/noti-america.com\/site\/ecuador\/#website"},"primaryImageOfPage":{"@id":"https:\/\/noti-america.com\/site\/ecuador\/2019\/02\/05\/al-pais-llegaron-las-primeras-20-unidades-de-buses-electricos-y-comenzaran-a-circular-desde-marzo-en-guayaquil\/#primaryimage"},"image":{"@id":"https:\/\/noti-america.com\/site\/ecuador\/2019\/02\/05\/al-pais-llegaron-las-primeras-20-unidades-de-buses-electricos-y-comenzaran-a-circular-desde-marzo-en-guayaquil\/#primaryimage"},"thumbnailUrl":"https:\/\/noti-america.com\/site\/ecuador\/wp-content\/uploads\/sites\/18\/2019\/02\/AUTORIDADES-RECIBEN-20-BUSES-ELECTRICOS-PARA-GUAYAQUIL.jpg","datePublished":"2019-02-05T01:40:37+00:00","breadcrumb":{"@id":"https:\/\/noti-america.com\/site\/ecuador\/2019\/02\/05\/al-pais-llegaron-las-primeras-20-unidades-de-buses-electricos-y-comenzaran-a-circular-desde-marzo-en-guayaquil\/#breadcrumb"},"inLanguage":"es","potentialAction":[{"@type":"ReadAction","target":["https:\/\/noti-america.com\/site\/ecuador\/2019\/02\/05\/al-pais-llegaron-las-primeras-20-unidades-de-buses-electricos-y-comenzaran-a-circular-desde-marzo-en-guayaquil\/"]}]},{"@type":"ImageObject","inLanguage":"es","@id":"https:\/\/noti-america.com\/site\/ecuador\/2019\/02\/05\/al-pais-llegaron-las-primeras-20-unidades-de-buses-electricos-y-comenzaran-a-circular-desde-marzo-en-guayaquil\/#primaryimage","url":"https:\/\/noti-america.com\/site\/ecuador\/wp-content\/uploads\/sites\/18\/2019\/02\/AUTORIDADES-RECIBEN-20-BUSES-ELECTRICOS-PARA-GUAYAQUIL.jpg","contentUrl":"https:\/\/noti-america.com\/site\/ecuador\/wp-content\/uploads\/sites\/18\/2019\/02\/AUTORIDADES-RECIBEN-20-BUSES-ELECTRICOS-PARA-GUAYAQUIL.jpg","width":1280,"height":853,"caption":"Llegaron las primeras 20 buses el\u00e9ctricos para Guayaquil"},{"@type":"BreadcrumbList","@id":"https:\/\/noti-america.com\/site\/ecuador\/2019\/02\/05\/al-pais-llegaron-las-primeras-20-unidades-de-buses-electricos-y-comenzaran-a-circular-desde-marzo-en-guayaquil\/#breadcrumb","itemListElement":[{"@type":"ListItem","position":1,"name":"Portada","item":"https:\/\/noti-america.com\/site\/ecuador\/"},{"@type":"ListItem","position":2,"name":"Al pa\u00eds llegaron las primeras 20 unidades de buses el\u00e9ctricos y comenzaran a circular desde marzo en Guayaquil"}]},{"@type":"WebSite","@id":"https:\/\/noti-america.com\/site\/ecuador\/#website","url":"https:\/\/noti-america.com\/site\/ecuador\/","name":"Ecuador | Noti-America.com","description":"","publisher":{"@id":"https:\/\/noti-america.com\/site\/ecuador\/#organization"},"potentialAction":[{"@type":"SearchAction","target":{"@type":"EntryPoint","urlTemplate":"https:\/\/noti-america.com\/site\/ecuador\/?s={search_term_string}"},"query-input":{"@type":"PropertyValueSpecification","valueRequired":true,"valueName":"search_term_string"}}],"inLanguage":"es"},{"@type":"Organization","@id":"https:\/\/noti-america.com\/site\/ecuador\/#organization","name":"Noti-America LLC | Ecuador","url":"https:\/\/noti-america.com\/site\/ecuador\/","logo":{"@type":"ImageObject","inLanguage":"es","@id":"https:\/\/noti-america.com\/site\/ecuador\/#\/schema\/logo\/image\/","url":"https:\/\/noti-america.com\/site\/ecuador\/wp-content\/uploads\/sites\/18\/2020\/07\/LogoNA-4x3-1.jpg","contentUrl":"https:\/\/noti-america.com\/site\/ecuador\/wp-content\/uploads\/sites\/18\/2020\/07\/LogoNA-4x3-1.jpg","width":1236,"height":1080,"caption":"Noti-America LLC | Ecuador"},"image":{"@id":"https:\/\/noti-america.com\/site\/ecuador\/#\/schema\/logo\/image\/"},"sameAs":["https:\/\/x.com\/notiamerica"]},{"@type":"Person","@id":"https:\/\/noti-america.com\/site\/ecuador\/#\/schema\/person\/3b975e42f15abfe64bfe3abdd916efda","name":"Gregory Quintana Montiel","image":{"@type":"ImageObject","inLanguage":"es","@id":"https:\/\/secure.gravatar.com\/avatar\/2d6b802f7720c2ec7744dcbe608cc2f3417aeb964d58b443c6d612b77531de1d?s=96&d=mm&r=g","url":"https:\/\/secure.gravatar.com\/avatar\/2d6b802f7720c2ec7744dcbe608cc2f3417aeb964d58b443c6d612b77531de1d?s=96&d=mm&r=g","contentUrl":"https:\/\/secure.gravatar.com\/avatar\/2d6b802f7720c2ec7744dcbe608cc2f3417aeb964d58b443c6d612b77531de1d?s=96&d=mm&r=g","caption":"Gregory Quintana Montiel"},"description":"Licenciatura en Ciencias de la Comunicaci\u00f3n Social, egresado en la Especializaci\u00f3n Derecho Ambiental Desarrollo Sostenible y Sustentable, Miembro de la Comunidad de profesionales y experto para Latinoam\u00e9rica y el Caribe en Gesti\u00f3n por Resultado en el Desarrollo (COPLAC - GpRD) del Banco Interamericano de Desarrollo, experiencia en medios radiales y escritos.","sameAs":["https:\/\/x.com\/gdgregori1","gquintana"],"url":"https:\/\/noti-america.com\/site\/ecuador\/author\/gquintana\/"}]}},"_links":{"self":[{"href":"https:\/\/noti-america.com\/site\/ecuador\/wp-json\/wp\/v2\/posts\/3279","targetHints":{"allow":["GET"]}}],"collection":[{"href":"https:\/\/noti-america.com\/site\/ecuador\/wp-json\/wp\/v2\/posts"}],"about":[{"href":"https:\/\/noti-america.com\/site\/ecuador\/wp-json\/wp\/v2\/types\/post"}],"author":[{"embeddable":true,"href":"https:\/\/noti-america.com\/site\/ecuador\/wp-json\/wp\/v2\/users\/17"}],"replies":[{"embeddable":true,"href":"https:\/\/noti-america.com\/site\/ecuador\/wp-json\/wp\/v2\/comments?post=3279"}],"version-history":[{"count":1,"href":"https:\/\/noti-america.com\/site\/ecuador\/wp-json\/wp\/v2\/posts\/3279\/revisions"}],"predecessor-version":[{"id":3284,"href":"https:\/\/noti-america.com\/site\/ecuador\/wp-json\/wp\/v2\/posts\/3279\/revisions\/3284"}],"wp:featuredmedia":[{"embeddable":true,"href":"https:\/\/noti-america.com\/site\/ecuador\/wp-json\/wp\/v2\/media\/3283"}],"wp:attachment":[{"href":"https:\/\/noti-america.com\/site\/ecuador\/wp-json\/wp\/v2\/media?parent=3279"}],"wp:term":[{"taxonomy":"category","embeddable":true,"href":"https:\/\/noti-america.com\/site\/ecuador\/wp-json\/wp\/v2\/categories?post=3279"},{"taxonomy":"post_tag","embeddable":true,"href":"https:\/\/noti-america.com\/site\/ecuador\/wp-json\/wp\/v2\/tags?post=3279"}],"curies":[{"name":"wp","href":"https:\/\/api.w.org\/{rel}","templated":true}]}}